{"id":24620,"date":"2024-01-29T15:23:51","date_gmt":"2024-01-29T14:23:51","guid":{"rendered":"https:\/\/www.organisator.ch\/?p=24620"},"modified":"2024-02-14T13:53:34","modified_gmt":"2024-02-14T12:53:34","slug":"wifo-2024-bundesrat-roesti-laesst-mit-akw-aussage-aufhorchen","status":"publish","type":"post","link":"https:\/\/www.organisator.ch\/de\/allgemein\/2024-01-29\/wifo-2024-bundesrat-roesti-laesst-mit-akw-aussage-aufhorchen\/","title":{"rendered":"Wifo 2024: Bundesrat R\u00f6sti l\u00e4sst mit AKW-Aussage aufhorchen"},"content":{"rendered":"<figure id=\"attachment_24621\" aria-describedby=\"caption-attachment-24621\" style=\"width: 680px\" class=\"wp-caption alignnone\"><img loading=\"lazy\" decoding=\"async\" class=\"wp-image-24621 size-full\" src=\"https:\/\/www.organisator.ch\/wp-content\/uploads\/2024\/01\/Wifo_Bild1_ps.jpg\" alt=\"\" width=\"680\" height=\"453\" srcset=\"https:\/\/www.organisator.ch\/wp-content\/uploads\/2024\/01\/Wifo_Bild1_ps.jpg 680w, https:\/\/www.organisator.ch\/wp-content\/uploads\/2024\/01\/Wifo_Bild1_ps-18x12.jpg 18w, https:\/\/www.organisator.ch\/wp-content\/uploads\/2024\/01\/Wifo_Bild1_ps-375x250.jpg 375w, https:\/\/www.organisator.ch\/wp-content\/uploads\/2024\/01\/Wifo_Bild1_ps-525x350.jpg 525w\" sizes=\"auto, (max-width: 680px) 100vw, 680px\" \/><figcaption id=\"caption-attachment-24621\" class=\"wp-caption-text\">Das 29. Rheintaler Wirtschaftsforum widmete sich dem Thema \u00abZukunftstechnologien als Wohlstandstreiber\u00bb. (Bild: www.wifo.ch\/Benno Hagleitner)<\/figcaption><\/figure>\n<p>Das 29. Rheintaler Wirtschaftsforum vom 26. Januar 2024 war mit 750 G\u00e4sten einmal mehr ausgebucht. Im Zentrum standen Referate u.a. zum Thema neue Technologien, Produktionsprozesse, neue Gesch\u00e4ftsmodelle, k\u00fcnstliche Intelligenz, Big Data. Als Referenten traten Benjamin Grewe, Professor f\u00fcr Informationstechnik und Elektrotechnik an der ETH Z\u00fcrich, Urs Gantner, CEO der Werdenberger VAT Group, Monika B\u00fctler, Honorarprofessorin an der HSG, und Bundesrat und Energie- und Kommunikationsminister Albert R\u00f6sti auf &#8211; er traf per E-Auto in der Aegetenhalle in Widnau ein, w\u00e4hrend\u00a0auf der B\u00fchne Slam-Poetin Mo\u00ebt Liechti als \u00dcberraschungsgast das Publikum unterhielt.<\/p>\n<p>Der Bezeichnung \u00abEnergieminister\u00bb wurde Albert R\u00f6sti mehr als gerecht: Die Worte sprudelten nur so aus ihm heraus, von Berner Gem\u00e4chlichkeit keine Spur. Das Skript brauchte er praktisch nicht. Der SVP-Bundesrat warb eindringlich f\u00fcr das Bundesgesetz \u00fcber eine sichere Stromversorgung, das mit erneuerbaren Energien die Schweizer Stromproduktion erh\u00f6hen will und zur Abstimmung kommt. Nur wenn die Stromversorgung gew\u00e4hrleistet sei, k\u00f6nne es Innovationen geben, zum Beispiel im Bereich der k\u00fcnstlichen Intelligenz. Aber f\u00fcr ein Raunen in der Menge sorgte eine Aussage, die man auch als Abkehr vom beschlossenen Atomausstieg verstehen konnte. Denn als er erl\u00e4uterte, dass gerade die Dekarbonisierung auch viel Strom ben\u00f6tige, machte er die Bemerkung:\u00a0\u00abAm Schluss braucht es dann wohl doch beides\u00bb, sagte er &#8211; um sich aber sofort zu korrigieren: \u00abDa hab ich vielleicht etwas zu viel gesagt&#8230;\u00bb R\u00f6sti, der immer wieder die Begriffe Technologieoffenheit bzw. -neutralit\u00e4t betonte, liess jedenfalls offen, was er von der angek\u00fcndigten Initiative h\u00e4lt, die den Bau neuer AKWs wieder erlauben soll.<\/p>\n<figure id=\"attachment_24622\" aria-describedby=\"caption-attachment-24622\" style=\"width: 680px\" class=\"wp-caption alignnone\"><img loading=\"lazy\" decoding=\"async\" class=\"size-full wp-image-24622\" src=\"https:\/\/www.organisator.ch\/wp-content\/uploads\/2024\/01\/Wifo_Albert-Roesti_Bild2_ps.jpg\" alt=\"\" width=\"680\" height=\"454\" srcset=\"https:\/\/www.organisator.ch\/wp-content\/uploads\/2024\/01\/Wifo_Albert-Roesti_Bild2_ps.jpg 680w, https:\/\/www.organisator.ch\/wp-content\/uploads\/2024\/01\/Wifo_Albert-Roesti_Bild2_ps-18x12.jpg 18w, https:\/\/www.organisator.ch\/wp-content\/uploads\/2024\/01\/Wifo_Albert-Roesti_Bild2_ps-375x250.jpg 375w, https:\/\/www.organisator.ch\/wp-content\/uploads\/2024\/01\/Wifo_Albert-Roesti_Bild2_ps-524x350.jpg 524w\" sizes=\"auto, (max-width: 680px) 100vw, 680px\" \/><figcaption id=\"caption-attachment-24622\" class=\"wp-caption-text\">Bundesrat und \u00abEnergieminister\u00bb &#8211; Albert R\u00f6sti. (Bild: www.wifo.ch\/Benno Hagleitner)<\/figcaption><\/figure>\n<h3><strong>Innovation kommt oft aus dem Ausland<\/strong><\/h3>\n<p>Neben der gesamten St.\u2005Galler Regierung, Mitgliedern der Parlamente von Kanton und Bund sassen im Publikum viele Wirtschaftsf\u00fchrerinnen und -f\u00fchrer aus dem Rheintal.<\/p>\n<p>\u00d6konomin Monika B\u00fctler applaudierten sie gern, als diese die Ostschweiz als besonders innovativen Wirtschaftsstandort lobte. B\u00fctler sprach \u00fcber die Notwendigkeit von technologischem Fortschritt f\u00fcr nachhaltiges Wachstum. \u00abEs ist ein Irrglaube, dass arme L\u00e4nder ohne technologischen Fortschritt dem Ziel Netto-Null n\u00e4her sind\u00bb, sagte sie. F\u00fcr das Erreichen der Klimaziele brauche es Fortschritt.<\/p>\n<p>Innovationen k\u00e4men oft von Menschen aus dem Ausland, die das Umfeld in der Schweiz nutzen, sagte sie. Doch brauche es die passenden Rahmenbedingungen. So entst\u00e4nden Innovationen oft in L\u00e4ndern mit tiefen Steuern. Wie Albert R\u00f6sti \u00e4usserte sich auch B\u00fctler zu einer Abstimmungsvorlage. Die 13. AHV-Rente kritisierte sie nach einer Publikumsfrage. Es seien die Jungen, die eine weitere AHV-Rente finanzierten.<\/p>\n<h3><strong>Intelligenz der KI ist noch unter dem Durchschnitt<\/strong><\/h3>\n<p>Spezifischer um das Tagungsthema ging es aber zuvor bei KI-Forscher Benjamin Grewe. Der ETH-Professor gab einen Einblick in die Funktionsweise von k\u00fcnstlicher Intelligenz, verglich sie mit dem menschlichen Gehirn. Grewe sch\u00e4tzte, dass die aktuelle Gratisversion von ChatGPT etwa einen Intelligenzquotienten von 80 hat. Dies entspricht bei Menschen einem unterdurchschnittlichen Wert. Doch wie sehr die k\u00fcnstliche Intelligenz den Menschen beeinflussen wird, entscheidet der Mensch selbst, meint Grewe.\u00a0<\/p>\n<p>Als Stimme aus der Wirtschaft agierte am Freitagabend Urs Gantner. Er ist CEO der VAT-Gruppe mit Hauptsitz in Haag. Das Unternehmen stellt Vakuumventile und Halbleiter her. Gantner betonte die Wichtigkeit von Innovationen f\u00fcr den Erfolg des Unternehmens. \u00abVor 60 Jahren ging es nur um Vorsprung. Innovation ist die Wurzel f\u00fcr VAT.\u00bb Diesem Anspruch wolle man auch weiterhin gerecht werden.<\/p>\n<p>Ebenfalls im Rahmen des Rheintaler Wirtschaftsforums wurde die Firma L\u00fctolf AG aus St. Margrethen mit dem \u00abPreis der Rheintaler Wirtschaft\u00bb 2024 ausgezeichnet, und zwar f\u00fcr eine \u00abvorbildliche Nachfolgeregelung und unternehmerische Initiative\u00bb. Das Familienunternehmen verarbeitet Mais zu innovativen Lebensmitteln, wie etwa die sog. Ribelmais-Chips.<\/p>\n<figure id=\"attachment_24623\" aria-describedby=\"caption-attachment-24623\" style=\"width: 680px\" class=\"wp-caption alignnone\"><img loading=\"lazy\" decoding=\"async\" class=\"size-full wp-image-24623\" src=\"https:\/\/www.organisator.ch\/wp-content\/uploads\/2024\/01\/Wifo_Christian-Luetolf_Bild3_ps.jpg\" alt=\"\" width=\"680\" height=\"453\" srcset=\"https:\/\/www.organisator.ch\/wp-content\/uploads\/2024\/01\/Wifo_Christian-Luetolf_Bild3_ps.jpg 680w, https:\/\/www.organisator.ch\/wp-content\/uploads\/2024\/01\/Wifo_Christian-Luetolf_Bild3_ps-18x12.jpg 18w, https:\/\/www.organisator.ch\/wp-content\/uploads\/2024\/01\/Wifo_Christian-Luetolf_Bild3_ps-375x250.jpg 375w, https:\/\/www.organisator.ch\/wp-content\/uploads\/2024\/01\/Wifo_Christian-Luetolf_Bild3_ps-525x350.jpg 525w\" sizes=\"auto, (max-width: 680px) 100vw, 680px\" \/><figcaption id=\"caption-attachment-24623\" class=\"wp-caption-text\">Christian L\u00fctolf \u00fcbernimmt den \u00abPreis der Rheintaler Wirtschaft\u00bb 2024 f\u00fcr L\u00fctolf AG. (Bild: www.wifo.ch\/Benno Hagleitner)<\/figcaption><\/figure>\n<p><em>Quelle: <a href=\"http:\/\/www.wifo.ch\">www.wifo.ch<\/a><\/em><\/p>\n","protected":false},"excerpt":{"rendered":"<p>Das 29. Rheintaler Wirtschaftsforum, das am Freitag, 26. Januar 2024, vor ausverkauftem Haus \u00fcber die B\u00fchne ging, widmete sich dem Thema \u00abZukunftstechnologien als Wohlstandstreiber\u00bb. <\/p>\n","protected":false},"author":58,"featured_media":24621,"comment_status":"closed","ping_status":"closed","sticky":false,"template":"","format":"standard","meta":{"_acf_changed":false,"_yoast_wpseo_focuskw":"Rheintaler Wirtschaftsforum","_yoast_wpseo_metadesc":"Das 29. Rheintaler Wirtschaftsforum vom 26. Januar 2024 war mit 750 G\u00e4sten einmal mehr ausgebucht.","articlekey":"","footnotes":""},"categories":[1],"tags":[335,2755,3348,2246,2846],"class_list":["post-24620","post","type-post","status-publish","format-standard","has-post-thumbnail","hentry","category-allgemein","tag-management-und-unternehmensfuehrung","tag-operational-excellence","tag-rheintaler-wirtschaftsforum","tag-sustainability","tag-tagungen-und-events"],"acf":[],"yoast_head":"<!-- This site is optimized with the Yoast SEO plugin v27.5 - https:\/\/yoast.com\/product\/yoast-seo-wordpress\/ -->\n<title>Wifo 2024: Bundesrat R\u00f6sti l\u00e4sst mit AKW-Aussage aufhorchen - Organisator<\/title>\n<meta name=\"description\" content=\"Das 29. Rheintaler Wirtschaftsforum vom 26. Januar 2024 war mit 750 G\u00e4sten einmal mehr ausgebucht.\" \/>\n<meta name=\"robots\" content=\"index, follow, max-snippet:-1, max-image-preview:large, max-video-preview:-1\" \/>\n<link rel=\"canonical\" href=\"https:\/\/www.organisator.ch\/de\/allgemein\/2024-01-29\/wifo-2024-bundesrat-roesti-laesst-mit-akw-aussage-aufhorchen\/\" \/>\n<meta property=\"og:locale\" content=\"de_DE\" \/>\n<meta property=\"og:type\" content=\"article\" \/>\n<meta property=\"og:title\" content=\"Wifo 2024: Bundesrat R\u00f6sti l\u00e4sst mit AKW-Aussage aufhorchen\" \/>\n<meta property=\"og:description\" content=\"Das 29. Rheintaler Wirtschaftsforum vom 26. Januar 2024 war mit 750 G\u00e4sten einmal mehr ausgebucht.\" \/>\n<meta property=\"og:url\" content=\"https:\/\/www.organisator.ch\/de\/allgemein\/2024-01-29\/wifo-2024-bundesrat-roesti-laesst-mit-akw-aussage-aufhorchen\/\" \/>\n<meta property=\"og:site_name\" content=\"Organisator\" \/>\n<meta property=\"article:publisher\" content=\"https:\/\/www.facebook.com\/OrganisatorFachmagazin\" \/>\n<meta property=\"article:published_time\" content=\"2024-01-29T14:23:51+00:00\" \/>\n<meta property=\"article:modified_time\" content=\"2024-02-14T12:53:34+00:00\" \/>\n<meta property=\"og:image\" content=\"https:\/\/www.organisator.ch\/wp-content\/uploads\/2024\/01\/Wifo_Bild1_ps.jpg\" \/>\n\t<meta property=\"og:image:width\" content=\"680\" \/>\n\t<meta property=\"og:image:height\" content=\"453\" \/>\n\t<meta property=\"og:image:type\" content=\"image\/jpeg\" \/>\n<meta name=\"author\" content=\"Adelisa Kalajdzini\" \/>\n<meta name=\"twitter:card\" content=\"summary_large_image\" \/>\n<meta name=\"twitter:title\" content=\"Wifo 2024: Bundesrat R\u00f6sti l\u00e4sst mit AKW-Aussage aufhorchen\" \/>\n<meta name=\"twitter:description\" content=\"Das #29. Rheintaler #Wirtschaftsforum vom 26. Januar #2024 war mit 750 G\u00e4sten einmal mehr #ausgebucht.\" \/>\n<meta name=\"twitter:image\" content=\"https:\/\/www.organisator.ch\/wp-content\/uploads\/2024\/01\/Wifo_Bild1_ps.jpg\" \/>\n<script type=\"application\/ld+json\" class=\"yoast-schema-graph\">{\"@context\":\"https:\\\/\\\/schema.org\",\"@graph\":[{\"@type\":\"Article\",\"@id\":\"https:\\\/\\\/www.organisator.ch\\\/allgemein\\\/2024-01-29\\\/wifo-2024-bundesrat-roesti-laesst-mit-akw-aussage-aufhorchen\\\/#article\",\"isPartOf\":{\"@id\":\"https:\\\/\\\/www.organisator.ch\\\/allgemein\\\/2024-01-29\\\/wifo-2024-bundesrat-roesti-laesst-mit-akw-aussage-aufhorchen\\\/\"},\"author\":{\"name\":\"Adelisa Kalajdzini\",\"@id\":\"https:\\\/\\\/www.organisator.ch\\\/#\\\/schema\\\/person\\\/2e1314a2172123f874db408d8911d3f3\"},\"headline\":\"Wifo 2024: Bundesrat R\u00f6sti l\u00e4sst mit AKW-Aussage aufhorchen\",\"datePublished\":\"2024-01-29T14:23:51+00:00\",\"dateModified\":\"2024-02-14T12:53:34+00:00\",\"mainEntityOfPage\":{\"@id\":\"https:\\\/\\\/www.organisator.ch\\\/allgemein\\\/2024-01-29\\\/wifo-2024-bundesrat-roesti-laesst-mit-akw-aussage-aufhorchen\\\/\"},\"wordCount\":683,\"publisher\":{\"@id\":\"https:\\\/\\\/www.organisator.ch\\\/#organization\"},\"image\":{\"@id\":\"https:\\\/\\\/www.organisator.ch\\\/allgemein\\\/2024-01-29\\\/wifo-2024-bundesrat-roesti-laesst-mit-akw-aussage-aufhorchen\\\/#primaryimage\"},\"thumbnailUrl\":\"https:\\\/\\\/www.organisator.ch\\\/wp-content\\\/uploads\\\/2024\\\/01\\\/Wifo_Bild1_ps.jpg\",\"keywords\":[\"Management und Unternehmensf\u00fchrung\",\"OPERATIONAL EXCELLENCE\",\"Rheintaler Wirtschaftsforum\",\"Sustainability\",\"Tagungen und Events\"],\"inLanguage\":\"de\"},{\"@type\":\"WebPage\",\"@id\":\"https:\\\/\\\/www.organisator.ch\\\/allgemein\\\/2024-01-29\\\/wifo-2024-bundesrat-roesti-laesst-mit-akw-aussage-aufhorchen\\\/\",\"url\":\"https:\\\/\\\/www.organisator.ch\\\/allgemein\\\/2024-01-29\\\/wifo-2024-bundesrat-roesti-laesst-mit-akw-aussage-aufhorchen\\\/\",\"name\":\"Wifo 2024: Bundesrat R\u00f6sti l\u00e4sst mit AKW-Aussage aufhorchen - Organisator\",\"isPartOf\":{\"@id\":\"https:\\\/\\\/www.organisator.ch\\\/#website\"},\"primaryImageOfPage\":{\"@id\":\"https:\\\/\\\/www.organisator.ch\\\/allgemein\\\/2024-01-29\\\/wifo-2024-bundesrat-roesti-laesst-mit-akw-aussage-aufhorchen\\\/#primaryimage\"},\"image\":{\"@id\":\"https:\\\/\\\/www.organisator.ch\\\/allgemein\\\/2024-01-29\\\/wifo-2024-bundesrat-roesti-laesst-mit-akw-aussage-aufhorchen\\\/#primaryimage\"},\"thumbnailUrl\":\"https:\\\/\\\/www.organisator.ch\\\/wp-content\\\/uploads\\\/2024\\\/01\\\/Wifo_Bild1_ps.jpg\",\"datePublished\":\"2024-01-29T14:23:51+00:00\",\"dateModified\":\"2024-02-14T12:53:34+00:00\",\"description\":\"Das 29. Rheintaler Wirtschaftsforum vom 26. Januar 2024 war mit 750 G\u00e4sten einmal mehr ausgebucht.\",\"breadcrumb\":{\"@id\":\"https:\\\/\\\/www.organisator.ch\\\/allgemein\\\/2024-01-29\\\/wifo-2024-bundesrat-roesti-laesst-mit-akw-aussage-aufhorchen\\\/#breadcrumb\"},\"inLanguage\":\"de\",\"potentialAction\":[{\"@type\":\"ReadAction\",\"target\":[\"https:\\\/\\\/www.organisator.ch\\\/allgemein\\\/2024-01-29\\\/wifo-2024-bundesrat-roesti-laesst-mit-akw-aussage-aufhorchen\\\/\"]}]},{\"@type\":\"ImageObject\",\"inLanguage\":\"de\",\"@id\":\"https:\\\/\\\/www.organisator.ch\\\/allgemein\\\/2024-01-29\\\/wifo-2024-bundesrat-roesti-laesst-mit-akw-aussage-aufhorchen\\\/#primaryimage\",\"url\":\"https:\\\/\\\/www.organisator.ch\\\/wp-content\\\/uploads\\\/2024\\\/01\\\/Wifo_Bild1_ps.jpg\",\"contentUrl\":\"https:\\\/\\\/www.organisator.ch\\\/wp-content\\\/uploads\\\/2024\\\/01\\\/Wifo_Bild1_ps.jpg\",\"width\":680,\"height\":453,\"caption\":\"Das 29. Rheintaler Wirtschaftsforum widmete sich dem Thema \u00abZukunftstechnologien als Wohlstandstreiber\u00bb. (Bild: www.wifo.ch)\"},{\"@type\":\"BreadcrumbList\",\"@id\":\"https:\\\/\\\/www.organisator.ch\\\/allgemein\\\/2024-01-29\\\/wifo-2024-bundesrat-roesti-laesst-mit-akw-aussage-aufhorchen\\\/#breadcrumb\",\"itemListElement\":[{\"@type\":\"ListItem\",\"position\":1,\"name\":\"Home\",\"item\":\"https:\\\/\\\/www.organisator.ch\\\/\"},{\"@type\":\"ListItem\",\"position\":2,\"name\":\"Wifo 2024: Bundesrat R\u00f6sti l\u00e4sst mit AKW-Aussage aufhorchen\"}]},{\"@type\":\"WebSite\",\"@id\":\"https:\\\/\\\/www.organisator.ch\\\/#website\",\"url\":\"https:\\\/\\\/www.organisator.ch\\\/\",\"name\":\"Organisator\",\"description\":\"Kompetent. Praxisnah. Der ORGANISATOR bereitet in 10 Ausgaben pro Jahr die wesentlichen Themen f\u00fcr F\u00fchrungskr\u00e4fte von KMU auf.\",\"publisher\":{\"@id\":\"https:\\\/\\\/www.organisator.ch\\\/#organization\"},\"potentialAction\":[{\"@type\":\"SearchAction\",\"target\":{\"@type\":\"EntryPoint\",\"urlTemplate\":\"https:\\\/\\\/www.organisator.ch\\\/?s={search_term_string}\"},\"query-input\":{\"@type\":\"PropertyValueSpecification\",\"valueRequired\":true,\"valueName\":\"search_term_string\"}}],\"inLanguage\":\"de\"},{\"@type\":\"Organization\",\"@id\":\"https:\\\/\\\/www.organisator.ch\\\/#organization\",\"name\":\"Organisator\",\"url\":\"https:\\\/\\\/www.organisator.ch\\\/\",\"logo\":{\"@type\":\"ImageObject\",\"inLanguage\":\"de\",\"@id\":\"https:\\\/\\\/www.organisator.ch\\\/#\\\/schema\\\/logo\\\/image\\\/\",\"url\":\"https:\\\/\\\/www.organisator.ch\\\/wp-content\\\/uploads\\\/2022\\\/01\\\/Logo_Organisator_Website.png\",\"contentUrl\":\"https:\\\/\\\/www.organisator.ch\\\/wp-content\\\/uploads\\\/2022\\\/01\\\/Logo_Organisator_Website.png\",\"width\":800,\"height\":77,\"caption\":\"Organisator\"},\"image\":{\"@id\":\"https:\\\/\\\/www.organisator.ch\\\/#\\\/schema\\\/logo\\\/image\\\/\"},\"sameAs\":[\"https:\\\/\\\/www.facebook.com\\\/OrganisatorFachmagazin\",\"https:\\\/\\\/www.linkedin.com\\\/showcase\\\/organisator-das-magazin-fr-kmu\",\"https:\\\/\\\/www.xing.com\\\/news\\\/pages\\\/organisator-ch-695\",\"https:\\\/\\\/www.youtube.com\\\/channel\\\/UCGP2Sq0iWaZwT3BdIAQFYpw\"]},{\"@type\":\"Person\",\"@id\":\"https:\\\/\\\/www.organisator.ch\\\/#\\\/schema\\\/person\\\/2e1314a2172123f874db408d8911d3f3\",\"name\":\"Adelisa Kalajdzini\",\"image\":{\"@type\":\"ImageObject\",\"inLanguage\":\"de\",\"@id\":\"https:\\\/\\\/secure.gravatar.com\\\/avatar\\\/09a397c22ac58cad6f160ee8306348599df9df58a8ede73696226897b9fa4b24?s=96&d=mm&r=g\",\"url\":\"https:\\\/\\\/secure.gravatar.com\\\/avatar\\\/09a397c22ac58cad6f160ee8306348599df9df58a8ede73696226897b9fa4b24?s=96&d=mm&r=g\",\"contentUrl\":\"https:\\\/\\\/secure.gravatar.com\\\/avatar\\\/09a397c22ac58cad6f160ee8306348599df9df58a8ede73696226897b9fa4b24?s=96&d=mm&r=g\",\"caption\":\"Adelisa Kalajdzini\"},\"url\":\"https:\\\/\\\/www.organisator.ch\\\/de\\\/author\\\/adelisa-kalajdzini\\\/\"}]}<\/script>\n<!-- \/ Yoast SEO plugin. -->","yoast_head_json":{"title":"Wifo 2024: Bundesrat R\u00f6sti l\u00e4sst mit AKW-Aussage aufhorchen - Organisator","description":"Das 29. Rheintaler Wirtschaftsforum vom 26. Januar 2024 war mit 750 G\u00e4sten einmal mehr ausgebucht.","robots":{"index":"index","follow":"follow","max-snippet":"max-snippet:-1","max-image-preview":"max-image-preview:large","max-video-preview":"max-video-preview:-1"},"canonical":"https:\/\/www.organisator.ch\/de\/allgemein\/2024-01-29\/wifo-2024-bundesrat-roesti-laesst-mit-akw-aussage-aufhorchen\/","og_locale":"de_DE","og_type":"article","og_title":"Wifo 2024: Bundesrat R\u00f6sti l\u00e4sst mit AKW-Aussage aufhorchen","og_description":"Das 29. Rheintaler Wirtschaftsforum vom 26. Januar 2024 war mit 750 G\u00e4sten einmal mehr ausgebucht.","og_url":"https:\/\/www.organisator.ch\/de\/allgemein\/2024-01-29\/wifo-2024-bundesrat-roesti-laesst-mit-akw-aussage-aufhorchen\/","og_site_name":"Organisator","article_publisher":"https:\/\/www.facebook.com\/OrganisatorFachmagazin","article_published_time":"2024-01-29T14:23:51+00:00","article_modified_time":"2024-02-14T12:53:34+00:00","og_image":[{"width":680,"height":453,"url":"https:\/\/www.organisator.ch\/wp-content\/uploads\/2024\/01\/Wifo_Bild1_ps.jpg","type":"image\/jpeg"}],"author":"Adelisa Kalajdzini","twitter_card":"summary_large_image","twitter_title":"Wifo 2024: Bundesrat R\u00f6sti l\u00e4sst mit AKW-Aussage aufhorchen","twitter_description":"Das #29. Rheintaler #Wirtschaftsforum vom 26. Januar #2024 war mit 750 G\u00e4sten einmal mehr #ausgebucht.","twitter_image":"https:\/\/www.organisator.ch\/wp-content\/uploads\/2024\/01\/Wifo_Bild1_ps.jpg","schema":{"@context":"https:\/\/schema.org","@graph":[{"@type":"Article","@id":"https:\/\/www.organisator.ch\/allgemein\/2024-01-29\/wifo-2024-bundesrat-roesti-laesst-mit-akw-aussage-aufhorchen\/#article","isPartOf":{"@id":"https:\/\/www.organisator.ch\/allgemein\/2024-01-29\/wifo-2024-bundesrat-roesti-laesst-mit-akw-aussage-aufhorchen\/"},"author":{"name":"Adelisa Kalajdzini","@id":"https:\/\/www.organisator.ch\/#\/schema\/person\/2e1314a2172123f874db408d8911d3f3"},"headline":"Wifo 2024: Bundesrat R\u00f6sti l\u00e4sst mit AKW-Aussage aufhorchen","datePublished":"2024-01-29T14:23:51+00:00","dateModified":"2024-02-14T12:53:34+00:00","mainEntityOfPage":{"@id":"https:\/\/www.organisator.ch\/allgemein\/2024-01-29\/wifo-2024-bundesrat-roesti-laesst-mit-akw-aussage-aufhorchen\/"},"wordCount":683,"publisher":{"@id":"https:\/\/www.organisator.ch\/#organization"},"image":{"@id":"https:\/\/www.organisator.ch\/allgemein\/2024-01-29\/wifo-2024-bundesrat-roesti-laesst-mit-akw-aussage-aufhorchen\/#primaryimage"},"thumbnailUrl":"https:\/\/www.organisator.ch\/wp-content\/uploads\/2024\/01\/Wifo_Bild1_ps.jpg","keywords":["Management und Unternehmensf\u00fchrung","OPERATIONAL EXCELLENCE","Rheintaler Wirtschaftsforum","Sustainability","Tagungen und Events"],"inLanguage":"de"},{"@type":"WebPage","@id":"https:\/\/www.organisator.ch\/allgemein\/2024-01-29\/wifo-2024-bundesrat-roesti-laesst-mit-akw-aussage-aufhorchen\/","url":"https:\/\/www.organisator.ch\/allgemein\/2024-01-29\/wifo-2024-bundesrat-roesti-laesst-mit-akw-aussage-aufhorchen\/","name":"Wifo 2024: Bundesrat R\u00f6sti l\u00e4sst mit AKW-Aussage aufhorchen - Organisator","isPartOf":{"@id":"https:\/\/www.organisator.ch\/#website"},"primaryImageOfPage":{"@id":"https:\/\/www.organisator.ch\/allgemein\/2024-01-29\/wifo-2024-bundesrat-roesti-laesst-mit-akw-aussage-aufhorchen\/#primaryimage"},"image":{"@id":"https:\/\/www.organisator.ch\/allgemein\/2024-01-29\/wifo-2024-bundesrat-roesti-laesst-mit-akw-aussage-aufhorchen\/#primaryimage"},"thumbnailUrl":"https:\/\/www.organisator.ch\/wp-content\/uploads\/2024\/01\/Wifo_Bild1_ps.jpg","datePublished":"2024-01-29T14:23:51+00:00","dateModified":"2024-02-14T12:53:34+00:00","description":"Das 29. Rheintaler Wirtschaftsforum vom 26. Januar 2024 war mit 750 G\u00e4sten einmal mehr ausgebucht.","breadcrumb":{"@id":"https:\/\/www.organisator.ch\/allgemein\/2024-01-29\/wifo-2024-bundesrat-roesti-laesst-mit-akw-aussage-aufhorchen\/#breadcrumb"},"inLanguage":"de","potentialAction":[{"@type":"ReadAction","target":["https:\/\/www.organisator.ch\/allgemein\/2024-01-29\/wifo-2024-bundesrat-roesti-laesst-mit-akw-aussage-aufhorchen\/"]}]},{"@type":"ImageObject","inLanguage":"de","@id":"https:\/\/www.organisator.ch\/allgemein\/2024-01-29\/wifo-2024-bundesrat-roesti-laesst-mit-akw-aussage-aufhorchen\/#primaryimage","url":"https:\/\/www.organisator.ch\/wp-content\/uploads\/2024\/01\/Wifo_Bild1_ps.jpg","contentUrl":"https:\/\/www.organisator.ch\/wp-content\/uploads\/2024\/01\/Wifo_Bild1_ps.jpg","width":680,"height":453,"caption":"Das 29. Rheintaler Wirtschaftsforum widmete sich dem Thema \u00abZukunftstechnologien als Wohlstandstreiber\u00bb. (Bild: www.wifo.ch)"},{"@type":"BreadcrumbList","@id":"https:\/\/www.organisator.ch\/allgemein\/2024-01-29\/wifo-2024-bundesrat-roesti-laesst-mit-akw-aussage-aufhorchen\/#breadcrumb","itemListElement":[{"@type":"ListItem","position":1,"name":"Home","item":"https:\/\/www.organisator.ch\/"},{"@type":"ListItem","position":2,"name":"Wifo 2024: Bundesrat R\u00f6sti l\u00e4sst mit AKW-Aussage aufhorchen"}]},{"@type":"WebSite","@id":"https:\/\/www.organisator.ch\/#website","url":"https:\/\/www.organisator.ch\/","name":"Organisator","description":"Kompetent. Praxisnah. Der ORGANISATOR bereitet in 10 Ausgaben pro Jahr die wesentlichen Themen f\u00fcr F\u00fchrungskr\u00e4fte von KMU auf.","publisher":{"@id":"https:\/\/www.organisator.ch\/#organization"},"potentialAction":[{"@type":"SearchAction","target":{"@type":"EntryPoint","urlTemplate":"https:\/\/www.organisator.ch\/?s={search_term_string}"},"query-input":{"@type":"PropertyValueSpecification","valueRequired":true,"valueName":"search_term_string"}}],"inLanguage":"de"},{"@type":"Organization","@id":"https:\/\/www.organisator.ch\/#organization","name":"Organisator","url":"https:\/\/www.organisator.ch\/","logo":{"@type":"ImageObject","inLanguage":"de","@id":"https:\/\/www.organisator.ch\/#\/schema\/logo\/image\/","url":"https:\/\/www.organisator.ch\/wp-content\/uploads\/2022\/01\/Logo_Organisator_Website.png","contentUrl":"https:\/\/www.organisator.ch\/wp-content\/uploads\/2022\/01\/Logo_Organisator_Website.png","width":800,"height":77,"caption":"Organisator"},"image":{"@id":"https:\/\/www.organisator.ch\/#\/schema\/logo\/image\/"},"sameAs":["https:\/\/www.facebook.com\/OrganisatorFachmagazin","https:\/\/www.linkedin.com\/showcase\/organisator-das-magazin-fr-kmu","https:\/\/www.xing.com\/news\/pages\/organisator-ch-695","https:\/\/www.youtube.com\/channel\/UCGP2Sq0iWaZwT3BdIAQFYpw"]},{"@type":"Person","@id":"https:\/\/www.organisator.ch\/#\/schema\/person\/2e1314a2172123f874db408d8911d3f3","name":"Adelisa Kalajdzini","image":{"@type":"ImageObject","inLanguage":"de","@id":"https:\/\/secure.gravatar.com\/avatar\/09a397c22ac58cad6f160ee8306348599df9df58a8ede73696226897b9fa4b24?s=96&d=mm&r=g","url":"https:\/\/secure.gravatar.com\/avatar\/09a397c22ac58cad6f160ee8306348599df9df58a8ede73696226897b9fa4b24?s=96&d=mm&r=g","contentUrl":"https:\/\/secure.gravatar.com\/avatar\/09a397c22ac58cad6f160ee8306348599df9df58a8ede73696226897b9fa4b24?s=96&d=mm&r=g","caption":"Adelisa Kalajdzini"},"url":"https:\/\/www.organisator.ch\/de\/author\/adelisa-kalajdzini\/"}]}},"_links":{"self":[{"href":"https:\/\/www.organisator.ch\/de\/wp-json\/wp\/v2\/posts\/24620","targetHints":{"allow":["GET"]}}],"collection":[{"href":"https:\/\/www.organisator.ch\/de\/wp-json\/wp\/v2\/posts"}],"about":[{"href":"https:\/\/www.organisator.ch\/de\/wp-json\/wp\/v2\/types\/post"}],"author":[{"embeddable":true,"href":"https:\/\/www.organisator.ch\/de\/wp-json\/wp\/v2\/users\/58"}],"replies":[{"embeddable":true,"href":"https:\/\/www.organisator.ch\/de\/wp-json\/wp\/v2\/comments?post=24620"}],"version-history":[{"count":12,"href":"https:\/\/www.organisator.ch\/de\/wp-json\/wp\/v2\/posts\/24620\/revisions"}],"predecessor-version":[{"id":25021,"href":"https:\/\/www.organisator.ch\/de\/wp-json\/wp\/v2\/posts\/24620\/revisions\/25021"}],"wp:featuredmedia":[{"embeddable":true,"href":"https:\/\/www.organisator.ch\/de\/wp-json\/wp\/v2\/media\/24621"}],"wp:attachment":[{"href":"https:\/\/www.organisator.ch\/de\/wp-json\/wp\/v2\/media?parent=24620"}],"wp:term":[{"taxonomy":"category","embeddable":true,"href":"https:\/\/www.organisator.ch\/de\/wp-json\/wp\/v2\/categories?post=24620"},{"taxonomy":"post_tag","embeddable":true,"href":"https:\/\/www.organisator.ch\/de\/wp-json\/wp\/v2\/tags?post=24620"}],"curies":[{"name":"wp","href":"https:\/\/api.w.org\/{rel}","templated":true}]}}