{"id":24694,"date":"2024-01-31T14:21:30","date_gmt":"2024-01-31T13:21:30","guid":{"rendered":"https:\/\/www.organisator.ch\/?p=24694"},"modified":"2024-01-31T14:21:30","modified_gmt":"2024-01-31T13:21:30","slug":"lyreco-unboxed-der-groesste-b2b-nachhaltigkeits-kongress-der-schweiz","status":"publish","type":"post","link":"https:\/\/www.organisator.ch\/de\/sustainability\/2024-01-31\/lyreco-unboxed-der-groesste-b2b-nachhaltigkeits-kongress-der-schweiz\/","title":{"rendered":"Lyreco unboxed: Der gr\u00f6sste B2B Nachhaltigkeits-Kongress der Schweiz"},"content":{"rendered":"<figure id=\"attachment_24695\" aria-describedby=\"caption-attachment-24695\" style=\"width: 680px\" class=\"wp-caption alignnone\"><img loading=\"lazy\" decoding=\"async\" class=\"size-full wp-image-24695\" src=\"https:\/\/www.organisator.ch\/wp-content\/uploads\/2024\/01\/Eroeffnungspanel-unboxed_low_Bild1_ps.jpg\" alt=\"\" width=\"680\" height=\"453\" srcset=\"https:\/\/www.organisator.ch\/wp-content\/uploads\/2024\/01\/Eroeffnungspanel-unboxed_low_Bild1_ps.jpg 680w, https:\/\/www.organisator.ch\/wp-content\/uploads\/2024\/01\/Eroeffnungspanel-unboxed_low_Bild1_ps-18x12.jpg 18w, https:\/\/www.organisator.ch\/wp-content\/uploads\/2024\/01\/Eroeffnungspanel-unboxed_low_Bild1_ps-375x250.jpg 375w, https:\/\/www.organisator.ch\/wp-content\/uploads\/2024\/01\/Eroeffnungspanel-unboxed_low_Bild1_ps-525x350.jpg 525w\" sizes=\"auto, (max-width: 680px) 100vw, 680px\" \/><figcaption id=\"caption-attachment-24695\" class=\"wp-caption-text\">Am 25. Januar 2024 fand der Kundenanlass von Lyreco Switzerland AG mit dem Motto \u00aboffen und ehrlich ausgepackt\u00bb in der Umweltarena Schweiz in Spreitenbach statt. (Bild: www.lyreco.ch)<\/figcaption><\/figure>\n<p>Lyreco Switzerland hat es geschafft, beim Thema Nachhaltigkeit in den letzten Jahren immer wieder einen Schritt voraus zu sein. So auch mit dem Kundenanlass am 25. Januar 2024 in der Umweltarena Schweiz in Spreitenbach. Dabei durften \u00fcber 1000 G\u00e4ste aus Wirtschaft, Wissenschaft und Politik unter dem Motto: \u00aboffen und ehrlich ausgepackt\u00bb erfahren, warum scheitern so wichtig ist, um Lieferketten nachhaltiger zu gestalten.<\/p>\n<p>Wie entsteht aus \u00abOne Way\u00bb echte Kreislaufwirtschaft, welche Technologien machen Lieferketten effizienter und nachhaltiger, und welche Massnahmen helfen, fundierte Kaufentscheidungen zu treffen? Dazu hat Lyreco \u00fcber 30 Expert:innen auf die B\u00fchne gebracht, die wirklich etwas zu sagen haben. Von der Wissenschaft zur unternehmerischen Praxis, vom Konzern zum Start-Up und der Klimaseniorin bis zur j\u00fcngsten Generation, egal ob Session, Panel oder Ausstellung. Lyreco unboxed ist ein wiederkehrendes Format, das \u00fcber alle Gef\u00e4sse das Thema Nachhaltigkeit authentisch, unverbl\u00fcmt offen anspricht und entlang der gesamten Lieferkette auspackt.<\/p>\n<h3><strong>Wieso ein Nachhaltigkeitsanlass dieser Gr\u00f6ssenordnung?<\/strong><\/h3>\n<p>\u00abLyreco engagiert sich schon seit langer Zeit im Bereich der Nachhaltigkeit\u00bb, so Thomas Illi, Managing Director der Lyreco Switzerland AG, \u00abnicht zuletzt mit der Verpflichtung zur Science Based Target Initiative, einer nachhaltigen Auslieferung und der konsequenten Umsetzung einer umweltfreundlichen Produktstrategie stehen wir bereits vorbildlich f\u00fcr eine netto-null Zukunft ein\u00bb. Nun schl\u00e4gt der f\u00fchrende Dienstleister mit \u00abLyreco unboxed\u00bb eine einzigartige und ehrliche Br\u00fccke von der Mission \u00abWir sind Pioniere und liefern nachhaltig alles, was ein Arbeitsplatz braucht, damit sich unsere Kunden auf das Wesentliche konzentrieren k\u00f6nnen.\u00bb zum Kunden. \u00abWir m\u00f6chten unsere Kunden, Partner und Mitarbeitende inspirieren und motivieren, nicht mit dem Zeigefinger, sondern mit jeder Menge Wissen und Spass!\u00bb, betont Thomas Illi weiter.<\/p>\n<h3><strong>Wie wird ein Nachhaltigkeitsanlass umgesetzt?<\/strong><\/h3>\n<p>Lyreco richtet ihre Massnahmen konsequent an ihrer Vision aus, daher wurde der diesj\u00e4hrige Kundenanlass so reduziert wie m\u00f6glich umgesetzt. \u00abEine erste Analyse des CO<sub>2<\/sub>-Ausstosses des Unboxed Events hat ergeben, dass rund 90 % der Emissionen in den Bereichen Mobilit\u00e4t und Catering entstehen\u00bb, erkl\u00e4rt Tina Kempf, \u00abWir verzichten daher wo immer m\u00f6glich auf Transporte und setzen beim Cateringkonzept auf vegetarische, saisonale und regionale Beschaffung, vorzugsweise aus biologischem Anbau\u00bb. Doch das ist nicht alles. Mit der Durchf\u00fchrung einer Veranstaltung im Bereich Nachhaltigkeit setzt sich Lyreco folgende Ziele:<\/p>\n<ol>\n<li>Wo immer m\u00f6glich Verzicht auf Transporte oder Einsatz von Sammeltransporten, kurze Logistikwege und Einsatz von Elektrofahrzeugen.<\/li>\n<li>Mitarbeitende reisen mit den \u00f6ffentlichen Verkehrsmitteln an die Veranstaltung.<\/li>\n<li>Das Cateringkonzept ist vegetarisch, basiert auf regionaler Beschaffung und biologischem Anbau. Zudem wird ein Beschaffungsradius von 40km eingesetzt.<\/li>\n<li>Verzicht auf Printerzeugnisse in hohen Auflagen, Einsatz von elektronischen Kommunikationswegen.<\/li>\n<li>Location wurde in Bezug auf Nachhaltigkeitskriterien gew\u00e4hlt, sodass der Strom aus umweltschonend produzierter Energie (Wasserkraft, Biogas, Solaranlagen) aus der Region Z\u00fcrich\/Aargau bezogen wird.<\/li>\n<li>Die Ausstellung und das Eventmobiliar sind zu 100 % Mehrweg, so wird das Mobiliar konsequent gemietet und f\u00fcr die Ausstellung beispielsweise Lyreco Mehrwegboxen eingesetzt, die danach als Eventboxen wieder in den Umlauf zur Auslieferung der Kundenbestellungen gehen.<\/li>\n<li>Unvermeidbar entstehende Abf\u00e4lle werden sorgf\u00e4ltig getrennt und fachgerecht entsorgt oder zur Wiederaufbereitung weitergegeben.<\/li>\n<li>Motivation der Teilnehmenden zur aktiven Beitragsleistung mit der Bitte um Anreise mit den \u00f6ffentlichen Verkehrsmitteln.<\/li>\n<\/ol>\n<p>Dass bei einem Anlass mit rund 1000 G\u00e4sten der CO<sub>2<\/sub>-Ausstoss nicht g\u00e4nzlich vermieden werden kann, ist Lyreco bewusst: \u00abUnvermeidbare Emissionen werden bilanziert und durch eine finanzielle Unterst\u00fctzung \u00fcber ein Corporate Volunteering beim Schweizer Bergwaldprojekt investiert\u00bb, so Tina Kempf.<\/p>\n<p>Nachhaltigkeit ist ein Wandel, der weder trivial noch schwarz-weiss ist, weshalb es Lieferketten Transparenz und Zusammenschl\u00fcsse braucht. Dies bietet der Anbieter von Arbeitsplatzl\u00f6sungen mit dem neuen Format \u00abLyreco unboxed: offen und ehrlich ausgepackt\u00bb und beweist mit seinem Engagement, mit Verantwortung, Innovation und Pioniergeist voranzuschreiten.<\/p>\n<p>Der j\u00e4hrlich durch Lyreco Switzerland organisierte Kundenanlass dient als Networking-Plattform und gilt aus Tradition als Symbol des Dankes f\u00fcr die erfolgreiche Zusammenarbeit. Von nun an, sollen Emissionen im Rahmen der Science Based Target initiative auch f\u00fcr Veranstaltungen Jahr f\u00fcr Jahr reduziert werden. Dazu dient ein auf Basis dieser Veranstaltung erschaffener Event-Guide.<\/p>\n<p><em>Quelle: <a href=\"http:\/\/www.lyreco.ch\">www.lyreco.ch<\/a><\/em><\/p>\n","protected":false},"excerpt":{"rendered":"<p>Mit dem Motto \u00aboffen und ehrlich ausgepackt\u00bb realisiert Lyreco Switzerland AG ihren Kundenanlass zum ersten Mal im neuen Format und setzt somit neue Massst\u00e4be.<\/p>\n","protected":false},"author":58,"featured_media":24695,"comment_status":"closed","ping_status":"closed","sticky":false,"template":"","format":"standard","meta":{"_acf_changed":false,"_yoast_wpseo_focuskw":"Nachhaltigkeits-Kongress","_yoast_wpseo_metadesc":"Mit dem Motto \u00aboffen und ehrlich ausgepackt\u00bb realisiert Lyreco Switzerland AG ihren Kundenanlass zum ersten Mal im neuen Format.","articlekey":"","footnotes":""},"categories":[580],"tags":[67,1555,1787,424,492],"class_list":["post-24694","post","type-post","status-publish","format-standard","has-post-thumbnail","hentry","category-sustainability","tag-b2b","tag-kongress","tag-nachhaltigkeit","tag-schweiz","tag-unternehmen"],"acf":[],"yoast_head":"<!-- This site is optimized with the Yoast SEO plugin v27.4 - https:\/\/yoast.com\/product\/yoast-seo-wordpress\/ -->\n<title>Lyreco unboxed: Der gr\u00f6sste B2B Nachhaltigkeits-Kongress der Schweiz - Organisator<\/title>\n<meta name=\"description\" content=\"Mit dem Motto \u00aboffen und ehrlich ausgepackt\u00bb realisiert Lyreco Switzerland AG ihren Kundenanlass zum ersten Mal im neuen Format.\" \/>\n<meta name=\"robots\" content=\"index, follow, max-snippet:-1, max-image-preview:large, max-video-preview:-1\" \/>\n<link rel=\"canonical\" href=\"https:\/\/www.organisator.ch\/de\/sustainability\/2024-01-31\/lyreco-unboxed-der-groesste-b2b-nachhaltigkeits-kongress-der-schweiz\/\" \/>\n<meta property=\"og:locale\" content=\"de_DE\" \/>\n<meta property=\"og:type\" content=\"article\" \/>\n<meta property=\"og:title\" content=\"Lyreco unboxed: Der gr\u00f6sste B2B Nachhaltigkeits-Kongress der Schweiz\" \/>\n<meta property=\"og:description\" content=\"Mit dem Motto \u00aboffen und ehrlich ausgepackt\u00bb realisiert Lyreco Switzerland AG ihren Kundenanlass zum ersten Mal im neuen Format.\" \/>\n<meta property=\"og:url\" content=\"https:\/\/www.organisator.ch\/de\/sustainability\/2024-01-31\/lyreco-unboxed-der-groesste-b2b-nachhaltigkeits-kongress-der-schweiz\/\" \/>\n<meta property=\"og:site_name\" content=\"Organisator\" \/>\n<meta property=\"article:publisher\" content=\"https:\/\/www.facebook.com\/OrganisatorFachmagazin\" \/>\n<meta property=\"article:published_time\" content=\"2024-01-31T13:21:30+00:00\" \/>\n<meta property=\"og:image\" content=\"https:\/\/www.organisator.ch\/wp-content\/uploads\/2024\/01\/Eroeffnungspanel-unboxed_low_Bild1_ps.jpg\" \/>\n\t<meta property=\"og:image:width\" content=\"680\" \/>\n\t<meta property=\"og:image:height\" content=\"453\" \/>\n\t<meta property=\"og:image:type\" content=\"image\/jpeg\" \/>\n<meta name=\"author\" content=\"Adelisa Kalajdzini\" \/>\n<meta name=\"twitter:card\" content=\"summary_large_image\" \/>\n<meta name=\"twitter:title\" content=\"Lyreco unboxed: Der gr\u00f6sste B2B Nachhaltigkeits-Kongress der Schweiz\" \/>\n<meta name=\"twitter:description\" content=\"Mit dem #Motto #\u00aboffen und ehrlich ausgepackt\u00bb realisiert #Lyreco Switzerland AG ihren #Kundenanlass zum ersten Mal im neuen Format.\" \/>\n<meta name=\"twitter:image\" content=\"https:\/\/www.organisator.ch\/wp-content\/uploads\/2024\/01\/Eroeffnungspanel-unboxed_low_Bild1_ps.jpg\" \/>\n<script type=\"application\/ld+json\" class=\"yoast-schema-graph\">{\"@context\":\"https:\\\/\\\/schema.org\",\"@graph\":[{\"@type\":\"Article\",\"@id\":\"https:\\\/\\\/www.organisator.ch\\\/sustainability\\\/2024-01-31\\\/lyreco-unboxed-der-groesste-b2b-nachhaltigkeits-kongress-der-schweiz\\\/#article\",\"isPartOf\":{\"@id\":\"https:\\\/\\\/www.organisator.ch\\\/sustainability\\\/2024-01-31\\\/lyreco-unboxed-der-groesste-b2b-nachhaltigkeits-kongress-der-schweiz\\\/\"},\"author\":{\"name\":\"Adelisa Kalajdzini\",\"@id\":\"https:\\\/\\\/www.organisator.ch\\\/#\\\/schema\\\/person\\\/2e1314a2172123f874db408d8911d3f3\"},\"headline\":\"Lyreco unboxed: Der gr\u00f6sste B2B Nachhaltigkeits-Kongress der Schweiz\",\"datePublished\":\"2024-01-31T13:21:30+00:00\",\"mainEntityOfPage\":{\"@id\":\"https:\\\/\\\/www.organisator.ch\\\/sustainability\\\/2024-01-31\\\/lyreco-unboxed-der-groesste-b2b-nachhaltigkeits-kongress-der-schweiz\\\/\"},\"wordCount\":703,\"publisher\":{\"@id\":\"https:\\\/\\\/www.organisator.ch\\\/#organization\"},\"image\":{\"@id\":\"https:\\\/\\\/www.organisator.ch\\\/sustainability\\\/2024-01-31\\\/lyreco-unboxed-der-groesste-b2b-nachhaltigkeits-kongress-der-schweiz\\\/#primaryimage\"},\"thumbnailUrl\":\"https:\\\/\\\/www.organisator.ch\\\/wp-content\\\/uploads\\\/2024\\\/01\\\/Eroeffnungspanel-unboxed_low_Bild1_ps.jpg\",\"keywords\":[\"B2B\",\"Kongress\",\"Nachhaltigkeit\",\"Schweiz\",\"Unternehmen\"],\"articleSection\":[\"SUSTAINABILITY\"],\"inLanguage\":\"de\"},{\"@type\":\"WebPage\",\"@id\":\"https:\\\/\\\/www.organisator.ch\\\/sustainability\\\/2024-01-31\\\/lyreco-unboxed-der-groesste-b2b-nachhaltigkeits-kongress-der-schweiz\\\/\",\"url\":\"https:\\\/\\\/www.organisator.ch\\\/sustainability\\\/2024-01-31\\\/lyreco-unboxed-der-groesste-b2b-nachhaltigkeits-kongress-der-schweiz\\\/\",\"name\":\"Lyreco unboxed: Der gr\u00f6sste B2B Nachhaltigkeits-Kongress der Schweiz - Organisator\",\"isPartOf\":{\"@id\":\"https:\\\/\\\/www.organisator.ch\\\/#website\"},\"primaryImageOfPage\":{\"@id\":\"https:\\\/\\\/www.organisator.ch\\\/sustainability\\\/2024-01-31\\\/lyreco-unboxed-der-groesste-b2b-nachhaltigkeits-kongress-der-schweiz\\\/#primaryimage\"},\"image\":{\"@id\":\"https:\\\/\\\/www.organisator.ch\\\/sustainability\\\/2024-01-31\\\/lyreco-unboxed-der-groesste-b2b-nachhaltigkeits-kongress-der-schweiz\\\/#primaryimage\"},\"thumbnailUrl\":\"https:\\\/\\\/www.organisator.ch\\\/wp-content\\\/uploads\\\/2024\\\/01\\\/Eroeffnungspanel-unboxed_low_Bild1_ps.jpg\",\"datePublished\":\"2024-01-31T13:21:30+00:00\",\"description\":\"Mit dem Motto \u00aboffen und ehrlich ausgepackt\u00bb realisiert Lyreco Switzerland AG ihren Kundenanlass zum ersten Mal im neuen Format.\",\"breadcrumb\":{\"@id\":\"https:\\\/\\\/www.organisator.ch\\\/sustainability\\\/2024-01-31\\\/lyreco-unboxed-der-groesste-b2b-nachhaltigkeits-kongress-der-schweiz\\\/#breadcrumb\"},\"inLanguage\":\"de\",\"potentialAction\":[{\"@type\":\"ReadAction\",\"target\":[\"https:\\\/\\\/www.organisator.ch\\\/sustainability\\\/2024-01-31\\\/lyreco-unboxed-der-groesste-b2b-nachhaltigkeits-kongress-der-schweiz\\\/\"]}]},{\"@type\":\"ImageObject\",\"inLanguage\":\"de\",\"@id\":\"https:\\\/\\\/www.organisator.ch\\\/sustainability\\\/2024-01-31\\\/lyreco-unboxed-der-groesste-b2b-nachhaltigkeits-kongress-der-schweiz\\\/#primaryimage\",\"url\":\"https:\\\/\\\/www.organisator.ch\\\/wp-content\\\/uploads\\\/2024\\\/01\\\/Eroeffnungspanel-unboxed_low_Bild1_ps.jpg\",\"contentUrl\":\"https:\\\/\\\/www.organisator.ch\\\/wp-content\\\/uploads\\\/2024\\\/01\\\/Eroeffnungspanel-unboxed_low_Bild1_ps.jpg\",\"width\":680,\"height\":453,\"caption\":\"Am 25. Januar 2024 fand der Kundenanlass von Lyreco Switzerland AG mit dem Motto \u00aboffen und ehrlich ausgepackt\u00bb in der Umweltarena Schweiz in Spreitenbach statt. (Bild: www.lyreco.ch)\"},{\"@type\":\"BreadcrumbList\",\"@id\":\"https:\\\/\\\/www.organisator.ch\\\/sustainability\\\/2024-01-31\\\/lyreco-unboxed-der-groesste-b2b-nachhaltigkeits-kongress-der-schweiz\\\/#breadcrumb\",\"itemListElement\":[{\"@type\":\"ListItem\",\"position\":1,\"name\":\"Home\",\"item\":\"https:\\\/\\\/www.organisator.ch\\\/\"},{\"@type\":\"ListItem\",\"position\":2,\"name\":\"Lyreco unboxed: Der gr\u00f6sste B2B Nachhaltigkeits-Kongress der Schweiz\"}]},{\"@type\":\"WebSite\",\"@id\":\"https:\\\/\\\/www.organisator.ch\\\/#website\",\"url\":\"https:\\\/\\\/www.organisator.ch\\\/\",\"name\":\"Organisator\",\"description\":\"Kompetent. Praxisnah. Der ORGANISATOR bereitet in 10 Ausgaben pro Jahr die wesentlichen Themen f\u00fcr F\u00fchrungskr\u00e4fte von KMU auf.\",\"publisher\":{\"@id\":\"https:\\\/\\\/www.organisator.ch\\\/#organization\"},\"potentialAction\":[{\"@type\":\"SearchAction\",\"target\":{\"@type\":\"EntryPoint\",\"urlTemplate\":\"https:\\\/\\\/www.organisator.ch\\\/?s={search_term_string}\"},\"query-input\":{\"@type\":\"PropertyValueSpecification\",\"valueRequired\":true,\"valueName\":\"search_term_string\"}}],\"inLanguage\":\"de\"},{\"@type\":\"Organization\",\"@id\":\"https:\\\/\\\/www.organisator.ch\\\/#organization\",\"name\":\"Organisator\",\"url\":\"https:\\\/\\\/www.organisator.ch\\\/\",\"logo\":{\"@type\":\"ImageObject\",\"inLanguage\":\"de\",\"@id\":\"https:\\\/\\\/www.organisator.ch\\\/#\\\/schema\\\/logo\\\/image\\\/\",\"url\":\"https:\\\/\\\/www.organisator.ch\\\/wp-content\\\/uploads\\\/2022\\\/01\\\/Logo_Organisator_Website.png\",\"contentUrl\":\"https:\\\/\\\/www.organisator.ch\\\/wp-content\\\/uploads\\\/2022\\\/01\\\/Logo_Organisator_Website.png\",\"width\":800,\"height\":77,\"caption\":\"Organisator\"},\"image\":{\"@id\":\"https:\\\/\\\/www.organisator.ch\\\/#\\\/schema\\\/logo\\\/image\\\/\"},\"sameAs\":[\"https:\\\/\\\/www.facebook.com\\\/OrganisatorFachmagazin\",\"https:\\\/\\\/www.linkedin.com\\\/showcase\\\/organisator-das-magazin-fr-kmu\",\"https:\\\/\\\/www.xing.com\\\/news\\\/pages\\\/organisator-ch-695\",\"https:\\\/\\\/www.youtube.com\\\/channel\\\/UCGP2Sq0iWaZwT3BdIAQFYpw\"]},{\"@type\":\"Person\",\"@id\":\"https:\\\/\\\/www.organisator.ch\\\/#\\\/schema\\\/person\\\/2e1314a2172123f874db408d8911d3f3\",\"name\":\"Adelisa Kalajdzini\",\"image\":{\"@type\":\"ImageObject\",\"inLanguage\":\"de\",\"@id\":\"https:\\\/\\\/secure.gravatar.com\\\/avatar\\\/09a397c22ac58cad6f160ee8306348599df9df58a8ede73696226897b9fa4b24?s=96&d=mm&r=g\",\"url\":\"https:\\\/\\\/secure.gravatar.com\\\/avatar\\\/09a397c22ac58cad6f160ee8306348599df9df58a8ede73696226897b9fa4b24?s=96&d=mm&r=g\",\"contentUrl\":\"https:\\\/\\\/secure.gravatar.com\\\/avatar\\\/09a397c22ac58cad6f160ee8306348599df9df58a8ede73696226897b9fa4b24?s=96&d=mm&r=g\",\"caption\":\"Adelisa Kalajdzini\"},\"url\":\"https:\\\/\\\/www.organisator.ch\\\/de\\\/author\\\/adelisa-kalajdzini\\\/\"}]}<\/script>\n<!-- \/ Yoast SEO plugin. -->","yoast_head_json":{"title":"Lyreco unboxed: Der gr\u00f6sste B2B Nachhaltigkeits-Kongress der Schweiz - Organisator","description":"Mit dem Motto \u00aboffen und ehrlich ausgepackt\u00bb realisiert Lyreco Switzerland AG ihren Kundenanlass zum ersten Mal im neuen Format.","robots":{"index":"index","follow":"follow","max-snippet":"max-snippet:-1","max-image-preview":"max-image-preview:large","max-video-preview":"max-video-preview:-1"},"canonical":"https:\/\/www.organisator.ch\/de\/sustainability\/2024-01-31\/lyreco-unboxed-der-groesste-b2b-nachhaltigkeits-kongress-der-schweiz\/","og_locale":"de_DE","og_type":"article","og_title":"Lyreco unboxed: Der gr\u00f6sste B2B Nachhaltigkeits-Kongress der Schweiz","og_description":"Mit dem Motto \u00aboffen und ehrlich ausgepackt\u00bb realisiert Lyreco Switzerland AG ihren Kundenanlass zum ersten Mal im neuen Format.","og_url":"https:\/\/www.organisator.ch\/de\/sustainability\/2024-01-31\/lyreco-unboxed-der-groesste-b2b-nachhaltigkeits-kongress-der-schweiz\/","og_site_name":"Organisator","article_publisher":"https:\/\/www.facebook.com\/OrganisatorFachmagazin","article_published_time":"2024-01-31T13:21:30+00:00","og_image":[{"width":680,"height":453,"url":"https:\/\/www.organisator.ch\/wp-content\/uploads\/2024\/01\/Eroeffnungspanel-unboxed_low_Bild1_ps.jpg","type":"image\/jpeg"}],"author":"Adelisa Kalajdzini","twitter_card":"summary_large_image","twitter_title":"Lyreco unboxed: Der gr\u00f6sste B2B Nachhaltigkeits-Kongress der Schweiz","twitter_description":"Mit dem #Motto #\u00aboffen und ehrlich ausgepackt\u00bb realisiert #Lyreco Switzerland AG ihren #Kundenanlass zum ersten Mal im neuen Format.","twitter_image":"https:\/\/www.organisator.ch\/wp-content\/uploads\/2024\/01\/Eroeffnungspanel-unboxed_low_Bild1_ps.jpg","schema":{"@context":"https:\/\/schema.org","@graph":[{"@type":"Article","@id":"https:\/\/www.organisator.ch\/sustainability\/2024-01-31\/lyreco-unboxed-der-groesste-b2b-nachhaltigkeits-kongress-der-schweiz\/#article","isPartOf":{"@id":"https:\/\/www.organisator.ch\/sustainability\/2024-01-31\/lyreco-unboxed-der-groesste-b2b-nachhaltigkeits-kongress-der-schweiz\/"},"author":{"name":"Adelisa Kalajdzini","@id":"https:\/\/www.organisator.ch\/#\/schema\/person\/2e1314a2172123f874db408d8911d3f3"},"headline":"Lyreco unboxed: Der gr\u00f6sste B2B Nachhaltigkeits-Kongress der Schweiz","datePublished":"2024-01-31T13:21:30+00:00","mainEntityOfPage":{"@id":"https:\/\/www.organisator.ch\/sustainability\/2024-01-31\/lyreco-unboxed-der-groesste-b2b-nachhaltigkeits-kongress-der-schweiz\/"},"wordCount":703,"publisher":{"@id":"https:\/\/www.organisator.ch\/#organization"},"image":{"@id":"https:\/\/www.organisator.ch\/sustainability\/2024-01-31\/lyreco-unboxed-der-groesste-b2b-nachhaltigkeits-kongress-der-schweiz\/#primaryimage"},"thumbnailUrl":"https:\/\/www.organisator.ch\/wp-content\/uploads\/2024\/01\/Eroeffnungspanel-unboxed_low_Bild1_ps.jpg","keywords":["B2B","Kongress","Nachhaltigkeit","Schweiz","Unternehmen"],"articleSection":["SUSTAINABILITY"],"inLanguage":"de"},{"@type":"WebPage","@id":"https:\/\/www.organisator.ch\/sustainability\/2024-01-31\/lyreco-unboxed-der-groesste-b2b-nachhaltigkeits-kongress-der-schweiz\/","url":"https:\/\/www.organisator.ch\/sustainability\/2024-01-31\/lyreco-unboxed-der-groesste-b2b-nachhaltigkeits-kongress-der-schweiz\/","name":"Lyreco unboxed: Der gr\u00f6sste B2B Nachhaltigkeits-Kongress der Schweiz - Organisator","isPartOf":{"@id":"https:\/\/www.organisator.ch\/#website"},"primaryImageOfPage":{"@id":"https:\/\/www.organisator.ch\/sustainability\/2024-01-31\/lyreco-unboxed-der-groesste-b2b-nachhaltigkeits-kongress-der-schweiz\/#primaryimage"},"image":{"@id":"https:\/\/www.organisator.ch\/sustainability\/2024-01-31\/lyreco-unboxed-der-groesste-b2b-nachhaltigkeits-kongress-der-schweiz\/#primaryimage"},"thumbnailUrl":"https:\/\/www.organisator.ch\/wp-content\/uploads\/2024\/01\/Eroeffnungspanel-unboxed_low_Bild1_ps.jpg","datePublished":"2024-01-31T13:21:30+00:00","description":"Mit dem Motto \u00aboffen und ehrlich ausgepackt\u00bb realisiert Lyreco Switzerland AG ihren Kundenanlass zum ersten Mal im neuen Format.","breadcrumb":{"@id":"https:\/\/www.organisator.ch\/sustainability\/2024-01-31\/lyreco-unboxed-der-groesste-b2b-nachhaltigkeits-kongress-der-schweiz\/#breadcrumb"},"inLanguage":"de","potentialAction":[{"@type":"ReadAction","target":["https:\/\/www.organisator.ch\/sustainability\/2024-01-31\/lyreco-unboxed-der-groesste-b2b-nachhaltigkeits-kongress-der-schweiz\/"]}]},{"@type":"ImageObject","inLanguage":"de","@id":"https:\/\/www.organisator.ch\/sustainability\/2024-01-31\/lyreco-unboxed-der-groesste-b2b-nachhaltigkeits-kongress-der-schweiz\/#primaryimage","url":"https:\/\/www.organisator.ch\/wp-content\/uploads\/2024\/01\/Eroeffnungspanel-unboxed_low_Bild1_ps.jpg","contentUrl":"https:\/\/www.organisator.ch\/wp-content\/uploads\/2024\/01\/Eroeffnungspanel-unboxed_low_Bild1_ps.jpg","width":680,"height":453,"caption":"Am 25. Januar 2024 fand der Kundenanlass von Lyreco Switzerland AG mit dem Motto \u00aboffen und ehrlich ausgepackt\u00bb in der Umweltarena Schweiz in Spreitenbach statt. (Bild: www.lyreco.ch)"},{"@type":"BreadcrumbList","@id":"https:\/\/www.organisator.ch\/sustainability\/2024-01-31\/lyreco-unboxed-der-groesste-b2b-nachhaltigkeits-kongress-der-schweiz\/#breadcrumb","itemListElement":[{"@type":"ListItem","position":1,"name":"Home","item":"https:\/\/www.organisator.ch\/"},{"@type":"ListItem","position":2,"name":"Lyreco unboxed: Der gr\u00f6sste B2B Nachhaltigkeits-Kongress der Schweiz"}]},{"@type":"WebSite","@id":"https:\/\/www.organisator.ch\/#website","url":"https:\/\/www.organisator.ch\/","name":"Organisator","description":"Kompetent. Praxisnah. Der ORGANISATOR bereitet in 10 Ausgaben pro Jahr die wesentlichen Themen f\u00fcr F\u00fchrungskr\u00e4fte von KMU auf.","publisher":{"@id":"https:\/\/www.organisator.ch\/#organization"},"potentialAction":[{"@type":"SearchAction","target":{"@type":"EntryPoint","urlTemplate":"https:\/\/www.organisator.ch\/?s={search_term_string}"},"query-input":{"@type":"PropertyValueSpecification","valueRequired":true,"valueName":"search_term_string"}}],"inLanguage":"de"},{"@type":"Organization","@id":"https:\/\/www.organisator.ch\/#organization","name":"Organisator","url":"https:\/\/www.organisator.ch\/","logo":{"@type":"ImageObject","inLanguage":"de","@id":"https:\/\/www.organisator.ch\/#\/schema\/logo\/image\/","url":"https:\/\/www.organisator.ch\/wp-content\/uploads\/2022\/01\/Logo_Organisator_Website.png","contentUrl":"https:\/\/www.organisator.ch\/wp-content\/uploads\/2022\/01\/Logo_Organisator_Website.png","width":800,"height":77,"caption":"Organisator"},"image":{"@id":"https:\/\/www.organisator.ch\/#\/schema\/logo\/image\/"},"sameAs":["https:\/\/www.facebook.com\/OrganisatorFachmagazin","https:\/\/www.linkedin.com\/showcase\/organisator-das-magazin-fr-kmu","https:\/\/www.xing.com\/news\/pages\/organisator-ch-695","https:\/\/www.youtube.com\/channel\/UCGP2Sq0iWaZwT3BdIAQFYpw"]},{"@type":"Person","@id":"https:\/\/www.organisator.ch\/#\/schema\/person\/2e1314a2172123f874db408d8911d3f3","name":"Adelisa Kalajdzini","image":{"@type":"ImageObject","inLanguage":"de","@id":"https:\/\/secure.gravatar.com\/avatar\/09a397c22ac58cad6f160ee8306348599df9df58a8ede73696226897b9fa4b24?s=96&d=mm&r=g","url":"https:\/\/secure.gravatar.com\/avatar\/09a397c22ac58cad6f160ee8306348599df9df58a8ede73696226897b9fa4b24?s=96&d=mm&r=g","contentUrl":"https:\/\/secure.gravatar.com\/avatar\/09a397c22ac58cad6f160ee8306348599df9df58a8ede73696226897b9fa4b24?s=96&d=mm&r=g","caption":"Adelisa Kalajdzini"},"url":"https:\/\/www.organisator.ch\/de\/author\/adelisa-kalajdzini\/"}]}},"_links":{"self":[{"href":"https:\/\/www.organisator.ch\/de\/wp-json\/wp\/v2\/posts\/24694","targetHints":{"allow":["GET"]}}],"collection":[{"href":"https:\/\/www.organisator.ch\/de\/wp-json\/wp\/v2\/posts"}],"about":[{"href":"https:\/\/www.organisator.ch\/de\/wp-json\/wp\/v2\/types\/post"}],"author":[{"embeddable":true,"href":"https:\/\/www.organisator.ch\/de\/wp-json\/wp\/v2\/users\/58"}],"replies":[{"embeddable":true,"href":"https:\/\/www.organisator.ch\/de\/wp-json\/wp\/v2\/comments?post=24694"}],"version-history":[{"count":5,"href":"https:\/\/www.organisator.ch\/de\/wp-json\/wp\/v2\/posts\/24694\/revisions"}],"predecessor-version":[{"id":24723,"href":"https:\/\/www.organisator.ch\/de\/wp-json\/wp\/v2\/posts\/24694\/revisions\/24723"}],"wp:featuredmedia":[{"embeddable":true,"href":"https:\/\/www.organisator.ch\/de\/wp-json\/wp\/v2\/media\/24695"}],"wp:attachment":[{"href":"https:\/\/www.organisator.ch\/de\/wp-json\/wp\/v2\/media?parent=24694"}],"wp:term":[{"taxonomy":"category","embeddable":true,"href":"https:\/\/www.organisator.ch\/de\/wp-json\/wp\/v2\/categories?post=24694"},{"taxonomy":"post_tag","embeddable":true,"href":"https:\/\/www.organisator.ch\/de\/wp-json\/wp\/v2\/tags?post=24694"}],"curies":[{"name":"wp","href":"https:\/\/api.w.org\/{rel}","templated":true}]}}