{"id":24715,"date":"2024-02-01T08:18:27","date_gmt":"2024-02-01T07:18:27","guid":{"rendered":"https:\/\/www.organisator.ch\/?p=24715"},"modified":"2024-02-01T08:18:27","modified_gmt":"2024-02-01T07:18:27","slug":"cora-vom-it-automaten-zum-eigenstaendigen-unternehmen","status":"publish","type":"post","link":"https:\/\/www.organisator.ch\/de\/management\/2024-02-01\/cora-vom-it-automaten-zum-eigenstaendigen-unternehmen\/","title":{"rendered":"Cora: Vom IT-Automaten zum eigenst\u00e4ndigen Unternehmen"},"content":{"rendered":"<figure id=\"attachment_24716\" aria-describedby=\"caption-attachment-24716\" style=\"width: 680px\" class=\"wp-caption alignnone\"><img loading=\"lazy\" decoding=\"async\" class=\"size-full wp-image-24716\" src=\"https:\/\/www.organisator.ch\/wp-content\/uploads\/2024\/02\/Team-cora-technology-solutions-AG_ps.jpg\" alt=\"\" width=\"680\" height=\"453\" srcset=\"https:\/\/www.organisator.ch\/wp-content\/uploads\/2024\/02\/Team-cora-technology-solutions-AG_ps.jpg 680w, https:\/\/www.organisator.ch\/wp-content\/uploads\/2024\/02\/Team-cora-technology-solutions-AG_ps-18x12.jpg 18w, https:\/\/www.organisator.ch\/wp-content\/uploads\/2024\/02\/Team-cora-technology-solutions-AG_ps-375x250.jpg 375w, https:\/\/www.organisator.ch\/wp-content\/uploads\/2024\/02\/Team-cora-technology-solutions-AG_ps-525x350.jpg 525w\" sizes=\"auto, (max-width: 680px) 100vw, 680px\" \/><figcaption id=\"caption-attachment-24716\" class=\"wp-caption-text\">Seit 2024 als selbstst\u00e4ndiges Unternehmen unterwegs: Das cora Team v.l.n.r. Mahi Arasu, Customer Success Manager, Saifudin Sharityar, Chief Customer Officer, Melanie M\u00fcller, CEO, Marcel Leonhard, Chief Product Officer und Roland Waniek, Sales &amp; Partner Management. (Bild: www.cora.tech)<\/figcaption><\/figure>\n<p>Rund 50 Unternehmen, vom Global Player bis zum Local Hero nutzen cora bereits. Jetzt gliedert die pidas AG ihren erfolgreichen IT-Automaten in ein neues Unternehmen aus. Die cora technology solutions AG wird sich auf die Weiterentwicklung und den Marktausbau fokussieren.<\/p>\n<p>Die Idee hinter cora ist, durch einen \u00abIT-Kiosk\u00bb den IT-Support zu vereinfachen. Die Anregung dazu entstand 2017 nach einer pidas AG Kundenpr\u00e4sentation in Frankfurt. Wenige Monate sp\u00e4ter lieferte das Unternehmen die ersten cora Prototypen aus. Zwischenzeitlich wurde der intelligente IT-Automat mit Kunden und Partnern laufend weiterentwickelt und ist bereits in zehn europ\u00e4ischen L\u00e4ndern im Einsatz. In der Schweiz setzen unter anderem dieMobiliar, Migros und der Kanton Z\u00fcrich auf cora. In Deutschland renommierte Unternehmen wie die Deutsche B\u00f6rse Group, VW oder Provinzial Versicherungen. Innerhalb der pidas AG hat sich cora zum erfolgreichsten Produkt entwickelt und gewann bereits zahlreiche Preise, wie den renommierten iF Design Award.<\/p>\n<h3><strong>F\u00fcr Kunden und Partner \u00e4ndert sich mit der Ausgr\u00fcndung nichts<\/strong><\/h3>\n<p>Nach sechs Jahren wird cora eigenst\u00e4ndig. Die pidas AG gliedert cora und den dazugeh\u00f6rigen Gesch\u00e4ftsbereich Workplace Automation in ein eigenes Unternehmen aus. Die cora technology solutions AG \u00fcbernimmt am 1. Februar 2024 die Verantwortung f\u00fcr cora. F\u00fcr pidas CEO Pascal Wolf ist der Schritt folgerichtig: \u00abIch bin stolz auf cora\u00bb, erkl\u00e4rt er, \u00abAufgrund ihrer Erfolgsgeschichte ist es jetzt Zeit, dass cora auf eigenen F\u00fcssen steht und sich das Team voll auf die Weiterentwicklung und den Marktausbau fokussiert.\u00bb. Die pidas AG und cora technology solutions AG werden weiterhin partnerschaftlich zusammenarbeiten. Kunden, Partner und Lieferanten werden auch in Zukunft von der rasanten Erfolgsgeschichte profitieren \u2013 im Tagesgesch\u00e4ft \u00e4ndert sich nichts.<\/p>\n<h3>\u00a0<strong>New Work als Wachstums-Beschleuniger<\/strong><\/h3>\n<p>Als intelligenter IT-Automat entlastet cora IT-Abteilungen, die mit dem Fortschreiten der digitalen Transformation stark eingespannt sind. Hinzu kommt, dass sich aktuell nicht nur ein technologischer, sondern auch ein kultureller Wandel vollzieht. Konzepte wie New Work ver\u00e4ndern Arbeitsprozesse, w\u00e4hrend der Bedarf an flexiblen IT-L\u00f6sungen w\u00e4chst. Hybrides Arbeiten, eine neue Arbeitsplatzgestaltung mit Shared Desk, ein Zuwachs an Standorten und individualisierte Arbeitszeiten stellen neue logistische Herausforderungen an die IT. Cora ist eine L\u00f6sung, die in unterschiedlichen Unternehmen, Unternehmensgr\u00f6ssen und Branchen zukunftsf\u00e4hige Arbeitsmodelle und wirtschaftliche Vorteile erm\u00f6glicht. Mit cora lassen sich Field Support Eins\u00e4tze um bis zu 80 % reduzieren.<\/p>\n<h3><strong>Never change a winning team<\/strong><\/h3>\n<p>Die cora technology solutions AG wird von Melanie M\u00fcller geleitet. Als ehemalige Head of Marketing der pidas AG war Melanie M\u00fcller vom ersten Tag an dabei und wird cora als CEO in eine erfolgreiche Zukunft f\u00fchren. \u00abcora ist seit sechs Jahren auf dem Markt und das Original\u00bb, begr\u00fcndet sie ihre Zuversicht. \u00abMein Team und ich sind hoch motiviert und bereit f\u00fcr die n\u00e4chsten grossen Schritte\u00bb. Mit ihrem 7-k\u00f6pfigen Kernteam visiert Melanie M\u00fcller Unternehmen mit mehr als 500 Mitarbeitenden an. Zuerst in der Schweiz und in Deutschland, anschliessend international. Wie der CEO-Posten wurden auch alle anderen Schl\u00fcsselpositionen mit bew\u00e4hrten Fachkr\u00e4ften besetzt, die schon jahrelang in die Erfolgsgeschichte von cora involviert sind. Saifudin Sharityar betreut als Chief Customer Officer weiterhin alle Kunden, Roland Waniek betreut als Sales &amp; Partner Manager alle Partner und Marcel Leonhard ist als Chief Product Officer f\u00fcr die Hardware und Software verantwortlich.\u00a0<\/p>\n<figure id=\"attachment_24717\" aria-describedby=\"caption-attachment-24717\" style=\"width: 680px\" class=\"wp-caption alignnone\"><img loading=\"lazy\" decoding=\"async\" class=\"size-full wp-image-24717\" src=\"https:\/\/www.organisator.ch\/wp-content\/uploads\/2024\/02\/CEO-Melanie-Mueller_ps.jpg\" alt=\"\" width=\"680\" height=\"509\" srcset=\"https:\/\/www.organisator.ch\/wp-content\/uploads\/2024\/02\/CEO-Melanie-Mueller_ps.jpg 680w, https:\/\/www.organisator.ch\/wp-content\/uploads\/2024\/02\/CEO-Melanie-Mueller_ps-16x12.jpg 16w, https:\/\/www.organisator.ch\/wp-content\/uploads\/2024\/02\/CEO-Melanie-Mueller_ps-375x281.jpg 375w, https:\/\/www.organisator.ch\/wp-content\/uploads\/2024\/02\/CEO-Melanie-Mueller_ps-468x350.jpg 468w\" sizes=\"auto, (max-width: 680px) 100vw, 680px\" \/><figcaption id=\"caption-attachment-24717\" class=\"wp-caption-text\">Entwickelt als CEO die Erfolgsgeschichte von cora weiter: Melanie M\u00fcller. (Bild: www.cora.tech)<\/figcaption><\/figure>\n<p><em>Quelle: <a href=\"http:\/\/www.cora.tech\">www.cora.tech<\/a><\/em><\/p>\n","protected":false},"excerpt":{"rendered":"<p>IT-Abteilungen stehen unter Druck. Die Kosten steigen und Fachkr\u00e4fte fehlen. Fast jedes Unternehmen kennt die Herausforderungen. Die pidas AG hat mit cora eine L\u00f6sung entwickelt, mit der sich Ausgabe- und R\u00fcckgabeprozesse rundum Mobile Devices wie Laptops, Smartphones und Co. automatisieren lassen. <\/p>\n","protected":false},"author":58,"featured_media":24716,"comment_status":"closed","ping_status":"closed","sticky":false,"template":"","format":"standard","meta":{"_acf_changed":false,"_yoast_wpseo_focuskw":"Unternehmen","_yoast_wpseo_metadesc":"Die pidas AG hat mit cora eine L\u00f6sung entwickelt, mit der sich Ausgabe- und R\u00fcckgabeprozesse rundum Mobile Devices wie Laptops, Smartphones und Co. automatisieren lassen.","articlekey":"","footnotes":""},"categories":[28],"tags":[286,334,335,424,492],"class_list":["post-24715","post","type-post","status-publish","format-standard","has-post-thumbnail","hentry","category-management","tag-it","tag-management","tag-management-und-unternehmensfuehrung","tag-schweiz","tag-unternehmen"],"acf":[],"yoast_head":"<!-- This site is optimized with the Yoast SEO plugin v27.5 - https:\/\/yoast.com\/product\/yoast-seo-wordpress\/ -->\n<title>Cora: Vom IT-Automaten zum eigenst\u00e4ndigen Unternehmen - Organisator<\/title>\n<meta name=\"description\" content=\"Die pidas AG hat mit cora eine L\u00f6sung entwickelt, mit der sich Ausgabe- und R\u00fcckgabeprozesse rundum Mobile Devices wie Laptops, Smartphones und Co. automatisieren lassen.\" \/>\n<meta name=\"robots\" content=\"index, follow, max-snippet:-1, max-image-preview:large, max-video-preview:-1\" \/>\n<link rel=\"canonical\" href=\"https:\/\/www.organisator.ch\/de\/management\/2024-02-01\/cora-vom-it-automaten-zum-eigenstaendigen-unternehmen\/\" \/>\n<meta property=\"og:locale\" content=\"de_DE\" \/>\n<meta property=\"og:type\" content=\"article\" \/>\n<meta property=\"og:title\" content=\"Cora: Vom IT-Automaten zum eigenst\u00e4ndigen Unternehmen\" \/>\n<meta property=\"og:description\" content=\"Die pidas AG hat mit cora eine L\u00f6sung entwickelt, mit der sich Ausgabe- und R\u00fcckgabeprozesse rundum Mobile Devices wie Laptops, Smartphones und Co. automatisieren lassen.\" \/>\n<meta property=\"og:url\" content=\"https:\/\/www.organisator.ch\/de\/management\/2024-02-01\/cora-vom-it-automaten-zum-eigenstaendigen-unternehmen\/\" \/>\n<meta property=\"og:site_name\" content=\"Organisator\" \/>\n<meta property=\"article:publisher\" content=\"https:\/\/www.facebook.com\/OrganisatorFachmagazin\" \/>\n<meta property=\"article:published_time\" content=\"2024-02-01T07:18:27+00:00\" \/>\n<meta property=\"og:image\" content=\"https:\/\/www.organisator.ch\/wp-content\/uploads\/2024\/02\/Team-cora-technology-solutions-AG_ps.jpg\" \/>\n\t<meta property=\"og:image:width\" content=\"680\" \/>\n\t<meta property=\"og:image:height\" content=\"453\" \/>\n\t<meta property=\"og:image:type\" content=\"image\/jpeg\" \/>\n<meta name=\"author\" content=\"Adelisa Kalajdzini\" \/>\n<meta name=\"twitter:card\" content=\"summary_large_image\" \/>\n<meta name=\"twitter:title\" content=\"Cora: Vom IT-Automaten zum eigenst\u00e4ndigen Unternehmen\" \/>\n<meta name=\"twitter:description\" content=\"Die #pidas AG hat mit #cora eine #L\u00f6sung entwickelt, mit der sich Ausgabe- und R\u00fcckgabeprozesse rundum Mobile Devices wie Laptops, Smartphones und Co. automatisieren lassen.\" \/>\n<meta name=\"twitter:image\" content=\"https:\/\/www.organisator.ch\/wp-content\/uploads\/2024\/02\/Team-cora-technology-solutions-AG_ps.jpg\" \/>\n<script type=\"application\/ld+json\" class=\"yoast-schema-graph\">{\"@context\":\"https:\\\/\\\/schema.org\",\"@graph\":[{\"@type\":\"Article\",\"@id\":\"https:\\\/\\\/www.organisator.ch\\\/management\\\/2024-02-01\\\/cora-vom-it-automaten-zum-eigenstaendigen-unternehmen\\\/#article\",\"isPartOf\":{\"@id\":\"https:\\\/\\\/www.organisator.ch\\\/management\\\/2024-02-01\\\/cora-vom-it-automaten-zum-eigenstaendigen-unternehmen\\\/\"},\"author\":{\"name\":\"Adelisa Kalajdzini\",\"@id\":\"https:\\\/\\\/www.organisator.ch\\\/#\\\/schema\\\/person\\\/2e1314a2172123f874db408d8911d3f3\"},\"headline\":\"Cora: Vom IT-Automaten zum eigenst\u00e4ndigen Unternehmen\",\"datePublished\":\"2024-02-01T07:18:27+00:00\",\"mainEntityOfPage\":{\"@id\":\"https:\\\/\\\/www.organisator.ch\\\/management\\\/2024-02-01\\\/cora-vom-it-automaten-zum-eigenstaendigen-unternehmen\\\/\"},\"wordCount\":623,\"publisher\":{\"@id\":\"https:\\\/\\\/www.organisator.ch\\\/#organization\"},\"image\":{\"@id\":\"https:\\\/\\\/www.organisator.ch\\\/management\\\/2024-02-01\\\/cora-vom-it-automaten-zum-eigenstaendigen-unternehmen\\\/#primaryimage\"},\"thumbnailUrl\":\"https:\\\/\\\/www.organisator.ch\\\/wp-content\\\/uploads\\\/2024\\\/02\\\/Team-cora-technology-solutions-AG_ps.jpg\",\"keywords\":[\"IT\",\"Management\",\"Management und Unternehmensf\u00fchrung\",\"Schweiz\",\"Unternehmen\"],\"articleSection\":[\"MANAGEMENT\"],\"inLanguage\":\"de\"},{\"@type\":\"WebPage\",\"@id\":\"https:\\\/\\\/www.organisator.ch\\\/management\\\/2024-02-01\\\/cora-vom-it-automaten-zum-eigenstaendigen-unternehmen\\\/\",\"url\":\"https:\\\/\\\/www.organisator.ch\\\/management\\\/2024-02-01\\\/cora-vom-it-automaten-zum-eigenstaendigen-unternehmen\\\/\",\"name\":\"Cora: Vom IT-Automaten zum eigenst\u00e4ndigen Unternehmen - Organisator\",\"isPartOf\":{\"@id\":\"https:\\\/\\\/www.organisator.ch\\\/#website\"},\"primaryImageOfPage\":{\"@id\":\"https:\\\/\\\/www.organisator.ch\\\/management\\\/2024-02-01\\\/cora-vom-it-automaten-zum-eigenstaendigen-unternehmen\\\/#primaryimage\"},\"image\":{\"@id\":\"https:\\\/\\\/www.organisator.ch\\\/management\\\/2024-02-01\\\/cora-vom-it-automaten-zum-eigenstaendigen-unternehmen\\\/#primaryimage\"},\"thumbnailUrl\":\"https:\\\/\\\/www.organisator.ch\\\/wp-content\\\/uploads\\\/2024\\\/02\\\/Team-cora-technology-solutions-AG_ps.jpg\",\"datePublished\":\"2024-02-01T07:18:27+00:00\",\"description\":\"Die pidas AG hat mit cora eine L\u00f6sung entwickelt, mit der sich Ausgabe- und R\u00fcckgabeprozesse rundum Mobile Devices wie Laptops, Smartphones und Co. automatisieren lassen.\",\"breadcrumb\":{\"@id\":\"https:\\\/\\\/www.organisator.ch\\\/management\\\/2024-02-01\\\/cora-vom-it-automaten-zum-eigenstaendigen-unternehmen\\\/#breadcrumb\"},\"inLanguage\":\"de\",\"potentialAction\":[{\"@type\":\"ReadAction\",\"target\":[\"https:\\\/\\\/www.organisator.ch\\\/management\\\/2024-02-01\\\/cora-vom-it-automaten-zum-eigenstaendigen-unternehmen\\\/\"]}]},{\"@type\":\"ImageObject\",\"inLanguage\":\"de\",\"@id\":\"https:\\\/\\\/www.organisator.ch\\\/management\\\/2024-02-01\\\/cora-vom-it-automaten-zum-eigenstaendigen-unternehmen\\\/#primaryimage\",\"url\":\"https:\\\/\\\/www.organisator.ch\\\/wp-content\\\/uploads\\\/2024\\\/02\\\/Team-cora-technology-solutions-AG_ps.jpg\",\"contentUrl\":\"https:\\\/\\\/www.organisator.ch\\\/wp-content\\\/uploads\\\/2024\\\/02\\\/Team-cora-technology-solutions-AG_ps.jpg\",\"width\":680,\"height\":453,\"caption\":\"Seit 2024 als selbstst\u00e4ndiges Unternehmen unterwegs: Das cora Team v.l.n.r. Mahi Arasu, Customer Success Manager, Saifudin Sharityar, Chief Customer Officer, Melanie M\u00fcller, CEO, Marcel Leonhard, Chief Product Officer und Roland Waniek, Sales & Partner Management. (Bild: www.cora.tech)\"},{\"@type\":\"BreadcrumbList\",\"@id\":\"https:\\\/\\\/www.organisator.ch\\\/management\\\/2024-02-01\\\/cora-vom-it-automaten-zum-eigenstaendigen-unternehmen\\\/#breadcrumb\",\"itemListElement\":[{\"@type\":\"ListItem\",\"position\":1,\"name\":\"Home\",\"item\":\"https:\\\/\\\/www.organisator.ch\\\/\"},{\"@type\":\"ListItem\",\"position\":2,\"name\":\"Cora: Vom IT-Automaten zum eigenst\u00e4ndigen Unternehmen\"}]},{\"@type\":\"WebSite\",\"@id\":\"https:\\\/\\\/www.organisator.ch\\\/#website\",\"url\":\"https:\\\/\\\/www.organisator.ch\\\/\",\"name\":\"Organisator\",\"description\":\"Kompetent. Praxisnah. Der ORGANISATOR bereitet in 10 Ausgaben pro Jahr die wesentlichen Themen f\u00fcr F\u00fchrungskr\u00e4fte von KMU auf.\",\"publisher\":{\"@id\":\"https:\\\/\\\/www.organisator.ch\\\/#organization\"},\"potentialAction\":[{\"@type\":\"SearchAction\",\"target\":{\"@type\":\"EntryPoint\",\"urlTemplate\":\"https:\\\/\\\/www.organisator.ch\\\/?s={search_term_string}\"},\"query-input\":{\"@type\":\"PropertyValueSpecification\",\"valueRequired\":true,\"valueName\":\"search_term_string\"}}],\"inLanguage\":\"de\"},{\"@type\":\"Organization\",\"@id\":\"https:\\\/\\\/www.organisator.ch\\\/#organization\",\"name\":\"Organisator\",\"url\":\"https:\\\/\\\/www.organisator.ch\\\/\",\"logo\":{\"@type\":\"ImageObject\",\"inLanguage\":\"de\",\"@id\":\"https:\\\/\\\/www.organisator.ch\\\/#\\\/schema\\\/logo\\\/image\\\/\",\"url\":\"https:\\\/\\\/www.organisator.ch\\\/wp-content\\\/uploads\\\/2022\\\/01\\\/Logo_Organisator_Website.png\",\"contentUrl\":\"https:\\\/\\\/www.organisator.ch\\\/wp-content\\\/uploads\\\/2022\\\/01\\\/Logo_Organisator_Website.png\",\"width\":800,\"height\":77,\"caption\":\"Organisator\"},\"image\":{\"@id\":\"https:\\\/\\\/www.organisator.ch\\\/#\\\/schema\\\/logo\\\/image\\\/\"},\"sameAs\":[\"https:\\\/\\\/www.facebook.com\\\/OrganisatorFachmagazin\",\"https:\\\/\\\/www.linkedin.com\\\/showcase\\\/organisator-das-magazin-fr-kmu\",\"https:\\\/\\\/www.xing.com\\\/news\\\/pages\\\/organisator-ch-695\",\"https:\\\/\\\/www.youtube.com\\\/channel\\\/UCGP2Sq0iWaZwT3BdIAQFYpw\"]},{\"@type\":\"Person\",\"@id\":\"https:\\\/\\\/www.organisator.ch\\\/#\\\/schema\\\/person\\\/2e1314a2172123f874db408d8911d3f3\",\"name\":\"Adelisa Kalajdzini\",\"image\":{\"@type\":\"ImageObject\",\"inLanguage\":\"de\",\"@id\":\"https:\\\/\\\/secure.gravatar.com\\\/avatar\\\/09a397c22ac58cad6f160ee8306348599df9df58a8ede73696226897b9fa4b24?s=96&d=mm&r=g\",\"url\":\"https:\\\/\\\/secure.gravatar.com\\\/avatar\\\/09a397c22ac58cad6f160ee8306348599df9df58a8ede73696226897b9fa4b24?s=96&d=mm&r=g\",\"contentUrl\":\"https:\\\/\\\/secure.gravatar.com\\\/avatar\\\/09a397c22ac58cad6f160ee8306348599df9df58a8ede73696226897b9fa4b24?s=96&d=mm&r=g\",\"caption\":\"Adelisa Kalajdzini\"},\"url\":\"https:\\\/\\\/www.organisator.ch\\\/de\\\/author\\\/adelisa-kalajdzini\\\/\"}]}<\/script>\n<!-- \/ Yoast SEO plugin. -->","yoast_head_json":{"title":"Cora: Vom IT-Automaten zum eigenst\u00e4ndigen Unternehmen - Organisator","description":"Die pidas AG hat mit cora eine L\u00f6sung entwickelt, mit der sich Ausgabe- und R\u00fcckgabeprozesse rundum Mobile Devices wie Laptops, Smartphones und Co. automatisieren lassen.","robots":{"index":"index","follow":"follow","max-snippet":"max-snippet:-1","max-image-preview":"max-image-preview:large","max-video-preview":"max-video-preview:-1"},"canonical":"https:\/\/www.organisator.ch\/de\/management\/2024-02-01\/cora-vom-it-automaten-zum-eigenstaendigen-unternehmen\/","og_locale":"de_DE","og_type":"article","og_title":"Cora: Vom IT-Automaten zum eigenst\u00e4ndigen Unternehmen","og_description":"Die pidas AG hat mit cora eine L\u00f6sung entwickelt, mit der sich Ausgabe- und R\u00fcckgabeprozesse rundum Mobile Devices wie Laptops, Smartphones und Co. automatisieren lassen.","og_url":"https:\/\/www.organisator.ch\/de\/management\/2024-02-01\/cora-vom-it-automaten-zum-eigenstaendigen-unternehmen\/","og_site_name":"Organisator","article_publisher":"https:\/\/www.facebook.com\/OrganisatorFachmagazin","article_published_time":"2024-02-01T07:18:27+00:00","og_image":[{"width":680,"height":453,"url":"https:\/\/www.organisator.ch\/wp-content\/uploads\/2024\/02\/Team-cora-technology-solutions-AG_ps.jpg","type":"image\/jpeg"}],"author":"Adelisa Kalajdzini","twitter_card":"summary_large_image","twitter_title":"Cora: Vom IT-Automaten zum eigenst\u00e4ndigen Unternehmen","twitter_description":"Die #pidas AG hat mit #cora eine #L\u00f6sung entwickelt, mit der sich Ausgabe- und R\u00fcckgabeprozesse rundum Mobile Devices wie Laptops, Smartphones und Co. automatisieren lassen.","twitter_image":"https:\/\/www.organisator.ch\/wp-content\/uploads\/2024\/02\/Team-cora-technology-solutions-AG_ps.jpg","schema":{"@context":"https:\/\/schema.org","@graph":[{"@type":"Article","@id":"https:\/\/www.organisator.ch\/management\/2024-02-01\/cora-vom-it-automaten-zum-eigenstaendigen-unternehmen\/#article","isPartOf":{"@id":"https:\/\/www.organisator.ch\/management\/2024-02-01\/cora-vom-it-automaten-zum-eigenstaendigen-unternehmen\/"},"author":{"name":"Adelisa Kalajdzini","@id":"https:\/\/www.organisator.ch\/#\/schema\/person\/2e1314a2172123f874db408d8911d3f3"},"headline":"Cora: Vom IT-Automaten zum eigenst\u00e4ndigen Unternehmen","datePublished":"2024-02-01T07:18:27+00:00","mainEntityOfPage":{"@id":"https:\/\/www.organisator.ch\/management\/2024-02-01\/cora-vom-it-automaten-zum-eigenstaendigen-unternehmen\/"},"wordCount":623,"publisher":{"@id":"https:\/\/www.organisator.ch\/#organization"},"image":{"@id":"https:\/\/www.organisator.ch\/management\/2024-02-01\/cora-vom-it-automaten-zum-eigenstaendigen-unternehmen\/#primaryimage"},"thumbnailUrl":"https:\/\/www.organisator.ch\/wp-content\/uploads\/2024\/02\/Team-cora-technology-solutions-AG_ps.jpg","keywords":["IT","Management","Management und Unternehmensf\u00fchrung","Schweiz","Unternehmen"],"articleSection":["MANAGEMENT"],"inLanguage":"de"},{"@type":"WebPage","@id":"https:\/\/www.organisator.ch\/management\/2024-02-01\/cora-vom-it-automaten-zum-eigenstaendigen-unternehmen\/","url":"https:\/\/www.organisator.ch\/management\/2024-02-01\/cora-vom-it-automaten-zum-eigenstaendigen-unternehmen\/","name":"Cora: Vom IT-Automaten zum eigenst\u00e4ndigen Unternehmen - Organisator","isPartOf":{"@id":"https:\/\/www.organisator.ch\/#website"},"primaryImageOfPage":{"@id":"https:\/\/www.organisator.ch\/management\/2024-02-01\/cora-vom-it-automaten-zum-eigenstaendigen-unternehmen\/#primaryimage"},"image":{"@id":"https:\/\/www.organisator.ch\/management\/2024-02-01\/cora-vom-it-automaten-zum-eigenstaendigen-unternehmen\/#primaryimage"},"thumbnailUrl":"https:\/\/www.organisator.ch\/wp-content\/uploads\/2024\/02\/Team-cora-technology-solutions-AG_ps.jpg","datePublished":"2024-02-01T07:18:27+00:00","description":"Die pidas AG hat mit cora eine L\u00f6sung entwickelt, mit der sich Ausgabe- und R\u00fcckgabeprozesse rundum Mobile Devices wie Laptops, Smartphones und Co. automatisieren lassen.","breadcrumb":{"@id":"https:\/\/www.organisator.ch\/management\/2024-02-01\/cora-vom-it-automaten-zum-eigenstaendigen-unternehmen\/#breadcrumb"},"inLanguage":"de","potentialAction":[{"@type":"ReadAction","target":["https:\/\/www.organisator.ch\/management\/2024-02-01\/cora-vom-it-automaten-zum-eigenstaendigen-unternehmen\/"]}]},{"@type":"ImageObject","inLanguage":"de","@id":"https:\/\/www.organisator.ch\/management\/2024-02-01\/cora-vom-it-automaten-zum-eigenstaendigen-unternehmen\/#primaryimage","url":"https:\/\/www.organisator.ch\/wp-content\/uploads\/2024\/02\/Team-cora-technology-solutions-AG_ps.jpg","contentUrl":"https:\/\/www.organisator.ch\/wp-content\/uploads\/2024\/02\/Team-cora-technology-solutions-AG_ps.jpg","width":680,"height":453,"caption":"Seit 2024 als selbstst\u00e4ndiges Unternehmen unterwegs: Das cora Team v.l.n.r. Mahi Arasu, Customer Success Manager, Saifudin Sharityar, Chief Customer Officer, Melanie M\u00fcller, CEO, Marcel Leonhard, Chief Product Officer und Roland Waniek, Sales & Partner Management. (Bild: www.cora.tech)"},{"@type":"BreadcrumbList","@id":"https:\/\/www.organisator.ch\/management\/2024-02-01\/cora-vom-it-automaten-zum-eigenstaendigen-unternehmen\/#breadcrumb","itemListElement":[{"@type":"ListItem","position":1,"name":"Home","item":"https:\/\/www.organisator.ch\/"},{"@type":"ListItem","position":2,"name":"Cora: Vom IT-Automaten zum eigenst\u00e4ndigen Unternehmen"}]},{"@type":"WebSite","@id":"https:\/\/www.organisator.ch\/#website","url":"https:\/\/www.organisator.ch\/","name":"Organisator","description":"Kompetent. Praxisnah. Der ORGANISATOR bereitet in 10 Ausgaben pro Jahr die wesentlichen Themen f\u00fcr F\u00fchrungskr\u00e4fte von KMU auf.","publisher":{"@id":"https:\/\/www.organisator.ch\/#organization"},"potentialAction":[{"@type":"SearchAction","target":{"@type":"EntryPoint","urlTemplate":"https:\/\/www.organisator.ch\/?s={search_term_string}"},"query-input":{"@type":"PropertyValueSpecification","valueRequired":true,"valueName":"search_term_string"}}],"inLanguage":"de"},{"@type":"Organization","@id":"https:\/\/www.organisator.ch\/#organization","name":"Organisator","url":"https:\/\/www.organisator.ch\/","logo":{"@type":"ImageObject","inLanguage":"de","@id":"https:\/\/www.organisator.ch\/#\/schema\/logo\/image\/","url":"https:\/\/www.organisator.ch\/wp-content\/uploads\/2022\/01\/Logo_Organisator_Website.png","contentUrl":"https:\/\/www.organisator.ch\/wp-content\/uploads\/2022\/01\/Logo_Organisator_Website.png","width":800,"height":77,"caption":"Organisator"},"image":{"@id":"https:\/\/www.organisator.ch\/#\/schema\/logo\/image\/"},"sameAs":["https:\/\/www.facebook.com\/OrganisatorFachmagazin","https:\/\/www.linkedin.com\/showcase\/organisator-das-magazin-fr-kmu","https:\/\/www.xing.com\/news\/pages\/organisator-ch-695","https:\/\/www.youtube.com\/channel\/UCGP2Sq0iWaZwT3BdIAQFYpw"]},{"@type":"Person","@id":"https:\/\/www.organisator.ch\/#\/schema\/person\/2e1314a2172123f874db408d8911d3f3","name":"Adelisa Kalajdzini","image":{"@type":"ImageObject","inLanguage":"de","@id":"https:\/\/secure.gravatar.com\/avatar\/09a397c22ac58cad6f160ee8306348599df9df58a8ede73696226897b9fa4b24?s=96&d=mm&r=g","url":"https:\/\/secure.gravatar.com\/avatar\/09a397c22ac58cad6f160ee8306348599df9df58a8ede73696226897b9fa4b24?s=96&d=mm&r=g","contentUrl":"https:\/\/secure.gravatar.com\/avatar\/09a397c22ac58cad6f160ee8306348599df9df58a8ede73696226897b9fa4b24?s=96&d=mm&r=g","caption":"Adelisa Kalajdzini"},"url":"https:\/\/www.organisator.ch\/de\/author\/adelisa-kalajdzini\/"}]}},"_links":{"self":[{"href":"https:\/\/www.organisator.ch\/de\/wp-json\/wp\/v2\/posts\/24715","targetHints":{"allow":["GET"]}}],"collection":[{"href":"https:\/\/www.organisator.ch\/de\/wp-json\/wp\/v2\/posts"}],"about":[{"href":"https:\/\/www.organisator.ch\/de\/wp-json\/wp\/v2\/types\/post"}],"author":[{"embeddable":true,"href":"https:\/\/www.organisator.ch\/de\/wp-json\/wp\/v2\/users\/58"}],"replies":[{"embeddable":true,"href":"https:\/\/www.organisator.ch\/de\/wp-json\/wp\/v2\/comments?post=24715"}],"version-history":[{"count":6,"href":"https:\/\/www.organisator.ch\/de\/wp-json\/wp\/v2\/posts\/24715\/revisions"}],"predecessor-version":[{"id":24740,"href":"https:\/\/www.organisator.ch\/de\/wp-json\/wp\/v2\/posts\/24715\/revisions\/24740"}],"wp:featuredmedia":[{"embeddable":true,"href":"https:\/\/www.organisator.ch\/de\/wp-json\/wp\/v2\/media\/24716"}],"wp:attachment":[{"href":"https:\/\/www.organisator.ch\/de\/wp-json\/wp\/v2\/media?parent=24715"}],"wp:term":[{"taxonomy":"category","embeddable":true,"href":"https:\/\/www.organisator.ch\/de\/wp-json\/wp\/v2\/categories?post=24715"},{"taxonomy":"post_tag","embeddable":true,"href":"https:\/\/www.organisator.ch\/de\/wp-json\/wp\/v2\/tags?post=24715"}],"curies":[{"name":"wp","href":"https:\/\/api.w.org\/{rel}","templated":true}]}}