{"id":24765,"date":"2024-02-04T13:19:00","date_gmt":"2024-02-04T12:19:00","guid":{"rendered":"https:\/\/www.werbewoche.ch\/?p=209774"},"modified":"2024-11-12T06:40:44","modified_gmt":"2024-11-12T05:40:44","slug":"dmexco-umfrage-2024-wachstum-im-online-marketing-erwartet","status":"publish","type":"post","link":"https:\/\/www.organisator.ch\/de\/marketing\/2024-02-04\/dmexco-umfrage-2024-wachstum-im-online-marketing-erwartet\/","title":{"rendered":"DMEXCO-Umfrage 2024: Wachstum im Online-Marketing erwartet"},"content":{"rendered":"<p><img class=\"aligncenter wp-image-209778 size-full\" src=\"https:\/\/www.werbewoche.ch\/wp-content\/uploads\/2024\/02\/DMEXCO-Studie-Marketingtrends-2024-1.jpg\" alt=\"Online-Werbemarkt Trends \" width=\"1200\" height=\"900\" \/><\/p>\r\n<p>Gem\u00e4ss Umfrage geht knapp die H\u00e4lfte (46 Prozent) der 350 befragten Entscheider:innen von einem Wachstum des Online-Werbemarktes aus \u2013 allerdings in unterschiedlichen Auspr\u00e4gungen. 34 Prozent erwarten ein leichtes Wachstum von bis zu f\u00fcnf Prozent. Rund sieben Prozent der Befragten gehen von einem Wachstum von bis zu zehn Prozent aus, weitere sechs Prozent sehen das Marktwachstum sogar jenseits dieser Marke.<\/p>\r\n<figure id=\"attachment_209776\" class=\"wp-caption aligncenter\" style=\"width: 1024px\" aria-describedby=\"caption-attachment-209776\"><img class=\"wp-image-209776 size-full\" src=\"https:\/\/www.werbewoche.ch\/wp-content\/uploads\/2024\/02\/DMEXCO24_Grafik_UmfrtungenOnline_DE.jpg\" alt=\"\" width=\"1024\" height=\"512\" \/>\r\n<figcaption id=\"caption-attachment-209776\" class=\"wp-caption-text\">(Grafiken: Civey\/DMEXCO)<\/figcaption>\r\n<\/figure>\r\n<p>Doch es gibt auch skeptischere Prognosen: Jede:r F\u00fcnfte prognostiziert eine Stagnation, etwa jede:r Vierte rechnet mit einem Minus in der Online-Werbebilanz. F\u00fcnf Prozent sehen gar einen Absturz von mehr als zehn Prozent auf die Branche zukommen. Jede:r Zehnte kann die Lage aktuell nicht einsch\u00e4tzen.<\/p>\r\n<p>Gem\u00e4ss Thomas Mosch, Director Conference der DMEXCO, geben die Umfrageergebnisse wichtige Impulse f\u00fcr die n\u00e4chste DMEXCO: \u00abDie Ergebnisse zeigen die heterogene Stimmung im Markt und die differenzierten Erwartungen. Doch die Mehrheit startet optimistisch ins neue Jahr, sie vertraut auf die steigende Investitionsbereitschaft der Werbetreibenden in Online Marketing.\u00bb<\/p>\r\n<p>Rund jede:r zweite Expert:in prognostiziert Budgeterh\u00f6hungen vor allem im Bereich Social Media (52,9 Prozent) und Suchmaschinen-Marketing (46,5 Prozent). Etwa ein F\u00fcnftel der Befragten stuft explizit Influencer Marketing als das am st\u00e4rksten wachsende Segment ein. Gerade f\u00fcr die befragten 30- bis 39-J\u00e4hrigen spielt die Zusammenarbeit mit Influencer:innen eine zunehmend wichtigere Rolle: Hier w\u00fcrden 26 Prozent mehr investieren. Mit Blick auf die Geschlechterverteilung sticht eine Zahl heraus: 31 Prozent der weiblichen Expert:innen w\u00fcrden h\u00f6here Investments in Influencer Marketing einplanen \u2013 bei den M\u00e4nnern hingegen sind es nur neun Prozent.<\/p>\r\n<p><img class=\"aligncenter size-full wp-image-209775\" src=\"https:\/\/www.werbewoche.ch\/wp-content\/uploads\/2024\/02\/DMEXCO24_Grafik_Umfr12_ErhBudget_DE.jpg\" alt=\"\" width=\"1024\" height=\"512\" \/><\/p>\r\n<p><strong>Top-Trends KI, Nachhaltigkeit und soziale Verantwortung <\/strong><\/p>\r\n<p>K\u00fcnstliche Intelligenz bleibt auch 2024 der Top-Trend im digitalen Marketing. Nachhaltigkeit und soziale Verantwortung stehen auf dem zweiten Platz und Social Commerce auf dem dritten Rang. Auff\u00e4llig ist die unterschiedliche Bewertung des Themas Mixed Reality bei den Altersgruppen der Befragten. 62 Prozent der 18- bis 29-J\u00e4hrigen bewerten VR, AR und andere Mixed Reality-Anwendungen als hoch relevant f\u00fcr das Online-Marketing \u2013 der Wert ist um ein Vielfaches h\u00f6her als der Durchschnitt \u00fcber alle Altersgruppen (11,3 Prozent).<\/p>\r\n<p><img class=\"aligncenter size-full wp-image-209777\" src=\"https:\/\/www.werbewoche.ch\/wp-content\/uploads\/2024\/02\/Erwartungen-Marketing_Trends-Civey-DMEXCO.jpg\" alt=\"\" width=\"1024\" height=\"512\" \/><\/p>\r\n<p>\u00abMit K\u00fcnstlicher Intelligenz und Nachhaltigkeit bestimmen zwei Megatrends das Jahr 2024, die nicht nur unsere Branche, sondern die gesamte Gesellschaft massgeblich pr\u00e4gen. Bei KI geht es um Gesch\u00e4ftsmodelle, Einsatzm\u00f6glichkeiten entlang der Wertsch\u00f6pfungskette und wie wir die Menschen bei dieser Transformation mitnehmen. Nachhaltigkeit wird in diesem Jahr immer mehr zur harten W\u00e4hrung und h\u00e4lt st\u00e4rker Einzug in der Digitalen Wirtschaft. Beide Entwicklungen werden wir im BVDW und auf der DMEXCO mitgestalten\u00bb, erkl\u00e4rt Carsten Rasner, Gesch\u00e4ftsf\u00fchrender Vorstand des Bundesverbandes Digitale Wirtschaft (BVDW) e. V.<\/p>\r\n<p>Gem\u00e4ss Thomas Mosch zeige die aktuelle Studie im Vergleich zu fr\u00fcheren Umfragen ein verst\u00e4rkt heterogenes Stimmungsbild in der Branche. Zum Gl\u00fcck \u00fcberwiege aber der Optimismus: \u00abWirkungsvolles Marketing ist entscheidend, um sich in dynamischen M\u00e4rkten zu orientieren. Im vergangenen Jahr haben wir die Alltagstauglichkeit von K\u00fcnstlicher Intelligenz im Marketing eher konstatiert. Auf der DMEXCO 2024 werden wir an vielen konkreten Projekten erleben, wie produktiv und wie disruptiv KI tats\u00e4chlich sein kann\u00bb, schliesst Mosch.<\/p>\r\n<hr \/>\r\n<p><em>Das Marktforschungsunternehmen Civey hat im Auftrag der DMEXCO zwischen dem 23. November 2023 und dem 2. Januar 2024 insgesamt 350 Fachkr\u00e4fte in Marketing und Werbung online befragt.<\/em><\/p>\r\n<p><em>Einen Deep Dive in die Ergebnisse gibt es im <a href=\"https:\/\/dmexco.com\/de\/stories\/dmexco-umfrage-die-wichtigsten-marketing-trends-2024\/\">kostenlosen Whitepaper<\/a>.<\/em><\/p>","protected":false},"excerpt":{"rendered":"<p>Bleibt Online-Marketing 2024 der Wachstumsmotor im Werbemarkt oder dreht sich die Stimmung angesichts der multiplen Krisen? Eine aktuelle Umfrage des Marktforschungsunternehmens Civey im Auftrag der DMEXCO in Deutschland zeigt: Das Stimmungsbild in den deutschen Marketing- und Werbeabteilungen ist uneinheitlich, gleichwohl wird eine eindeutige Tendenz sichtbar.<\/p>\n","protected":false},"author":8,"featured_media":0,"comment_status":"closed","ping_status":"closed","sticky":false,"template":"","format":"standard","meta":{"_acf_changed":false,"_yoast_wpseo_focuskw":"Online-Werbemarkt Trends","_yoast_wpseo_metadesc":"Online-Werbemarkt 2024: Wachstum erwartet. Trends: KI, Nachhaltigkeit, Social Commerce.","articlekey":"","footnotes":""},"categories":[29],"tags":[4083],"class_list":["post-24765","post","type-post","status-publish","format-standard","hentry","category-marketing","tag-dmexco"],"acf":[],"yoast_head":"<!-- This site is optimized with the Yoast SEO plugin v27.5 - https:\/\/yoast.com\/product\/yoast-seo-wordpress\/ -->\n<title>DMEXCO-Umfrage 2024: Wachstum im Online-Marketing erwartet - Organisator<\/title>\n<meta name=\"description\" content=\"Online-Werbemarkt 2024: Wachstum erwartet. Trends: KI, Nachhaltigkeit, Social Commerce.\" \/>\n<meta name=\"robots\" content=\"index, follow, max-snippet:-1, max-image-preview:large, max-video-preview:-1\" \/>\n<link rel=\"canonical\" href=\"https:\/\/www.organisator.ch\/de\/marketing\/2024-02-04\/dmexco-umfrage-2024-wachstum-im-online-marketing-erwartet\/\" \/>\n<meta property=\"og:locale\" content=\"de_DE\" \/>\n<meta property=\"og:type\" content=\"article\" \/>\n<meta property=\"og:title\" content=\"DMEXCO-Umfrage 2024: Wachstum im Online-Marketing erwartet - Organisator\" \/>\n<meta property=\"og:description\" content=\"Online-Werbemarkt 2024: Wachstum erwartet. Trends: KI, Nachhaltigkeit, Social Commerce.\" \/>\n<meta property=\"og:url\" content=\"https:\/\/www.organisator.ch\/de\/marketing\/2024-02-04\/dmexco-umfrage-2024-wachstum-im-online-marketing-erwartet\/\" \/>\n<meta property=\"og:site_name\" content=\"Organisator\" \/>\n<meta property=\"article:publisher\" content=\"https:\/\/www.facebook.com\/OrganisatorFachmagazin\" \/>\n<meta property=\"article:published_time\" content=\"2024-02-04T12:19:00+00:00\" \/>\n<meta property=\"article:modified_time\" content=\"2024-11-12T05:40:44+00:00\" \/>\n<meta property=\"og:image\" content=\"https:\/\/www.werbewoche.ch\/wp-content\/uploads\/2024\/02\/DMEXCO-Studie-Marketingtrends-2024-1.jpg\" \/>\n<meta name=\"author\" content=\"galledia\" \/>\n<meta name=\"twitter:card\" content=\"summary_large_image\" \/>\n<meta name=\"twitter:creator\" content=\"@admin\" \/>\n<script type=\"application\/ld+json\" class=\"yoast-schema-graph\">{\"@context\":\"https:\\\/\\\/schema.org\",\"@graph\":[{\"@type\":\"Article\",\"@id\":\"https:\\\/\\\/www.organisator.ch\\\/marketing\\\/2024-02-04\\\/dmexco-umfrage-2024-wachstum-im-online-marketing-erwartet\\\/#article\",\"isPartOf\":{\"@id\":\"https:\\\/\\\/www.organisator.ch\\\/marketing\\\/2024-02-04\\\/dmexco-umfrage-2024-wachstum-im-online-marketing-erwartet\\\/\"},\"author\":{\"name\":\"galledia\",\"@id\":\"https:\\\/\\\/www.organisator.ch\\\/#\\\/schema\\\/person\\\/4e51799071cd2dd1232ac003643ef5f0\"},\"headline\":\"DMEXCO-Umfrage 2024: Wachstum im Online-Marketing erwartet\",\"datePublished\":\"2024-02-04T12:19:00+00:00\",\"dateModified\":\"2024-11-12T05:40:44+00:00\",\"mainEntityOfPage\":{\"@id\":\"https:\\\/\\\/www.organisator.ch\\\/marketing\\\/2024-02-04\\\/dmexco-umfrage-2024-wachstum-im-online-marketing-erwartet\\\/\"},\"wordCount\":549,\"publisher\":{\"@id\":\"https:\\\/\\\/www.organisator.ch\\\/#organization\"},\"image\":{\"@id\":\"https:\\\/\\\/www.organisator.ch\\\/marketing\\\/2024-02-04\\\/dmexco-umfrage-2024-wachstum-im-online-marketing-erwartet\\\/#primaryimage\"},\"thumbnailUrl\":\"https:\\\/\\\/www.werbewoche.ch\\\/wp-content\\\/uploads\\\/2024\\\/02\\\/DMEXCO-Studie-Marketingtrends-2024-1.jpg\",\"keywords\":[\"Dmexco\"],\"articleSection\":[\"MARKETING\"],\"inLanguage\":\"de\"},{\"@type\":\"WebPage\",\"@id\":\"https:\\\/\\\/www.organisator.ch\\\/marketing\\\/2024-02-04\\\/dmexco-umfrage-2024-wachstum-im-online-marketing-erwartet\\\/\",\"url\":\"https:\\\/\\\/www.organisator.ch\\\/marketing\\\/2024-02-04\\\/dmexco-umfrage-2024-wachstum-im-online-marketing-erwartet\\\/\",\"name\":\"DMEXCO-Umfrage 2024: Wachstum im Online-Marketing erwartet - Organisator\",\"isPartOf\":{\"@id\":\"https:\\\/\\\/www.organisator.ch\\\/#website\"},\"primaryImageOfPage\":{\"@id\":\"https:\\\/\\\/www.organisator.ch\\\/marketing\\\/2024-02-04\\\/dmexco-umfrage-2024-wachstum-im-online-marketing-erwartet\\\/#primaryimage\"},\"image\":{\"@id\":\"https:\\\/\\\/www.organisator.ch\\\/marketing\\\/2024-02-04\\\/dmexco-umfrage-2024-wachstum-im-online-marketing-erwartet\\\/#primaryimage\"},\"thumbnailUrl\":\"https:\\\/\\\/www.werbewoche.ch\\\/wp-content\\\/uploads\\\/2024\\\/02\\\/DMEXCO-Studie-Marketingtrends-2024-1.jpg\",\"datePublished\":\"2024-02-04T12:19:00+00:00\",\"dateModified\":\"2024-11-12T05:40:44+00:00\",\"description\":\"Online-Werbemarkt 2024: Wachstum erwartet. Trends: KI, Nachhaltigkeit, Social Commerce.\",\"breadcrumb\":{\"@id\":\"https:\\\/\\\/www.organisator.ch\\\/marketing\\\/2024-02-04\\\/dmexco-umfrage-2024-wachstum-im-online-marketing-erwartet\\\/#breadcrumb\"},\"inLanguage\":\"de\",\"potentialAction\":[{\"@type\":\"ReadAction\",\"target\":[\"https:\\\/\\\/www.organisator.ch\\\/marketing\\\/2024-02-04\\\/dmexco-umfrage-2024-wachstum-im-online-marketing-erwartet\\\/\"]}]},{\"@type\":\"ImageObject\",\"inLanguage\":\"de\",\"@id\":\"https:\\\/\\\/www.organisator.ch\\\/marketing\\\/2024-02-04\\\/dmexco-umfrage-2024-wachstum-im-online-marketing-erwartet\\\/#primaryimage\",\"url\":\"https:\\\/\\\/www.werbewoche.ch\\\/wp-content\\\/uploads\\\/2024\\\/02\\\/DMEXCO-Studie-Marketingtrends-2024-1.jpg\",\"contentUrl\":\"https:\\\/\\\/www.werbewoche.ch\\\/wp-content\\\/uploads\\\/2024\\\/02\\\/DMEXCO-Studie-Marketingtrends-2024-1.jpg\"},{\"@type\":\"BreadcrumbList\",\"@id\":\"https:\\\/\\\/www.organisator.ch\\\/marketing\\\/2024-02-04\\\/dmexco-umfrage-2024-wachstum-im-online-marketing-erwartet\\\/#breadcrumb\",\"itemListElement\":[{\"@type\":\"ListItem\",\"position\":1,\"name\":\"Home\",\"item\":\"https:\\\/\\\/www.organisator.ch\\\/\"},{\"@type\":\"ListItem\",\"position\":2,\"name\":\"DMEXCO-Umfrage 2024: Wachstum im Online-Marketing erwartet\"}]},{\"@type\":\"WebSite\",\"@id\":\"https:\\\/\\\/www.organisator.ch\\\/#website\",\"url\":\"https:\\\/\\\/www.organisator.ch\\\/\",\"name\":\"Organisator\",\"description\":\"Kompetent. Praxisnah. Der ORGANISATOR bereitet in 10 Ausgaben pro Jahr die wesentlichen Themen f\u00fcr F\u00fchrungskr\u00e4fte von KMU auf.\",\"publisher\":{\"@id\":\"https:\\\/\\\/www.organisator.ch\\\/#organization\"},\"potentialAction\":[{\"@type\":\"SearchAction\",\"target\":{\"@type\":\"EntryPoint\",\"urlTemplate\":\"https:\\\/\\\/www.organisator.ch\\\/?s={search_term_string}\"},\"query-input\":{\"@type\":\"PropertyValueSpecification\",\"valueRequired\":true,\"valueName\":\"search_term_string\"}}],\"inLanguage\":\"de\"},{\"@type\":\"Organization\",\"@id\":\"https:\\\/\\\/www.organisator.ch\\\/#organization\",\"name\":\"Organisator\",\"url\":\"https:\\\/\\\/www.organisator.ch\\\/\",\"logo\":{\"@type\":\"ImageObject\",\"inLanguage\":\"de\",\"@id\":\"https:\\\/\\\/www.organisator.ch\\\/#\\\/schema\\\/logo\\\/image\\\/\",\"url\":\"https:\\\/\\\/www.organisator.ch\\\/wp-content\\\/uploads\\\/2022\\\/01\\\/Logo_Organisator_Website.png\",\"contentUrl\":\"https:\\\/\\\/www.organisator.ch\\\/wp-content\\\/uploads\\\/2022\\\/01\\\/Logo_Organisator_Website.png\",\"width\":800,\"height\":77,\"caption\":\"Organisator\"},\"image\":{\"@id\":\"https:\\\/\\\/www.organisator.ch\\\/#\\\/schema\\\/logo\\\/image\\\/\"},\"sameAs\":[\"https:\\\/\\\/www.facebook.com\\\/OrganisatorFachmagazin\",\"https:\\\/\\\/www.linkedin.com\\\/showcase\\\/organisator-das-magazin-fr-kmu\",\"https:\\\/\\\/www.xing.com\\\/news\\\/pages\\\/organisator-ch-695\",\"https:\\\/\\\/www.youtube.com\\\/channel\\\/UCGP2Sq0iWaZwT3BdIAQFYpw\"]},{\"@type\":\"Person\",\"@id\":\"https:\\\/\\\/www.organisator.ch\\\/#\\\/schema\\\/person\\\/4e51799071cd2dd1232ac003643ef5f0\",\"name\":\"galledia\",\"image\":{\"@type\":\"ImageObject\",\"inLanguage\":\"de\",\"@id\":\"https:\\\/\\\/secure.gravatar.com\\\/avatar\\\/78a7f90c01fc2bfc875782a0d4922b37cde2cf184ce347b91316d23cd7f69a36?s=96&d=mm&r=g\",\"url\":\"https:\\\/\\\/secure.gravatar.com\\\/avatar\\\/78a7f90c01fc2bfc875782a0d4922b37cde2cf184ce347b91316d23cd7f69a36?s=96&d=mm&r=g\",\"contentUrl\":\"https:\\\/\\\/secure.gravatar.com\\\/avatar\\\/78a7f90c01fc2bfc875782a0d4922b37cde2cf184ce347b91316d23cd7f69a36?s=96&d=mm&r=g\",\"caption\":\"galledia\"},\"sameAs\":[\"https:\\\/\\\/x.com\\\/admin\"],\"url\":\"https:\\\/\\\/www.organisator.ch\\\/de\\\/author\\\/galledia\\\/\"}]}<\/script>\n<!-- \/ Yoast SEO plugin. -->","yoast_head_json":{"title":"DMEXCO-Umfrage 2024: Wachstum im Online-Marketing erwartet - Organisator","description":"Online-Werbemarkt 2024: Wachstum erwartet. Trends: KI, Nachhaltigkeit, Social Commerce.","robots":{"index":"index","follow":"follow","max-snippet":"max-snippet:-1","max-image-preview":"max-image-preview:large","max-video-preview":"max-video-preview:-1"},"canonical":"https:\/\/www.organisator.ch\/de\/marketing\/2024-02-04\/dmexco-umfrage-2024-wachstum-im-online-marketing-erwartet\/","og_locale":"de_DE","og_type":"article","og_title":"DMEXCO-Umfrage 2024: Wachstum im Online-Marketing erwartet - Organisator","og_description":"Online-Werbemarkt 2024: Wachstum erwartet. Trends: KI, Nachhaltigkeit, Social Commerce.","og_url":"https:\/\/www.organisator.ch\/de\/marketing\/2024-02-04\/dmexco-umfrage-2024-wachstum-im-online-marketing-erwartet\/","og_site_name":"Organisator","article_publisher":"https:\/\/www.facebook.com\/OrganisatorFachmagazin","article_published_time":"2024-02-04T12:19:00+00:00","article_modified_time":"2024-11-12T05:40:44+00:00","og_image":[{"url":"https:\/\/www.werbewoche.ch\/wp-content\/uploads\/2024\/02\/DMEXCO-Studie-Marketingtrends-2024-1.jpg","type":"","width":"","height":""}],"author":"galledia","twitter_card":"summary_large_image","twitter_creator":"@admin","schema":{"@context":"https:\/\/schema.org","@graph":[{"@type":"Article","@id":"https:\/\/www.organisator.ch\/marketing\/2024-02-04\/dmexco-umfrage-2024-wachstum-im-online-marketing-erwartet\/#article","isPartOf":{"@id":"https:\/\/www.organisator.ch\/marketing\/2024-02-04\/dmexco-umfrage-2024-wachstum-im-online-marketing-erwartet\/"},"author":{"name":"galledia","@id":"https:\/\/www.organisator.ch\/#\/schema\/person\/4e51799071cd2dd1232ac003643ef5f0"},"headline":"DMEXCO-Umfrage 2024: Wachstum im Online-Marketing erwartet","datePublished":"2024-02-04T12:19:00+00:00","dateModified":"2024-11-12T05:40:44+00:00","mainEntityOfPage":{"@id":"https:\/\/www.organisator.ch\/marketing\/2024-02-04\/dmexco-umfrage-2024-wachstum-im-online-marketing-erwartet\/"},"wordCount":549,"publisher":{"@id":"https:\/\/www.organisator.ch\/#organization"},"image":{"@id":"https:\/\/www.organisator.ch\/marketing\/2024-02-04\/dmexco-umfrage-2024-wachstum-im-online-marketing-erwartet\/#primaryimage"},"thumbnailUrl":"https:\/\/www.werbewoche.ch\/wp-content\/uploads\/2024\/02\/DMEXCO-Studie-Marketingtrends-2024-1.jpg","keywords":["Dmexco"],"articleSection":["MARKETING"],"inLanguage":"de"},{"@type":"WebPage","@id":"https:\/\/www.organisator.ch\/marketing\/2024-02-04\/dmexco-umfrage-2024-wachstum-im-online-marketing-erwartet\/","url":"https:\/\/www.organisator.ch\/marketing\/2024-02-04\/dmexco-umfrage-2024-wachstum-im-online-marketing-erwartet\/","name":"DMEXCO-Umfrage 2024: Wachstum im Online-Marketing erwartet - Organisator","isPartOf":{"@id":"https:\/\/www.organisator.ch\/#website"},"primaryImageOfPage":{"@id":"https:\/\/www.organisator.ch\/marketing\/2024-02-04\/dmexco-umfrage-2024-wachstum-im-online-marketing-erwartet\/#primaryimage"},"image":{"@id":"https:\/\/www.organisator.ch\/marketing\/2024-02-04\/dmexco-umfrage-2024-wachstum-im-online-marketing-erwartet\/#primaryimage"},"thumbnailUrl":"https:\/\/www.werbewoche.ch\/wp-content\/uploads\/2024\/02\/DMEXCO-Studie-Marketingtrends-2024-1.jpg","datePublished":"2024-02-04T12:19:00+00:00","dateModified":"2024-11-12T05:40:44+00:00","description":"Online-Werbemarkt 2024: Wachstum erwartet. Trends: KI, Nachhaltigkeit, Social Commerce.","breadcrumb":{"@id":"https:\/\/www.organisator.ch\/marketing\/2024-02-04\/dmexco-umfrage-2024-wachstum-im-online-marketing-erwartet\/#breadcrumb"},"inLanguage":"de","potentialAction":[{"@type":"ReadAction","target":["https:\/\/www.organisator.ch\/marketing\/2024-02-04\/dmexco-umfrage-2024-wachstum-im-online-marketing-erwartet\/"]}]},{"@type":"ImageObject","inLanguage":"de","@id":"https:\/\/www.organisator.ch\/marketing\/2024-02-04\/dmexco-umfrage-2024-wachstum-im-online-marketing-erwartet\/#primaryimage","url":"https:\/\/www.werbewoche.ch\/wp-content\/uploads\/2024\/02\/DMEXCO-Studie-Marketingtrends-2024-1.jpg","contentUrl":"https:\/\/www.werbewoche.ch\/wp-content\/uploads\/2024\/02\/DMEXCO-Studie-Marketingtrends-2024-1.jpg"},{"@type":"BreadcrumbList","@id":"https:\/\/www.organisator.ch\/marketing\/2024-02-04\/dmexco-umfrage-2024-wachstum-im-online-marketing-erwartet\/#breadcrumb","itemListElement":[{"@type":"ListItem","position":1,"name":"Home","item":"https:\/\/www.organisator.ch\/"},{"@type":"ListItem","position":2,"name":"DMEXCO-Umfrage 2024: Wachstum im Online-Marketing erwartet"}]},{"@type":"WebSite","@id":"https:\/\/www.organisator.ch\/#website","url":"https:\/\/www.organisator.ch\/","name":"Organisator","description":"Kompetent. Praxisnah. Der ORGANISATOR bereitet in 10 Ausgaben pro Jahr die wesentlichen Themen f\u00fcr F\u00fchrungskr\u00e4fte von KMU auf.","publisher":{"@id":"https:\/\/www.organisator.ch\/#organization"},"potentialAction":[{"@type":"SearchAction","target":{"@type":"EntryPoint","urlTemplate":"https:\/\/www.organisator.ch\/?s={search_term_string}"},"query-input":{"@type":"PropertyValueSpecification","valueRequired":true,"valueName":"search_term_string"}}],"inLanguage":"de"},{"@type":"Organization","@id":"https:\/\/www.organisator.ch\/#organization","name":"Organisator","url":"https:\/\/www.organisator.ch\/","logo":{"@type":"ImageObject","inLanguage":"de","@id":"https:\/\/www.organisator.ch\/#\/schema\/logo\/image\/","url":"https:\/\/www.organisator.ch\/wp-content\/uploads\/2022\/01\/Logo_Organisator_Website.png","contentUrl":"https:\/\/www.organisator.ch\/wp-content\/uploads\/2022\/01\/Logo_Organisator_Website.png","width":800,"height":77,"caption":"Organisator"},"image":{"@id":"https:\/\/www.organisator.ch\/#\/schema\/logo\/image\/"},"sameAs":["https:\/\/www.facebook.com\/OrganisatorFachmagazin","https:\/\/www.linkedin.com\/showcase\/organisator-das-magazin-fr-kmu","https:\/\/www.xing.com\/news\/pages\/organisator-ch-695","https:\/\/www.youtube.com\/channel\/UCGP2Sq0iWaZwT3BdIAQFYpw"]},{"@type":"Person","@id":"https:\/\/www.organisator.ch\/#\/schema\/person\/4e51799071cd2dd1232ac003643ef5f0","name":"galledia","image":{"@type":"ImageObject","inLanguage":"de","@id":"https:\/\/secure.gravatar.com\/avatar\/78a7f90c01fc2bfc875782a0d4922b37cde2cf184ce347b91316d23cd7f69a36?s=96&d=mm&r=g","url":"https:\/\/secure.gravatar.com\/avatar\/78a7f90c01fc2bfc875782a0d4922b37cde2cf184ce347b91316d23cd7f69a36?s=96&d=mm&r=g","contentUrl":"https:\/\/secure.gravatar.com\/avatar\/78a7f90c01fc2bfc875782a0d4922b37cde2cf184ce347b91316d23cd7f69a36?s=96&d=mm&r=g","caption":"galledia"},"sameAs":["https:\/\/x.com\/admin"],"url":"https:\/\/www.organisator.ch\/de\/author\/galledia\/"}]}},"_links":{"self":[{"href":"https:\/\/www.organisator.ch\/de\/wp-json\/wp\/v2\/posts\/24765","targetHints":{"allow":["GET"]}}],"collection":[{"href":"https:\/\/www.organisator.ch\/de\/wp-json\/wp\/v2\/posts"}],"about":[{"href":"https:\/\/www.organisator.ch\/de\/wp-json\/wp\/v2\/types\/post"}],"author":[{"embeddable":true,"href":"https:\/\/www.organisator.ch\/de\/wp-json\/wp\/v2\/users\/8"}],"replies":[{"embeddable":true,"href":"https:\/\/www.organisator.ch\/de\/wp-json\/wp\/v2\/comments?post=24765"}],"version-history":[{"count":6,"href":"https:\/\/www.organisator.ch\/de\/wp-json\/wp\/v2\/posts\/24765\/revisions"}],"predecessor-version":[{"id":32517,"href":"https:\/\/www.organisator.ch\/de\/wp-json\/wp\/v2\/posts\/24765\/revisions\/32517"}],"wp:attachment":[{"href":"https:\/\/www.organisator.ch\/de\/wp-json\/wp\/v2\/media?parent=24765"}],"wp:term":[{"taxonomy":"category","embeddable":true,"href":"https:\/\/www.organisator.ch\/de\/wp-json\/wp\/v2\/categories?post=24765"},{"taxonomy":"post_tag","embeddable":true,"href":"https:\/\/www.organisator.ch\/de\/wp-json\/wp\/v2\/tags?post=24765"}],"curies":[{"name":"wp","href":"https:\/\/api.w.org\/{rel}","templated":true}]}}