{"id":2478,"date":"2019-09-20T10:56:12","date_gmt":"2019-09-20T08:56:12","guid":{"rendered":"https:\/\/www.umweltperspektiven.ch\/?p=2478"},"modified":"2022-02-09T11:06:51","modified_gmt":"2022-02-09T10:06:51","slug":"rueckschau-2-tag-der-insekten-schweiz","status":"publish","type":"post","link":"https:\/\/www.organisator.ch\/de\/sustainability\/2019-09-20\/rueckschau-2-tag-der-insekten-schweiz\/","title":{"rendered":"R\u00fcckschau: &#8222;2. Tag der Insekten Schweiz&#8220;"},"content":{"rendered":"<figure id=\"attachment_2479\" aria-describedby=\"caption-attachment-2479\" style=\"width: 680px\" class=\"wp-caption alignnone\"><img loading=\"lazy\" decoding=\"async\" class=\"size-medium wp-image-2479\" src=\"\/\/www.umweltperspektiven.ch\/wp-content\/uploads\/2019\/09\/Insekt.jpg\" alt=\"\" width=\"680\" height=\"454\" srcset=\"https:\/\/www.organisator.ch\/wp-content\/uploads\/2019\/09\/Insekt.jpg 2048w, https:\/\/www.organisator.ch\/wp-content\/uploads\/2019\/09\/Insekt-680x454.jpg 680w, https:\/\/www.organisator.ch\/wp-content\/uploads\/2019\/09\/Insekt-1024x684.jpg 1024w, https:\/\/www.organisator.ch\/wp-content\/uploads\/2019\/09\/Insekt-768x513.jpg 768w, https:\/\/www.organisator.ch\/wp-content\/uploads\/2019\/09\/Insekt-1536x1025.jpg 1536w, https:\/\/www.organisator.ch\/wp-content\/uploads\/2019\/09\/Insekt-18x12.jpg 18w, https:\/\/www.organisator.ch\/wp-content\/uploads\/2019\/09\/Insekt-262x175.jpg 262w, https:\/\/www.organisator.ch\/wp-content\/uploads\/2019\/09\/Insekt-524x350.jpg 524w, https:\/\/www.organisator.ch\/wp-content\/uploads\/2019\/09\/Insekt-1199x800.jpg 1199w, https:\/\/www.organisator.ch\/wp-content\/uploads\/2019\/09\/Insekt-920x614.jpg 920w, https:\/\/www.organisator.ch\/wp-content\/uploads\/2019\/09\/Insekt-1400x934.jpg 1400w, https:\/\/www.organisator.ch\/wp-content\/uploads\/2019\/09\/Insekt-300x200.jpg 300w\" sizes=\"auto, (max-width: 680px) 100vw, 680px\" \/><figcaption id=\"caption-attachment-2479\" class=\"wp-caption-text\">In der Schweiz zeigen die Roten Listen, dass \u00fcber 40 Prozent der Insektenarten gef\u00e4hrdet und 5 Prozent bereits ausgestorben sind. In manchen deutschsprachigen Gebieten ist ihre Anzahl um \u00fcber 70 Prozent zur\u00fcckgegangen, wurden zahlreiche Teilnehmende am &#8222;2. Tag der Insekten Schweiz&#8220; informiert. (Bild: Insect Respect)<\/figcaption><\/figure>\n<p>Am &#8222;2. Tag der Insekten Schweiz&#8220; wurde man \u00fcber den gravierenden Insektenschwund in der Schweiz sowie in Nachbarl\u00e4ndern informiert.\u00a0 Die Menge und Vielfalt an Insekten hat in den letzten Jahrzehnten drastisch abgenommen.\u00a0Edward Wilson, der renommierte amerikanische Entomologe, hat errechnet, dass die Menschen ohne Insekten nur wenige Monate \u00fcberleben k\u00f6nnten. Doch Zahl und Vielfalt der Insekten sinken dramatisch:<\/p>\n<p>In der Schweiz zeigen die Roten Listen, dass \u00fcber 40 Prozent der Insektenarten gef\u00e4hrdet sind und 5 Prozent bereits ausgestorben. In manchen deutschsprachigen Gebieten ist ihre Anzahl um \u00fcber 70 Prozent zur\u00fcckgegangen. Die Gr\u00fcnde sind vielf\u00e4ltig, wie auch die Expertinnen und Experten am &#8222;2. Tag der Insekten Schweiz&#8220; am 19. September 2019 in Aarau betonten: Einerseits verschwinden durch die intensive Landwirtschaft immer mehr Insekten aus unserer Landschaft, andererseits f\u00fchren die zunehmende \u00dcberbauung und Zerschneidung der Lebensr\u00e4ume zum massiven Insektensterben.<\/p>\n<p><strong>Unverh\u00e4ltnism\u00e4ssige D\u00fcngung\u00a0\u00a0<\/strong><br \/>\nProf. Dr. Josef H. Reichholf, Keynote-Speaker am Tag der Insekten und Schmetterlingsfachmann aus Bayern, stellte in seinem Referat fest: \u00abDer Stickstoffd\u00fcnger ist zum Erstick-Stoff der Artenvielfalt im Kulturland geworden. Pflanzenschutzmittel dezimieren Insekten zus\u00e4tzlich, genauso aber auch unser masslos \u00fcbertriebene Sauberkeitswahn.\u00bb Dieser f\u00fchrt vielerorts dazu, dass insektenreiche Strassenr\u00e4nder zu Unzeit gem\u00e4ht oder \u00f6ffentliche Fl\u00e4chen mit Gift gespritzt werden.<\/p>\n<p>Ulrich Veith, B\u00fcrgermeister von Gemeinde Mals im S\u00fcdtirol, machte mit seiner Rede Mut und zeigte auf, wie es auch in der Schweiz gelingen k\u00f6nnte, das Kulturland wieder insektenfreundlicher zu gestalten. \u00abWir wollten nicht warten, bis von den hohen Politikern etwas zum Schutz der Natur und der Insekten kommt, sondern innerhalb der Gemeinde selber etwas unternehmen.\u00bb Trotz viel Gegenwind ist es in Mals nun mit Unterst\u00fctzung der Bev\u00f6lkerung gelungen, auf allen landwirtschaftlichen und privaten Fl\u00e4chen der Gemeinde den Einsatz von Pflanzenschutzmitteln gesetzlich zu verbieten. Heute finden dort Bioprodukte aller Art immer gr\u00f6sseren Absatz.<\/p>\n<p><strong>Taten statt Worte<\/strong><br \/>\nUm nicht nur Probleme, sondern auch L\u00f6sungen aufzuzeigen, diskutierten die Teilnehmenden in Workshops verschiedene Massnahmen, wie sich Insekten am besten f\u00f6rdern lassen. Bei fast allen Workshops kristallisierte sich heraus, dass zuerst ein besserer Zugang zu den Insekten geschaffen werden sollte, zum Beispiel durch konkretes Sehen oder Erleben ihrer Sch\u00f6nheit und Vielfalt.<\/p>\n<p>Die beiden Veranstalter BirdLife Schweiz und Insect Respect freuen sich \u00fcber den Verlauf der Tagung. Werner M\u00fcller, Gesch\u00e4ftsf\u00fchrer von BirdLife Schweiz: \u00abInformieren, vernetzen und handeln, darum geht es beim Tag der Insekten. Wir sind \u00fcberzeugt, dass jetzt viele neue Projekte gestartet werden, um dem Insektensterben zu trotzen.\u00bb Auch Dr. Hans-Dietrich Reckhaus, Gesch\u00e4ftsf\u00fchrer des Biozidunternehmens Reckhaus AG und Initiator von Insect Respect, ist \u00fcberzeugt, dass die Tagung nicht nur zum Nachdenken, sondern auch Handeln angeregt hat: \u00abRespekt h\u00f6rt nicht bei Zwei- oder Vierbeinern auf. Wer jetzt noch seinen Garten spritzt, hat nichts verstanden.\u00bb<\/p>\n<p><strong>Politik ist gefordert<\/strong><br \/>\nEin Umdenken und Handeln ist aber nicht nur bei jedem Einzelnen im kleinen Rahmen gefragt. Gefordert ist nach dieser Tagung nicht zuletzt auch die Politik. Oder um es mit den Worten von Prof. Dr. Josef H. Reichholf zu sagen: \u00abDer Tag der Insekten ist f\u00fcr mich besonders wichtig, weil er in die gegenw\u00e4rtigen Diskussionen wesentliche Fakten einbringt. Die immer neuen Fakten um den Insektenr\u00fcckgang m\u00fcssen nun in die Politik.\u00bb Mit Agrarpolitik AP22+, der Trinkwasser- und Pestizid-Initiative, der Revision des Raumplanungsgesetzes und der kommenden Doppelinitiative f\u00fcr Biodiversit\u00e4t und Landschaft ist viel in Bewegung gekommen. Das gilt es zu nutzen, um dem Insektensterben entgegen zu wirken.<\/p>\n<p><em>Zehn gute Gr\u00fcnde, Insekten zu respektieren:<\/em><br \/>\n<em>1. \u00d6kosystem: Insekten geben der Natur mehr Widerstandskraft.<\/em><br \/>\n<em>2. Best\u00e4ubung: Insekten halten die Pflanzenwelt am Leben.<\/em><br \/>\n<em>3. Kreislauf: Insekten sind ein wichtiger Teil der Nahrungskette.<\/em><br \/>\n<em>4. Futter und Essen: Insekten sichern die Weltern\u00e4hrung.<\/em><br \/>\n<em>5. Hygiene: Insekten befreien uns von \u00abM\u00fcll\u00bb.<\/em><br \/>\n<em>6. B\u00f6den: Insekten machen unsere Erde fruchtbar.<\/em><br \/>\n<em>7. Kleidung: Insekten sind f\u00fcr die Textilproduktion unentbehrlich.<\/em><br \/>\n<em>8. Industrie: Insekten produzieren Chemikalien.<\/em><br \/>\n<em>9. Medizin: Insekten heilen.<\/em><br \/>\n<em>10. Forschung: Insekten sind wissenschaftlich \u00e4usserst wertvoll.<\/em><\/p>\n<p><a href=\"\/\/www.birdlife.ch\/tag-der-insekten\">www.birdlife.ch\/tag-der-insekten<\/a><\/p>\n<p>&nbsp;<\/p>\n<p>&nbsp;<\/p>\n","protected":false},"excerpt":{"rendered":"<p>Am &#8222;2. Tag der Insekten Schweiz&#8220; wurde man \u00fcber den gravierenden Insektenschwund in der Schweiz sowie in Nachbarl\u00e4ndern informiert.\u00a0 Die Menge und Vielfalt an Insekten hat in den letzten Jahrzehnten drastisch abgenommen.\u00a0Edward Wilson, der renommierte amerikanische Entomologe, hat errechnet, dass die Menschen ohne Insekten nur wenige Monate \u00fcberleben k\u00f6nnten. Doch Zahl und Vielfalt der Insekten [&hellip;]<\/p>\n","protected":false},"author":5,"featured_media":2479,"comment_status":"open","ping_status":"open","sticky":false,"template":"","format":"standard","meta":{"_acf_changed":false,"_yoast_wpseo_focuskw":"2. Tag der Insekten Schweiz","_yoast_wpseo_metadesc":"\u00dcber 300 Personen aus Forschung, Politik, Wirtschaft und Naturschutz suchten am \"2. Tag der Insekten Schweiz\" nach Massnahmen gegen das Insektensterben.","articlekey":"","footnotes":""},"categories":[580],"tags":[829,1150,1426,1667,424],"class_list":["post-2478","post","type-post","status-publish","format-standard","has-post-thumbnail","hentry","category-sustainability","tag-biodiversitaet","tag-fachtagung","tag-insektensterben","tag-massnahmen","tag-schweiz"],"acf":[],"yoast_head":"<!-- This site is optimized with the Yoast SEO plugin v27.5 - https:\/\/yoast.com\/product\/yoast-seo-wordpress\/ -->\n<title>R\u00fcckschau: &quot;2. Tag der Insekten Schweiz&quot; - Organisator<\/title>\n<meta name=\"description\" content=\"\u00dcber 300 Personen aus Forschung, Politik, Wirtschaft und Naturschutz suchten am &quot;2. Tag der Insekten Schweiz&quot; nach Massnahmen gegen das Insektensterben.\" \/>\n<meta name=\"robots\" content=\"index, follow, max-snippet:-1, max-image-preview:large, max-video-preview:-1\" \/>\n<link rel=\"canonical\" href=\"https:\/\/www.organisator.ch\/de\/sustainability\/2019-09-20\/rueckschau-2-tag-der-insekten-schweiz\/\" \/>\n<meta property=\"og:locale\" content=\"de_DE\" \/>\n<meta property=\"og:type\" content=\"article\" \/>\n<meta property=\"og:title\" content=\"R\u00fcckschau: &quot;2. Tag der Insekten Schweiz&quot; - Organisator\" \/>\n<meta property=\"og:description\" content=\"\u00dcber 300 Personen aus Forschung, Politik, Wirtschaft und Naturschutz suchten am &quot;2. Tag der Insekten Schweiz&quot; nach Massnahmen gegen das Insektensterben.\" \/>\n<meta property=\"og:url\" content=\"https:\/\/www.organisator.ch\/de\/sustainability\/2019-09-20\/rueckschau-2-tag-der-insekten-schweiz\/\" \/>\n<meta property=\"og:site_name\" content=\"Organisator\" \/>\n<meta property=\"article:publisher\" content=\"https:\/\/www.facebook.com\/OrganisatorFachmagazin\" \/>\n<meta property=\"article:published_time\" content=\"2019-09-20T08:56:12+00:00\" \/>\n<meta property=\"article:modified_time\" content=\"2022-02-09T10:06:51+00:00\" \/>\n<meta property=\"og:image\" content=\"https:\/\/www.organisator.ch\/wp-content\/uploads\/2019\/09\/Insekt.jpg\" \/>\n\t<meta property=\"og:image:width\" content=\"2048\" \/>\n\t<meta property=\"og:image:height\" content=\"1367\" \/>\n\t<meta property=\"og:image:type\" content=\"image\/jpeg\" \/>\n<meta name=\"author\" content=\"michael.merz\" \/>\n<meta name=\"twitter:card\" content=\"summary_large_image\" \/>\n<script type=\"application\/ld+json\" class=\"yoast-schema-graph\">{\"@context\":\"https:\\\/\\\/schema.org\",\"@graph\":[{\"@type\":\"Article\",\"@id\":\"https:\\\/\\\/www.organisator.ch\\\/sustainability\\\/2019-09-20\\\/rueckschau-2-tag-der-insekten-schweiz\\\/#article\",\"isPartOf\":{\"@id\":\"https:\\\/\\\/www.organisator.ch\\\/sustainability\\\/2019-09-20\\\/rueckschau-2-tag-der-insekten-schweiz\\\/\"},\"author\":{\"name\":\"michael.merz\",\"@id\":\"https:\\\/\\\/www.organisator.ch\\\/#\\\/schema\\\/person\\\/134708ca9321c57b0362cceb7948ffbd\"},\"headline\":\"R\u00fcckschau: &#8222;2. Tag der Insekten Schweiz&#8220;\",\"datePublished\":\"2019-09-20T08:56:12+00:00\",\"dateModified\":\"2022-02-09T10:06:51+00:00\",\"mainEntityOfPage\":{\"@id\":\"https:\\\/\\\/www.organisator.ch\\\/sustainability\\\/2019-09-20\\\/rueckschau-2-tag-der-insekten-schweiz\\\/\"},\"wordCount\":708,\"commentCount\":0,\"publisher\":{\"@id\":\"https:\\\/\\\/www.organisator.ch\\\/#organization\"},\"image\":{\"@id\":\"https:\\\/\\\/www.organisator.ch\\\/sustainability\\\/2019-09-20\\\/rueckschau-2-tag-der-insekten-schweiz\\\/#primaryimage\"},\"thumbnailUrl\":\"https:\\\/\\\/www.organisator.ch\\\/wp-content\\\/uploads\\\/2019\\\/09\\\/Insekt.jpg\",\"keywords\":[\"Biodiversit\u00e4t\",\"Fachtagung\",\"Insektensterben\",\"Massnahmen\",\"Schweiz\"],\"articleSection\":[\"SUSTAINABILITY\"],\"inLanguage\":\"de\"},{\"@type\":\"WebPage\",\"@id\":\"https:\\\/\\\/www.organisator.ch\\\/sustainability\\\/2019-09-20\\\/rueckschau-2-tag-der-insekten-schweiz\\\/\",\"url\":\"https:\\\/\\\/www.organisator.ch\\\/sustainability\\\/2019-09-20\\\/rueckschau-2-tag-der-insekten-schweiz\\\/\",\"name\":\"R\u00fcckschau: \\\"2. Tag der Insekten Schweiz\\\" - Organisator\",\"isPartOf\":{\"@id\":\"https:\\\/\\\/www.organisator.ch\\\/#website\"},\"primaryImageOfPage\":{\"@id\":\"https:\\\/\\\/www.organisator.ch\\\/sustainability\\\/2019-09-20\\\/rueckschau-2-tag-der-insekten-schweiz\\\/#primaryimage\"},\"image\":{\"@id\":\"https:\\\/\\\/www.organisator.ch\\\/sustainability\\\/2019-09-20\\\/rueckschau-2-tag-der-insekten-schweiz\\\/#primaryimage\"},\"thumbnailUrl\":\"https:\\\/\\\/www.organisator.ch\\\/wp-content\\\/uploads\\\/2019\\\/09\\\/Insekt.jpg\",\"datePublished\":\"2019-09-20T08:56:12+00:00\",\"dateModified\":\"2022-02-09T10:06:51+00:00\",\"description\":\"\u00dcber 300 Personen aus Forschung, Politik, Wirtschaft und Naturschutz suchten am \\\"2. Tag der Insekten Schweiz\\\" nach Massnahmen gegen das Insektensterben.\",\"breadcrumb\":{\"@id\":\"https:\\\/\\\/www.organisator.ch\\\/sustainability\\\/2019-09-20\\\/rueckschau-2-tag-der-insekten-schweiz\\\/#breadcrumb\"},\"inLanguage\":\"de\",\"potentialAction\":[{\"@type\":\"ReadAction\",\"target\":[\"https:\\\/\\\/www.organisator.ch\\\/sustainability\\\/2019-09-20\\\/rueckschau-2-tag-der-insekten-schweiz\\\/\"]}]},{\"@type\":\"ImageObject\",\"inLanguage\":\"de\",\"@id\":\"https:\\\/\\\/www.organisator.ch\\\/sustainability\\\/2019-09-20\\\/rueckschau-2-tag-der-insekten-schweiz\\\/#primaryimage\",\"url\":\"https:\\\/\\\/www.organisator.ch\\\/wp-content\\\/uploads\\\/2019\\\/09\\\/Insekt.jpg\",\"contentUrl\":\"https:\\\/\\\/www.organisator.ch\\\/wp-content\\\/uploads\\\/2019\\\/09\\\/Insekt.jpg\",\"width\":2048,\"height\":1367,\"caption\":\"In der Schweiz zeigen die Roten Listen, dass \u00fcber 40 Prozent der Insektenarten gef\u00e4hrdet und 5 Prozent bereits ausgestorben sind. In manchen deutschsprachigen Gebieten ist ihre Anzahl um \u00fcber 70 Prozent zur\u00fcckgegangen, wurden zahlreiche Teilnehmende am \\\"2. Tag der Insekten Schweiz\\\" informiert. (Bild: Insect Respect)\"},{\"@type\":\"BreadcrumbList\",\"@id\":\"https:\\\/\\\/www.organisator.ch\\\/sustainability\\\/2019-09-20\\\/rueckschau-2-tag-der-insekten-schweiz\\\/#breadcrumb\",\"itemListElement\":[{\"@type\":\"ListItem\",\"position\":1,\"name\":\"Home\",\"item\":\"https:\\\/\\\/www.organisator.ch\\\/\"},{\"@type\":\"ListItem\",\"position\":2,\"name\":\"R\u00fcckschau: &#8222;2. Tag der Insekten Schweiz&#8220;\"}]},{\"@type\":\"WebSite\",\"@id\":\"https:\\\/\\\/www.organisator.ch\\\/#website\",\"url\":\"https:\\\/\\\/www.organisator.ch\\\/\",\"name\":\"Organisator\",\"description\":\"Kompetent. Praxisnah. Der ORGANISATOR bereitet in 10 Ausgaben pro Jahr die wesentlichen Themen f\u00fcr F\u00fchrungskr\u00e4fte von KMU auf.\",\"publisher\":{\"@id\":\"https:\\\/\\\/www.organisator.ch\\\/#organization\"},\"potentialAction\":[{\"@type\":\"SearchAction\",\"target\":{\"@type\":\"EntryPoint\",\"urlTemplate\":\"https:\\\/\\\/www.organisator.ch\\\/?s={search_term_string}\"},\"query-input\":{\"@type\":\"PropertyValueSpecification\",\"valueRequired\":true,\"valueName\":\"search_term_string\"}}],\"inLanguage\":\"de\"},{\"@type\":\"Organization\",\"@id\":\"https:\\\/\\\/www.organisator.ch\\\/#organization\",\"name\":\"Organisator\",\"url\":\"https:\\\/\\\/www.organisator.ch\\\/\",\"logo\":{\"@type\":\"ImageObject\",\"inLanguage\":\"de\",\"@id\":\"https:\\\/\\\/www.organisator.ch\\\/#\\\/schema\\\/logo\\\/image\\\/\",\"url\":\"https:\\\/\\\/www.organisator.ch\\\/wp-content\\\/uploads\\\/2022\\\/01\\\/Logo_Organisator_Website.png\",\"contentUrl\":\"https:\\\/\\\/www.organisator.ch\\\/wp-content\\\/uploads\\\/2022\\\/01\\\/Logo_Organisator_Website.png\",\"width\":800,\"height\":77,\"caption\":\"Organisator\"},\"image\":{\"@id\":\"https:\\\/\\\/www.organisator.ch\\\/#\\\/schema\\\/logo\\\/image\\\/\"},\"sameAs\":[\"https:\\\/\\\/www.facebook.com\\\/OrganisatorFachmagazin\",\"https:\\\/\\\/www.linkedin.com\\\/showcase\\\/organisator-das-magazin-fr-kmu\",\"https:\\\/\\\/www.xing.com\\\/news\\\/pages\\\/organisator-ch-695\",\"https:\\\/\\\/www.youtube.com\\\/channel\\\/UCGP2Sq0iWaZwT3BdIAQFYpw\"]},{\"@type\":\"Person\",\"@id\":\"https:\\\/\\\/www.organisator.ch\\\/#\\\/schema\\\/person\\\/134708ca9321c57b0362cceb7948ffbd\",\"name\":\"michael.merz\",\"image\":{\"@type\":\"ImageObject\",\"inLanguage\":\"de\",\"@id\":\"https:\\\/\\\/secure.gravatar.com\\\/avatar\\\/?s=96&d=mm&r=g\",\"url\":\"https:\\\/\\\/secure.gravatar.com\\\/avatar\\\/?s=96&d=mm&r=g\",\"contentUrl\":\"https:\\\/\\\/secure.gravatar.com\\\/avatar\\\/?s=96&d=mm&r=g\",\"caption\":\"michael.merz\"},\"url\":\"https:\\\/\\\/www.organisator.ch\\\/de\\\/author\\\/michael-merz\\\/\"}]}<\/script>\n<!-- \/ Yoast SEO plugin. -->","yoast_head_json":{"title":"R\u00fcckschau: \"2. Tag der Insekten Schweiz\" - Organisator","description":"\u00dcber 300 Personen aus Forschung, Politik, Wirtschaft und Naturschutz suchten am \"2. Tag der Insekten Schweiz\" nach Massnahmen gegen das Insektensterben.","robots":{"index":"index","follow":"follow","max-snippet":"max-snippet:-1","max-image-preview":"max-image-preview:large","max-video-preview":"max-video-preview:-1"},"canonical":"https:\/\/www.organisator.ch\/de\/sustainability\/2019-09-20\/rueckschau-2-tag-der-insekten-schweiz\/","og_locale":"de_DE","og_type":"article","og_title":"R\u00fcckschau: \"2. Tag der Insekten Schweiz\" - Organisator","og_description":"\u00dcber 300 Personen aus Forschung, Politik, Wirtschaft und Naturschutz suchten am \"2. Tag der Insekten Schweiz\" nach Massnahmen gegen das Insektensterben.","og_url":"https:\/\/www.organisator.ch\/de\/sustainability\/2019-09-20\/rueckschau-2-tag-der-insekten-schweiz\/","og_site_name":"Organisator","article_publisher":"https:\/\/www.facebook.com\/OrganisatorFachmagazin","article_published_time":"2019-09-20T08:56:12+00:00","article_modified_time":"2022-02-09T10:06:51+00:00","og_image":[{"width":2048,"height":1367,"url":"https:\/\/www.organisator.ch\/wp-content\/uploads\/2019\/09\/Insekt.jpg","type":"image\/jpeg"}],"author":"michael.merz","twitter_card":"summary_large_image","schema":{"@context":"https:\/\/schema.org","@graph":[{"@type":"Article","@id":"https:\/\/www.organisator.ch\/sustainability\/2019-09-20\/rueckschau-2-tag-der-insekten-schweiz\/#article","isPartOf":{"@id":"https:\/\/www.organisator.ch\/sustainability\/2019-09-20\/rueckschau-2-tag-der-insekten-schweiz\/"},"author":{"name":"michael.merz","@id":"https:\/\/www.organisator.ch\/#\/schema\/person\/134708ca9321c57b0362cceb7948ffbd"},"headline":"R\u00fcckschau: &#8222;2. Tag der Insekten Schweiz&#8220;","datePublished":"2019-09-20T08:56:12+00:00","dateModified":"2022-02-09T10:06:51+00:00","mainEntityOfPage":{"@id":"https:\/\/www.organisator.ch\/sustainability\/2019-09-20\/rueckschau-2-tag-der-insekten-schweiz\/"},"wordCount":708,"commentCount":0,"publisher":{"@id":"https:\/\/www.organisator.ch\/#organization"},"image":{"@id":"https:\/\/www.organisator.ch\/sustainability\/2019-09-20\/rueckschau-2-tag-der-insekten-schweiz\/#primaryimage"},"thumbnailUrl":"https:\/\/www.organisator.ch\/wp-content\/uploads\/2019\/09\/Insekt.jpg","keywords":["Biodiversit\u00e4t","Fachtagung","Insektensterben","Massnahmen","Schweiz"],"articleSection":["SUSTAINABILITY"],"inLanguage":"de"},{"@type":"WebPage","@id":"https:\/\/www.organisator.ch\/sustainability\/2019-09-20\/rueckschau-2-tag-der-insekten-schweiz\/","url":"https:\/\/www.organisator.ch\/sustainability\/2019-09-20\/rueckschau-2-tag-der-insekten-schweiz\/","name":"R\u00fcckschau: \"2. Tag der Insekten Schweiz\" - Organisator","isPartOf":{"@id":"https:\/\/www.organisator.ch\/#website"},"primaryImageOfPage":{"@id":"https:\/\/www.organisator.ch\/sustainability\/2019-09-20\/rueckschau-2-tag-der-insekten-schweiz\/#primaryimage"},"image":{"@id":"https:\/\/www.organisator.ch\/sustainability\/2019-09-20\/rueckschau-2-tag-der-insekten-schweiz\/#primaryimage"},"thumbnailUrl":"https:\/\/www.organisator.ch\/wp-content\/uploads\/2019\/09\/Insekt.jpg","datePublished":"2019-09-20T08:56:12+00:00","dateModified":"2022-02-09T10:06:51+00:00","description":"\u00dcber 300 Personen aus Forschung, Politik, Wirtschaft und Naturschutz suchten am \"2. Tag der Insekten Schweiz\" nach Massnahmen gegen das Insektensterben.","breadcrumb":{"@id":"https:\/\/www.organisator.ch\/sustainability\/2019-09-20\/rueckschau-2-tag-der-insekten-schweiz\/#breadcrumb"},"inLanguage":"de","potentialAction":[{"@type":"ReadAction","target":["https:\/\/www.organisator.ch\/sustainability\/2019-09-20\/rueckschau-2-tag-der-insekten-schweiz\/"]}]},{"@type":"ImageObject","inLanguage":"de","@id":"https:\/\/www.organisator.ch\/sustainability\/2019-09-20\/rueckschau-2-tag-der-insekten-schweiz\/#primaryimage","url":"https:\/\/www.organisator.ch\/wp-content\/uploads\/2019\/09\/Insekt.jpg","contentUrl":"https:\/\/www.organisator.ch\/wp-content\/uploads\/2019\/09\/Insekt.jpg","width":2048,"height":1367,"caption":"In der Schweiz zeigen die Roten Listen, dass \u00fcber 40 Prozent der Insektenarten gef\u00e4hrdet und 5 Prozent bereits ausgestorben sind. In manchen deutschsprachigen Gebieten ist ihre Anzahl um \u00fcber 70 Prozent zur\u00fcckgegangen, wurden zahlreiche Teilnehmende am \"2. Tag der Insekten Schweiz\" informiert. (Bild: Insect Respect)"},{"@type":"BreadcrumbList","@id":"https:\/\/www.organisator.ch\/sustainability\/2019-09-20\/rueckschau-2-tag-der-insekten-schweiz\/#breadcrumb","itemListElement":[{"@type":"ListItem","position":1,"name":"Home","item":"https:\/\/www.organisator.ch\/"},{"@type":"ListItem","position":2,"name":"R\u00fcckschau: &#8222;2. Tag der Insekten Schweiz&#8220;"}]},{"@type":"WebSite","@id":"https:\/\/www.organisator.ch\/#website","url":"https:\/\/www.organisator.ch\/","name":"Organisator","description":"Kompetent. Praxisnah. Der ORGANISATOR bereitet in 10 Ausgaben pro Jahr die wesentlichen Themen f\u00fcr F\u00fchrungskr\u00e4fte von KMU auf.","publisher":{"@id":"https:\/\/www.organisator.ch\/#organization"},"potentialAction":[{"@type":"SearchAction","target":{"@type":"EntryPoint","urlTemplate":"https:\/\/www.organisator.ch\/?s={search_term_string}"},"query-input":{"@type":"PropertyValueSpecification","valueRequired":true,"valueName":"search_term_string"}}],"inLanguage":"de"},{"@type":"Organization","@id":"https:\/\/www.organisator.ch\/#organization","name":"Organisator","url":"https:\/\/www.organisator.ch\/","logo":{"@type":"ImageObject","inLanguage":"de","@id":"https:\/\/www.organisator.ch\/#\/schema\/logo\/image\/","url":"https:\/\/www.organisator.ch\/wp-content\/uploads\/2022\/01\/Logo_Organisator_Website.png","contentUrl":"https:\/\/www.organisator.ch\/wp-content\/uploads\/2022\/01\/Logo_Organisator_Website.png","width":800,"height":77,"caption":"Organisator"},"image":{"@id":"https:\/\/www.organisator.ch\/#\/schema\/logo\/image\/"},"sameAs":["https:\/\/www.facebook.com\/OrganisatorFachmagazin","https:\/\/www.linkedin.com\/showcase\/organisator-das-magazin-fr-kmu","https:\/\/www.xing.com\/news\/pages\/organisator-ch-695","https:\/\/www.youtube.com\/channel\/UCGP2Sq0iWaZwT3BdIAQFYpw"]},{"@type":"Person","@id":"https:\/\/www.organisator.ch\/#\/schema\/person\/134708ca9321c57b0362cceb7948ffbd","name":"michael.merz","image":{"@type":"ImageObject","inLanguage":"de","@id":"https:\/\/secure.gravatar.com\/avatar\/?s=96&d=mm&r=g","url":"https:\/\/secure.gravatar.com\/avatar\/?s=96&d=mm&r=g","contentUrl":"https:\/\/secure.gravatar.com\/avatar\/?s=96&d=mm&r=g","caption":"michael.merz"},"url":"https:\/\/www.organisator.ch\/de\/author\/michael-merz\/"}]}},"_links":{"self":[{"href":"https:\/\/www.organisator.ch\/de\/wp-json\/wp\/v2\/posts\/2478","targetHints":{"allow":["GET"]}}],"collection":[{"href":"https:\/\/www.organisator.ch\/de\/wp-json\/wp\/v2\/posts"}],"about":[{"href":"https:\/\/www.organisator.ch\/de\/wp-json\/wp\/v2\/types\/post"}],"author":[{"embeddable":true,"href":"https:\/\/www.organisator.ch\/de\/wp-json\/wp\/v2\/users\/5"}],"replies":[{"embeddable":true,"href":"https:\/\/www.organisator.ch\/de\/wp-json\/wp\/v2\/comments?post=2478"}],"version-history":[{"count":1,"href":"https:\/\/www.organisator.ch\/de\/wp-json\/wp\/v2\/posts\/2478\/revisions"}],"predecessor-version":[{"id":10693,"href":"https:\/\/www.organisator.ch\/de\/wp-json\/wp\/v2\/posts\/2478\/revisions\/10693"}],"wp:featuredmedia":[{"embeddable":true,"href":"https:\/\/www.organisator.ch\/de\/wp-json\/wp\/v2\/media\/2479"}],"wp:attachment":[{"href":"https:\/\/www.organisator.ch\/de\/wp-json\/wp\/v2\/media?parent=2478"}],"wp:term":[{"taxonomy":"category","embeddable":true,"href":"https:\/\/www.organisator.ch\/de\/wp-json\/wp\/v2\/categories?post=2478"},{"taxonomy":"post_tag","embeddable":true,"href":"https:\/\/www.organisator.ch\/de\/wp-json\/wp\/v2\/tags?post=2478"}],"curies":[{"name":"wp","href":"https:\/\/api.w.org\/{rel}","templated":true}]}}