{"id":24851,"date":"2024-02-08T10:07:07","date_gmt":"2024-02-08T09:07:07","guid":{"rendered":"https:\/\/www.m-q.ch\/?p=19227"},"modified":"2024-11-12T06:22:56","modified_gmt":"2024-11-12T05:22:56","slug":"immer-im-verteidigungsmodus","status":"publish","type":"post","link":"https:\/\/www.organisator.ch\/de\/operational-excellence\/2024-02-08\/immer-im-verteidigungsmodus\/","title":{"rendered":"\u00abImmer im Verteidigungsmodus\u00bb"},"content":{"rendered":"<figure id=\"attachment_19228\" class=\"wp-caption alignnone\" style=\"width: 680px\" aria-describedby=\"caption-attachment-19228\"><img class=\"alignnone wp-image-19228 size-full\" src=\"https:\/\/www.m-q.ch\/wp-content\/uploads\/2024\/02\/Immer-im-Verteidigungsmodus_MQ.jpg\" alt=\"Swiss Cyber Security Days\" width=\"680\" height=\"364\" \/>\r\n<figcaption id=\"caption-attachment-19228\" class=\"wp-caption-text\">Am 20.\/21. Februar 2024 steht an den Swiss Cyber Security Days das Thema \u201eShaping Cyber Resilience\u201c im Fokus. Fakt ist, dass viele Organisationen sich in einem stetigen Verteidigungsmodus befinden. (Bild: www.scsd.ch)<\/figcaption>\r\n<\/figure>\r\n<p>Man kann es den Hackern auch wirklich zu einfach machen: Gem\u00e4ss einer Auswertung des Hasso-Plattner-Instituts (HPI) sei die Zahlenfolge \u00ab123456\u00bb das beliebteste Passwort in Deutschland. Dass die Situation in der Schweiz nicht viel anders sein d\u00fcrfte, kann nur vermutet werden. Unabh\u00e4ngig davon haben Cyberangriffe auf Unternehmen und \u00f6ffentliche Verwaltungen weiter zugenommen. So wurde die Stadt Bern im Jahr 2023 23 Millionen Mal angegriffen, wie Stadtpr\u00e4sident Alec von Graffenried anl\u00e4sslich einer Medienkonferenz im Vorfeld der Swiss Cyber Security Days verriet. \u00abWir befinden uns immer in einem Verteidigungsmodus\u00bb, stellte er fest.<\/p>\r\n<h3><strong>Bern wird \u00abHauptstadt\u00bb f\u00fcr Cybersicherheit<\/strong><\/h3>\r\n<p>Dass Bern nun Austragungsort der f\u00fcnften Swiss Cyber Security Days (SCSD) ist, kommt nicht von ungef\u00e4hr. Die Veranstaltung zieht vom eher beschaulichen Fribourg nun in die Bundesstadt und findet auf dem BernEXPO-Messegel\u00e4nde einen Standort, der f\u00fcr Anl\u00e4sse bestehend aus Messe und Kongress pr\u00e4destiniert ist. Hinzu kommen nat\u00fcrlich auch die zentralere Lage und bessere Erreichbarkeit sowie die gr\u00f6ssere N\u00e4he zu Bundesbeh\u00f6rden oder (systemkritischen) Staatsbetrieben wie Post, SBB oder Swisscom, die allesamt zu \u00abPrim\u00e4rzielen\u00bb von Cyberkriminellen werden k\u00f6nnen. So gesehen wird Bern f\u00fcr zwei Tage im Februar die \u00abHauptstadt\u00bb f\u00fcr Cybersicherheit.<\/p>\r\n<p>Die M\u00f6glichkeit eines Cyberangriffs auf kritische Infrastrukturen steht denn auch weit oben im Risikomanagement von Bund und Kantonen. Der Berner Wirtschaftsdirektor Christoph Ammann wies an der erw\u00e4hnten Medienkonferenz das grosse Schadenspotenzial hin: Sch\u00e4tzungen zufolge betragen Sch\u00e4den aus Cyberangriffen etwa 5 Prozent des BIP eines Staates, in der Schweiz w\u00e4ren dies etwa 200 Milliarden Franken. \u00abDeshalb sind alle gefordert, Vorkehrungen zu treffen. Das gilt f\u00fcr Grossunternehmen wie auch f\u00fcr KMU\u00bb, so Christoph Ammann.<\/p>\r\n<h3><strong>Innovativ, aber nicht bei der Cybersicherheit<\/strong><\/h3>\r\n<p>Und eben mit diesen Vorkehrungen liege in der Schweiz einiges im Argen. Die ehemalige Nationalr\u00e4tin und aktuelle Pr\u00e4sidentin der Swiss Cyber Security Days bedauert, dass die Schweiz als weltweit innovativstes Land im Global Cyber Security Index nur auf Platz 42 rangiert \u2013 hinter Nordmazedonien und vor Ghana. \u00abDie Schweiz muss sich steigern\u00bb, so Fiala. Die SCSD wollen deshalb einen Beitrag leisten, damit dies gelingt. Den dringenden Handlungsbedarf hat auch die Politik erkannt. Dass die Schweiz seit 1. Januar 2024 nun \u00fcber ein Staatssekretariat f\u00fcr Cyber verf\u00fcgt, sei ein wichtiger Schritt, so Fiala.<\/p>\r\n<p>Doch auch wenn Cybercrime inzwischen zu den Top-Risiken auf gleicher H\u00f6he wie Klimawandel und Energiemangellagen geh\u00f6rt, sei das Problembewusstsein noch nicht \u00fcberall gleich hoch. Untersch\u00e4tzt werde die Externalisierung des Problems, wie Regierungsrat Christoph Ammann betonte. Indem man Daten einfach in die Cloud auslagere, gewinne man nicht unbedingt mehr Sicherheit. Der Kanton Bern etwa verzichtet auf eine Cloud, sondern lagert seine Daten auf Servern einer eigenen Firma. Die Cyberbedrohung setzt aber auch Kr\u00e4fte frei: So treten an den SCSD die Berner Wirtschaftsdirektion erstmals gemeinsam mit der Sicherheitsdirektion gemeinsam auf. \u00abDas ist ein Novum\u00bb, so Christoph Ammann.<\/p>\r\n<h3><strong>Breit abgest\u00fctztes Programm<\/strong><\/h3>\r\n<p>Was d\u00fcrfen nun Besucherinnen und Besucher an den SCSD erwarten? Geboten wird eine \u00abMain Stage\u00bb mit Keynotes von nationalen und internationalen Experten. So wird etwa der ukrainische Minister f\u00fcr Digitale Transformation, Georgii Dubynskyi \u00fcber aktuelle Erfahrungen seiner Regierung bei der Cyberabwehr in Kriegszeiten berichten. Oder Christian-Marc Lifl\u00e4nder, Chef der NATO-Sektion f\u00fcr Cyber Defense diskutiert zum Thema \u00abDer Cyberspace als Bereich der Kriegsf\u00fchrung: Nutzung der Cyberverteidigung als untrennbarer Bestandteil der kollektiven Verteidigung in der NATO\u00bb. Aus der Schweiz analysieren Nicolas Mayencourt und Marc K. Peter die hiesige Cyber-Situation und ETH-Pr\u00e4sident Jo\u00ebl Mesot erl\u00e4utert Wege, was Forschung und Innovation gegen Cyberkriminalit\u00e4t bewirken k\u00f6nnen.<\/p>\r\n<p>Auf der sog. \u00abTech Stage\u00bb geht es um Themen wie z.B. das Metaverse: Das Metaversum verbindet die reale mit der virtuellen Welt. Hat sich der Hype um das Metaversum bereits gelegt oder ist die Technologie endlich bereit, sich als zukunftsf\u00e4hige Technologie zu beweisen? Mit dieser Frage befassen sich Sebastian Kl\u00f6ss (Bitkom) und Fabian Wicki (Fachhochschule Nordwestschweiz). Pr\u00e4sentiert wird auch ein studentisches Projekt der ETH: Die Cyber Clinic f\u00fcr KMU. Diese Initiative versteht sich als ein Br\u00fcckenschlag zwischen der Forschung und der Wirtschaft. Sie hat zum Ziel, die Cybersicherheitslage von unterversorgten Schweizer Organisationen wie eben KMU, aber auch von grossen NGOs zu verbessern.<\/p>\r\n<p>Zus\u00e4tzlich sind rund 80 Aussteller mit verschiedenen L\u00f6sungen zur Verbesserung der Cybersicherheit vor Ort. Auch sie pr\u00e4sentieren auf zwei \u00abBest Practice Stages\u00bb in Form von Kurzreferaten ihre Anwendungen.<\/p>\r\n<p><em>Weitere Informationen zum Programm unter <a href=\"http:\/\/www.scsd.ch\/\">www.scsd.ch<\/a><\/em><\/p>\n<p class=\"syndicated-attribution\">Dieser Beitrag erschien urspr\u00fcnglich auf m-q.ch - <a href=\"https:\/\/www.m-q.ch\/de\/immer-im-verteidigungsmodus\/\" target=\"_blank\">https:\/\/www.m-q.ch\/de\/immer-im-verteidigungsmodus\/<\/a><\/p>","protected":false},"excerpt":{"rendered":"<p>Das Thema Cybersicherheit l\u00e4sst inzwischen niemanden mehr kalt. Vor diesem Hintergrund wollen die Swiss Cyber Security Days, die am 20.\/21. Februar 2024 in Bern stattfinden werden, weiter f\u00fcr dieses Thema sensibilisieren und konkrete L\u00f6sungen f\u00fcr mehr Cyber-Resilienz pr\u00e4sentieren. An einer Medienkonferenz informierten Vertreter\/-innen der Messe-Organisation sowie aus Wirtschaft und Politik \u00fcber den Anlass.<\/p>\n","protected":false},"author":8,"featured_media":0,"comment_status":"closed","ping_status":"closed","sticky":false,"template":"","format":"standard","meta":{"_acf_changed":false,"_yoast_wpseo_focuskw":"Swiss Cyber Security Days","_yoast_wpseo_metadesc":"Swiss Cyber Security Days 2024: Fokus auf Cybersicherheit und Resilienz. Keynotes von nationalen und internationalen Experten.","articlekey":"","footnotes":""},"categories":[582],"tags":[608,193,418],"class_list":["post-24851","post","type-post","status-publish","format-standard","hentry","category-operational-excellence","tag-cybersicherheit","tag-fachkongressfachmesse","tag-risikomanagement"],"acf":[],"yoast_head":"<!-- This site is optimized with the Yoast SEO plugin v27.5 - https:\/\/yoast.com\/product\/yoast-seo-wordpress\/ -->\n<title>\u00abImmer im Verteidigungsmodus\u00bb - Organisator<\/title>\n<meta name=\"description\" content=\"Swiss Cyber Security Days 2024: Fokus auf Cybersicherheit und Resilienz. Keynotes von nationalen und internationalen Experten.\" \/>\n<meta name=\"robots\" content=\"index, follow, max-snippet:-1, max-image-preview:large, max-video-preview:-1\" \/>\n<link rel=\"canonical\" href=\"https:\/\/www.organisator.ch\/de\/operational-excellence\/2024-02-08\/immer-im-verteidigungsmodus\/\" \/>\n<meta property=\"og:locale\" content=\"de_DE\" \/>\n<meta property=\"og:type\" content=\"article\" \/>\n<meta property=\"og:title\" content=\"\u00abImmer im Verteidigungsmodus\u00bb - Organisator\" \/>\n<meta property=\"og:description\" content=\"Swiss Cyber Security Days 2024: Fokus auf Cybersicherheit und Resilienz. Keynotes von nationalen und internationalen Experten.\" \/>\n<meta property=\"og:url\" content=\"https:\/\/www.organisator.ch\/de\/operational-excellence\/2024-02-08\/immer-im-verteidigungsmodus\/\" \/>\n<meta property=\"og:site_name\" content=\"Organisator\" \/>\n<meta property=\"article:publisher\" content=\"https:\/\/www.facebook.com\/OrganisatorFachmagazin\" \/>\n<meta property=\"article:published_time\" content=\"2024-02-08T09:07:07+00:00\" \/>\n<meta property=\"article:modified_time\" content=\"2024-11-12T05:22:56+00:00\" \/>\n<meta property=\"og:image\" content=\"https:\/\/www.m-q.ch\/wp-content\/uploads\/2024\/02\/Immer-im-Verteidigungsmodus_MQ.jpg\" \/>\n<meta name=\"author\" content=\"galledia\" \/>\n<meta name=\"twitter:card\" content=\"summary_large_image\" \/>\n<meta name=\"twitter:creator\" content=\"@admin\" \/>\n<script type=\"application\/ld+json\" class=\"yoast-schema-graph\">{\"@context\":\"https:\\\/\\\/schema.org\",\"@graph\":[{\"@type\":\"Article\",\"@id\":\"https:\\\/\\\/www.organisator.ch\\\/operational-excellence\\\/2024-02-08\\\/immer-im-verteidigungsmodus\\\/#article\",\"isPartOf\":{\"@id\":\"https:\\\/\\\/www.organisator.ch\\\/operational-excellence\\\/2024-02-08\\\/immer-im-verteidigungsmodus\\\/\"},\"author\":{\"name\":\"galledia\",\"@id\":\"https:\\\/\\\/www.organisator.ch\\\/#\\\/schema\\\/person\\\/4e51799071cd2dd1232ac003643ef5f0\"},\"headline\":\"\u00abImmer im Verteidigungsmodus\u00bb\",\"datePublished\":\"2024-02-08T09:07:07+00:00\",\"dateModified\":\"2024-11-12T05:22:56+00:00\",\"mainEntityOfPage\":{\"@id\":\"https:\\\/\\\/www.organisator.ch\\\/operational-excellence\\\/2024-02-08\\\/immer-im-verteidigungsmodus\\\/\"},\"wordCount\":769,\"publisher\":{\"@id\":\"https:\\\/\\\/www.organisator.ch\\\/#organization\"},\"image\":{\"@id\":\"https:\\\/\\\/www.organisator.ch\\\/operational-excellence\\\/2024-02-08\\\/immer-im-verteidigungsmodus\\\/#primaryimage\"},\"thumbnailUrl\":\"https:\\\/\\\/www.m-q.ch\\\/wp-content\\\/uploads\\\/2024\\\/02\\\/Immer-im-Verteidigungsmodus_MQ.jpg\",\"keywords\":[\"Cybersicherheit\",\"Fachkongress\\\/Fachmesse\",\"Risikomanagement\"],\"articleSection\":[\"OPERATIONAL EXCELLENCE\"],\"inLanguage\":\"de\"},{\"@type\":\"WebPage\",\"@id\":\"https:\\\/\\\/www.organisator.ch\\\/operational-excellence\\\/2024-02-08\\\/immer-im-verteidigungsmodus\\\/\",\"url\":\"https:\\\/\\\/www.organisator.ch\\\/operational-excellence\\\/2024-02-08\\\/immer-im-verteidigungsmodus\\\/\",\"name\":\"\u00abImmer im Verteidigungsmodus\u00bb - Organisator\",\"isPartOf\":{\"@id\":\"https:\\\/\\\/www.organisator.ch\\\/#website\"},\"primaryImageOfPage\":{\"@id\":\"https:\\\/\\\/www.organisator.ch\\\/operational-excellence\\\/2024-02-08\\\/immer-im-verteidigungsmodus\\\/#primaryimage\"},\"image\":{\"@id\":\"https:\\\/\\\/www.organisator.ch\\\/operational-excellence\\\/2024-02-08\\\/immer-im-verteidigungsmodus\\\/#primaryimage\"},\"thumbnailUrl\":\"https:\\\/\\\/www.m-q.ch\\\/wp-content\\\/uploads\\\/2024\\\/02\\\/Immer-im-Verteidigungsmodus_MQ.jpg\",\"datePublished\":\"2024-02-08T09:07:07+00:00\",\"dateModified\":\"2024-11-12T05:22:56+00:00\",\"description\":\"Swiss Cyber Security Days 2024: Fokus auf Cybersicherheit und Resilienz. Keynotes von nationalen und internationalen Experten.\",\"breadcrumb\":{\"@id\":\"https:\\\/\\\/www.organisator.ch\\\/operational-excellence\\\/2024-02-08\\\/immer-im-verteidigungsmodus\\\/#breadcrumb\"},\"inLanguage\":\"de\",\"potentialAction\":[{\"@type\":\"ReadAction\",\"target\":[\"https:\\\/\\\/www.organisator.ch\\\/operational-excellence\\\/2024-02-08\\\/immer-im-verteidigungsmodus\\\/\"]}]},{\"@type\":\"ImageObject\",\"inLanguage\":\"de\",\"@id\":\"https:\\\/\\\/www.organisator.ch\\\/operational-excellence\\\/2024-02-08\\\/immer-im-verteidigungsmodus\\\/#primaryimage\",\"url\":\"https:\\\/\\\/www.m-q.ch\\\/wp-content\\\/uploads\\\/2024\\\/02\\\/Immer-im-Verteidigungsmodus_MQ.jpg\",\"contentUrl\":\"https:\\\/\\\/www.m-q.ch\\\/wp-content\\\/uploads\\\/2024\\\/02\\\/Immer-im-Verteidigungsmodus_MQ.jpg\"},{\"@type\":\"BreadcrumbList\",\"@id\":\"https:\\\/\\\/www.organisator.ch\\\/operational-excellence\\\/2024-02-08\\\/immer-im-verteidigungsmodus\\\/#breadcrumb\",\"itemListElement\":[{\"@type\":\"ListItem\",\"position\":1,\"name\":\"Home\",\"item\":\"https:\\\/\\\/www.organisator.ch\\\/\"},{\"@type\":\"ListItem\",\"position\":2,\"name\":\"\u00abImmer im Verteidigungsmodus\u00bb\"}]},{\"@type\":\"WebSite\",\"@id\":\"https:\\\/\\\/www.organisator.ch\\\/#website\",\"url\":\"https:\\\/\\\/www.organisator.ch\\\/\",\"name\":\"Organisator\",\"description\":\"Kompetent. Praxisnah. Der ORGANISATOR bereitet in 10 Ausgaben pro Jahr die wesentlichen Themen f\u00fcr F\u00fchrungskr\u00e4fte von KMU auf.\",\"publisher\":{\"@id\":\"https:\\\/\\\/www.organisator.ch\\\/#organization\"},\"potentialAction\":[{\"@type\":\"SearchAction\",\"target\":{\"@type\":\"EntryPoint\",\"urlTemplate\":\"https:\\\/\\\/www.organisator.ch\\\/?s={search_term_string}\"},\"query-input\":{\"@type\":\"PropertyValueSpecification\",\"valueRequired\":true,\"valueName\":\"search_term_string\"}}],\"inLanguage\":\"de\"},{\"@type\":\"Organization\",\"@id\":\"https:\\\/\\\/www.organisator.ch\\\/#organization\",\"name\":\"Organisator\",\"url\":\"https:\\\/\\\/www.organisator.ch\\\/\",\"logo\":{\"@type\":\"ImageObject\",\"inLanguage\":\"de\",\"@id\":\"https:\\\/\\\/www.organisator.ch\\\/#\\\/schema\\\/logo\\\/image\\\/\",\"url\":\"https:\\\/\\\/www.organisator.ch\\\/wp-content\\\/uploads\\\/2022\\\/01\\\/Logo_Organisator_Website.png\",\"contentUrl\":\"https:\\\/\\\/www.organisator.ch\\\/wp-content\\\/uploads\\\/2022\\\/01\\\/Logo_Organisator_Website.png\",\"width\":800,\"height\":77,\"caption\":\"Organisator\"},\"image\":{\"@id\":\"https:\\\/\\\/www.organisator.ch\\\/#\\\/schema\\\/logo\\\/image\\\/\"},\"sameAs\":[\"https:\\\/\\\/www.facebook.com\\\/OrganisatorFachmagazin\",\"https:\\\/\\\/www.linkedin.com\\\/showcase\\\/organisator-das-magazin-fr-kmu\",\"https:\\\/\\\/www.xing.com\\\/news\\\/pages\\\/organisator-ch-695\",\"https:\\\/\\\/www.youtube.com\\\/channel\\\/UCGP2Sq0iWaZwT3BdIAQFYpw\"]},{\"@type\":\"Person\",\"@id\":\"https:\\\/\\\/www.organisator.ch\\\/#\\\/schema\\\/person\\\/4e51799071cd2dd1232ac003643ef5f0\",\"name\":\"galledia\",\"image\":{\"@type\":\"ImageObject\",\"inLanguage\":\"de\",\"@id\":\"https:\\\/\\\/secure.gravatar.com\\\/avatar\\\/78a7f90c01fc2bfc875782a0d4922b37cde2cf184ce347b91316d23cd7f69a36?s=96&d=mm&r=g\",\"url\":\"https:\\\/\\\/secure.gravatar.com\\\/avatar\\\/78a7f90c01fc2bfc875782a0d4922b37cde2cf184ce347b91316d23cd7f69a36?s=96&d=mm&r=g\",\"contentUrl\":\"https:\\\/\\\/secure.gravatar.com\\\/avatar\\\/78a7f90c01fc2bfc875782a0d4922b37cde2cf184ce347b91316d23cd7f69a36?s=96&d=mm&r=g\",\"caption\":\"galledia\"},\"sameAs\":[\"https:\\\/\\\/x.com\\\/admin\"],\"url\":\"https:\\\/\\\/www.organisator.ch\\\/de\\\/author\\\/galledia\\\/\"}]}<\/script>\n<!-- \/ Yoast SEO plugin. -->","yoast_head_json":{"title":"\u00abImmer im Verteidigungsmodus\u00bb - Organisator","description":"Swiss Cyber Security Days 2024: Fokus auf Cybersicherheit und Resilienz. Keynotes von nationalen und internationalen Experten.","robots":{"index":"index","follow":"follow","max-snippet":"max-snippet:-1","max-image-preview":"max-image-preview:large","max-video-preview":"max-video-preview:-1"},"canonical":"https:\/\/www.organisator.ch\/de\/operational-excellence\/2024-02-08\/immer-im-verteidigungsmodus\/","og_locale":"de_DE","og_type":"article","og_title":"\u00abImmer im Verteidigungsmodus\u00bb - Organisator","og_description":"Swiss Cyber Security Days 2024: Fokus auf Cybersicherheit und Resilienz. Keynotes von nationalen und internationalen Experten.","og_url":"https:\/\/www.organisator.ch\/de\/operational-excellence\/2024-02-08\/immer-im-verteidigungsmodus\/","og_site_name":"Organisator","article_publisher":"https:\/\/www.facebook.com\/OrganisatorFachmagazin","article_published_time":"2024-02-08T09:07:07+00:00","article_modified_time":"2024-11-12T05:22:56+00:00","og_image":[{"url":"https:\/\/www.m-q.ch\/wp-content\/uploads\/2024\/02\/Immer-im-Verteidigungsmodus_MQ.jpg","type":"","width":"","height":""}],"author":"galledia","twitter_card":"summary_large_image","twitter_creator":"@admin","schema":{"@context":"https:\/\/schema.org","@graph":[{"@type":"Article","@id":"https:\/\/www.organisator.ch\/operational-excellence\/2024-02-08\/immer-im-verteidigungsmodus\/#article","isPartOf":{"@id":"https:\/\/www.organisator.ch\/operational-excellence\/2024-02-08\/immer-im-verteidigungsmodus\/"},"author":{"name":"galledia","@id":"https:\/\/www.organisator.ch\/#\/schema\/person\/4e51799071cd2dd1232ac003643ef5f0"},"headline":"\u00abImmer im Verteidigungsmodus\u00bb","datePublished":"2024-02-08T09:07:07+00:00","dateModified":"2024-11-12T05:22:56+00:00","mainEntityOfPage":{"@id":"https:\/\/www.organisator.ch\/operational-excellence\/2024-02-08\/immer-im-verteidigungsmodus\/"},"wordCount":769,"publisher":{"@id":"https:\/\/www.organisator.ch\/#organization"},"image":{"@id":"https:\/\/www.organisator.ch\/operational-excellence\/2024-02-08\/immer-im-verteidigungsmodus\/#primaryimage"},"thumbnailUrl":"https:\/\/www.m-q.ch\/wp-content\/uploads\/2024\/02\/Immer-im-Verteidigungsmodus_MQ.jpg","keywords":["Cybersicherheit","Fachkongress\/Fachmesse","Risikomanagement"],"articleSection":["OPERATIONAL EXCELLENCE"],"inLanguage":"de"},{"@type":"WebPage","@id":"https:\/\/www.organisator.ch\/operational-excellence\/2024-02-08\/immer-im-verteidigungsmodus\/","url":"https:\/\/www.organisator.ch\/operational-excellence\/2024-02-08\/immer-im-verteidigungsmodus\/","name":"\u00abImmer im Verteidigungsmodus\u00bb - Organisator","isPartOf":{"@id":"https:\/\/www.organisator.ch\/#website"},"primaryImageOfPage":{"@id":"https:\/\/www.organisator.ch\/operational-excellence\/2024-02-08\/immer-im-verteidigungsmodus\/#primaryimage"},"image":{"@id":"https:\/\/www.organisator.ch\/operational-excellence\/2024-02-08\/immer-im-verteidigungsmodus\/#primaryimage"},"thumbnailUrl":"https:\/\/www.m-q.ch\/wp-content\/uploads\/2024\/02\/Immer-im-Verteidigungsmodus_MQ.jpg","datePublished":"2024-02-08T09:07:07+00:00","dateModified":"2024-11-12T05:22:56+00:00","description":"Swiss Cyber Security Days 2024: Fokus auf Cybersicherheit und Resilienz. Keynotes von nationalen und internationalen Experten.","breadcrumb":{"@id":"https:\/\/www.organisator.ch\/operational-excellence\/2024-02-08\/immer-im-verteidigungsmodus\/#breadcrumb"},"inLanguage":"de","potentialAction":[{"@type":"ReadAction","target":["https:\/\/www.organisator.ch\/operational-excellence\/2024-02-08\/immer-im-verteidigungsmodus\/"]}]},{"@type":"ImageObject","inLanguage":"de","@id":"https:\/\/www.organisator.ch\/operational-excellence\/2024-02-08\/immer-im-verteidigungsmodus\/#primaryimage","url":"https:\/\/www.m-q.ch\/wp-content\/uploads\/2024\/02\/Immer-im-Verteidigungsmodus_MQ.jpg","contentUrl":"https:\/\/www.m-q.ch\/wp-content\/uploads\/2024\/02\/Immer-im-Verteidigungsmodus_MQ.jpg"},{"@type":"BreadcrumbList","@id":"https:\/\/www.organisator.ch\/operational-excellence\/2024-02-08\/immer-im-verteidigungsmodus\/#breadcrumb","itemListElement":[{"@type":"ListItem","position":1,"name":"Home","item":"https:\/\/www.organisator.ch\/"},{"@type":"ListItem","position":2,"name":"\u00abImmer im Verteidigungsmodus\u00bb"}]},{"@type":"WebSite","@id":"https:\/\/www.organisator.ch\/#website","url":"https:\/\/www.organisator.ch\/","name":"Organisator","description":"Kompetent. Praxisnah. Der ORGANISATOR bereitet in 10 Ausgaben pro Jahr die wesentlichen Themen f\u00fcr F\u00fchrungskr\u00e4fte von KMU auf.","publisher":{"@id":"https:\/\/www.organisator.ch\/#organization"},"potentialAction":[{"@type":"SearchAction","target":{"@type":"EntryPoint","urlTemplate":"https:\/\/www.organisator.ch\/?s={search_term_string}"},"query-input":{"@type":"PropertyValueSpecification","valueRequired":true,"valueName":"search_term_string"}}],"inLanguage":"de"},{"@type":"Organization","@id":"https:\/\/www.organisator.ch\/#organization","name":"Organisator","url":"https:\/\/www.organisator.ch\/","logo":{"@type":"ImageObject","inLanguage":"de","@id":"https:\/\/www.organisator.ch\/#\/schema\/logo\/image\/","url":"https:\/\/www.organisator.ch\/wp-content\/uploads\/2022\/01\/Logo_Organisator_Website.png","contentUrl":"https:\/\/www.organisator.ch\/wp-content\/uploads\/2022\/01\/Logo_Organisator_Website.png","width":800,"height":77,"caption":"Organisator"},"image":{"@id":"https:\/\/www.organisator.ch\/#\/schema\/logo\/image\/"},"sameAs":["https:\/\/www.facebook.com\/OrganisatorFachmagazin","https:\/\/www.linkedin.com\/showcase\/organisator-das-magazin-fr-kmu","https:\/\/www.xing.com\/news\/pages\/organisator-ch-695","https:\/\/www.youtube.com\/channel\/UCGP2Sq0iWaZwT3BdIAQFYpw"]},{"@type":"Person","@id":"https:\/\/www.organisator.ch\/#\/schema\/person\/4e51799071cd2dd1232ac003643ef5f0","name":"galledia","image":{"@type":"ImageObject","inLanguage":"de","@id":"https:\/\/secure.gravatar.com\/avatar\/78a7f90c01fc2bfc875782a0d4922b37cde2cf184ce347b91316d23cd7f69a36?s=96&d=mm&r=g","url":"https:\/\/secure.gravatar.com\/avatar\/78a7f90c01fc2bfc875782a0d4922b37cde2cf184ce347b91316d23cd7f69a36?s=96&d=mm&r=g","contentUrl":"https:\/\/secure.gravatar.com\/avatar\/78a7f90c01fc2bfc875782a0d4922b37cde2cf184ce347b91316d23cd7f69a36?s=96&d=mm&r=g","caption":"galledia"},"sameAs":["https:\/\/x.com\/admin"],"url":"https:\/\/www.organisator.ch\/de\/author\/galledia\/"}]}},"_links":{"self":[{"href":"https:\/\/www.organisator.ch\/de\/wp-json\/wp\/v2\/posts\/24851","targetHints":{"allow":["GET"]}}],"collection":[{"href":"https:\/\/www.organisator.ch\/de\/wp-json\/wp\/v2\/posts"}],"about":[{"href":"https:\/\/www.organisator.ch\/de\/wp-json\/wp\/v2\/types\/post"}],"author":[{"embeddable":true,"href":"https:\/\/www.organisator.ch\/de\/wp-json\/wp\/v2\/users\/8"}],"replies":[{"embeddable":true,"href":"https:\/\/www.organisator.ch\/de\/wp-json\/wp\/v2\/comments?post=24851"}],"version-history":[{"count":4,"href":"https:\/\/www.organisator.ch\/de\/wp-json\/wp\/v2\/posts\/24851\/revisions"}],"predecessor-version":[{"id":32505,"href":"https:\/\/www.organisator.ch\/de\/wp-json\/wp\/v2\/posts\/24851\/revisions\/32505"}],"wp:attachment":[{"href":"https:\/\/www.organisator.ch\/de\/wp-json\/wp\/v2\/media?parent=24851"}],"wp:term":[{"taxonomy":"category","embeddable":true,"href":"https:\/\/www.organisator.ch\/de\/wp-json\/wp\/v2\/categories?post=24851"},{"taxonomy":"post_tag","embeddable":true,"href":"https:\/\/www.organisator.ch\/de\/wp-json\/wp\/v2\/tags?post=24851"}],"curies":[{"name":"wp","href":"https:\/\/api.w.org\/{rel}","templated":true}]}}