{"id":2492,"date":"2019-09-26T14:14:36","date_gmt":"2019-09-26T12:14:36","guid":{"rendered":"https:\/\/www.umweltperspektiven.ch\/?p=2492"},"modified":"2022-02-09T11:05:35","modified_gmt":"2022-02-09T10:05:35","slug":"stadt-zuerich-erhaelt-den-ersten-preis-fuer-nachhaltiges-bauen","status":"publish","type":"post","link":"https:\/\/www.organisator.ch\/de\/sustainability\/2019-09-26\/stadt-zuerich-erhaelt-den-ersten-preis-fuer-nachhaltiges-bauen\/","title":{"rendered":"Stadt Z\u00fcrich erh\u00e4lt den ersten Preis f\u00fcr nachhaltiges Bauen"},"content":{"rendered":"<figure id=\"attachment_2493\" aria-describedby=\"caption-attachment-2493\" style=\"width: 680px\" class=\"wp-caption alignnone\"><img loading=\"lazy\" decoding=\"async\" class=\"size-medium wp-image-2493\" src=\"\/\/www.umweltperspektiven.ch\/wp-content\/uploads\/2019\/09\/Stadt-Z\u00fcrich-Nachhaltig-Bauen-UP-Umwelt-Perspektiven.jpg\" alt=\"\" width=\"680\" height=\"454\" \/><figcaption id=\"caption-attachment-2493\" class=\"wp-caption-text\">Die Kunsthauserweiterung (Bild von Februar 2019) basiert auf weiteren Strecken auf Recycling-Beton. (Bild: zVg)<\/figcaption><\/figure>\n<p>Die Stadt Z\u00fcrich wurde am diesj\u00e4hrigen \u00abProcura+ Award\u00bb unter 28 St\u00e4dten in der Kategorie \u00abNachhaltige Beschaffungsinitiative\u00bb mit dem ersten Preis ausgezeichnet. Sie erh\u00e4lt diesen Award wegen ihres innovativen und nachhaltigen Einsatzes von Recyclingbeton (RC-Beton) mit CO2-reduziertem Zement im Hochbau beziehungsweise wegen der Verwendung von Recyclingasphalt im Strassenbau.<\/p>\n<p>Wiebke R\u00f6sler H\u00e4fliger, Direktorin des Amts f\u00fcr Hochbauten, hat den Preis am 24. September 2019 im norwegischen Stavanger im Namen des Stadtrats entgegengenommen.<\/p>\n<p>Die Auszeichnung ist f\u00fcr Hochbauvorsteher Andr\u00e9 Odermatt mit Blick auf die 2000-Watt-Gesellschaft eine grosse Genugtuung. \u00abIch freue mich sehr, dass unser langj\u00e4hriges Engagement im Bereich des nachhaltigen Bauens auch auf europ\u00e4ischer Ebene beachtet und honoriert wird\u00bb, so Odermatt. Im Rahmen der aktuellen Klimadebatte kommt dieser Preis f\u00fcr Andreas Hauri, Vorsteher des Gesundheits- und Umweltdepartements, zum richtigen Zeitpunkt. \u00abF\u00fcr uns ist die Auszeichnung eine Best\u00e4tigung, dass unsere Massnahmen zum Klimaschutz anerkannt werden. Die Stadt Z\u00fcrich wird sich k\u00fcnftig noch st\u00e4rker f\u00fcr den Klima-schutz einsetzen und dabei neue, spannende Wege gehen\u00bb.<\/p>\n<p><strong>Grosses Interesse europ\u00e4ischer St\u00e4dte an RC-Beton<\/strong><\/p>\n<p>\u00abProcura+\u00bb ist ein europ\u00e4isches St\u00e4dtenetzwerk zur nachhaltigen \u00f6ffentlichen Beschaffung. Es dient vor allem dem Wissens- und Erfahrungsaustausch auf diesem Gebiet.<\/p>\n<p>Wichtige Aspekte sind in diesem Zusammenhang zum Beispiel die klimapriorisierte Beschaffung, die Innovationsf\u00f6rderung und die Kreislaufwirtschaft. Die Stadt Z\u00fcrich geh\u00f6rt zu den Gr\u00fcndungsmitgliedern dieses seit 2004 bestehenden St\u00e4dtenetzwerks und nimmt im Bereich des nachhaltigen Bauens eine Vorreiterrolle ein.<\/p>\n<p>Entsprechend gross ist das angemeldete Interesse anderer europ\u00e4ischer St\u00e4dte an den hiesigen Erfahrungen.<\/p>\n<p><strong>Recyclingbeton seit 2002 im Einsatz<\/strong><br \/>\nLange vor der aktuellen Klimadebatte, und bevor die Ziele der 2000-Watt-Gesellschaft 2008 in der Z\u00fcrcher Gemeindeverordnung verankert wurden, kam bei stadteigenen Geb\u00e4uden schon Recyclingbeton zum Einsatz. Fachleute des Amts f\u00fcr Hochbauten haben sich bereits vor rund 20 Jahren mit viel Pioniergeist f\u00fcr den Einsatz von umweltschonenden Baumaterialen engagiert.<\/p>\n<p>Ein fr\u00fches Beispiel ist das Schulhaus Im Birch (Baubeginn 2002), ein aktuelles die Kunsthauserweiterung (Baufertigstellung 2020). Seit 2005 werden entsprechend st\u00e4dtischen Vorgaben alle \u00f6ffentlichen Geb\u00e4ude in Z\u00fcrich mit Recyclingbeton gebaut, seit 2015 auch mit CO2-reduziertem Zement, der anstelle des konventionellen Klinkers Flugasche verwendet. Ungef\u00e4hr 90 Prozent des verbauten Betons besteht aus RC-Beton.<\/p>\n<p>&nbsp;<\/p>\n<p>Weitere Informationen:<br \/>\n\u2013 <a href=\"\/\/www.stadt-zuerich.ch\/hbd\/de\/index\/hochbau\/bauen-fuer-2000-watt\/grundlagen-studienergebnisse\/archiv-studien\/2017\/2017-08-nb-beton-konkret.html\">Dokumentation Recyclingbeton<\/a><br \/>\n\u2013 <a href=\"\/\/www.stadt-zuerich.ch\/gud\/de\/index\/umwelt_energie\/2000-watt-gesellschaft.html\">\u00dcberblick \u00fcber die Strategie der Stadt Z\u00fcrich zur 2000-Watt-Gesellschaft<\/a><br \/>\n\u2013 <a href=\"\/\/www.procuraplus.org\/public-authorities\/zurich\/\">Angaben \u00fcber die Stadt Z\u00fcrich von \u00abProcura+\u00bb<\/a><\/p>\n<p>&nbsp;<\/p>\n<p>&nbsp;<\/p>\n","protected":false},"excerpt":{"rendered":"<p>Die Stadt Z\u00fcrich wurde am diesj\u00e4hrigen \u00abProcura+ Award\u00bb unter 28 St\u00e4dten in der Kategorie \u00abNachhaltige Beschaffungsinitiative\u00bb mit dem ersten Preis ausgezeichnet. Sie erh\u00e4lt diesen Award wegen ihres innovativen und nachhaltigen Einsatzes von Recyclingbeton (RC-Beton) mit CO2-reduziertem Zement im Hochbau beziehungsweise wegen der Verwendung von Recyclingasphalt im Strassenbau. Wiebke R\u00f6sler H\u00e4fliger, Direktorin des Amts f\u00fcr Hochbauten, [&hellip;]<\/p>\n","protected":false},"author":5,"featured_media":2493,"comment_status":"open","ping_status":"open","sticky":false,"template":"","format":"standard","meta":{"_acf_changed":false,"_yoast_wpseo_focuskw":"Stadt Z\u00fcrich","_yoast_wpseo_metadesc":"Das im Bereich nachhaltige Beschaffung agierende europ\u00e4ische St\u00e4dtenetzwerk \u00abProcura+\u00bb hat die Stadt Z\u00fcrich mit dem \u00abProcura+ Award\u00bb ausgezeichnet.","articlekey":"","footnotes":""},"categories":[580],"tags":[642,65,1988,2182,2185],"class_list":["post-2492","post","type-post","status-publish","format-standard","has-post-thumbnail","hentry","category-sustainability","tag-2000-watt-gesellschaft","tag-award","tag-recycling-beton","tag-stadt-zuerich","tag-staedtebau"],"acf":[],"yoast_head":"<!-- This site is optimized with the Yoast SEO plugin v27.4 - https:\/\/yoast.com\/product\/yoast-seo-wordpress\/ -->\n<title>Stadt Z\u00fcrich erh\u00e4lt den ersten Preis f\u00fcr nachhaltiges Bauen - Organisator<\/title>\n<meta name=\"description\" content=\"Das im Bereich nachhaltige Beschaffung agierende europ\u00e4ische St\u00e4dtenetzwerk \u00abProcura+\u00bb hat die Stadt Z\u00fcrich mit dem \u00abProcura+ Award\u00bb ausgezeichnet.\" \/>\n<meta name=\"robots\" content=\"index, follow, max-snippet:-1, max-image-preview:large, max-video-preview:-1\" \/>\n<link rel=\"canonical\" href=\"https:\/\/www.organisator.ch\/de\/sustainability\/2019-09-26\/stadt-zuerich-erhaelt-den-ersten-preis-fuer-nachhaltiges-bauen\/\" \/>\n<meta property=\"og:locale\" content=\"de_DE\" \/>\n<meta property=\"og:type\" content=\"article\" \/>\n<meta property=\"og:title\" content=\"Stadt Z\u00fcrich erh\u00e4lt den ersten Preis f\u00fcr nachhaltiges Bauen - Organisator\" \/>\n<meta property=\"og:description\" content=\"Das im Bereich nachhaltige Beschaffung agierende europ\u00e4ische St\u00e4dtenetzwerk \u00abProcura+\u00bb hat die Stadt Z\u00fcrich mit dem \u00abProcura+ Award\u00bb ausgezeichnet.\" \/>\n<meta property=\"og:url\" content=\"https:\/\/www.organisator.ch\/de\/sustainability\/2019-09-26\/stadt-zuerich-erhaelt-den-ersten-preis-fuer-nachhaltiges-bauen\/\" \/>\n<meta property=\"og:site_name\" content=\"Organisator\" \/>\n<meta property=\"article:publisher\" content=\"https:\/\/www.facebook.com\/OrganisatorFachmagazin\" \/>\n<meta property=\"article:published_time\" content=\"2019-09-26T12:14:36+00:00\" \/>\n<meta property=\"article:modified_time\" content=\"2022-02-09T10:05:35+00:00\" \/>\n<meta property=\"og:image\" content=\"https:\/\/www.organisator.ch\/wp-content\/uploads\/2019\/09\/Stadt-Zuerich-Nachhaltig-Bauen-UP-Umwelt-Perspektiven-1024x683.jpg\" \/>\n\t<meta property=\"og:image:width\" content=\"1024\" \/>\n\t<meta property=\"og:image:height\" content=\"683\" \/>\n\t<meta property=\"og:image:type\" content=\"image\/jpeg\" \/>\n<meta name=\"author\" content=\"michael.merz\" \/>\n<meta name=\"twitter:card\" content=\"summary_large_image\" \/>\n<script type=\"application\/ld+json\" class=\"yoast-schema-graph\">{\"@context\":\"https:\\\/\\\/schema.org\",\"@graph\":[{\"@type\":\"Article\",\"@id\":\"https:\\\/\\\/www.organisator.ch\\\/sustainability\\\/2019-09-26\\\/stadt-zuerich-erhaelt-den-ersten-preis-fuer-nachhaltiges-bauen\\\/#article\",\"isPartOf\":{\"@id\":\"https:\\\/\\\/www.organisator.ch\\\/sustainability\\\/2019-09-26\\\/stadt-zuerich-erhaelt-den-ersten-preis-fuer-nachhaltiges-bauen\\\/\"},\"author\":{\"name\":\"michael.merz\",\"@id\":\"https:\\\/\\\/www.organisator.ch\\\/#\\\/schema\\\/person\\\/134708ca9321c57b0362cceb7948ffbd\"},\"headline\":\"Stadt Z\u00fcrich erh\u00e4lt den ersten Preis f\u00fcr nachhaltiges Bauen\",\"datePublished\":\"2019-09-26T12:14:36+00:00\",\"dateModified\":\"2022-02-09T10:05:35+00:00\",\"mainEntityOfPage\":{\"@id\":\"https:\\\/\\\/www.organisator.ch\\\/sustainability\\\/2019-09-26\\\/stadt-zuerich-erhaelt-den-ersten-preis-fuer-nachhaltiges-bauen\\\/\"},\"wordCount\":425,\"commentCount\":0,\"publisher\":{\"@id\":\"https:\\\/\\\/www.organisator.ch\\\/#organization\"},\"image\":{\"@id\":\"https:\\\/\\\/www.organisator.ch\\\/sustainability\\\/2019-09-26\\\/stadt-zuerich-erhaelt-den-ersten-preis-fuer-nachhaltiges-bauen\\\/#primaryimage\"},\"thumbnailUrl\":\"https:\\\/\\\/www.organisator.ch\\\/wp-content\\\/uploads\\\/2019\\\/09\\\/Stadt-Zuerich-Nachhaltig-Bauen-UP-Umwelt-Perspektiven.jpg\",\"keywords\":[\"2000-Watt-Gesellschaft\",\"Award\",\"Recycling Beton\",\"Stadt Z\u00fcrich\",\"St\u00e4dtebau\"],\"articleSection\":[\"SUSTAINABILITY\"],\"inLanguage\":\"de\"},{\"@type\":\"WebPage\",\"@id\":\"https:\\\/\\\/www.organisator.ch\\\/sustainability\\\/2019-09-26\\\/stadt-zuerich-erhaelt-den-ersten-preis-fuer-nachhaltiges-bauen\\\/\",\"url\":\"https:\\\/\\\/www.organisator.ch\\\/sustainability\\\/2019-09-26\\\/stadt-zuerich-erhaelt-den-ersten-preis-fuer-nachhaltiges-bauen\\\/\",\"name\":\"Stadt Z\u00fcrich erh\u00e4lt den ersten Preis f\u00fcr nachhaltiges Bauen - Organisator\",\"isPartOf\":{\"@id\":\"https:\\\/\\\/www.organisator.ch\\\/#website\"},\"primaryImageOfPage\":{\"@id\":\"https:\\\/\\\/www.organisator.ch\\\/sustainability\\\/2019-09-26\\\/stadt-zuerich-erhaelt-den-ersten-preis-fuer-nachhaltiges-bauen\\\/#primaryimage\"},\"image\":{\"@id\":\"https:\\\/\\\/www.organisator.ch\\\/sustainability\\\/2019-09-26\\\/stadt-zuerich-erhaelt-den-ersten-preis-fuer-nachhaltiges-bauen\\\/#primaryimage\"},\"thumbnailUrl\":\"https:\\\/\\\/www.organisator.ch\\\/wp-content\\\/uploads\\\/2019\\\/09\\\/Stadt-Zuerich-Nachhaltig-Bauen-UP-Umwelt-Perspektiven.jpg\",\"datePublished\":\"2019-09-26T12:14:36+00:00\",\"dateModified\":\"2022-02-09T10:05:35+00:00\",\"description\":\"Das im Bereich nachhaltige Beschaffung agierende europ\u00e4ische St\u00e4dtenetzwerk \u00abProcura+\u00bb hat die Stadt Z\u00fcrich mit dem \u00abProcura+ Award\u00bb ausgezeichnet.\",\"breadcrumb\":{\"@id\":\"https:\\\/\\\/www.organisator.ch\\\/sustainability\\\/2019-09-26\\\/stadt-zuerich-erhaelt-den-ersten-preis-fuer-nachhaltiges-bauen\\\/#breadcrumb\"},\"inLanguage\":\"de\",\"potentialAction\":[{\"@type\":\"ReadAction\",\"target\":[\"https:\\\/\\\/www.organisator.ch\\\/sustainability\\\/2019-09-26\\\/stadt-zuerich-erhaelt-den-ersten-preis-fuer-nachhaltiges-bauen\\\/\"]}]},{\"@type\":\"ImageObject\",\"inLanguage\":\"de\",\"@id\":\"https:\\\/\\\/www.organisator.ch\\\/sustainability\\\/2019-09-26\\\/stadt-zuerich-erhaelt-den-ersten-preis-fuer-nachhaltiges-bauen\\\/#primaryimage\",\"url\":\"https:\\\/\\\/www.organisator.ch\\\/wp-content\\\/uploads\\\/2019\\\/09\\\/Stadt-Zuerich-Nachhaltig-Bauen-UP-Umwelt-Perspektiven.jpg\",\"contentUrl\":\"https:\\\/\\\/www.organisator.ch\\\/wp-content\\\/uploads\\\/2019\\\/09\\\/Stadt-Zuerich-Nachhaltig-Bauen-UP-Umwelt-Perspektiven.jpg\",\"width\":2448,\"height\":1633,\"caption\":\"Die Kunsthauserweiterung (Bild von Februar 2019) basiert auf weiteren Strecken auf Recycling-Beton. (Bild: zVg)\"},{\"@type\":\"BreadcrumbList\",\"@id\":\"https:\\\/\\\/www.organisator.ch\\\/sustainability\\\/2019-09-26\\\/stadt-zuerich-erhaelt-den-ersten-preis-fuer-nachhaltiges-bauen\\\/#breadcrumb\",\"itemListElement\":[{\"@type\":\"ListItem\",\"position\":1,\"name\":\"Home\",\"item\":\"https:\\\/\\\/www.organisator.ch\\\/\"},{\"@type\":\"ListItem\",\"position\":2,\"name\":\"Stadt Z\u00fcrich erh\u00e4lt den ersten Preis f\u00fcr nachhaltiges Bauen\"}]},{\"@type\":\"WebSite\",\"@id\":\"https:\\\/\\\/www.organisator.ch\\\/#website\",\"url\":\"https:\\\/\\\/www.organisator.ch\\\/\",\"name\":\"Organisator\",\"description\":\"Kompetent. Praxisnah. Der ORGANISATOR bereitet in 10 Ausgaben pro Jahr die wesentlichen Themen f\u00fcr F\u00fchrungskr\u00e4fte von KMU auf.\",\"publisher\":{\"@id\":\"https:\\\/\\\/www.organisator.ch\\\/#organization\"},\"potentialAction\":[{\"@type\":\"SearchAction\",\"target\":{\"@type\":\"EntryPoint\",\"urlTemplate\":\"https:\\\/\\\/www.organisator.ch\\\/?s={search_term_string}\"},\"query-input\":{\"@type\":\"PropertyValueSpecification\",\"valueRequired\":true,\"valueName\":\"search_term_string\"}}],\"inLanguage\":\"de\"},{\"@type\":\"Organization\",\"@id\":\"https:\\\/\\\/www.organisator.ch\\\/#organization\",\"name\":\"Organisator\",\"url\":\"https:\\\/\\\/www.organisator.ch\\\/\",\"logo\":{\"@type\":\"ImageObject\",\"inLanguage\":\"de\",\"@id\":\"https:\\\/\\\/www.organisator.ch\\\/#\\\/schema\\\/logo\\\/image\\\/\",\"url\":\"https:\\\/\\\/www.organisator.ch\\\/wp-content\\\/uploads\\\/2022\\\/01\\\/Logo_Organisator_Website.png\",\"contentUrl\":\"https:\\\/\\\/www.organisator.ch\\\/wp-content\\\/uploads\\\/2022\\\/01\\\/Logo_Organisator_Website.png\",\"width\":800,\"height\":77,\"caption\":\"Organisator\"},\"image\":{\"@id\":\"https:\\\/\\\/www.organisator.ch\\\/#\\\/schema\\\/logo\\\/image\\\/\"},\"sameAs\":[\"https:\\\/\\\/www.facebook.com\\\/OrganisatorFachmagazin\",\"https:\\\/\\\/www.linkedin.com\\\/showcase\\\/organisator-das-magazin-fr-kmu\",\"https:\\\/\\\/www.xing.com\\\/news\\\/pages\\\/organisator-ch-695\",\"https:\\\/\\\/www.youtube.com\\\/channel\\\/UCGP2Sq0iWaZwT3BdIAQFYpw\"]},{\"@type\":\"Person\",\"@id\":\"https:\\\/\\\/www.organisator.ch\\\/#\\\/schema\\\/person\\\/134708ca9321c57b0362cceb7948ffbd\",\"name\":\"michael.merz\",\"image\":{\"@type\":\"ImageObject\",\"inLanguage\":\"de\",\"@id\":\"https:\\\/\\\/secure.gravatar.com\\\/avatar\\\/?s=96&d=mm&r=g\",\"url\":\"https:\\\/\\\/secure.gravatar.com\\\/avatar\\\/?s=96&d=mm&r=g\",\"contentUrl\":\"https:\\\/\\\/secure.gravatar.com\\\/avatar\\\/?s=96&d=mm&r=g\",\"caption\":\"michael.merz\"},\"url\":\"https:\\\/\\\/www.organisator.ch\\\/de\\\/author\\\/michael-merz\\\/\"}]}<\/script>\n<!-- \/ Yoast SEO plugin. -->","yoast_head_json":{"title":"Stadt Z\u00fcrich erh\u00e4lt den ersten Preis f\u00fcr nachhaltiges Bauen - Organisator","description":"Das im Bereich nachhaltige Beschaffung agierende europ\u00e4ische St\u00e4dtenetzwerk \u00abProcura+\u00bb hat die Stadt Z\u00fcrich mit dem \u00abProcura+ Award\u00bb ausgezeichnet.","robots":{"index":"index","follow":"follow","max-snippet":"max-snippet:-1","max-image-preview":"max-image-preview:large","max-video-preview":"max-video-preview:-1"},"canonical":"https:\/\/www.organisator.ch\/de\/sustainability\/2019-09-26\/stadt-zuerich-erhaelt-den-ersten-preis-fuer-nachhaltiges-bauen\/","og_locale":"de_DE","og_type":"article","og_title":"Stadt Z\u00fcrich erh\u00e4lt den ersten Preis f\u00fcr nachhaltiges Bauen - Organisator","og_description":"Das im Bereich nachhaltige Beschaffung agierende europ\u00e4ische St\u00e4dtenetzwerk \u00abProcura+\u00bb hat die Stadt Z\u00fcrich mit dem \u00abProcura+ Award\u00bb ausgezeichnet.","og_url":"https:\/\/www.organisator.ch\/de\/sustainability\/2019-09-26\/stadt-zuerich-erhaelt-den-ersten-preis-fuer-nachhaltiges-bauen\/","og_site_name":"Organisator","article_publisher":"https:\/\/www.facebook.com\/OrganisatorFachmagazin","article_published_time":"2019-09-26T12:14:36+00:00","article_modified_time":"2022-02-09T10:05:35+00:00","og_image":[{"width":1024,"height":683,"url":"https:\/\/www.organisator.ch\/wp-content\/uploads\/2019\/09\/Stadt-Zuerich-Nachhaltig-Bauen-UP-Umwelt-Perspektiven-1024x683.jpg","type":"image\/jpeg"}],"author":"michael.merz","twitter_card":"summary_large_image","schema":{"@context":"https:\/\/schema.org","@graph":[{"@type":"Article","@id":"https:\/\/www.organisator.ch\/sustainability\/2019-09-26\/stadt-zuerich-erhaelt-den-ersten-preis-fuer-nachhaltiges-bauen\/#article","isPartOf":{"@id":"https:\/\/www.organisator.ch\/sustainability\/2019-09-26\/stadt-zuerich-erhaelt-den-ersten-preis-fuer-nachhaltiges-bauen\/"},"author":{"name":"michael.merz","@id":"https:\/\/www.organisator.ch\/#\/schema\/person\/134708ca9321c57b0362cceb7948ffbd"},"headline":"Stadt Z\u00fcrich erh\u00e4lt den ersten Preis f\u00fcr nachhaltiges Bauen","datePublished":"2019-09-26T12:14:36+00:00","dateModified":"2022-02-09T10:05:35+00:00","mainEntityOfPage":{"@id":"https:\/\/www.organisator.ch\/sustainability\/2019-09-26\/stadt-zuerich-erhaelt-den-ersten-preis-fuer-nachhaltiges-bauen\/"},"wordCount":425,"commentCount":0,"publisher":{"@id":"https:\/\/www.organisator.ch\/#organization"},"image":{"@id":"https:\/\/www.organisator.ch\/sustainability\/2019-09-26\/stadt-zuerich-erhaelt-den-ersten-preis-fuer-nachhaltiges-bauen\/#primaryimage"},"thumbnailUrl":"https:\/\/www.organisator.ch\/wp-content\/uploads\/2019\/09\/Stadt-Zuerich-Nachhaltig-Bauen-UP-Umwelt-Perspektiven.jpg","keywords":["2000-Watt-Gesellschaft","Award","Recycling Beton","Stadt Z\u00fcrich","St\u00e4dtebau"],"articleSection":["SUSTAINABILITY"],"inLanguage":"de"},{"@type":"WebPage","@id":"https:\/\/www.organisator.ch\/sustainability\/2019-09-26\/stadt-zuerich-erhaelt-den-ersten-preis-fuer-nachhaltiges-bauen\/","url":"https:\/\/www.organisator.ch\/sustainability\/2019-09-26\/stadt-zuerich-erhaelt-den-ersten-preis-fuer-nachhaltiges-bauen\/","name":"Stadt Z\u00fcrich erh\u00e4lt den ersten Preis f\u00fcr nachhaltiges Bauen - Organisator","isPartOf":{"@id":"https:\/\/www.organisator.ch\/#website"},"primaryImageOfPage":{"@id":"https:\/\/www.organisator.ch\/sustainability\/2019-09-26\/stadt-zuerich-erhaelt-den-ersten-preis-fuer-nachhaltiges-bauen\/#primaryimage"},"image":{"@id":"https:\/\/www.organisator.ch\/sustainability\/2019-09-26\/stadt-zuerich-erhaelt-den-ersten-preis-fuer-nachhaltiges-bauen\/#primaryimage"},"thumbnailUrl":"https:\/\/www.organisator.ch\/wp-content\/uploads\/2019\/09\/Stadt-Zuerich-Nachhaltig-Bauen-UP-Umwelt-Perspektiven.jpg","datePublished":"2019-09-26T12:14:36+00:00","dateModified":"2022-02-09T10:05:35+00:00","description":"Das im Bereich nachhaltige Beschaffung agierende europ\u00e4ische St\u00e4dtenetzwerk \u00abProcura+\u00bb hat die Stadt Z\u00fcrich mit dem \u00abProcura+ Award\u00bb ausgezeichnet.","breadcrumb":{"@id":"https:\/\/www.organisator.ch\/sustainability\/2019-09-26\/stadt-zuerich-erhaelt-den-ersten-preis-fuer-nachhaltiges-bauen\/#breadcrumb"},"inLanguage":"de","potentialAction":[{"@type":"ReadAction","target":["https:\/\/www.organisator.ch\/sustainability\/2019-09-26\/stadt-zuerich-erhaelt-den-ersten-preis-fuer-nachhaltiges-bauen\/"]}]},{"@type":"ImageObject","inLanguage":"de","@id":"https:\/\/www.organisator.ch\/sustainability\/2019-09-26\/stadt-zuerich-erhaelt-den-ersten-preis-fuer-nachhaltiges-bauen\/#primaryimage","url":"https:\/\/www.organisator.ch\/wp-content\/uploads\/2019\/09\/Stadt-Zuerich-Nachhaltig-Bauen-UP-Umwelt-Perspektiven.jpg","contentUrl":"https:\/\/www.organisator.ch\/wp-content\/uploads\/2019\/09\/Stadt-Zuerich-Nachhaltig-Bauen-UP-Umwelt-Perspektiven.jpg","width":2448,"height":1633,"caption":"Die Kunsthauserweiterung (Bild von Februar 2019) basiert auf weiteren Strecken auf Recycling-Beton. (Bild: zVg)"},{"@type":"BreadcrumbList","@id":"https:\/\/www.organisator.ch\/sustainability\/2019-09-26\/stadt-zuerich-erhaelt-den-ersten-preis-fuer-nachhaltiges-bauen\/#breadcrumb","itemListElement":[{"@type":"ListItem","position":1,"name":"Home","item":"https:\/\/www.organisator.ch\/"},{"@type":"ListItem","position":2,"name":"Stadt Z\u00fcrich erh\u00e4lt den ersten Preis f\u00fcr nachhaltiges Bauen"}]},{"@type":"WebSite","@id":"https:\/\/www.organisator.ch\/#website","url":"https:\/\/www.organisator.ch\/","name":"Organisator","description":"Kompetent. Praxisnah. Der ORGANISATOR bereitet in 10 Ausgaben pro Jahr die wesentlichen Themen f\u00fcr F\u00fchrungskr\u00e4fte von KMU auf.","publisher":{"@id":"https:\/\/www.organisator.ch\/#organization"},"potentialAction":[{"@type":"SearchAction","target":{"@type":"EntryPoint","urlTemplate":"https:\/\/www.organisator.ch\/?s={search_term_string}"},"query-input":{"@type":"PropertyValueSpecification","valueRequired":true,"valueName":"search_term_string"}}],"inLanguage":"de"},{"@type":"Organization","@id":"https:\/\/www.organisator.ch\/#organization","name":"Organisator","url":"https:\/\/www.organisator.ch\/","logo":{"@type":"ImageObject","inLanguage":"de","@id":"https:\/\/www.organisator.ch\/#\/schema\/logo\/image\/","url":"https:\/\/www.organisator.ch\/wp-content\/uploads\/2022\/01\/Logo_Organisator_Website.png","contentUrl":"https:\/\/www.organisator.ch\/wp-content\/uploads\/2022\/01\/Logo_Organisator_Website.png","width":800,"height":77,"caption":"Organisator"},"image":{"@id":"https:\/\/www.organisator.ch\/#\/schema\/logo\/image\/"},"sameAs":["https:\/\/www.facebook.com\/OrganisatorFachmagazin","https:\/\/www.linkedin.com\/showcase\/organisator-das-magazin-fr-kmu","https:\/\/www.xing.com\/news\/pages\/organisator-ch-695","https:\/\/www.youtube.com\/channel\/UCGP2Sq0iWaZwT3BdIAQFYpw"]},{"@type":"Person","@id":"https:\/\/www.organisator.ch\/#\/schema\/person\/134708ca9321c57b0362cceb7948ffbd","name":"michael.merz","image":{"@type":"ImageObject","inLanguage":"de","@id":"https:\/\/secure.gravatar.com\/avatar\/?s=96&d=mm&r=g","url":"https:\/\/secure.gravatar.com\/avatar\/?s=96&d=mm&r=g","contentUrl":"https:\/\/secure.gravatar.com\/avatar\/?s=96&d=mm&r=g","caption":"michael.merz"},"url":"https:\/\/www.organisator.ch\/de\/author\/michael-merz\/"}]}},"_links":{"self":[{"href":"https:\/\/www.organisator.ch\/de\/wp-json\/wp\/v2\/posts\/2492","targetHints":{"allow":["GET"]}}],"collection":[{"href":"https:\/\/www.organisator.ch\/de\/wp-json\/wp\/v2\/posts"}],"about":[{"href":"https:\/\/www.organisator.ch\/de\/wp-json\/wp\/v2\/types\/post"}],"author":[{"embeddable":true,"href":"https:\/\/www.organisator.ch\/de\/wp-json\/wp\/v2\/users\/5"}],"replies":[{"embeddable":true,"href":"https:\/\/www.organisator.ch\/de\/wp-json\/wp\/v2\/comments?post=2492"}],"version-history":[{"count":1,"href":"https:\/\/www.organisator.ch\/de\/wp-json\/wp\/v2\/posts\/2492\/revisions"}],"predecessor-version":[{"id":10406,"href":"https:\/\/www.organisator.ch\/de\/wp-json\/wp\/v2\/posts\/2492\/revisions\/10406"}],"wp:featuredmedia":[{"embeddable":true,"href":"https:\/\/www.organisator.ch\/de\/wp-json\/wp\/v2\/media\/2493"}],"wp:attachment":[{"href":"https:\/\/www.organisator.ch\/de\/wp-json\/wp\/v2\/media?parent=2492"}],"wp:term":[{"taxonomy":"category","embeddable":true,"href":"https:\/\/www.organisator.ch\/de\/wp-json\/wp\/v2\/categories?post=2492"},{"taxonomy":"post_tag","embeddable":true,"href":"https:\/\/www.organisator.ch\/de\/wp-json\/wp\/v2\/tags?post=2492"}],"curies":[{"name":"wp","href":"https:\/\/api.w.org\/{rel}","templated":true}]}}