{"id":25024,"date":"2024-02-14T14:39:44","date_gmt":"2024-02-14T13:39:44","guid":{"rendered":"https:\/\/www.werbewoche.ch\/?p=210478"},"modified":"2024-11-11T16:54:01","modified_gmt":"2024-11-11T15:54:01","slug":"tbs-macht-die-neue-strategische-ausrichtung-der-age-stiftung-sichtbar","status":"publish","type":"post","link":"https:\/\/www.organisator.ch\/de\/marketing\/2024-02-14\/tbs-macht-die-neue-strategische-ausrichtung-der-age-stiftung-sichtbar\/","title":{"rendered":"TBS macht die neue strategische Ausrichtung der Age-Stiftung sichtbar"},"content":{"rendered":"<p><img class=\"aligncenter wp-image-210486 size-full\" src=\"https:\/\/www.werbewoche.ch\/wp-content\/uploads\/2024\/02\/TBS_00_age-stiftung_vorschau_quer.jpg\" alt=\"Age-Stiftung\" width=\"744\" height=\"585\" \/><\/p>\r\n<p>Die Age-Stiftung greift als unabh\u00e4ngige F\u00f6rderstiftung gesellschaftsrelevante Fragen auf, die mit den Herausforderungen des \u00c4lterwerdens zusammenh\u00e4ngen, und setzt sich f\u00fcr zukunftsf\u00e4hige L\u00f6sungen ein. Zu diesem Zweck erarbeitet die Stiftung Grundlagen, f\u00f6rdert Projekte, initiiert Partnerschaften und sensibilisiert die \u00d6ffentlichkeit seit 2002.<\/p>\r\n<h3><strong>Evolution\u00e4r in die Zukunft<\/strong><\/h3>\r\n<p>2024 richtet sich die Age-Stiftung strategisch neu aus: \u00c4lterwerden mit st\u00e4rkerer Ber\u00fccksichtigung von vulnerablen Lebenslagen und fragilen Phasen sowie neuen Akzenten in Palliative Care. Parallel dazu wird auch das Erscheinungsbild der Age-Stiftung gepr\u00fcft und das Design aktualisiert. Der k\u00fcnftige Auftritt soll mehr Stringenz bekommen, das Corporate Design systematisiert und im neuen Webauftritt und Firmenportr\u00e4t manifestiert werden.<\/p>\r\n<h3><strong>Neu strukturiert und dokumentiert<\/strong><\/h3>\r\n<p>Die Basis stimmt, im Detail des Designs steckt jedoch noch mehr Potenzial. Das Logo wird reduziert, die Kernelemente des Designs neu justiert, der Auftritt insgesamt aufger\u00e4umter. Die Website wird \u00fcberarbeitet und nutzerfreundlicher ausgestaltet. Das neue Design-System wird im Manual klar definiert und dokumentiert.<\/p>\r\n<p><img class=\"aligncenter size-full wp-image-210489\" src=\"https:\/\/www.werbewoche.ch\/wp-content\/uploads\/2024\/02\/TBS_12_age-stiftung_ppt.jpg\" alt=\"\" width=\"1200\" height=\"750\" \/><\/p>\r\n<h3><strong>Der Bindestrich wird zum Bindeglied<\/strong><\/h3>\r\n<p>Der Bindestrich erh\u00e4lt neu eine prominentere Rolle und spiegelt sich verst\u00e4rkt auch inhaltlich im Auftritt wider. Schliesslich wirkt die Age-Stiftung in ihrer Kernt\u00e4tigkeit verbindend. Damit wird der Bindestrich zum pr\u00e4genden Element f\u00fcr s\u00e4mtliche kommunikativen Anwendungen.<\/p>\r\n<h3><strong>Neuer Auftritt mit Pr\u00e4senz<\/strong><\/h3>\r\n<p>Die Neuausrichtung soll nach aussen deutlich sichtbar und erlebbar werden. So wird auch das gesamte Team inklusive Stiftungsrat durch den Z\u00fcrcher Fotografen Dan Cermak neu portr\u00e4tiert. S\u00e4mtliche Office-Dokumente, der Social-Media-Auftritt, Newsletter und die Pr\u00e4sentationen werden aufgefrischt. Im Rahmen des Networking-Anlasses \u00abAge-Connect 2024\u00bb wird die zuk\u00fcnftige Strategie den Medien, Fachpersonen, Partnern und Freunden pr\u00e4sentiert. Zeitgleich findet der Relaunch der \u00fcberarbeiteten Website statt. Und auch das Age-Panorama, das die T\u00e4tigkeiten der Age-Stiftung zum Ausdruck bringt, feiert hier seine Premiere. Weitere Anwendungen folgen im Lauf des Jahres.<\/p>\r\n<p><a href=\"https:\/\/www.werbewoche.ch\/wp-content\/uploads\/2024\/02\/TBS_03_age-stiftung_team.jpg\"><img class=\"attachment-full size-full\" src=\"https:\/\/www.werbewoche.ch\/wp-content\/uploads\/2024\/02\/TBS_03_age-stiftung_team.jpg\" alt=\"\" width=\"1200\" height=\"750\" \/><\/a> <a href=\"https:\/\/www.werbewoche.ch\/wp-content\/uploads\/2024\/02\/TBS_16_age-stiftung_stiftungsrat.jpg\"><img class=\"attachment-full size-full\" src=\"https:\/\/www.werbewoche.ch\/wp-content\/uploads\/2024\/02\/TBS_16_age-stiftung_stiftungsrat.jpg\" alt=\"\" width=\"1200\" height=\"750\" \/><\/a><\/p>\r\n<h3><strong>Kollaborativ effektiver ans Ziel<\/strong><\/h3>\r\n<p>Der neue Auftritt wurde in enger Zusammenarbeit mit Gesch\u00e4ftsf\u00fchrerin Fleur Jaccard und ihrem Team realisiert. Advocacy hat inhaltlich bei der Redaktion der Webseite und des Age-Panorama unterst\u00fctzt. TBS zeichnet f\u00fcr die gestalterische Konzeption, s\u00e4mtliche Umsetzungen und die Koordination der Webprogrammierung verantwortlich.<\/p>\r\n<p><\/p>\r\n<p>&nbsp;<\/p>\r\n<p><a href=\"https:\/\/www.werbewoche.ch\/wp-content\/uploads\/2024\/02\/TBS_11_age-stiftung_linkedin.jpg\"><img class=\"attachment-full size-full\" src=\"https:\/\/www.werbewoche.ch\/wp-content\/uploads\/2024\/02\/TBS_11_age-stiftung_linkedin.jpg\" alt=\"\" width=\"1200\" height=\"750\" \/><\/a> <a href=\"https:\/\/www.werbewoche.ch\/wp-content\/uploads\/2024\/02\/TBS_04_age-stiftung_cover-scaled.jpg\"><img class=\"attachment-full size-full\" src=\"https:\/\/www.werbewoche.ch\/wp-content\/uploads\/2024\/02\/TBS_04_age-stiftung_cover-scaled.jpg\" alt=\"\" width=\"765\" height=\"1000\" \/><\/a> <a href=\"https:\/\/www.werbewoche.ch\/wp-content\/uploads\/2024\/02\/TBS_15_age-stiftung_panorama_3.jpg\"><img class=\"attachment-full size-full\" src=\"https:\/\/www.werbewoche.ch\/wp-content\/uploads\/2024\/02\/TBS_15_age-stiftung_panorama_3.jpg\" alt=\"\" width=\"1200\" height=\"750\" \/><\/a> <a href=\"https:\/\/www.werbewoche.ch\/wp-content\/uploads\/2024\/02\/TBS_07_age-stiftung_briefschaft.jpg\"><img class=\"attachment-full size-full\" src=\"https:\/\/www.werbewoche.ch\/wp-content\/uploads\/2024\/02\/TBS_07_age-stiftung_briefschaft.jpg\" alt=\"\" width=\"1200\" height=\"750\" \/><\/a> <a href=\"https:\/\/www.werbewoche.ch\/wp-content\/uploads\/2024\/02\/TBS_08_age-stiftung_vk.jpg\"><img class=\"attachment-full size-full\" src=\"https:\/\/www.werbewoche.ch\/wp-content\/uploads\/2024\/02\/TBS_08_age-stiftung_vk.jpg\" alt=\"\" width=\"1200\" height=\"750\" \/><\/a> <a href=\"https:\/\/www.werbewoche.ch\/wp-content\/uploads\/2024\/02\/TBS_10_age-stiftung_manual.jpg\"><img class=\"attachment-full size-full\" src=\"https:\/\/www.werbewoche.ch\/wp-content\/uploads\/2024\/02\/TBS_10_age-stiftung_manual.jpg\" alt=\"\" width=\"1200\" height=\"675\" \/><\/a><\/p>","protected":false},"excerpt":{"rendered":"<p>Mit der neu definierten Strategie der Age-Stiftung erh\u00e4lt auch der formale Auftritt ein Facelift. Zum Auftakt designt TBS die Website, die Briefschaften und den Social-Media-Auftritt neu und gestaltet ein lebendiges Portr\u00e4t zur F\u00f6rderstiftung \u2013 das Age-Panorama.<\/p>\n","protected":false},"author":8,"featured_media":0,"comment_status":"closed","ping_status":"closed","sticky":false,"template":"","format":"standard","meta":{"_acf_changed":false,"_yoast_wpseo_focuskw":"Age-Stiftung","_yoast_wpseo_metadesc":"Age-Stiftung richtet sich neu aus: Fokus auf vulnerable Lebenslagen und Palliative Care. Neues Corporate Design.","articlekey":"","footnotes":""},"categories":[29],"tags":[2617,3031],"class_list":["post-25024","post","type-post","status-publish","format-standard","hentry","category-marketing","tag-marken","tag-tbs"],"acf":[],"yoast_head":"<!-- This site is optimized with the Yoast SEO plugin v27.4 - https:\/\/yoast.com\/product\/yoast-seo-wordpress\/ -->\n<title>TBS macht die neue strategische Ausrichtung der Age-Stiftung sichtbar - Organisator<\/title>\n<meta name=\"description\" content=\"Age-Stiftung richtet sich neu aus: Fokus auf vulnerable Lebenslagen und Palliative Care. Neues Corporate Design.\" \/>\n<meta name=\"robots\" content=\"index, follow, max-snippet:-1, max-image-preview:large, max-video-preview:-1\" \/>\n<link rel=\"canonical\" href=\"https:\/\/www.organisator.ch\/de\/marketing\/2024-02-14\/tbs-macht-die-neue-strategische-ausrichtung-der-age-stiftung-sichtbar\/\" \/>\n<meta property=\"og:locale\" content=\"de_DE\" \/>\n<meta property=\"og:type\" content=\"article\" \/>\n<meta property=\"og:title\" content=\"TBS macht die neue strategische Ausrichtung der Age-Stiftung sichtbar - Organisator\" \/>\n<meta property=\"og:description\" content=\"Age-Stiftung richtet sich neu aus: Fokus auf vulnerable Lebenslagen und Palliative Care. Neues Corporate Design.\" \/>\n<meta property=\"og:url\" content=\"https:\/\/www.organisator.ch\/de\/marketing\/2024-02-14\/tbs-macht-die-neue-strategische-ausrichtung-der-age-stiftung-sichtbar\/\" \/>\n<meta property=\"og:site_name\" content=\"Organisator\" \/>\n<meta property=\"article:publisher\" content=\"https:\/\/www.facebook.com\/OrganisatorFachmagazin\" \/>\n<meta property=\"article:published_time\" content=\"2024-02-14T13:39:44+00:00\" \/>\n<meta property=\"article:modified_time\" content=\"2024-11-11T15:54:01+00:00\" \/>\n<meta property=\"og:image\" content=\"https:\/\/www.werbewoche.ch\/wp-content\/uploads\/2024\/02\/TBS_00_age-stiftung_vorschau_quer.jpg\" \/>\n<meta name=\"author\" content=\"galledia\" \/>\n<meta name=\"twitter:card\" content=\"summary_large_image\" \/>\n<meta name=\"twitter:creator\" content=\"@admin\" \/>\n<script type=\"application\/ld+json\" class=\"yoast-schema-graph\">{\"@context\":\"https:\\\/\\\/schema.org\",\"@graph\":[{\"@type\":\"Article\",\"@id\":\"https:\\\/\\\/www.organisator.ch\\\/marketing\\\/2024-02-14\\\/tbs-macht-die-neue-strategische-ausrichtung-der-age-stiftung-sichtbar\\\/#article\",\"isPartOf\":{\"@id\":\"https:\\\/\\\/www.organisator.ch\\\/marketing\\\/2024-02-14\\\/tbs-macht-die-neue-strategische-ausrichtung-der-age-stiftung-sichtbar\\\/\"},\"author\":{\"name\":\"galledia\",\"@id\":\"https:\\\/\\\/www.organisator.ch\\\/#\\\/schema\\\/person\\\/4e51799071cd2dd1232ac003643ef5f0\"},\"headline\":\"TBS macht die neue strategische Ausrichtung der Age-Stiftung sichtbar\",\"datePublished\":\"2024-02-14T13:39:44+00:00\",\"dateModified\":\"2024-11-11T15:54:01+00:00\",\"mainEntityOfPage\":{\"@id\":\"https:\\\/\\\/www.organisator.ch\\\/marketing\\\/2024-02-14\\\/tbs-macht-die-neue-strategische-ausrichtung-der-age-stiftung-sichtbar\\\/\"},\"wordCount\":360,\"publisher\":{\"@id\":\"https:\\\/\\\/www.organisator.ch\\\/#organization\"},\"image\":{\"@id\":\"https:\\\/\\\/www.organisator.ch\\\/marketing\\\/2024-02-14\\\/tbs-macht-die-neue-strategische-ausrichtung-der-age-stiftung-sichtbar\\\/#primaryimage\"},\"thumbnailUrl\":\"https:\\\/\\\/www.werbewoche.ch\\\/wp-content\\\/uploads\\\/2024\\\/02\\\/TBS_00_age-stiftung_vorschau_quer.jpg\",\"keywords\":[\"Marken\",\"TBS\"],\"articleSection\":[\"MARKETING\"],\"inLanguage\":\"de\"},{\"@type\":\"WebPage\",\"@id\":\"https:\\\/\\\/www.organisator.ch\\\/marketing\\\/2024-02-14\\\/tbs-macht-die-neue-strategische-ausrichtung-der-age-stiftung-sichtbar\\\/\",\"url\":\"https:\\\/\\\/www.organisator.ch\\\/marketing\\\/2024-02-14\\\/tbs-macht-die-neue-strategische-ausrichtung-der-age-stiftung-sichtbar\\\/\",\"name\":\"TBS macht die neue strategische Ausrichtung der Age-Stiftung sichtbar - Organisator\",\"isPartOf\":{\"@id\":\"https:\\\/\\\/www.organisator.ch\\\/#website\"},\"primaryImageOfPage\":{\"@id\":\"https:\\\/\\\/www.organisator.ch\\\/marketing\\\/2024-02-14\\\/tbs-macht-die-neue-strategische-ausrichtung-der-age-stiftung-sichtbar\\\/#primaryimage\"},\"image\":{\"@id\":\"https:\\\/\\\/www.organisator.ch\\\/marketing\\\/2024-02-14\\\/tbs-macht-die-neue-strategische-ausrichtung-der-age-stiftung-sichtbar\\\/#primaryimage\"},\"thumbnailUrl\":\"https:\\\/\\\/www.werbewoche.ch\\\/wp-content\\\/uploads\\\/2024\\\/02\\\/TBS_00_age-stiftung_vorschau_quer.jpg\",\"datePublished\":\"2024-02-14T13:39:44+00:00\",\"dateModified\":\"2024-11-11T15:54:01+00:00\",\"description\":\"Age-Stiftung richtet sich neu aus: Fokus auf vulnerable Lebenslagen und Palliative Care. Neues Corporate Design.\",\"breadcrumb\":{\"@id\":\"https:\\\/\\\/www.organisator.ch\\\/marketing\\\/2024-02-14\\\/tbs-macht-die-neue-strategische-ausrichtung-der-age-stiftung-sichtbar\\\/#breadcrumb\"},\"inLanguage\":\"de\",\"potentialAction\":[{\"@type\":\"ReadAction\",\"target\":[\"https:\\\/\\\/www.organisator.ch\\\/marketing\\\/2024-02-14\\\/tbs-macht-die-neue-strategische-ausrichtung-der-age-stiftung-sichtbar\\\/\"]}]},{\"@type\":\"ImageObject\",\"inLanguage\":\"de\",\"@id\":\"https:\\\/\\\/www.organisator.ch\\\/marketing\\\/2024-02-14\\\/tbs-macht-die-neue-strategische-ausrichtung-der-age-stiftung-sichtbar\\\/#primaryimage\",\"url\":\"https:\\\/\\\/www.werbewoche.ch\\\/wp-content\\\/uploads\\\/2024\\\/02\\\/TBS_00_age-stiftung_vorschau_quer.jpg\",\"contentUrl\":\"https:\\\/\\\/www.werbewoche.ch\\\/wp-content\\\/uploads\\\/2024\\\/02\\\/TBS_00_age-stiftung_vorschau_quer.jpg\"},{\"@type\":\"BreadcrumbList\",\"@id\":\"https:\\\/\\\/www.organisator.ch\\\/marketing\\\/2024-02-14\\\/tbs-macht-die-neue-strategische-ausrichtung-der-age-stiftung-sichtbar\\\/#breadcrumb\",\"itemListElement\":[{\"@type\":\"ListItem\",\"position\":1,\"name\":\"Home\",\"item\":\"https:\\\/\\\/www.organisator.ch\\\/\"},{\"@type\":\"ListItem\",\"position\":2,\"name\":\"TBS macht die neue strategische Ausrichtung der Age-Stiftung sichtbar\"}]},{\"@type\":\"WebSite\",\"@id\":\"https:\\\/\\\/www.organisator.ch\\\/#website\",\"url\":\"https:\\\/\\\/www.organisator.ch\\\/\",\"name\":\"Organisator\",\"description\":\"Kompetent. Praxisnah. Der ORGANISATOR bereitet in 10 Ausgaben pro Jahr die wesentlichen Themen f\u00fcr F\u00fchrungskr\u00e4fte von KMU auf.\",\"publisher\":{\"@id\":\"https:\\\/\\\/www.organisator.ch\\\/#organization\"},\"potentialAction\":[{\"@type\":\"SearchAction\",\"target\":{\"@type\":\"EntryPoint\",\"urlTemplate\":\"https:\\\/\\\/www.organisator.ch\\\/?s={search_term_string}\"},\"query-input\":{\"@type\":\"PropertyValueSpecification\",\"valueRequired\":true,\"valueName\":\"search_term_string\"}}],\"inLanguage\":\"de\"},{\"@type\":\"Organization\",\"@id\":\"https:\\\/\\\/www.organisator.ch\\\/#organization\",\"name\":\"Organisator\",\"url\":\"https:\\\/\\\/www.organisator.ch\\\/\",\"logo\":{\"@type\":\"ImageObject\",\"inLanguage\":\"de\",\"@id\":\"https:\\\/\\\/www.organisator.ch\\\/#\\\/schema\\\/logo\\\/image\\\/\",\"url\":\"https:\\\/\\\/www.organisator.ch\\\/wp-content\\\/uploads\\\/2022\\\/01\\\/Logo_Organisator_Website.png\",\"contentUrl\":\"https:\\\/\\\/www.organisator.ch\\\/wp-content\\\/uploads\\\/2022\\\/01\\\/Logo_Organisator_Website.png\",\"width\":800,\"height\":77,\"caption\":\"Organisator\"},\"image\":{\"@id\":\"https:\\\/\\\/www.organisator.ch\\\/#\\\/schema\\\/logo\\\/image\\\/\"},\"sameAs\":[\"https:\\\/\\\/www.facebook.com\\\/OrganisatorFachmagazin\",\"https:\\\/\\\/www.linkedin.com\\\/showcase\\\/organisator-das-magazin-fr-kmu\",\"https:\\\/\\\/www.xing.com\\\/news\\\/pages\\\/organisator-ch-695\",\"https:\\\/\\\/www.youtube.com\\\/channel\\\/UCGP2Sq0iWaZwT3BdIAQFYpw\"]},{\"@type\":\"Person\",\"@id\":\"https:\\\/\\\/www.organisator.ch\\\/#\\\/schema\\\/person\\\/4e51799071cd2dd1232ac003643ef5f0\",\"name\":\"galledia\",\"image\":{\"@type\":\"ImageObject\",\"inLanguage\":\"de\",\"@id\":\"https:\\\/\\\/secure.gravatar.com\\\/avatar\\\/78a7f90c01fc2bfc875782a0d4922b37cde2cf184ce347b91316d23cd7f69a36?s=96&d=mm&r=g\",\"url\":\"https:\\\/\\\/secure.gravatar.com\\\/avatar\\\/78a7f90c01fc2bfc875782a0d4922b37cde2cf184ce347b91316d23cd7f69a36?s=96&d=mm&r=g\",\"contentUrl\":\"https:\\\/\\\/secure.gravatar.com\\\/avatar\\\/78a7f90c01fc2bfc875782a0d4922b37cde2cf184ce347b91316d23cd7f69a36?s=96&d=mm&r=g\",\"caption\":\"galledia\"},\"sameAs\":[\"https:\\\/\\\/x.com\\\/admin\"],\"url\":\"https:\\\/\\\/www.organisator.ch\\\/de\\\/author\\\/galledia\\\/\"}]}<\/script>\n<!-- \/ Yoast SEO plugin. -->","yoast_head_json":{"title":"TBS macht die neue strategische Ausrichtung der Age-Stiftung sichtbar - Organisator","description":"Age-Stiftung richtet sich neu aus: Fokus auf vulnerable Lebenslagen und Palliative Care. Neues Corporate Design.","robots":{"index":"index","follow":"follow","max-snippet":"max-snippet:-1","max-image-preview":"max-image-preview:large","max-video-preview":"max-video-preview:-1"},"canonical":"https:\/\/www.organisator.ch\/de\/marketing\/2024-02-14\/tbs-macht-die-neue-strategische-ausrichtung-der-age-stiftung-sichtbar\/","og_locale":"de_DE","og_type":"article","og_title":"TBS macht die neue strategische Ausrichtung der Age-Stiftung sichtbar - Organisator","og_description":"Age-Stiftung richtet sich neu aus: Fokus auf vulnerable Lebenslagen und Palliative Care. Neues Corporate Design.","og_url":"https:\/\/www.organisator.ch\/de\/marketing\/2024-02-14\/tbs-macht-die-neue-strategische-ausrichtung-der-age-stiftung-sichtbar\/","og_site_name":"Organisator","article_publisher":"https:\/\/www.facebook.com\/OrganisatorFachmagazin","article_published_time":"2024-02-14T13:39:44+00:00","article_modified_time":"2024-11-11T15:54:01+00:00","og_image":[{"url":"https:\/\/www.werbewoche.ch\/wp-content\/uploads\/2024\/02\/TBS_00_age-stiftung_vorschau_quer.jpg","type":"","width":"","height":""}],"author":"galledia","twitter_card":"summary_large_image","twitter_creator":"@admin","schema":{"@context":"https:\/\/schema.org","@graph":[{"@type":"Article","@id":"https:\/\/www.organisator.ch\/marketing\/2024-02-14\/tbs-macht-die-neue-strategische-ausrichtung-der-age-stiftung-sichtbar\/#article","isPartOf":{"@id":"https:\/\/www.organisator.ch\/marketing\/2024-02-14\/tbs-macht-die-neue-strategische-ausrichtung-der-age-stiftung-sichtbar\/"},"author":{"name":"galledia","@id":"https:\/\/www.organisator.ch\/#\/schema\/person\/4e51799071cd2dd1232ac003643ef5f0"},"headline":"TBS macht die neue strategische Ausrichtung der Age-Stiftung sichtbar","datePublished":"2024-02-14T13:39:44+00:00","dateModified":"2024-11-11T15:54:01+00:00","mainEntityOfPage":{"@id":"https:\/\/www.organisator.ch\/marketing\/2024-02-14\/tbs-macht-die-neue-strategische-ausrichtung-der-age-stiftung-sichtbar\/"},"wordCount":360,"publisher":{"@id":"https:\/\/www.organisator.ch\/#organization"},"image":{"@id":"https:\/\/www.organisator.ch\/marketing\/2024-02-14\/tbs-macht-die-neue-strategische-ausrichtung-der-age-stiftung-sichtbar\/#primaryimage"},"thumbnailUrl":"https:\/\/www.werbewoche.ch\/wp-content\/uploads\/2024\/02\/TBS_00_age-stiftung_vorschau_quer.jpg","keywords":["Marken","TBS"],"articleSection":["MARKETING"],"inLanguage":"de"},{"@type":"WebPage","@id":"https:\/\/www.organisator.ch\/marketing\/2024-02-14\/tbs-macht-die-neue-strategische-ausrichtung-der-age-stiftung-sichtbar\/","url":"https:\/\/www.organisator.ch\/marketing\/2024-02-14\/tbs-macht-die-neue-strategische-ausrichtung-der-age-stiftung-sichtbar\/","name":"TBS macht die neue strategische Ausrichtung der Age-Stiftung sichtbar - Organisator","isPartOf":{"@id":"https:\/\/www.organisator.ch\/#website"},"primaryImageOfPage":{"@id":"https:\/\/www.organisator.ch\/marketing\/2024-02-14\/tbs-macht-die-neue-strategische-ausrichtung-der-age-stiftung-sichtbar\/#primaryimage"},"image":{"@id":"https:\/\/www.organisator.ch\/marketing\/2024-02-14\/tbs-macht-die-neue-strategische-ausrichtung-der-age-stiftung-sichtbar\/#primaryimage"},"thumbnailUrl":"https:\/\/www.werbewoche.ch\/wp-content\/uploads\/2024\/02\/TBS_00_age-stiftung_vorschau_quer.jpg","datePublished":"2024-02-14T13:39:44+00:00","dateModified":"2024-11-11T15:54:01+00:00","description":"Age-Stiftung richtet sich neu aus: Fokus auf vulnerable Lebenslagen und Palliative Care. Neues Corporate Design.","breadcrumb":{"@id":"https:\/\/www.organisator.ch\/marketing\/2024-02-14\/tbs-macht-die-neue-strategische-ausrichtung-der-age-stiftung-sichtbar\/#breadcrumb"},"inLanguage":"de","potentialAction":[{"@type":"ReadAction","target":["https:\/\/www.organisator.ch\/marketing\/2024-02-14\/tbs-macht-die-neue-strategische-ausrichtung-der-age-stiftung-sichtbar\/"]}]},{"@type":"ImageObject","inLanguage":"de","@id":"https:\/\/www.organisator.ch\/marketing\/2024-02-14\/tbs-macht-die-neue-strategische-ausrichtung-der-age-stiftung-sichtbar\/#primaryimage","url":"https:\/\/www.werbewoche.ch\/wp-content\/uploads\/2024\/02\/TBS_00_age-stiftung_vorschau_quer.jpg","contentUrl":"https:\/\/www.werbewoche.ch\/wp-content\/uploads\/2024\/02\/TBS_00_age-stiftung_vorschau_quer.jpg"},{"@type":"BreadcrumbList","@id":"https:\/\/www.organisator.ch\/marketing\/2024-02-14\/tbs-macht-die-neue-strategische-ausrichtung-der-age-stiftung-sichtbar\/#breadcrumb","itemListElement":[{"@type":"ListItem","position":1,"name":"Home","item":"https:\/\/www.organisator.ch\/"},{"@type":"ListItem","position":2,"name":"TBS macht die neue strategische Ausrichtung der Age-Stiftung sichtbar"}]},{"@type":"WebSite","@id":"https:\/\/www.organisator.ch\/#website","url":"https:\/\/www.organisator.ch\/","name":"Organisator","description":"Kompetent. Praxisnah. Der ORGANISATOR bereitet in 10 Ausgaben pro Jahr die wesentlichen Themen f\u00fcr F\u00fchrungskr\u00e4fte von KMU auf.","publisher":{"@id":"https:\/\/www.organisator.ch\/#organization"},"potentialAction":[{"@type":"SearchAction","target":{"@type":"EntryPoint","urlTemplate":"https:\/\/www.organisator.ch\/?s={search_term_string}"},"query-input":{"@type":"PropertyValueSpecification","valueRequired":true,"valueName":"search_term_string"}}],"inLanguage":"de"},{"@type":"Organization","@id":"https:\/\/www.organisator.ch\/#organization","name":"Organisator","url":"https:\/\/www.organisator.ch\/","logo":{"@type":"ImageObject","inLanguage":"de","@id":"https:\/\/www.organisator.ch\/#\/schema\/logo\/image\/","url":"https:\/\/www.organisator.ch\/wp-content\/uploads\/2022\/01\/Logo_Organisator_Website.png","contentUrl":"https:\/\/www.organisator.ch\/wp-content\/uploads\/2022\/01\/Logo_Organisator_Website.png","width":800,"height":77,"caption":"Organisator"},"image":{"@id":"https:\/\/www.organisator.ch\/#\/schema\/logo\/image\/"},"sameAs":["https:\/\/www.facebook.com\/OrganisatorFachmagazin","https:\/\/www.linkedin.com\/showcase\/organisator-das-magazin-fr-kmu","https:\/\/www.xing.com\/news\/pages\/organisator-ch-695","https:\/\/www.youtube.com\/channel\/UCGP2Sq0iWaZwT3BdIAQFYpw"]},{"@type":"Person","@id":"https:\/\/www.organisator.ch\/#\/schema\/person\/4e51799071cd2dd1232ac003643ef5f0","name":"galledia","image":{"@type":"ImageObject","inLanguage":"de","@id":"https:\/\/secure.gravatar.com\/avatar\/78a7f90c01fc2bfc875782a0d4922b37cde2cf184ce347b91316d23cd7f69a36?s=96&d=mm&r=g","url":"https:\/\/secure.gravatar.com\/avatar\/78a7f90c01fc2bfc875782a0d4922b37cde2cf184ce347b91316d23cd7f69a36?s=96&d=mm&r=g","contentUrl":"https:\/\/secure.gravatar.com\/avatar\/78a7f90c01fc2bfc875782a0d4922b37cde2cf184ce347b91316d23cd7f69a36?s=96&d=mm&r=g","caption":"galledia"},"sameAs":["https:\/\/x.com\/admin"],"url":"https:\/\/www.organisator.ch\/de\/author\/galledia\/"}]}},"_links":{"self":[{"href":"https:\/\/www.organisator.ch\/de\/wp-json\/wp\/v2\/posts\/25024","targetHints":{"allow":["GET"]}}],"collection":[{"href":"https:\/\/www.organisator.ch\/de\/wp-json\/wp\/v2\/posts"}],"about":[{"href":"https:\/\/www.organisator.ch\/de\/wp-json\/wp\/v2\/types\/post"}],"author":[{"embeddable":true,"href":"https:\/\/www.organisator.ch\/de\/wp-json\/wp\/v2\/users\/8"}],"replies":[{"embeddable":true,"href":"https:\/\/www.organisator.ch\/de\/wp-json\/wp\/v2\/comments?post=25024"}],"version-history":[{"count":5,"href":"https:\/\/www.organisator.ch\/de\/wp-json\/wp\/v2\/posts\/25024\/revisions"}],"predecessor-version":[{"id":32485,"href":"https:\/\/www.organisator.ch\/de\/wp-json\/wp\/v2\/posts\/25024\/revisions\/32485"}],"wp:attachment":[{"href":"https:\/\/www.organisator.ch\/de\/wp-json\/wp\/v2\/media?parent=25024"}],"wp:term":[{"taxonomy":"category","embeddable":true,"href":"https:\/\/www.organisator.ch\/de\/wp-json\/wp\/v2\/categories?post=25024"},{"taxonomy":"post_tag","embeddable":true,"href":"https:\/\/www.organisator.ch\/de\/wp-json\/wp\/v2\/tags?post=25024"}],"curies":[{"name":"wp","href":"https:\/\/api.w.org\/{rel}","templated":true}]}}