{"id":25034,"date":"2024-02-15T10:59:39","date_gmt":"2024-02-15T09:59:39","guid":{"rendered":"https:\/\/www.organisator.ch\/?p=25034"},"modified":"2024-02-15T10:59:39","modified_gmt":"2024-02-15T09:59:39","slug":"equal-pay-day-2024-befragung-zum-thema-lohn-bei-beschaeftigten-in-der-deutschschweiz","status":"publish","type":"post","link":"https:\/\/www.organisator.ch\/de\/human-resources\/2024-02-15\/equal-pay-day-2024-befragung-zum-thema-lohn-bei-beschaeftigten-in-der-deutschschweiz\/","title":{"rendered":"Equal Pay Day 2024: Befragung zum Thema Lohn bei Besch\u00e4ftigten in der Deutschschweiz"},"content":{"rendered":"<figure id=\"attachment_25036\" aria-describedby=\"caption-attachment-25036\" style=\"width: 680px\" class=\"wp-caption alignnone\"><img loading=\"lazy\" decoding=\"async\" class=\"size-full wp-image-25036\" src=\"https:\/\/www.organisator.ch\/wp-content\/uploads\/2024\/02\/Equal-Pay_Bild1_ps.jpg\" alt=\"\" width=\"680\" height=\"453\" srcset=\"https:\/\/www.organisator.ch\/wp-content\/uploads\/2024\/02\/Equal-Pay_Bild1_ps.jpg 680w, https:\/\/www.organisator.ch\/wp-content\/uploads\/2024\/02\/Equal-Pay_Bild1_ps-18x12.jpg 18w, https:\/\/www.organisator.ch\/wp-content\/uploads\/2024\/02\/Equal-Pay_Bild1_ps-375x250.jpg 375w, https:\/\/www.organisator.ch\/wp-content\/uploads\/2024\/02\/Equal-Pay_Bild1_ps-525x350.jpg 525w\" sizes=\"auto, (max-width: 680px) 100vw, 680px\" \/><figcaption id=\"caption-attachment-25036\" class=\"wp-caption-text\">Frauen ist der Lohn genauso wichtig wie M\u00e4nnern, doch ein Gehalt unter Marktwert ist f\u00fcr sie seltener Grund zum Verhandeln. (Bild: www.pexels.com)<\/figcaption><\/figure>\n<p>Am 17. Februar ist in der Schweiz Equal Pay Day. Der Aktionstag soll symbolisch die Lohnl\u00fccke zwischen Frauen und M\u00e4nnern sichtbar machen. Bis zu diesem Datum haben Frauen in der Schweiz rechnerisch gesehen gratis gearbeitet, wenn M\u00e4nner bereits ab dem 1. Januar bezahlt werden.<\/p>\n<p>Das Jobs-Netzwerk Xing hat 500 Besch\u00e4ftigte in der Deutschschweiz unter anderem zum Thema Lohn befragt und folgende geschlechterspezifische Unterschiede festgestellt:<\/p>\n<h3><strong>Frauen finden ihre Verg\u00fctung h\u00e4ufiger zu tief<\/strong><\/h3>\n<p>Ein h\u00f6herer Lohn ist f\u00fcr Frauen wie f\u00fcr M\u00e4nner das wichtigste Kriterium bei der Wahl eines neuen Arbeitgebers. Mit 62 Prozent ist Frauen dieser Punkt tendenziell sogar noch etwas wichtiger als M\u00e4nnern (55 Prozent). Gleichzeitig haben Frauen mit 46 Prozent h\u00e4ufiger das Gef\u00fchl, dass ihr Lohn im Verh\u00e4ltnis zu ihrer Arbeitsleistung zu niedrig ist. Bei den M\u00e4nnern sind es 37 Prozent.<\/p>\n<p>Von den Frauen, die ihren Lohn zu tief empfinden, w\u00e4ren 60 Prozent bereit, ihren Arbeitgeber aus diesem Grund zu wechseln. Der Anteil bei den M\u00e4nnern ist etwa gleich hoch.<\/p>\n<h3><strong>Unterschiedliche Gr\u00fcnde f\u00fcr Lohnforderungen <\/strong><\/h3>\n<p>Auch bei den Gr\u00fcnden, warum Besch\u00e4ftigte nach einer Lohnerh\u00f6hung fragen, zeigen sich Unterschiede zwischen den Geschlechtern. 26 Prozent der M\u00e4nner st\u00fctzen sich darauf, dass ihr aktueller Lohn unter dem Marktwert liegt. Bei den Frauen sind es lediglich 16 Prozent, die einen Lohn unter Marktwert zum Anlass f\u00fcr Gehaltsverhandlungen nehmen. 9 Prozent der befragten Frauen geben an, jedes Jahr nach einer Gehaltserh\u00f6hung zu fragen. Bei den M\u00e4nnern liegt der Anteil mit 13 Prozent tendenziell etwas h\u00f6her.<\/p>\n<p>\u00abFrauen verdienen nicht weniger, weil ihnen der Lohn weniger wichtig w\u00e4re. Und sie w\u00fcrden genau so h\u00e4ufig wie M\u00e4nner ihren Job wegen einem zu tiefen Lohn wechseln\u00bb, sagt Sandra Bascha, Xing Kommunikationsverantwortliche f\u00fcr die Schweiz. \u00abAber weibliche Besch\u00e4ftigte tun sich schwerer damit als M\u00e4nner, die Forderung nach mehr Lohn am eigenen Marktwert festzukn\u00fcpfen. Und dies, obwohl sie h\u00e4ufiger als M\u00e4nner das Gef\u00fchl haben, dass ihre Leistung nicht gen\u00fcgend kompensiert wird.\u00bb<\/p>\n<p><em>Quelle: <a href=\"http:\/\/www.xing.com\">www.xing.com<\/a><\/em><\/p>\n","protected":false},"excerpt":{"rendered":"<p>Lohnunterschiede zwischen den Geschlechtern sind in der Schweiz nach wie vor Realit\u00e4t. Mit dem Equal Pay Day am 17. Februar soll auf diesen Missstand aufmerksam gemacht werden. Das Jobs-Netzwerk Xing hat in einer Befragung Besch\u00e4ftigte in der Deutschschweiz zum Thema Lohn befragt und herausgefunden: Frauen ist der Lohn mindestens so wichtig wie M\u00e4nnern. Aber obschon sie ihre Verg\u00fctung h\u00e4ufiger als M\u00e4nner zu tief empfinden, nehmen sie einen Lohn unter Marktwert seltener zum Anlass, um nach einer Gehaltserh\u00f6hung zu fragen.<\/p>\n","protected":false},"author":58,"featured_media":25036,"comment_status":"closed","ping_status":"closed","sticky":false,"template":"","format":"standard","meta":{"_acf_changed":false,"_yoast_wpseo_focuskw":"Lohnunterschiede","_yoast_wpseo_metadesc":"Der Equal Pay Day am 17. Februar soll auf die Lohnunterschiede in der Schweiz aufmerksam machen.","articlekey":"","footnotes":""},"categories":[579],"tags":[3506,330,424,492],"class_list":["post-25034","post","type-post","status-publish","format-standard","has-post-thumbnail","hentry","category-human-resources","tag-human-resources","tag-lohngleichheit","tag-schweiz","tag-unternehmen"],"acf":[],"yoast_head":"<!-- This site is optimized with the Yoast SEO plugin v27.5 - https:\/\/yoast.com\/product\/yoast-seo-wordpress\/ -->\n<title>Equal Pay Day 2024: Befragung zum Thema Lohn bei Besch\u00e4ftigten in der Deutschschweiz - Organisator<\/title>\n<meta name=\"description\" content=\"Der Equal Pay Day am 17. Februar soll auf die Lohnunterschiede in der Schweiz aufmerksam machen.\" \/>\n<meta name=\"robots\" content=\"index, follow, max-snippet:-1, max-image-preview:large, max-video-preview:-1\" \/>\n<link rel=\"canonical\" href=\"https:\/\/www.organisator.ch\/de\/human-resources\/2024-02-15\/equal-pay-day-2024-befragung-zum-thema-lohn-bei-beschaeftigten-in-der-deutschschweiz\/\" \/>\n<meta property=\"og:locale\" content=\"de_DE\" \/>\n<meta property=\"og:type\" content=\"article\" \/>\n<meta property=\"og:title\" content=\"Equal Pay Day 2024: Befragung zum Thema Lohn bei Besch\u00e4ftigten in der Deutschschweiz\" \/>\n<meta property=\"og:description\" content=\"Der Equal Pay Day am 17. Februar soll auf die Lohnunterschiede in der Schweiz aufmerksam machen.\" \/>\n<meta property=\"og:url\" content=\"https:\/\/www.organisator.ch\/de\/human-resources\/2024-02-15\/equal-pay-day-2024-befragung-zum-thema-lohn-bei-beschaeftigten-in-der-deutschschweiz\/\" \/>\n<meta property=\"og:site_name\" content=\"Organisator\" \/>\n<meta property=\"article:publisher\" content=\"https:\/\/www.facebook.com\/OrganisatorFachmagazin\" \/>\n<meta property=\"article:published_time\" content=\"2024-02-15T09:59:39+00:00\" \/>\n<meta property=\"og:image\" content=\"https:\/\/www.organisator.ch\/wp-content\/uploads\/2024\/02\/Equal-Pay_Bild1_ps.jpg\" \/>\n\t<meta property=\"og:image:width\" content=\"680\" \/>\n\t<meta property=\"og:image:height\" content=\"453\" \/>\n\t<meta property=\"og:image:type\" content=\"image\/jpeg\" \/>\n<meta name=\"author\" content=\"Adelisa Kalajdzini\" \/>\n<meta name=\"twitter:card\" content=\"summary_large_image\" \/>\n<meta name=\"twitter:title\" content=\"Equal Pay Day 2024: Befragung zum Thema Lohn bei Besch\u00e4ftigten in der Deutschschweiz\" \/>\n<meta name=\"twitter:description\" content=\"Der Equal Pay Day am #17. Februar soll auf die #Lohnunterschiede in der #Schweiz aufmerksam machen.\" \/>\n<meta name=\"twitter:image\" content=\"https:\/\/www.organisator.ch\/wp-content\/uploads\/2024\/02\/Equal-Pay_Bild1_ps.jpg\" \/>\n<script type=\"application\/ld+json\" class=\"yoast-schema-graph\">{\"@context\":\"https:\\\/\\\/schema.org\",\"@graph\":[{\"@type\":\"Article\",\"@id\":\"https:\\\/\\\/www.organisator.ch\\\/human-resources\\\/2024-02-15\\\/equal-pay-day-2024-befragung-zum-thema-lohn-bei-beschaeftigten-in-der-deutschschweiz\\\/#article\",\"isPartOf\":{\"@id\":\"https:\\\/\\\/www.organisator.ch\\\/human-resources\\\/2024-02-15\\\/equal-pay-day-2024-befragung-zum-thema-lohn-bei-beschaeftigten-in-der-deutschschweiz\\\/\"},\"author\":{\"name\":\"Adelisa Kalajdzini\",\"@id\":\"https:\\\/\\\/www.organisator.ch\\\/#\\\/schema\\\/person\\\/2e1314a2172123f874db408d8911d3f3\"},\"headline\":\"Equal Pay Day 2024: Befragung zum Thema Lohn bei Besch\u00e4ftigten in der Deutschschweiz\",\"datePublished\":\"2024-02-15T09:59:39+00:00\",\"mainEntityOfPage\":{\"@id\":\"https:\\\/\\\/www.organisator.ch\\\/human-resources\\\/2024-02-15\\\/equal-pay-day-2024-befragung-zum-thema-lohn-bei-beschaeftigten-in-der-deutschschweiz\\\/\"},\"wordCount\":388,\"publisher\":{\"@id\":\"https:\\\/\\\/www.organisator.ch\\\/#organization\"},\"image\":{\"@id\":\"https:\\\/\\\/www.organisator.ch\\\/human-resources\\\/2024-02-15\\\/equal-pay-day-2024-befragung-zum-thema-lohn-bei-beschaeftigten-in-der-deutschschweiz\\\/#primaryimage\"},\"thumbnailUrl\":\"https:\\\/\\\/www.organisator.ch\\\/wp-content\\\/uploads\\\/2024\\\/02\\\/Equal-Pay_Bild1_ps.jpg\",\"keywords\":[\"Human Resources\",\"Lohngleichheit\",\"Schweiz\",\"Unternehmen\"],\"articleSection\":[\"HUMAN RESOURCES\"],\"inLanguage\":\"de\"},{\"@type\":\"WebPage\",\"@id\":\"https:\\\/\\\/www.organisator.ch\\\/human-resources\\\/2024-02-15\\\/equal-pay-day-2024-befragung-zum-thema-lohn-bei-beschaeftigten-in-der-deutschschweiz\\\/\",\"url\":\"https:\\\/\\\/www.organisator.ch\\\/human-resources\\\/2024-02-15\\\/equal-pay-day-2024-befragung-zum-thema-lohn-bei-beschaeftigten-in-der-deutschschweiz\\\/\",\"name\":\"Equal Pay Day 2024: Befragung zum Thema Lohn bei Besch\u00e4ftigten in der Deutschschweiz - Organisator\",\"isPartOf\":{\"@id\":\"https:\\\/\\\/www.organisator.ch\\\/#website\"},\"primaryImageOfPage\":{\"@id\":\"https:\\\/\\\/www.organisator.ch\\\/human-resources\\\/2024-02-15\\\/equal-pay-day-2024-befragung-zum-thema-lohn-bei-beschaeftigten-in-der-deutschschweiz\\\/#primaryimage\"},\"image\":{\"@id\":\"https:\\\/\\\/www.organisator.ch\\\/human-resources\\\/2024-02-15\\\/equal-pay-day-2024-befragung-zum-thema-lohn-bei-beschaeftigten-in-der-deutschschweiz\\\/#primaryimage\"},\"thumbnailUrl\":\"https:\\\/\\\/www.organisator.ch\\\/wp-content\\\/uploads\\\/2024\\\/02\\\/Equal-Pay_Bild1_ps.jpg\",\"datePublished\":\"2024-02-15T09:59:39+00:00\",\"description\":\"Der Equal Pay Day am 17. Februar soll auf die Lohnunterschiede in der Schweiz aufmerksam machen.\",\"breadcrumb\":{\"@id\":\"https:\\\/\\\/www.organisator.ch\\\/human-resources\\\/2024-02-15\\\/equal-pay-day-2024-befragung-zum-thema-lohn-bei-beschaeftigten-in-der-deutschschweiz\\\/#breadcrumb\"},\"inLanguage\":\"de\",\"potentialAction\":[{\"@type\":\"ReadAction\",\"target\":[\"https:\\\/\\\/www.organisator.ch\\\/human-resources\\\/2024-02-15\\\/equal-pay-day-2024-befragung-zum-thema-lohn-bei-beschaeftigten-in-der-deutschschweiz\\\/\"]}]},{\"@type\":\"ImageObject\",\"inLanguage\":\"de\",\"@id\":\"https:\\\/\\\/www.organisator.ch\\\/human-resources\\\/2024-02-15\\\/equal-pay-day-2024-befragung-zum-thema-lohn-bei-beschaeftigten-in-der-deutschschweiz\\\/#primaryimage\",\"url\":\"https:\\\/\\\/www.organisator.ch\\\/wp-content\\\/uploads\\\/2024\\\/02\\\/Equal-Pay_Bild1_ps.jpg\",\"contentUrl\":\"https:\\\/\\\/www.organisator.ch\\\/wp-content\\\/uploads\\\/2024\\\/02\\\/Equal-Pay_Bild1_ps.jpg\",\"width\":680,\"height\":453,\"caption\":\"Frauen ist der Lohn genauso wichtig wie M\u00e4nnern, doch ein Gehalt unter Marktwert ist f\u00fcr sie seltener Grund zum Verhandeln. (Bild: www.pexels.com)\"},{\"@type\":\"BreadcrumbList\",\"@id\":\"https:\\\/\\\/www.organisator.ch\\\/human-resources\\\/2024-02-15\\\/equal-pay-day-2024-befragung-zum-thema-lohn-bei-beschaeftigten-in-der-deutschschweiz\\\/#breadcrumb\",\"itemListElement\":[{\"@type\":\"ListItem\",\"position\":1,\"name\":\"Home\",\"item\":\"https:\\\/\\\/www.organisator.ch\\\/\"},{\"@type\":\"ListItem\",\"position\":2,\"name\":\"Equal Pay Day 2024: Befragung zum Thema Lohn bei Besch\u00e4ftigten in der Deutschschweiz\"}]},{\"@type\":\"WebSite\",\"@id\":\"https:\\\/\\\/www.organisator.ch\\\/#website\",\"url\":\"https:\\\/\\\/www.organisator.ch\\\/\",\"name\":\"Organisator\",\"description\":\"Kompetent. Praxisnah. Der ORGANISATOR bereitet in 10 Ausgaben pro Jahr die wesentlichen Themen f\u00fcr F\u00fchrungskr\u00e4fte von KMU auf.\",\"publisher\":{\"@id\":\"https:\\\/\\\/www.organisator.ch\\\/#organization\"},\"potentialAction\":[{\"@type\":\"SearchAction\",\"target\":{\"@type\":\"EntryPoint\",\"urlTemplate\":\"https:\\\/\\\/www.organisator.ch\\\/?s={search_term_string}\"},\"query-input\":{\"@type\":\"PropertyValueSpecification\",\"valueRequired\":true,\"valueName\":\"search_term_string\"}}],\"inLanguage\":\"de\"},{\"@type\":\"Organization\",\"@id\":\"https:\\\/\\\/www.organisator.ch\\\/#organization\",\"name\":\"Organisator\",\"url\":\"https:\\\/\\\/www.organisator.ch\\\/\",\"logo\":{\"@type\":\"ImageObject\",\"inLanguage\":\"de\",\"@id\":\"https:\\\/\\\/www.organisator.ch\\\/#\\\/schema\\\/logo\\\/image\\\/\",\"url\":\"https:\\\/\\\/www.organisator.ch\\\/wp-content\\\/uploads\\\/2022\\\/01\\\/Logo_Organisator_Website.png\",\"contentUrl\":\"https:\\\/\\\/www.organisator.ch\\\/wp-content\\\/uploads\\\/2022\\\/01\\\/Logo_Organisator_Website.png\",\"width\":800,\"height\":77,\"caption\":\"Organisator\"},\"image\":{\"@id\":\"https:\\\/\\\/www.organisator.ch\\\/#\\\/schema\\\/logo\\\/image\\\/\"},\"sameAs\":[\"https:\\\/\\\/www.facebook.com\\\/OrganisatorFachmagazin\",\"https:\\\/\\\/www.linkedin.com\\\/showcase\\\/organisator-das-magazin-fr-kmu\",\"https:\\\/\\\/www.xing.com\\\/news\\\/pages\\\/organisator-ch-695\",\"https:\\\/\\\/www.youtube.com\\\/channel\\\/UCGP2Sq0iWaZwT3BdIAQFYpw\"]},{\"@type\":\"Person\",\"@id\":\"https:\\\/\\\/www.organisator.ch\\\/#\\\/schema\\\/person\\\/2e1314a2172123f874db408d8911d3f3\",\"name\":\"Adelisa Kalajdzini\",\"image\":{\"@type\":\"ImageObject\",\"inLanguage\":\"de\",\"@id\":\"https:\\\/\\\/secure.gravatar.com\\\/avatar\\\/09a397c22ac58cad6f160ee8306348599df9df58a8ede73696226897b9fa4b24?s=96&d=mm&r=g\",\"url\":\"https:\\\/\\\/secure.gravatar.com\\\/avatar\\\/09a397c22ac58cad6f160ee8306348599df9df58a8ede73696226897b9fa4b24?s=96&d=mm&r=g\",\"contentUrl\":\"https:\\\/\\\/secure.gravatar.com\\\/avatar\\\/09a397c22ac58cad6f160ee8306348599df9df58a8ede73696226897b9fa4b24?s=96&d=mm&r=g\",\"caption\":\"Adelisa Kalajdzini\"},\"url\":\"https:\\\/\\\/www.organisator.ch\\\/de\\\/author\\\/adelisa-kalajdzini\\\/\"}]}<\/script>\n<!-- \/ Yoast SEO plugin. -->","yoast_head_json":{"title":"Equal Pay Day 2024: Befragung zum Thema Lohn bei Besch\u00e4ftigten in der Deutschschweiz - Organisator","description":"Der Equal Pay Day am 17. Februar soll auf die Lohnunterschiede in der Schweiz aufmerksam machen.","robots":{"index":"index","follow":"follow","max-snippet":"max-snippet:-1","max-image-preview":"max-image-preview:large","max-video-preview":"max-video-preview:-1"},"canonical":"https:\/\/www.organisator.ch\/de\/human-resources\/2024-02-15\/equal-pay-day-2024-befragung-zum-thema-lohn-bei-beschaeftigten-in-der-deutschschweiz\/","og_locale":"de_DE","og_type":"article","og_title":"Equal Pay Day 2024: Befragung zum Thema Lohn bei Besch\u00e4ftigten in der Deutschschweiz","og_description":"Der Equal Pay Day am 17. Februar soll auf die Lohnunterschiede in der Schweiz aufmerksam machen.","og_url":"https:\/\/www.organisator.ch\/de\/human-resources\/2024-02-15\/equal-pay-day-2024-befragung-zum-thema-lohn-bei-beschaeftigten-in-der-deutschschweiz\/","og_site_name":"Organisator","article_publisher":"https:\/\/www.facebook.com\/OrganisatorFachmagazin","article_published_time":"2024-02-15T09:59:39+00:00","og_image":[{"width":680,"height":453,"url":"https:\/\/www.organisator.ch\/wp-content\/uploads\/2024\/02\/Equal-Pay_Bild1_ps.jpg","type":"image\/jpeg"}],"author":"Adelisa Kalajdzini","twitter_card":"summary_large_image","twitter_title":"Equal Pay Day 2024: Befragung zum Thema Lohn bei Besch\u00e4ftigten in der Deutschschweiz","twitter_description":"Der Equal Pay Day am #17. Februar soll auf die #Lohnunterschiede in der #Schweiz aufmerksam machen.","twitter_image":"https:\/\/www.organisator.ch\/wp-content\/uploads\/2024\/02\/Equal-Pay_Bild1_ps.jpg","schema":{"@context":"https:\/\/schema.org","@graph":[{"@type":"Article","@id":"https:\/\/www.organisator.ch\/human-resources\/2024-02-15\/equal-pay-day-2024-befragung-zum-thema-lohn-bei-beschaeftigten-in-der-deutschschweiz\/#article","isPartOf":{"@id":"https:\/\/www.organisator.ch\/human-resources\/2024-02-15\/equal-pay-day-2024-befragung-zum-thema-lohn-bei-beschaeftigten-in-der-deutschschweiz\/"},"author":{"name":"Adelisa Kalajdzini","@id":"https:\/\/www.organisator.ch\/#\/schema\/person\/2e1314a2172123f874db408d8911d3f3"},"headline":"Equal Pay Day 2024: Befragung zum Thema Lohn bei Besch\u00e4ftigten in der Deutschschweiz","datePublished":"2024-02-15T09:59:39+00:00","mainEntityOfPage":{"@id":"https:\/\/www.organisator.ch\/human-resources\/2024-02-15\/equal-pay-day-2024-befragung-zum-thema-lohn-bei-beschaeftigten-in-der-deutschschweiz\/"},"wordCount":388,"publisher":{"@id":"https:\/\/www.organisator.ch\/#organization"},"image":{"@id":"https:\/\/www.organisator.ch\/human-resources\/2024-02-15\/equal-pay-day-2024-befragung-zum-thema-lohn-bei-beschaeftigten-in-der-deutschschweiz\/#primaryimage"},"thumbnailUrl":"https:\/\/www.organisator.ch\/wp-content\/uploads\/2024\/02\/Equal-Pay_Bild1_ps.jpg","keywords":["Human Resources","Lohngleichheit","Schweiz","Unternehmen"],"articleSection":["HUMAN RESOURCES"],"inLanguage":"de"},{"@type":"WebPage","@id":"https:\/\/www.organisator.ch\/human-resources\/2024-02-15\/equal-pay-day-2024-befragung-zum-thema-lohn-bei-beschaeftigten-in-der-deutschschweiz\/","url":"https:\/\/www.organisator.ch\/human-resources\/2024-02-15\/equal-pay-day-2024-befragung-zum-thema-lohn-bei-beschaeftigten-in-der-deutschschweiz\/","name":"Equal Pay Day 2024: Befragung zum Thema Lohn bei Besch\u00e4ftigten in der Deutschschweiz - Organisator","isPartOf":{"@id":"https:\/\/www.organisator.ch\/#website"},"primaryImageOfPage":{"@id":"https:\/\/www.organisator.ch\/human-resources\/2024-02-15\/equal-pay-day-2024-befragung-zum-thema-lohn-bei-beschaeftigten-in-der-deutschschweiz\/#primaryimage"},"image":{"@id":"https:\/\/www.organisator.ch\/human-resources\/2024-02-15\/equal-pay-day-2024-befragung-zum-thema-lohn-bei-beschaeftigten-in-der-deutschschweiz\/#primaryimage"},"thumbnailUrl":"https:\/\/www.organisator.ch\/wp-content\/uploads\/2024\/02\/Equal-Pay_Bild1_ps.jpg","datePublished":"2024-02-15T09:59:39+00:00","description":"Der Equal Pay Day am 17. Februar soll auf die Lohnunterschiede in der Schweiz aufmerksam machen.","breadcrumb":{"@id":"https:\/\/www.organisator.ch\/human-resources\/2024-02-15\/equal-pay-day-2024-befragung-zum-thema-lohn-bei-beschaeftigten-in-der-deutschschweiz\/#breadcrumb"},"inLanguage":"de","potentialAction":[{"@type":"ReadAction","target":["https:\/\/www.organisator.ch\/human-resources\/2024-02-15\/equal-pay-day-2024-befragung-zum-thema-lohn-bei-beschaeftigten-in-der-deutschschweiz\/"]}]},{"@type":"ImageObject","inLanguage":"de","@id":"https:\/\/www.organisator.ch\/human-resources\/2024-02-15\/equal-pay-day-2024-befragung-zum-thema-lohn-bei-beschaeftigten-in-der-deutschschweiz\/#primaryimage","url":"https:\/\/www.organisator.ch\/wp-content\/uploads\/2024\/02\/Equal-Pay_Bild1_ps.jpg","contentUrl":"https:\/\/www.organisator.ch\/wp-content\/uploads\/2024\/02\/Equal-Pay_Bild1_ps.jpg","width":680,"height":453,"caption":"Frauen ist der Lohn genauso wichtig wie M\u00e4nnern, doch ein Gehalt unter Marktwert ist f\u00fcr sie seltener Grund zum Verhandeln. (Bild: www.pexels.com)"},{"@type":"BreadcrumbList","@id":"https:\/\/www.organisator.ch\/human-resources\/2024-02-15\/equal-pay-day-2024-befragung-zum-thema-lohn-bei-beschaeftigten-in-der-deutschschweiz\/#breadcrumb","itemListElement":[{"@type":"ListItem","position":1,"name":"Home","item":"https:\/\/www.organisator.ch\/"},{"@type":"ListItem","position":2,"name":"Equal Pay Day 2024: Befragung zum Thema Lohn bei Besch\u00e4ftigten in der Deutschschweiz"}]},{"@type":"WebSite","@id":"https:\/\/www.organisator.ch\/#website","url":"https:\/\/www.organisator.ch\/","name":"Organisator","description":"Kompetent. Praxisnah. Der ORGANISATOR bereitet in 10 Ausgaben pro Jahr die wesentlichen Themen f\u00fcr F\u00fchrungskr\u00e4fte von KMU auf.","publisher":{"@id":"https:\/\/www.organisator.ch\/#organization"},"potentialAction":[{"@type":"SearchAction","target":{"@type":"EntryPoint","urlTemplate":"https:\/\/www.organisator.ch\/?s={search_term_string}"},"query-input":{"@type":"PropertyValueSpecification","valueRequired":true,"valueName":"search_term_string"}}],"inLanguage":"de"},{"@type":"Organization","@id":"https:\/\/www.organisator.ch\/#organization","name":"Organisator","url":"https:\/\/www.organisator.ch\/","logo":{"@type":"ImageObject","inLanguage":"de","@id":"https:\/\/www.organisator.ch\/#\/schema\/logo\/image\/","url":"https:\/\/www.organisator.ch\/wp-content\/uploads\/2022\/01\/Logo_Organisator_Website.png","contentUrl":"https:\/\/www.organisator.ch\/wp-content\/uploads\/2022\/01\/Logo_Organisator_Website.png","width":800,"height":77,"caption":"Organisator"},"image":{"@id":"https:\/\/www.organisator.ch\/#\/schema\/logo\/image\/"},"sameAs":["https:\/\/www.facebook.com\/OrganisatorFachmagazin","https:\/\/www.linkedin.com\/showcase\/organisator-das-magazin-fr-kmu","https:\/\/www.xing.com\/news\/pages\/organisator-ch-695","https:\/\/www.youtube.com\/channel\/UCGP2Sq0iWaZwT3BdIAQFYpw"]},{"@type":"Person","@id":"https:\/\/www.organisator.ch\/#\/schema\/person\/2e1314a2172123f874db408d8911d3f3","name":"Adelisa Kalajdzini","image":{"@type":"ImageObject","inLanguage":"de","@id":"https:\/\/secure.gravatar.com\/avatar\/09a397c22ac58cad6f160ee8306348599df9df58a8ede73696226897b9fa4b24?s=96&d=mm&r=g","url":"https:\/\/secure.gravatar.com\/avatar\/09a397c22ac58cad6f160ee8306348599df9df58a8ede73696226897b9fa4b24?s=96&d=mm&r=g","contentUrl":"https:\/\/secure.gravatar.com\/avatar\/09a397c22ac58cad6f160ee8306348599df9df58a8ede73696226897b9fa4b24?s=96&d=mm&r=g","caption":"Adelisa Kalajdzini"},"url":"https:\/\/www.organisator.ch\/de\/author\/adelisa-kalajdzini\/"}]}},"_links":{"self":[{"href":"https:\/\/www.organisator.ch\/de\/wp-json\/wp\/v2\/posts\/25034","targetHints":{"allow":["GET"]}}],"collection":[{"href":"https:\/\/www.organisator.ch\/de\/wp-json\/wp\/v2\/posts"}],"about":[{"href":"https:\/\/www.organisator.ch\/de\/wp-json\/wp\/v2\/types\/post"}],"author":[{"embeddable":true,"href":"https:\/\/www.organisator.ch\/de\/wp-json\/wp\/v2\/users\/58"}],"replies":[{"embeddable":true,"href":"https:\/\/www.organisator.ch\/de\/wp-json\/wp\/v2\/comments?post=25034"}],"version-history":[{"count":6,"href":"https:\/\/www.organisator.ch\/de\/wp-json\/wp\/v2\/posts\/25034\/revisions"}],"predecessor-version":[{"id":25058,"href":"https:\/\/www.organisator.ch\/de\/wp-json\/wp\/v2\/posts\/25034\/revisions\/25058"}],"wp:featuredmedia":[{"embeddable":true,"href":"https:\/\/www.organisator.ch\/de\/wp-json\/wp\/v2\/media\/25036"}],"wp:attachment":[{"href":"https:\/\/www.organisator.ch\/de\/wp-json\/wp\/v2\/media?parent=25034"}],"wp:term":[{"taxonomy":"category","embeddable":true,"href":"https:\/\/www.organisator.ch\/de\/wp-json\/wp\/v2\/categories?post=25034"},{"taxonomy":"post_tag","embeddable":true,"href":"https:\/\/www.organisator.ch\/de\/wp-json\/wp\/v2\/tags?post=25034"}],"curies":[{"name":"wp","href":"https:\/\/api.w.org\/{rel}","templated":true}]}}