{"id":25090,"date":"2024-02-19T09:58:51","date_gmt":"2024-02-19T08:58:51","guid":{"rendered":"https:\/\/www.organisator.ch\/?p=25090"},"modified":"2024-02-19T09:58:51","modified_gmt":"2024-02-19T08:58:51","slug":"mazars-verstaerkt-steuerbereich-in-deutschschweiz-mit-neuem-tax-partner","status":"publish","type":"post","link":"https:\/\/www.organisator.ch\/de\/management\/2024-02-19\/mazars-verstaerkt-steuerbereich-in-deutschschweiz-mit-neuem-tax-partner\/","title":{"rendered":"Mazars verst\u00e4rkt Steuerbereich in Deutschschweiz mit neuem Tax Partner"},"content":{"rendered":"<figure id=\"attachment_25091\" aria-describedby=\"caption-attachment-25091\" style=\"width: 680px\" class=\"wp-caption alignnone\"><img loading=\"lazy\" decoding=\"async\" class=\"size-full wp-image-25091\" src=\"https:\/\/www.organisator.ch\/wp-content\/uploads\/2024\/02\/Mazars-Andre_Kuhn_Portrait_ps.jpg\" alt=\"\" width=\"680\" height=\"648\" srcset=\"https:\/\/www.organisator.ch\/wp-content\/uploads\/2024\/02\/Mazars-Andre_Kuhn_Portrait_ps.jpg 680w, https:\/\/www.organisator.ch\/wp-content\/uploads\/2024\/02\/Mazars-Andre_Kuhn_Portrait_ps-13x12.jpg 13w, https:\/\/www.organisator.ch\/wp-content\/uploads\/2024\/02\/Mazars-Andre_Kuhn_Portrait_ps-315x300.jpg 315w, https:\/\/www.organisator.ch\/wp-content\/uploads\/2024\/02\/Mazars-Andre_Kuhn_Portrait_ps-367x350.jpg 367w\" sizes=\"auto, (max-width: 680px) 100vw, 680px\" \/><figcaption id=\"caption-attachment-25091\" class=\"wp-caption-text\">Andr\u00e9 Kuhn &#8211; dipl. Steuerexperte und der neue Partner von Mazars. (Bild: www.mazars.ch)<\/figcaption><\/figure>\n<p>Mit der Nomination von Andr\u00e9 Kuhn st\u00e4rkt Mazars in der Deutschschweiz ihre Steuerpraxis und treibt die Expansion des Bereiches voran.<\/p>\n<p>Andr\u00e9 Kuhn ist dipl. Steuerexperte und verf\u00fcgt \u00fcber fast 20 Jahre Erfahrung im Bereich Steuern bei einem \u00abBig Four\u00bb-Unternehmen. Sein Spezialgebiet umfasst internationale Steuerplanung, Verrechnungssteuer sowie Stempelabgaben. Er bringt zudem fundierte Steuerkenntnisse aus dem Finanzdienstleistungsumfeld.<\/p>\n<p>Zusammen mit dem Team hat er sich zum Ziel gesetzt, den Deutschschweizer Markt zu entwickeln und die Steuerexpertise von Mazars bei nationalen und internationalen Unternehmen zu st\u00e4rken.<\/p>\n<p>\u201eDer Aufbau des Steuerbereiches in der Deutschschweiz ist ein wichtiger Eckpfeiler in unserer Strategie und erm\u00f6glicht es uns, unseren Kundinnen und Kunden noch umfassendere Dienstleistungen anzubieten\u201c, sagt Cyprian Bumann, Partner und Leiter Deutschschweiz bei Mazars in der Schweiz. \u00abEs freut uns, dass wir mit Andr\u00e9 einen Topexperten aus dem Steuerumfeld gewinnen konnten\u00bb, so Bumann weiter.<\/p>\n<p><em>Quelle: <a href=\"http:\/\/www.mazars.ch\">www.mazars.ch<\/a><\/em><\/p>\n","protected":false},"excerpt":{"rendered":"<p>Mazars, ein f\u00fchrendes internationales Unternehmen, das auf Wirtschaftspr\u00fcfung, Steuern und Beratung spezialisiert ist, holt den erfahrenen Steuerexperten Andr\u00e9 Kuhn als Partner an Bord.<\/p>\n","protected":false},"author":58,"featured_media":25091,"comment_status":"closed","ping_status":"closed","sticky":false,"template":"","format":"standard","meta":{"_acf_changed":false,"_yoast_wpseo_focuskw":"Andr\u00e9 Kuhn","_yoast_wpseo_metadesc":"Mazars, ein f\u00fchrendes internationales Unternehmen, holt den erfahrenen Steuerexperten Andr\u00e9 Kuhn als Partner an Bord.","articlekey":"","footnotes":""},"categories":[28],"tags":[334,1888,4097,492],"class_list":["post-25090","post","type-post","status-publish","format-standard","has-post-thumbnail","hentry","category-management","tag-management","tag-partnerschaft","tag-steuerexperte","tag-unternehmen"],"acf":[],"yoast_head":"<!-- This site is optimized with the Yoast SEO plugin v27.4 - https:\/\/yoast.com\/product\/yoast-seo-wordpress\/ -->\n<title>Mazars verst\u00e4rkt Steuerbereich in Deutschschweiz mit neuem Tax Partner - Organisator<\/title>\n<meta name=\"description\" content=\"Mazars, ein f\u00fchrendes internationales Unternehmen, holt den erfahrenen Steuerexperten Andr\u00e9 Kuhn als Partner an Bord.\" \/>\n<meta name=\"robots\" content=\"index, follow, max-snippet:-1, max-image-preview:large, max-video-preview:-1\" \/>\n<link rel=\"canonical\" href=\"https:\/\/www.organisator.ch\/de\/management\/2024-02-19\/mazars-verstaerkt-steuerbereich-in-deutschschweiz-mit-neuem-tax-partner\/\" \/>\n<meta property=\"og:locale\" content=\"de_DE\" \/>\n<meta property=\"og:type\" content=\"article\" \/>\n<meta property=\"og:title\" content=\"Mazars verst\u00e4rkt Steuerbereich in Deutschschweiz mit neuem Tax Partner\" \/>\n<meta property=\"og:description\" content=\"Mazars, ein f\u00fchrendes internationales Unternehmen, holt den erfahrenen Steuerexperten Andr\u00e9 Kuhn als Partner an Bord.\" \/>\n<meta property=\"og:url\" content=\"https:\/\/www.organisator.ch\/de\/management\/2024-02-19\/mazars-verstaerkt-steuerbereich-in-deutschschweiz-mit-neuem-tax-partner\/\" \/>\n<meta property=\"og:site_name\" content=\"Organisator\" \/>\n<meta property=\"article:publisher\" content=\"https:\/\/www.facebook.com\/OrganisatorFachmagazin\" \/>\n<meta property=\"article:published_time\" content=\"2024-02-19T08:58:51+00:00\" \/>\n<meta property=\"og:image\" content=\"https:\/\/www.organisator.ch\/wp-content\/uploads\/2024\/02\/Mazars-Andre_Kuhn_Portrait_ps.jpg\" \/>\n\t<meta property=\"og:image:width\" content=\"680\" \/>\n\t<meta property=\"og:image:height\" content=\"648\" \/>\n\t<meta property=\"og:image:type\" content=\"image\/jpeg\" \/>\n<meta name=\"author\" content=\"Adelisa Kalajdzini\" \/>\n<meta name=\"twitter:card\" content=\"summary_large_image\" \/>\n<meta name=\"twitter:title\" content=\"Mazars verst\u00e4rkt Steuerbereich in Deutschschweiz mit neuem Tax Partner\" \/>\n<meta name=\"twitter:description\" content=\"#Mazars, ein f\u00fchrendes internationales #Unternehmen, holt den erfahrenen #Steuerexperten Andr\u00e9 Kuhn als #Partner an Bord.\" \/>\n<meta name=\"twitter:image\" content=\"https:\/\/www.organisator.ch\/wp-content\/uploads\/2024\/02\/Mazars-Andre_Kuhn_Portrait_ps.jpg\" \/>\n<script type=\"application\/ld+json\" class=\"yoast-schema-graph\">{\"@context\":\"https:\\\/\\\/schema.org\",\"@graph\":[{\"@type\":\"Article\",\"@id\":\"https:\\\/\\\/www.organisator.ch\\\/management\\\/2024-02-19\\\/mazars-verstaerkt-steuerbereich-in-deutschschweiz-mit-neuem-tax-partner\\\/#article\",\"isPartOf\":{\"@id\":\"https:\\\/\\\/www.organisator.ch\\\/management\\\/2024-02-19\\\/mazars-verstaerkt-steuerbereich-in-deutschschweiz-mit-neuem-tax-partner\\\/\"},\"author\":{\"name\":\"Adelisa Kalajdzini\",\"@id\":\"https:\\\/\\\/www.organisator.ch\\\/#\\\/schema\\\/person\\\/2e1314a2172123f874db408d8911d3f3\"},\"headline\":\"Mazars verst\u00e4rkt Steuerbereich in Deutschschweiz mit neuem Tax Partner\",\"datePublished\":\"2024-02-19T08:58:51+00:00\",\"mainEntityOfPage\":{\"@id\":\"https:\\\/\\\/www.organisator.ch\\\/management\\\/2024-02-19\\\/mazars-verstaerkt-steuerbereich-in-deutschschweiz-mit-neuem-tax-partner\\\/\"},\"wordCount\":177,\"publisher\":{\"@id\":\"https:\\\/\\\/www.organisator.ch\\\/#organization\"},\"image\":{\"@id\":\"https:\\\/\\\/www.organisator.ch\\\/management\\\/2024-02-19\\\/mazars-verstaerkt-steuerbereich-in-deutschschweiz-mit-neuem-tax-partner\\\/#primaryimage\"},\"thumbnailUrl\":\"https:\\\/\\\/www.organisator.ch\\\/wp-content\\\/uploads\\\/2024\\\/02\\\/Mazars-Andre_Kuhn_Portrait_ps.jpg\",\"keywords\":[\"Management\",\"Partnerschaft\",\"Steuerexperte\",\"Unternehmen\"],\"articleSection\":[\"MANAGEMENT\"],\"inLanguage\":\"de\"},{\"@type\":\"WebPage\",\"@id\":\"https:\\\/\\\/www.organisator.ch\\\/management\\\/2024-02-19\\\/mazars-verstaerkt-steuerbereich-in-deutschschweiz-mit-neuem-tax-partner\\\/\",\"url\":\"https:\\\/\\\/www.organisator.ch\\\/management\\\/2024-02-19\\\/mazars-verstaerkt-steuerbereich-in-deutschschweiz-mit-neuem-tax-partner\\\/\",\"name\":\"Mazars verst\u00e4rkt Steuerbereich in Deutschschweiz mit neuem Tax Partner - Organisator\",\"isPartOf\":{\"@id\":\"https:\\\/\\\/www.organisator.ch\\\/#website\"},\"primaryImageOfPage\":{\"@id\":\"https:\\\/\\\/www.organisator.ch\\\/management\\\/2024-02-19\\\/mazars-verstaerkt-steuerbereich-in-deutschschweiz-mit-neuem-tax-partner\\\/#primaryimage\"},\"image\":{\"@id\":\"https:\\\/\\\/www.organisator.ch\\\/management\\\/2024-02-19\\\/mazars-verstaerkt-steuerbereich-in-deutschschweiz-mit-neuem-tax-partner\\\/#primaryimage\"},\"thumbnailUrl\":\"https:\\\/\\\/www.organisator.ch\\\/wp-content\\\/uploads\\\/2024\\\/02\\\/Mazars-Andre_Kuhn_Portrait_ps.jpg\",\"datePublished\":\"2024-02-19T08:58:51+00:00\",\"description\":\"Mazars, ein f\u00fchrendes internationales Unternehmen, holt den erfahrenen Steuerexperten Andr\u00e9 Kuhn als Partner an Bord.\",\"breadcrumb\":{\"@id\":\"https:\\\/\\\/www.organisator.ch\\\/management\\\/2024-02-19\\\/mazars-verstaerkt-steuerbereich-in-deutschschweiz-mit-neuem-tax-partner\\\/#breadcrumb\"},\"inLanguage\":\"de\",\"potentialAction\":[{\"@type\":\"ReadAction\",\"target\":[\"https:\\\/\\\/www.organisator.ch\\\/management\\\/2024-02-19\\\/mazars-verstaerkt-steuerbereich-in-deutschschweiz-mit-neuem-tax-partner\\\/\"]}]},{\"@type\":\"ImageObject\",\"inLanguage\":\"de\",\"@id\":\"https:\\\/\\\/www.organisator.ch\\\/management\\\/2024-02-19\\\/mazars-verstaerkt-steuerbereich-in-deutschschweiz-mit-neuem-tax-partner\\\/#primaryimage\",\"url\":\"https:\\\/\\\/www.organisator.ch\\\/wp-content\\\/uploads\\\/2024\\\/02\\\/Mazars-Andre_Kuhn_Portrait_ps.jpg\",\"contentUrl\":\"https:\\\/\\\/www.organisator.ch\\\/wp-content\\\/uploads\\\/2024\\\/02\\\/Mazars-Andre_Kuhn_Portrait_ps.jpg\",\"width\":680,\"height\":648,\"caption\":\"Andr\u00e9 Kuhn - dipl. Steuerexperte und der neue Partner von Mazars. (Bild: www.mazars.ch)\"},{\"@type\":\"BreadcrumbList\",\"@id\":\"https:\\\/\\\/www.organisator.ch\\\/management\\\/2024-02-19\\\/mazars-verstaerkt-steuerbereich-in-deutschschweiz-mit-neuem-tax-partner\\\/#breadcrumb\",\"itemListElement\":[{\"@type\":\"ListItem\",\"position\":1,\"name\":\"Home\",\"item\":\"https:\\\/\\\/www.organisator.ch\\\/\"},{\"@type\":\"ListItem\",\"position\":2,\"name\":\"Mazars verst\u00e4rkt Steuerbereich in Deutschschweiz mit neuem Tax Partner\"}]},{\"@type\":\"WebSite\",\"@id\":\"https:\\\/\\\/www.organisator.ch\\\/#website\",\"url\":\"https:\\\/\\\/www.organisator.ch\\\/\",\"name\":\"Organisator\",\"description\":\"Kompetent. Praxisnah. Der ORGANISATOR bereitet in 10 Ausgaben pro Jahr die wesentlichen Themen f\u00fcr F\u00fchrungskr\u00e4fte von KMU auf.\",\"publisher\":{\"@id\":\"https:\\\/\\\/www.organisator.ch\\\/#organization\"},\"potentialAction\":[{\"@type\":\"SearchAction\",\"target\":{\"@type\":\"EntryPoint\",\"urlTemplate\":\"https:\\\/\\\/www.organisator.ch\\\/?s={search_term_string}\"},\"query-input\":{\"@type\":\"PropertyValueSpecification\",\"valueRequired\":true,\"valueName\":\"search_term_string\"}}],\"inLanguage\":\"de\"},{\"@type\":\"Organization\",\"@id\":\"https:\\\/\\\/www.organisator.ch\\\/#organization\",\"name\":\"Organisator\",\"url\":\"https:\\\/\\\/www.organisator.ch\\\/\",\"logo\":{\"@type\":\"ImageObject\",\"inLanguage\":\"de\",\"@id\":\"https:\\\/\\\/www.organisator.ch\\\/#\\\/schema\\\/logo\\\/image\\\/\",\"url\":\"https:\\\/\\\/www.organisator.ch\\\/wp-content\\\/uploads\\\/2022\\\/01\\\/Logo_Organisator_Website.png\",\"contentUrl\":\"https:\\\/\\\/www.organisator.ch\\\/wp-content\\\/uploads\\\/2022\\\/01\\\/Logo_Organisator_Website.png\",\"width\":800,\"height\":77,\"caption\":\"Organisator\"},\"image\":{\"@id\":\"https:\\\/\\\/www.organisator.ch\\\/#\\\/schema\\\/logo\\\/image\\\/\"},\"sameAs\":[\"https:\\\/\\\/www.facebook.com\\\/OrganisatorFachmagazin\",\"https:\\\/\\\/www.linkedin.com\\\/showcase\\\/organisator-das-magazin-fr-kmu\",\"https:\\\/\\\/www.xing.com\\\/news\\\/pages\\\/organisator-ch-695\",\"https:\\\/\\\/www.youtube.com\\\/channel\\\/UCGP2Sq0iWaZwT3BdIAQFYpw\"]},{\"@type\":\"Person\",\"@id\":\"https:\\\/\\\/www.organisator.ch\\\/#\\\/schema\\\/person\\\/2e1314a2172123f874db408d8911d3f3\",\"name\":\"Adelisa Kalajdzini\",\"image\":{\"@type\":\"ImageObject\",\"inLanguage\":\"de\",\"@id\":\"https:\\\/\\\/secure.gravatar.com\\\/avatar\\\/09a397c22ac58cad6f160ee8306348599df9df58a8ede73696226897b9fa4b24?s=96&d=mm&r=g\",\"url\":\"https:\\\/\\\/secure.gravatar.com\\\/avatar\\\/09a397c22ac58cad6f160ee8306348599df9df58a8ede73696226897b9fa4b24?s=96&d=mm&r=g\",\"contentUrl\":\"https:\\\/\\\/secure.gravatar.com\\\/avatar\\\/09a397c22ac58cad6f160ee8306348599df9df58a8ede73696226897b9fa4b24?s=96&d=mm&r=g\",\"caption\":\"Adelisa Kalajdzini\"},\"url\":\"https:\\\/\\\/www.organisator.ch\\\/de\\\/author\\\/adelisa-kalajdzini\\\/\"}]}<\/script>\n<!-- \/ Yoast SEO plugin. -->","yoast_head_json":{"title":"Mazars verst\u00e4rkt Steuerbereich in Deutschschweiz mit neuem Tax Partner - Organisator","description":"Mazars, ein f\u00fchrendes internationales Unternehmen, holt den erfahrenen Steuerexperten Andr\u00e9 Kuhn als Partner an Bord.","robots":{"index":"index","follow":"follow","max-snippet":"max-snippet:-1","max-image-preview":"max-image-preview:large","max-video-preview":"max-video-preview:-1"},"canonical":"https:\/\/www.organisator.ch\/de\/management\/2024-02-19\/mazars-verstaerkt-steuerbereich-in-deutschschweiz-mit-neuem-tax-partner\/","og_locale":"de_DE","og_type":"article","og_title":"Mazars verst\u00e4rkt Steuerbereich in Deutschschweiz mit neuem Tax Partner","og_description":"Mazars, ein f\u00fchrendes internationales Unternehmen, holt den erfahrenen Steuerexperten Andr\u00e9 Kuhn als Partner an Bord.","og_url":"https:\/\/www.organisator.ch\/de\/management\/2024-02-19\/mazars-verstaerkt-steuerbereich-in-deutschschweiz-mit-neuem-tax-partner\/","og_site_name":"Organisator","article_publisher":"https:\/\/www.facebook.com\/OrganisatorFachmagazin","article_published_time":"2024-02-19T08:58:51+00:00","og_image":[{"width":680,"height":648,"url":"https:\/\/www.organisator.ch\/wp-content\/uploads\/2024\/02\/Mazars-Andre_Kuhn_Portrait_ps.jpg","type":"image\/jpeg"}],"author":"Adelisa Kalajdzini","twitter_card":"summary_large_image","twitter_title":"Mazars verst\u00e4rkt Steuerbereich in Deutschschweiz mit neuem Tax Partner","twitter_description":"#Mazars, ein f\u00fchrendes internationales #Unternehmen, holt den erfahrenen #Steuerexperten Andr\u00e9 Kuhn als #Partner an Bord.","twitter_image":"https:\/\/www.organisator.ch\/wp-content\/uploads\/2024\/02\/Mazars-Andre_Kuhn_Portrait_ps.jpg","schema":{"@context":"https:\/\/schema.org","@graph":[{"@type":"Article","@id":"https:\/\/www.organisator.ch\/management\/2024-02-19\/mazars-verstaerkt-steuerbereich-in-deutschschweiz-mit-neuem-tax-partner\/#article","isPartOf":{"@id":"https:\/\/www.organisator.ch\/management\/2024-02-19\/mazars-verstaerkt-steuerbereich-in-deutschschweiz-mit-neuem-tax-partner\/"},"author":{"name":"Adelisa Kalajdzini","@id":"https:\/\/www.organisator.ch\/#\/schema\/person\/2e1314a2172123f874db408d8911d3f3"},"headline":"Mazars verst\u00e4rkt Steuerbereich in Deutschschweiz mit neuem Tax Partner","datePublished":"2024-02-19T08:58:51+00:00","mainEntityOfPage":{"@id":"https:\/\/www.organisator.ch\/management\/2024-02-19\/mazars-verstaerkt-steuerbereich-in-deutschschweiz-mit-neuem-tax-partner\/"},"wordCount":177,"publisher":{"@id":"https:\/\/www.organisator.ch\/#organization"},"image":{"@id":"https:\/\/www.organisator.ch\/management\/2024-02-19\/mazars-verstaerkt-steuerbereich-in-deutschschweiz-mit-neuem-tax-partner\/#primaryimage"},"thumbnailUrl":"https:\/\/www.organisator.ch\/wp-content\/uploads\/2024\/02\/Mazars-Andre_Kuhn_Portrait_ps.jpg","keywords":["Management","Partnerschaft","Steuerexperte","Unternehmen"],"articleSection":["MANAGEMENT"],"inLanguage":"de"},{"@type":"WebPage","@id":"https:\/\/www.organisator.ch\/management\/2024-02-19\/mazars-verstaerkt-steuerbereich-in-deutschschweiz-mit-neuem-tax-partner\/","url":"https:\/\/www.organisator.ch\/management\/2024-02-19\/mazars-verstaerkt-steuerbereich-in-deutschschweiz-mit-neuem-tax-partner\/","name":"Mazars verst\u00e4rkt Steuerbereich in Deutschschweiz mit neuem Tax Partner - Organisator","isPartOf":{"@id":"https:\/\/www.organisator.ch\/#website"},"primaryImageOfPage":{"@id":"https:\/\/www.organisator.ch\/management\/2024-02-19\/mazars-verstaerkt-steuerbereich-in-deutschschweiz-mit-neuem-tax-partner\/#primaryimage"},"image":{"@id":"https:\/\/www.organisator.ch\/management\/2024-02-19\/mazars-verstaerkt-steuerbereich-in-deutschschweiz-mit-neuem-tax-partner\/#primaryimage"},"thumbnailUrl":"https:\/\/www.organisator.ch\/wp-content\/uploads\/2024\/02\/Mazars-Andre_Kuhn_Portrait_ps.jpg","datePublished":"2024-02-19T08:58:51+00:00","description":"Mazars, ein f\u00fchrendes internationales Unternehmen, holt den erfahrenen Steuerexperten Andr\u00e9 Kuhn als Partner an Bord.","breadcrumb":{"@id":"https:\/\/www.organisator.ch\/management\/2024-02-19\/mazars-verstaerkt-steuerbereich-in-deutschschweiz-mit-neuem-tax-partner\/#breadcrumb"},"inLanguage":"de","potentialAction":[{"@type":"ReadAction","target":["https:\/\/www.organisator.ch\/management\/2024-02-19\/mazars-verstaerkt-steuerbereich-in-deutschschweiz-mit-neuem-tax-partner\/"]}]},{"@type":"ImageObject","inLanguage":"de","@id":"https:\/\/www.organisator.ch\/management\/2024-02-19\/mazars-verstaerkt-steuerbereich-in-deutschschweiz-mit-neuem-tax-partner\/#primaryimage","url":"https:\/\/www.organisator.ch\/wp-content\/uploads\/2024\/02\/Mazars-Andre_Kuhn_Portrait_ps.jpg","contentUrl":"https:\/\/www.organisator.ch\/wp-content\/uploads\/2024\/02\/Mazars-Andre_Kuhn_Portrait_ps.jpg","width":680,"height":648,"caption":"Andr\u00e9 Kuhn - dipl. Steuerexperte und der neue Partner von Mazars. (Bild: www.mazars.ch)"},{"@type":"BreadcrumbList","@id":"https:\/\/www.organisator.ch\/management\/2024-02-19\/mazars-verstaerkt-steuerbereich-in-deutschschweiz-mit-neuem-tax-partner\/#breadcrumb","itemListElement":[{"@type":"ListItem","position":1,"name":"Home","item":"https:\/\/www.organisator.ch\/"},{"@type":"ListItem","position":2,"name":"Mazars verst\u00e4rkt Steuerbereich in Deutschschweiz mit neuem Tax Partner"}]},{"@type":"WebSite","@id":"https:\/\/www.organisator.ch\/#website","url":"https:\/\/www.organisator.ch\/","name":"Organisator","description":"Kompetent. Praxisnah. Der ORGANISATOR bereitet in 10 Ausgaben pro Jahr die wesentlichen Themen f\u00fcr F\u00fchrungskr\u00e4fte von KMU auf.","publisher":{"@id":"https:\/\/www.organisator.ch\/#organization"},"potentialAction":[{"@type":"SearchAction","target":{"@type":"EntryPoint","urlTemplate":"https:\/\/www.organisator.ch\/?s={search_term_string}"},"query-input":{"@type":"PropertyValueSpecification","valueRequired":true,"valueName":"search_term_string"}}],"inLanguage":"de"},{"@type":"Organization","@id":"https:\/\/www.organisator.ch\/#organization","name":"Organisator","url":"https:\/\/www.organisator.ch\/","logo":{"@type":"ImageObject","inLanguage":"de","@id":"https:\/\/www.organisator.ch\/#\/schema\/logo\/image\/","url":"https:\/\/www.organisator.ch\/wp-content\/uploads\/2022\/01\/Logo_Organisator_Website.png","contentUrl":"https:\/\/www.organisator.ch\/wp-content\/uploads\/2022\/01\/Logo_Organisator_Website.png","width":800,"height":77,"caption":"Organisator"},"image":{"@id":"https:\/\/www.organisator.ch\/#\/schema\/logo\/image\/"},"sameAs":["https:\/\/www.facebook.com\/OrganisatorFachmagazin","https:\/\/www.linkedin.com\/showcase\/organisator-das-magazin-fr-kmu","https:\/\/www.xing.com\/news\/pages\/organisator-ch-695","https:\/\/www.youtube.com\/channel\/UCGP2Sq0iWaZwT3BdIAQFYpw"]},{"@type":"Person","@id":"https:\/\/www.organisator.ch\/#\/schema\/person\/2e1314a2172123f874db408d8911d3f3","name":"Adelisa Kalajdzini","image":{"@type":"ImageObject","inLanguage":"de","@id":"https:\/\/secure.gravatar.com\/avatar\/09a397c22ac58cad6f160ee8306348599df9df58a8ede73696226897b9fa4b24?s=96&d=mm&r=g","url":"https:\/\/secure.gravatar.com\/avatar\/09a397c22ac58cad6f160ee8306348599df9df58a8ede73696226897b9fa4b24?s=96&d=mm&r=g","contentUrl":"https:\/\/secure.gravatar.com\/avatar\/09a397c22ac58cad6f160ee8306348599df9df58a8ede73696226897b9fa4b24?s=96&d=mm&r=g","caption":"Adelisa Kalajdzini"},"url":"https:\/\/www.organisator.ch\/de\/author\/adelisa-kalajdzini\/"}]}},"_links":{"self":[{"href":"https:\/\/www.organisator.ch\/de\/wp-json\/wp\/v2\/posts\/25090","targetHints":{"allow":["GET"]}}],"collection":[{"href":"https:\/\/www.organisator.ch\/de\/wp-json\/wp\/v2\/posts"}],"about":[{"href":"https:\/\/www.organisator.ch\/de\/wp-json\/wp\/v2\/types\/post"}],"author":[{"embeddable":true,"href":"https:\/\/www.organisator.ch\/de\/wp-json\/wp\/v2\/users\/58"}],"replies":[{"embeddable":true,"href":"https:\/\/www.organisator.ch\/de\/wp-json\/wp\/v2\/comments?post=25090"}],"version-history":[{"count":4,"href":"https:\/\/www.organisator.ch\/de\/wp-json\/wp\/v2\/posts\/25090\/revisions"}],"predecessor-version":[{"id":25189,"href":"https:\/\/www.organisator.ch\/de\/wp-json\/wp\/v2\/posts\/25090\/revisions\/25189"}],"wp:featuredmedia":[{"embeddable":true,"href":"https:\/\/www.organisator.ch\/de\/wp-json\/wp\/v2\/media\/25091"}],"wp:attachment":[{"href":"https:\/\/www.organisator.ch\/de\/wp-json\/wp\/v2\/media?parent=25090"}],"wp:term":[{"taxonomy":"category","embeddable":true,"href":"https:\/\/www.organisator.ch\/de\/wp-json\/wp\/v2\/categories?post=25090"},{"taxonomy":"post_tag","embeddable":true,"href":"https:\/\/www.organisator.ch\/de\/wp-json\/wp\/v2\/tags?post=25090"}],"curies":[{"name":"wp","href":"https:\/\/api.w.org\/{rel}","templated":true}]}}