{"id":25105,"date":"2024-02-21T03:46:13","date_gmt":"2024-02-21T02:46:13","guid":{"rendered":"https:\/\/www.organisator.ch\/?p=25105"},"modified":"2024-02-19T14:05:29","modified_gmt":"2024-02-19T13:05:29","slug":"interesse-an-anlagen-fuer-die-methanolproduktion-steigt","status":"publish","type":"post","link":"https:\/\/www.organisator.ch\/de\/sustainability\/2024-02-21\/interesse-an-anlagen-fuer-die-methanolproduktion-steigt\/","title":{"rendered":"Interesse an Anlagen f\u00fcr die Methanolproduktion steigt"},"content":{"rendered":"<figure id=\"attachment_25106\" aria-describedby=\"caption-attachment-25106\" style=\"width: 680px\" class=\"wp-caption alignnone\"><img loading=\"lazy\" decoding=\"async\" class=\"wp-image-25106 size-full\" src=\"https:\/\/www.organisator.ch\/wp-content\/uploads\/2024\/02\/Interesse-an-Anlagen-fuer-die-Methanolproduktion-steigt_Organisator.jpg\" alt=\"\" width=\"680\" height=\"383\" srcset=\"https:\/\/www.organisator.ch\/wp-content\/uploads\/2024\/02\/Interesse-an-Anlagen-fuer-die-Methanolproduktion-steigt_Organisator.jpg 680w, https:\/\/www.organisator.ch\/wp-content\/uploads\/2024\/02\/Interesse-an-Anlagen-fuer-die-Methanolproduktion-steigt_Organisator-18x10.jpg 18w, https:\/\/www.organisator.ch\/wp-content\/uploads\/2024\/02\/Interesse-an-Anlagen-fuer-die-Methanolproduktion-steigt_Organisator-375x211.jpg 375w, https:\/\/www.organisator.ch\/wp-content\/uploads\/2024\/02\/Interesse-an-Anlagen-fuer-die-Methanolproduktion-steigt_Organisator-621x350.jpg 621w\" sizes=\"auto, (max-width: 680px) 100vw, 680px\" \/><figcaption id=\"caption-attachment-25106\" class=\"wp-caption-text\">Methanolproduktion im grossen Stil: Visualisierung eines aFuel\u00ae Giga Plant zur Erzeugung von CO2-negativem Methanol. (Quelle: Obrist Group)<\/figcaption><\/figure>\n<p>Die deutsch-\u00f6sterreichische Industriegruppe Obrist Group hat ein patentiertes Verfahren entwickelt, um aus Sonnenenergie Methanol herzustellen, das als universeller Energietr\u00e4ger f\u00fcr die Industrieproduktion, den Geb\u00e4udesektor (W\u00e4rme) und den Verkehr (Treibstoff f\u00fcr Autos) genutzt werden kann. Das Verfahren arbeite \u201eklima-positiv\u201c, weil es bei der Methanolherstellung der Atmosph\u00e4re mehr Kohlendioxid entziehe als bei der sp\u00e4teren Verbrennung freigesetzt wird, behauptet das Unternehmen. Man spricht daher auch von \u201ebelow zero\u201c oder \u201egr\u00fcnem Methanol\u201c.\u00a0Die Obrist Group hatte erst k\u00fcrzlich eine neue globale Allianz gemeinsam mit EWU Tech Ltd., DSE Green Technology Holdings mit \u00fcber 25 europ\u00e4ischen Technologiepartnern sowie Global Enterprises Ltd. geschlossen, zur Errichtung von Methanolproduktionsst\u00e4tten nach dem patentierten Obrist-Verfahren. Konkrete Projekte sind in Namibia, \u00c4gypten, Thailand und den USA geplant.\u00a0<\/p>\n<h3>Gespr\u00e4che \u00fcber Methanolwirtschaft weit fortgeschritten<\/h3>\n<p>\u201eImmer mehr Staaten erkennen die M\u00f6glichkeit, durch die Umstellung auf eine Methanol\u00adwirtschaft ihre Klimaziele zu erreichen, ohne Einbussen beim Wirtschaftswachstum bef\u00fcrchten zu m\u00fcssen\u201c, berichtet Firmenchef Frank Obrist \u00fcber seine Gespr\u00e4che mit Wirtschafts- und Energiepolitikern aus aller Welt.\u00a0Mittels Methanol liessen sich die vorhandenen Infrastrukturen f\u00fcr fossile Energietr\u00e4ger weiterhin nutzen, vom Transport in Pipelines oder Tankschiffen \u00fcber die industrielle Energienutzung bis hin zu Autos mit Verbrennungs\u00admotor. Dadurch w\u00e4re eine Methanol\u00adwirtschaft \u201eum Gr\u00f6\u00dfenordnungen kosteng\u00fcnstiger\u201c als die Umstellung auf Strom oder Wasserstoff als Energietr\u00e4ger, weil f\u00fcr beides v\u00f6llig neue Infrastrukturen aufgebaut werden m\u00fcssten.<\/p>\n<p>\u201eDie EU probiert eine Energiewende mit elektrischem Strom und Wasserstoff, aber viele andere L\u00e4nder setzen offenbar eher auf Methanol als universellen Energietr\u00e4ger\u201c, hat der Chef der Obrist Group in Gespr\u00e4chen mit Politikern au\u00dferhalb der Europ\u00e4ischen Union festgestellt. Er r\u00e4umt ein: \u201eDie Methanolproduktion im grossen Stil rechnet sich nur in Gebieten in \u00c4quatorn\u00e4he, in denen die Sonnenenergie im \u00dcberfluss zur Verf\u00fcgung steht. Doch weil der Transport so einfach und preisg\u00fcnstig ist, lohnt es sich, am \u00c4quator zu produzieren und Methanol durch Pipelines oder Tanker dahin zu verteilen, wo die Energie gebraucht wird.\u201c\u00a0<\/p>\n<h3>Methanol statt Fl\u00fcssiggas nach LNG-Ausbaustopp in den USA<\/h3>\n<p>Methanol ist bei Normaltemperatur fl\u00fcssig und bedarf im Gegensatz zu Wasserstoff keiner besonderen Druckbeh\u00e4lter f\u00fcr den Transport. Laut einer aktuellen Studie des\u00a0\u00d6ko-Instituts im Auftrag des NABU (Naturschutzbund Deutschland) k\u00f6nnten die\u00a0Tankschiffe mit Methanol angetrieben werden, um die Umweltbelastung zu minimieren. Dies w\u00e4re laut Studie deutlich umweltfreundlicher nicht nur als der Einsatz von Schwer\u00f6l, Diesel oder Ammoniak, sondern auch als die Nutzung von Fl\u00fcssigerdgas (LNG).<a href=\"#_ftn1\" target=\"_blank\" rel=\"noopener\">[1]<\/a> Dies geht einher mit der generellen Infrage\u00adstellung des LNG-Transports durch die US-Regierung seit Anfang dieses Jahres mit der Begr\u00fcndung, dass Fl\u00fcssigerdgas unterm Strich dem Klima schade.\u00a0<\/p>\n<p>\u201eGr\u00fcnes Methanol, das mit Methanol-getriebenen Tankern transportiert wird, sollte nach der Entscheidung von US-Pr\u00e4sident Joe Biden, den Ausbau des LNG-Exports zu stoppen, auch in der Europ\u00e4ischen Union und insbesondere in Deutschland st\u00e4rker in Betracht gezogen werden\u201c, argumentiert Frank Obrist. Zwar sei die Methanolproduktion innerhalb der EU aufgrund der geringen Sonnenintensit\u00e4t in Europa nicht wirtschaftlich. \u201eAber Investitionen in den Aufbau von Produktionsanlagen in sonnenreicheren L\u00e4ndern mit Liefervertr\u00e4gen zur Methanol\u00adversorgung Europas sind sehr wohl eine Option\u201c, appelliert der Firmenchef an die Politik, diese M\u00f6glichkeit zur St\u00e4rkung der Energieversorgungssicherheit in Europa zu eruieren.<\/p>\n<h3>Wasserstoff zur Methanolproduktion l\u00e4sst sich \u00fcberall aus der Luft gewinnen<\/h3>\n<p>Die Obrist Group weist darauf hin, dass ihre Produktionsanlagen neben viel Sonnenenergie auch Wasser vor Ort ben\u00f6tigen, um mittels Elektrolyse Wasserstoff zu erzeugen, der f\u00fcr die Herstellung von Methanol unerl\u00e4sslich ist. Wasser l\u00e4sst sich nach Angaben des Unter\u00adnehmens gr\u00f6sstenteils \u00fcberall auf der Welt aus der Luft gewinnen. Selbst eine Luftfeuchtigkeit von nur zehn Prozent, wie sie in W\u00fcstengebieten \u00fcblich sei, reiche f\u00fcr die Methanol\u00adproduktion aus, hat das Unternehmen in Prototypanlagen festgestellt. Daher k\u00f6nnten Elektrolyseanlagen in W\u00fcsten und auf \u00d6dland errichtet werden, das ohnehin unfruchtbar und f\u00fcr keine anderen Zwecke nutzbar sei.<\/p>\n<p>Die steigende Nachfrage aus aller Welt f\u00fchrt die Obrist Group unter anderem auf die Vorstellung des Buches \u201eProsperity and Economic Growth Without Regrets: Climate Rescue Yes \u2013 Deindustrialization No\u201d (ISBN 978-3-98674-104-4) auf der COP28 in Dubai Ende letzten Jahres zur\u00fcck. In dem Werk beschreibt der Wissenschaftsjournalist Jean P\u00fctz im Detail, wie sich gr\u00fcnes Methanol als Weltenergietr\u00e4ger eignet, um die Abkehr von der Verbrennung fossiler Rohstoffe einzuleiten. Das Buch ist auch in deutscher Sprache unter dem Titel \u201eWohlstand und Wirtschaftswachstum ohne Reue: Klimarettung ja \u2013 Deindustrialisierung nein\u201c (ISBN 978-3-98674-084-9) verf\u00fcgbar. Die deutsche und englische Fassung sind im Verlag der UNO-Denkfabrik Diplomatic Council erschienen.<span style=\"font-size: 10.5pt; font-family: 'Arial',sans-serif;\"><br \/>\n<\/span><br \/>\n<em><a href=\"#_ftnref1\" target=\"_blank\" rel=\"noopener\">[1]<\/a><a href=\"https:\/\/www.nabu.de\/umwelt-und-ressourcen\/verkehr\/schifffahrt\/33080.html\" target=\"_blank\" rel=\"noopener\">https:\/\/www.nabu.de\/umwelt-und-ressourcen\/verkehr\/schifffahrt\/33080.html<\/a><\/em><span style=\"font-size: 10.5pt; font-family: 'Arial',sans-serif;\"><\/p>\n<p><\/span><\/p>\n<p><em>Quelle und weitere Informationen: <a href=\"http:\/\/www.obrist.at\">Obrist Group<\/a><\/em><\/p>\n","protected":false},"excerpt":{"rendered":"<p>Die in LIndau\/Bodensee und Lustenau\/Vorarlberg beheimatete Obrist Group erf\u00e4hrt nach eigenen Angaben eine \u201erege Nachfrage\u201c nach Anlagen zur Methanolproduktion. Die Gruppe hat ein patentiertes Verfahren entwickelt, um aus Sonnenenergie Methanol herzustellen, das als universeller Energietr\u00e4ger nutzbar ist. <\/p>\n","protected":false},"author":4,"featured_media":25106,"comment_status":"closed","ping_status":"closed","sticky":false,"template":"","format":"standard","meta":{"_acf_changed":false,"_yoast_wpseo_focuskw":"Methanolproduktion","_yoast_wpseo_metadesc":"Die in LIndau\/Bodensee und Lustenau\/Vorarlberg beheimatete Obrist Group erf\u00e4hrt eine \u201erege Nachfrage\u201c nach Anlagen zur Methanolproduktion.","articlekey":"","footnotes":""},"categories":[580],"tags":[4099,1703,358,492],"class_list":["post-25105","post","type-post","status-publish","format-standard","has-post-thumbnail","hentry","category-sustainability","tag-energietraeger","tag-methanol-produktion","tag-nachhaltige-wirtschaft","tag-unternehmen"],"acf":[],"yoast_head":"<!-- This site is optimized with the Yoast SEO plugin v27.4 - https:\/\/yoast.com\/product\/yoast-seo-wordpress\/ -->\n<title>Interesse an Anlagen f\u00fcr die Methanolproduktion steigt - Organisator<\/title>\n<meta name=\"description\" content=\"Die in LIndau\/Bodensee und Lustenau\/Vorarlberg beheimatete Obrist Group erf\u00e4hrt eine \u201erege Nachfrage\u201c nach Anlagen zur Methanolproduktion.\" \/>\n<meta name=\"robots\" content=\"index, follow, max-snippet:-1, max-image-preview:large, max-video-preview:-1\" \/>\n<link rel=\"canonical\" href=\"https:\/\/www.organisator.ch\/de\/sustainability\/2024-02-21\/interesse-an-anlagen-fuer-die-methanolproduktion-steigt\/\" \/>\n<meta property=\"og:locale\" content=\"de_DE\" \/>\n<meta property=\"og:type\" content=\"article\" \/>\n<meta property=\"og:title\" content=\"Interesse an Anlagen f\u00fcr die Methanolproduktion steigt\" \/>\n<meta property=\"og:description\" content=\"Die in LIndau\/Bodensee und Lustenau\/Vorarlberg beheimatete Obrist Group erf\u00e4hrt eine \u201erege Nachfrage\u201c nach Anlagen zur Methanolproduktion.\" \/>\n<meta property=\"og:url\" content=\"https:\/\/www.organisator.ch\/de\/sustainability\/2024-02-21\/interesse-an-anlagen-fuer-die-methanolproduktion-steigt\/\" \/>\n<meta property=\"og:site_name\" content=\"Organisator\" \/>\n<meta property=\"article:publisher\" content=\"https:\/\/www.facebook.com\/OrganisatorFachmagazin\" \/>\n<meta property=\"article:published_time\" content=\"2024-02-21T02:46:13+00:00\" \/>\n<meta property=\"og:image\" content=\"https:\/\/www.organisator.ch\/wp-content\/uploads\/2024\/02\/Interesse-an-Anlagen-fuer-die-Methanolproduktion-steigt_Organisator.jpg\" \/>\n\t<meta property=\"og:image:width\" content=\"680\" \/>\n\t<meta property=\"og:image:height\" content=\"383\" \/>\n\t<meta property=\"og:image:type\" content=\"image\/jpeg\" \/>\n<meta name=\"author\" content=\"thomas.berner\" \/>\n<meta name=\"twitter:card\" content=\"summary_large_image\" \/>\n<meta name=\"twitter:title\" content=\"Interesse an Anlagen f\u00fcr die #Methanolproduktion steigt\" \/>\n<meta name=\"twitter:description\" content=\"Die in LIndau\/Bodensee und Lustenau\/Vorarlberg beheimatete #Obrist Group erf\u00e4hrt eine \u201erege Nachfrage\u201c nach Anlagen zur #Methanolproduktion.\" \/>\n<meta name=\"twitter:image\" content=\"https:\/\/www.organisator.ch\/wp-content\/uploads\/2024\/02\/Interesse-an-Anlagen-fuer-die-Methanolproduktion-steigt_Organisator.jpg\" \/>\n<script type=\"application\/ld+json\" class=\"yoast-schema-graph\">{\"@context\":\"https:\\\/\\\/schema.org\",\"@graph\":[{\"@type\":\"Article\",\"@id\":\"https:\\\/\\\/www.organisator.ch\\\/sustainability\\\/2024-02-21\\\/interesse-an-anlagen-fuer-die-methanolproduktion-steigt\\\/#article\",\"isPartOf\":{\"@id\":\"https:\\\/\\\/www.organisator.ch\\\/sustainability\\\/2024-02-21\\\/interesse-an-anlagen-fuer-die-methanolproduktion-steigt\\\/\"},\"author\":{\"name\":\"thomas.berner\",\"@id\":\"https:\\\/\\\/www.organisator.ch\\\/#\\\/schema\\\/person\\\/6f650f90b2842cd4c0cc334b4e36f67e\"},\"headline\":\"Interesse an Anlagen f\u00fcr die Methanolproduktion steigt\",\"datePublished\":\"2024-02-21T02:46:13+00:00\",\"mainEntityOfPage\":{\"@id\":\"https:\\\/\\\/www.organisator.ch\\\/sustainability\\\/2024-02-21\\\/interesse-an-anlagen-fuer-die-methanolproduktion-steigt\\\/\"},\"wordCount\":822,\"publisher\":{\"@id\":\"https:\\\/\\\/www.organisator.ch\\\/#organization\"},\"image\":{\"@id\":\"https:\\\/\\\/www.organisator.ch\\\/sustainability\\\/2024-02-21\\\/interesse-an-anlagen-fuer-die-methanolproduktion-steigt\\\/#primaryimage\"},\"thumbnailUrl\":\"https:\\\/\\\/www.organisator.ch\\\/wp-content\\\/uploads\\\/2024\\\/02\\\/Interesse-an-Anlagen-fuer-die-Methanolproduktion-steigt_Organisator.jpg\",\"keywords\":[\"Energietr\u00e4ger\",\"Methanol-Produktion\",\"Nachhaltige Wirtschaft\",\"Unternehmen\"],\"articleSection\":[\"SUSTAINABILITY\"],\"inLanguage\":\"de\"},{\"@type\":\"WebPage\",\"@id\":\"https:\\\/\\\/www.organisator.ch\\\/sustainability\\\/2024-02-21\\\/interesse-an-anlagen-fuer-die-methanolproduktion-steigt\\\/\",\"url\":\"https:\\\/\\\/www.organisator.ch\\\/sustainability\\\/2024-02-21\\\/interesse-an-anlagen-fuer-die-methanolproduktion-steigt\\\/\",\"name\":\"Interesse an Anlagen f\u00fcr die Methanolproduktion steigt - Organisator\",\"isPartOf\":{\"@id\":\"https:\\\/\\\/www.organisator.ch\\\/#website\"},\"primaryImageOfPage\":{\"@id\":\"https:\\\/\\\/www.organisator.ch\\\/sustainability\\\/2024-02-21\\\/interesse-an-anlagen-fuer-die-methanolproduktion-steigt\\\/#primaryimage\"},\"image\":{\"@id\":\"https:\\\/\\\/www.organisator.ch\\\/sustainability\\\/2024-02-21\\\/interesse-an-anlagen-fuer-die-methanolproduktion-steigt\\\/#primaryimage\"},\"thumbnailUrl\":\"https:\\\/\\\/www.organisator.ch\\\/wp-content\\\/uploads\\\/2024\\\/02\\\/Interesse-an-Anlagen-fuer-die-Methanolproduktion-steigt_Organisator.jpg\",\"datePublished\":\"2024-02-21T02:46:13+00:00\",\"description\":\"Die in LIndau\\\/Bodensee und Lustenau\\\/Vorarlberg beheimatete Obrist Group erf\u00e4hrt eine \u201erege Nachfrage\u201c nach Anlagen zur Methanolproduktion.\",\"breadcrumb\":{\"@id\":\"https:\\\/\\\/www.organisator.ch\\\/sustainability\\\/2024-02-21\\\/interesse-an-anlagen-fuer-die-methanolproduktion-steigt\\\/#breadcrumb\"},\"inLanguage\":\"de\",\"potentialAction\":[{\"@type\":\"ReadAction\",\"target\":[\"https:\\\/\\\/www.organisator.ch\\\/sustainability\\\/2024-02-21\\\/interesse-an-anlagen-fuer-die-methanolproduktion-steigt\\\/\"]}]},{\"@type\":\"ImageObject\",\"inLanguage\":\"de\",\"@id\":\"https:\\\/\\\/www.organisator.ch\\\/sustainability\\\/2024-02-21\\\/interesse-an-anlagen-fuer-die-methanolproduktion-steigt\\\/#primaryimage\",\"url\":\"https:\\\/\\\/www.organisator.ch\\\/wp-content\\\/uploads\\\/2024\\\/02\\\/Interesse-an-Anlagen-fuer-die-Methanolproduktion-steigt_Organisator.jpg\",\"contentUrl\":\"https:\\\/\\\/www.organisator.ch\\\/wp-content\\\/uploads\\\/2024\\\/02\\\/Interesse-an-Anlagen-fuer-die-Methanolproduktion-steigt_Organisator.jpg\",\"width\":680,\"height\":383,\"caption\":\"Visualisierung eines aFuel\u00ae Giga Plant zur Erzeugung von CO2-negativem Methanol. (Quelle: Obrist Group)\"},{\"@type\":\"BreadcrumbList\",\"@id\":\"https:\\\/\\\/www.organisator.ch\\\/sustainability\\\/2024-02-21\\\/interesse-an-anlagen-fuer-die-methanolproduktion-steigt\\\/#breadcrumb\",\"itemListElement\":[{\"@type\":\"ListItem\",\"position\":1,\"name\":\"Home\",\"item\":\"https:\\\/\\\/www.organisator.ch\\\/\"},{\"@type\":\"ListItem\",\"position\":2,\"name\":\"Interesse an Anlagen f\u00fcr die Methanolproduktion steigt\"}]},{\"@type\":\"WebSite\",\"@id\":\"https:\\\/\\\/www.organisator.ch\\\/#website\",\"url\":\"https:\\\/\\\/www.organisator.ch\\\/\",\"name\":\"Organisator\",\"description\":\"Kompetent. Praxisnah. Der ORGANISATOR bereitet in 10 Ausgaben pro Jahr die wesentlichen Themen f\u00fcr F\u00fchrungskr\u00e4fte von KMU auf.\",\"publisher\":{\"@id\":\"https:\\\/\\\/www.organisator.ch\\\/#organization\"},\"potentialAction\":[{\"@type\":\"SearchAction\",\"target\":{\"@type\":\"EntryPoint\",\"urlTemplate\":\"https:\\\/\\\/www.organisator.ch\\\/?s={search_term_string}\"},\"query-input\":{\"@type\":\"PropertyValueSpecification\",\"valueRequired\":true,\"valueName\":\"search_term_string\"}}],\"inLanguage\":\"de\"},{\"@type\":\"Organization\",\"@id\":\"https:\\\/\\\/www.organisator.ch\\\/#organization\",\"name\":\"Organisator\",\"url\":\"https:\\\/\\\/www.organisator.ch\\\/\",\"logo\":{\"@type\":\"ImageObject\",\"inLanguage\":\"de\",\"@id\":\"https:\\\/\\\/www.organisator.ch\\\/#\\\/schema\\\/logo\\\/image\\\/\",\"url\":\"https:\\\/\\\/www.organisator.ch\\\/wp-content\\\/uploads\\\/2022\\\/01\\\/Logo_Organisator_Website.png\",\"contentUrl\":\"https:\\\/\\\/www.organisator.ch\\\/wp-content\\\/uploads\\\/2022\\\/01\\\/Logo_Organisator_Website.png\",\"width\":800,\"height\":77,\"caption\":\"Organisator\"},\"image\":{\"@id\":\"https:\\\/\\\/www.organisator.ch\\\/#\\\/schema\\\/logo\\\/image\\\/\"},\"sameAs\":[\"https:\\\/\\\/www.facebook.com\\\/OrganisatorFachmagazin\",\"https:\\\/\\\/www.linkedin.com\\\/showcase\\\/organisator-das-magazin-fr-kmu\",\"https:\\\/\\\/www.xing.com\\\/news\\\/pages\\\/organisator-ch-695\",\"https:\\\/\\\/www.youtube.com\\\/channel\\\/UCGP2Sq0iWaZwT3BdIAQFYpw\"]},{\"@type\":\"Person\",\"@id\":\"https:\\\/\\\/www.organisator.ch\\\/#\\\/schema\\\/person\\\/6f650f90b2842cd4c0cc334b4e36f67e\",\"name\":\"thomas.berner\",\"image\":{\"@type\":\"ImageObject\",\"inLanguage\":\"de\",\"@id\":\"https:\\\/\\\/secure.gravatar.com\\\/avatar\\\/ac5001d2a36cb6c6cd3e50789007ffca834b477b74a2144564522e944eabff61?s=96&d=mm&r=g\",\"url\":\"https:\\\/\\\/secure.gravatar.com\\\/avatar\\\/ac5001d2a36cb6c6cd3e50789007ffca834b477b74a2144564522e944eabff61?s=96&d=mm&r=g\",\"contentUrl\":\"https:\\\/\\\/secure.gravatar.com\\\/avatar\\\/ac5001d2a36cb6c6cd3e50789007ffca834b477b74a2144564522e944eabff61?s=96&d=mm&r=g\",\"caption\":\"thomas.berner\"},\"url\":\"https:\\\/\\\/www.organisator.ch\\\/de\\\/author\\\/thomas-berner\\\/\"}]}<\/script>\n<!-- \/ Yoast SEO plugin. -->","yoast_head_json":{"title":"Interesse an Anlagen f\u00fcr die Methanolproduktion steigt - Organisator","description":"Die in LIndau\/Bodensee und Lustenau\/Vorarlberg beheimatete Obrist Group erf\u00e4hrt eine \u201erege Nachfrage\u201c nach Anlagen zur Methanolproduktion.","robots":{"index":"index","follow":"follow","max-snippet":"max-snippet:-1","max-image-preview":"max-image-preview:large","max-video-preview":"max-video-preview:-1"},"canonical":"https:\/\/www.organisator.ch\/de\/sustainability\/2024-02-21\/interesse-an-anlagen-fuer-die-methanolproduktion-steigt\/","og_locale":"de_DE","og_type":"article","og_title":"Interesse an Anlagen f\u00fcr die Methanolproduktion steigt","og_description":"Die in LIndau\/Bodensee und Lustenau\/Vorarlberg beheimatete Obrist Group erf\u00e4hrt eine \u201erege Nachfrage\u201c nach Anlagen zur Methanolproduktion.","og_url":"https:\/\/www.organisator.ch\/de\/sustainability\/2024-02-21\/interesse-an-anlagen-fuer-die-methanolproduktion-steigt\/","og_site_name":"Organisator","article_publisher":"https:\/\/www.facebook.com\/OrganisatorFachmagazin","article_published_time":"2024-02-21T02:46:13+00:00","og_image":[{"width":680,"height":383,"url":"https:\/\/www.organisator.ch\/wp-content\/uploads\/2024\/02\/Interesse-an-Anlagen-fuer-die-Methanolproduktion-steigt_Organisator.jpg","type":"image\/jpeg"}],"author":"thomas.berner","twitter_card":"summary_large_image","twitter_title":"Interesse an Anlagen f\u00fcr die #Methanolproduktion steigt","twitter_description":"Die in LIndau\/Bodensee und Lustenau\/Vorarlberg beheimatete #Obrist Group erf\u00e4hrt eine \u201erege Nachfrage\u201c nach Anlagen zur #Methanolproduktion.","twitter_image":"https:\/\/www.organisator.ch\/wp-content\/uploads\/2024\/02\/Interesse-an-Anlagen-fuer-die-Methanolproduktion-steigt_Organisator.jpg","schema":{"@context":"https:\/\/schema.org","@graph":[{"@type":"Article","@id":"https:\/\/www.organisator.ch\/sustainability\/2024-02-21\/interesse-an-anlagen-fuer-die-methanolproduktion-steigt\/#article","isPartOf":{"@id":"https:\/\/www.organisator.ch\/sustainability\/2024-02-21\/interesse-an-anlagen-fuer-die-methanolproduktion-steigt\/"},"author":{"name":"thomas.berner","@id":"https:\/\/www.organisator.ch\/#\/schema\/person\/6f650f90b2842cd4c0cc334b4e36f67e"},"headline":"Interesse an Anlagen f\u00fcr die Methanolproduktion steigt","datePublished":"2024-02-21T02:46:13+00:00","mainEntityOfPage":{"@id":"https:\/\/www.organisator.ch\/sustainability\/2024-02-21\/interesse-an-anlagen-fuer-die-methanolproduktion-steigt\/"},"wordCount":822,"publisher":{"@id":"https:\/\/www.organisator.ch\/#organization"},"image":{"@id":"https:\/\/www.organisator.ch\/sustainability\/2024-02-21\/interesse-an-anlagen-fuer-die-methanolproduktion-steigt\/#primaryimage"},"thumbnailUrl":"https:\/\/www.organisator.ch\/wp-content\/uploads\/2024\/02\/Interesse-an-Anlagen-fuer-die-Methanolproduktion-steigt_Organisator.jpg","keywords":["Energietr\u00e4ger","Methanol-Produktion","Nachhaltige Wirtschaft","Unternehmen"],"articleSection":["SUSTAINABILITY"],"inLanguage":"de"},{"@type":"WebPage","@id":"https:\/\/www.organisator.ch\/sustainability\/2024-02-21\/interesse-an-anlagen-fuer-die-methanolproduktion-steigt\/","url":"https:\/\/www.organisator.ch\/sustainability\/2024-02-21\/interesse-an-anlagen-fuer-die-methanolproduktion-steigt\/","name":"Interesse an Anlagen f\u00fcr die Methanolproduktion steigt - Organisator","isPartOf":{"@id":"https:\/\/www.organisator.ch\/#website"},"primaryImageOfPage":{"@id":"https:\/\/www.organisator.ch\/sustainability\/2024-02-21\/interesse-an-anlagen-fuer-die-methanolproduktion-steigt\/#primaryimage"},"image":{"@id":"https:\/\/www.organisator.ch\/sustainability\/2024-02-21\/interesse-an-anlagen-fuer-die-methanolproduktion-steigt\/#primaryimage"},"thumbnailUrl":"https:\/\/www.organisator.ch\/wp-content\/uploads\/2024\/02\/Interesse-an-Anlagen-fuer-die-Methanolproduktion-steigt_Organisator.jpg","datePublished":"2024-02-21T02:46:13+00:00","description":"Die in LIndau\/Bodensee und Lustenau\/Vorarlberg beheimatete Obrist Group erf\u00e4hrt eine \u201erege Nachfrage\u201c nach Anlagen zur Methanolproduktion.","breadcrumb":{"@id":"https:\/\/www.organisator.ch\/sustainability\/2024-02-21\/interesse-an-anlagen-fuer-die-methanolproduktion-steigt\/#breadcrumb"},"inLanguage":"de","potentialAction":[{"@type":"ReadAction","target":["https:\/\/www.organisator.ch\/sustainability\/2024-02-21\/interesse-an-anlagen-fuer-die-methanolproduktion-steigt\/"]}]},{"@type":"ImageObject","inLanguage":"de","@id":"https:\/\/www.organisator.ch\/sustainability\/2024-02-21\/interesse-an-anlagen-fuer-die-methanolproduktion-steigt\/#primaryimage","url":"https:\/\/www.organisator.ch\/wp-content\/uploads\/2024\/02\/Interesse-an-Anlagen-fuer-die-Methanolproduktion-steigt_Organisator.jpg","contentUrl":"https:\/\/www.organisator.ch\/wp-content\/uploads\/2024\/02\/Interesse-an-Anlagen-fuer-die-Methanolproduktion-steigt_Organisator.jpg","width":680,"height":383,"caption":"Visualisierung eines aFuel\u00ae Giga Plant zur Erzeugung von CO2-negativem Methanol. (Quelle: Obrist Group)"},{"@type":"BreadcrumbList","@id":"https:\/\/www.organisator.ch\/sustainability\/2024-02-21\/interesse-an-anlagen-fuer-die-methanolproduktion-steigt\/#breadcrumb","itemListElement":[{"@type":"ListItem","position":1,"name":"Home","item":"https:\/\/www.organisator.ch\/"},{"@type":"ListItem","position":2,"name":"Interesse an Anlagen f\u00fcr die Methanolproduktion steigt"}]},{"@type":"WebSite","@id":"https:\/\/www.organisator.ch\/#website","url":"https:\/\/www.organisator.ch\/","name":"Organisator","description":"Kompetent. Praxisnah. Der ORGANISATOR bereitet in 10 Ausgaben pro Jahr die wesentlichen Themen f\u00fcr F\u00fchrungskr\u00e4fte von KMU auf.","publisher":{"@id":"https:\/\/www.organisator.ch\/#organization"},"potentialAction":[{"@type":"SearchAction","target":{"@type":"EntryPoint","urlTemplate":"https:\/\/www.organisator.ch\/?s={search_term_string}"},"query-input":{"@type":"PropertyValueSpecification","valueRequired":true,"valueName":"search_term_string"}}],"inLanguage":"de"},{"@type":"Organization","@id":"https:\/\/www.organisator.ch\/#organization","name":"Organisator","url":"https:\/\/www.organisator.ch\/","logo":{"@type":"ImageObject","inLanguage":"de","@id":"https:\/\/www.organisator.ch\/#\/schema\/logo\/image\/","url":"https:\/\/www.organisator.ch\/wp-content\/uploads\/2022\/01\/Logo_Organisator_Website.png","contentUrl":"https:\/\/www.organisator.ch\/wp-content\/uploads\/2022\/01\/Logo_Organisator_Website.png","width":800,"height":77,"caption":"Organisator"},"image":{"@id":"https:\/\/www.organisator.ch\/#\/schema\/logo\/image\/"},"sameAs":["https:\/\/www.facebook.com\/OrganisatorFachmagazin","https:\/\/www.linkedin.com\/showcase\/organisator-das-magazin-fr-kmu","https:\/\/www.xing.com\/news\/pages\/organisator-ch-695","https:\/\/www.youtube.com\/channel\/UCGP2Sq0iWaZwT3BdIAQFYpw"]},{"@type":"Person","@id":"https:\/\/www.organisator.ch\/#\/schema\/person\/6f650f90b2842cd4c0cc334b4e36f67e","name":"thomas.berner","image":{"@type":"ImageObject","inLanguage":"de","@id":"https:\/\/secure.gravatar.com\/avatar\/ac5001d2a36cb6c6cd3e50789007ffca834b477b74a2144564522e944eabff61?s=96&d=mm&r=g","url":"https:\/\/secure.gravatar.com\/avatar\/ac5001d2a36cb6c6cd3e50789007ffca834b477b74a2144564522e944eabff61?s=96&d=mm&r=g","contentUrl":"https:\/\/secure.gravatar.com\/avatar\/ac5001d2a36cb6c6cd3e50789007ffca834b477b74a2144564522e944eabff61?s=96&d=mm&r=g","caption":"thomas.berner"},"url":"https:\/\/www.organisator.ch\/de\/author\/thomas-berner\/"}]}},"_links":{"self":[{"href":"https:\/\/www.organisator.ch\/de\/wp-json\/wp\/v2\/posts\/25105","targetHints":{"allow":["GET"]}}],"collection":[{"href":"https:\/\/www.organisator.ch\/de\/wp-json\/wp\/v2\/posts"}],"about":[{"href":"https:\/\/www.organisator.ch\/de\/wp-json\/wp\/v2\/types\/post"}],"author":[{"embeddable":true,"href":"https:\/\/www.organisator.ch\/de\/wp-json\/wp\/v2\/users\/4"}],"replies":[{"embeddable":true,"href":"https:\/\/www.organisator.ch\/de\/wp-json\/wp\/v2\/comments?post=25105"}],"version-history":[{"count":4,"href":"https:\/\/www.organisator.ch\/de\/wp-json\/wp\/v2\/posts\/25105\/revisions"}],"predecessor-version":[{"id":25308,"href":"https:\/\/www.organisator.ch\/de\/wp-json\/wp\/v2\/posts\/25105\/revisions\/25308"}],"wp:featuredmedia":[{"embeddable":true,"href":"https:\/\/www.organisator.ch\/de\/wp-json\/wp\/v2\/media\/25106"}],"wp:attachment":[{"href":"https:\/\/www.organisator.ch\/de\/wp-json\/wp\/v2\/media?parent=25105"}],"wp:term":[{"taxonomy":"category","embeddable":true,"href":"https:\/\/www.organisator.ch\/de\/wp-json\/wp\/v2\/categories?post=25105"},{"taxonomy":"post_tag","embeddable":true,"href":"https:\/\/www.organisator.ch\/de\/wp-json\/wp\/v2\/tags?post=25105"}],"curies":[{"name":"wp","href":"https:\/\/api.w.org\/{rel}","templated":true}]}}