{"id":2514,"date":"2019-10-07T16:26:02","date_gmt":"2019-10-07T14:26:02","guid":{"rendered":"https:\/\/www.umweltperspektiven.ch\/?p=2514"},"modified":"2022-02-09T11:05:35","modified_gmt":"2022-02-09T10:05:35","slug":"luzerner-start-up-produziert-papier-und-karton-aus-landwirtschaftlichen-abfaellen","status":"publish","type":"post","link":"https:\/\/www.organisator.ch\/de\/sustainability\/2019-10-07\/luzerner-start-up-produziert-papier-und-karton-aus-landwirtschaftlichen-abfaellen\/","title":{"rendered":"Luzerner Start-Up produziert Papier und Karton aus landwirtschaftlichen Abf\u00e4llen"},"content":{"rendered":"<p>&nbsp;<\/p>\n<figure id=\"attachment_2516\" aria-describedby=\"caption-attachment-2516\" style=\"width: 668px\" class=\"wp-caption alignnone\"><img loading=\"lazy\" decoding=\"async\" class=\"wp-image-2516 size-full\" src=\"\/\/www.umweltperspektiven.ch\/wp-content\/uploads\/2019\/10\/picture-2469a72b-08b8-4273-b347-bf35f83b285c.jpg\" alt=\"\" width=\"668\" height=\"442\" \/><figcaption id=\"caption-attachment-2516\" class=\"wp-caption-text\">Zuckerrohr Abfall, die Basis von envoPAP. (Bild: zVg)<\/figcaption><\/figure>\n<p>Ein Luzerner Unternehmer will das Papier im September mittels Crowdfunding in die Schweiz bringen. Erster prominenter Unterst\u00fctzer von envoPAP in der Schweiz ist der Luzerner St\u00e4nderat Damian M\u00fcller. \u00dcber 40 Prozent des weltweit geschlagenen Holzes wird derzeit zu Papierprodukten verarbeitet. Dies deshalb, da konventionell hergestelltes Papier aus Frischholzfasern gewonnen wird. Auch Recycling-Papier l\u00e4sst sich nur sieben Mal wiederaufbereiten, bevor wieder frisches Holz ben\u00f6tigt wird.<\/p>\n<p><strong>Zuckerrohr, die L\u00f6sung?\u00a0\u00a0<\/strong><\/p>\n<p>Dank einem neuen Papier des britischen Unternehmens envoPAP k\u00f6nnte die Entwaldung durch die Papierindustrie bald massiv einged\u00e4mmt werden: \u00abenvoPapier besteht zu 80 Prozent aus landwirtschaftlichen Abf\u00e4llen von Zuckerrohr, Weizenstroh und Wildgras. D. h. ausrangierte St\u00e4ngel und Halme, die normalerweise verbrannt werden w\u00fcrden, werden gemischt und erhalten in Form von envoPap ein zweites Leben\u00bb, erkl\u00e4rt der Luzerner Unternehmer Yves Beljean, der mit seinem Startup in der Schweiz und in Liechtenstein exklusiver Vertriebspartner von envoPAP ist.<\/p>\n<p>\u00abSo k\u00f6nnen Abfallprodukte effizient wiederverwertet werden, statt dass B\u00e4ume gef\u00e4llt werden m\u00fcssen. EnvoPAP hilft also ganz konkret, die W\u00e4lder und gr\u00fcnen Reserven der Welt zu sch\u00fctzen. Die Herstellung von envoPAP ist zudem um einiges energieeffizienter als die Herstellung von konventionellem Papier.\u00bb EnvoPap wurde von verschiedenen unabh\u00e4ngigen Institutionen mehrfach ausgezeichnet und zertifiziert, u. a. von der Organisation suportthegoals mit dem Maximum von 4 Sternen f\u00fcr die Erreichung von 8 Nachhaltigskeitszielen (SDG) der UNO und des Bundess\u00e4mtlicher Nachhaltigkeitsziele.<\/p>\n<p>Von blossem Auge unterscheidet sich EnvoPap kaum von anderen handels\u00fcblichen Hochweiss-Papieren. Auch in der Verwendung steht EnvoPap konventionellen Papieren in nichts nach. \u00abEs kann genauso gut f\u00fcr Verpackungen verschiedenster Art wie zu B\u00fcrozwecken verwendet werden. In Grossbritannien, Indien und Asien wird EnvoPap bereits erfolgreich eingesetzt \u2013 nun m\u00f6chte ich auch der Schweiz die Chance geben, sich vom Papier zu \u00fcberzeugen.\u00bb<\/p>\n<p><strong>Crowdfunding f\u00fcr Schweiz\u00a0<\/strong><\/p>\n<p>Eine erste Ladung des Papiers m\u00f6chte Yves Beljean deshalb nun auf Ende September mittels Crowdfunding in die Schweiz bringen. \u00abDie kleinstm\u00f6gliche, auch \u00f6kologisch sinnvolle Bestellmenge betr\u00e4gt 20 Tonnen. Dies ist mit Kosten von 36\u2019000 Franken verbunden, die wir nun mittels Crowdfunding sammeln m\u00f6chten\u00bb, erkl\u00e4rt Beljean. So hat jeder und jede bis anfangs Oktober die M\u00f6glichkeit, sich eine Box EnvoPap (5x 500 Blatt) f\u00fcr 61 Franken zu sichern. Diese werden mit der Post CO2 neutral bequem nach Hause geliefert. Kauft man sich gleich 5 Pack, rettet man einen jungen Baum.<\/p>\n<p>\u00abMit EnvoPap sind wir in der gleichen Preisklasse wie bei konventionellem Papier. Damit ist EnvoPap die erste wirkliche Alternative zu konventionellem Papier \u2013 andere Alternativen wie Bambus-, Gras- oder Steinpapier sind zwar \u00e4hnlich nachhaltig, aber immer noch um ein Vielfaches teurer.\u00bb Erster prominenter Unterst\u00fctzer von EnvoPap in der Schweiz ist der Luzerner St\u00e4nderat Damian M\u00fcller.<\/p>\n<p><a href=\"\/\/wemakeit.com\/users\/envopapier\/show\/own-projects\">Hier geht es zur Crowdfunding Seite von envoPAPIER\u00a0<\/a><\/p>\n","protected":false},"excerpt":{"rendered":"<p>&nbsp; Ein Luzerner Unternehmer will das Papier im September mittels Crowdfunding in die Schweiz bringen. Erster prominenter Unterst\u00fctzer von envoPAP in der Schweiz ist der Luzerner St\u00e4nderat Damian M\u00fcller. \u00dcber 40 Prozent des weltweit geschlagenen Holzes wird derzeit zu Papierprodukten verarbeitet. Dies deshalb, da konventionell hergestelltes Papier aus Frischholzfasern gewonnen wird. Auch Recycling-Papier l\u00e4sst sich [&hellip;]<\/p>\n","protected":false},"author":5,"featured_media":9645,"comment_status":"open","ping_status":"open","sticky":false,"template":"","format":"standard","meta":{"_acf_changed":false,"_yoast_wpseo_focuskw":"Papier","_yoast_wpseo_metadesc":"In der Schweiz werden pro Person und pro Jahr immer noch ca. 140 Kilogramm Papier und Karton verbraucht. Ein Start-up h\u00e4tte eine L\u00f6sung: Zuckerrohr.","articlekey":"","footnotes":""},"categories":[580],"tags":[1656,1883,2195,2608],"class_list":["post-2514","post","type-post","status-publish","format-standard","has-post-thumbnail","hentry","category-sustainability","tag-luzern","tag-papierrecycling","tag-start-up","tag-zuckerrohr"],"acf":[],"yoast_head":"<!-- This site is optimized with the Yoast SEO plugin v27.5 - https:\/\/yoast.com\/product\/yoast-seo-wordpress\/ -->\n<title>Luzerner Start-Up produziert Papier und Karton aus landwirtschaftlichen Abf\u00e4llen - Organisator<\/title>\n<meta name=\"description\" content=\"In der Schweiz werden pro Person und pro Jahr immer noch ca. 140 Kilogramm Papier und Karton verbraucht. Ein Start-up h\u00e4tte eine L\u00f6sung: Zuckerrohr.\" \/>\n<meta name=\"robots\" content=\"index, follow, max-snippet:-1, max-image-preview:large, max-video-preview:-1\" \/>\n<link rel=\"canonical\" href=\"https:\/\/www.organisator.ch\/de\/sustainability\/2019-10-07\/luzerner-start-up-produziert-papier-und-karton-aus-landwirtschaftlichen-abfaellen\/\" \/>\n<meta property=\"og:locale\" content=\"de_DE\" \/>\n<meta property=\"og:type\" content=\"article\" \/>\n<meta property=\"og:title\" content=\"Luzerner Start-Up produziert Papier und Karton aus landwirtschaftlichen Abf\u00e4llen - Organisator\" \/>\n<meta property=\"og:description\" content=\"In der Schweiz werden pro Person und pro Jahr immer noch ca. 140 Kilogramm Papier und Karton verbraucht. Ein Start-up h\u00e4tte eine L\u00f6sung: Zuckerrohr.\" \/>\n<meta property=\"og:url\" content=\"https:\/\/www.organisator.ch\/de\/sustainability\/2019-10-07\/luzerner-start-up-produziert-papier-und-karton-aus-landwirtschaftlichen-abfaellen\/\" \/>\n<meta property=\"og:site_name\" content=\"Organisator\" \/>\n<meta property=\"article:publisher\" content=\"https:\/\/www.facebook.com\/OrganisatorFachmagazin\" \/>\n<meta property=\"article:published_time\" content=\"2019-10-07T14:26:02+00:00\" \/>\n<meta property=\"article:modified_time\" content=\"2022-02-09T10:05:35+00:00\" \/>\n<meta property=\"og:image\" content=\"https:\/\/www.organisator.ch\/wp-content\/uploads\/2019\/10\/picture-2469a72b-08b8-4273-b347-bf35f83b285c.jpg\" \/>\n\t<meta property=\"og:image:width\" content=\"668\" \/>\n\t<meta property=\"og:image:height\" content=\"442\" \/>\n\t<meta property=\"og:image:type\" content=\"image\/jpeg\" \/>\n<meta name=\"author\" content=\"michael.merz\" \/>\n<meta name=\"twitter:card\" content=\"summary_large_image\" \/>\n<script type=\"application\/ld+json\" class=\"yoast-schema-graph\">{\"@context\":\"https:\\\/\\\/schema.org\",\"@graph\":[{\"@type\":\"Article\",\"@id\":\"https:\\\/\\\/www.organisator.ch\\\/sustainability\\\/2019-10-07\\\/luzerner-start-up-produziert-papier-und-karton-aus-landwirtschaftlichen-abfaellen\\\/#article\",\"isPartOf\":{\"@id\":\"https:\\\/\\\/www.organisator.ch\\\/sustainability\\\/2019-10-07\\\/luzerner-start-up-produziert-papier-und-karton-aus-landwirtschaftlichen-abfaellen\\\/\"},\"author\":{\"name\":\"michael.merz\",\"@id\":\"https:\\\/\\\/www.organisator.ch\\\/#\\\/schema\\\/person\\\/134708ca9321c57b0362cceb7948ffbd\"},\"headline\":\"Luzerner Start-Up produziert Papier und Karton aus landwirtschaftlichen Abf\u00e4llen\",\"datePublished\":\"2019-10-07T14:26:02+00:00\",\"dateModified\":\"2022-02-09T10:05:35+00:00\",\"mainEntityOfPage\":{\"@id\":\"https:\\\/\\\/www.organisator.ch\\\/sustainability\\\/2019-10-07\\\/luzerner-start-up-produziert-papier-und-karton-aus-landwirtschaftlichen-abfaellen\\\/\"},\"wordCount\":484,\"commentCount\":0,\"publisher\":{\"@id\":\"https:\\\/\\\/www.organisator.ch\\\/#organization\"},\"image\":{\"@id\":\"https:\\\/\\\/www.organisator.ch\\\/sustainability\\\/2019-10-07\\\/luzerner-start-up-produziert-papier-und-karton-aus-landwirtschaftlichen-abfaellen\\\/#primaryimage\"},\"thumbnailUrl\":\"https:\\\/\\\/www.organisator.ch\\\/wp-content\\\/uploads\\\/2019\\\/10\\\/picture-2469a72b-08b8-4273-b347-bf35f83b285c.jpg\",\"keywords\":[\"Luzern\",\"Papierrecycling\",\"Start-up\",\"Zuckerrohr\"],\"articleSection\":[\"SUSTAINABILITY\"],\"inLanguage\":\"de\"},{\"@type\":\"WebPage\",\"@id\":\"https:\\\/\\\/www.organisator.ch\\\/sustainability\\\/2019-10-07\\\/luzerner-start-up-produziert-papier-und-karton-aus-landwirtschaftlichen-abfaellen\\\/\",\"url\":\"https:\\\/\\\/www.organisator.ch\\\/sustainability\\\/2019-10-07\\\/luzerner-start-up-produziert-papier-und-karton-aus-landwirtschaftlichen-abfaellen\\\/\",\"name\":\"Luzerner Start-Up produziert Papier und Karton aus landwirtschaftlichen Abf\u00e4llen - Organisator\",\"isPartOf\":{\"@id\":\"https:\\\/\\\/www.organisator.ch\\\/#website\"},\"primaryImageOfPage\":{\"@id\":\"https:\\\/\\\/www.organisator.ch\\\/sustainability\\\/2019-10-07\\\/luzerner-start-up-produziert-papier-und-karton-aus-landwirtschaftlichen-abfaellen\\\/#primaryimage\"},\"image\":{\"@id\":\"https:\\\/\\\/www.organisator.ch\\\/sustainability\\\/2019-10-07\\\/luzerner-start-up-produziert-papier-und-karton-aus-landwirtschaftlichen-abfaellen\\\/#primaryimage\"},\"thumbnailUrl\":\"https:\\\/\\\/www.organisator.ch\\\/wp-content\\\/uploads\\\/2019\\\/10\\\/picture-2469a72b-08b8-4273-b347-bf35f83b285c.jpg\",\"datePublished\":\"2019-10-07T14:26:02+00:00\",\"dateModified\":\"2022-02-09T10:05:35+00:00\",\"description\":\"In der Schweiz werden pro Person und pro Jahr immer noch ca. 140 Kilogramm Papier und Karton verbraucht. Ein Start-up h\u00e4tte eine L\u00f6sung: Zuckerrohr.\",\"breadcrumb\":{\"@id\":\"https:\\\/\\\/www.organisator.ch\\\/sustainability\\\/2019-10-07\\\/luzerner-start-up-produziert-papier-und-karton-aus-landwirtschaftlichen-abfaellen\\\/#breadcrumb\"},\"inLanguage\":\"de\",\"potentialAction\":[{\"@type\":\"ReadAction\",\"target\":[\"https:\\\/\\\/www.organisator.ch\\\/sustainability\\\/2019-10-07\\\/luzerner-start-up-produziert-papier-und-karton-aus-landwirtschaftlichen-abfaellen\\\/\"]}]},{\"@type\":\"ImageObject\",\"inLanguage\":\"de\",\"@id\":\"https:\\\/\\\/www.organisator.ch\\\/sustainability\\\/2019-10-07\\\/luzerner-start-up-produziert-papier-und-karton-aus-landwirtschaftlichen-abfaellen\\\/#primaryimage\",\"url\":\"https:\\\/\\\/www.organisator.ch\\\/wp-content\\\/uploads\\\/2019\\\/10\\\/picture-2469a72b-08b8-4273-b347-bf35f83b285c.jpg\",\"contentUrl\":\"https:\\\/\\\/www.organisator.ch\\\/wp-content\\\/uploads\\\/2019\\\/10\\\/picture-2469a72b-08b8-4273-b347-bf35f83b285c.jpg\",\"width\":668,\"height\":442},{\"@type\":\"BreadcrumbList\",\"@id\":\"https:\\\/\\\/www.organisator.ch\\\/sustainability\\\/2019-10-07\\\/luzerner-start-up-produziert-papier-und-karton-aus-landwirtschaftlichen-abfaellen\\\/#breadcrumb\",\"itemListElement\":[{\"@type\":\"ListItem\",\"position\":1,\"name\":\"Home\",\"item\":\"https:\\\/\\\/www.organisator.ch\\\/\"},{\"@type\":\"ListItem\",\"position\":2,\"name\":\"Luzerner Start-Up produziert Papier und Karton aus landwirtschaftlichen Abf\u00e4llen\"}]},{\"@type\":\"WebSite\",\"@id\":\"https:\\\/\\\/www.organisator.ch\\\/#website\",\"url\":\"https:\\\/\\\/www.organisator.ch\\\/\",\"name\":\"Organisator\",\"description\":\"Kompetent. Praxisnah. Der ORGANISATOR bereitet in 10 Ausgaben pro Jahr die wesentlichen Themen f\u00fcr F\u00fchrungskr\u00e4fte von KMU auf.\",\"publisher\":{\"@id\":\"https:\\\/\\\/www.organisator.ch\\\/#organization\"},\"potentialAction\":[{\"@type\":\"SearchAction\",\"target\":{\"@type\":\"EntryPoint\",\"urlTemplate\":\"https:\\\/\\\/www.organisator.ch\\\/?s={search_term_string}\"},\"query-input\":{\"@type\":\"PropertyValueSpecification\",\"valueRequired\":true,\"valueName\":\"search_term_string\"}}],\"inLanguage\":\"de\"},{\"@type\":\"Organization\",\"@id\":\"https:\\\/\\\/www.organisator.ch\\\/#organization\",\"name\":\"Organisator\",\"url\":\"https:\\\/\\\/www.organisator.ch\\\/\",\"logo\":{\"@type\":\"ImageObject\",\"inLanguage\":\"de\",\"@id\":\"https:\\\/\\\/www.organisator.ch\\\/#\\\/schema\\\/logo\\\/image\\\/\",\"url\":\"https:\\\/\\\/www.organisator.ch\\\/wp-content\\\/uploads\\\/2022\\\/01\\\/Logo_Organisator_Website.png\",\"contentUrl\":\"https:\\\/\\\/www.organisator.ch\\\/wp-content\\\/uploads\\\/2022\\\/01\\\/Logo_Organisator_Website.png\",\"width\":800,\"height\":77,\"caption\":\"Organisator\"},\"image\":{\"@id\":\"https:\\\/\\\/www.organisator.ch\\\/#\\\/schema\\\/logo\\\/image\\\/\"},\"sameAs\":[\"https:\\\/\\\/www.facebook.com\\\/OrganisatorFachmagazin\",\"https:\\\/\\\/www.linkedin.com\\\/showcase\\\/organisator-das-magazin-fr-kmu\",\"https:\\\/\\\/www.xing.com\\\/news\\\/pages\\\/organisator-ch-695\",\"https:\\\/\\\/www.youtube.com\\\/channel\\\/UCGP2Sq0iWaZwT3BdIAQFYpw\"]},{\"@type\":\"Person\",\"@id\":\"https:\\\/\\\/www.organisator.ch\\\/#\\\/schema\\\/person\\\/134708ca9321c57b0362cceb7948ffbd\",\"name\":\"michael.merz\",\"image\":{\"@type\":\"ImageObject\",\"inLanguage\":\"de\",\"@id\":\"https:\\\/\\\/secure.gravatar.com\\\/avatar\\\/?s=96&d=mm&r=g\",\"url\":\"https:\\\/\\\/secure.gravatar.com\\\/avatar\\\/?s=96&d=mm&r=g\",\"contentUrl\":\"https:\\\/\\\/secure.gravatar.com\\\/avatar\\\/?s=96&d=mm&r=g\",\"caption\":\"michael.merz\"},\"url\":\"https:\\\/\\\/www.organisator.ch\\\/de\\\/author\\\/michael-merz\\\/\"}]}<\/script>\n<!-- \/ Yoast SEO plugin. -->","yoast_head_json":{"title":"Luzerner Start-Up produziert Papier und Karton aus landwirtschaftlichen Abf\u00e4llen - Organisator","description":"In der Schweiz werden pro Person und pro Jahr immer noch ca. 140 Kilogramm Papier und Karton verbraucht. Ein Start-up h\u00e4tte eine L\u00f6sung: Zuckerrohr.","robots":{"index":"index","follow":"follow","max-snippet":"max-snippet:-1","max-image-preview":"max-image-preview:large","max-video-preview":"max-video-preview:-1"},"canonical":"https:\/\/www.organisator.ch\/de\/sustainability\/2019-10-07\/luzerner-start-up-produziert-papier-und-karton-aus-landwirtschaftlichen-abfaellen\/","og_locale":"de_DE","og_type":"article","og_title":"Luzerner Start-Up produziert Papier und Karton aus landwirtschaftlichen Abf\u00e4llen - Organisator","og_description":"In der Schweiz werden pro Person und pro Jahr immer noch ca. 140 Kilogramm Papier und Karton verbraucht. Ein Start-up h\u00e4tte eine L\u00f6sung: Zuckerrohr.","og_url":"https:\/\/www.organisator.ch\/de\/sustainability\/2019-10-07\/luzerner-start-up-produziert-papier-und-karton-aus-landwirtschaftlichen-abfaellen\/","og_site_name":"Organisator","article_publisher":"https:\/\/www.facebook.com\/OrganisatorFachmagazin","article_published_time":"2019-10-07T14:26:02+00:00","article_modified_time":"2022-02-09T10:05:35+00:00","og_image":[{"width":668,"height":442,"url":"https:\/\/www.organisator.ch\/wp-content\/uploads\/2019\/10\/picture-2469a72b-08b8-4273-b347-bf35f83b285c.jpg","type":"image\/jpeg"}],"author":"michael.merz","twitter_card":"summary_large_image","schema":{"@context":"https:\/\/schema.org","@graph":[{"@type":"Article","@id":"https:\/\/www.organisator.ch\/sustainability\/2019-10-07\/luzerner-start-up-produziert-papier-und-karton-aus-landwirtschaftlichen-abfaellen\/#article","isPartOf":{"@id":"https:\/\/www.organisator.ch\/sustainability\/2019-10-07\/luzerner-start-up-produziert-papier-und-karton-aus-landwirtschaftlichen-abfaellen\/"},"author":{"name":"michael.merz","@id":"https:\/\/www.organisator.ch\/#\/schema\/person\/134708ca9321c57b0362cceb7948ffbd"},"headline":"Luzerner Start-Up produziert Papier und Karton aus landwirtschaftlichen Abf\u00e4llen","datePublished":"2019-10-07T14:26:02+00:00","dateModified":"2022-02-09T10:05:35+00:00","mainEntityOfPage":{"@id":"https:\/\/www.organisator.ch\/sustainability\/2019-10-07\/luzerner-start-up-produziert-papier-und-karton-aus-landwirtschaftlichen-abfaellen\/"},"wordCount":484,"commentCount":0,"publisher":{"@id":"https:\/\/www.organisator.ch\/#organization"},"image":{"@id":"https:\/\/www.organisator.ch\/sustainability\/2019-10-07\/luzerner-start-up-produziert-papier-und-karton-aus-landwirtschaftlichen-abfaellen\/#primaryimage"},"thumbnailUrl":"https:\/\/www.organisator.ch\/wp-content\/uploads\/2019\/10\/picture-2469a72b-08b8-4273-b347-bf35f83b285c.jpg","keywords":["Luzern","Papierrecycling","Start-up","Zuckerrohr"],"articleSection":["SUSTAINABILITY"],"inLanguage":"de"},{"@type":"WebPage","@id":"https:\/\/www.organisator.ch\/sustainability\/2019-10-07\/luzerner-start-up-produziert-papier-und-karton-aus-landwirtschaftlichen-abfaellen\/","url":"https:\/\/www.organisator.ch\/sustainability\/2019-10-07\/luzerner-start-up-produziert-papier-und-karton-aus-landwirtschaftlichen-abfaellen\/","name":"Luzerner Start-Up produziert Papier und Karton aus landwirtschaftlichen Abf\u00e4llen - Organisator","isPartOf":{"@id":"https:\/\/www.organisator.ch\/#website"},"primaryImageOfPage":{"@id":"https:\/\/www.organisator.ch\/sustainability\/2019-10-07\/luzerner-start-up-produziert-papier-und-karton-aus-landwirtschaftlichen-abfaellen\/#primaryimage"},"image":{"@id":"https:\/\/www.organisator.ch\/sustainability\/2019-10-07\/luzerner-start-up-produziert-papier-und-karton-aus-landwirtschaftlichen-abfaellen\/#primaryimage"},"thumbnailUrl":"https:\/\/www.organisator.ch\/wp-content\/uploads\/2019\/10\/picture-2469a72b-08b8-4273-b347-bf35f83b285c.jpg","datePublished":"2019-10-07T14:26:02+00:00","dateModified":"2022-02-09T10:05:35+00:00","description":"In der Schweiz werden pro Person und pro Jahr immer noch ca. 140 Kilogramm Papier und Karton verbraucht. Ein Start-up h\u00e4tte eine L\u00f6sung: Zuckerrohr.","breadcrumb":{"@id":"https:\/\/www.organisator.ch\/sustainability\/2019-10-07\/luzerner-start-up-produziert-papier-und-karton-aus-landwirtschaftlichen-abfaellen\/#breadcrumb"},"inLanguage":"de","potentialAction":[{"@type":"ReadAction","target":["https:\/\/www.organisator.ch\/sustainability\/2019-10-07\/luzerner-start-up-produziert-papier-und-karton-aus-landwirtschaftlichen-abfaellen\/"]}]},{"@type":"ImageObject","inLanguage":"de","@id":"https:\/\/www.organisator.ch\/sustainability\/2019-10-07\/luzerner-start-up-produziert-papier-und-karton-aus-landwirtschaftlichen-abfaellen\/#primaryimage","url":"https:\/\/www.organisator.ch\/wp-content\/uploads\/2019\/10\/picture-2469a72b-08b8-4273-b347-bf35f83b285c.jpg","contentUrl":"https:\/\/www.organisator.ch\/wp-content\/uploads\/2019\/10\/picture-2469a72b-08b8-4273-b347-bf35f83b285c.jpg","width":668,"height":442},{"@type":"BreadcrumbList","@id":"https:\/\/www.organisator.ch\/sustainability\/2019-10-07\/luzerner-start-up-produziert-papier-und-karton-aus-landwirtschaftlichen-abfaellen\/#breadcrumb","itemListElement":[{"@type":"ListItem","position":1,"name":"Home","item":"https:\/\/www.organisator.ch\/"},{"@type":"ListItem","position":2,"name":"Luzerner Start-Up produziert Papier und Karton aus landwirtschaftlichen Abf\u00e4llen"}]},{"@type":"WebSite","@id":"https:\/\/www.organisator.ch\/#website","url":"https:\/\/www.organisator.ch\/","name":"Organisator","description":"Kompetent. Praxisnah. Der ORGANISATOR bereitet in 10 Ausgaben pro Jahr die wesentlichen Themen f\u00fcr F\u00fchrungskr\u00e4fte von KMU auf.","publisher":{"@id":"https:\/\/www.organisator.ch\/#organization"},"potentialAction":[{"@type":"SearchAction","target":{"@type":"EntryPoint","urlTemplate":"https:\/\/www.organisator.ch\/?s={search_term_string}"},"query-input":{"@type":"PropertyValueSpecification","valueRequired":true,"valueName":"search_term_string"}}],"inLanguage":"de"},{"@type":"Organization","@id":"https:\/\/www.organisator.ch\/#organization","name":"Organisator","url":"https:\/\/www.organisator.ch\/","logo":{"@type":"ImageObject","inLanguage":"de","@id":"https:\/\/www.organisator.ch\/#\/schema\/logo\/image\/","url":"https:\/\/www.organisator.ch\/wp-content\/uploads\/2022\/01\/Logo_Organisator_Website.png","contentUrl":"https:\/\/www.organisator.ch\/wp-content\/uploads\/2022\/01\/Logo_Organisator_Website.png","width":800,"height":77,"caption":"Organisator"},"image":{"@id":"https:\/\/www.organisator.ch\/#\/schema\/logo\/image\/"},"sameAs":["https:\/\/www.facebook.com\/OrganisatorFachmagazin","https:\/\/www.linkedin.com\/showcase\/organisator-das-magazin-fr-kmu","https:\/\/www.xing.com\/news\/pages\/organisator-ch-695","https:\/\/www.youtube.com\/channel\/UCGP2Sq0iWaZwT3BdIAQFYpw"]},{"@type":"Person","@id":"https:\/\/www.organisator.ch\/#\/schema\/person\/134708ca9321c57b0362cceb7948ffbd","name":"michael.merz","image":{"@type":"ImageObject","inLanguage":"de","@id":"https:\/\/secure.gravatar.com\/avatar\/?s=96&d=mm&r=g","url":"https:\/\/secure.gravatar.com\/avatar\/?s=96&d=mm&r=g","contentUrl":"https:\/\/secure.gravatar.com\/avatar\/?s=96&d=mm&r=g","caption":"michael.merz"},"url":"https:\/\/www.organisator.ch\/de\/author\/michael-merz\/"}]}},"_links":{"self":[{"href":"https:\/\/www.organisator.ch\/de\/wp-json\/wp\/v2\/posts\/2514","targetHints":{"allow":["GET"]}}],"collection":[{"href":"https:\/\/www.organisator.ch\/de\/wp-json\/wp\/v2\/posts"}],"about":[{"href":"https:\/\/www.organisator.ch\/de\/wp-json\/wp\/v2\/types\/post"}],"author":[{"embeddable":true,"href":"https:\/\/www.organisator.ch\/de\/wp-json\/wp\/v2\/users\/5"}],"replies":[{"embeddable":true,"href":"https:\/\/www.organisator.ch\/de\/wp-json\/wp\/v2\/comments?post=2514"}],"version-history":[{"count":1,"href":"https:\/\/www.organisator.ch\/de\/wp-json\/wp\/v2\/posts\/2514\/revisions"}],"predecessor-version":[{"id":10404,"href":"https:\/\/www.organisator.ch\/de\/wp-json\/wp\/v2\/posts\/2514\/revisions\/10404"}],"wp:featuredmedia":[{"embeddable":true,"href":"https:\/\/www.organisator.ch\/de\/wp-json\/wp\/v2\/media\/9645"}],"wp:attachment":[{"href":"https:\/\/www.organisator.ch\/de\/wp-json\/wp\/v2\/media?parent=2514"}],"wp:term":[{"taxonomy":"category","embeddable":true,"href":"https:\/\/www.organisator.ch\/de\/wp-json\/wp\/v2\/categories?post=2514"},{"taxonomy":"post_tag","embeddable":true,"href":"https:\/\/www.organisator.ch\/de\/wp-json\/wp\/v2\/tags?post=2514"}],"curies":[{"name":"wp","href":"https:\/\/api.w.org\/{rel}","templated":true}]}}