{"id":25152,"date":"2024-02-28T22:37:13","date_gmt":"2024-02-28T21:37:13","guid":{"rendered":"https:\/\/www.organisator.ch\/de\/?p=25152"},"modified":"2024-02-20T10:46:12","modified_gmt":"2024-02-20T09:46:12","slug":"business-events-analog-ist-trumpf","status":"publish","type":"post","link":"https:\/\/www.organisator.ch\/de\/marketing\/2024-02-28\/business-events-analog-ist-trumpf\/","title":{"rendered":"Business-Events: Analog ist Trumpf"},"content":{"rendered":"<figure id=\"attachment_25151\" aria-describedby=\"caption-attachment-25151\" style=\"width: 680px\" class=\"wp-caption alignnone\"><img loading=\"lazy\" decoding=\"async\" class=\"size-medium wp-image-25151\" src=\"https:\/\/www.organisator.ch\/wp-content\/uploads\/2024\/02\/Marketing_Invitario_Bild1_organisator_86693-680x509.jpg\" alt=\"Das Alpensymposium: Nach vierj\u00e4hriger Pause feierte dieser Business-Event einen erfolgreichen Relaunch \u2013 u.a. mit Joschka Fischer als Gastreferent. \u00a9 Thomas Berner\" width=\"680\" height=\"509\" srcset=\"https:\/\/www.organisator.ch\/wp-content\/uploads\/2024\/02\/Marketing_Invitario_Bild1_organisator_86693-680x509.jpg 680w, https:\/\/www.organisator.ch\/wp-content\/uploads\/2024\/02\/Marketing_Invitario_Bild1_organisator_86693-1024x766.jpg 1024w, https:\/\/www.organisator.ch\/wp-content\/uploads\/2024\/02\/Marketing_Invitario_Bild1_organisator_86693-768x575.jpg 768w, https:\/\/www.organisator.ch\/wp-content\/uploads\/2024\/02\/Marketing_Invitario_Bild1_organisator_86693-1536x1149.jpg 1536w, https:\/\/www.organisator.ch\/wp-content\/uploads\/2024\/02\/Marketing_Invitario_Bild1_organisator_86693-16x12.jpg 16w, https:\/\/www.organisator.ch\/wp-content\/uploads\/2024\/02\/Marketing_Invitario_Bild1_organisator_86693-375x281.jpg 375w, https:\/\/www.organisator.ch\/wp-content\/uploads\/2024\/02\/Marketing_Invitario_Bild1_organisator_86693-468x350.jpg 468w, https:\/\/www.organisator.ch\/wp-content\/uploads\/2024\/02\/Marketing_Invitario_Bild1_organisator_86693-1000x748.jpg 1000w, https:\/\/www.organisator.ch\/wp-content\/uploads\/2024\/02\/Marketing_Invitario_Bild1_organisator_86693-scaled.jpg 1400w\" sizes=\"auto, (max-width: 680px) 100vw, 680px\" \/><figcaption id=\"caption-attachment-25151\" class=\"wp-caption-text\">Das Alpensymposium: Nach vierj\u00e4hriger Pause feierte dieser Business-Event einen erfolgreichen Relaunch \u2013 u.a. mit Joschka Fischer als Gastreferent. \u00a9 Thomas Berner<\/figcaption><\/figure>\n<p>Schauplatz Interlaken, 30. Januar 2024: Nach mehrj\u00e4hriger Pause, einem Besitzerwechsel und einer Verschiebung um ein Jahr startete das 18. <a href=\"http:\/\/www.alpensymposium.ch\">Alpensymposium<\/a>. Dieser Business-Event hatte bis vor der erzwungenen Coronapause einen fixen Platz im Terminkalender vieler F\u00fchrungspersonen aus allen Branchen. Gegr\u00fcndet wurde der Anlass vor \u00fcber 20 Jahren von Oliver Stoldt, Gesch\u00e4ftsf\u00fchrer von Premium Speakers, einer f\u00fchrenden Redneragentur, die er ebenfalls selbst aufgebaut hat. Daraus ist ein globales Netzwerk mit pers\u00f6nlichen Kontakten zu Politikern, Wirtschaftsweisen, \u00d6konomen, Wissenschaftlern, Schauspielern, Entrepreneuren, Sportlern und K\u00fcnstlern entstanden. Die Idee hinter dem Alpensymposium lag da nat\u00fcrlich auf der Hand: Er wolle den Teilnehmenden Erlebnisse bieten, die sie sowohl gesch\u00e4ftlich wie auch privat inspirieren, sagte Oliver Stoldt einmal auf die Frage, was ihn zur Gr\u00fcndung des Wirtschaftsanlasses, der jeweils im Victoria-Jungfrau Grand Hotel &amp; Spa stattfindet, bewogen hat.<\/p>\n<h3>Ein neuer Anfang mit neuem Team<\/h3>\n<p>Das Konzept hat funktioniert. Prominente Referentinnen und Referenten wie Carla Del Ponte, Uli Hoeness, Dieter Bohlen, Guy Verhofstadt, Peer Steinbr\u00fcck und viele andere mehr begeisterten die G\u00e4ste am Alpensymposium. Vor der erzwungenen Pandemiepause war der Anlass regelm\u00e4ssig ausgebucht. Alles in Butter, k\u00f6nnte man meinen. Nur: Es wurde immer schwieriger, Sponsoren zu finden, die ihrerseits mit ihren Besucherkontingenten f\u00fcr volle S\u00e4le sorgen. Dies nicht nur aus wirtschaftlichen \u00dcberlegungen: Auch Corporate-Governance-Vorschriften von Unternehmen schr\u00e4nkten Besuche an solchen Business-Events immer mehr ein. Doch der Glaube daran, dass ein solcher Anlass auch nach der Pandemie weiter funktionieren konnte, blieb \u2013 auch bei Thomas D\u00fcrr von der Act Entertainment AG, einer Eventagentur, die in der Schweiz zu den gr\u00f6ssten ihres Fachs geh\u00f6rt. \u00abDas Alpensymposium hat mich immer schon gereizt\u00bb, so Thomas D\u00fcrr, der in Interlaken u.a. auch schon das Greenfield Festival, ein Rock-Open Air, ins Leben gerufen hat. Oliver Stoldt verkaufte \u00abseinen\u00bb Anlass also: Neue Besitzerin ist nun die Alpensymposium AG unter Federf\u00fchrung von Act Entertainment. Thomas D\u00fcrr hat es sich zusammen mit Iris Huggler (Huggler Consulting GmbH) und weiteren erfahrenen F\u00fchrungskr\u00e4ften aus der Eventbranche zur Aufgabe gemacht, \u00abder Perle der Wirtschaftstreffen neuen Glanz zu verleihen\u00bb.<\/p>\n<h3>Unverzichtbare Business-Events \u2013 mit richtiger Positionierung<\/h3>\n<p>Das Internationale Alpensymposium ist nur einer von vielen Hundert Businessanl\u00e4ssen, die j\u00e4hrlich irgendwo in unserem Land stattfinden. Der Markt scheint ges\u00e4ttigt \u2013 besonders bei Anl\u00e4ssen mit nationaler und internationaler Ausstrahlung. \u00abEs gibt viele Anl\u00e4sse mit Topspeakern. Da m\u00fcssen wir uns als Alpensymposium richtig positionieren\u00bb, so Iris Huggler. Man setzt deshalb auf bew\u00e4hrte Konzepte mit nationalen und internationalen Referenten, einen Programm-Mix von Keynotes, Talk-runden und Showelementen und eine tolle Location mit Ausstrahlung. Eine Rolle spielt auch die Marke, die sich das Alpensymposium \u00fcber die Jahre aufgebaut hat. Wohl nur so ist es gelungen, den Anlass nach vier Jahren Pause wieder erfolgreich zu relaunchen. Mehr als 200 Teilnehmerinnen und Teilnehmer t\u00e4glich besuchten den Kongress am besagten 30. und 31. Januar 2024. Stars des Symposiums waren der fr\u00fchere deutsche Aussenminister Joschka Fischer und die deutsche Tennislegende Boris Becker.<\/p>\n<p>Langj\u00e4hrigen Begleitern des Alpensymposiums d\u00fcrfte es gleichwohl aufgefallen sein: Es fanden sich weniger Besucherinnen im Hotel Victoria-Jungfrau ein als in der \u00abBl\u00fctezeit\u00bb vor der Coronapandemie. Doch das tat der Stimmung keinen Abbruch. Wie es scheint, liessen sich die Organisatoren von der Devise \u00abWeniger ist mehr\u00bb leiten. Eine Rechnung, die wohl aufgegangen ist. \u00abWir haben das Ziel, bei der n\u00e4chsten Durchf\u00fchrung die Teilnehmendenzahl auf 300 zu steigern. Mehr als 400 Personen pro Tag l\u00e4sst die Infrastruktur ohnehin nicht zu\u00bb, erl\u00e4utert Iris Huggler. Eine Gr\u00f6ssenordnung wie das Swiss Economic Forum mit \u00fcber 1000 Teilnehmenden strebt man gar nicht erst an. \u00abBei so grossen Anl\u00e4ssen ist es schwieriger, neue Kontakte zu kn\u00fcpfen\u00bb, so Iris Huggler weiter. Und gerade mit dem Pers\u00f6nlichen und Famili\u00e4ren will das Alpensymposium bei den Teilnehmenden punkten.<\/p>\n<h3>Wieder h\u00e4ufigere Besuche an Business-Events<\/h3>\n<p>Die Bedeutung solcher Events ist nicht zu bestreiten. Sowohl Veranstalter als auch Teilnehmende sehen Business-Events als das Instrument der Wahl, um beruflich und als Unternehmen erfolgreich zu sein. Warum die Durchf\u00fchrung von und Teilnahme an Business-Events wichtig ist, hat die Eventmarketing-Plattform <a href=\"https:\/\/invitario.com\/\">Invitario.com<\/a> im Rahmen einer Studie in Deutschland, \u00d6sterreich und der Schweiz erhoben, die im Herbst 2023 ver\u00f6ffentlicht worden ist. Ein Befund der Studie: Das Eventmarketing boomt \u2013 sowohl bei den Unternehmen, die Veranstaltungen f\u00fcr ihre internen und externen Zielgruppen durchf\u00fchren als auch bei den Teilnehmenden selbst:<\/p>\n<figure id=\"attachment_25150\" aria-describedby=\"caption-attachment-25150\" style=\"width: 680px\" class=\"wp-caption alignnone\"><img loading=\"lazy\" decoding=\"async\" class=\"size-medium wp-image-25150\" src=\"https:\/\/www.organisator.ch\/wp-content\/uploads\/2024\/02\/Marketing_Invitario_Bild2_organisator_86692-680x321.jpg\" alt=\"Bedeutung der Teilnahme an Business-Events f\u00fcr den beruflichen Erfolg aus der Sicht von Eventteilnehmenden. \u00a9 Invitario.com\" width=\"680\" height=\"321\" srcset=\"https:\/\/www.organisator.ch\/wp-content\/uploads\/2024\/02\/Marketing_Invitario_Bild2_organisator_86692-680x321.jpg 680w, https:\/\/www.organisator.ch\/wp-content\/uploads\/2024\/02\/Marketing_Invitario_Bild2_organisator_86692-1024x484.jpg 1024w, https:\/\/www.organisator.ch\/wp-content\/uploads\/2024\/02\/Marketing_Invitario_Bild2_organisator_86692-768x363.jpg 768w, https:\/\/www.organisator.ch\/wp-content\/uploads\/2024\/02\/Marketing_Invitario_Bild2_organisator_86692-1536x726.jpg 1536w, https:\/\/www.organisator.ch\/wp-content\/uploads\/2024\/02\/Marketing_Invitario_Bild2_organisator_86692-18x9.jpg 18w, https:\/\/www.organisator.ch\/wp-content\/uploads\/2024\/02\/Marketing_Invitario_Bild2_organisator_86692-375x177.jpg 375w, https:\/\/www.organisator.ch\/wp-content\/uploads\/2024\/02\/Marketing_Invitario_Bild2_organisator_86692-740x350.jpg 740w, https:\/\/www.organisator.ch\/wp-content\/uploads\/2024\/02\/Marketing_Invitario_Bild2_organisator_86692-1000x473.jpg 1000w, https:\/\/www.organisator.ch\/wp-content\/uploads\/2024\/02\/Marketing_Invitario_Bild2_organisator_86692-scaled.jpg 1400w\" sizes=\"auto, (max-width: 680px) 100vw, 680px\" \/><figcaption id=\"caption-attachment-25150\" class=\"wp-caption-text\">Bedeutung der Teilnahme an Business-Events f\u00fcr den beruflichen Erfolg aus der Sicht von Eventteilnehmenden. \u00a9 Invitario.com<\/figcaption><\/figure>\n<ul>\n<li>F\u00fcr mehr als die H\u00e4lfte (52%) der Studienteilnehmenden haben Business-Events seit dem Ende der Pandemie an Bedeutung gewonnen, f\u00fcr weitere 40 Prozent ist die Bedeutung gleich wichtig geblieben. \u00abBusiness-Events sind ein unersetzliches Tool, um in k\u00fcrzester Zeit mehrere Prospects, Kunden, Mitbewerber und Partner zu treffen\u00bb, so lautete ein Kommentar eines Studienteilnehmers.<\/li>\n<li>45 Prozent der befragten Unternehmen geben an, im Jahr 2023 mehr oder deutlich mehr Veranstaltungen durchzuf\u00fchren als noch im Jahr 2022.<\/li>\n<li>Rund ein Drittel (31%) der befragten Eventteilnehmenden will in den kommenden zw\u00f6lf Monaten mehr Business-Events besuchen als in den vergangenen zw\u00f6lf Monaten, weitere 52 Prozent haben vor, an gleich vielen Veranstaltungen teilzunehmen.<\/li>\n<li>Dieser Trend wird sich auch mittelfristig fortsetzen: F\u00fcr 54 Prozent der Befragten werden Business-Events in den kommenden drei Jahren noch wichtiger. Lediglich 5 Prozent gehen von einer abnehmenden Relevanz in diesem Zeitraum aus. \u00abAlles, was nicht digitalisiert werden kann, wird wertvoller werden\u00bb, so ein weiterer Kommentar aus der Studie.<\/li>\n<\/ul>\n<p>Fazit: Business-Events sind sowohl f\u00fcr die Unternehmen als auch f\u00fcr die Teilnehmenden unverzichtbar geworden. Aus der Kombination von Inhalt und Networking ergeben sich neue Chancen f\u00fcr Gesch\u00e4ft und Karriere, so die Schlussfolgerung der Studie. Das Alpensymposium kann hier als illustratives Beispiel dienen.<\/p>\n<h3>Mehr Karriere und unternehmerischer Erfolg dank Business-Events<\/h3>\n<p>Die hohe Nachfrage nach Veranstaltungen d\u00fcrfte auch damit im Zusammenhang stehen, dass die Teilnehmenden darin einen wichtigen Faktor zur Beschleunigung der eigenen beruflichen Karriere sehen: F\u00fcr 79 Prozent ist der Besuch von Business-Events eine wichtige Voraussetzung f\u00fcr den beruflichen Erfolg. Nur drei Prozent messen Business-Events in diesem Kontext keine Bedeutung zu.<\/p>\n<p>Auch f\u00fcr Unternehmen sind Business-Events ein entscheidender Erfolgsfaktor: 91 Prozent messen der Durchf\u00fchrung von Events eine grosse oder sehr grosse Bedeutung f\u00fcr den wirtschaftlichen Erfolg des Unternehmens bei. Denn bekanntlich ist in der Wirtschaft gerade viel in Bewegung. Der Pflege von Gesch\u00e4ftsbeziehungen kommt dementsprechend eine neue Bedeutung zu. Ebenso wichtig bleibt das Kn\u00fcpfen von neuen Beziehungen. Gem\u00e4ss der Invitario-Studie l\u00f6sen Unternehmen diese Herausforderungen mit Business-Events, indem sie die richtigen Teilnehmenden im passenden Kontext zusammenbringen. F\u00fcr rund zwei Drittel (65%) der Befragten ist Business Development ein entscheidendes Motiv, um Business-Events zu veranstalten \u2013 und auch ein Sponsoring-Argument.<\/p>\n<h3>Networking als oberstes Ziel<\/h3>\n<p>Das am h\u00e4ufigsten genannte Ziel f\u00fcr die Teilnahme an und die Organisation von Business-Events ist Networking: Sowohl f\u00fcr Unternehmen (72%) als auch f\u00fcr Teilnehmende (77%) ist der geplante oder zuf\u00e4llige Austausch mit anderen Personen das wichtigste Motiv f\u00fcr die Teilnahme an bzw. die Organisation von Business-Events. Veranstalter bieten deshalb Formate an, die das Kn\u00fcpfen von Kontakten unterst\u00fctzen sollen. Da gibt es Speed-Networking (\u00e4hnlich wie das bekannte Speed-Dating) oder auch Apps mit hinterlegter Teilnehmerliste, \u00fcber die sich Teilnehmende direkt vernetzen k\u00f6nnen. Auch Networking-Areas, die einen ungest\u00f6rten Austausch unter Teilnehmenden erm\u00f6glichen, geh\u00f6ren inzwischen zum Standardangebot an Events. Das Bed\u00fcrfnis nach Unterst\u00fctzung f\u00fcr gezieltes Networking best\u00e4tigt auch die erw\u00e4hnte Studie: 50 Prozent der befragten Teilnehmenden w\u00fcnschen dies so, 27 Prozent h\u00e4tten auch nichts gegen ein automatisiertes Matchmaking mit Kontaktvorschl\u00e4gen einzuwenden. Auch eine st\u00e4rkere Einbindung z.B. von LinkedIn-Profilen oder die M\u00f6glichkeit, schon im Vorfeld von Business-Events einen Termin zu vereinbaren, stehen bei rund einem Drittel der Befragten auf der Wunschliste \u2013 digitale Tools, damit die analogen Tr\u00fcmpfe stechen.<\/p>\n<h3>Jedes f\u00fcnfte Unternehmen spart bei Events<\/h3>\n<p>Die Durchf\u00fchrung von Business-Events kostet Geld. Faktoren wie Inflation, Energiepreise, Klimakrise und Lieferketten veranlassen rund einen F\u00fcnftel (22%) der befragten Unternehmen zu Sparmassnahmen im Eventmarketing. Besonders betroffen von Einsparungen sind gem\u00e4ss der Invitario-Studie die Location, das Catering, die Programmgestaltung, Reisekosten und die Technik.<\/p>\n<p>Aber auch f\u00fcr die Teilnehmenden haben Business-Events ihren Preis. Wer am Alpensymposium an beiden Tagen dabei sein wollte inkl. Gala-Dinner am ersten Abend, musste \u00fcber 1000 Franken budgetieren. Wie viele Unternehmen bereit sind, solche Beitr\u00e4ge aus dem Spesentopf zu bezahlen, ist nicht bekannt. Aber wenn das Programm stimmt und sich mit einer Teilnahme Chancen auf gesch\u00e4ftlichen Erfolg erh\u00f6hen lassen, dann d\u00fcrfte sich eine solche Investition lohnen. Am diesj\u00e4hrigen Alpensymposium schien dies erf\u00fcllt worden zu sein. \u00abWir erhielten sehr viele positive Feedbacks der Teilnehmenden\u00bb, erz\u00e4hlt Iris Huggler.<\/p>\n","protected":false},"excerpt":{"rendered":"<p>Business-Events haben sich zu einem entscheidenden Faktor f&#xFC;r die berufliche Karriere und den wirtschaftlichen Erfolg von Unternehmen entwickelt. Dies belegt eine Untersuchung, die in Deutschland, &#xD6;sterreich und der Schweiz durchgef&#xFC;hrt worden ist. Und wir zeigen auch ein prominentes Beispiel, das einige dieser Befunde best&#xE4;tigt.<\/p>\n","protected":false},"author":1,"featured_media":25151,"comment_status":"closed","ping_status":"closed","sticky":false,"template":"","format":"standard","meta":{"_acf_changed":false,"_yoast_wpseo_focuskw":"Business-Events","_yoast_wpseo_metadesc":"Business-Events haben sich zu einem wichtigen Faktor f\u00fcr die berufliche Karriere und den wirtschaftlichen Erfolg von Unternehmen entwickelt.","articlekey":"86620","footnotes":""},"categories":[578,29],"tags":[4106,348,502],"class_list":["post-25152","post","type-post","status-publish","format-standard","has-post-thumbnail","hentry","category-abo","category-marketing","tag-business-events","tag-mice","tag-veranstaltungen"],"acf":[],"yoast_head":"<!-- This site is optimized with the Yoast SEO plugin v27.5 - https:\/\/yoast.com\/product\/yoast-seo-wordpress\/ -->\n<title>Business-Events: Analog ist Trumpf - Organisator<\/title>\n<meta name=\"description\" content=\"Business-Events haben sich zu einem wichtigen Faktor f\u00fcr die berufliche Karriere und den wirtschaftlichen Erfolg von Unternehmen entwickelt.\" \/>\n<meta name=\"robots\" content=\"index, follow, max-snippet:-1, max-image-preview:large, max-video-preview:-1\" \/>\n<link rel=\"canonical\" href=\"https:\/\/www.organisator.ch\/de\/marketing\/2024-02-28\/business-events-analog-ist-trumpf\/\" \/>\n<meta property=\"og:locale\" content=\"de_DE\" \/>\n<meta property=\"og:type\" content=\"article\" \/>\n<meta property=\"og:title\" content=\"Business-Events: Analog ist Trumpf - Organisator\" \/>\n<meta property=\"og:description\" content=\"Business-Events haben sich zu einem wichtigen Faktor f\u00fcr die berufliche Karriere und den wirtschaftlichen Erfolg von Unternehmen entwickelt.\" \/>\n<meta property=\"og:url\" content=\"https:\/\/www.organisator.ch\/de\/marketing\/2024-02-28\/business-events-analog-ist-trumpf\/\" \/>\n<meta property=\"og:site_name\" content=\"Organisator\" \/>\n<meta property=\"article:publisher\" content=\"https:\/\/www.facebook.com\/OrganisatorFachmagazin\" \/>\n<meta property=\"article:published_time\" content=\"2024-02-28T21:37:13+00:00\" \/>\n<meta property=\"og:image\" content=\"https:\/\/www.organisator.ch\/wp-content\/uploads\/2024\/02\/Marketing_Invitario_Bild1_organisator_86693-scaled.jpg\" \/>\n\t<meta property=\"og:image:width\" content=\"1400\" \/>\n\t<meta property=\"og:image:height\" content=\"1048\" \/>\n\t<meta property=\"og:image:type\" content=\"image\/jpeg\" \/>\n<meta name=\"author\" content=\"admin\" \/>\n<meta name=\"twitter:card\" content=\"summary_large_image\" \/>\n<script type=\"application\/ld+json\" class=\"yoast-schema-graph\">{\"@context\":\"https:\\\/\\\/schema.org\",\"@graph\":[{\"@type\":\"Article\",\"@id\":\"https:\\\/\\\/www.organisator.ch\\\/marketing\\\/2024-02-28\\\/business-events-analog-ist-trumpf\\\/#article\",\"isPartOf\":{\"@id\":\"https:\\\/\\\/www.organisator.ch\\\/marketing\\\/2024-02-28\\\/business-events-analog-ist-trumpf\\\/\"},\"author\":{\"name\":\"admin\",\"@id\":\"https:\\\/\\\/www.organisator.ch\\\/#\\\/schema\\\/person\\\/aa2bace6c5c5aad60102004a50c4eb1c\"},\"headline\":\"Business-Events: Analog ist Trumpf\",\"datePublished\":\"2024-02-28T21:37:13+00:00\",\"mainEntityOfPage\":{\"@id\":\"https:\\\/\\\/www.organisator.ch\\\/marketing\\\/2024-02-28\\\/business-events-analog-ist-trumpf\\\/\"},\"wordCount\":1472,\"publisher\":{\"@id\":\"https:\\\/\\\/www.organisator.ch\\\/#organization\"},\"image\":{\"@id\":\"https:\\\/\\\/www.organisator.ch\\\/marketing\\\/2024-02-28\\\/business-events-analog-ist-trumpf\\\/#primaryimage\"},\"thumbnailUrl\":\"https:\\\/\\\/www.organisator.ch\\\/wp-content\\\/uploads\\\/2024\\\/02\\\/Marketing_Invitario_Bild1_organisator_86693-scaled.jpg\",\"keywords\":[\"Business-Events\",\"MICE\",\"Veranstaltungen\"],\"articleSection\":[\"ABO+\",\"MARKETING\"],\"inLanguage\":\"de\"},{\"@type\":\"WebPage\",\"@id\":\"https:\\\/\\\/www.organisator.ch\\\/marketing\\\/2024-02-28\\\/business-events-analog-ist-trumpf\\\/\",\"url\":\"https:\\\/\\\/www.organisator.ch\\\/marketing\\\/2024-02-28\\\/business-events-analog-ist-trumpf\\\/\",\"name\":\"Business-Events: Analog ist Trumpf - Organisator\",\"isPartOf\":{\"@id\":\"https:\\\/\\\/www.organisator.ch\\\/#website\"},\"primaryImageOfPage\":{\"@id\":\"https:\\\/\\\/www.organisator.ch\\\/marketing\\\/2024-02-28\\\/business-events-analog-ist-trumpf\\\/#primaryimage\"},\"image\":{\"@id\":\"https:\\\/\\\/www.organisator.ch\\\/marketing\\\/2024-02-28\\\/business-events-analog-ist-trumpf\\\/#primaryimage\"},\"thumbnailUrl\":\"https:\\\/\\\/www.organisator.ch\\\/wp-content\\\/uploads\\\/2024\\\/02\\\/Marketing_Invitario_Bild1_organisator_86693-scaled.jpg\",\"datePublished\":\"2024-02-28T21:37:13+00:00\",\"description\":\"Business-Events haben sich zu einem wichtigen Faktor f\u00fcr die berufliche Karriere und den wirtschaftlichen Erfolg von Unternehmen entwickelt.\",\"breadcrumb\":{\"@id\":\"https:\\\/\\\/www.organisator.ch\\\/marketing\\\/2024-02-28\\\/business-events-analog-ist-trumpf\\\/#breadcrumb\"},\"inLanguage\":\"de\",\"potentialAction\":[{\"@type\":\"ReadAction\",\"target\":[\"https:\\\/\\\/www.organisator.ch\\\/marketing\\\/2024-02-28\\\/business-events-analog-ist-trumpf\\\/\"]}]},{\"@type\":\"ImageObject\",\"inLanguage\":\"de\",\"@id\":\"https:\\\/\\\/www.organisator.ch\\\/marketing\\\/2024-02-28\\\/business-events-analog-ist-trumpf\\\/#primaryimage\",\"url\":\"https:\\\/\\\/www.organisator.ch\\\/wp-content\\\/uploads\\\/2024\\\/02\\\/Marketing_Invitario_Bild1_organisator_86693-scaled.jpg\",\"contentUrl\":\"https:\\\/\\\/www.organisator.ch\\\/wp-content\\\/uploads\\\/2024\\\/02\\\/Marketing_Invitario_Bild1_organisator_86693-scaled.jpg\",\"width\":1400,\"height\":1048,\"caption\":\"Das Alpensymposium: Nach vierj\u00e4hriger Pause feierte dieser Business-Event einen erfolgreichen Relaunch \u2013 u.a. mit Joschka Fischer als Gastreferent. \u00a9 Thomas Berner\"},{\"@type\":\"BreadcrumbList\",\"@id\":\"https:\\\/\\\/www.organisator.ch\\\/marketing\\\/2024-02-28\\\/business-events-analog-ist-trumpf\\\/#breadcrumb\",\"itemListElement\":[{\"@type\":\"ListItem\",\"position\":1,\"name\":\"Home\",\"item\":\"https:\\\/\\\/www.organisator.ch\\\/\"},{\"@type\":\"ListItem\",\"position\":2,\"name\":\"Business-Events: Analog ist Trumpf\"}]},{\"@type\":\"WebSite\",\"@id\":\"https:\\\/\\\/www.organisator.ch\\\/#website\",\"url\":\"https:\\\/\\\/www.organisator.ch\\\/\",\"name\":\"Organisator\",\"description\":\"Kompetent. Praxisnah. Der ORGANISATOR bereitet in 10 Ausgaben pro Jahr die wesentlichen Themen f\u00fcr F\u00fchrungskr\u00e4fte von KMU auf.\",\"publisher\":{\"@id\":\"https:\\\/\\\/www.organisator.ch\\\/#organization\"},\"potentialAction\":[{\"@type\":\"SearchAction\",\"target\":{\"@type\":\"EntryPoint\",\"urlTemplate\":\"https:\\\/\\\/www.organisator.ch\\\/?s={search_term_string}\"},\"query-input\":{\"@type\":\"PropertyValueSpecification\",\"valueRequired\":true,\"valueName\":\"search_term_string\"}}],\"inLanguage\":\"de\"},{\"@type\":\"Organization\",\"@id\":\"https:\\\/\\\/www.organisator.ch\\\/#organization\",\"name\":\"Organisator\",\"url\":\"https:\\\/\\\/www.organisator.ch\\\/\",\"logo\":{\"@type\":\"ImageObject\",\"inLanguage\":\"de\",\"@id\":\"https:\\\/\\\/www.organisator.ch\\\/#\\\/schema\\\/logo\\\/image\\\/\",\"url\":\"https:\\\/\\\/www.organisator.ch\\\/wp-content\\\/uploads\\\/2022\\\/01\\\/Logo_Organisator_Website.png\",\"contentUrl\":\"https:\\\/\\\/www.organisator.ch\\\/wp-content\\\/uploads\\\/2022\\\/01\\\/Logo_Organisator_Website.png\",\"width\":800,\"height\":77,\"caption\":\"Organisator\"},\"image\":{\"@id\":\"https:\\\/\\\/www.organisator.ch\\\/#\\\/schema\\\/logo\\\/image\\\/\"},\"sameAs\":[\"https:\\\/\\\/www.facebook.com\\\/OrganisatorFachmagazin\",\"https:\\\/\\\/www.linkedin.com\\\/showcase\\\/organisator-das-magazin-fr-kmu\",\"https:\\\/\\\/www.xing.com\\\/news\\\/pages\\\/organisator-ch-695\",\"https:\\\/\\\/www.youtube.com\\\/channel\\\/UCGP2Sq0iWaZwT3BdIAQFYpw\"]},{\"@type\":\"Person\",\"@id\":\"https:\\\/\\\/www.organisator.ch\\\/#\\\/schema\\\/person\\\/aa2bace6c5c5aad60102004a50c4eb1c\",\"name\":\"admin\",\"image\":{\"@type\":\"ImageObject\",\"inLanguage\":\"de\",\"@id\":\"https:\\\/\\\/secure.gravatar.com\\\/avatar\\\/ae2f4d718e6c49043e314ce431e7e645d646302a24a5ef5a8bc8e3f5a032e319?s=96&d=mm&r=g\",\"url\":\"https:\\\/\\\/secure.gravatar.com\\\/avatar\\\/ae2f4d718e6c49043e314ce431e7e645d646302a24a5ef5a8bc8e3f5a032e319?s=96&d=mm&r=g\",\"contentUrl\":\"https:\\\/\\\/secure.gravatar.com\\\/avatar\\\/ae2f4d718e6c49043e314ce431e7e645d646302a24a5ef5a8bc8e3f5a032e319?s=96&d=mm&r=g\",\"caption\":\"admin\"},\"sameAs\":[\"https:\\\/\\\/www.organisator.ch\"],\"url\":\"https:\\\/\\\/www.organisator.ch\\\/de\\\/author\\\/admin\\\/\"}]}<\/script>\n<!-- \/ Yoast SEO plugin. -->","yoast_head_json":{"title":"Business-Events: Analog ist Trumpf - Organisator","description":"Business-Events haben sich zu einem wichtigen Faktor f\u00fcr die berufliche Karriere und den wirtschaftlichen Erfolg von Unternehmen entwickelt.","robots":{"index":"index","follow":"follow","max-snippet":"max-snippet:-1","max-image-preview":"max-image-preview:large","max-video-preview":"max-video-preview:-1"},"canonical":"https:\/\/www.organisator.ch\/de\/marketing\/2024-02-28\/business-events-analog-ist-trumpf\/","og_locale":"de_DE","og_type":"article","og_title":"Business-Events: Analog ist Trumpf - Organisator","og_description":"Business-Events haben sich zu einem wichtigen Faktor f\u00fcr die berufliche Karriere und den wirtschaftlichen Erfolg von Unternehmen entwickelt.","og_url":"https:\/\/www.organisator.ch\/de\/marketing\/2024-02-28\/business-events-analog-ist-trumpf\/","og_site_name":"Organisator","article_publisher":"https:\/\/www.facebook.com\/OrganisatorFachmagazin","article_published_time":"2024-02-28T21:37:13+00:00","og_image":[{"width":1400,"height":1048,"url":"https:\/\/www.organisator.ch\/wp-content\/uploads\/2024\/02\/Marketing_Invitario_Bild1_organisator_86693-scaled.jpg","type":"image\/jpeg"}],"author":"admin","twitter_card":"summary_large_image","schema":{"@context":"https:\/\/schema.org","@graph":[{"@type":"Article","@id":"https:\/\/www.organisator.ch\/marketing\/2024-02-28\/business-events-analog-ist-trumpf\/#article","isPartOf":{"@id":"https:\/\/www.organisator.ch\/marketing\/2024-02-28\/business-events-analog-ist-trumpf\/"},"author":{"name":"admin","@id":"https:\/\/www.organisator.ch\/#\/schema\/person\/aa2bace6c5c5aad60102004a50c4eb1c"},"headline":"Business-Events: Analog ist Trumpf","datePublished":"2024-02-28T21:37:13+00:00","mainEntityOfPage":{"@id":"https:\/\/www.organisator.ch\/marketing\/2024-02-28\/business-events-analog-ist-trumpf\/"},"wordCount":1472,"publisher":{"@id":"https:\/\/www.organisator.ch\/#organization"},"image":{"@id":"https:\/\/www.organisator.ch\/marketing\/2024-02-28\/business-events-analog-ist-trumpf\/#primaryimage"},"thumbnailUrl":"https:\/\/www.organisator.ch\/wp-content\/uploads\/2024\/02\/Marketing_Invitario_Bild1_organisator_86693-scaled.jpg","keywords":["Business-Events","MICE","Veranstaltungen"],"articleSection":["ABO+","MARKETING"],"inLanguage":"de"},{"@type":"WebPage","@id":"https:\/\/www.organisator.ch\/marketing\/2024-02-28\/business-events-analog-ist-trumpf\/","url":"https:\/\/www.organisator.ch\/marketing\/2024-02-28\/business-events-analog-ist-trumpf\/","name":"Business-Events: Analog ist Trumpf - Organisator","isPartOf":{"@id":"https:\/\/www.organisator.ch\/#website"},"primaryImageOfPage":{"@id":"https:\/\/www.organisator.ch\/marketing\/2024-02-28\/business-events-analog-ist-trumpf\/#primaryimage"},"image":{"@id":"https:\/\/www.organisator.ch\/marketing\/2024-02-28\/business-events-analog-ist-trumpf\/#primaryimage"},"thumbnailUrl":"https:\/\/www.organisator.ch\/wp-content\/uploads\/2024\/02\/Marketing_Invitario_Bild1_organisator_86693-scaled.jpg","datePublished":"2024-02-28T21:37:13+00:00","description":"Business-Events haben sich zu einem wichtigen Faktor f\u00fcr die berufliche Karriere und den wirtschaftlichen Erfolg von Unternehmen entwickelt.","breadcrumb":{"@id":"https:\/\/www.organisator.ch\/marketing\/2024-02-28\/business-events-analog-ist-trumpf\/#breadcrumb"},"inLanguage":"de","potentialAction":[{"@type":"ReadAction","target":["https:\/\/www.organisator.ch\/marketing\/2024-02-28\/business-events-analog-ist-trumpf\/"]}]},{"@type":"ImageObject","inLanguage":"de","@id":"https:\/\/www.organisator.ch\/marketing\/2024-02-28\/business-events-analog-ist-trumpf\/#primaryimage","url":"https:\/\/www.organisator.ch\/wp-content\/uploads\/2024\/02\/Marketing_Invitario_Bild1_organisator_86693-scaled.jpg","contentUrl":"https:\/\/www.organisator.ch\/wp-content\/uploads\/2024\/02\/Marketing_Invitario_Bild1_organisator_86693-scaled.jpg","width":1400,"height":1048,"caption":"Das Alpensymposium: Nach vierj\u00e4hriger Pause feierte dieser Business-Event einen erfolgreichen Relaunch \u2013 u.a. mit Joschka Fischer als Gastreferent. \u00a9 Thomas Berner"},{"@type":"BreadcrumbList","@id":"https:\/\/www.organisator.ch\/marketing\/2024-02-28\/business-events-analog-ist-trumpf\/#breadcrumb","itemListElement":[{"@type":"ListItem","position":1,"name":"Home","item":"https:\/\/www.organisator.ch\/"},{"@type":"ListItem","position":2,"name":"Business-Events: Analog ist Trumpf"}]},{"@type":"WebSite","@id":"https:\/\/www.organisator.ch\/#website","url":"https:\/\/www.organisator.ch\/","name":"Organisator","description":"Kompetent. Praxisnah. Der ORGANISATOR bereitet in 10 Ausgaben pro Jahr die wesentlichen Themen f\u00fcr F\u00fchrungskr\u00e4fte von KMU auf.","publisher":{"@id":"https:\/\/www.organisator.ch\/#organization"},"potentialAction":[{"@type":"SearchAction","target":{"@type":"EntryPoint","urlTemplate":"https:\/\/www.organisator.ch\/?s={search_term_string}"},"query-input":{"@type":"PropertyValueSpecification","valueRequired":true,"valueName":"search_term_string"}}],"inLanguage":"de"},{"@type":"Organization","@id":"https:\/\/www.organisator.ch\/#organization","name":"Organisator","url":"https:\/\/www.organisator.ch\/","logo":{"@type":"ImageObject","inLanguage":"de","@id":"https:\/\/www.organisator.ch\/#\/schema\/logo\/image\/","url":"https:\/\/www.organisator.ch\/wp-content\/uploads\/2022\/01\/Logo_Organisator_Website.png","contentUrl":"https:\/\/www.organisator.ch\/wp-content\/uploads\/2022\/01\/Logo_Organisator_Website.png","width":800,"height":77,"caption":"Organisator"},"image":{"@id":"https:\/\/www.organisator.ch\/#\/schema\/logo\/image\/"},"sameAs":["https:\/\/www.facebook.com\/OrganisatorFachmagazin","https:\/\/www.linkedin.com\/showcase\/organisator-das-magazin-fr-kmu","https:\/\/www.xing.com\/news\/pages\/organisator-ch-695","https:\/\/www.youtube.com\/channel\/UCGP2Sq0iWaZwT3BdIAQFYpw"]},{"@type":"Person","@id":"https:\/\/www.organisator.ch\/#\/schema\/person\/aa2bace6c5c5aad60102004a50c4eb1c","name":"admin","image":{"@type":"ImageObject","inLanguage":"de","@id":"https:\/\/secure.gravatar.com\/avatar\/ae2f4d718e6c49043e314ce431e7e645d646302a24a5ef5a8bc8e3f5a032e319?s=96&d=mm&r=g","url":"https:\/\/secure.gravatar.com\/avatar\/ae2f4d718e6c49043e314ce431e7e645d646302a24a5ef5a8bc8e3f5a032e319?s=96&d=mm&r=g","contentUrl":"https:\/\/secure.gravatar.com\/avatar\/ae2f4d718e6c49043e314ce431e7e645d646302a24a5ef5a8bc8e3f5a032e319?s=96&d=mm&r=g","caption":"admin"},"sameAs":["https:\/\/www.organisator.ch"],"url":"https:\/\/www.organisator.ch\/de\/author\/admin\/"}]}},"_links":{"self":[{"href":"https:\/\/www.organisator.ch\/de\/wp-json\/wp\/v2\/posts\/25152","targetHints":{"allow":["GET"]}}],"collection":[{"href":"https:\/\/www.organisator.ch\/de\/wp-json\/wp\/v2\/posts"}],"about":[{"href":"https:\/\/www.organisator.ch\/de\/wp-json\/wp\/v2\/types\/post"}],"author":[{"embeddable":true,"href":"https:\/\/www.organisator.ch\/de\/wp-json\/wp\/v2\/users\/1"}],"replies":[{"embeddable":true,"href":"https:\/\/www.organisator.ch\/de\/wp-json\/wp\/v2\/comments?post=25152"}],"version-history":[{"count":2,"href":"https:\/\/www.organisator.ch\/de\/wp-json\/wp\/v2\/posts\/25152\/revisions"}],"predecessor-version":[{"id":25213,"href":"https:\/\/www.organisator.ch\/de\/wp-json\/wp\/v2\/posts\/25152\/revisions\/25213"}],"wp:featuredmedia":[{"embeddable":true,"href":"https:\/\/www.organisator.ch\/de\/wp-json\/wp\/v2\/media\/25151"}],"wp:attachment":[{"href":"https:\/\/www.organisator.ch\/de\/wp-json\/wp\/v2\/media?parent=25152"}],"wp:term":[{"taxonomy":"category","embeddable":true,"href":"https:\/\/www.organisator.ch\/de\/wp-json\/wp\/v2\/categories?post=25152"},{"taxonomy":"post_tag","embeddable":true,"href":"https:\/\/www.organisator.ch\/de\/wp-json\/wp\/v2\/tags?post=25152"}],"curies":[{"name":"wp","href":"https:\/\/api.w.org\/{rel}","templated":true}]}}