{"id":25162,"date":"2024-02-29T04:04:09","date_gmt":"2024-02-29T03:04:09","guid":{"rendered":"https:\/\/www.organisator.ch\/de\/?p=25162"},"modified":"2024-02-20T10:10:18","modified_gmt":"2024-02-20T09:10:18","slug":"videokonferenzen-mit-weniger-co2-emissionen","status":"publish","type":"post","link":"https:\/\/www.organisator.ch\/de\/sustainability\/2024-02-29\/videokonferenzen-mit-weniger-co2-emissionen\/","title":{"rendered":"Videokonferenzen mit weniger CO2-Emissionen"},"content":{"rendered":"<figure id=\"attachment_25161\" aria-describedby=\"caption-attachment-25161\" style=\"width: 680px\" class=\"wp-caption alignnone\"><img loading=\"lazy\" decoding=\"async\" class=\"size-medium wp-image-25161\" src=\"https:\/\/www.organisator.ch\/wp-content\/uploads\/2024\/02\/Sustainability_Logitech_Bild_organisator_86753-680x517.jpg\" alt=\"Equipment f\u00fcr Videokonferenzen: Produkte von Logitech werden neu aus CO2-reduzierten Materialien hergestellt. \u00a9 Logitech\" width=\"680\" height=\"517\" srcset=\"https:\/\/www.organisator.ch\/wp-content\/uploads\/2024\/02\/Sustainability_Logitech_Bild_organisator_86753-680x517.jpg 680w, https:\/\/www.organisator.ch\/wp-content\/uploads\/2024\/02\/Sustainability_Logitech_Bild_organisator_86753-768x584.jpg 768w, https:\/\/www.organisator.ch\/wp-content\/uploads\/2024\/02\/Sustainability_Logitech_Bild_organisator_86753-16x12.jpg 16w, https:\/\/www.organisator.ch\/wp-content\/uploads\/2024\/02\/Sustainability_Logitech_Bild_organisator_86753-375x285.jpg 375w, https:\/\/www.organisator.ch\/wp-content\/uploads\/2024\/02\/Sustainability_Logitech_Bild_organisator_86753-461x350.jpg 461w, https:\/\/www.organisator.ch\/wp-content\/uploads\/2024\/02\/Sustainability_Logitech_Bild_organisator_86753-1000x760.jpg 1000w, https:\/\/www.organisator.ch\/wp-content\/uploads\/2024\/02\/Sustainability_Logitech_Bild_organisator_86753.jpg 1025w\" sizes=\"auto, (max-width: 680px) 100vw, 680px\" \/><figcaption id=\"caption-attachment-25161\" class=\"wp-caption-text\">Equipment f\u00fcr Videokonferenzen: Produkte von Logitech werden neu aus CO2-reduzierten Materialien hergestellt. \u00a9 Logitech<\/figcaption><\/figure>\n<p>Nachhaltigkeitsmassnahmen haben sich zu einem zentralen Unternehmensziel entwickelt. In einer k\u00fcrzlich durchgef\u00fchrten Umfrage von Frost &amp; Sullivan unter IT-Fachleuten gaben 65% der Befragten an, dass es f\u00fcr sie im in diesem Jahr ein bedeutendes oder sogar sehr wichtiges Gesch\u00e4ftsziel sei, eine f\u00fchrende Rolle in den Bereichen Umwelt, Soziales, Governance und Nachhaltigkeit zu \u00fcbernehmen.<\/p>\n<h3>Weniger CO2 dank Videokonferenzen<\/h3>\n<p>F\u00fcr mehr Nachhaltigkeit sorgen z.B. auch Videokonferenzen. Dank diesen k\u00f6nnen CO2-Emissionen vermieden werden, die durch Reiset\u00e4tigkeit anfallen. Doch f\u00fcr solche Videokonferenzen braucht es Ger\u00e4te, die ebenfalls \u00fcber einen respektablen CO2-Fussabdruck verf\u00fcgen: Sie bestehen n\u00e4mlich aus Kunststoffen.<\/p>\n<p>Dessen bewusst ist sich auch Logitech. K\u00fcrzlich hat dieser Hardware-Hersteller bekannt gegeben, dass alle seine Video-Collaboration-Ger\u00e4te, die auf dem CollabOS-Betriebssystem laufen, ab sofort aus langlebigen Kunststoffen hergestellt werden. Bestehende Produkte \u2013 namentlich Rally Bar, Rally Bar Mini, Tap IP, Tap Scheduler und Scribe \u2013 werden mit Materialien aufgefrischt, die den Kohlenstoffausstoss der einzelnen Produkte verringern sollen, wie das Unternehmen mitteilt. \u00abF\u00fcr IT-Verantwortliche er\u00f6ffnen wir eine neue Perspektive, um ihre Investitionen in Konferenzraumsysteme f\u00fcr Arbeitsplatztechnologie zu bewerten. Dabei legen wir besonderen Wert auf Aspekte, die sowohl die Anforderungen der Nutzer als auch Umweltaspekte ber\u00fccksichtigen. Dabei erh\u00f6hen wir weder die Preise noch gehen wir Kompromisse hinsichtlich h\u00f6chster Qualit\u00e4t und Leistung ein, die Kunden von Logitech erwarten k\u00f6nnen\u00bb, so Prakash Arunkundrum, Chief Operating Officer bei Logitech.<\/p>\n<h3>Umstellung auf Next-Life-Materialien<\/h3>\n<p>Die Integration von Prinzipien des Designs f\u00fcr Nachhaltigkeit (DfS) in das Logitech-Portfolio f\u00fcr Video Collaboration erm\u00f6glicht es Kunden, komplette Konferenzr\u00e4ume \u2013 einschliesslich Microsoft Teams Rooms und Zoom Rooms \u2013 mit nachhaltig entwickelter Technologie auszustatten. Ein zentraler Grundsatz von DfS sei die Verwendung von Kreislaufmaterialien, die aus dem Abfallstrom zur\u00fcckgewonnen und einem zweiten Lebenszyklus zugef\u00fchrt werden k\u00f6nnen, f\u00fchrt Logitech aus. Dies schliesst Post-Consumer-Recycling-Kunststoffe (PCR) ein, die als \u00abnext life plastics\u00bb bezeichnet werden.<\/p>\n<p>Die neuen Konferenzraumprodukte wie z.B. Logitech Sight bestehen nun zu mindestens 50 Prozent aus recyceltem Kunststoff und weisen somit eine um 21 Prozent tiefere CO2-Bilanz aus. Oder anders ausgedr\u00fcckt: Pro 100 000 Einheiten k\u00f6nnen 1400 Tonnen CO2 eingespart werden, so die Hochrechnung des Herstellers. Ausserdem verwenden die Videokonferenzprodukte von Logitech kohlenstoffarmes Aluminium, das mit erneuerbarer Energie statt mit fossilen Brennstoffen hergestellt wird. Die Rohstoffe f\u00fcr die Verpackungen stammen aus FSC\u00ae-zertifizierten W\u00e4ldern und anderen kontrollierten Quellen. Zudem verf\u00fcgen die Ger\u00e4te \u00fcber Energiesparmodi, die ebenfalls helfen, den CO2-Ausstoss zu reduzieren. Ausgediente Videokonferenzger\u00e4te k\u00f6nnen an Logitech zur\u00fcckgegeben und so dem Recycling zugef\u00fchrt werden.<\/p>\n<h3>Transparenz und Rechenschaftspflicht<\/h3>\n<p>Da immer mehr Unternehmen eine messbare Verringerung ihrer CO2-Belastung anstreben, suchen sie verst\u00e4rkt nach Technologieanbietern, die durch Leistungsindikatoren, Berichte und Zertifizierungen durch Dritte f\u00fcr Transparenz sorgen k\u00f6nnen. Logitech verspricht, bis 2025 f\u00fcr jedes Produkt in seinem Portfolio einen CO2-Fussabdruck erstellen zu k\u00f6nnen. Das wird es den Technologieeink\u00e4ufern in Unternehmen erlauben, fundierte Entscheidungen \u00fcber das Ausmass ihrer Auswirkungen zu treffen (und dar\u00fcber Bericht zu erstatten), wenn sie ihre globale Belegschaft mit Besprechungsr\u00e4umen, pers\u00f6nlichen Arbeitspl\u00e4tzen und flexiblen Schreibtischen ausstatten. Erste Ger\u00e4te aus \u00abnext life plastics\u00bb sind seit Februar 2024 erh\u00e4ltlich.<\/p>\n<p><em>Quelle: <a href=\"http:\/\/www.logitech.com\">www.logitech.com<\/a><\/em><\/p>\n","protected":false},"excerpt":{"rendered":"<p>Unternehmen sind bestrebt, an allen Fronten ihre CO2-Bilanz zu verbessern. Dazu tr&#xE4;gt auch die Verwendung von Ger&#xE4;ten bei, die aus langlebigen Kunststoffen hergestellt sind. Hersteller wie z.B. Logitech leisten hierbei Unterst&#xFC;tzung. <\/p>\n","protected":false},"author":1,"featured_media":25161,"comment_status":"closed","ping_status":"closed","sticky":false,"template":"","format":"standard","meta":{"_acf_changed":false,"_yoast_wpseo_focuskw":"Videokonferenzen","_yoast_wpseo_metadesc":"Unternehmen sind bestrebt, an allen Fronten ihre CO2-Bilanz zu verbessern. Videokonferenzen statt Reisen sind Mittel zum Zweck.","articlekey":"86722","footnotes":""},"categories":[580],"tags":[286,308,358,393],"class_list":["post-25162","post","type-post","status-publish","format-standard","has-post-thumbnail","hentry","category-sustainability","tag-it","tag-kommunikation","tag-nachhaltige-wirtschaft","tag-produkte"],"acf":[],"yoast_head":"<!-- This site is optimized with the Yoast SEO plugin v27.5 - https:\/\/yoast.com\/product\/yoast-seo-wordpress\/ -->\n<title>Videokonferenzen mit weniger CO2-Emissionen - Organisator<\/title>\n<meta name=\"description\" content=\"Unternehmen sind bestrebt, an allen Fronten ihre CO2-Bilanz zu verbessern. Videokonferenzen statt Reisen sind Mittel zum Zweck.\" \/>\n<meta name=\"robots\" content=\"index, follow, max-snippet:-1, max-image-preview:large, max-video-preview:-1\" \/>\n<link rel=\"canonical\" href=\"https:\/\/www.organisator.ch\/de\/sustainability\/2024-02-29\/videokonferenzen-mit-weniger-co2-emissionen\/\" \/>\n<meta property=\"og:locale\" content=\"de_DE\" \/>\n<meta property=\"og:type\" content=\"article\" \/>\n<meta property=\"og:title\" content=\"Videokonferenzen mit weniger CO2-Emissionen - Organisator\" \/>\n<meta property=\"og:description\" content=\"Unternehmen sind bestrebt, an allen Fronten ihre CO2-Bilanz zu verbessern. Videokonferenzen statt Reisen sind Mittel zum Zweck.\" \/>\n<meta property=\"og:url\" content=\"https:\/\/www.organisator.ch\/de\/sustainability\/2024-02-29\/videokonferenzen-mit-weniger-co2-emissionen\/\" \/>\n<meta property=\"og:site_name\" content=\"Organisator\" \/>\n<meta property=\"article:publisher\" content=\"https:\/\/www.facebook.com\/OrganisatorFachmagazin\" \/>\n<meta property=\"article:published_time\" content=\"2024-02-29T03:04:09+00:00\" \/>\n<meta property=\"og:image\" content=\"https:\/\/www.organisator.ch\/wp-content\/uploads\/2024\/02\/Sustainability_Logitech_Bild_organisator_86753.jpg\" \/>\n\t<meta property=\"og:image:width\" content=\"1025\" \/>\n\t<meta property=\"og:image:height\" content=\"779\" \/>\n\t<meta property=\"og:image:type\" content=\"image\/jpeg\" \/>\n<meta name=\"author\" content=\"admin\" \/>\n<meta name=\"twitter:card\" content=\"summary_large_image\" \/>\n<script type=\"application\/ld+json\" class=\"yoast-schema-graph\">{\"@context\":\"https:\\\/\\\/schema.org\",\"@graph\":[{\"@type\":\"Article\",\"@id\":\"https:\\\/\\\/www.organisator.ch\\\/sustainability\\\/2024-02-29\\\/videokonferenzen-mit-weniger-co2-emissionen\\\/#article\",\"isPartOf\":{\"@id\":\"https:\\\/\\\/www.organisator.ch\\\/sustainability\\\/2024-02-29\\\/videokonferenzen-mit-weniger-co2-emissionen\\\/\"},\"author\":{\"name\":\"admin\",\"@id\":\"https:\\\/\\\/www.organisator.ch\\\/#\\\/schema\\\/person\\\/aa2bace6c5c5aad60102004a50c4eb1c\"},\"headline\":\"Videokonferenzen mit weniger CO2-Emissionen\",\"datePublished\":\"2024-02-29T03:04:09+00:00\",\"mainEntityOfPage\":{\"@id\":\"https:\\\/\\\/www.organisator.ch\\\/sustainability\\\/2024-02-29\\\/videokonferenzen-mit-weniger-co2-emissionen\\\/\"},\"wordCount\":561,\"publisher\":{\"@id\":\"https:\\\/\\\/www.organisator.ch\\\/#organization\"},\"image\":{\"@id\":\"https:\\\/\\\/www.organisator.ch\\\/sustainability\\\/2024-02-29\\\/videokonferenzen-mit-weniger-co2-emissionen\\\/#primaryimage\"},\"thumbnailUrl\":\"https:\\\/\\\/www.organisator.ch\\\/wp-content\\\/uploads\\\/2024\\\/02\\\/Sustainability_Logitech_Bild_organisator_86753.jpg\",\"keywords\":[\"IT\",\"Kommunikation\",\"Nachhaltige Wirtschaft\",\"Produkte\"],\"articleSection\":[\"SUSTAINABILITY\"],\"inLanguage\":\"de\"},{\"@type\":\"WebPage\",\"@id\":\"https:\\\/\\\/www.organisator.ch\\\/sustainability\\\/2024-02-29\\\/videokonferenzen-mit-weniger-co2-emissionen\\\/\",\"url\":\"https:\\\/\\\/www.organisator.ch\\\/sustainability\\\/2024-02-29\\\/videokonferenzen-mit-weniger-co2-emissionen\\\/\",\"name\":\"Videokonferenzen mit weniger CO2-Emissionen - Organisator\",\"isPartOf\":{\"@id\":\"https:\\\/\\\/www.organisator.ch\\\/#website\"},\"primaryImageOfPage\":{\"@id\":\"https:\\\/\\\/www.organisator.ch\\\/sustainability\\\/2024-02-29\\\/videokonferenzen-mit-weniger-co2-emissionen\\\/#primaryimage\"},\"image\":{\"@id\":\"https:\\\/\\\/www.organisator.ch\\\/sustainability\\\/2024-02-29\\\/videokonferenzen-mit-weniger-co2-emissionen\\\/#primaryimage\"},\"thumbnailUrl\":\"https:\\\/\\\/www.organisator.ch\\\/wp-content\\\/uploads\\\/2024\\\/02\\\/Sustainability_Logitech_Bild_organisator_86753.jpg\",\"datePublished\":\"2024-02-29T03:04:09+00:00\",\"description\":\"Unternehmen sind bestrebt, an allen Fronten ihre CO2-Bilanz zu verbessern. Videokonferenzen statt Reisen sind Mittel zum Zweck.\",\"breadcrumb\":{\"@id\":\"https:\\\/\\\/www.organisator.ch\\\/sustainability\\\/2024-02-29\\\/videokonferenzen-mit-weniger-co2-emissionen\\\/#breadcrumb\"},\"inLanguage\":\"de\",\"potentialAction\":[{\"@type\":\"ReadAction\",\"target\":[\"https:\\\/\\\/www.organisator.ch\\\/sustainability\\\/2024-02-29\\\/videokonferenzen-mit-weniger-co2-emissionen\\\/\"]}]},{\"@type\":\"ImageObject\",\"inLanguage\":\"de\",\"@id\":\"https:\\\/\\\/www.organisator.ch\\\/sustainability\\\/2024-02-29\\\/videokonferenzen-mit-weniger-co2-emissionen\\\/#primaryimage\",\"url\":\"https:\\\/\\\/www.organisator.ch\\\/wp-content\\\/uploads\\\/2024\\\/02\\\/Sustainability_Logitech_Bild_organisator_86753.jpg\",\"contentUrl\":\"https:\\\/\\\/www.organisator.ch\\\/wp-content\\\/uploads\\\/2024\\\/02\\\/Sustainability_Logitech_Bild_organisator_86753.jpg\",\"width\":1025,\"height\":779,\"caption\":\"Equipment f\u00fcr Videokonferenzen: Produkte von Logitech werden neu aus CO2-reduzierten Materialien hergestellt. \u00a9 Logitech\"},{\"@type\":\"BreadcrumbList\",\"@id\":\"https:\\\/\\\/www.organisator.ch\\\/sustainability\\\/2024-02-29\\\/videokonferenzen-mit-weniger-co2-emissionen\\\/#breadcrumb\",\"itemListElement\":[{\"@type\":\"ListItem\",\"position\":1,\"name\":\"Home\",\"item\":\"https:\\\/\\\/www.organisator.ch\\\/\"},{\"@type\":\"ListItem\",\"position\":2,\"name\":\"Videokonferenzen mit weniger CO2-Emissionen\"}]},{\"@type\":\"WebSite\",\"@id\":\"https:\\\/\\\/www.organisator.ch\\\/#website\",\"url\":\"https:\\\/\\\/www.organisator.ch\\\/\",\"name\":\"Organisator\",\"description\":\"Kompetent. Praxisnah. Der ORGANISATOR bereitet in 10 Ausgaben pro Jahr die wesentlichen Themen f\u00fcr F\u00fchrungskr\u00e4fte von KMU auf.\",\"publisher\":{\"@id\":\"https:\\\/\\\/www.organisator.ch\\\/#organization\"},\"potentialAction\":[{\"@type\":\"SearchAction\",\"target\":{\"@type\":\"EntryPoint\",\"urlTemplate\":\"https:\\\/\\\/www.organisator.ch\\\/?s={search_term_string}\"},\"query-input\":{\"@type\":\"PropertyValueSpecification\",\"valueRequired\":true,\"valueName\":\"search_term_string\"}}],\"inLanguage\":\"de\"},{\"@type\":\"Organization\",\"@id\":\"https:\\\/\\\/www.organisator.ch\\\/#organization\",\"name\":\"Organisator\",\"url\":\"https:\\\/\\\/www.organisator.ch\\\/\",\"logo\":{\"@type\":\"ImageObject\",\"inLanguage\":\"de\",\"@id\":\"https:\\\/\\\/www.organisator.ch\\\/#\\\/schema\\\/logo\\\/image\\\/\",\"url\":\"https:\\\/\\\/www.organisator.ch\\\/wp-content\\\/uploads\\\/2022\\\/01\\\/Logo_Organisator_Website.png\",\"contentUrl\":\"https:\\\/\\\/www.organisator.ch\\\/wp-content\\\/uploads\\\/2022\\\/01\\\/Logo_Organisator_Website.png\",\"width\":800,\"height\":77,\"caption\":\"Organisator\"},\"image\":{\"@id\":\"https:\\\/\\\/www.organisator.ch\\\/#\\\/schema\\\/logo\\\/image\\\/\"},\"sameAs\":[\"https:\\\/\\\/www.facebook.com\\\/OrganisatorFachmagazin\",\"https:\\\/\\\/www.linkedin.com\\\/showcase\\\/organisator-das-magazin-fr-kmu\",\"https:\\\/\\\/www.xing.com\\\/news\\\/pages\\\/organisator-ch-695\",\"https:\\\/\\\/www.youtube.com\\\/channel\\\/UCGP2Sq0iWaZwT3BdIAQFYpw\"]},{\"@type\":\"Person\",\"@id\":\"https:\\\/\\\/www.organisator.ch\\\/#\\\/schema\\\/person\\\/aa2bace6c5c5aad60102004a50c4eb1c\",\"name\":\"admin\",\"image\":{\"@type\":\"ImageObject\",\"inLanguage\":\"de\",\"@id\":\"https:\\\/\\\/secure.gravatar.com\\\/avatar\\\/ae2f4d718e6c49043e314ce431e7e645d646302a24a5ef5a8bc8e3f5a032e319?s=96&d=mm&r=g\",\"url\":\"https:\\\/\\\/secure.gravatar.com\\\/avatar\\\/ae2f4d718e6c49043e314ce431e7e645d646302a24a5ef5a8bc8e3f5a032e319?s=96&d=mm&r=g\",\"contentUrl\":\"https:\\\/\\\/secure.gravatar.com\\\/avatar\\\/ae2f4d718e6c49043e314ce431e7e645d646302a24a5ef5a8bc8e3f5a032e319?s=96&d=mm&r=g\",\"caption\":\"admin\"},\"sameAs\":[\"https:\\\/\\\/www.organisator.ch\"],\"url\":\"https:\\\/\\\/www.organisator.ch\\\/de\\\/author\\\/admin\\\/\"}]}<\/script>\n<!-- \/ Yoast SEO plugin. -->","yoast_head_json":{"title":"Videokonferenzen mit weniger CO2-Emissionen - Organisator","description":"Unternehmen sind bestrebt, an allen Fronten ihre CO2-Bilanz zu verbessern. Videokonferenzen statt Reisen sind Mittel zum Zweck.","robots":{"index":"index","follow":"follow","max-snippet":"max-snippet:-1","max-image-preview":"max-image-preview:large","max-video-preview":"max-video-preview:-1"},"canonical":"https:\/\/www.organisator.ch\/de\/sustainability\/2024-02-29\/videokonferenzen-mit-weniger-co2-emissionen\/","og_locale":"de_DE","og_type":"article","og_title":"Videokonferenzen mit weniger CO2-Emissionen - Organisator","og_description":"Unternehmen sind bestrebt, an allen Fronten ihre CO2-Bilanz zu verbessern. Videokonferenzen statt Reisen sind Mittel zum Zweck.","og_url":"https:\/\/www.organisator.ch\/de\/sustainability\/2024-02-29\/videokonferenzen-mit-weniger-co2-emissionen\/","og_site_name":"Organisator","article_publisher":"https:\/\/www.facebook.com\/OrganisatorFachmagazin","article_published_time":"2024-02-29T03:04:09+00:00","og_image":[{"width":1025,"height":779,"url":"https:\/\/www.organisator.ch\/wp-content\/uploads\/2024\/02\/Sustainability_Logitech_Bild_organisator_86753.jpg","type":"image\/jpeg"}],"author":"admin","twitter_card":"summary_large_image","schema":{"@context":"https:\/\/schema.org","@graph":[{"@type":"Article","@id":"https:\/\/www.organisator.ch\/sustainability\/2024-02-29\/videokonferenzen-mit-weniger-co2-emissionen\/#article","isPartOf":{"@id":"https:\/\/www.organisator.ch\/sustainability\/2024-02-29\/videokonferenzen-mit-weniger-co2-emissionen\/"},"author":{"name":"admin","@id":"https:\/\/www.organisator.ch\/#\/schema\/person\/aa2bace6c5c5aad60102004a50c4eb1c"},"headline":"Videokonferenzen mit weniger CO2-Emissionen","datePublished":"2024-02-29T03:04:09+00:00","mainEntityOfPage":{"@id":"https:\/\/www.organisator.ch\/sustainability\/2024-02-29\/videokonferenzen-mit-weniger-co2-emissionen\/"},"wordCount":561,"publisher":{"@id":"https:\/\/www.organisator.ch\/#organization"},"image":{"@id":"https:\/\/www.organisator.ch\/sustainability\/2024-02-29\/videokonferenzen-mit-weniger-co2-emissionen\/#primaryimage"},"thumbnailUrl":"https:\/\/www.organisator.ch\/wp-content\/uploads\/2024\/02\/Sustainability_Logitech_Bild_organisator_86753.jpg","keywords":["IT","Kommunikation","Nachhaltige Wirtschaft","Produkte"],"articleSection":["SUSTAINABILITY"],"inLanguage":"de"},{"@type":"WebPage","@id":"https:\/\/www.organisator.ch\/sustainability\/2024-02-29\/videokonferenzen-mit-weniger-co2-emissionen\/","url":"https:\/\/www.organisator.ch\/sustainability\/2024-02-29\/videokonferenzen-mit-weniger-co2-emissionen\/","name":"Videokonferenzen mit weniger CO2-Emissionen - Organisator","isPartOf":{"@id":"https:\/\/www.organisator.ch\/#website"},"primaryImageOfPage":{"@id":"https:\/\/www.organisator.ch\/sustainability\/2024-02-29\/videokonferenzen-mit-weniger-co2-emissionen\/#primaryimage"},"image":{"@id":"https:\/\/www.organisator.ch\/sustainability\/2024-02-29\/videokonferenzen-mit-weniger-co2-emissionen\/#primaryimage"},"thumbnailUrl":"https:\/\/www.organisator.ch\/wp-content\/uploads\/2024\/02\/Sustainability_Logitech_Bild_organisator_86753.jpg","datePublished":"2024-02-29T03:04:09+00:00","description":"Unternehmen sind bestrebt, an allen Fronten ihre CO2-Bilanz zu verbessern. Videokonferenzen statt Reisen sind Mittel zum Zweck.","breadcrumb":{"@id":"https:\/\/www.organisator.ch\/sustainability\/2024-02-29\/videokonferenzen-mit-weniger-co2-emissionen\/#breadcrumb"},"inLanguage":"de","potentialAction":[{"@type":"ReadAction","target":["https:\/\/www.organisator.ch\/sustainability\/2024-02-29\/videokonferenzen-mit-weniger-co2-emissionen\/"]}]},{"@type":"ImageObject","inLanguage":"de","@id":"https:\/\/www.organisator.ch\/sustainability\/2024-02-29\/videokonferenzen-mit-weniger-co2-emissionen\/#primaryimage","url":"https:\/\/www.organisator.ch\/wp-content\/uploads\/2024\/02\/Sustainability_Logitech_Bild_organisator_86753.jpg","contentUrl":"https:\/\/www.organisator.ch\/wp-content\/uploads\/2024\/02\/Sustainability_Logitech_Bild_organisator_86753.jpg","width":1025,"height":779,"caption":"Equipment f\u00fcr Videokonferenzen: Produkte von Logitech werden neu aus CO2-reduzierten Materialien hergestellt. \u00a9 Logitech"},{"@type":"BreadcrumbList","@id":"https:\/\/www.organisator.ch\/sustainability\/2024-02-29\/videokonferenzen-mit-weniger-co2-emissionen\/#breadcrumb","itemListElement":[{"@type":"ListItem","position":1,"name":"Home","item":"https:\/\/www.organisator.ch\/"},{"@type":"ListItem","position":2,"name":"Videokonferenzen mit weniger CO2-Emissionen"}]},{"@type":"WebSite","@id":"https:\/\/www.organisator.ch\/#website","url":"https:\/\/www.organisator.ch\/","name":"Organisator","description":"Kompetent. Praxisnah. Der ORGANISATOR bereitet in 10 Ausgaben pro Jahr die wesentlichen Themen f\u00fcr F\u00fchrungskr\u00e4fte von KMU auf.","publisher":{"@id":"https:\/\/www.organisator.ch\/#organization"},"potentialAction":[{"@type":"SearchAction","target":{"@type":"EntryPoint","urlTemplate":"https:\/\/www.organisator.ch\/?s={search_term_string}"},"query-input":{"@type":"PropertyValueSpecification","valueRequired":true,"valueName":"search_term_string"}}],"inLanguage":"de"},{"@type":"Organization","@id":"https:\/\/www.organisator.ch\/#organization","name":"Organisator","url":"https:\/\/www.organisator.ch\/","logo":{"@type":"ImageObject","inLanguage":"de","@id":"https:\/\/www.organisator.ch\/#\/schema\/logo\/image\/","url":"https:\/\/www.organisator.ch\/wp-content\/uploads\/2022\/01\/Logo_Organisator_Website.png","contentUrl":"https:\/\/www.organisator.ch\/wp-content\/uploads\/2022\/01\/Logo_Organisator_Website.png","width":800,"height":77,"caption":"Organisator"},"image":{"@id":"https:\/\/www.organisator.ch\/#\/schema\/logo\/image\/"},"sameAs":["https:\/\/www.facebook.com\/OrganisatorFachmagazin","https:\/\/www.linkedin.com\/showcase\/organisator-das-magazin-fr-kmu","https:\/\/www.xing.com\/news\/pages\/organisator-ch-695","https:\/\/www.youtube.com\/channel\/UCGP2Sq0iWaZwT3BdIAQFYpw"]},{"@type":"Person","@id":"https:\/\/www.organisator.ch\/#\/schema\/person\/aa2bace6c5c5aad60102004a50c4eb1c","name":"admin","image":{"@type":"ImageObject","inLanguage":"de","@id":"https:\/\/secure.gravatar.com\/avatar\/ae2f4d718e6c49043e314ce431e7e645d646302a24a5ef5a8bc8e3f5a032e319?s=96&d=mm&r=g","url":"https:\/\/secure.gravatar.com\/avatar\/ae2f4d718e6c49043e314ce431e7e645d646302a24a5ef5a8bc8e3f5a032e319?s=96&d=mm&r=g","contentUrl":"https:\/\/secure.gravatar.com\/avatar\/ae2f4d718e6c49043e314ce431e7e645d646302a24a5ef5a8bc8e3f5a032e319?s=96&d=mm&r=g","caption":"admin"},"sameAs":["https:\/\/www.organisator.ch"],"url":"https:\/\/www.organisator.ch\/de\/author\/admin\/"}]}},"_links":{"self":[{"href":"https:\/\/www.organisator.ch\/de\/wp-json\/wp\/v2\/posts\/25162","targetHints":{"allow":["GET"]}}],"collection":[{"href":"https:\/\/www.organisator.ch\/de\/wp-json\/wp\/v2\/posts"}],"about":[{"href":"https:\/\/www.organisator.ch\/de\/wp-json\/wp\/v2\/types\/post"}],"author":[{"embeddable":true,"href":"https:\/\/www.organisator.ch\/de\/wp-json\/wp\/v2\/users\/1"}],"replies":[{"embeddable":true,"href":"https:\/\/www.organisator.ch\/de\/wp-json\/wp\/v2\/comments?post=25162"}],"version-history":[{"count":4,"href":"https:\/\/www.organisator.ch\/de\/wp-json\/wp\/v2\/posts\/25162\/revisions"}],"predecessor-version":[{"id":25495,"href":"https:\/\/www.organisator.ch\/de\/wp-json\/wp\/v2\/posts\/25162\/revisions\/25495"}],"wp:featuredmedia":[{"embeddable":true,"href":"https:\/\/www.organisator.ch\/de\/wp-json\/wp\/v2\/media\/25161"}],"wp:attachment":[{"href":"https:\/\/www.organisator.ch\/de\/wp-json\/wp\/v2\/media?parent=25162"}],"wp:term":[{"taxonomy":"category","embeddable":true,"href":"https:\/\/www.organisator.ch\/de\/wp-json\/wp\/v2\/categories?post=25162"},{"taxonomy":"post_tag","embeddable":true,"href":"https:\/\/www.organisator.ch\/de\/wp-json\/wp\/v2\/tags?post=25162"}],"curies":[{"name":"wp","href":"https:\/\/api.w.org\/{rel}","templated":true}]}}