{"id":25180,"date":"2024-02-19T14:33:43","date_gmt":"2024-02-19T13:33:43","guid":{"rendered":"https:\/\/www.m-q.ch\/?p=19308"},"modified":"2024-11-11T16:41:29","modified_gmt":"2024-11-11T15:41:29","slug":"neue-software-innovationen-aus-der-churer-altstadt","status":"publish","type":"post","link":"https:\/\/www.organisator.ch\/de\/operational-excellence\/2024-02-19\/neue-software-innovationen-aus-der-churer-altstadt\/","title":{"rendered":"Neue Software-Innovationen aus der Churer Altstadt"},"content":{"rendered":"<figure id=\"attachment_19309\" class=\"wp-caption alignnone\" style=\"width: 680px\" aria-describedby=\"caption-attachment-19309\"><img class=\"alignnone wp-image-19309 size-full\" src=\"https:\/\/www.m-q.ch\/wp-content\/uploads\/2024\/02\/Zweigstelle-Chur-Gebaeude_Bild1_ps.jpg\" alt=\"M&amp;F Engineering Chur Zweigstelle 2024\" width=\"680\" height=\"579\" \/>\r\n<figcaption id=\"caption-attachment-19309\" class=\"wp-caption-text\">M&amp;F Engineering er\u00f6ffnet in der Churer Altstadt eine Zweigstelle. (Bild: www.m-f.ch)<\/figcaption>\r\n<\/figure>\r\n<p>\u00abSeit dem vergangenen Herbst sind wir am Martinsplatz in Chur zu Hause\u00bb, freut sich Riccardo Gubser, Leiter des j\u00fcngsten M&amp;F-Standorts. Die neue Zweigstelle erm\u00f6glicht dem Schweizer Software-Unternehmen, n\u00e4her bei seinen Ostschweizer Kunden zu sein, darunter Unternehmen wie Trumpf oder Hamilton Medical, aber auch Gietz in Gossau, St. Gallen.<\/p>\r\n<h3><strong>N\u00e4he zu regionalen Technologie- und Industriefirmen <\/strong><\/h3>\r\n<p>\u00abNeben der N\u00e4he zur regionalen Industrie sch\u00e4tzen wir die gute Erreichbarkeit und nat\u00fcrlich die privilegierte Lage an einer der sch\u00f6nsten Ecken von Chur\u00bb, fasst Riccardo Gubser die Gr\u00fcnde f\u00fcr die Standortwahl zusammen. Mit Themen wie Prozessdigitalisierung oder k\u00fcnstlicher Intelligenz ist M&amp;F Engineering von Neugier und Innovationsgeist gepr\u00e4gt. Das Softwareunternehmen spricht damit Industrie- und Technologieunternehmen an, die ihre Entwicklungs- oder Produktionsprozesse optimieren m\u00f6chten.<\/p>\r\n<figure id=\"attachment_19310\" class=\"wp-caption alignnone\" style=\"width: 680px\" aria-describedby=\"caption-attachment-19310\"><img class=\"size-full wp-image-19310\" src=\"https:\/\/www.m-q.ch\/wp-content\/uploads\/2024\/02\/Riccardo_Gubser_Bild2_ps.jpg\" alt=\"\" width=\"680\" height=\"544\" \/>\r\n<figcaption id=\"caption-attachment-19310\" class=\"wp-caption-text\">Riccardo Gubser \u2013 Leiter des j\u00fcngsten M&amp;F-Standorts. (Bild: www.m-f.ch)<\/figcaption>\r\n<\/figure>\r\n<h3><strong>Trainee-Programm und Kooperationen mit FHGR <\/strong><\/h3>\r\n<p>Auf der anderen Seite ist M&amp;F Engineering auf kompetente Mitarbeitende angewiesen. \u00abWir sind immer interessiert an talentierten Software Engineers und bieten gemeinsam mit 25 Partnerfirmen ein praxisnahes Trainee-Programm f\u00fcr Hochschulabsolvent:innen an\u00bb, erkl\u00e4rt Riccardo Gubser. Zudem arbeitet man bereits mit der Fachhochschule Graub\u00fcnden zusammen: In zwei Studienrichtungen tritt M&amp;F Engineering als Partner auf und erm\u00f6glicht Studierenden wertvolle Praxiseinblicke in Computational and Data Science sowie Artificial Intelligence in Software Engineering (AISE).<\/p>\r\n<p><em>Quelle: <a href=\"http:\/\/www.m-f.ch\/\">www.m-f.ch<\/a><\/em><\/p>\n<p class=\"syndicated-attribution\">Dieser Beitrag erschien urspr\u00fcnglich auf m-q.ch - <a href=\"https:\/\/www.m-q.ch\/de\/neue-software-innovationen-aus-der-churer-altstadt\/\" target=\"_blank\">https:\/\/www.m-q.ch\/de\/neue-software-innovationen-aus-der-churer-altstadt\/<\/a><\/p>","protected":false},"excerpt":{"rendered":"<p>Das Schweizer Software-Unternehmen M&amp;F Engineering hat in der Churer Altstadt eine Zweigstelle er\u00f6ffnet. Neue Arbeitspl\u00e4tze, spannende Trainee-Stellen und individuelle Software-L\u00f6sungen f\u00fcr Technologie- und Industriefirmen bringen innovative Impulse in die Kantonshauptstadt.<\/p>\n","protected":false},"author":58,"featured_media":0,"comment_status":"closed","ping_status":"closed","sticky":false,"template":"","format":"standard","meta":{"_acf_changed":false,"_yoast_wpseo_focuskw":"M&F Engineering Chur Zweigstelle 2024","_yoast_wpseo_metadesc":"M&F Engineering er\u00f6ffnet eine neue Zweigstelle in Chur. N\u00e4he zu regionalen Technologie- und Industriefirmen.","articlekey":"","footnotes":""},"categories":[582],"tags":[586,424,4100,475,492],"class_list":["post-25180","post","type-post","status-publish","format-standard","hentry","category-operational-excellence","tag-allgemein","tag-schweiz","tag-software-innovationen","tag-technologie","tag-unternehmen"],"acf":[],"yoast_head":"<!-- This site is optimized with the Yoast SEO plugin v27.5 - https:\/\/yoast.com\/product\/yoast-seo-wordpress\/ -->\n<title>Neue Software-Innovationen aus der Churer Altstadt - Organisator<\/title>\n<meta name=\"description\" content=\"M&amp;F Engineering er\u00f6ffnet eine neue Zweigstelle in Chur. N\u00e4he zu regionalen Technologie- und Industriefirmen.\" \/>\n<meta name=\"robots\" content=\"index, follow, max-snippet:-1, max-image-preview:large, max-video-preview:-1\" \/>\n<link rel=\"canonical\" href=\"https:\/\/www.organisator.ch\/de\/operational-excellence\/2024-02-19\/neue-software-innovationen-aus-der-churer-altstadt\/\" \/>\n<meta property=\"og:locale\" content=\"de_DE\" \/>\n<meta property=\"og:type\" content=\"article\" \/>\n<meta property=\"og:title\" content=\"Neue Software-Innovationen aus der Churer Altstadt - Organisator\" \/>\n<meta property=\"og:description\" content=\"M&amp;F Engineering er\u00f6ffnet eine neue Zweigstelle in Chur. N\u00e4he zu regionalen Technologie- und Industriefirmen.\" \/>\n<meta property=\"og:url\" content=\"https:\/\/www.organisator.ch\/de\/operational-excellence\/2024-02-19\/neue-software-innovationen-aus-der-churer-altstadt\/\" \/>\n<meta property=\"og:site_name\" content=\"Organisator\" \/>\n<meta property=\"article:publisher\" content=\"https:\/\/www.facebook.com\/OrganisatorFachmagazin\" \/>\n<meta property=\"article:published_time\" content=\"2024-02-19T13:33:43+00:00\" \/>\n<meta property=\"article:modified_time\" content=\"2024-11-11T15:41:29+00:00\" \/>\n<meta property=\"og:image\" content=\"https:\/\/www.m-q.ch\/wp-content\/uploads\/2024\/02\/Zweigstelle-Chur-Gebaeude_Bild1_ps.jpg\" \/>\n<meta name=\"author\" content=\"Adelisa Kalajdzini\" \/>\n<meta name=\"twitter:card\" content=\"summary_large_image\" \/>\n<script type=\"application\/ld+json\" class=\"yoast-schema-graph\">{\"@context\":\"https:\\\/\\\/schema.org\",\"@graph\":[{\"@type\":\"Article\",\"@id\":\"https:\\\/\\\/www.organisator.ch\\\/operational-excellence\\\/2024-02-19\\\/neue-software-innovationen-aus-der-churer-altstadt\\\/#article\",\"isPartOf\":{\"@id\":\"https:\\\/\\\/www.organisator.ch\\\/operational-excellence\\\/2024-02-19\\\/neue-software-innovationen-aus-der-churer-altstadt\\\/\"},\"author\":{\"name\":\"Adelisa Kalajdzini\",\"@id\":\"https:\\\/\\\/www.organisator.ch\\\/#\\\/schema\\\/person\\\/2e1314a2172123f874db408d8911d3f3\"},\"headline\":\"Neue Software-Innovationen aus der Churer Altstadt\",\"datePublished\":\"2024-02-19T13:33:43+00:00\",\"dateModified\":\"2024-11-11T15:41:29+00:00\",\"mainEntityOfPage\":{\"@id\":\"https:\\\/\\\/www.organisator.ch\\\/operational-excellence\\\/2024-02-19\\\/neue-software-innovationen-aus-der-churer-altstadt\\\/\"},\"wordCount\":254,\"publisher\":{\"@id\":\"https:\\\/\\\/www.organisator.ch\\\/#organization\"},\"image\":{\"@id\":\"https:\\\/\\\/www.organisator.ch\\\/operational-excellence\\\/2024-02-19\\\/neue-software-innovationen-aus-der-churer-altstadt\\\/#primaryimage\"},\"thumbnailUrl\":\"https:\\\/\\\/www.m-q.ch\\\/wp-content\\\/uploads\\\/2024\\\/02\\\/Zweigstelle-Chur-Gebaeude_Bild1_ps.jpg\",\"keywords\":{\"1\":\"Schweiz\",\"2\":\"Software-Innovationen\",\"3\":\"Technologie\",\"4\":\"Unternehmen\"},\"articleSection\":[\"OPERATIONAL EXCELLENCE\"],\"inLanguage\":\"de\"},{\"@type\":\"WebPage\",\"@id\":\"https:\\\/\\\/www.organisator.ch\\\/operational-excellence\\\/2024-02-19\\\/neue-software-innovationen-aus-der-churer-altstadt\\\/\",\"url\":\"https:\\\/\\\/www.organisator.ch\\\/operational-excellence\\\/2024-02-19\\\/neue-software-innovationen-aus-der-churer-altstadt\\\/\",\"name\":\"Neue Software-Innovationen aus der Churer Altstadt - Organisator\",\"isPartOf\":{\"@id\":\"https:\\\/\\\/www.organisator.ch\\\/#website\"},\"primaryImageOfPage\":{\"@id\":\"https:\\\/\\\/www.organisator.ch\\\/operational-excellence\\\/2024-02-19\\\/neue-software-innovationen-aus-der-churer-altstadt\\\/#primaryimage\"},\"image\":{\"@id\":\"https:\\\/\\\/www.organisator.ch\\\/operational-excellence\\\/2024-02-19\\\/neue-software-innovationen-aus-der-churer-altstadt\\\/#primaryimage\"},\"thumbnailUrl\":\"https:\\\/\\\/www.m-q.ch\\\/wp-content\\\/uploads\\\/2024\\\/02\\\/Zweigstelle-Chur-Gebaeude_Bild1_ps.jpg\",\"datePublished\":\"2024-02-19T13:33:43+00:00\",\"dateModified\":\"2024-11-11T15:41:29+00:00\",\"description\":\"M&F Engineering er\u00f6ffnet eine neue Zweigstelle in Chur. N\u00e4he zu regionalen Technologie- und Industriefirmen.\",\"breadcrumb\":{\"@id\":\"https:\\\/\\\/www.organisator.ch\\\/operational-excellence\\\/2024-02-19\\\/neue-software-innovationen-aus-der-churer-altstadt\\\/#breadcrumb\"},\"inLanguage\":\"de\",\"potentialAction\":[{\"@type\":\"ReadAction\",\"target\":[\"https:\\\/\\\/www.organisator.ch\\\/operational-excellence\\\/2024-02-19\\\/neue-software-innovationen-aus-der-churer-altstadt\\\/\"]}]},{\"@type\":\"ImageObject\",\"inLanguage\":\"de\",\"@id\":\"https:\\\/\\\/www.organisator.ch\\\/operational-excellence\\\/2024-02-19\\\/neue-software-innovationen-aus-der-churer-altstadt\\\/#primaryimage\",\"url\":\"https:\\\/\\\/www.m-q.ch\\\/wp-content\\\/uploads\\\/2024\\\/02\\\/Zweigstelle-Chur-Gebaeude_Bild1_ps.jpg\",\"contentUrl\":\"https:\\\/\\\/www.m-q.ch\\\/wp-content\\\/uploads\\\/2024\\\/02\\\/Zweigstelle-Chur-Gebaeude_Bild1_ps.jpg\"},{\"@type\":\"BreadcrumbList\",\"@id\":\"https:\\\/\\\/www.organisator.ch\\\/operational-excellence\\\/2024-02-19\\\/neue-software-innovationen-aus-der-churer-altstadt\\\/#breadcrumb\",\"itemListElement\":[{\"@type\":\"ListItem\",\"position\":1,\"name\":\"Home\",\"item\":\"https:\\\/\\\/www.organisator.ch\\\/\"},{\"@type\":\"ListItem\",\"position\":2,\"name\":\"Neue Software-Innovationen aus der Churer Altstadt\"}]},{\"@type\":\"WebSite\",\"@id\":\"https:\\\/\\\/www.organisator.ch\\\/#website\",\"url\":\"https:\\\/\\\/www.organisator.ch\\\/\",\"name\":\"Organisator\",\"description\":\"Kompetent. Praxisnah. Der ORGANISATOR bereitet in 10 Ausgaben pro Jahr die wesentlichen Themen f\u00fcr F\u00fchrungskr\u00e4fte von KMU auf.\",\"publisher\":{\"@id\":\"https:\\\/\\\/www.organisator.ch\\\/#organization\"},\"potentialAction\":[{\"@type\":\"SearchAction\",\"target\":{\"@type\":\"EntryPoint\",\"urlTemplate\":\"https:\\\/\\\/www.organisator.ch\\\/?s={search_term_string}\"},\"query-input\":{\"@type\":\"PropertyValueSpecification\",\"valueRequired\":true,\"valueName\":\"search_term_string\"}}],\"inLanguage\":\"de\"},{\"@type\":\"Organization\",\"@id\":\"https:\\\/\\\/www.organisator.ch\\\/#organization\",\"name\":\"Organisator\",\"url\":\"https:\\\/\\\/www.organisator.ch\\\/\",\"logo\":{\"@type\":\"ImageObject\",\"inLanguage\":\"de\",\"@id\":\"https:\\\/\\\/www.organisator.ch\\\/#\\\/schema\\\/logo\\\/image\\\/\",\"url\":\"https:\\\/\\\/www.organisator.ch\\\/wp-content\\\/uploads\\\/2022\\\/01\\\/Logo_Organisator_Website.png\",\"contentUrl\":\"https:\\\/\\\/www.organisator.ch\\\/wp-content\\\/uploads\\\/2022\\\/01\\\/Logo_Organisator_Website.png\",\"width\":800,\"height\":77,\"caption\":\"Organisator\"},\"image\":{\"@id\":\"https:\\\/\\\/www.organisator.ch\\\/#\\\/schema\\\/logo\\\/image\\\/\"},\"sameAs\":[\"https:\\\/\\\/www.facebook.com\\\/OrganisatorFachmagazin\",\"https:\\\/\\\/www.linkedin.com\\\/showcase\\\/organisator-das-magazin-fr-kmu\",\"https:\\\/\\\/www.xing.com\\\/news\\\/pages\\\/organisator-ch-695\",\"https:\\\/\\\/www.youtube.com\\\/channel\\\/UCGP2Sq0iWaZwT3BdIAQFYpw\"]},{\"@type\":\"Person\",\"@id\":\"https:\\\/\\\/www.organisator.ch\\\/#\\\/schema\\\/person\\\/2e1314a2172123f874db408d8911d3f3\",\"name\":\"Adelisa Kalajdzini\",\"image\":{\"@type\":\"ImageObject\",\"inLanguage\":\"de\",\"@id\":\"https:\\\/\\\/secure.gravatar.com\\\/avatar\\\/09a397c22ac58cad6f160ee8306348599df9df58a8ede73696226897b9fa4b24?s=96&d=mm&r=g\",\"url\":\"https:\\\/\\\/secure.gravatar.com\\\/avatar\\\/09a397c22ac58cad6f160ee8306348599df9df58a8ede73696226897b9fa4b24?s=96&d=mm&r=g\",\"contentUrl\":\"https:\\\/\\\/secure.gravatar.com\\\/avatar\\\/09a397c22ac58cad6f160ee8306348599df9df58a8ede73696226897b9fa4b24?s=96&d=mm&r=g\",\"caption\":\"Adelisa Kalajdzini\"},\"url\":\"https:\\\/\\\/www.organisator.ch\\\/de\\\/author\\\/adelisa-kalajdzini\\\/\"}]}<\/script>\n<!-- \/ Yoast SEO plugin. -->","yoast_head_json":{"title":"Neue Software-Innovationen aus der Churer Altstadt - Organisator","description":"M&F Engineering er\u00f6ffnet eine neue Zweigstelle in Chur. N\u00e4he zu regionalen Technologie- und Industriefirmen.","robots":{"index":"index","follow":"follow","max-snippet":"max-snippet:-1","max-image-preview":"max-image-preview:large","max-video-preview":"max-video-preview:-1"},"canonical":"https:\/\/www.organisator.ch\/de\/operational-excellence\/2024-02-19\/neue-software-innovationen-aus-der-churer-altstadt\/","og_locale":"de_DE","og_type":"article","og_title":"Neue Software-Innovationen aus der Churer Altstadt - Organisator","og_description":"M&F Engineering er\u00f6ffnet eine neue Zweigstelle in Chur. N\u00e4he zu regionalen Technologie- und Industriefirmen.","og_url":"https:\/\/www.organisator.ch\/de\/operational-excellence\/2024-02-19\/neue-software-innovationen-aus-der-churer-altstadt\/","og_site_name":"Organisator","article_publisher":"https:\/\/www.facebook.com\/OrganisatorFachmagazin","article_published_time":"2024-02-19T13:33:43+00:00","article_modified_time":"2024-11-11T15:41:29+00:00","og_image":[{"url":"https:\/\/www.m-q.ch\/wp-content\/uploads\/2024\/02\/Zweigstelle-Chur-Gebaeude_Bild1_ps.jpg","type":"","width":"","height":""}],"author":"Adelisa Kalajdzini","twitter_card":"summary_large_image","schema":{"@context":"https:\/\/schema.org","@graph":[{"@type":"Article","@id":"https:\/\/www.organisator.ch\/operational-excellence\/2024-02-19\/neue-software-innovationen-aus-der-churer-altstadt\/#article","isPartOf":{"@id":"https:\/\/www.organisator.ch\/operational-excellence\/2024-02-19\/neue-software-innovationen-aus-der-churer-altstadt\/"},"author":{"name":"Adelisa Kalajdzini","@id":"https:\/\/www.organisator.ch\/#\/schema\/person\/2e1314a2172123f874db408d8911d3f3"},"headline":"Neue Software-Innovationen aus der Churer Altstadt","datePublished":"2024-02-19T13:33:43+00:00","dateModified":"2024-11-11T15:41:29+00:00","mainEntityOfPage":{"@id":"https:\/\/www.organisator.ch\/operational-excellence\/2024-02-19\/neue-software-innovationen-aus-der-churer-altstadt\/"},"wordCount":254,"publisher":{"@id":"https:\/\/www.organisator.ch\/#organization"},"image":{"@id":"https:\/\/www.organisator.ch\/operational-excellence\/2024-02-19\/neue-software-innovationen-aus-der-churer-altstadt\/#primaryimage"},"thumbnailUrl":"https:\/\/www.m-q.ch\/wp-content\/uploads\/2024\/02\/Zweigstelle-Chur-Gebaeude_Bild1_ps.jpg","keywords":{"1":"Schweiz","2":"Software-Innovationen","3":"Technologie","4":"Unternehmen"},"articleSection":["OPERATIONAL EXCELLENCE"],"inLanguage":"de"},{"@type":"WebPage","@id":"https:\/\/www.organisator.ch\/operational-excellence\/2024-02-19\/neue-software-innovationen-aus-der-churer-altstadt\/","url":"https:\/\/www.organisator.ch\/operational-excellence\/2024-02-19\/neue-software-innovationen-aus-der-churer-altstadt\/","name":"Neue Software-Innovationen aus der Churer Altstadt - Organisator","isPartOf":{"@id":"https:\/\/www.organisator.ch\/#website"},"primaryImageOfPage":{"@id":"https:\/\/www.organisator.ch\/operational-excellence\/2024-02-19\/neue-software-innovationen-aus-der-churer-altstadt\/#primaryimage"},"image":{"@id":"https:\/\/www.organisator.ch\/operational-excellence\/2024-02-19\/neue-software-innovationen-aus-der-churer-altstadt\/#primaryimage"},"thumbnailUrl":"https:\/\/www.m-q.ch\/wp-content\/uploads\/2024\/02\/Zweigstelle-Chur-Gebaeude_Bild1_ps.jpg","datePublished":"2024-02-19T13:33:43+00:00","dateModified":"2024-11-11T15:41:29+00:00","description":"M&F Engineering er\u00f6ffnet eine neue Zweigstelle in Chur. N\u00e4he zu regionalen Technologie- und Industriefirmen.","breadcrumb":{"@id":"https:\/\/www.organisator.ch\/operational-excellence\/2024-02-19\/neue-software-innovationen-aus-der-churer-altstadt\/#breadcrumb"},"inLanguage":"de","potentialAction":[{"@type":"ReadAction","target":["https:\/\/www.organisator.ch\/operational-excellence\/2024-02-19\/neue-software-innovationen-aus-der-churer-altstadt\/"]}]},{"@type":"ImageObject","inLanguage":"de","@id":"https:\/\/www.organisator.ch\/operational-excellence\/2024-02-19\/neue-software-innovationen-aus-der-churer-altstadt\/#primaryimage","url":"https:\/\/www.m-q.ch\/wp-content\/uploads\/2024\/02\/Zweigstelle-Chur-Gebaeude_Bild1_ps.jpg","contentUrl":"https:\/\/www.m-q.ch\/wp-content\/uploads\/2024\/02\/Zweigstelle-Chur-Gebaeude_Bild1_ps.jpg"},{"@type":"BreadcrumbList","@id":"https:\/\/www.organisator.ch\/operational-excellence\/2024-02-19\/neue-software-innovationen-aus-der-churer-altstadt\/#breadcrumb","itemListElement":[{"@type":"ListItem","position":1,"name":"Home","item":"https:\/\/www.organisator.ch\/"},{"@type":"ListItem","position":2,"name":"Neue Software-Innovationen aus der Churer Altstadt"}]},{"@type":"WebSite","@id":"https:\/\/www.organisator.ch\/#website","url":"https:\/\/www.organisator.ch\/","name":"Organisator","description":"Kompetent. Praxisnah. Der ORGANISATOR bereitet in 10 Ausgaben pro Jahr die wesentlichen Themen f\u00fcr F\u00fchrungskr\u00e4fte von KMU auf.","publisher":{"@id":"https:\/\/www.organisator.ch\/#organization"},"potentialAction":[{"@type":"SearchAction","target":{"@type":"EntryPoint","urlTemplate":"https:\/\/www.organisator.ch\/?s={search_term_string}"},"query-input":{"@type":"PropertyValueSpecification","valueRequired":true,"valueName":"search_term_string"}}],"inLanguage":"de"},{"@type":"Organization","@id":"https:\/\/www.organisator.ch\/#organization","name":"Organisator","url":"https:\/\/www.organisator.ch\/","logo":{"@type":"ImageObject","inLanguage":"de","@id":"https:\/\/www.organisator.ch\/#\/schema\/logo\/image\/","url":"https:\/\/www.organisator.ch\/wp-content\/uploads\/2022\/01\/Logo_Organisator_Website.png","contentUrl":"https:\/\/www.organisator.ch\/wp-content\/uploads\/2022\/01\/Logo_Organisator_Website.png","width":800,"height":77,"caption":"Organisator"},"image":{"@id":"https:\/\/www.organisator.ch\/#\/schema\/logo\/image\/"},"sameAs":["https:\/\/www.facebook.com\/OrganisatorFachmagazin","https:\/\/www.linkedin.com\/showcase\/organisator-das-magazin-fr-kmu","https:\/\/www.xing.com\/news\/pages\/organisator-ch-695","https:\/\/www.youtube.com\/channel\/UCGP2Sq0iWaZwT3BdIAQFYpw"]},{"@type":"Person","@id":"https:\/\/www.organisator.ch\/#\/schema\/person\/2e1314a2172123f874db408d8911d3f3","name":"Adelisa Kalajdzini","image":{"@type":"ImageObject","inLanguage":"de","@id":"https:\/\/secure.gravatar.com\/avatar\/09a397c22ac58cad6f160ee8306348599df9df58a8ede73696226897b9fa4b24?s=96&d=mm&r=g","url":"https:\/\/secure.gravatar.com\/avatar\/09a397c22ac58cad6f160ee8306348599df9df58a8ede73696226897b9fa4b24?s=96&d=mm&r=g","contentUrl":"https:\/\/secure.gravatar.com\/avatar\/09a397c22ac58cad6f160ee8306348599df9df58a8ede73696226897b9fa4b24?s=96&d=mm&r=g","caption":"Adelisa Kalajdzini"},"url":"https:\/\/www.organisator.ch\/de\/author\/adelisa-kalajdzini\/"}]}},"_links":{"self":[{"href":"https:\/\/www.organisator.ch\/de\/wp-json\/wp\/v2\/posts\/25180","targetHints":{"allow":["GET"]}}],"collection":[{"href":"https:\/\/www.organisator.ch\/de\/wp-json\/wp\/v2\/posts"}],"about":[{"href":"https:\/\/www.organisator.ch\/de\/wp-json\/wp\/v2\/types\/post"}],"author":[{"embeddable":true,"href":"https:\/\/www.organisator.ch\/de\/wp-json\/wp\/v2\/users\/58"}],"replies":[{"embeddable":true,"href":"https:\/\/www.organisator.ch\/de\/wp-json\/wp\/v2\/comments?post=25180"}],"version-history":[{"count":6,"href":"https:\/\/www.organisator.ch\/de\/wp-json\/wp\/v2\/posts\/25180\/revisions"}],"predecessor-version":[{"id":32477,"href":"https:\/\/www.organisator.ch\/de\/wp-json\/wp\/v2\/posts\/25180\/revisions\/32477"}],"wp:attachment":[{"href":"https:\/\/www.organisator.ch\/de\/wp-json\/wp\/v2\/media?parent=25180"}],"wp:term":[{"taxonomy":"category","embeddable":true,"href":"https:\/\/www.organisator.ch\/de\/wp-json\/wp\/v2\/categories?post=25180"},{"taxonomy":"post_tag","embeddable":true,"href":"https:\/\/www.organisator.ch\/de\/wp-json\/wp\/v2\/tags?post=25180"}],"curies":[{"name":"wp","href":"https:\/\/api.w.org\/{rel}","templated":true}]}}