{"id":25234,"date":"2024-02-20T12:52:08","date_gmt":"2024-02-20T11:52:08","guid":{"rendered":"https:\/\/www.m-q.ch\/?p=19314"},"modified":"2024-11-11T16:33:43","modified_gmt":"2024-11-11T15:33:43","slug":"swiss-tecladies-foerderung-junger-frauen-in-der-schweizer-technikwelt","status":"publish","type":"post","link":"https:\/\/www.organisator.ch\/de\/weiterbildung\/2024-02-20\/swiss-tecladies-foerderung-junger-frauen-in-der-schweizer-technikwelt\/","title":{"rendered":"Swiss TecLadies: F\u00f6rderung junger Frauen in der Schweizer Technikwelt"},"content":{"rendered":"<figure id=\"attachment_19321\" class=\"wp-caption alignnone\" style=\"width: 680px\" aria-describedby=\"caption-attachment-19321\"><img class=\"alignnone wp-image-19321 size-full\" src=\"https:\/\/www.m-q.ch\/wp-content\/uploads\/2024\/02\/Swiss-TecLadies_Bild1_ps.jpg\" alt=\"Swiss TecLadies Mentoring\" width=\"680\" height=\"453\" \/>\r\n<figcaption id=\"caption-attachment-19321\" class=\"wp-caption-text\">Das Mentoring-Programm von Swiss TecLadies bietet jungen Frauen die M\u00f6glichkeit, Wissenschaft und Technik zu erforschen. (www.tecladies.ch)<\/figcaption>\r\n<\/figure>\r\n<p>Das Mentoring-Programm von Swiss TecLadies bietet jungen Frauen zwischen 14 und 19 Jahren die M\u00f6glichkeit, Wissenschaft und Technik zu erforschen, indem sie auf verschiedenen Ebenen begleitet werden.\u00a0<\/p>\r\n<h3><strong>100 freie Pl\u00e4tze, um in die Welt der Wissenschaft und Technologie einzutauchen\u00a0<\/strong><\/h3>\r\n<p>Die Anmeldungen f\u00fcr die Ausgabe 2024\/2025 sind vom 19. Februar bis zum 1. April 2024 ge\u00f6ffnet. Um diese einmalige Gelegenheit bekannt zu machen, lanciert Swiss TecLadies eine nationale Kommunikationskampagne, um junge Frauen aus dem ganzen Land dazu einzuladen, sich anzumelden.\u00a0\u00a0<\/p>\r\n<p>W\u00e4hrend sieben Monaten haben die Teilnehmerinnen die M\u00f6glichkeit, von erfahrenen Mentorinnen individuell betreut zu werden und einen Einblick in das Berufsleben zu erhalten. Durch zahlreiche Aktivit\u00e4ten des Programms kann man sich mit der Vielfalt technischer Berufe vertraut machen, w\u00e4hrend man neue F\u00e4higkeiten entwickelt und die Pers\u00f6nlichkeit st\u00e4rkt. Das Mentoring-Programm bietet ausserdem die M\u00f6glichkeit, sich einer Gemeinschaft von motivierten und inspirierenden Frauen aller Altersgruppen anzuschliessen, die in den Bereichen Wissenschaft und Technik aktiv sind, und sich mit anderen jungen Frauen mit \u00e4hnlichen Interessen zu vernetzen.<\/p>\r\n<h3><strong>Engagierte Partner<\/strong>\u00a0<\/h3>\r\n<p>Das Programm wird am 28. September 2024 an der #wetechtogether-Konferenz in Z\u00fcrich lanciert und kommt am 5. April 2025 im Nationalen Sportzentrum in Tenero (TI) zum Abschluss. In diesen sieben Monaten stehen Besuche in Unternehmen und Forschungseinrichtungen auf dem Programm, darunter CSEM (12.11.2024), Google (27.11.2024), CERN (31.01.2025), EPFL (8.03.2025), CSCS, SUPSI, USI und das Ideatorio. Module zur St\u00e4rkung der Pers\u00f6nlichkeit sowie Workshops im Projektmodus (mit Intrinsic in Z\u00fcrich am 1.-2.11.2024 und 10.-11.01.2025) runden das Angebot ab. Die jungen Frauen k\u00f6nnen auch an allen TecDays teilnehmen. TecDays sind Veranstaltungen an Schulen der Sekundarstufe II, die der Technik gewidmet sind.\u00a0<\/p>\r\n<p>Das Programm wird von den Akademien der Wissenschaften Schweiz und der Werner Siemens Stiftung finanziell unterst\u00fctzt.\u00a0<\/p>\r\n<h3><strong>Ein F\u00f6rderprogramm mit Wirkung<\/strong>\u00a0\u00a0<\/h3>\r\n<p>Seit 2018 haben mehr als 250 junge Frauen profitiert: Das Mentoring-Programm unterst\u00fctzt und tr\u00e4gt zum Mentalit\u00e4tswandel bei. Dieser ist fundamental, um Geschlechterstereotypen und damit auch dem Arbeitskr\u00e4ftemangel in technischen Berufen entgegenzuwirken.\u00a0\u00a0<\/p>\r\n<p><em>Quelle und mehr Informationen: <a href=\"https:\/\/www.tecladies.ch\/de\/\">www.tecladies.ch<\/a><\/em><\/p>\n<p class=\"syndicated-attribution\">Dieser Beitrag erschien urspr\u00fcnglich auf m-q.ch - <a href=\"https:\/\/www.m-q.ch\/de\/swiss-tecladies-foerderung-junger-frauen-in-der-schweizer-technikwelt\/\" target=\"_blank\">https:\/\/www.m-q.ch\/de\/swiss-tecladies-foerderung-junger-frauen-in-der-schweizer-technikwelt\/<\/a><\/p>","protected":false},"excerpt":{"rendered":"<p>Swiss TecLadies, das nationale F\u00f6rderprogramm der Schweizerischen Akademie der Technischen Wissenschaften SATW, lanciert die Ausgabe 2024\/2025. Vom 19. Februar bis zum 1. April 2024 werden junge Frauen zwischen 14 und 19 Jahren in der ganzen Schweiz ermutigt, sich f\u00fcr einen der 100 verf\u00fcgbaren Pl\u00e4tze im Mentoring-Programm von Swiss TecLadies anzumelden.<\/p>\n","protected":false},"author":58,"featured_media":0,"comment_status":"closed","ping_status":"closed","sticky":false,"template":"","format":"standard","meta":{"_acf_changed":false,"_yoast_wpseo_focuskw":"Swiss TecLadies Mentoring","_yoast_wpseo_metadesc":"Swiss TecLadies: Mentoring-Programm f\u00fcr junge Frauen in Wissenschaft und Technik. Jetzt anmelden!","articlekey":"","footnotes":""},"categories":[30],"tags":[103,3371,424,475,492],"class_list":["post-25234","post","type-post","status-publish","format-standard","hentry","category-weiterbildung","tag-business-excellence","tag-frauenfoerderung","tag-schweiz","tag-technologie","tag-unternehmen"],"acf":[],"yoast_head":"<!-- This site is optimized with the Yoast SEO plugin v27.5 - https:\/\/yoast.com\/product\/yoast-seo-wordpress\/ -->\n<title>Swiss TecLadies: F\u00f6rderung junger Frauen in der Schweizer Technikwelt - Organisator<\/title>\n<meta name=\"description\" content=\"Swiss TecLadies: Mentoring-Programm f\u00fcr junge Frauen in Wissenschaft und Technik. Jetzt anmelden!\" \/>\n<meta name=\"robots\" content=\"index, follow, max-snippet:-1, max-image-preview:large, max-video-preview:-1\" \/>\n<link rel=\"canonical\" href=\"https:\/\/www.organisator.ch\/de\/weiterbildung\/2024-02-20\/swiss-tecladies-foerderung-junger-frauen-in-der-schweizer-technikwelt\/\" \/>\n<meta property=\"og:locale\" content=\"de_DE\" \/>\n<meta property=\"og:type\" content=\"article\" \/>\n<meta property=\"og:title\" content=\"Swiss TecLadies: F\u00f6rderung junger Frauen in der Schweizer Technikwelt - Organisator\" \/>\n<meta property=\"og:description\" content=\"Swiss TecLadies: Mentoring-Programm f\u00fcr junge Frauen in Wissenschaft und Technik. Jetzt anmelden!\" \/>\n<meta property=\"og:url\" content=\"https:\/\/www.organisator.ch\/de\/weiterbildung\/2024-02-20\/swiss-tecladies-foerderung-junger-frauen-in-der-schweizer-technikwelt\/\" \/>\n<meta property=\"og:site_name\" content=\"Organisator\" \/>\n<meta property=\"article:publisher\" content=\"https:\/\/www.facebook.com\/OrganisatorFachmagazin\" \/>\n<meta property=\"article:published_time\" content=\"2024-02-20T11:52:08+00:00\" \/>\n<meta property=\"article:modified_time\" content=\"2024-11-11T15:33:43+00:00\" \/>\n<meta property=\"og:image\" content=\"https:\/\/www.m-q.ch\/wp-content\/uploads\/2024\/02\/Swiss-TecLadies_Bild1_ps.jpg\" \/>\n<meta name=\"author\" content=\"Adelisa Kalajdzini\" \/>\n<meta name=\"twitter:card\" content=\"summary_large_image\" \/>\n<script type=\"application\/ld+json\" class=\"yoast-schema-graph\">{\"@context\":\"https:\\\/\\\/schema.org\",\"@graph\":[{\"@type\":\"Article\",\"@id\":\"https:\\\/\\\/www.organisator.ch\\\/weiterbildung\\\/2024-02-20\\\/swiss-tecladies-foerderung-junger-frauen-in-der-schweizer-technikwelt\\\/#article\",\"isPartOf\":{\"@id\":\"https:\\\/\\\/www.organisator.ch\\\/weiterbildung\\\/2024-02-20\\\/swiss-tecladies-foerderung-junger-frauen-in-der-schweizer-technikwelt\\\/\"},\"author\":{\"name\":\"Adelisa Kalajdzini\",\"@id\":\"https:\\\/\\\/www.organisator.ch\\\/#\\\/schema\\\/person\\\/2e1314a2172123f874db408d8911d3f3\"},\"headline\":\"Swiss TecLadies: F\u00f6rderung junger Frauen in der Schweizer Technikwelt\",\"datePublished\":\"2024-02-20T11:52:08+00:00\",\"dateModified\":\"2024-11-11T15:33:43+00:00\",\"mainEntityOfPage\":{\"@id\":\"https:\\\/\\\/www.organisator.ch\\\/weiterbildung\\\/2024-02-20\\\/swiss-tecladies-foerderung-junger-frauen-in-der-schweizer-technikwelt\\\/\"},\"wordCount\":356,\"publisher\":{\"@id\":\"https:\\\/\\\/www.organisator.ch\\\/#organization\"},\"image\":{\"@id\":\"https:\\\/\\\/www.organisator.ch\\\/weiterbildung\\\/2024-02-20\\\/swiss-tecladies-foerderung-junger-frauen-in-der-schweizer-technikwelt\\\/#primaryimage\"},\"thumbnailUrl\":\"https:\\\/\\\/www.m-q.ch\\\/wp-content\\\/uploads\\\/2024\\\/02\\\/Swiss-TecLadies_Bild1_ps.jpg\",\"keywords\":[\"Business Excellence\",\"Frauenf\u00f6rderung\",\"Schweiz\",\"Technologie\",\"Unternehmen\"],\"articleSection\":[\"WEITERBILDUNG\"],\"inLanguage\":\"de\"},{\"@type\":\"WebPage\",\"@id\":\"https:\\\/\\\/www.organisator.ch\\\/weiterbildung\\\/2024-02-20\\\/swiss-tecladies-foerderung-junger-frauen-in-der-schweizer-technikwelt\\\/\",\"url\":\"https:\\\/\\\/www.organisator.ch\\\/weiterbildung\\\/2024-02-20\\\/swiss-tecladies-foerderung-junger-frauen-in-der-schweizer-technikwelt\\\/\",\"name\":\"Swiss TecLadies: F\u00f6rderung junger Frauen in der Schweizer Technikwelt - Organisator\",\"isPartOf\":{\"@id\":\"https:\\\/\\\/www.organisator.ch\\\/#website\"},\"primaryImageOfPage\":{\"@id\":\"https:\\\/\\\/www.organisator.ch\\\/weiterbildung\\\/2024-02-20\\\/swiss-tecladies-foerderung-junger-frauen-in-der-schweizer-technikwelt\\\/#primaryimage\"},\"image\":{\"@id\":\"https:\\\/\\\/www.organisator.ch\\\/weiterbildung\\\/2024-02-20\\\/swiss-tecladies-foerderung-junger-frauen-in-der-schweizer-technikwelt\\\/#primaryimage\"},\"thumbnailUrl\":\"https:\\\/\\\/www.m-q.ch\\\/wp-content\\\/uploads\\\/2024\\\/02\\\/Swiss-TecLadies_Bild1_ps.jpg\",\"datePublished\":\"2024-02-20T11:52:08+00:00\",\"dateModified\":\"2024-11-11T15:33:43+00:00\",\"description\":\"Swiss TecLadies: Mentoring-Programm f\u00fcr junge Frauen in Wissenschaft und Technik. Jetzt anmelden!\",\"breadcrumb\":{\"@id\":\"https:\\\/\\\/www.organisator.ch\\\/weiterbildung\\\/2024-02-20\\\/swiss-tecladies-foerderung-junger-frauen-in-der-schweizer-technikwelt\\\/#breadcrumb\"},\"inLanguage\":\"de\",\"potentialAction\":[{\"@type\":\"ReadAction\",\"target\":[\"https:\\\/\\\/www.organisator.ch\\\/weiterbildung\\\/2024-02-20\\\/swiss-tecladies-foerderung-junger-frauen-in-der-schweizer-technikwelt\\\/\"]}]},{\"@type\":\"ImageObject\",\"inLanguage\":\"de\",\"@id\":\"https:\\\/\\\/www.organisator.ch\\\/weiterbildung\\\/2024-02-20\\\/swiss-tecladies-foerderung-junger-frauen-in-der-schweizer-technikwelt\\\/#primaryimage\",\"url\":\"https:\\\/\\\/www.m-q.ch\\\/wp-content\\\/uploads\\\/2024\\\/02\\\/Swiss-TecLadies_Bild1_ps.jpg\",\"contentUrl\":\"https:\\\/\\\/www.m-q.ch\\\/wp-content\\\/uploads\\\/2024\\\/02\\\/Swiss-TecLadies_Bild1_ps.jpg\"},{\"@type\":\"BreadcrumbList\",\"@id\":\"https:\\\/\\\/www.organisator.ch\\\/weiterbildung\\\/2024-02-20\\\/swiss-tecladies-foerderung-junger-frauen-in-der-schweizer-technikwelt\\\/#breadcrumb\",\"itemListElement\":[{\"@type\":\"ListItem\",\"position\":1,\"name\":\"Home\",\"item\":\"https:\\\/\\\/www.organisator.ch\\\/\"},{\"@type\":\"ListItem\",\"position\":2,\"name\":\"Swiss TecLadies: F\u00f6rderung junger Frauen in der Schweizer Technikwelt\"}]},{\"@type\":\"WebSite\",\"@id\":\"https:\\\/\\\/www.organisator.ch\\\/#website\",\"url\":\"https:\\\/\\\/www.organisator.ch\\\/\",\"name\":\"Organisator\",\"description\":\"Kompetent. Praxisnah. Der ORGANISATOR bereitet in 10 Ausgaben pro Jahr die wesentlichen Themen f\u00fcr F\u00fchrungskr\u00e4fte von KMU auf.\",\"publisher\":{\"@id\":\"https:\\\/\\\/www.organisator.ch\\\/#organization\"},\"potentialAction\":[{\"@type\":\"SearchAction\",\"target\":{\"@type\":\"EntryPoint\",\"urlTemplate\":\"https:\\\/\\\/www.organisator.ch\\\/?s={search_term_string}\"},\"query-input\":{\"@type\":\"PropertyValueSpecification\",\"valueRequired\":true,\"valueName\":\"search_term_string\"}}],\"inLanguage\":\"de\"},{\"@type\":\"Organization\",\"@id\":\"https:\\\/\\\/www.organisator.ch\\\/#organization\",\"name\":\"Organisator\",\"url\":\"https:\\\/\\\/www.organisator.ch\\\/\",\"logo\":{\"@type\":\"ImageObject\",\"inLanguage\":\"de\",\"@id\":\"https:\\\/\\\/www.organisator.ch\\\/#\\\/schema\\\/logo\\\/image\\\/\",\"url\":\"https:\\\/\\\/www.organisator.ch\\\/wp-content\\\/uploads\\\/2022\\\/01\\\/Logo_Organisator_Website.png\",\"contentUrl\":\"https:\\\/\\\/www.organisator.ch\\\/wp-content\\\/uploads\\\/2022\\\/01\\\/Logo_Organisator_Website.png\",\"width\":800,\"height\":77,\"caption\":\"Organisator\"},\"image\":{\"@id\":\"https:\\\/\\\/www.organisator.ch\\\/#\\\/schema\\\/logo\\\/image\\\/\"},\"sameAs\":[\"https:\\\/\\\/www.facebook.com\\\/OrganisatorFachmagazin\",\"https:\\\/\\\/www.linkedin.com\\\/showcase\\\/organisator-das-magazin-fr-kmu\",\"https:\\\/\\\/www.xing.com\\\/news\\\/pages\\\/organisator-ch-695\",\"https:\\\/\\\/www.youtube.com\\\/channel\\\/UCGP2Sq0iWaZwT3BdIAQFYpw\"]},{\"@type\":\"Person\",\"@id\":\"https:\\\/\\\/www.organisator.ch\\\/#\\\/schema\\\/person\\\/2e1314a2172123f874db408d8911d3f3\",\"name\":\"Adelisa Kalajdzini\",\"image\":{\"@type\":\"ImageObject\",\"inLanguage\":\"de\",\"@id\":\"https:\\\/\\\/secure.gravatar.com\\\/avatar\\\/09a397c22ac58cad6f160ee8306348599df9df58a8ede73696226897b9fa4b24?s=96&d=mm&r=g\",\"url\":\"https:\\\/\\\/secure.gravatar.com\\\/avatar\\\/09a397c22ac58cad6f160ee8306348599df9df58a8ede73696226897b9fa4b24?s=96&d=mm&r=g\",\"contentUrl\":\"https:\\\/\\\/secure.gravatar.com\\\/avatar\\\/09a397c22ac58cad6f160ee8306348599df9df58a8ede73696226897b9fa4b24?s=96&d=mm&r=g\",\"caption\":\"Adelisa Kalajdzini\"},\"url\":\"https:\\\/\\\/www.organisator.ch\\\/de\\\/author\\\/adelisa-kalajdzini\\\/\"}]}<\/script>\n<!-- \/ Yoast SEO plugin. -->","yoast_head_json":{"title":"Swiss TecLadies: F\u00f6rderung junger Frauen in der Schweizer Technikwelt - Organisator","description":"Swiss TecLadies: Mentoring-Programm f\u00fcr junge Frauen in Wissenschaft und Technik. Jetzt anmelden!","robots":{"index":"index","follow":"follow","max-snippet":"max-snippet:-1","max-image-preview":"max-image-preview:large","max-video-preview":"max-video-preview:-1"},"canonical":"https:\/\/www.organisator.ch\/de\/weiterbildung\/2024-02-20\/swiss-tecladies-foerderung-junger-frauen-in-der-schweizer-technikwelt\/","og_locale":"de_DE","og_type":"article","og_title":"Swiss TecLadies: F\u00f6rderung junger Frauen in der Schweizer Technikwelt - Organisator","og_description":"Swiss TecLadies: Mentoring-Programm f\u00fcr junge Frauen in Wissenschaft und Technik. Jetzt anmelden!","og_url":"https:\/\/www.organisator.ch\/de\/weiterbildung\/2024-02-20\/swiss-tecladies-foerderung-junger-frauen-in-der-schweizer-technikwelt\/","og_site_name":"Organisator","article_publisher":"https:\/\/www.facebook.com\/OrganisatorFachmagazin","article_published_time":"2024-02-20T11:52:08+00:00","article_modified_time":"2024-11-11T15:33:43+00:00","og_image":[{"url":"https:\/\/www.m-q.ch\/wp-content\/uploads\/2024\/02\/Swiss-TecLadies_Bild1_ps.jpg","type":"","width":"","height":""}],"author":"Adelisa Kalajdzini","twitter_card":"summary_large_image","schema":{"@context":"https:\/\/schema.org","@graph":[{"@type":"Article","@id":"https:\/\/www.organisator.ch\/weiterbildung\/2024-02-20\/swiss-tecladies-foerderung-junger-frauen-in-der-schweizer-technikwelt\/#article","isPartOf":{"@id":"https:\/\/www.organisator.ch\/weiterbildung\/2024-02-20\/swiss-tecladies-foerderung-junger-frauen-in-der-schweizer-technikwelt\/"},"author":{"name":"Adelisa Kalajdzini","@id":"https:\/\/www.organisator.ch\/#\/schema\/person\/2e1314a2172123f874db408d8911d3f3"},"headline":"Swiss TecLadies: F\u00f6rderung junger Frauen in der Schweizer Technikwelt","datePublished":"2024-02-20T11:52:08+00:00","dateModified":"2024-11-11T15:33:43+00:00","mainEntityOfPage":{"@id":"https:\/\/www.organisator.ch\/weiterbildung\/2024-02-20\/swiss-tecladies-foerderung-junger-frauen-in-der-schweizer-technikwelt\/"},"wordCount":356,"publisher":{"@id":"https:\/\/www.organisator.ch\/#organization"},"image":{"@id":"https:\/\/www.organisator.ch\/weiterbildung\/2024-02-20\/swiss-tecladies-foerderung-junger-frauen-in-der-schweizer-technikwelt\/#primaryimage"},"thumbnailUrl":"https:\/\/www.m-q.ch\/wp-content\/uploads\/2024\/02\/Swiss-TecLadies_Bild1_ps.jpg","keywords":["Business Excellence","Frauenf\u00f6rderung","Schweiz","Technologie","Unternehmen"],"articleSection":["WEITERBILDUNG"],"inLanguage":"de"},{"@type":"WebPage","@id":"https:\/\/www.organisator.ch\/weiterbildung\/2024-02-20\/swiss-tecladies-foerderung-junger-frauen-in-der-schweizer-technikwelt\/","url":"https:\/\/www.organisator.ch\/weiterbildung\/2024-02-20\/swiss-tecladies-foerderung-junger-frauen-in-der-schweizer-technikwelt\/","name":"Swiss TecLadies: F\u00f6rderung junger Frauen in der Schweizer Technikwelt - Organisator","isPartOf":{"@id":"https:\/\/www.organisator.ch\/#website"},"primaryImageOfPage":{"@id":"https:\/\/www.organisator.ch\/weiterbildung\/2024-02-20\/swiss-tecladies-foerderung-junger-frauen-in-der-schweizer-technikwelt\/#primaryimage"},"image":{"@id":"https:\/\/www.organisator.ch\/weiterbildung\/2024-02-20\/swiss-tecladies-foerderung-junger-frauen-in-der-schweizer-technikwelt\/#primaryimage"},"thumbnailUrl":"https:\/\/www.m-q.ch\/wp-content\/uploads\/2024\/02\/Swiss-TecLadies_Bild1_ps.jpg","datePublished":"2024-02-20T11:52:08+00:00","dateModified":"2024-11-11T15:33:43+00:00","description":"Swiss TecLadies: Mentoring-Programm f\u00fcr junge Frauen in Wissenschaft und Technik. Jetzt anmelden!","breadcrumb":{"@id":"https:\/\/www.organisator.ch\/weiterbildung\/2024-02-20\/swiss-tecladies-foerderung-junger-frauen-in-der-schweizer-technikwelt\/#breadcrumb"},"inLanguage":"de","potentialAction":[{"@type":"ReadAction","target":["https:\/\/www.organisator.ch\/weiterbildung\/2024-02-20\/swiss-tecladies-foerderung-junger-frauen-in-der-schweizer-technikwelt\/"]}]},{"@type":"ImageObject","inLanguage":"de","@id":"https:\/\/www.organisator.ch\/weiterbildung\/2024-02-20\/swiss-tecladies-foerderung-junger-frauen-in-der-schweizer-technikwelt\/#primaryimage","url":"https:\/\/www.m-q.ch\/wp-content\/uploads\/2024\/02\/Swiss-TecLadies_Bild1_ps.jpg","contentUrl":"https:\/\/www.m-q.ch\/wp-content\/uploads\/2024\/02\/Swiss-TecLadies_Bild1_ps.jpg"},{"@type":"BreadcrumbList","@id":"https:\/\/www.organisator.ch\/weiterbildung\/2024-02-20\/swiss-tecladies-foerderung-junger-frauen-in-der-schweizer-technikwelt\/#breadcrumb","itemListElement":[{"@type":"ListItem","position":1,"name":"Home","item":"https:\/\/www.organisator.ch\/"},{"@type":"ListItem","position":2,"name":"Swiss TecLadies: F\u00f6rderung junger Frauen in der Schweizer Technikwelt"}]},{"@type":"WebSite","@id":"https:\/\/www.organisator.ch\/#website","url":"https:\/\/www.organisator.ch\/","name":"Organisator","description":"Kompetent. Praxisnah. Der ORGANISATOR bereitet in 10 Ausgaben pro Jahr die wesentlichen Themen f\u00fcr F\u00fchrungskr\u00e4fte von KMU auf.","publisher":{"@id":"https:\/\/www.organisator.ch\/#organization"},"potentialAction":[{"@type":"SearchAction","target":{"@type":"EntryPoint","urlTemplate":"https:\/\/www.organisator.ch\/?s={search_term_string}"},"query-input":{"@type":"PropertyValueSpecification","valueRequired":true,"valueName":"search_term_string"}}],"inLanguage":"de"},{"@type":"Organization","@id":"https:\/\/www.organisator.ch\/#organization","name":"Organisator","url":"https:\/\/www.organisator.ch\/","logo":{"@type":"ImageObject","inLanguage":"de","@id":"https:\/\/www.organisator.ch\/#\/schema\/logo\/image\/","url":"https:\/\/www.organisator.ch\/wp-content\/uploads\/2022\/01\/Logo_Organisator_Website.png","contentUrl":"https:\/\/www.organisator.ch\/wp-content\/uploads\/2022\/01\/Logo_Organisator_Website.png","width":800,"height":77,"caption":"Organisator"},"image":{"@id":"https:\/\/www.organisator.ch\/#\/schema\/logo\/image\/"},"sameAs":["https:\/\/www.facebook.com\/OrganisatorFachmagazin","https:\/\/www.linkedin.com\/showcase\/organisator-das-magazin-fr-kmu","https:\/\/www.xing.com\/news\/pages\/organisator-ch-695","https:\/\/www.youtube.com\/channel\/UCGP2Sq0iWaZwT3BdIAQFYpw"]},{"@type":"Person","@id":"https:\/\/www.organisator.ch\/#\/schema\/person\/2e1314a2172123f874db408d8911d3f3","name":"Adelisa Kalajdzini","image":{"@type":"ImageObject","inLanguage":"de","@id":"https:\/\/secure.gravatar.com\/avatar\/09a397c22ac58cad6f160ee8306348599df9df58a8ede73696226897b9fa4b24?s=96&d=mm&r=g","url":"https:\/\/secure.gravatar.com\/avatar\/09a397c22ac58cad6f160ee8306348599df9df58a8ede73696226897b9fa4b24?s=96&d=mm&r=g","contentUrl":"https:\/\/secure.gravatar.com\/avatar\/09a397c22ac58cad6f160ee8306348599df9df58a8ede73696226897b9fa4b24?s=96&d=mm&r=g","caption":"Adelisa Kalajdzini"},"url":"https:\/\/www.organisator.ch\/de\/author\/adelisa-kalajdzini\/"}]}},"_links":{"self":[{"href":"https:\/\/www.organisator.ch\/de\/wp-json\/wp\/v2\/posts\/25234","targetHints":{"allow":["GET"]}}],"collection":[{"href":"https:\/\/www.organisator.ch\/de\/wp-json\/wp\/v2\/posts"}],"about":[{"href":"https:\/\/www.organisator.ch\/de\/wp-json\/wp\/v2\/types\/post"}],"author":[{"embeddable":true,"href":"https:\/\/www.organisator.ch\/de\/wp-json\/wp\/v2\/users\/58"}],"replies":[{"embeddable":true,"href":"https:\/\/www.organisator.ch\/de\/wp-json\/wp\/v2\/comments?post=25234"}],"version-history":[{"count":6,"href":"https:\/\/www.organisator.ch\/de\/wp-json\/wp\/v2\/posts\/25234\/revisions"}],"predecessor-version":[{"id":32473,"href":"https:\/\/www.organisator.ch\/de\/wp-json\/wp\/v2\/posts\/25234\/revisions\/32473"}],"wp:attachment":[{"href":"https:\/\/www.organisator.ch\/de\/wp-json\/wp\/v2\/media?parent=25234"}],"wp:term":[{"taxonomy":"category","embeddable":true,"href":"https:\/\/www.organisator.ch\/de\/wp-json\/wp\/v2\/categories?post=25234"},{"taxonomy":"post_tag","embeddable":true,"href":"https:\/\/www.organisator.ch\/de\/wp-json\/wp\/v2\/tags?post=25234"}],"curies":[{"name":"wp","href":"https:\/\/api.w.org\/{rel}","templated":true}]}}