{"id":2525,"date":"2017-10-04T07:57:20","date_gmt":"2017-10-04T05:57:20","guid":{"rendered":"https:\/\/www.organisator.ch\/?p=2525"},"modified":"2017-10-04T07:57:20","modified_gmt":"2017-10-04T05:57:20","slug":"cloud-computing-kmu-mit-hoher-maturitaet","status":"publish","type":"post","link":"https:\/\/www.organisator.ch\/de\/management\/it\/2017-10-04\/cloud-computing-kmu-mit-hoher-maturitaet\/","title":{"rendered":"Cloud Computing: KMU mit hoher Maturit\u00e4t"},"content":{"rendered":"<figure id=\"attachment_2526\" aria-describedby=\"caption-attachment-2526\" style=\"width: 480px\" class=\"wp-caption alignnone\"><img loading=\"lazy\" decoding=\"async\" class=\"size-full wp-image-2526\" src=\"https:\/\/www.organisator.ch\/wp-content\/uploads\/2017\/10\/Cloud-Computing-KMU-mit-hoher-Maturitaet-1_Organisator.jpg\" alt=\"\" width=\"480\" height=\"480\" srcset=\"https:\/\/www.organisator.ch\/wp-content\/uploads\/2017\/10\/Cloud-Computing-KMU-mit-hoher-Maturitaet-1_Organisator.jpg 480w, https:\/\/www.organisator.ch\/wp-content\/uploads\/2017\/10\/Cloud-Computing-KMU-mit-hoher-Maturitaet-1_Organisator-150x150.jpg 150w, https:\/\/www.organisator.ch\/wp-content\/uploads\/2017\/10\/Cloud-Computing-KMU-mit-hoher-Maturitaet-1_Organisator-12x12.jpg 12w, https:\/\/www.organisator.ch\/wp-content\/uploads\/2017\/10\/Cloud-Computing-KMU-mit-hoher-Maturitaet-1_Organisator-175x175.jpg 175w, https:\/\/www.organisator.ch\/wp-content\/uploads\/2017\/10\/Cloud-Computing-KMU-mit-hoher-Maturitaet-1_Organisator-350x350.jpg 350w, https:\/\/www.organisator.ch\/wp-content\/uploads\/2017\/10\/Cloud-Computing-KMU-mit-hoher-Maturitaet-1_Organisator-250x250.jpg 250w, https:\/\/www.organisator.ch\/wp-content\/uploads\/2017\/10\/Cloud-Computing-KMU-mit-hoher-Maturitaet-1_Organisator-300x300.jpg 300w, https:\/\/www.organisator.ch\/wp-content\/uploads\/2017\/10\/Cloud-Computing-KMU-mit-hoher-Maturitaet-1_Organisator-100x100.jpg 100w\" sizes=\"auto, (max-width: 480px) 100vw, 480px\" \/><figcaption id=\"caption-attachment-2526\" class=\"wp-caption-text\">Beim Cloud Computing haben kleinere Unternehmen bereits einen hohen Reifegrad. (Bild: Fotolia.com)<\/figcaption><\/figure>\n<p>Wie bereitet sich die IT vor, um das Unternehmen optimal bei der Digitalen Transformation zu unterst\u00fctzen? Wie intensiv arbeiten Business und IT zusammen und wie steht es um die Motivation f\u00fcr den Cloud-Einsatz? Ist die Digitale Transformation ohne Cloud tats\u00e4chlich nicht m\u00f6glich oder werden diese Begriffe nur gemeinsam vermarktet, ohne etwas gemeinsam zu haben? Solche und \u00e4hnliche Fragen wurden in der vom Kompetenzschwerpunkt Cloud Computing der Hochschule f\u00fcr Wirtschaft FHNW unter der Leitung von Prof. Dr. Stella Gatziu Grivas initiierten Studie angegangen. Befragt wurden CIOs verschiedener Branchen.<\/p>\n<h2><strong>Die FHNW Maturit\u00e4tsmodelle als Basis<\/strong><\/h2>\n<p>In ausf\u00fchrlichen Gespr\u00e4chen konnten qualitativ hochwertige Ergebnisse generiert werden. Als Grundlage dienten das FHNW Cloud Maturit\u00e4tsmodell und das FHNW Unternehmens-IT Maturit\u00e4tsmodell, die als Online-Tools zur Verf\u00fcgung stehen. Die gemeinsame Verwendung der beiden Modelle gaben Aufschluss \u00fcber Querbez\u00fcge und Wechselwirkungen zwischen den einzelnen Bereichen.<\/p>\n<figure id=\"attachment_2527\" aria-describedby=\"caption-attachment-2527\" style=\"width: 680px\" class=\"wp-caption alignnone\"><img loading=\"lazy\" decoding=\"async\" class=\"size-medium wp-image-2527\" src=\"https:\/\/www.organisator.ch\/wp-content\/uploads\/2017\/10\/Cloud-Computing-KMU-mit-hoher-Maturitaet-2_Organisator.jpg\" alt=\"\" width=\"680\" height=\"391\" srcset=\"https:\/\/www.organisator.ch\/wp-content\/uploads\/2017\/10\/Cloud-Computing-KMU-mit-hoher-Maturitaet-2_Organisator.jpg 1923w, https:\/\/www.organisator.ch\/wp-content\/uploads\/2017\/10\/Cloud-Computing-KMU-mit-hoher-Maturitaet-2_Organisator-680x391.jpg 680w, https:\/\/www.organisator.ch\/wp-content\/uploads\/2017\/10\/Cloud-Computing-KMU-mit-hoher-Maturitaet-2_Organisator-1024x588.jpg 1024w, https:\/\/www.organisator.ch\/wp-content\/uploads\/2017\/10\/Cloud-Computing-KMU-mit-hoher-Maturitaet-2_Organisator-768x441.jpg 768w, https:\/\/www.organisator.ch\/wp-content\/uploads\/2017\/10\/Cloud-Computing-KMU-mit-hoher-Maturitaet-2_Organisator-1536x883.jpg 1536w, https:\/\/www.organisator.ch\/wp-content\/uploads\/2017\/10\/Cloud-Computing-KMU-mit-hoher-Maturitaet-2_Organisator-16x9.jpg 16w, https:\/\/www.organisator.ch\/wp-content\/uploads\/2017\/10\/Cloud-Computing-KMU-mit-hoher-Maturitaet-2_Organisator-305x175.jpg 305w, https:\/\/www.organisator.ch\/wp-content\/uploads\/2017\/10\/Cloud-Computing-KMU-mit-hoher-Maturitaet-2_Organisator-609x350.jpg 609w, https:\/\/www.organisator.ch\/wp-content\/uploads\/2017\/10\/Cloud-Computing-KMU-mit-hoher-Maturitaet-2_Organisator-1392x800.jpg 1392w, https:\/\/www.organisator.ch\/wp-content\/uploads\/2017\/10\/Cloud-Computing-KMU-mit-hoher-Maturitaet-2_Organisator-920x529.jpg 920w, https:\/\/www.organisator.ch\/wp-content\/uploads\/2017\/10\/Cloud-Computing-KMU-mit-hoher-Maturitaet-2_Organisator-1400x804.jpg 1400w, https:\/\/www.organisator.ch\/wp-content\/uploads\/2017\/10\/Cloud-Computing-KMU-mit-hoher-Maturitaet-2_Organisator-300x172.jpg 300w\" sizes=\"auto, (max-width: 680px) 100vw, 680px\" \/><figcaption id=\"caption-attachment-2527\" class=\"wp-caption-text\">Reifegrade des FHNW Cloud Maturit\u00e4tsmodells (Grafik: FHNW)<\/figcaption><\/figure>\n<h2><strong>Kleinere Unternehmen mit h\u00f6herer Maturit\u00e4t <\/strong><\/h2>\n<p>Die befragten Unternehmen weisen sowohl f\u00fcr die Cloud Maturit\u00e4t als auch f\u00fcr die Maturit\u00e4t der Unternehmens-IT zufriedenstellende Endresultate auf. Bei den kleineren Unternehmen zeichnet sich klar eine h\u00f6here Maturit\u00e4t ab. Unternehmen mit zwischen 250 und 1000 Mitarbeitern haben jedoch Nachholbedarf. Unternehmen mit einer hohen Cloud Maturit\u00e4t verf\u00fcgen zudem auch \u00fcber eine Unternehmens-IT mit einer hohen Maturit\u00e4t.<\/p>\n<h2><strong>Rolle der Gesch\u00e4ftsleitung entscheidend <\/strong><\/h2>\n<p>Die Mehrheit (ca. 80 Prozent) der befragten CIOs sagten aus, dass eine Digitale Transformation ohne Cloud nicht erreicht werden kann. Ca. 10 Prozent sind jedoch der Meinung, dass Cloud und Digitale Transformation nichts gemeinsam haben und nur gemeinsam vermarket werden. In Unternehmen, in denen die Gesch\u00e4ftsleitung den Digitalisierungsprozess unterst\u00fctzt und entscheidende Impulse liefert, werden Cloud-Technologien klar eingesetzt, um die IT agiler zu machen und die Gesch\u00e4ftsentwicklung voranzutreiben. Cloud Computing wird als Innovationstreiber gesehen, eine Kosteneinsparung ist nicht das prim\u00e4re Ziel.\u00a0 Die Ergebnisse zeigen auch, dass eine strategische Positionierung der Cloud im Gange ist. Etwa 2\/3 der befragten CIOs haben eine Cloud-Strategie definiert, die bereits umgesetzt wird oder sind dabei, diese zu entwickeln.<\/p>\n<p><em>Quelle: <a href=\"http:\/\/www.fhnw.ch\/wirtschaft\">www.fhnw.ch\/wirtschaft<\/a>\u00a0<\/em><\/p>\n","protected":false},"excerpt":{"rendered":"<p>Wie bereitet sich die IT vor, um das Unternehmen optimal bei der Digitalen Transformation zu unterst\u00fctzen? Wie intensiv arbeiten Business und IT zusammen und wie steht es um die Motivation f\u00fcr den Cloud-Einsatz? Ist die Digitale Transformation ohne Cloud tats\u00e4chlich nicht m\u00f6glich oder werden diese Begriffe nur gemeinsam vermarktet, ohne etwas gemeinsam zu haben? Solche [&hellip;]<\/p>\n","protected":false},"author":4,"featured_media":2526,"comment_status":"open","ping_status":"open","sticky":false,"template":"","format":"standard","meta":{"_acf_changed":false,"_yoast_wpseo_focuskw":"Cloud Computing","_yoast_wpseo_metadesc":"Eine neue Studie der FHNW hat CIOs zu Themen rund um Cloud Computing, Digitalisierung und Transformation befragt.","articlekey":"","footnotes":""},"categories":[27],"tags":[123,156,286,459],"class_list":["post-2525","post","type-post","status-publish","format-standard","has-post-thumbnail","hentry","category-it","tag-cloud-computing","tag-digitalisierung","tag-it","tag-studie"],"acf":[],"yoast_head":"<!-- This site is optimized with the Yoast SEO plugin v27.5 - https:\/\/yoast.com\/product\/yoast-seo-wordpress\/ -->\n<title>Cloud Computing: KMU mit hoher Maturit\u00e4t - Organisator<\/title>\n<meta name=\"description\" content=\"Eine neue Studie der FHNW hat CIOs zu Themen rund um Cloud Computing, Digitalisierung und Transformation befragt.\" \/>\n<meta name=\"robots\" content=\"index, follow, max-snippet:-1, max-image-preview:large, max-video-preview:-1\" \/>\n<link rel=\"canonical\" href=\"https:\/\/www.organisator.ch\/de\/management\/it\/2017-10-04\/cloud-computing-kmu-mit-hoher-maturitaet\/\" \/>\n<meta property=\"og:locale\" content=\"de_DE\" \/>\n<meta property=\"og:type\" content=\"article\" \/>\n<meta property=\"og:title\" content=\"Cloud Computing: KMU mit hoher Maturit\u00e4t\" \/>\n<meta property=\"og:description\" content=\"Beim digitalen Wandel spielt die Einstellung der Gesch\u00e4ftsleitung eine entscheidende Rolle. Eine neue Studie der #FHNW hat CIOs zu Themen rund um #Cloud Computing, #Digitalisierung und #Transformation befragt.\" \/>\n<meta property=\"og:url\" content=\"https:\/\/www.organisator.ch\/de\/management\/it\/2017-10-04\/cloud-computing-kmu-mit-hoher-maturitaet\/\" \/>\n<meta property=\"og:site_name\" content=\"Organisator\" \/>\n<meta property=\"article:publisher\" content=\"https:\/\/www.facebook.com\/OrganisatorFachmagazin\" \/>\n<meta property=\"article:published_time\" content=\"2017-10-04T05:57:20+00:00\" \/>\n<meta property=\"og:image\" content=\"https:\/\/www.organisator.ch\/wp-content\/uploads\/2017\/10\/Cloud-Computing-KMU-mit-hoher-Maturitaet-1_Organisator.jpg\" \/>\n\t<meta property=\"og:image:width\" content=\"480\" \/>\n\t<meta property=\"og:image:height\" content=\"480\" \/>\n\t<meta property=\"og:image:type\" content=\"image\/jpeg\" \/>\n<meta name=\"author\" content=\"thomas.berner\" \/>\n<meta name=\"twitter:card\" content=\"summary_large_image\" \/>\n<meta name=\"twitter:title\" content=\"Cloud Computing: KMU mit hoher Maturit\u00e4t #CloudComputing\" \/>\n<meta name=\"twitter:description\" content=\"Beim digitalen Wandel spielt die Einstellung der Gesch\u00e4ftsleitung eine entscheidende Rolle. Eine neue Studie der #FHNW hat CIOs zu Themen rund um #Cloud Computing, #Digitalisierung und #Transformation befragt.\" \/>\n<meta name=\"twitter:image\" content=\"https:\/\/www.organisator.ch\/wp-content\/uploads\/2017\/10\/Cloud-Computing-KMU-mit-hoher-Maturit\u00e4t-1_Organisator.jpg\" \/>\n<script type=\"application\/ld+json\" class=\"yoast-schema-graph\">{\"@context\":\"https:\\\/\\\/schema.org\",\"@graph\":[{\"@type\":\"Article\",\"@id\":\"https:\\\/\\\/www.organisator.ch\\\/management\\\/it\\\/2017-10-04\\\/cloud-computing-kmu-mit-hoher-maturitaet\\\/#article\",\"isPartOf\":{\"@id\":\"https:\\\/\\\/www.organisator.ch\\\/management\\\/it\\\/2017-10-04\\\/cloud-computing-kmu-mit-hoher-maturitaet\\\/\"},\"author\":{\"name\":\"thomas.berner\",\"@id\":\"https:\\\/\\\/www.organisator.ch\\\/#\\\/schema\\\/person\\\/6f650f90b2842cd4c0cc334b4e36f67e\"},\"headline\":\"Cloud Computing: KMU mit hoher Maturit\u00e4t\",\"datePublished\":\"2017-10-04T05:57:20+00:00\",\"mainEntityOfPage\":{\"@id\":\"https:\\\/\\\/www.organisator.ch\\\/management\\\/it\\\/2017-10-04\\\/cloud-computing-kmu-mit-hoher-maturitaet\\\/\"},\"wordCount\":382,\"commentCount\":0,\"publisher\":{\"@id\":\"https:\\\/\\\/www.organisator.ch\\\/#organization\"},\"image\":{\"@id\":\"https:\\\/\\\/www.organisator.ch\\\/management\\\/it\\\/2017-10-04\\\/cloud-computing-kmu-mit-hoher-maturitaet\\\/#primaryimage\"},\"thumbnailUrl\":\"https:\\\/\\\/www.organisator.ch\\\/wp-content\\\/uploads\\\/2017\\\/10\\\/Cloud-Computing-KMU-mit-hoher-Maturitaet-1_Organisator.jpg\",\"keywords\":[\"Cloud Computing\",\"Digitalisierung\",\"IT\",\"Studie\"],\"articleSection\":[\"IT\"],\"inLanguage\":\"de\"},{\"@type\":\"WebPage\",\"@id\":\"https:\\\/\\\/www.organisator.ch\\\/management\\\/it\\\/2017-10-04\\\/cloud-computing-kmu-mit-hoher-maturitaet\\\/\",\"url\":\"https:\\\/\\\/www.organisator.ch\\\/management\\\/it\\\/2017-10-04\\\/cloud-computing-kmu-mit-hoher-maturitaet\\\/\",\"name\":\"Cloud Computing: KMU mit hoher Maturit\u00e4t - Organisator\",\"isPartOf\":{\"@id\":\"https:\\\/\\\/www.organisator.ch\\\/#website\"},\"primaryImageOfPage\":{\"@id\":\"https:\\\/\\\/www.organisator.ch\\\/management\\\/it\\\/2017-10-04\\\/cloud-computing-kmu-mit-hoher-maturitaet\\\/#primaryimage\"},\"image\":{\"@id\":\"https:\\\/\\\/www.organisator.ch\\\/management\\\/it\\\/2017-10-04\\\/cloud-computing-kmu-mit-hoher-maturitaet\\\/#primaryimage\"},\"thumbnailUrl\":\"https:\\\/\\\/www.organisator.ch\\\/wp-content\\\/uploads\\\/2017\\\/10\\\/Cloud-Computing-KMU-mit-hoher-Maturitaet-1_Organisator.jpg\",\"datePublished\":\"2017-10-04T05:57:20+00:00\",\"description\":\"Eine neue Studie der FHNW hat CIOs zu Themen rund um Cloud Computing, Digitalisierung und Transformation befragt.\",\"breadcrumb\":{\"@id\":\"https:\\\/\\\/www.organisator.ch\\\/management\\\/it\\\/2017-10-04\\\/cloud-computing-kmu-mit-hoher-maturitaet\\\/#breadcrumb\"},\"inLanguage\":\"de\",\"potentialAction\":[{\"@type\":\"ReadAction\",\"target\":[\"https:\\\/\\\/www.organisator.ch\\\/management\\\/it\\\/2017-10-04\\\/cloud-computing-kmu-mit-hoher-maturitaet\\\/\"]}]},{\"@type\":\"ImageObject\",\"inLanguage\":\"de\",\"@id\":\"https:\\\/\\\/www.organisator.ch\\\/management\\\/it\\\/2017-10-04\\\/cloud-computing-kmu-mit-hoher-maturitaet\\\/#primaryimage\",\"url\":\"https:\\\/\\\/www.organisator.ch\\\/wp-content\\\/uploads\\\/2017\\\/10\\\/Cloud-Computing-KMU-mit-hoher-Maturitaet-1_Organisator.jpg\",\"contentUrl\":\"https:\\\/\\\/www.organisator.ch\\\/wp-content\\\/uploads\\\/2017\\\/10\\\/Cloud-Computing-KMU-mit-hoher-Maturitaet-1_Organisator.jpg\",\"width\":480,\"height\":480,\"caption\":\"Beim Cloud Computing haben kleinere Unternehmen bereits einen hohen Reifegrad. (Bild: Fotolia.com)\"},{\"@type\":\"BreadcrumbList\",\"@id\":\"https:\\\/\\\/www.organisator.ch\\\/management\\\/it\\\/2017-10-04\\\/cloud-computing-kmu-mit-hoher-maturitaet\\\/#breadcrumb\",\"itemListElement\":[{\"@type\":\"ListItem\",\"position\":1,\"name\":\"Home\",\"item\":\"https:\\\/\\\/www.organisator.ch\\\/\"},{\"@type\":\"ListItem\",\"position\":2,\"name\":\"Cloud Computing: KMU mit hoher Maturit\u00e4t\"}]},{\"@type\":\"WebSite\",\"@id\":\"https:\\\/\\\/www.organisator.ch\\\/#website\",\"url\":\"https:\\\/\\\/www.organisator.ch\\\/\",\"name\":\"Organisator\",\"description\":\"Kompetent. Praxisnah. Der ORGANISATOR bereitet in 10 Ausgaben pro Jahr die wesentlichen Themen f\u00fcr F\u00fchrungskr\u00e4fte von KMU auf.\",\"publisher\":{\"@id\":\"https:\\\/\\\/www.organisator.ch\\\/#organization\"},\"potentialAction\":[{\"@type\":\"SearchAction\",\"target\":{\"@type\":\"EntryPoint\",\"urlTemplate\":\"https:\\\/\\\/www.organisator.ch\\\/?s={search_term_string}\"},\"query-input\":{\"@type\":\"PropertyValueSpecification\",\"valueRequired\":true,\"valueName\":\"search_term_string\"}}],\"inLanguage\":\"de\"},{\"@type\":\"Organization\",\"@id\":\"https:\\\/\\\/www.organisator.ch\\\/#organization\",\"name\":\"Organisator\",\"url\":\"https:\\\/\\\/www.organisator.ch\\\/\",\"logo\":{\"@type\":\"ImageObject\",\"inLanguage\":\"de\",\"@id\":\"https:\\\/\\\/www.organisator.ch\\\/#\\\/schema\\\/logo\\\/image\\\/\",\"url\":\"https:\\\/\\\/www.organisator.ch\\\/wp-content\\\/uploads\\\/2022\\\/01\\\/Logo_Organisator_Website.png\",\"contentUrl\":\"https:\\\/\\\/www.organisator.ch\\\/wp-content\\\/uploads\\\/2022\\\/01\\\/Logo_Organisator_Website.png\",\"width\":800,\"height\":77,\"caption\":\"Organisator\"},\"image\":{\"@id\":\"https:\\\/\\\/www.organisator.ch\\\/#\\\/schema\\\/logo\\\/image\\\/\"},\"sameAs\":[\"https:\\\/\\\/www.facebook.com\\\/OrganisatorFachmagazin\",\"https:\\\/\\\/www.linkedin.com\\\/showcase\\\/organisator-das-magazin-fr-kmu\",\"https:\\\/\\\/www.xing.com\\\/news\\\/pages\\\/organisator-ch-695\",\"https:\\\/\\\/www.youtube.com\\\/channel\\\/UCGP2Sq0iWaZwT3BdIAQFYpw\"]},{\"@type\":\"Person\",\"@id\":\"https:\\\/\\\/www.organisator.ch\\\/#\\\/schema\\\/person\\\/6f650f90b2842cd4c0cc334b4e36f67e\",\"name\":\"thomas.berner\",\"image\":{\"@type\":\"ImageObject\",\"inLanguage\":\"de\",\"@id\":\"https:\\\/\\\/secure.gravatar.com\\\/avatar\\\/ac5001d2a36cb6c6cd3e50789007ffca834b477b74a2144564522e944eabff61?s=96&d=mm&r=g\",\"url\":\"https:\\\/\\\/secure.gravatar.com\\\/avatar\\\/ac5001d2a36cb6c6cd3e50789007ffca834b477b74a2144564522e944eabff61?s=96&d=mm&r=g\",\"contentUrl\":\"https:\\\/\\\/secure.gravatar.com\\\/avatar\\\/ac5001d2a36cb6c6cd3e50789007ffca834b477b74a2144564522e944eabff61?s=96&d=mm&r=g\",\"caption\":\"thomas.berner\"},\"url\":\"https:\\\/\\\/www.organisator.ch\\\/de\\\/author\\\/thomas-berner\\\/\"}]}<\/script>\n<!-- \/ Yoast SEO plugin. -->","yoast_head_json":{"title":"Cloud Computing: KMU mit hoher Maturit\u00e4t - Organisator","description":"Eine neue Studie der FHNW hat CIOs zu Themen rund um Cloud Computing, Digitalisierung und Transformation befragt.","robots":{"index":"index","follow":"follow","max-snippet":"max-snippet:-1","max-image-preview":"max-image-preview:large","max-video-preview":"max-video-preview:-1"},"canonical":"https:\/\/www.organisator.ch\/de\/management\/it\/2017-10-04\/cloud-computing-kmu-mit-hoher-maturitaet\/","og_locale":"de_DE","og_type":"article","og_title":"Cloud Computing: KMU mit hoher Maturit\u00e4t","og_description":"Beim digitalen Wandel spielt die Einstellung der Gesch\u00e4ftsleitung eine entscheidende Rolle. Eine neue Studie der #FHNW hat CIOs zu Themen rund um #Cloud Computing, #Digitalisierung und #Transformation befragt.","og_url":"https:\/\/www.organisator.ch\/de\/management\/it\/2017-10-04\/cloud-computing-kmu-mit-hoher-maturitaet\/","og_site_name":"Organisator","article_publisher":"https:\/\/www.facebook.com\/OrganisatorFachmagazin","article_published_time":"2017-10-04T05:57:20+00:00","og_image":[{"width":480,"height":480,"url":"https:\/\/www.organisator.ch\/wp-content\/uploads\/2017\/10\/Cloud-Computing-KMU-mit-hoher-Maturitaet-1_Organisator.jpg","type":"image\/jpeg"}],"author":"thomas.berner","twitter_card":"summary_large_image","twitter_title":"Cloud Computing: KMU mit hoher Maturit\u00e4t #CloudComputing","twitter_description":"Beim digitalen Wandel spielt die Einstellung der Gesch\u00e4ftsleitung eine entscheidende Rolle. Eine neue Studie der #FHNW hat CIOs zu Themen rund um #Cloud Computing, #Digitalisierung und #Transformation befragt.","twitter_image":"https:\/\/www.organisator.ch\/wp-content\/uploads\/2017\/10\/Cloud-Computing-KMU-mit-hoher-Maturit\u00e4t-1_Organisator.jpg","schema":{"@context":"https:\/\/schema.org","@graph":[{"@type":"Article","@id":"https:\/\/www.organisator.ch\/management\/it\/2017-10-04\/cloud-computing-kmu-mit-hoher-maturitaet\/#article","isPartOf":{"@id":"https:\/\/www.organisator.ch\/management\/it\/2017-10-04\/cloud-computing-kmu-mit-hoher-maturitaet\/"},"author":{"name":"thomas.berner","@id":"https:\/\/www.organisator.ch\/#\/schema\/person\/6f650f90b2842cd4c0cc334b4e36f67e"},"headline":"Cloud Computing: KMU mit hoher Maturit\u00e4t","datePublished":"2017-10-04T05:57:20+00:00","mainEntityOfPage":{"@id":"https:\/\/www.organisator.ch\/management\/it\/2017-10-04\/cloud-computing-kmu-mit-hoher-maturitaet\/"},"wordCount":382,"commentCount":0,"publisher":{"@id":"https:\/\/www.organisator.ch\/#organization"},"image":{"@id":"https:\/\/www.organisator.ch\/management\/it\/2017-10-04\/cloud-computing-kmu-mit-hoher-maturitaet\/#primaryimage"},"thumbnailUrl":"https:\/\/www.organisator.ch\/wp-content\/uploads\/2017\/10\/Cloud-Computing-KMU-mit-hoher-Maturitaet-1_Organisator.jpg","keywords":["Cloud Computing","Digitalisierung","IT","Studie"],"articleSection":["IT"],"inLanguage":"de"},{"@type":"WebPage","@id":"https:\/\/www.organisator.ch\/management\/it\/2017-10-04\/cloud-computing-kmu-mit-hoher-maturitaet\/","url":"https:\/\/www.organisator.ch\/management\/it\/2017-10-04\/cloud-computing-kmu-mit-hoher-maturitaet\/","name":"Cloud Computing: KMU mit hoher Maturit\u00e4t - Organisator","isPartOf":{"@id":"https:\/\/www.organisator.ch\/#website"},"primaryImageOfPage":{"@id":"https:\/\/www.organisator.ch\/management\/it\/2017-10-04\/cloud-computing-kmu-mit-hoher-maturitaet\/#primaryimage"},"image":{"@id":"https:\/\/www.organisator.ch\/management\/it\/2017-10-04\/cloud-computing-kmu-mit-hoher-maturitaet\/#primaryimage"},"thumbnailUrl":"https:\/\/www.organisator.ch\/wp-content\/uploads\/2017\/10\/Cloud-Computing-KMU-mit-hoher-Maturitaet-1_Organisator.jpg","datePublished":"2017-10-04T05:57:20+00:00","description":"Eine neue Studie der FHNW hat CIOs zu Themen rund um Cloud Computing, Digitalisierung und Transformation befragt.","breadcrumb":{"@id":"https:\/\/www.organisator.ch\/management\/it\/2017-10-04\/cloud-computing-kmu-mit-hoher-maturitaet\/#breadcrumb"},"inLanguage":"de","potentialAction":[{"@type":"ReadAction","target":["https:\/\/www.organisator.ch\/management\/it\/2017-10-04\/cloud-computing-kmu-mit-hoher-maturitaet\/"]}]},{"@type":"ImageObject","inLanguage":"de","@id":"https:\/\/www.organisator.ch\/management\/it\/2017-10-04\/cloud-computing-kmu-mit-hoher-maturitaet\/#primaryimage","url":"https:\/\/www.organisator.ch\/wp-content\/uploads\/2017\/10\/Cloud-Computing-KMU-mit-hoher-Maturitaet-1_Organisator.jpg","contentUrl":"https:\/\/www.organisator.ch\/wp-content\/uploads\/2017\/10\/Cloud-Computing-KMU-mit-hoher-Maturitaet-1_Organisator.jpg","width":480,"height":480,"caption":"Beim Cloud Computing haben kleinere Unternehmen bereits einen hohen Reifegrad. (Bild: Fotolia.com)"},{"@type":"BreadcrumbList","@id":"https:\/\/www.organisator.ch\/management\/it\/2017-10-04\/cloud-computing-kmu-mit-hoher-maturitaet\/#breadcrumb","itemListElement":[{"@type":"ListItem","position":1,"name":"Home","item":"https:\/\/www.organisator.ch\/"},{"@type":"ListItem","position":2,"name":"Cloud Computing: KMU mit hoher Maturit\u00e4t"}]},{"@type":"WebSite","@id":"https:\/\/www.organisator.ch\/#website","url":"https:\/\/www.organisator.ch\/","name":"Organisator","description":"Kompetent. Praxisnah. Der ORGANISATOR bereitet in 10 Ausgaben pro Jahr die wesentlichen Themen f\u00fcr F\u00fchrungskr\u00e4fte von KMU auf.","publisher":{"@id":"https:\/\/www.organisator.ch\/#organization"},"potentialAction":[{"@type":"SearchAction","target":{"@type":"EntryPoint","urlTemplate":"https:\/\/www.organisator.ch\/?s={search_term_string}"},"query-input":{"@type":"PropertyValueSpecification","valueRequired":true,"valueName":"search_term_string"}}],"inLanguage":"de"},{"@type":"Organization","@id":"https:\/\/www.organisator.ch\/#organization","name":"Organisator","url":"https:\/\/www.organisator.ch\/","logo":{"@type":"ImageObject","inLanguage":"de","@id":"https:\/\/www.organisator.ch\/#\/schema\/logo\/image\/","url":"https:\/\/www.organisator.ch\/wp-content\/uploads\/2022\/01\/Logo_Organisator_Website.png","contentUrl":"https:\/\/www.organisator.ch\/wp-content\/uploads\/2022\/01\/Logo_Organisator_Website.png","width":800,"height":77,"caption":"Organisator"},"image":{"@id":"https:\/\/www.organisator.ch\/#\/schema\/logo\/image\/"},"sameAs":["https:\/\/www.facebook.com\/OrganisatorFachmagazin","https:\/\/www.linkedin.com\/showcase\/organisator-das-magazin-fr-kmu","https:\/\/www.xing.com\/news\/pages\/organisator-ch-695","https:\/\/www.youtube.com\/channel\/UCGP2Sq0iWaZwT3BdIAQFYpw"]},{"@type":"Person","@id":"https:\/\/www.organisator.ch\/#\/schema\/person\/6f650f90b2842cd4c0cc334b4e36f67e","name":"thomas.berner","image":{"@type":"ImageObject","inLanguage":"de","@id":"https:\/\/secure.gravatar.com\/avatar\/ac5001d2a36cb6c6cd3e50789007ffca834b477b74a2144564522e944eabff61?s=96&d=mm&r=g","url":"https:\/\/secure.gravatar.com\/avatar\/ac5001d2a36cb6c6cd3e50789007ffca834b477b74a2144564522e944eabff61?s=96&d=mm&r=g","contentUrl":"https:\/\/secure.gravatar.com\/avatar\/ac5001d2a36cb6c6cd3e50789007ffca834b477b74a2144564522e944eabff61?s=96&d=mm&r=g","caption":"thomas.berner"},"url":"https:\/\/www.organisator.ch\/de\/author\/thomas-berner\/"}]}},"_links":{"self":[{"href":"https:\/\/www.organisator.ch\/de\/wp-json\/wp\/v2\/posts\/2525","targetHints":{"allow":["GET"]}}],"collection":[{"href":"https:\/\/www.organisator.ch\/de\/wp-json\/wp\/v2\/posts"}],"about":[{"href":"https:\/\/www.organisator.ch\/de\/wp-json\/wp\/v2\/types\/post"}],"author":[{"embeddable":true,"href":"https:\/\/www.organisator.ch\/de\/wp-json\/wp\/v2\/users\/4"}],"replies":[{"embeddable":true,"href":"https:\/\/www.organisator.ch\/de\/wp-json\/wp\/v2\/comments?post=2525"}],"version-history":[{"count":0,"href":"https:\/\/www.organisator.ch\/de\/wp-json\/wp\/v2\/posts\/2525\/revisions"}],"wp:featuredmedia":[{"embeddable":true,"href":"https:\/\/www.organisator.ch\/de\/wp-json\/wp\/v2\/media\/2526"}],"wp:attachment":[{"href":"https:\/\/www.organisator.ch\/de\/wp-json\/wp\/v2\/media?parent=2525"}],"wp:term":[{"taxonomy":"category","embeddable":true,"href":"https:\/\/www.organisator.ch\/de\/wp-json\/wp\/v2\/categories?post=2525"},{"taxonomy":"post_tag","embeddable":true,"href":"https:\/\/www.organisator.ch\/de\/wp-json\/wp\/v2\/tags?post=2525"}],"curies":[{"name":"wp","href":"https:\/\/api.w.org\/{rel}","templated":true}]}}