{"id":25295,"date":"2024-02-22T10:20:11","date_gmt":"2024-02-22T09:20:11","guid":{"rendered":"https:\/\/www.m-q.ch\/?p=19336"},"modified":"2024-11-11T16:24:48","modified_gmt":"2024-11-11T15:24:48","slug":"rueckblick-scsd-2024-cyber-ist-eine-verbundsaufgabe","status":"publish","type":"post","link":"https:\/\/www.organisator.ch\/de\/operational-excellence\/2024-02-22\/rueckblick-scsd-2024-cyber-ist-eine-verbundsaufgabe\/","title":{"rendered":"R\u00fcckblick SCSD 2024: Cyber ist eine Verbundsaufgabe"},"content":{"rendered":"<figure id=\"attachment_19337\" class=\"wp-caption alignnone\" style=\"width: 680px\" aria-describedby=\"caption-attachment-19337\"><img class=\"alignnone wp-image-19337 size-full\" src=\"https:\/\/www.m-q.ch\/wp-content\/uploads\/2024\/02\/Rueckblick-SCSD-2024-Cyber-ist-eine-Verbundsaufgabe-1_MQ.jpg\" alt=\"Swiss Cyber\" width=\"680\" height=\"453\" \/>\r\n<figcaption id=\"caption-attachment-19337\" class=\"wp-caption-text\">Zufriedene Aussteller und Besucher bei den SCSD 2024. (Bild: BERNEXPO)<\/figcaption>\r\n<\/figure>\r\n<p>Die f\u00fcnfte Ausgabe der Swiss Cyber Security Days (SCSD), die Dialog- und Know-how-Plattform zum Thema Cybersicherheit, ist am Dienstag, 20. und Mittwoch, 21. Februar erfolgreich \u00fcber die B\u00fchne gegangen. Auf dem Bernexpo-Gel\u00e4nde trafen die wichtigsten Entscheidungstr\u00e4ger und Expertinnen im Bereich Cybersicherheit auf nationaler und internationaler Ebene zusammen. Besucht wurde die Veranstaltung von \u00fcber 2\u2019200 Personen. An der Er\u00f6ffnungsrede machte Programmdirektor Nicolas Mayencourt darauf aufmerksam, dass Cyberkriminalit\u00e4t in den letzten Jahren f\u00f6rmlich explodiert sei. So waren die Sch\u00e4den im Jahr 2022 ein Vielfaches h\u00f6her als die Sch\u00e4den von Naturkatastrophen. Aus diesem Grund brauche es diese Plattform zum Thema Cyber dringender denn je: \u00abEs fehlt global an Verst\u00e4ndnis, welchen Einfluss der Cyberraum auf unsere Gesellschaft hat. Wir sehen es deshalb als unsere Aufgabe, hier als Br\u00fcckenbauer zu agieren und dem Thema zu mehr Beachtung zu verhelfen.\u00bb<\/p>\r\n<h3>Mehr als 2.5 Millionen Schwachstellen in der Schweiz<\/h3>\r\n<p>An den SCSD 2024 wurde unter anderem die j\u00e4hrliche Ausgabe des State of Swiss Cyberspace pr\u00e4sentiert. Dabei handelt es sich um einen wissenschaftlichen Scan des Schweizer Cyberspace, dieser umfasst alle ans \u00f6ffentliche Internet angeschlossenen ICT-Infrastrukturen. <a href=\"https:\/\/www.m-q.ch\/de\/schweizer-cyberspace-studie-2-5-millionen-potenzielle-sicherheitsluecken-entdeckt\/\">\u00dcber 2.5 Millionen potenzielle Schwachstellen wurden dabei identifiziert<\/a>.<\/p>\r\n<p>F\u00fcr H\u00f6hepunkte im reichhaltigen Referateprogramm sorgten unter anderem Robert Bohls, Cyber Operations Chief des FBI, oder Admiral Dr. Thomas Daum, Inspekteur Cyber- und Informationsraum der Bundeswehr. Beide betonten, dass Cyber Security nicht nur eine nationale Angelegenheit sei, sondern es eine internationale Zusammenarbeit brauche, um die anstehenden Herausforderungen zu meistern. Natalie Silvanovich, Team Leaderin von Google Project Zero Nord-Amerika \u2013 einer Elitegruppe von Hackerinnen und Hackern zeigte auf, wie sie bestehende Schwachstellen suchen und beheben. Spannende Einblicke in den Bereich Kriegsf\u00fchrung im Cyberraum gab Christian-Marc Lifl\u00e4nder, Head of Cyber Defense and Policy der NATO. Am zweiten Veranstaltungstag sprach der ehemalige NASA-Wissenschaftsdirektor Thomas Zurbuchen zudem \u00fcber das Thema Cybersicherheit im Weltraum. Fraglos hielt er fest, dass auch die NASA sowie ihre Zulieferfirmen Ziele von Cyberangriffen waren und sind. Er bedauert, dass nach wie vor eine Art \u201eKulturl\u00fccke\u201c zwischen Tech-Spezialisten und Cyber-Experten bestehe: Bei ersteren h\u00e4tten Cyber-Spezialisten immer noch den Ruf einer \u201eCompliance-Polizei\u201c und B\u00fcrokraten, w\u00e4hrend umgekehrt letztere die Techies als \u201eCowboys\/girls und Risk-Junkies\u201c bezeichneten. Diesen Gap gelte es zu \u00fcberwinden, und zwar \u00fcber einen innovations-getriebenen Ansatz.<\/p>\r\n<figure id=\"attachment_19338\" class=\"wp-caption alignnone\" style=\"width: 680px\" aria-describedby=\"caption-attachment-19338\"><img class=\"size-full wp-image-19338\" src=\"https:\/\/www.m-q.ch\/wp-content\/uploads\/2024\/02\/Rueckblick-SCSD-2024-Cyber-ist-eine-Verbundsaufgabe-2_MQ.jpg\" alt=\"\" width=\"680\" height=\"422\" \/>\r\n<figcaption id=\"caption-attachment-19338\" class=\"wp-caption-text\">Der ehemalige NASA-Wissenschaftsdirektor Thomas Zurbuchen bei seinem Referat an den SCSD 2024. (Bild: Thomas Berner)<\/figcaption>\r\n<\/figure>\r\n<h3>Starkes Zeichen gegen Desinformation<\/h3>\r\n<p>Desinformation ist das unmittelbarste Risiko f\u00fcr die globale Stabilit\u00e4t. Dies betonte Alois Zwinggi, der Managing Director des World Economic Forum (WEF) w\u00e4hrend seiner Rede. Er stellte zudem den Global Risk Report 2024 des WEF vor. Grund zur Hoffnung machte Prof. Dr. Touradj Ebrahimi, Professor an der Eidgen\u00f6ssischen Technischen Hochschule Lausanne EPFL. Er stellte den internationalen Standard \u00abJPEG Trust\u00bb vor, der im Sommer 2024 ver\u00f6ffentlicht und weltweit ausgerollt wird. Dieser hilft dabei, die Vertrauensw\u00fcrdigkeit und Authentizit\u00e4t von visuellen Medieninhalten sicherzustellen. Wie weit Desinformation und Cognitive Warfare gehen kann, zeigte Mauro Vignati vom IKRK: \u201eKognitive Kriegsf\u00fchrung\u201c sei gem\u00e4ss einer NATO-Definition die am weitesten fortgeschrittene Form der mentalen Manipulation des Menschen, die eine Beeinflussung des individuellen oder kollektiven Verhaltens mit dem Ziel erm\u00f6glicht, einen taktischen oder strategischen Vorteil zu erlangen. Keine Frage, dass hier auch der Cyberspace als Mittel zum Zweck dient. Gegenstrategien sind schwierig, wie man etwas ern\u00fcchtert festhalten muss.<\/p>\r\n<p>Und die KMU? Wie bedroht sind diese tats\u00e4chlich? Christophe Gerber, Mitglied der Cybersicherheitskomission von digitalswitzerland.ch, pr\u00e4sentierte eine Zahl, die zum Nachdenken anregen muss: Nur 14 Prozent aller KMU sehen sich als gut ger\u00fcstet gegen Cyberrisiken. Bei allen anderen s\u00e4he es also noch anders aus. Der Referent warnte, die Risiken nicht zu untersch\u00e4tzen. \u201eW\u00e4hrend Grossunternehmen massiv in die Cybersicherheit investieren, werden sie f\u00fcr Hacker weniger attraktiv. Cyberkriminelle finden in KMU nun umso leichtere Ziele\u201c, so Gerber. Und gef\u00e4hrdet seien auch Gemeinden, in Sachen Organisationsgr\u00f6sse im Prinzip ebenfalls nichts anderes als KMU. \u201eViele Gemeinden wissen nicht einmal, wen sie in einem Cyber-Notfall kontaktieren sollen\u201c. Die Empfehlungen sind klar: KMU und Gemeinden m\u00fcssen entsprechendes Know-How einholen, Verantwortlichkeiten kl\u00e4ren (z.B. Stelle eines CISO schaffen), allenfalls auch entsprechende Dienstleistungen einkaufen. Ferner gelte es sicherzustellen, Schutzmechanismen 24\/7 sicherzustellen und auf den Ernstfall vorbereitet zu sein. \u201eDenn dieser wird eintreten, die Frage ist nur, wann\u201c, so Christophe Gerber. Und nach einem Ernstfall m\u00fcsse man nicht nur sauber aufr\u00e4umen und die Lehren ziehen, sondern parallel dazu operativ bleiben.<\/p>\r\n<h3>Positives Fazit auch bei Besuchern<\/h3>\r\n<p>Auch die Besucherinnen und Besucher zeigten sich begeistert. Emiel Brok, SUSE Ambassador Schweiz, meinte zu den SCSD 2024: \u00abEs war die Reise in die Schweiz absolut wert. Wir konnten diverse Exponenten von interessierten Firmen treffen und begr\u00fcssen es nat\u00fcrlich, dass Open Source Themen im Bereich Cyber Security immer relevanter werden.\u00bb Auch Ingo Spranz, Regional Director CrowdStrike schlug in die gleiche Kerbe: \u00abWir waren zum ersten Mal als Sponsor mit dabei und konnten wertvolle Verbindungen kn\u00fcpfen sowie Kunden treffen und dazu auch noch spannende Referate h\u00f6ren. Wir freuen uns bereits auf die n\u00e4chste Ausgabe.\u00bb<\/p>\r\n<p>Der Programmdirektor der Swiss Cyber Security Days Nicolas Mayencourt war begeistert von der diesj\u00e4hrigen Veranstaltung. \u00abEs ist unser erkl\u00e4rtes Ziel, Bern zur Cyber-Hauptstadt zu machen. Ich bin sehr zufrieden, es waren zwei grossartige Tage und wir durften viel lernen\u00bb so Mayencourt. Auch der Gastgeber und CEO der Bernexpo Groupe Tom Winter zeigte sich erfreut \u00abUnsere Erwartungen an die Swiss Cyber Security Days wurden insgesamt erf\u00fcllt. Jetzt freuen wir uns auf die n\u00e4chsten Swiss Cyber Security Days am 18. und 19. Februar 2025 wieder hier auf dem Bernexpo-Areal\u00bb.<\/p>\r\n<p><a href=\"https:\/\/scsd.ch\/de\"><em>Quelle und weitere Informationen<\/em><\/a><\/p>\n<p class=\"syndicated-attribution\">Dieser Beitrag erschien urspr\u00fcnglich auf m-q.ch - <a href=\"https:\/\/www.m-q.ch\/de\/rueckblick-scsd-2024-cyber-ist-eine-verbundsaufgabe\/\" target=\"_blank\">https:\/\/www.m-q.ch\/de\/rueckblick-scsd-2024-cyber-ist-eine-verbundsaufgabe\/<\/a><\/p>","protected":false},"excerpt":{"rendered":"<p>Die f\u00fcnfte Ausgabe der Swiss Cyber Security Days stand unter dem Motto \u00abShaping Cyber Resilience\u00bb. Sie fand das erste Mal in Bern statt und z\u00e4hlte gem\u00e4ss Angaben der Organisatoren \u00fcber 2&#8217;200 Besucherinnen und Besuchern. Die Bilanz aus den rund 100 Referaten: Cyber ist eine Verbundsaufgabe.<\/p>\n","protected":false},"author":8,"featured_media":0,"comment_status":"closed","ping_status":"closed","sticky":false,"template":"","format":"standard","meta":{"_acf_changed":false,"_yoast_wpseo_focuskw":"Swiss Cyber","_yoast_wpseo_metadesc":"Swiss Cyber Security Days 2024: \u00dcber 2,200 Besucher. Cyberkriminalit\u00e4t, internationale Zusammenarbeit und innovative Sicherheitsstrategien.","articlekey":"","footnotes":""},"categories":[582],"tags":[608,193,286,418,424],"class_list":["post-25295","post","type-post","status-publish","format-standard","hentry","category-operational-excellence","tag-cybersicherheit","tag-fachkongressfachmesse","tag-it","tag-risikomanagement","tag-schweiz"],"acf":[],"yoast_head":"<!-- This site is optimized with the Yoast SEO plugin v27.4 - https:\/\/yoast.com\/product\/yoast-seo-wordpress\/ -->\n<title>R\u00fcckblick SCSD 2024: Cyber ist eine Verbundsaufgabe - Organisator<\/title>\n<meta name=\"description\" content=\"Swiss Cyber Security Days 2024: \u00dcber 2,200 Besucher. Cyberkriminalit\u00e4t, internationale Zusammenarbeit und innovative Sicherheitsstrategien.\" \/>\n<meta name=\"robots\" content=\"index, follow, max-snippet:-1, max-image-preview:large, max-video-preview:-1\" \/>\n<link rel=\"canonical\" href=\"https:\/\/www.organisator.ch\/de\/operational-excellence\/2024-02-22\/rueckblick-scsd-2024-cyber-ist-eine-verbundsaufgabe\/\" \/>\n<meta property=\"og:locale\" content=\"de_DE\" \/>\n<meta property=\"og:type\" content=\"article\" \/>\n<meta property=\"og:title\" content=\"R\u00fcckblick SCSD 2024: Cyber ist eine Verbundsaufgabe - Organisator\" \/>\n<meta property=\"og:description\" content=\"Swiss Cyber Security Days 2024: \u00dcber 2,200 Besucher. Cyberkriminalit\u00e4t, internationale Zusammenarbeit und innovative Sicherheitsstrategien.\" \/>\n<meta property=\"og:url\" content=\"https:\/\/www.organisator.ch\/de\/operational-excellence\/2024-02-22\/rueckblick-scsd-2024-cyber-ist-eine-verbundsaufgabe\/\" \/>\n<meta property=\"og:site_name\" content=\"Organisator\" \/>\n<meta property=\"article:publisher\" content=\"https:\/\/www.facebook.com\/OrganisatorFachmagazin\" \/>\n<meta property=\"article:published_time\" content=\"2024-02-22T09:20:11+00:00\" \/>\n<meta property=\"article:modified_time\" content=\"2024-11-11T15:24:48+00:00\" \/>\n<meta property=\"og:image\" content=\"https:\/\/www.m-q.ch\/wp-content\/uploads\/2024\/02\/Rueckblick-SCSD-2024-Cyber-ist-eine-Verbundsaufgabe-1_MQ.jpg\" \/>\n<meta name=\"author\" content=\"galledia\" \/>\n<meta name=\"twitter:card\" content=\"summary_large_image\" \/>\n<meta name=\"twitter:creator\" content=\"@admin\" \/>\n<script type=\"application\/ld+json\" class=\"yoast-schema-graph\">{\"@context\":\"https:\\\/\\\/schema.org\",\"@graph\":[{\"@type\":\"Article\",\"@id\":\"https:\\\/\\\/www.organisator.ch\\\/operational-excellence\\\/2024-02-22\\\/rueckblick-scsd-2024-cyber-ist-eine-verbundsaufgabe\\\/#article\",\"isPartOf\":{\"@id\":\"https:\\\/\\\/www.organisator.ch\\\/operational-excellence\\\/2024-02-22\\\/rueckblick-scsd-2024-cyber-ist-eine-verbundsaufgabe\\\/\"},\"author\":{\"name\":\"galledia\",\"@id\":\"https:\\\/\\\/www.organisator.ch\\\/#\\\/schema\\\/person\\\/4e51799071cd2dd1232ac003643ef5f0\"},\"headline\":\"R\u00fcckblick SCSD 2024: Cyber ist eine Verbundsaufgabe\",\"datePublished\":\"2024-02-22T09:20:11+00:00\",\"dateModified\":\"2024-11-11T15:24:48+00:00\",\"mainEntityOfPage\":{\"@id\":\"https:\\\/\\\/www.organisator.ch\\\/operational-excellence\\\/2024-02-22\\\/rueckblick-scsd-2024-cyber-ist-eine-verbundsaufgabe\\\/\"},\"wordCount\":942,\"publisher\":{\"@id\":\"https:\\\/\\\/www.organisator.ch\\\/#organization\"},\"image\":{\"@id\":\"https:\\\/\\\/www.organisator.ch\\\/operational-excellence\\\/2024-02-22\\\/rueckblick-scsd-2024-cyber-ist-eine-verbundsaufgabe\\\/#primaryimage\"},\"thumbnailUrl\":\"https:\\\/\\\/www.m-q.ch\\\/wp-content\\\/uploads\\\/2024\\\/02\\\/Rueckblick-SCSD-2024-Cyber-ist-eine-Verbundsaufgabe-1_MQ.jpg\",\"keywords\":[\"Cybersicherheit\",\"Fachkongress\\\/Fachmesse\",\"IT\",\"Risikomanagement\",\"Schweiz\"],\"articleSection\":[\"OPERATIONAL EXCELLENCE\"],\"inLanguage\":\"de\"},{\"@type\":\"WebPage\",\"@id\":\"https:\\\/\\\/www.organisator.ch\\\/operational-excellence\\\/2024-02-22\\\/rueckblick-scsd-2024-cyber-ist-eine-verbundsaufgabe\\\/\",\"url\":\"https:\\\/\\\/www.organisator.ch\\\/operational-excellence\\\/2024-02-22\\\/rueckblick-scsd-2024-cyber-ist-eine-verbundsaufgabe\\\/\",\"name\":\"R\u00fcckblick SCSD 2024: Cyber ist eine Verbundsaufgabe - Organisator\",\"isPartOf\":{\"@id\":\"https:\\\/\\\/www.organisator.ch\\\/#website\"},\"primaryImageOfPage\":{\"@id\":\"https:\\\/\\\/www.organisator.ch\\\/operational-excellence\\\/2024-02-22\\\/rueckblick-scsd-2024-cyber-ist-eine-verbundsaufgabe\\\/#primaryimage\"},\"image\":{\"@id\":\"https:\\\/\\\/www.organisator.ch\\\/operational-excellence\\\/2024-02-22\\\/rueckblick-scsd-2024-cyber-ist-eine-verbundsaufgabe\\\/#primaryimage\"},\"thumbnailUrl\":\"https:\\\/\\\/www.m-q.ch\\\/wp-content\\\/uploads\\\/2024\\\/02\\\/Rueckblick-SCSD-2024-Cyber-ist-eine-Verbundsaufgabe-1_MQ.jpg\",\"datePublished\":\"2024-02-22T09:20:11+00:00\",\"dateModified\":\"2024-11-11T15:24:48+00:00\",\"description\":\"Swiss Cyber Security Days 2024: \u00dcber 2,200 Besucher. Cyberkriminalit\u00e4t, internationale Zusammenarbeit und innovative Sicherheitsstrategien.\",\"breadcrumb\":{\"@id\":\"https:\\\/\\\/www.organisator.ch\\\/operational-excellence\\\/2024-02-22\\\/rueckblick-scsd-2024-cyber-ist-eine-verbundsaufgabe\\\/#breadcrumb\"},\"inLanguage\":\"de\",\"potentialAction\":[{\"@type\":\"ReadAction\",\"target\":[\"https:\\\/\\\/www.organisator.ch\\\/operational-excellence\\\/2024-02-22\\\/rueckblick-scsd-2024-cyber-ist-eine-verbundsaufgabe\\\/\"]}]},{\"@type\":\"ImageObject\",\"inLanguage\":\"de\",\"@id\":\"https:\\\/\\\/www.organisator.ch\\\/operational-excellence\\\/2024-02-22\\\/rueckblick-scsd-2024-cyber-ist-eine-verbundsaufgabe\\\/#primaryimage\",\"url\":\"https:\\\/\\\/www.m-q.ch\\\/wp-content\\\/uploads\\\/2024\\\/02\\\/Rueckblick-SCSD-2024-Cyber-ist-eine-Verbundsaufgabe-1_MQ.jpg\",\"contentUrl\":\"https:\\\/\\\/www.m-q.ch\\\/wp-content\\\/uploads\\\/2024\\\/02\\\/Rueckblick-SCSD-2024-Cyber-ist-eine-Verbundsaufgabe-1_MQ.jpg\"},{\"@type\":\"BreadcrumbList\",\"@id\":\"https:\\\/\\\/www.organisator.ch\\\/operational-excellence\\\/2024-02-22\\\/rueckblick-scsd-2024-cyber-ist-eine-verbundsaufgabe\\\/#breadcrumb\",\"itemListElement\":[{\"@type\":\"ListItem\",\"position\":1,\"name\":\"Home\",\"item\":\"https:\\\/\\\/www.organisator.ch\\\/\"},{\"@type\":\"ListItem\",\"position\":2,\"name\":\"R\u00fcckblick SCSD 2024: Cyber ist eine Verbundsaufgabe\"}]},{\"@type\":\"WebSite\",\"@id\":\"https:\\\/\\\/www.organisator.ch\\\/#website\",\"url\":\"https:\\\/\\\/www.organisator.ch\\\/\",\"name\":\"Organisator\",\"description\":\"Kompetent. Praxisnah. Der ORGANISATOR bereitet in 10 Ausgaben pro Jahr die wesentlichen Themen f\u00fcr F\u00fchrungskr\u00e4fte von KMU auf.\",\"publisher\":{\"@id\":\"https:\\\/\\\/www.organisator.ch\\\/#organization\"},\"potentialAction\":[{\"@type\":\"SearchAction\",\"target\":{\"@type\":\"EntryPoint\",\"urlTemplate\":\"https:\\\/\\\/www.organisator.ch\\\/?s={search_term_string}\"},\"query-input\":{\"@type\":\"PropertyValueSpecification\",\"valueRequired\":true,\"valueName\":\"search_term_string\"}}],\"inLanguage\":\"de\"},{\"@type\":\"Organization\",\"@id\":\"https:\\\/\\\/www.organisator.ch\\\/#organization\",\"name\":\"Organisator\",\"url\":\"https:\\\/\\\/www.organisator.ch\\\/\",\"logo\":{\"@type\":\"ImageObject\",\"inLanguage\":\"de\",\"@id\":\"https:\\\/\\\/www.organisator.ch\\\/#\\\/schema\\\/logo\\\/image\\\/\",\"url\":\"https:\\\/\\\/www.organisator.ch\\\/wp-content\\\/uploads\\\/2022\\\/01\\\/Logo_Organisator_Website.png\",\"contentUrl\":\"https:\\\/\\\/www.organisator.ch\\\/wp-content\\\/uploads\\\/2022\\\/01\\\/Logo_Organisator_Website.png\",\"width\":800,\"height\":77,\"caption\":\"Organisator\"},\"image\":{\"@id\":\"https:\\\/\\\/www.organisator.ch\\\/#\\\/schema\\\/logo\\\/image\\\/\"},\"sameAs\":[\"https:\\\/\\\/www.facebook.com\\\/OrganisatorFachmagazin\",\"https:\\\/\\\/www.linkedin.com\\\/showcase\\\/organisator-das-magazin-fr-kmu\",\"https:\\\/\\\/www.xing.com\\\/news\\\/pages\\\/organisator-ch-695\",\"https:\\\/\\\/www.youtube.com\\\/channel\\\/UCGP2Sq0iWaZwT3BdIAQFYpw\"]},{\"@type\":\"Person\",\"@id\":\"https:\\\/\\\/www.organisator.ch\\\/#\\\/schema\\\/person\\\/4e51799071cd2dd1232ac003643ef5f0\",\"name\":\"galledia\",\"image\":{\"@type\":\"ImageObject\",\"inLanguage\":\"de\",\"@id\":\"https:\\\/\\\/secure.gravatar.com\\\/avatar\\\/78a7f90c01fc2bfc875782a0d4922b37cde2cf184ce347b91316d23cd7f69a36?s=96&d=mm&r=g\",\"url\":\"https:\\\/\\\/secure.gravatar.com\\\/avatar\\\/78a7f90c01fc2bfc875782a0d4922b37cde2cf184ce347b91316d23cd7f69a36?s=96&d=mm&r=g\",\"contentUrl\":\"https:\\\/\\\/secure.gravatar.com\\\/avatar\\\/78a7f90c01fc2bfc875782a0d4922b37cde2cf184ce347b91316d23cd7f69a36?s=96&d=mm&r=g\",\"caption\":\"galledia\"},\"sameAs\":[\"https:\\\/\\\/x.com\\\/admin\"],\"url\":\"https:\\\/\\\/www.organisator.ch\\\/de\\\/author\\\/galledia\\\/\"}]}<\/script>\n<!-- \/ Yoast SEO plugin. -->","yoast_head_json":{"title":"R\u00fcckblick SCSD 2024: Cyber ist eine Verbundsaufgabe - Organisator","description":"Swiss Cyber Security Days 2024: \u00dcber 2,200 Besucher. Cyberkriminalit\u00e4t, internationale Zusammenarbeit und innovative Sicherheitsstrategien.","robots":{"index":"index","follow":"follow","max-snippet":"max-snippet:-1","max-image-preview":"max-image-preview:large","max-video-preview":"max-video-preview:-1"},"canonical":"https:\/\/www.organisator.ch\/de\/operational-excellence\/2024-02-22\/rueckblick-scsd-2024-cyber-ist-eine-verbundsaufgabe\/","og_locale":"de_DE","og_type":"article","og_title":"R\u00fcckblick SCSD 2024: Cyber ist eine Verbundsaufgabe - Organisator","og_description":"Swiss Cyber Security Days 2024: \u00dcber 2,200 Besucher. Cyberkriminalit\u00e4t, internationale Zusammenarbeit und innovative Sicherheitsstrategien.","og_url":"https:\/\/www.organisator.ch\/de\/operational-excellence\/2024-02-22\/rueckblick-scsd-2024-cyber-ist-eine-verbundsaufgabe\/","og_site_name":"Organisator","article_publisher":"https:\/\/www.facebook.com\/OrganisatorFachmagazin","article_published_time":"2024-02-22T09:20:11+00:00","article_modified_time":"2024-11-11T15:24:48+00:00","og_image":[{"url":"https:\/\/www.m-q.ch\/wp-content\/uploads\/2024\/02\/Rueckblick-SCSD-2024-Cyber-ist-eine-Verbundsaufgabe-1_MQ.jpg","type":"","width":"","height":""}],"author":"galledia","twitter_card":"summary_large_image","twitter_creator":"@admin","schema":{"@context":"https:\/\/schema.org","@graph":[{"@type":"Article","@id":"https:\/\/www.organisator.ch\/operational-excellence\/2024-02-22\/rueckblick-scsd-2024-cyber-ist-eine-verbundsaufgabe\/#article","isPartOf":{"@id":"https:\/\/www.organisator.ch\/operational-excellence\/2024-02-22\/rueckblick-scsd-2024-cyber-ist-eine-verbundsaufgabe\/"},"author":{"name":"galledia","@id":"https:\/\/www.organisator.ch\/#\/schema\/person\/4e51799071cd2dd1232ac003643ef5f0"},"headline":"R\u00fcckblick SCSD 2024: Cyber ist eine Verbundsaufgabe","datePublished":"2024-02-22T09:20:11+00:00","dateModified":"2024-11-11T15:24:48+00:00","mainEntityOfPage":{"@id":"https:\/\/www.organisator.ch\/operational-excellence\/2024-02-22\/rueckblick-scsd-2024-cyber-ist-eine-verbundsaufgabe\/"},"wordCount":942,"publisher":{"@id":"https:\/\/www.organisator.ch\/#organization"},"image":{"@id":"https:\/\/www.organisator.ch\/operational-excellence\/2024-02-22\/rueckblick-scsd-2024-cyber-ist-eine-verbundsaufgabe\/#primaryimage"},"thumbnailUrl":"https:\/\/www.m-q.ch\/wp-content\/uploads\/2024\/02\/Rueckblick-SCSD-2024-Cyber-ist-eine-Verbundsaufgabe-1_MQ.jpg","keywords":["Cybersicherheit","Fachkongress\/Fachmesse","IT","Risikomanagement","Schweiz"],"articleSection":["OPERATIONAL EXCELLENCE"],"inLanguage":"de"},{"@type":"WebPage","@id":"https:\/\/www.organisator.ch\/operational-excellence\/2024-02-22\/rueckblick-scsd-2024-cyber-ist-eine-verbundsaufgabe\/","url":"https:\/\/www.organisator.ch\/operational-excellence\/2024-02-22\/rueckblick-scsd-2024-cyber-ist-eine-verbundsaufgabe\/","name":"R\u00fcckblick SCSD 2024: Cyber ist eine Verbundsaufgabe - Organisator","isPartOf":{"@id":"https:\/\/www.organisator.ch\/#website"},"primaryImageOfPage":{"@id":"https:\/\/www.organisator.ch\/operational-excellence\/2024-02-22\/rueckblick-scsd-2024-cyber-ist-eine-verbundsaufgabe\/#primaryimage"},"image":{"@id":"https:\/\/www.organisator.ch\/operational-excellence\/2024-02-22\/rueckblick-scsd-2024-cyber-ist-eine-verbundsaufgabe\/#primaryimage"},"thumbnailUrl":"https:\/\/www.m-q.ch\/wp-content\/uploads\/2024\/02\/Rueckblick-SCSD-2024-Cyber-ist-eine-Verbundsaufgabe-1_MQ.jpg","datePublished":"2024-02-22T09:20:11+00:00","dateModified":"2024-11-11T15:24:48+00:00","description":"Swiss Cyber Security Days 2024: \u00dcber 2,200 Besucher. Cyberkriminalit\u00e4t, internationale Zusammenarbeit und innovative Sicherheitsstrategien.","breadcrumb":{"@id":"https:\/\/www.organisator.ch\/operational-excellence\/2024-02-22\/rueckblick-scsd-2024-cyber-ist-eine-verbundsaufgabe\/#breadcrumb"},"inLanguage":"de","potentialAction":[{"@type":"ReadAction","target":["https:\/\/www.organisator.ch\/operational-excellence\/2024-02-22\/rueckblick-scsd-2024-cyber-ist-eine-verbundsaufgabe\/"]}]},{"@type":"ImageObject","inLanguage":"de","@id":"https:\/\/www.organisator.ch\/operational-excellence\/2024-02-22\/rueckblick-scsd-2024-cyber-ist-eine-verbundsaufgabe\/#primaryimage","url":"https:\/\/www.m-q.ch\/wp-content\/uploads\/2024\/02\/Rueckblick-SCSD-2024-Cyber-ist-eine-Verbundsaufgabe-1_MQ.jpg","contentUrl":"https:\/\/www.m-q.ch\/wp-content\/uploads\/2024\/02\/Rueckblick-SCSD-2024-Cyber-ist-eine-Verbundsaufgabe-1_MQ.jpg"},{"@type":"BreadcrumbList","@id":"https:\/\/www.organisator.ch\/operational-excellence\/2024-02-22\/rueckblick-scsd-2024-cyber-ist-eine-verbundsaufgabe\/#breadcrumb","itemListElement":[{"@type":"ListItem","position":1,"name":"Home","item":"https:\/\/www.organisator.ch\/"},{"@type":"ListItem","position":2,"name":"R\u00fcckblick SCSD 2024: Cyber ist eine Verbundsaufgabe"}]},{"@type":"WebSite","@id":"https:\/\/www.organisator.ch\/#website","url":"https:\/\/www.organisator.ch\/","name":"Organisator","description":"Kompetent. Praxisnah. Der ORGANISATOR bereitet in 10 Ausgaben pro Jahr die wesentlichen Themen f\u00fcr F\u00fchrungskr\u00e4fte von KMU auf.","publisher":{"@id":"https:\/\/www.organisator.ch\/#organization"},"potentialAction":[{"@type":"SearchAction","target":{"@type":"EntryPoint","urlTemplate":"https:\/\/www.organisator.ch\/?s={search_term_string}"},"query-input":{"@type":"PropertyValueSpecification","valueRequired":true,"valueName":"search_term_string"}}],"inLanguage":"de"},{"@type":"Organization","@id":"https:\/\/www.organisator.ch\/#organization","name":"Organisator","url":"https:\/\/www.organisator.ch\/","logo":{"@type":"ImageObject","inLanguage":"de","@id":"https:\/\/www.organisator.ch\/#\/schema\/logo\/image\/","url":"https:\/\/www.organisator.ch\/wp-content\/uploads\/2022\/01\/Logo_Organisator_Website.png","contentUrl":"https:\/\/www.organisator.ch\/wp-content\/uploads\/2022\/01\/Logo_Organisator_Website.png","width":800,"height":77,"caption":"Organisator"},"image":{"@id":"https:\/\/www.organisator.ch\/#\/schema\/logo\/image\/"},"sameAs":["https:\/\/www.facebook.com\/OrganisatorFachmagazin","https:\/\/www.linkedin.com\/showcase\/organisator-das-magazin-fr-kmu","https:\/\/www.xing.com\/news\/pages\/organisator-ch-695","https:\/\/www.youtube.com\/channel\/UCGP2Sq0iWaZwT3BdIAQFYpw"]},{"@type":"Person","@id":"https:\/\/www.organisator.ch\/#\/schema\/person\/4e51799071cd2dd1232ac003643ef5f0","name":"galledia","image":{"@type":"ImageObject","inLanguage":"de","@id":"https:\/\/secure.gravatar.com\/avatar\/78a7f90c01fc2bfc875782a0d4922b37cde2cf184ce347b91316d23cd7f69a36?s=96&d=mm&r=g","url":"https:\/\/secure.gravatar.com\/avatar\/78a7f90c01fc2bfc875782a0d4922b37cde2cf184ce347b91316d23cd7f69a36?s=96&d=mm&r=g","contentUrl":"https:\/\/secure.gravatar.com\/avatar\/78a7f90c01fc2bfc875782a0d4922b37cde2cf184ce347b91316d23cd7f69a36?s=96&d=mm&r=g","caption":"galledia"},"sameAs":["https:\/\/x.com\/admin"],"url":"https:\/\/www.organisator.ch\/de\/author\/galledia\/"}]}},"_links":{"self":[{"href":"https:\/\/www.organisator.ch\/de\/wp-json\/wp\/v2\/posts\/25295","targetHints":{"allow":["GET"]}}],"collection":[{"href":"https:\/\/www.organisator.ch\/de\/wp-json\/wp\/v2\/posts"}],"about":[{"href":"https:\/\/www.organisator.ch\/de\/wp-json\/wp\/v2\/types\/post"}],"author":[{"embeddable":true,"href":"https:\/\/www.organisator.ch\/de\/wp-json\/wp\/v2\/users\/8"}],"replies":[{"embeddable":true,"href":"https:\/\/www.organisator.ch\/de\/wp-json\/wp\/v2\/comments?post=25295"}],"version-history":[{"count":7,"href":"https:\/\/www.organisator.ch\/de\/wp-json\/wp\/v2\/posts\/25295\/revisions"}],"predecessor-version":[{"id":32470,"href":"https:\/\/www.organisator.ch\/de\/wp-json\/wp\/v2\/posts\/25295\/revisions\/32470"}],"wp:attachment":[{"href":"https:\/\/www.organisator.ch\/de\/wp-json\/wp\/v2\/media?parent=25295"}],"wp:term":[{"taxonomy":"category","embeddable":true,"href":"https:\/\/www.organisator.ch\/de\/wp-json\/wp\/v2\/categories?post=25295"},{"taxonomy":"post_tag","embeddable":true,"href":"https:\/\/www.organisator.ch\/de\/wp-json\/wp\/v2\/tags?post=25295"}],"curies":[{"name":"wp","href":"https:\/\/api.w.org\/{rel}","templated":true}]}}