{"id":25313,"date":"2024-02-22T13:51:49","date_gmt":"2024-02-22T12:51:49","guid":{"rendered":"https:\/\/www.werbewoche.ch\/?p=211008"},"modified":"2024-11-11T16:21:46","modified_gmt":"2024-11-11T15:21:46","slug":"region-zuerich-meldet-neuen-gaesterekord-doch-chinesische-gaeste-bleiben-fern","status":"publish","type":"post","link":"https:\/\/www.organisator.ch\/de\/marketing\/2024-02-22\/region-zuerich-meldet-neuen-gaesterekord-doch-chinesische-gaeste-bleiben-fern\/","title":{"rendered":"Region Z\u00fcrich meldet neuen G\u00e4sterekord \u2013 doch chinesische G\u00e4ste bleiben fern"},"content":{"rendered":"<figure id=\"attachment_211009\" class=\"wp-caption aligncenter\" style=\"width: 1024px\" aria-describedby=\"caption-attachment-211009\"><img class=\"aligncenter wp-image-211009 size-full\" src=\"https:\/\/www.werbewoche.ch\/wp-content\/uploads\/2024\/02\/Zuerich-Tourismus-Gaesterekord.jpg\" alt=\"Tourismus Z\u00fcrich 2024\" width=\"1024\" height=\"768\" \/>\r\n<figcaption id=\"caption-attachment-211009\" class=\"wp-caption-text\">Die Region Z\u00fcrich hatte im vergangenen Jahr 20 Prozent mehr Reisende als im Vorjahr. Die chinesischen G\u00e4ste sind bisher aber gr\u00f6sstenteils nicht zur\u00fcckgekehrt. (Symbolbild: Keystone\/Steffen Schmidt)<\/figcaption>\r\n<\/figure>\r\n<p>\u00abMit einer solch starken Erholung haben wir nicht gerechnet\u00bb, sagte Thomas W\u00fcthrich, Direktor von Z\u00fcrich Tourismus, am Donnerstag vor den Medien. \u00abWir sind selber \u00fcberrascht.\u00bb<\/p>\r\n<p>Die meisten Tourist:innen, die in der Region \u00fcbernachten, kommen aktuell aus der Schweiz. Statt nach London oder Paris reisen viele Schweizer:innen f\u00fcr einen St\u00e4dtetrip an die Limmat. Nach den Schweizer G\u00e4sten folgen jene aus Nordamerika, jene aus Deutschland, Grossbritannien und S\u00fcdostasien. H\u00e4ufig ist Z\u00fcrich dann Ausgangspunkt f\u00fcr Reisen in andere Regionen.<\/p>\r\n<h3>Brit:innen kommen zum Zugfahren<\/h3>\r\n<p>Vor allem Amerikaner:innen h\u00e4tten einen grossen Nachholbedarf, sagte W\u00fcthrich weiter. Die Brit:innen fahren hingegen auffallend gerne Zug. Hier half wohl die <a href=\"https:\/\/www.werbewoche.ch\/de\/werbung\/kampagnen\/2023-03-30\/schweiz-tourismus-wirbt-mit-roger-federer-und-trevor-noah\/\" rel=\"noopener\">Werbekampagne mit Roger Federer und Trevor Noah<\/a>, welche 2023 die \u00abGrand Train Tour of Switzerland\u00bb bewarb, eine Kombination aller bekannten Panoramastrecken. Diese Reise f\u00fchrt auch durch Z\u00fcrich, wo die Bahnreisenden dann h\u00e4ufig \u00fcbernachten.<\/p>\r\n<p>Wer hingegen fernbleibt, sind die chinesischen G\u00e4ste: Seit der Corona-Pandemie sind kaum mehr fotografierende Gruppen in der Z\u00fcrcher Innenstadt zu sehen.<\/p>\r\n<h3>Kaum chinesische Gruppenreisen mehr<\/h3>\r\n<p>Es gebe zwar erste Tendenzen, dass Chines:innen wieder nach Z\u00fcrich kommen, dann allerdings eher als Individualtouristen, nicht in Gruppen. Z\u00fcrich Tourismus wirbt zwar im chinesischen Markt, allerdings gem\u00e4ss W\u00fcthrich \u00abmit angezogener Handbremse.\u00bb<\/p>\r\n<p>Wer ebenfalls nicht zur\u00fcckkommt, sind klassische Gesch\u00e4ftsreisende, die eine oder zwei N\u00e4chte in der Region Z\u00fcrich bleiben. Dieses Segment ist wegen den allt\u00e4glich gewordenen Online-Sitzungen wohl definitiv verloren. \u00abGesch\u00e4ftsreisen gibt es nur noch bei Kongressen, wenn man in kurzer Zeit viele Leute treffen kann.\u00bb<\/p>\r\n<h3>Zahlen d\u00fcrften stagnieren<\/h3>\r\n<p>Was das laufende Jahr betrifft, erwartet Z\u00fcrich Tourismus bei den \u00dcbernachtungen eine Stagnation. \u00abDie Entwicklung des vergangenen Jahres d\u00fcrfte sich 2024 kaum wiederholen\u00bb, sagte W\u00fcthrich.<\/p>\r\n<p>Auch wenn die Schweiz im Ausland nach wie vor vor allem f\u00fcr ihre Berge bekannt ist, machen \u00dcbernachtungen in St\u00e4dten mittlerweile einen Drittel aller \u00dcbernachtungen aus. Am meisten \u00dcbernachtungen sind es in Z\u00fcrich, gefolgt von Genf, Basel und Luzern. <em>(SDA)<\/em><\/p>","protected":false},"excerpt":{"rendered":"<p>Die Tourist:innen sind zur\u00fcck: Die Region Z\u00fcrich hat im vergangenen Jahr fast sieben Millionen Logiern\u00e4chte verzeichnet, das sind rund 20 Prozent mehr als im Vorjahr. Damit l\u00f6st das Jahr 2023 sogar das bisherige Rekordjahr 2019 ab.<\/p>\n","protected":false},"author":8,"featured_media":0,"comment_status":"closed","ping_status":"closed","sticky":false,"template":"","format":"standard","meta":{"_acf_changed":false,"_yoast_wpseo_focuskw":"Tourismus Z\u00fcrich 2024","_yoast_wpseo_metadesc":"Z\u00fcrich verzeichnet 2023 einen Anstieg von 20% bei Reisenden. Chinesische G\u00e4ste fehlen weiterhin.","articlekey":"","footnotes":""},"categories":[29],"tags":[339,2317,542],"class_list":["post-25313","post","type-post","status-publish","format-standard","hentry","category-marketing","tag-marketing","tag-tourismus","tag-zuerich"],"acf":[],"yoast_head":"<!-- This site is optimized with the Yoast SEO plugin v27.4 - https:\/\/yoast.com\/product\/yoast-seo-wordpress\/ -->\n<title>Region Z\u00fcrich meldet neuen G\u00e4sterekord \u2013 doch chinesische G\u00e4ste bleiben fern - Organisator<\/title>\n<meta name=\"description\" content=\"Z\u00fcrich verzeichnet 2023 einen Anstieg von 20% bei Reisenden. Chinesische G\u00e4ste fehlen weiterhin.\" \/>\n<meta name=\"robots\" content=\"index, follow, max-snippet:-1, max-image-preview:large, max-video-preview:-1\" \/>\n<link rel=\"canonical\" href=\"https:\/\/www.organisator.ch\/de\/marketing\/2024-02-22\/region-zuerich-meldet-neuen-gaesterekord-doch-chinesische-gaeste-bleiben-fern\/\" \/>\n<meta property=\"og:locale\" content=\"de_DE\" \/>\n<meta property=\"og:type\" content=\"article\" \/>\n<meta property=\"og:title\" content=\"Region Z\u00fcrich meldet neuen G\u00e4sterekord \u2013 doch chinesische G\u00e4ste bleiben fern - Organisator\" \/>\n<meta property=\"og:description\" content=\"Z\u00fcrich verzeichnet 2023 einen Anstieg von 20% bei Reisenden. Chinesische G\u00e4ste fehlen weiterhin.\" \/>\n<meta property=\"og:url\" content=\"https:\/\/www.organisator.ch\/de\/marketing\/2024-02-22\/region-zuerich-meldet-neuen-gaesterekord-doch-chinesische-gaeste-bleiben-fern\/\" \/>\n<meta property=\"og:site_name\" content=\"Organisator\" \/>\n<meta property=\"article:publisher\" content=\"https:\/\/www.facebook.com\/OrganisatorFachmagazin\" \/>\n<meta property=\"article:published_time\" content=\"2024-02-22T12:51:49+00:00\" \/>\n<meta property=\"article:modified_time\" content=\"2024-11-11T15:21:46+00:00\" \/>\n<meta property=\"og:image\" content=\"https:\/\/www.werbewoche.ch\/wp-content\/uploads\/2024\/02\/Zuerich-Tourismus-Gaesterekord.jpg\" \/>\n<meta name=\"author\" content=\"galledia\" \/>\n<meta name=\"twitter:card\" content=\"summary_large_image\" \/>\n<meta name=\"twitter:creator\" content=\"@admin\" \/>\n<script type=\"application\/ld+json\" class=\"yoast-schema-graph\">{\"@context\":\"https:\\\/\\\/schema.org\",\"@graph\":[{\"@type\":\"Article\",\"@id\":\"https:\\\/\\\/www.organisator.ch\\\/marketing\\\/2024-02-22\\\/region-zuerich-meldet-neuen-gaesterekord-doch-chinesische-gaeste-bleiben-fern\\\/#article\",\"isPartOf\":{\"@id\":\"https:\\\/\\\/www.organisator.ch\\\/marketing\\\/2024-02-22\\\/region-zuerich-meldet-neuen-gaesterekord-doch-chinesische-gaeste-bleiben-fern\\\/\"},\"author\":{\"name\":\"galledia\",\"@id\":\"https:\\\/\\\/www.organisator.ch\\\/#\\\/schema\\\/person\\\/4e51799071cd2dd1232ac003643ef5f0\"},\"headline\":\"Region Z\u00fcrich meldet neuen G\u00e4sterekord \u2013 doch chinesische G\u00e4ste bleiben fern\",\"datePublished\":\"2024-02-22T12:51:49+00:00\",\"dateModified\":\"2024-11-11T15:21:46+00:00\",\"mainEntityOfPage\":{\"@id\":\"https:\\\/\\\/www.organisator.ch\\\/marketing\\\/2024-02-22\\\/region-zuerich-meldet-neuen-gaesterekord-doch-chinesische-gaeste-bleiben-fern\\\/\"},\"wordCount\":383,\"publisher\":{\"@id\":\"https:\\\/\\\/www.organisator.ch\\\/#organization\"},\"image\":{\"@id\":\"https:\\\/\\\/www.organisator.ch\\\/marketing\\\/2024-02-22\\\/region-zuerich-meldet-neuen-gaesterekord-doch-chinesische-gaeste-bleiben-fern\\\/#primaryimage\"},\"thumbnailUrl\":\"https:\\\/\\\/www.werbewoche.ch\\\/wp-content\\\/uploads\\\/2024\\\/02\\\/Zuerich-Tourismus-Gaesterekord.jpg\",\"keywords\":[\"Marketing\",\"Tourismus\",\"Z\u00fcrich\"],\"articleSection\":[\"MARKETING\"],\"inLanguage\":\"de\"},{\"@type\":\"WebPage\",\"@id\":\"https:\\\/\\\/www.organisator.ch\\\/marketing\\\/2024-02-22\\\/region-zuerich-meldet-neuen-gaesterekord-doch-chinesische-gaeste-bleiben-fern\\\/\",\"url\":\"https:\\\/\\\/www.organisator.ch\\\/marketing\\\/2024-02-22\\\/region-zuerich-meldet-neuen-gaesterekord-doch-chinesische-gaeste-bleiben-fern\\\/\",\"name\":\"Region Z\u00fcrich meldet neuen G\u00e4sterekord \u2013 doch chinesische G\u00e4ste bleiben fern - Organisator\",\"isPartOf\":{\"@id\":\"https:\\\/\\\/www.organisator.ch\\\/#website\"},\"primaryImageOfPage\":{\"@id\":\"https:\\\/\\\/www.organisator.ch\\\/marketing\\\/2024-02-22\\\/region-zuerich-meldet-neuen-gaesterekord-doch-chinesische-gaeste-bleiben-fern\\\/#primaryimage\"},\"image\":{\"@id\":\"https:\\\/\\\/www.organisator.ch\\\/marketing\\\/2024-02-22\\\/region-zuerich-meldet-neuen-gaesterekord-doch-chinesische-gaeste-bleiben-fern\\\/#primaryimage\"},\"thumbnailUrl\":\"https:\\\/\\\/www.werbewoche.ch\\\/wp-content\\\/uploads\\\/2024\\\/02\\\/Zuerich-Tourismus-Gaesterekord.jpg\",\"datePublished\":\"2024-02-22T12:51:49+00:00\",\"dateModified\":\"2024-11-11T15:21:46+00:00\",\"description\":\"Z\u00fcrich verzeichnet 2023 einen Anstieg von 20% bei Reisenden. Chinesische G\u00e4ste fehlen weiterhin.\",\"breadcrumb\":{\"@id\":\"https:\\\/\\\/www.organisator.ch\\\/marketing\\\/2024-02-22\\\/region-zuerich-meldet-neuen-gaesterekord-doch-chinesische-gaeste-bleiben-fern\\\/#breadcrumb\"},\"inLanguage\":\"de\",\"potentialAction\":[{\"@type\":\"ReadAction\",\"target\":[\"https:\\\/\\\/www.organisator.ch\\\/marketing\\\/2024-02-22\\\/region-zuerich-meldet-neuen-gaesterekord-doch-chinesische-gaeste-bleiben-fern\\\/\"]}]},{\"@type\":\"ImageObject\",\"inLanguage\":\"de\",\"@id\":\"https:\\\/\\\/www.organisator.ch\\\/marketing\\\/2024-02-22\\\/region-zuerich-meldet-neuen-gaesterekord-doch-chinesische-gaeste-bleiben-fern\\\/#primaryimage\",\"url\":\"https:\\\/\\\/www.werbewoche.ch\\\/wp-content\\\/uploads\\\/2024\\\/02\\\/Zuerich-Tourismus-Gaesterekord.jpg\",\"contentUrl\":\"https:\\\/\\\/www.werbewoche.ch\\\/wp-content\\\/uploads\\\/2024\\\/02\\\/Zuerich-Tourismus-Gaesterekord.jpg\"},{\"@type\":\"BreadcrumbList\",\"@id\":\"https:\\\/\\\/www.organisator.ch\\\/marketing\\\/2024-02-22\\\/region-zuerich-meldet-neuen-gaesterekord-doch-chinesische-gaeste-bleiben-fern\\\/#breadcrumb\",\"itemListElement\":[{\"@type\":\"ListItem\",\"position\":1,\"name\":\"Home\",\"item\":\"https:\\\/\\\/www.organisator.ch\\\/\"},{\"@type\":\"ListItem\",\"position\":2,\"name\":\"Region Z\u00fcrich meldet neuen G\u00e4sterekord \u2013 doch chinesische G\u00e4ste bleiben fern\"}]},{\"@type\":\"WebSite\",\"@id\":\"https:\\\/\\\/www.organisator.ch\\\/#website\",\"url\":\"https:\\\/\\\/www.organisator.ch\\\/\",\"name\":\"Organisator\",\"description\":\"Kompetent. Praxisnah. Der ORGANISATOR bereitet in 10 Ausgaben pro Jahr die wesentlichen Themen f\u00fcr F\u00fchrungskr\u00e4fte von KMU auf.\",\"publisher\":{\"@id\":\"https:\\\/\\\/www.organisator.ch\\\/#organization\"},\"potentialAction\":[{\"@type\":\"SearchAction\",\"target\":{\"@type\":\"EntryPoint\",\"urlTemplate\":\"https:\\\/\\\/www.organisator.ch\\\/?s={search_term_string}\"},\"query-input\":{\"@type\":\"PropertyValueSpecification\",\"valueRequired\":true,\"valueName\":\"search_term_string\"}}],\"inLanguage\":\"de\"},{\"@type\":\"Organization\",\"@id\":\"https:\\\/\\\/www.organisator.ch\\\/#organization\",\"name\":\"Organisator\",\"url\":\"https:\\\/\\\/www.organisator.ch\\\/\",\"logo\":{\"@type\":\"ImageObject\",\"inLanguage\":\"de\",\"@id\":\"https:\\\/\\\/www.organisator.ch\\\/#\\\/schema\\\/logo\\\/image\\\/\",\"url\":\"https:\\\/\\\/www.organisator.ch\\\/wp-content\\\/uploads\\\/2022\\\/01\\\/Logo_Organisator_Website.png\",\"contentUrl\":\"https:\\\/\\\/www.organisator.ch\\\/wp-content\\\/uploads\\\/2022\\\/01\\\/Logo_Organisator_Website.png\",\"width\":800,\"height\":77,\"caption\":\"Organisator\"},\"image\":{\"@id\":\"https:\\\/\\\/www.organisator.ch\\\/#\\\/schema\\\/logo\\\/image\\\/\"},\"sameAs\":[\"https:\\\/\\\/www.facebook.com\\\/OrganisatorFachmagazin\",\"https:\\\/\\\/www.linkedin.com\\\/showcase\\\/organisator-das-magazin-fr-kmu\",\"https:\\\/\\\/www.xing.com\\\/news\\\/pages\\\/organisator-ch-695\",\"https:\\\/\\\/www.youtube.com\\\/channel\\\/UCGP2Sq0iWaZwT3BdIAQFYpw\"]},{\"@type\":\"Person\",\"@id\":\"https:\\\/\\\/www.organisator.ch\\\/#\\\/schema\\\/person\\\/4e51799071cd2dd1232ac003643ef5f0\",\"name\":\"galledia\",\"image\":{\"@type\":\"ImageObject\",\"inLanguage\":\"de\",\"@id\":\"https:\\\/\\\/secure.gravatar.com\\\/avatar\\\/78a7f90c01fc2bfc875782a0d4922b37cde2cf184ce347b91316d23cd7f69a36?s=96&d=mm&r=g\",\"url\":\"https:\\\/\\\/secure.gravatar.com\\\/avatar\\\/78a7f90c01fc2bfc875782a0d4922b37cde2cf184ce347b91316d23cd7f69a36?s=96&d=mm&r=g\",\"contentUrl\":\"https:\\\/\\\/secure.gravatar.com\\\/avatar\\\/78a7f90c01fc2bfc875782a0d4922b37cde2cf184ce347b91316d23cd7f69a36?s=96&d=mm&r=g\",\"caption\":\"galledia\"},\"sameAs\":[\"https:\\\/\\\/x.com\\\/admin\"],\"url\":\"https:\\\/\\\/www.organisator.ch\\\/de\\\/author\\\/galledia\\\/\"}]}<\/script>\n<!-- \/ Yoast SEO plugin. -->","yoast_head_json":{"title":"Region Z\u00fcrich meldet neuen G\u00e4sterekord \u2013 doch chinesische G\u00e4ste bleiben fern - Organisator","description":"Z\u00fcrich verzeichnet 2023 einen Anstieg von 20% bei Reisenden. Chinesische G\u00e4ste fehlen weiterhin.","robots":{"index":"index","follow":"follow","max-snippet":"max-snippet:-1","max-image-preview":"max-image-preview:large","max-video-preview":"max-video-preview:-1"},"canonical":"https:\/\/www.organisator.ch\/de\/marketing\/2024-02-22\/region-zuerich-meldet-neuen-gaesterekord-doch-chinesische-gaeste-bleiben-fern\/","og_locale":"de_DE","og_type":"article","og_title":"Region Z\u00fcrich meldet neuen G\u00e4sterekord \u2013 doch chinesische G\u00e4ste bleiben fern - Organisator","og_description":"Z\u00fcrich verzeichnet 2023 einen Anstieg von 20% bei Reisenden. Chinesische G\u00e4ste fehlen weiterhin.","og_url":"https:\/\/www.organisator.ch\/de\/marketing\/2024-02-22\/region-zuerich-meldet-neuen-gaesterekord-doch-chinesische-gaeste-bleiben-fern\/","og_site_name":"Organisator","article_publisher":"https:\/\/www.facebook.com\/OrganisatorFachmagazin","article_published_time":"2024-02-22T12:51:49+00:00","article_modified_time":"2024-11-11T15:21:46+00:00","og_image":[{"url":"https:\/\/www.werbewoche.ch\/wp-content\/uploads\/2024\/02\/Zuerich-Tourismus-Gaesterekord.jpg","type":"","width":"","height":""}],"author":"galledia","twitter_card":"summary_large_image","twitter_creator":"@admin","schema":{"@context":"https:\/\/schema.org","@graph":[{"@type":"Article","@id":"https:\/\/www.organisator.ch\/marketing\/2024-02-22\/region-zuerich-meldet-neuen-gaesterekord-doch-chinesische-gaeste-bleiben-fern\/#article","isPartOf":{"@id":"https:\/\/www.organisator.ch\/marketing\/2024-02-22\/region-zuerich-meldet-neuen-gaesterekord-doch-chinesische-gaeste-bleiben-fern\/"},"author":{"name":"galledia","@id":"https:\/\/www.organisator.ch\/#\/schema\/person\/4e51799071cd2dd1232ac003643ef5f0"},"headline":"Region Z\u00fcrich meldet neuen G\u00e4sterekord \u2013 doch chinesische G\u00e4ste bleiben fern","datePublished":"2024-02-22T12:51:49+00:00","dateModified":"2024-11-11T15:21:46+00:00","mainEntityOfPage":{"@id":"https:\/\/www.organisator.ch\/marketing\/2024-02-22\/region-zuerich-meldet-neuen-gaesterekord-doch-chinesische-gaeste-bleiben-fern\/"},"wordCount":383,"publisher":{"@id":"https:\/\/www.organisator.ch\/#organization"},"image":{"@id":"https:\/\/www.organisator.ch\/marketing\/2024-02-22\/region-zuerich-meldet-neuen-gaesterekord-doch-chinesische-gaeste-bleiben-fern\/#primaryimage"},"thumbnailUrl":"https:\/\/www.werbewoche.ch\/wp-content\/uploads\/2024\/02\/Zuerich-Tourismus-Gaesterekord.jpg","keywords":["Marketing","Tourismus","Z\u00fcrich"],"articleSection":["MARKETING"],"inLanguage":"de"},{"@type":"WebPage","@id":"https:\/\/www.organisator.ch\/marketing\/2024-02-22\/region-zuerich-meldet-neuen-gaesterekord-doch-chinesische-gaeste-bleiben-fern\/","url":"https:\/\/www.organisator.ch\/marketing\/2024-02-22\/region-zuerich-meldet-neuen-gaesterekord-doch-chinesische-gaeste-bleiben-fern\/","name":"Region Z\u00fcrich meldet neuen G\u00e4sterekord \u2013 doch chinesische G\u00e4ste bleiben fern - Organisator","isPartOf":{"@id":"https:\/\/www.organisator.ch\/#website"},"primaryImageOfPage":{"@id":"https:\/\/www.organisator.ch\/marketing\/2024-02-22\/region-zuerich-meldet-neuen-gaesterekord-doch-chinesische-gaeste-bleiben-fern\/#primaryimage"},"image":{"@id":"https:\/\/www.organisator.ch\/marketing\/2024-02-22\/region-zuerich-meldet-neuen-gaesterekord-doch-chinesische-gaeste-bleiben-fern\/#primaryimage"},"thumbnailUrl":"https:\/\/www.werbewoche.ch\/wp-content\/uploads\/2024\/02\/Zuerich-Tourismus-Gaesterekord.jpg","datePublished":"2024-02-22T12:51:49+00:00","dateModified":"2024-11-11T15:21:46+00:00","description":"Z\u00fcrich verzeichnet 2023 einen Anstieg von 20% bei Reisenden. Chinesische G\u00e4ste fehlen weiterhin.","breadcrumb":{"@id":"https:\/\/www.organisator.ch\/marketing\/2024-02-22\/region-zuerich-meldet-neuen-gaesterekord-doch-chinesische-gaeste-bleiben-fern\/#breadcrumb"},"inLanguage":"de","potentialAction":[{"@type":"ReadAction","target":["https:\/\/www.organisator.ch\/marketing\/2024-02-22\/region-zuerich-meldet-neuen-gaesterekord-doch-chinesische-gaeste-bleiben-fern\/"]}]},{"@type":"ImageObject","inLanguage":"de","@id":"https:\/\/www.organisator.ch\/marketing\/2024-02-22\/region-zuerich-meldet-neuen-gaesterekord-doch-chinesische-gaeste-bleiben-fern\/#primaryimage","url":"https:\/\/www.werbewoche.ch\/wp-content\/uploads\/2024\/02\/Zuerich-Tourismus-Gaesterekord.jpg","contentUrl":"https:\/\/www.werbewoche.ch\/wp-content\/uploads\/2024\/02\/Zuerich-Tourismus-Gaesterekord.jpg"},{"@type":"BreadcrumbList","@id":"https:\/\/www.organisator.ch\/marketing\/2024-02-22\/region-zuerich-meldet-neuen-gaesterekord-doch-chinesische-gaeste-bleiben-fern\/#breadcrumb","itemListElement":[{"@type":"ListItem","position":1,"name":"Home","item":"https:\/\/www.organisator.ch\/"},{"@type":"ListItem","position":2,"name":"Region Z\u00fcrich meldet neuen G\u00e4sterekord \u2013 doch chinesische G\u00e4ste bleiben fern"}]},{"@type":"WebSite","@id":"https:\/\/www.organisator.ch\/#website","url":"https:\/\/www.organisator.ch\/","name":"Organisator","description":"Kompetent. Praxisnah. Der ORGANISATOR bereitet in 10 Ausgaben pro Jahr die wesentlichen Themen f\u00fcr F\u00fchrungskr\u00e4fte von KMU auf.","publisher":{"@id":"https:\/\/www.organisator.ch\/#organization"},"potentialAction":[{"@type":"SearchAction","target":{"@type":"EntryPoint","urlTemplate":"https:\/\/www.organisator.ch\/?s={search_term_string}"},"query-input":{"@type":"PropertyValueSpecification","valueRequired":true,"valueName":"search_term_string"}}],"inLanguage":"de"},{"@type":"Organization","@id":"https:\/\/www.organisator.ch\/#organization","name":"Organisator","url":"https:\/\/www.organisator.ch\/","logo":{"@type":"ImageObject","inLanguage":"de","@id":"https:\/\/www.organisator.ch\/#\/schema\/logo\/image\/","url":"https:\/\/www.organisator.ch\/wp-content\/uploads\/2022\/01\/Logo_Organisator_Website.png","contentUrl":"https:\/\/www.organisator.ch\/wp-content\/uploads\/2022\/01\/Logo_Organisator_Website.png","width":800,"height":77,"caption":"Organisator"},"image":{"@id":"https:\/\/www.organisator.ch\/#\/schema\/logo\/image\/"},"sameAs":["https:\/\/www.facebook.com\/OrganisatorFachmagazin","https:\/\/www.linkedin.com\/showcase\/organisator-das-magazin-fr-kmu","https:\/\/www.xing.com\/news\/pages\/organisator-ch-695","https:\/\/www.youtube.com\/channel\/UCGP2Sq0iWaZwT3BdIAQFYpw"]},{"@type":"Person","@id":"https:\/\/www.organisator.ch\/#\/schema\/person\/4e51799071cd2dd1232ac003643ef5f0","name":"galledia","image":{"@type":"ImageObject","inLanguage":"de","@id":"https:\/\/secure.gravatar.com\/avatar\/78a7f90c01fc2bfc875782a0d4922b37cde2cf184ce347b91316d23cd7f69a36?s=96&d=mm&r=g","url":"https:\/\/secure.gravatar.com\/avatar\/78a7f90c01fc2bfc875782a0d4922b37cde2cf184ce347b91316d23cd7f69a36?s=96&d=mm&r=g","contentUrl":"https:\/\/secure.gravatar.com\/avatar\/78a7f90c01fc2bfc875782a0d4922b37cde2cf184ce347b91316d23cd7f69a36?s=96&d=mm&r=g","caption":"galledia"},"sameAs":["https:\/\/x.com\/admin"],"url":"https:\/\/www.organisator.ch\/de\/author\/galledia\/"}]}},"_links":{"self":[{"href":"https:\/\/www.organisator.ch\/de\/wp-json\/wp\/v2\/posts\/25313","targetHints":{"allow":["GET"]}}],"collection":[{"href":"https:\/\/www.organisator.ch\/de\/wp-json\/wp\/v2\/posts"}],"about":[{"href":"https:\/\/www.organisator.ch\/de\/wp-json\/wp\/v2\/types\/post"}],"author":[{"embeddable":true,"href":"https:\/\/www.organisator.ch\/de\/wp-json\/wp\/v2\/users\/8"}],"replies":[{"embeddable":true,"href":"https:\/\/www.organisator.ch\/de\/wp-json\/wp\/v2\/comments?post=25313"}],"version-history":[{"count":4,"href":"https:\/\/www.organisator.ch\/de\/wp-json\/wp\/v2\/posts\/25313\/revisions"}],"predecessor-version":[{"id":32468,"href":"https:\/\/www.organisator.ch\/de\/wp-json\/wp\/v2\/posts\/25313\/revisions\/32468"}],"wp:attachment":[{"href":"https:\/\/www.organisator.ch\/de\/wp-json\/wp\/v2\/media?parent=25313"}],"wp:term":[{"taxonomy":"category","embeddable":true,"href":"https:\/\/www.organisator.ch\/de\/wp-json\/wp\/v2\/categories?post=25313"},{"taxonomy":"post_tag","embeddable":true,"href":"https:\/\/www.organisator.ch\/de\/wp-json\/wp\/v2\/tags?post=25313"}],"curies":[{"name":"wp","href":"https:\/\/api.w.org\/{rel}","templated":true}]}}