{"id":25319,"date":"2024-02-26T06:45:18","date_gmt":"2024-02-26T05:45:18","guid":{"rendered":"https:\/\/www.organisator.ch\/?p=25319"},"modified":"2024-03-06T09:44:44","modified_gmt":"2024-03-06T08:44:44","slug":"jeder-fuenfte-schweizer-besorgt-ueber-ki-am-arbeitsplatz","status":"publish","type":"post","link":"https:\/\/www.organisator.ch\/de\/human-resources\/2024-02-26\/jeder-fuenfte-schweizer-besorgt-ueber-ki-am-arbeitsplatz\/","title":{"rendered":"Jeder f\u00fcnfte Schweizer besorgt \u00fcber KI am Arbeitsplatz"},"content":{"rendered":"<figure id=\"attachment_25320\" aria-describedby=\"caption-attachment-25320\" style=\"width: 680px\" class=\"wp-caption alignnone\"><img loading=\"lazy\" decoding=\"async\" class=\"size-full wp-image-25320\" src=\"https:\/\/www.organisator.ch\/wp-content\/uploads\/2024\/02\/Lebenslaufapp_Bild1_ps.jpg\" alt=\"\" width=\"680\" height=\"454\" srcset=\"https:\/\/www.organisator.ch\/wp-content\/uploads\/2024\/02\/Lebenslaufapp_Bild1_ps.jpg 680w, https:\/\/www.organisator.ch\/wp-content\/uploads\/2024\/02\/Lebenslaufapp_Bild1_ps-18x12.jpg 18w, https:\/\/www.organisator.ch\/wp-content\/uploads\/2024\/02\/Lebenslaufapp_Bild1_ps-375x250.jpg 375w, https:\/\/www.organisator.ch\/wp-content\/uploads\/2024\/02\/Lebenslaufapp_Bild1_ps-524x350.jpg 524w\" sizes=\"auto, (max-width: 680px) 100vw, 680px\" \/><figcaption id=\"caption-attachment-25320\" class=\"wp-caption-text\">Fast ein F\u00fcnftel (19 %) der Schweizer Arbeitnehmer bef\u00fcrchten, dass KI negative Auswirkungen auf ihren Job haben wird. (Bild: www.depositphotos.com)<\/figcaption><\/figure>\n<p>Lebenslaufapp.ch zeigt, dass 19 % der Schweizer Befragten bef\u00fcrchten, dass KI sich negativ auf ihre Arbeit auswirken wird. Jeder Dritte (32,8 %) glaubt jedoch, dass KI dabei helfen kann, die professionellen F\u00e4higkeiten im Beruf zu verbessern. Interessanterweise sind m\u00e4nnliche Befragte skeptischer als die weiblichen Teilnehmer: 19,3 % sind sich sicher, dass KI sie negativ beeinflussen wird, verglichen mit 18,7 % der weiblichen Antworten.<\/p>\n<h3><strong>Schweizer Arbeitnehmer zwischen dem Alter 50 und 70 Jahren sind am meisten \u00fcber KI am Arbeitsplatz besorgt<\/strong><\/h3>\n<p>Jeder f\u00fcnfte Schweizer Berufst\u00e4tige im Alter zwischen 50 und 70 Jahren (19,2%) hat am meisten Angst davor, dass KI seinen Job ganz \u00fcbernehmen wird, dicht gefolgt von den 25- bis 49-J\u00e4hrigen (19%). Die Befragten im Alter von 18 bis 24 Jahren sind am wenigsten besorgt \u00fcber die \u00dcbernahme ihrer Arbeitspl\u00e4tze durch KI (17,9 %). Dies kann darauf zur\u00fcckzuf\u00fchren sein, dass die j\u00fcngere Generation in einer Zeit des technologischen Fortschritts aufw\u00e4chst, mit der Tendenz, sich besser an neue Ver\u00e4nderungen auf dem Arbeitsmarkt anzupassen, die durch KI-Entwicklungen gesteuert werden.<\/p>\n<p><strong>Branchen, die am meisten bef\u00fcrchten, durch KI ersetzt zu werden:\u00a0<\/strong><\/p>\n<table style=\"width: 58.0578%;\">\n<tbody>\n<tr>\n<td style=\"width: 67.5%;\">\n<p><strong>Branche<\/strong><\/p>\n<\/td>\n<td style=\"width: 31.5%;\">\n<p><strong>Durchschnittlicher Anteil (%)\u00a0<\/strong><\/p>\n<\/td>\n<\/tr>\n<tr>\n<td style=\"width: 67.5%;\">\n<p>Informations- und Kommunikationstechnologie<\/p>\n<\/td>\n<td style=\"width: 31.5%;\">\n<p><strong>28,0 %<\/strong><\/p>\n<\/td>\n<\/tr>\n<tr>\n<td style=\"width: 67.5%;\">\n<p>Bank- und Versicherungswesen<\/p>\n<\/td>\n<td style=\"width: 31.5%;\">\n<p><strong>22,8 %<\/strong><\/p>\n<\/td>\n<\/tr>\n<tr>\n<td style=\"width: 67.5%;\">\n<p>Fach-, Wissenschafts- und Technologiebranche<\/p>\n<\/td>\n<td style=\"width: 31.5%;\">\n<p><strong>22,0 %<\/strong><\/p>\n<\/td>\n<\/tr>\n<tr>\n<td style=\"width: 67.5%;\">\n<p>Immobilien und andere wirtschaftliche Dienstleistungen<\/p>\n<\/td>\n<td style=\"width: 31.5%;\">\n<p><strong>20,4 %<\/strong><\/p>\n<\/td>\n<\/tr>\n<tr>\n<td style=\"width: 67.5%;\">\n<p>\u00d6ffentliche Verwaltung, extraterritoriale Organisationen und Einrichtungen<\/p>\n<\/td>\n<td style=\"width: 31.5%;\">\n<p><strong>20,3 %<\/strong><\/p>\n<\/td>\n<\/tr>\n<tr>\n<td style=\"width: 67.5%;\">\n<p>Bauwesen<\/p>\n<\/td>\n<td style=\"width: 31.5%;\">\n<p><strong>19,5 %<\/strong><\/p>\n<\/td>\n<\/tr>\n<tr>\n<td style=\"width: 67.5%;\">\n<p>Gesundheits- und Sozialdienste<\/p>\n<\/td>\n<td style=\"width: 31.5%;\">\n<p><strong>19,3 %<\/strong><\/p>\n<\/td>\n<\/tr>\n<tr>\n<td style=\"width: 67.5%;\">\n<p>Handels- und Reparatursektor<\/p>\n<\/td>\n<td style=\"width: 31.5%;\">\n<p><strong>19,3 %<\/strong><\/p>\n<\/td>\n<\/tr>\n<tr>\n<td style=\"width: 67.5%;\">\n<p>Bildungs- und Lehrwesen<\/p>\n<\/td>\n<td style=\"width: 31.5%;\">\n<p><strong>18,6 %<\/strong><\/p>\n<\/td>\n<\/tr>\n<tr>\n<td style=\"width: 67.5%;\">\n<p>Gastronomie und Hotellerie<\/p>\n<\/td>\n<td style=\"width: 31.5%;\">\n<p><strong>18,3 %<\/strong><\/p>\n<\/td>\n<\/tr>\n<tr>\n<td style=\"width: 67.5%;\">\n<p>Transport und Lagerung<\/p>\n<\/td>\n<td style=\"width: 31.5%;\">\n<p><strong>17,0 %<\/strong><\/p>\n<\/td>\n<\/tr>\n<tr>\n<td style=\"width: 67.5%;\">\n<p>Herstellung und Energiebereitstellung<\/p>\n<\/td>\n<td style=\"width: 31.5%;\">\n<p><strong>16,7 %<\/strong><\/p>\n<\/td>\n<\/tr>\n<tr>\n<td style=\"width: 67.5%;\">\n<p>Kunst, Instandhaltung, Privathaushalte, sonstige Dienstleistungen<\/p>\n<\/td>\n<td style=\"width: 31.5%;\">\n<p><strong>12,2 %<\/strong><\/p>\n<\/td>\n<\/tr>\n<tr>\n<td style=\"width: 67.5%;\">\n<p>Land- und Forstwirtschaft<\/p>\n<\/td>\n<td style=\"width: 31.5%;\">\n<p><strong>11,2 %<\/strong><\/p>\n<\/td>\n<\/tr>\n<\/tbody>\n<\/table>\n<h3><strong>Der Arbeitsbereich Informations- und Kommunikationstechnologie hat am meisten Angst, seinen Arbeitsplatz durch KI zu verlieren<\/strong><\/h3>\n<p>\u00dcber ein Viertel (28 %) der Fachkr\u00e4fte, die im Bereich Informations- und Kommunikationstechnik t\u00e4tig sind, bef\u00fcrchten ihren Arbeitsplatz durch KI zu verlieren. Dies kann darauf zur\u00fcckzuf\u00fchren sein, dass IT-Experten fortgeschrittene technische F\u00e4higkeiten und Fachkenntnisse ben\u00f6tigen, welches eine langj\u00e4hrige Berufsausbildung voraussetzt, verglichen mit dem Potenzial der KI, Aufgaben effizient zu automatisieren. Obwohl KI, laut Fachkr\u00e4ften in dieser Branche, die Produktivit\u00e4t steigern kann, machen sich dennoch 26,3 % der Fachleute in diesem Sektor dar\u00fcber Sorgen.<\/p>\n<p>Im Bank- und Versicherungswesen arbeitet der zweitgr\u00f6sste Anteil an besorgten Fachleuten, wobei mehr als ein F\u00fcnftel (22,8 %) der Ansicht ist, dass ihr Arbeitsplatz aufgrund von KI gef\u00e4hrdet ist. Der Aufstieg von FinTech-Unternehmen, die sich auf KI konzentrieren, hat den Wettbewerb im Banken- und Versicherungssektor sicherlich verst\u00e4rkt. Da sich die Technologie st\u00e4ndig weiterentwickelt, ist die traditionelle Bankenbranche m\u00f6glicherweise geneigt, Aufgaben mithilfe von KI zu rationalisieren. Daher ist es nicht verwunderlich, dass Schweizer Fachkr\u00e4fte, die in dieser Branche arbeiten, sich Sorgen um ihre zuk\u00fcnftige Karriere machen.<\/p>\n<p>Arbeitnehmer, die in der Fach-, Wissenschafts- und Technologiebranche t\u00e4tig sind, sind am dritth\u00e4ufigsten skeptisch gegen\u00fcber der KI, wobei jeder F\u00fcnfte (22 %) glaubt, dass KI das Potenzial hat, ihre Arbeitspl\u00e4tze zu \u00fcbernehmen. W\u00e4hrend KI die M\u00f6glichkeit bietet, die Produktivit\u00e4t zu steigern, wie aus der Umfrage hervorgeht, sind sich jedoch 55,6 % der Befragten sicher, dass KI zu Kostensenkungen und einer Rationalisierung des Betriebs f\u00fchren kann, was zu einer Verringerung der Belegschaft in der Fach-, Wissenschafts- und Technologiebranche f\u00fchrt.<\/p>\n<h3><strong>Land- und forstwirtschaftliche Mitarbeiter haben am wenigsten Angst, ihren Arbeitsplatz durch KI zu verlieren<\/strong><\/h3>\n<p>Weniger \u00fcberraschend ist, dass die Fachleute aus der Land- und Forstwirtschaft sich am wenigsten Sorgen um den Verlust ihres Arbeitsplatzes durch KI machen (11,2 %). Ebenso fast unber\u00fchrt von einer m\u00f6glichen \u00dcbernahme durch KI sind die Fachkr\u00e4fte in den Branchen Kunst, Instandhaltung und Privathaushalte (12,2 %). Diese Jobs drehen sich in der Regel um komplexe Entscheidungen, die menschliches Urteilsverm\u00f6gen und Intuition erfordern. Daher sind sich Fachleute ebenfalls sicher, dass KI nicht in der Lage ist, Herausforderungen im Agrar- und Wartungssektor zu bew\u00e4ltigen.<\/p>\n<p>Amanda Augustine, Karriereexpertin von Lebenslaufapp.ch erkl\u00e4rt, wie Jobsucher KI zu ihrem Vorteil nutzen k\u00f6nnen:<strong>\u00a0<\/strong>\u201eKI ist ein \u00e4usserst leistungsf\u00e4higes Instrument, das insbesondere von Bewerbern bei der Jobsuche eingesetzt werden sollte, um sich auf dem heutigen Arbeitsmarkt einen Wettbewerbsvorteil zu verschaffen. KI kann Kandidaten nicht nur behilflich sein durch Algorithmen den passenden Job zu finden, sondern kann effektiv im Bewerbungsprozess eingesetzt werden, um die perfekt zugeschnittenen Antworten f\u00fcr das Vorstellungsgespr\u00e4ch vorzubereiten, welches letztendlich das Selbstvertrauen erh\u00f6ht.<\/p>\n<p>F\u00fcr die j\u00fcngeren Kandidaten, die sich nicht sicher sind, welcher Werdegang f\u00fcr sie geeignet ist, kann KI, basierend auf den eigenen Zielen und Vorlieben, eine personalisierte Karriereberatung anbieten, um erfolgreich durch die Jobsuche zu navigieren.\u201c<\/p>\n<p><em>Quelle: <a href=\"https:\/\/lebenslaufapp.ch\">www.lebenslaufapp.ch<\/a><\/em><\/p>\n","protected":false},"excerpt":{"rendered":"<p>Berichten zufolge, haben bereits zwei Drittel (60 %) der Schweizer Unternehmen k\u00fcnstliche Intelligenz eingef\u00fchrt, was dringende Umschulung von Mitarbeitern erfordert. Es wird deutlich, dass KI den Arbeitsplatz st\u00e4rker beeinflusst, als man gedacht hat. Vor diesem Hintergrund haben die Experten von Lebenslaufapp.ch 3.000 berufst\u00e4tige Schweizer befragt, um herauszufinden, ob sie Angst haben, dass die KI ihren Job wom\u00f6glich ersetzen k\u00f6nnte.<\/p>\n","protected":false},"author":58,"featured_media":25320,"comment_status":"closed","ping_status":"closed","sticky":false,"template":"","format":"standard","meta":{"_acf_changed":false,"_yoast_wpseo_focuskw":"KI","_yoast_wpseo_metadesc":"Berichten zufolge, haben bereits zwei Drittel (60 %) der Schweizer Unternehmen k\u00fcnstliche Intelligenz eingef\u00fchrt.","articlekey":"","footnotes":""},"categories":[579],"tags":[156,3506,319,424,492],"class_list":["post-25319","post","type-post","status-publish","format-standard","has-post-thumbnail","hentry","category-human-resources","tag-digitalisierung","tag-human-resources","tag-kuenstliche-intelligenz","tag-schweiz","tag-unternehmen"],"acf":[],"yoast_head":"<!-- This site is optimized with the Yoast SEO plugin v27.5 - https:\/\/yoast.com\/product\/yoast-seo-wordpress\/ -->\n<title>Jeder f\u00fcnfte Schweizer besorgt \u00fcber KI am Arbeitsplatz - Organisator<\/title>\n<meta name=\"description\" content=\"Berichten zufolge, haben bereits zwei Drittel (60 %) der Schweizer Unternehmen k\u00fcnstliche Intelligenz eingef\u00fchrt.\" \/>\n<meta name=\"robots\" content=\"index, follow, max-snippet:-1, max-image-preview:large, max-video-preview:-1\" \/>\n<link rel=\"canonical\" href=\"https:\/\/www.organisator.ch\/de\/human-resources\/2024-02-26\/jeder-fuenfte-schweizer-besorgt-ueber-ki-am-arbeitsplatz\/\" \/>\n<meta property=\"og:locale\" content=\"de_DE\" \/>\n<meta property=\"og:type\" content=\"article\" \/>\n<meta property=\"og:title\" content=\"Jeder f\u00fcnfte Schweizer besorgt \u00fcber KI am Arbeitsplatz\" \/>\n<meta property=\"og:description\" content=\"Berichten zufolge, haben bereits zwei Drittel (60 %) der Schweizer Unternehmen k\u00fcnstliche Intelligenz eingef\u00fchrt.\" \/>\n<meta property=\"og:url\" content=\"https:\/\/www.organisator.ch\/de\/human-resources\/2024-02-26\/jeder-fuenfte-schweizer-besorgt-ueber-ki-am-arbeitsplatz\/\" \/>\n<meta property=\"og:site_name\" content=\"Organisator\" \/>\n<meta property=\"article:publisher\" content=\"https:\/\/www.facebook.com\/OrganisatorFachmagazin\" \/>\n<meta property=\"article:published_time\" content=\"2024-02-26T05:45:18+00:00\" \/>\n<meta property=\"article:modified_time\" content=\"2024-03-06T08:44:44+00:00\" \/>\n<meta property=\"og:image\" content=\"https:\/\/www.organisator.ch\/wp-content\/uploads\/2024\/02\/Lebenslaufapp_Bild1_ps.jpg\" \/>\n\t<meta property=\"og:image:width\" content=\"680\" \/>\n\t<meta property=\"og:image:height\" content=\"454\" \/>\n\t<meta property=\"og:image:type\" content=\"image\/jpeg\" \/>\n<meta name=\"author\" content=\"Adelisa Kalajdzini\" \/>\n<meta name=\"twitter:card\" content=\"summary_large_image\" \/>\n<meta name=\"twitter:title\" content=\"Jeder f\u00fcnfte Schweizer besorgt \u00fcber KI am Arbeitsplatz\" \/>\n<meta name=\"twitter:description\" content=\"Berichten zufolge, haben bereits zwei Drittel (60 %) der #Schweizer #Unternehmen #k\u00fcnstliche #Intelligenz eingef\u00fchrt.\" \/>\n<meta name=\"twitter:image\" content=\"https:\/\/www.organisator.ch\/wp-content\/uploads\/2024\/02\/Lebenslaufapp_Bild1_ps.jpg\" \/>\n<script type=\"application\/ld+json\" class=\"yoast-schema-graph\">{\"@context\":\"https:\\\/\\\/schema.org\",\"@graph\":[{\"@type\":\"Article\",\"@id\":\"https:\\\/\\\/www.organisator.ch\\\/human-resources\\\/2024-02-26\\\/jeder-fuenfte-schweizer-besorgt-ueber-ki-am-arbeitsplatz\\\/#article\",\"isPartOf\":{\"@id\":\"https:\\\/\\\/www.organisator.ch\\\/human-resources\\\/2024-02-26\\\/jeder-fuenfte-schweizer-besorgt-ueber-ki-am-arbeitsplatz\\\/\"},\"author\":{\"name\":\"Adelisa Kalajdzini\",\"@id\":\"https:\\\/\\\/www.organisator.ch\\\/#\\\/schema\\\/person\\\/2e1314a2172123f874db408d8911d3f3\"},\"headline\":\"Jeder f\u00fcnfte Schweizer besorgt \u00fcber KI am Arbeitsplatz\",\"datePublished\":\"2024-02-26T05:45:18+00:00\",\"dateModified\":\"2024-03-06T08:44:44+00:00\",\"mainEntityOfPage\":{\"@id\":\"https:\\\/\\\/www.organisator.ch\\\/human-resources\\\/2024-02-26\\\/jeder-fuenfte-schweizer-besorgt-ueber-ki-am-arbeitsplatz\\\/\"},\"wordCount\":753,\"publisher\":{\"@id\":\"https:\\\/\\\/www.organisator.ch\\\/#organization\"},\"image\":{\"@id\":\"https:\\\/\\\/www.organisator.ch\\\/human-resources\\\/2024-02-26\\\/jeder-fuenfte-schweizer-besorgt-ueber-ki-am-arbeitsplatz\\\/#primaryimage\"},\"thumbnailUrl\":\"https:\\\/\\\/www.organisator.ch\\\/wp-content\\\/uploads\\\/2024\\\/02\\\/Lebenslaufapp_Bild1_ps.jpg\",\"keywords\":[\"Digitalisierung\",\"Human Resources\",\"K\u00fcnstliche Intelligenz\",\"Schweiz\",\"Unternehmen\"],\"articleSection\":[\"HUMAN RESOURCES\"],\"inLanguage\":\"de\"},{\"@type\":\"WebPage\",\"@id\":\"https:\\\/\\\/www.organisator.ch\\\/human-resources\\\/2024-02-26\\\/jeder-fuenfte-schweizer-besorgt-ueber-ki-am-arbeitsplatz\\\/\",\"url\":\"https:\\\/\\\/www.organisator.ch\\\/human-resources\\\/2024-02-26\\\/jeder-fuenfte-schweizer-besorgt-ueber-ki-am-arbeitsplatz\\\/\",\"name\":\"Jeder f\u00fcnfte Schweizer besorgt \u00fcber KI am Arbeitsplatz - Organisator\",\"isPartOf\":{\"@id\":\"https:\\\/\\\/www.organisator.ch\\\/#website\"},\"primaryImageOfPage\":{\"@id\":\"https:\\\/\\\/www.organisator.ch\\\/human-resources\\\/2024-02-26\\\/jeder-fuenfte-schweizer-besorgt-ueber-ki-am-arbeitsplatz\\\/#primaryimage\"},\"image\":{\"@id\":\"https:\\\/\\\/www.organisator.ch\\\/human-resources\\\/2024-02-26\\\/jeder-fuenfte-schweizer-besorgt-ueber-ki-am-arbeitsplatz\\\/#primaryimage\"},\"thumbnailUrl\":\"https:\\\/\\\/www.organisator.ch\\\/wp-content\\\/uploads\\\/2024\\\/02\\\/Lebenslaufapp_Bild1_ps.jpg\",\"datePublished\":\"2024-02-26T05:45:18+00:00\",\"dateModified\":\"2024-03-06T08:44:44+00:00\",\"description\":\"Berichten zufolge, haben bereits zwei Drittel (60 %) der Schweizer Unternehmen k\u00fcnstliche Intelligenz eingef\u00fchrt.\",\"breadcrumb\":{\"@id\":\"https:\\\/\\\/www.organisator.ch\\\/human-resources\\\/2024-02-26\\\/jeder-fuenfte-schweizer-besorgt-ueber-ki-am-arbeitsplatz\\\/#breadcrumb\"},\"inLanguage\":\"de\",\"potentialAction\":[{\"@type\":\"ReadAction\",\"target\":[\"https:\\\/\\\/www.organisator.ch\\\/human-resources\\\/2024-02-26\\\/jeder-fuenfte-schweizer-besorgt-ueber-ki-am-arbeitsplatz\\\/\"]}]},{\"@type\":\"ImageObject\",\"inLanguage\":\"de\",\"@id\":\"https:\\\/\\\/www.organisator.ch\\\/human-resources\\\/2024-02-26\\\/jeder-fuenfte-schweizer-besorgt-ueber-ki-am-arbeitsplatz\\\/#primaryimage\",\"url\":\"https:\\\/\\\/www.organisator.ch\\\/wp-content\\\/uploads\\\/2024\\\/02\\\/Lebenslaufapp_Bild1_ps.jpg\",\"contentUrl\":\"https:\\\/\\\/www.organisator.ch\\\/wp-content\\\/uploads\\\/2024\\\/02\\\/Lebenslaufapp_Bild1_ps.jpg\",\"width\":680,\"height\":454,\"caption\":\"Fast ein F\u00fcnftel (19 %) der Schweizer Arbeitnehmer bef\u00fcrchten, dass KI negative Auswirkungen auf ihren Job haben wird. (Bild: www.depositphotos.com)\"},{\"@type\":\"BreadcrumbList\",\"@id\":\"https:\\\/\\\/www.organisator.ch\\\/human-resources\\\/2024-02-26\\\/jeder-fuenfte-schweizer-besorgt-ueber-ki-am-arbeitsplatz\\\/#breadcrumb\",\"itemListElement\":[{\"@type\":\"ListItem\",\"position\":1,\"name\":\"Home\",\"item\":\"https:\\\/\\\/www.organisator.ch\\\/\"},{\"@type\":\"ListItem\",\"position\":2,\"name\":\"Jeder f\u00fcnfte Schweizer besorgt \u00fcber KI am Arbeitsplatz\"}]},{\"@type\":\"WebSite\",\"@id\":\"https:\\\/\\\/www.organisator.ch\\\/#website\",\"url\":\"https:\\\/\\\/www.organisator.ch\\\/\",\"name\":\"Organisator\",\"description\":\"Kompetent. Praxisnah. Der ORGANISATOR bereitet in 10 Ausgaben pro Jahr die wesentlichen Themen f\u00fcr F\u00fchrungskr\u00e4fte von KMU auf.\",\"publisher\":{\"@id\":\"https:\\\/\\\/www.organisator.ch\\\/#organization\"},\"potentialAction\":[{\"@type\":\"SearchAction\",\"target\":{\"@type\":\"EntryPoint\",\"urlTemplate\":\"https:\\\/\\\/www.organisator.ch\\\/?s={search_term_string}\"},\"query-input\":{\"@type\":\"PropertyValueSpecification\",\"valueRequired\":true,\"valueName\":\"search_term_string\"}}],\"inLanguage\":\"de\"},{\"@type\":\"Organization\",\"@id\":\"https:\\\/\\\/www.organisator.ch\\\/#organization\",\"name\":\"Organisator\",\"url\":\"https:\\\/\\\/www.organisator.ch\\\/\",\"logo\":{\"@type\":\"ImageObject\",\"inLanguage\":\"de\",\"@id\":\"https:\\\/\\\/www.organisator.ch\\\/#\\\/schema\\\/logo\\\/image\\\/\",\"url\":\"https:\\\/\\\/www.organisator.ch\\\/wp-content\\\/uploads\\\/2022\\\/01\\\/Logo_Organisator_Website.png\",\"contentUrl\":\"https:\\\/\\\/www.organisator.ch\\\/wp-content\\\/uploads\\\/2022\\\/01\\\/Logo_Organisator_Website.png\",\"width\":800,\"height\":77,\"caption\":\"Organisator\"},\"image\":{\"@id\":\"https:\\\/\\\/www.organisator.ch\\\/#\\\/schema\\\/logo\\\/image\\\/\"},\"sameAs\":[\"https:\\\/\\\/www.facebook.com\\\/OrganisatorFachmagazin\",\"https:\\\/\\\/www.linkedin.com\\\/showcase\\\/organisator-das-magazin-fr-kmu\",\"https:\\\/\\\/www.xing.com\\\/news\\\/pages\\\/organisator-ch-695\",\"https:\\\/\\\/www.youtube.com\\\/channel\\\/UCGP2Sq0iWaZwT3BdIAQFYpw\"]},{\"@type\":\"Person\",\"@id\":\"https:\\\/\\\/www.organisator.ch\\\/#\\\/schema\\\/person\\\/2e1314a2172123f874db408d8911d3f3\",\"name\":\"Adelisa Kalajdzini\",\"image\":{\"@type\":\"ImageObject\",\"inLanguage\":\"de\",\"@id\":\"https:\\\/\\\/secure.gravatar.com\\\/avatar\\\/09a397c22ac58cad6f160ee8306348599df9df58a8ede73696226897b9fa4b24?s=96&d=mm&r=g\",\"url\":\"https:\\\/\\\/secure.gravatar.com\\\/avatar\\\/09a397c22ac58cad6f160ee8306348599df9df58a8ede73696226897b9fa4b24?s=96&d=mm&r=g\",\"contentUrl\":\"https:\\\/\\\/secure.gravatar.com\\\/avatar\\\/09a397c22ac58cad6f160ee8306348599df9df58a8ede73696226897b9fa4b24?s=96&d=mm&r=g\",\"caption\":\"Adelisa Kalajdzini\"},\"url\":\"https:\\\/\\\/www.organisator.ch\\\/de\\\/author\\\/adelisa-kalajdzini\\\/\"}]}<\/script>\n<!-- \/ Yoast SEO plugin. -->","yoast_head_json":{"title":"Jeder f\u00fcnfte Schweizer besorgt \u00fcber KI am Arbeitsplatz - Organisator","description":"Berichten zufolge, haben bereits zwei Drittel (60 %) der Schweizer Unternehmen k\u00fcnstliche Intelligenz eingef\u00fchrt.","robots":{"index":"index","follow":"follow","max-snippet":"max-snippet:-1","max-image-preview":"max-image-preview:large","max-video-preview":"max-video-preview:-1"},"canonical":"https:\/\/www.organisator.ch\/de\/human-resources\/2024-02-26\/jeder-fuenfte-schweizer-besorgt-ueber-ki-am-arbeitsplatz\/","og_locale":"de_DE","og_type":"article","og_title":"Jeder f\u00fcnfte Schweizer besorgt \u00fcber KI am Arbeitsplatz","og_description":"Berichten zufolge, haben bereits zwei Drittel (60 %) der Schweizer Unternehmen k\u00fcnstliche Intelligenz eingef\u00fchrt.","og_url":"https:\/\/www.organisator.ch\/de\/human-resources\/2024-02-26\/jeder-fuenfte-schweizer-besorgt-ueber-ki-am-arbeitsplatz\/","og_site_name":"Organisator","article_publisher":"https:\/\/www.facebook.com\/OrganisatorFachmagazin","article_published_time":"2024-02-26T05:45:18+00:00","article_modified_time":"2024-03-06T08:44:44+00:00","og_image":[{"width":680,"height":454,"url":"https:\/\/www.organisator.ch\/wp-content\/uploads\/2024\/02\/Lebenslaufapp_Bild1_ps.jpg","type":"image\/jpeg"}],"author":"Adelisa Kalajdzini","twitter_card":"summary_large_image","twitter_title":"Jeder f\u00fcnfte Schweizer besorgt \u00fcber KI am Arbeitsplatz","twitter_description":"Berichten zufolge, haben bereits zwei Drittel (60 %) der #Schweizer #Unternehmen #k\u00fcnstliche #Intelligenz eingef\u00fchrt.","twitter_image":"https:\/\/www.organisator.ch\/wp-content\/uploads\/2024\/02\/Lebenslaufapp_Bild1_ps.jpg","schema":{"@context":"https:\/\/schema.org","@graph":[{"@type":"Article","@id":"https:\/\/www.organisator.ch\/human-resources\/2024-02-26\/jeder-fuenfte-schweizer-besorgt-ueber-ki-am-arbeitsplatz\/#article","isPartOf":{"@id":"https:\/\/www.organisator.ch\/human-resources\/2024-02-26\/jeder-fuenfte-schweizer-besorgt-ueber-ki-am-arbeitsplatz\/"},"author":{"name":"Adelisa Kalajdzini","@id":"https:\/\/www.organisator.ch\/#\/schema\/person\/2e1314a2172123f874db408d8911d3f3"},"headline":"Jeder f\u00fcnfte Schweizer besorgt \u00fcber KI am Arbeitsplatz","datePublished":"2024-02-26T05:45:18+00:00","dateModified":"2024-03-06T08:44:44+00:00","mainEntityOfPage":{"@id":"https:\/\/www.organisator.ch\/human-resources\/2024-02-26\/jeder-fuenfte-schweizer-besorgt-ueber-ki-am-arbeitsplatz\/"},"wordCount":753,"publisher":{"@id":"https:\/\/www.organisator.ch\/#organization"},"image":{"@id":"https:\/\/www.organisator.ch\/human-resources\/2024-02-26\/jeder-fuenfte-schweizer-besorgt-ueber-ki-am-arbeitsplatz\/#primaryimage"},"thumbnailUrl":"https:\/\/www.organisator.ch\/wp-content\/uploads\/2024\/02\/Lebenslaufapp_Bild1_ps.jpg","keywords":["Digitalisierung","Human Resources","K\u00fcnstliche Intelligenz","Schweiz","Unternehmen"],"articleSection":["HUMAN RESOURCES"],"inLanguage":"de"},{"@type":"WebPage","@id":"https:\/\/www.organisator.ch\/human-resources\/2024-02-26\/jeder-fuenfte-schweizer-besorgt-ueber-ki-am-arbeitsplatz\/","url":"https:\/\/www.organisator.ch\/human-resources\/2024-02-26\/jeder-fuenfte-schweizer-besorgt-ueber-ki-am-arbeitsplatz\/","name":"Jeder f\u00fcnfte Schweizer besorgt \u00fcber KI am Arbeitsplatz - Organisator","isPartOf":{"@id":"https:\/\/www.organisator.ch\/#website"},"primaryImageOfPage":{"@id":"https:\/\/www.organisator.ch\/human-resources\/2024-02-26\/jeder-fuenfte-schweizer-besorgt-ueber-ki-am-arbeitsplatz\/#primaryimage"},"image":{"@id":"https:\/\/www.organisator.ch\/human-resources\/2024-02-26\/jeder-fuenfte-schweizer-besorgt-ueber-ki-am-arbeitsplatz\/#primaryimage"},"thumbnailUrl":"https:\/\/www.organisator.ch\/wp-content\/uploads\/2024\/02\/Lebenslaufapp_Bild1_ps.jpg","datePublished":"2024-02-26T05:45:18+00:00","dateModified":"2024-03-06T08:44:44+00:00","description":"Berichten zufolge, haben bereits zwei Drittel (60 %) der Schweizer Unternehmen k\u00fcnstliche Intelligenz eingef\u00fchrt.","breadcrumb":{"@id":"https:\/\/www.organisator.ch\/human-resources\/2024-02-26\/jeder-fuenfte-schweizer-besorgt-ueber-ki-am-arbeitsplatz\/#breadcrumb"},"inLanguage":"de","potentialAction":[{"@type":"ReadAction","target":["https:\/\/www.organisator.ch\/human-resources\/2024-02-26\/jeder-fuenfte-schweizer-besorgt-ueber-ki-am-arbeitsplatz\/"]}]},{"@type":"ImageObject","inLanguage":"de","@id":"https:\/\/www.organisator.ch\/human-resources\/2024-02-26\/jeder-fuenfte-schweizer-besorgt-ueber-ki-am-arbeitsplatz\/#primaryimage","url":"https:\/\/www.organisator.ch\/wp-content\/uploads\/2024\/02\/Lebenslaufapp_Bild1_ps.jpg","contentUrl":"https:\/\/www.organisator.ch\/wp-content\/uploads\/2024\/02\/Lebenslaufapp_Bild1_ps.jpg","width":680,"height":454,"caption":"Fast ein F\u00fcnftel (19 %) der Schweizer Arbeitnehmer bef\u00fcrchten, dass KI negative Auswirkungen auf ihren Job haben wird. (Bild: www.depositphotos.com)"},{"@type":"BreadcrumbList","@id":"https:\/\/www.organisator.ch\/human-resources\/2024-02-26\/jeder-fuenfte-schweizer-besorgt-ueber-ki-am-arbeitsplatz\/#breadcrumb","itemListElement":[{"@type":"ListItem","position":1,"name":"Home","item":"https:\/\/www.organisator.ch\/"},{"@type":"ListItem","position":2,"name":"Jeder f\u00fcnfte Schweizer besorgt \u00fcber KI am Arbeitsplatz"}]},{"@type":"WebSite","@id":"https:\/\/www.organisator.ch\/#website","url":"https:\/\/www.organisator.ch\/","name":"Organisator","description":"Kompetent. Praxisnah. Der ORGANISATOR bereitet in 10 Ausgaben pro Jahr die wesentlichen Themen f\u00fcr F\u00fchrungskr\u00e4fte von KMU auf.","publisher":{"@id":"https:\/\/www.organisator.ch\/#organization"},"potentialAction":[{"@type":"SearchAction","target":{"@type":"EntryPoint","urlTemplate":"https:\/\/www.organisator.ch\/?s={search_term_string}"},"query-input":{"@type":"PropertyValueSpecification","valueRequired":true,"valueName":"search_term_string"}}],"inLanguage":"de"},{"@type":"Organization","@id":"https:\/\/www.organisator.ch\/#organization","name":"Organisator","url":"https:\/\/www.organisator.ch\/","logo":{"@type":"ImageObject","inLanguage":"de","@id":"https:\/\/www.organisator.ch\/#\/schema\/logo\/image\/","url":"https:\/\/www.organisator.ch\/wp-content\/uploads\/2022\/01\/Logo_Organisator_Website.png","contentUrl":"https:\/\/www.organisator.ch\/wp-content\/uploads\/2022\/01\/Logo_Organisator_Website.png","width":800,"height":77,"caption":"Organisator"},"image":{"@id":"https:\/\/www.organisator.ch\/#\/schema\/logo\/image\/"},"sameAs":["https:\/\/www.facebook.com\/OrganisatorFachmagazin","https:\/\/www.linkedin.com\/showcase\/organisator-das-magazin-fr-kmu","https:\/\/www.xing.com\/news\/pages\/organisator-ch-695","https:\/\/www.youtube.com\/channel\/UCGP2Sq0iWaZwT3BdIAQFYpw"]},{"@type":"Person","@id":"https:\/\/www.organisator.ch\/#\/schema\/person\/2e1314a2172123f874db408d8911d3f3","name":"Adelisa Kalajdzini","image":{"@type":"ImageObject","inLanguage":"de","@id":"https:\/\/secure.gravatar.com\/avatar\/09a397c22ac58cad6f160ee8306348599df9df58a8ede73696226897b9fa4b24?s=96&d=mm&r=g","url":"https:\/\/secure.gravatar.com\/avatar\/09a397c22ac58cad6f160ee8306348599df9df58a8ede73696226897b9fa4b24?s=96&d=mm&r=g","contentUrl":"https:\/\/secure.gravatar.com\/avatar\/09a397c22ac58cad6f160ee8306348599df9df58a8ede73696226897b9fa4b24?s=96&d=mm&r=g","caption":"Adelisa Kalajdzini"},"url":"https:\/\/www.organisator.ch\/de\/author\/adelisa-kalajdzini\/"}]}},"_links":{"self":[{"href":"https:\/\/www.organisator.ch\/de\/wp-json\/wp\/v2\/posts\/25319","targetHints":{"allow":["GET"]}}],"collection":[{"href":"https:\/\/www.organisator.ch\/de\/wp-json\/wp\/v2\/posts"}],"about":[{"href":"https:\/\/www.organisator.ch\/de\/wp-json\/wp\/v2\/types\/post"}],"author":[{"embeddable":true,"href":"https:\/\/www.organisator.ch\/de\/wp-json\/wp\/v2\/users\/58"}],"replies":[{"embeddable":true,"href":"https:\/\/www.organisator.ch\/de\/wp-json\/wp\/v2\/comments?post=25319"}],"version-history":[{"count":6,"href":"https:\/\/www.organisator.ch\/de\/wp-json\/wp\/v2\/posts\/25319\/revisions"}],"predecessor-version":[{"id":25661,"href":"https:\/\/www.organisator.ch\/de\/wp-json\/wp\/v2\/posts\/25319\/revisions\/25661"}],"wp:featuredmedia":[{"embeddable":true,"href":"https:\/\/www.organisator.ch\/de\/wp-json\/wp\/v2\/media\/25320"}],"wp:attachment":[{"href":"https:\/\/www.organisator.ch\/de\/wp-json\/wp\/v2\/media?parent=25319"}],"wp:term":[{"taxonomy":"category","embeddable":true,"href":"https:\/\/www.organisator.ch\/de\/wp-json\/wp\/v2\/categories?post=25319"},{"taxonomy":"post_tag","embeddable":true,"href":"https:\/\/www.organisator.ch\/de\/wp-json\/wp\/v2\/tags?post=25319"}],"curies":[{"name":"wp","href":"https:\/\/api.w.org\/{rel}","templated":true}]}}