{"id":25329,"date":"2024-02-23T11:49:31","date_gmt":"2024-02-23T10:49:31","guid":{"rendered":"https:\/\/www.organisator.ch\/?p=25329"},"modified":"2024-02-23T11:49:31","modified_gmt":"2024-02-23T10:49:31","slug":"sustainable-switzerland-neues-weiterbildungsangebot-fuer-nachhaltigkeit","status":"publish","type":"post","link":"https:\/\/www.organisator.ch\/de\/sustainability\/2024-02-23\/sustainable-switzerland-neues-weiterbildungsangebot-fuer-nachhaltigkeit\/","title":{"rendered":"Sustainable Switzerland: Neues Weiterbildungsangebot f\u00fcr Nachhaltigkeit"},"content":{"rendered":"<figure id=\"attachment_25331\" aria-describedby=\"caption-attachment-25331\" style=\"width: 680px\" class=\"wp-caption alignnone\"><img loading=\"lazy\" decoding=\"async\" class=\"size-full wp-image-25331\" src=\"https:\/\/www.organisator.ch\/wp-content\/uploads\/2024\/02\/Sustainable-Switzerland-Academy-min_Bild1_ps.jpg\" alt=\"\" width=\"680\" height=\"450\" srcset=\"https:\/\/www.organisator.ch\/wp-content\/uploads\/2024\/02\/Sustainable-Switzerland-Academy-min_Bild1_ps.jpg 680w, https:\/\/www.organisator.ch\/wp-content\/uploads\/2024\/02\/Sustainable-Switzerland-Academy-min_Bild1_ps-18x12.jpg 18w, https:\/\/www.organisator.ch\/wp-content\/uploads\/2024\/02\/Sustainable-Switzerland-Academy-min_Bild1_ps-375x248.jpg 375w, https:\/\/www.organisator.ch\/wp-content\/uploads\/2024\/02\/Sustainable-Switzerland-Academy-min_Bild1_ps-529x350.jpg 529w\" sizes=\"auto, (max-width: 680px) 100vw, 680px\" \/><figcaption id=\"caption-attachment-25331\" class=\"wp-caption-text\">Die Sustainable Switzerland Academy startet am 23. Februar 2024 mit frei zug\u00e4nglichen Webinaren, Live-Sessions, Content-Formaten und lizenzpflichtigen, modular aufgebauten Masterclasses. (Bild: www.sustainableswitzerland.ch)<\/figcaption><\/figure>\n<p>Der Weg in eine nachhaltige Zukunft erfordert spezielles Wissen und praktisches Know-how. Die Sustainable Switzerland Academy bietet beides. Das neu geschaffene Weiterbildungsangebot startet am 23. Februar 2024 mit frei zug\u00e4nglichen Webinaren, Live-Sessions, Content-Formaten und lizenzpflichtigen, modular aufgebauten Masterclasses. Letztere wurden in Kooperation mit Swiss Climate, einem Beratungsunternehmen, das sich auf CO2-Management, Nachhaltigkeit und Energie spezialisiert hat, sowie der XU School of Sustainability, einer Online-Lernplattform f\u00fcr Nachhaltigkeitskompetenz, entwickelt. Die Masterclasses sind zielgerichtet auf die Fragen und Bed\u00fcrfnisse von Unternehmen, insbesondere KMU, und die Aufgaben von angehenden Nachhaltigkeitsbeauftragten zugeschnitten. Das inhaltliche Spektrum reicht vom CO2-Management bis zum Ausarbeiten einer Nachhaltigkeitsstrategie.<\/p>\n<p>Das Academy-Programm bedient unterschiedliche Niveaus und eignet sich sowohl f\u00fcr Einsteiger als auch Experten. Die Nutzerinnen und Nutzer erhalten in den Webinaren viele n\u00fctzliche Informationen zu konkreten Nachhaltigkeitsfragen, wie etwa dem Umgang mit regulatorischen Vorgaben oder dem Einsatz von Softwaretools und k\u00fcnstlicher Intelligenz. Die Inhalte werden nicht nur in der Theorie, sondern auch anhand konkreter Fallbeispiele vermittelt. Live-Sessions und Experten-Talks erg\u00e4nzen das Angebot und bieten die M\u00f6glichkeit zum Wissens- und Erfahrungsaustausch. In Kooperation mit ausgew\u00e4hlten Hochschulpartnern sollen k\u00fcnftig auch zertifizierte CAS- und MAS-Lehrg\u00e4nge hinzukommen.<\/p>\n<p>\u00abIm Kern geht es darum, Schweizer KMU mit dem Erwerb und Ausbau von Nachhaltigkeitskompetenzen f\u00fcr die Herausforderungen von heute und morgen fit zu machen\u00bb, erl\u00e4utert Felix Graf, CEO der NZZ. Laut einer Studie der Z\u00fcrcher Hochschule f\u00fcr Angewandte Wissenschaften (ZHAW) aus dem vergangenen Jahr haben sich rund 80 Prozent der Unternehmen in der Schweiz Nachhaltigkeitsziele gesetzt, doch bei \u00fcber 50 Prozent von ihnen fehlen derzeit noch die Kompetenzen, um diese auch erfolgreich umzusetzen.<\/p>\n<p>Sustainable Switzerland ist eine Initiative des Unternehmens NZZ. Sie wurde vor zwei Jahren gegr\u00fcndet und hat sich seither zur schweizweit f\u00fchrenden Nachhaltigkeitsplattform mit weitreichendem Netzwerk entwickelt. Felix Graf: \u00abZusammen mit unseren Partnern aus Wirtschaft und Wissenschaft leisten wir mit Sustainable Switzerland einen wichtigen Beitrag zur nachhaltigen Entwicklung der Schweiz.\u00bb<\/p>\n<p><em>Quelle und weitere Informationen: <a href=\"http:\/\/www.sustainableswitzerland.ch\">www.sustainableswitzerland.ch<\/a><\/em><\/p>\n","protected":false},"excerpt":{"rendered":"<p>Sustainable Switzerland, die Nachhaltigkeitsinitiative des NZZ-Verlags, lanciert ein Weiterbildungsangebot mit Fokus auf KMU und Nachhaltigkeitsbeauftragte. Die Sustainable Switzerland Academy startet am 23. Februar 2024 mit einem praxisnahen Programm rund um das Thema nachhaltige Entwicklung.<\/p>\n","protected":false},"author":58,"featured_media":25331,"comment_status":"closed","ping_status":"closed","sticky":false,"template":"","format":"standard","meta":{"_acf_changed":false,"_yoast_wpseo_focuskw":"Nachhaltigkeit","_yoast_wpseo_metadesc":"Sustainable Switzerland, lanciert ein Weiterbildungsangebot mit Fokus auf KMU und Nachhaltigkeitsbeauftragte.","articlekey":"","footnotes":""},"categories":[580,30],"tags":[1787,4114,492,518],"class_list":["post-25329","post","type-post","status-publish","format-standard","has-post-thumbnail","hentry","category-sustainability","category-weiterbildung","tag-nachhaltigkeit","tag-sustainable-switzerland","tag-unternehmen","tag-weiterbildung"],"acf":[],"yoast_head":"<!-- This site is optimized with the Yoast SEO plugin v27.5 - https:\/\/yoast.com\/product\/yoast-seo-wordpress\/ -->\n<title>Sustainable Switzerland: Neues Weiterbildungsangebot f\u00fcr Nachhaltigkeit - Organisator<\/title>\n<meta name=\"description\" content=\"Sustainable Switzerland, lanciert ein Weiterbildungsangebot mit Fokus auf KMU und Nachhaltigkeitsbeauftragte.\" \/>\n<meta name=\"robots\" content=\"index, follow, max-snippet:-1, max-image-preview:large, max-video-preview:-1\" \/>\n<link rel=\"canonical\" href=\"https:\/\/www.organisator.ch\/de\/sustainability\/2024-02-23\/sustainable-switzerland-neues-weiterbildungsangebot-fuer-nachhaltigkeit\/\" \/>\n<meta property=\"og:locale\" content=\"de_DE\" \/>\n<meta property=\"og:type\" content=\"article\" \/>\n<meta property=\"og:title\" content=\"Sustainable Switzerland: Neues Weiterbildungsangebot f\u00fcr Nachhaltigkeit\" \/>\n<meta property=\"og:description\" content=\"Sustainable Switzerland, lanciert ein Weiterbildungsangebot mit Fokus auf KMU und Nachhaltigkeitsbeauftragte.\" \/>\n<meta property=\"og:url\" content=\"https:\/\/www.organisator.ch\/de\/sustainability\/2024-02-23\/sustainable-switzerland-neues-weiterbildungsangebot-fuer-nachhaltigkeit\/\" \/>\n<meta property=\"og:site_name\" content=\"Organisator\" \/>\n<meta property=\"article:publisher\" content=\"https:\/\/www.facebook.com\/OrganisatorFachmagazin\" \/>\n<meta property=\"article:published_time\" content=\"2024-02-23T10:49:31+00:00\" \/>\n<meta property=\"og:image\" content=\"https:\/\/www.organisator.ch\/wp-content\/uploads\/2024\/02\/Sustainable-Switzerland-Academy-min_Bild1_ps.jpg\" \/>\n\t<meta property=\"og:image:width\" content=\"680\" \/>\n\t<meta property=\"og:image:height\" content=\"450\" \/>\n\t<meta property=\"og:image:type\" content=\"image\/jpeg\" \/>\n<meta name=\"author\" content=\"Adelisa Kalajdzini\" \/>\n<meta name=\"twitter:card\" content=\"summary_large_image\" \/>\n<meta name=\"twitter:title\" content=\"Sustainable Switzerland: Neues Weiterbildungsangebot f\u00fcr Nachhaltigkeit\" \/>\n<meta name=\"twitter:description\" content=\"#Sustainable #Switzerland, lanciert ein #Weiterbildungsangebot mit Fokus auf #KMU und Nachhaltigkeitsbeauftragte.\" \/>\n<meta name=\"twitter:image\" content=\"https:\/\/www.organisator.ch\/wp-content\/uploads\/2024\/02\/Sustainable-Switzerland-Academy-min_Bild1_ps.jpg\" \/>\n<script type=\"application\/ld+json\" class=\"yoast-schema-graph\">{\"@context\":\"https:\\\/\\\/schema.org\",\"@graph\":[{\"@type\":\"Article\",\"@id\":\"https:\\\/\\\/www.organisator.ch\\\/sustainability\\\/2024-02-23\\\/sustainable-switzerland-neues-weiterbildungsangebot-fuer-nachhaltigkeit\\\/#article\",\"isPartOf\":{\"@id\":\"https:\\\/\\\/www.organisator.ch\\\/sustainability\\\/2024-02-23\\\/sustainable-switzerland-neues-weiterbildungsangebot-fuer-nachhaltigkeit\\\/\"},\"author\":{\"name\":\"Adelisa Kalajdzini\",\"@id\":\"https:\\\/\\\/www.organisator.ch\\\/#\\\/schema\\\/person\\\/2e1314a2172123f874db408d8911d3f3\"},\"headline\":\"Sustainable Switzerland: Neues Weiterbildungsangebot f\u00fcr Nachhaltigkeit\",\"datePublished\":\"2024-02-23T10:49:31+00:00\",\"mainEntityOfPage\":{\"@id\":\"https:\\\/\\\/www.organisator.ch\\\/sustainability\\\/2024-02-23\\\/sustainable-switzerland-neues-weiterbildungsangebot-fuer-nachhaltigkeit\\\/\"},\"wordCount\":363,\"publisher\":{\"@id\":\"https:\\\/\\\/www.organisator.ch\\\/#organization\"},\"image\":{\"@id\":\"https:\\\/\\\/www.organisator.ch\\\/sustainability\\\/2024-02-23\\\/sustainable-switzerland-neues-weiterbildungsangebot-fuer-nachhaltigkeit\\\/#primaryimage\"},\"thumbnailUrl\":\"https:\\\/\\\/www.organisator.ch\\\/wp-content\\\/uploads\\\/2024\\\/02\\\/Sustainable-Switzerland-Academy-min_Bild1_ps.jpg\",\"keywords\":[\"Nachhaltigkeit\",\"Sustainable Switzerland\",\"Unternehmen\",\"Weiterbildung\"],\"articleSection\":[\"SUSTAINABILITY\",\"WEITERBILDUNG\"],\"inLanguage\":\"de\"},{\"@type\":\"WebPage\",\"@id\":\"https:\\\/\\\/www.organisator.ch\\\/sustainability\\\/2024-02-23\\\/sustainable-switzerland-neues-weiterbildungsangebot-fuer-nachhaltigkeit\\\/\",\"url\":\"https:\\\/\\\/www.organisator.ch\\\/sustainability\\\/2024-02-23\\\/sustainable-switzerland-neues-weiterbildungsangebot-fuer-nachhaltigkeit\\\/\",\"name\":\"Sustainable Switzerland: Neues Weiterbildungsangebot f\u00fcr Nachhaltigkeit - Organisator\",\"isPartOf\":{\"@id\":\"https:\\\/\\\/www.organisator.ch\\\/#website\"},\"primaryImageOfPage\":{\"@id\":\"https:\\\/\\\/www.organisator.ch\\\/sustainability\\\/2024-02-23\\\/sustainable-switzerland-neues-weiterbildungsangebot-fuer-nachhaltigkeit\\\/#primaryimage\"},\"image\":{\"@id\":\"https:\\\/\\\/www.organisator.ch\\\/sustainability\\\/2024-02-23\\\/sustainable-switzerland-neues-weiterbildungsangebot-fuer-nachhaltigkeit\\\/#primaryimage\"},\"thumbnailUrl\":\"https:\\\/\\\/www.organisator.ch\\\/wp-content\\\/uploads\\\/2024\\\/02\\\/Sustainable-Switzerland-Academy-min_Bild1_ps.jpg\",\"datePublished\":\"2024-02-23T10:49:31+00:00\",\"description\":\"Sustainable Switzerland, lanciert ein Weiterbildungsangebot mit Fokus auf KMU und Nachhaltigkeitsbeauftragte.\",\"breadcrumb\":{\"@id\":\"https:\\\/\\\/www.organisator.ch\\\/sustainability\\\/2024-02-23\\\/sustainable-switzerland-neues-weiterbildungsangebot-fuer-nachhaltigkeit\\\/#breadcrumb\"},\"inLanguage\":\"de\",\"potentialAction\":[{\"@type\":\"ReadAction\",\"target\":[\"https:\\\/\\\/www.organisator.ch\\\/sustainability\\\/2024-02-23\\\/sustainable-switzerland-neues-weiterbildungsangebot-fuer-nachhaltigkeit\\\/\"]}]},{\"@type\":\"ImageObject\",\"inLanguage\":\"de\",\"@id\":\"https:\\\/\\\/www.organisator.ch\\\/sustainability\\\/2024-02-23\\\/sustainable-switzerland-neues-weiterbildungsangebot-fuer-nachhaltigkeit\\\/#primaryimage\",\"url\":\"https:\\\/\\\/www.organisator.ch\\\/wp-content\\\/uploads\\\/2024\\\/02\\\/Sustainable-Switzerland-Academy-min_Bild1_ps.jpg\",\"contentUrl\":\"https:\\\/\\\/www.organisator.ch\\\/wp-content\\\/uploads\\\/2024\\\/02\\\/Sustainable-Switzerland-Academy-min_Bild1_ps.jpg\",\"width\":680,\"height\":450,\"caption\":\"Die Sustainable Switzerland Academy startet am 23. Februar 2024 mit frei zug\u00e4nglichen Webinaren, Live-Sessions, Content-Formaten und lizenzpflichtigen, modular aufgebauten Masterclasses. (Bild: www.sustainableswitzerland.ch)\"},{\"@type\":\"BreadcrumbList\",\"@id\":\"https:\\\/\\\/www.organisator.ch\\\/sustainability\\\/2024-02-23\\\/sustainable-switzerland-neues-weiterbildungsangebot-fuer-nachhaltigkeit\\\/#breadcrumb\",\"itemListElement\":[{\"@type\":\"ListItem\",\"position\":1,\"name\":\"Home\",\"item\":\"https:\\\/\\\/www.organisator.ch\\\/\"},{\"@type\":\"ListItem\",\"position\":2,\"name\":\"Sustainable Switzerland: Neues Weiterbildungsangebot f\u00fcr Nachhaltigkeit\"}]},{\"@type\":\"WebSite\",\"@id\":\"https:\\\/\\\/www.organisator.ch\\\/#website\",\"url\":\"https:\\\/\\\/www.organisator.ch\\\/\",\"name\":\"Organisator\",\"description\":\"Kompetent. Praxisnah. Der ORGANISATOR bereitet in 10 Ausgaben pro Jahr die wesentlichen Themen f\u00fcr F\u00fchrungskr\u00e4fte von KMU auf.\",\"publisher\":{\"@id\":\"https:\\\/\\\/www.organisator.ch\\\/#organization\"},\"potentialAction\":[{\"@type\":\"SearchAction\",\"target\":{\"@type\":\"EntryPoint\",\"urlTemplate\":\"https:\\\/\\\/www.organisator.ch\\\/?s={search_term_string}\"},\"query-input\":{\"@type\":\"PropertyValueSpecification\",\"valueRequired\":true,\"valueName\":\"search_term_string\"}}],\"inLanguage\":\"de\"},{\"@type\":\"Organization\",\"@id\":\"https:\\\/\\\/www.organisator.ch\\\/#organization\",\"name\":\"Organisator\",\"url\":\"https:\\\/\\\/www.organisator.ch\\\/\",\"logo\":{\"@type\":\"ImageObject\",\"inLanguage\":\"de\",\"@id\":\"https:\\\/\\\/www.organisator.ch\\\/#\\\/schema\\\/logo\\\/image\\\/\",\"url\":\"https:\\\/\\\/www.organisator.ch\\\/wp-content\\\/uploads\\\/2022\\\/01\\\/Logo_Organisator_Website.png\",\"contentUrl\":\"https:\\\/\\\/www.organisator.ch\\\/wp-content\\\/uploads\\\/2022\\\/01\\\/Logo_Organisator_Website.png\",\"width\":800,\"height\":77,\"caption\":\"Organisator\"},\"image\":{\"@id\":\"https:\\\/\\\/www.organisator.ch\\\/#\\\/schema\\\/logo\\\/image\\\/\"},\"sameAs\":[\"https:\\\/\\\/www.facebook.com\\\/OrganisatorFachmagazin\",\"https:\\\/\\\/www.linkedin.com\\\/showcase\\\/organisator-das-magazin-fr-kmu\",\"https:\\\/\\\/www.xing.com\\\/news\\\/pages\\\/organisator-ch-695\",\"https:\\\/\\\/www.youtube.com\\\/channel\\\/UCGP2Sq0iWaZwT3BdIAQFYpw\"]},{\"@type\":\"Person\",\"@id\":\"https:\\\/\\\/www.organisator.ch\\\/#\\\/schema\\\/person\\\/2e1314a2172123f874db408d8911d3f3\",\"name\":\"Adelisa Kalajdzini\",\"image\":{\"@type\":\"ImageObject\",\"inLanguage\":\"de\",\"@id\":\"https:\\\/\\\/secure.gravatar.com\\\/avatar\\\/09a397c22ac58cad6f160ee8306348599df9df58a8ede73696226897b9fa4b24?s=96&d=mm&r=g\",\"url\":\"https:\\\/\\\/secure.gravatar.com\\\/avatar\\\/09a397c22ac58cad6f160ee8306348599df9df58a8ede73696226897b9fa4b24?s=96&d=mm&r=g\",\"contentUrl\":\"https:\\\/\\\/secure.gravatar.com\\\/avatar\\\/09a397c22ac58cad6f160ee8306348599df9df58a8ede73696226897b9fa4b24?s=96&d=mm&r=g\",\"caption\":\"Adelisa Kalajdzini\"},\"url\":\"https:\\\/\\\/www.organisator.ch\\\/de\\\/author\\\/adelisa-kalajdzini\\\/\"}]}<\/script>\n<!-- \/ Yoast SEO plugin. -->","yoast_head_json":{"title":"Sustainable Switzerland: Neues Weiterbildungsangebot f\u00fcr Nachhaltigkeit - Organisator","description":"Sustainable Switzerland, lanciert ein Weiterbildungsangebot mit Fokus auf KMU und Nachhaltigkeitsbeauftragte.","robots":{"index":"index","follow":"follow","max-snippet":"max-snippet:-1","max-image-preview":"max-image-preview:large","max-video-preview":"max-video-preview:-1"},"canonical":"https:\/\/www.organisator.ch\/de\/sustainability\/2024-02-23\/sustainable-switzerland-neues-weiterbildungsangebot-fuer-nachhaltigkeit\/","og_locale":"de_DE","og_type":"article","og_title":"Sustainable Switzerland: Neues Weiterbildungsangebot f\u00fcr Nachhaltigkeit","og_description":"Sustainable Switzerland, lanciert ein Weiterbildungsangebot mit Fokus auf KMU und Nachhaltigkeitsbeauftragte.","og_url":"https:\/\/www.organisator.ch\/de\/sustainability\/2024-02-23\/sustainable-switzerland-neues-weiterbildungsangebot-fuer-nachhaltigkeit\/","og_site_name":"Organisator","article_publisher":"https:\/\/www.facebook.com\/OrganisatorFachmagazin","article_published_time":"2024-02-23T10:49:31+00:00","og_image":[{"width":680,"height":450,"url":"https:\/\/www.organisator.ch\/wp-content\/uploads\/2024\/02\/Sustainable-Switzerland-Academy-min_Bild1_ps.jpg","type":"image\/jpeg"}],"author":"Adelisa Kalajdzini","twitter_card":"summary_large_image","twitter_title":"Sustainable Switzerland: Neues Weiterbildungsangebot f\u00fcr Nachhaltigkeit","twitter_description":"#Sustainable #Switzerland, lanciert ein #Weiterbildungsangebot mit Fokus auf #KMU und Nachhaltigkeitsbeauftragte.","twitter_image":"https:\/\/www.organisator.ch\/wp-content\/uploads\/2024\/02\/Sustainable-Switzerland-Academy-min_Bild1_ps.jpg","schema":{"@context":"https:\/\/schema.org","@graph":[{"@type":"Article","@id":"https:\/\/www.organisator.ch\/sustainability\/2024-02-23\/sustainable-switzerland-neues-weiterbildungsangebot-fuer-nachhaltigkeit\/#article","isPartOf":{"@id":"https:\/\/www.organisator.ch\/sustainability\/2024-02-23\/sustainable-switzerland-neues-weiterbildungsangebot-fuer-nachhaltigkeit\/"},"author":{"name":"Adelisa Kalajdzini","@id":"https:\/\/www.organisator.ch\/#\/schema\/person\/2e1314a2172123f874db408d8911d3f3"},"headline":"Sustainable Switzerland: Neues Weiterbildungsangebot f\u00fcr Nachhaltigkeit","datePublished":"2024-02-23T10:49:31+00:00","mainEntityOfPage":{"@id":"https:\/\/www.organisator.ch\/sustainability\/2024-02-23\/sustainable-switzerland-neues-weiterbildungsangebot-fuer-nachhaltigkeit\/"},"wordCount":363,"publisher":{"@id":"https:\/\/www.organisator.ch\/#organization"},"image":{"@id":"https:\/\/www.organisator.ch\/sustainability\/2024-02-23\/sustainable-switzerland-neues-weiterbildungsangebot-fuer-nachhaltigkeit\/#primaryimage"},"thumbnailUrl":"https:\/\/www.organisator.ch\/wp-content\/uploads\/2024\/02\/Sustainable-Switzerland-Academy-min_Bild1_ps.jpg","keywords":["Nachhaltigkeit","Sustainable Switzerland","Unternehmen","Weiterbildung"],"articleSection":["SUSTAINABILITY","WEITERBILDUNG"],"inLanguage":"de"},{"@type":"WebPage","@id":"https:\/\/www.organisator.ch\/sustainability\/2024-02-23\/sustainable-switzerland-neues-weiterbildungsangebot-fuer-nachhaltigkeit\/","url":"https:\/\/www.organisator.ch\/sustainability\/2024-02-23\/sustainable-switzerland-neues-weiterbildungsangebot-fuer-nachhaltigkeit\/","name":"Sustainable Switzerland: Neues Weiterbildungsangebot f\u00fcr Nachhaltigkeit - Organisator","isPartOf":{"@id":"https:\/\/www.organisator.ch\/#website"},"primaryImageOfPage":{"@id":"https:\/\/www.organisator.ch\/sustainability\/2024-02-23\/sustainable-switzerland-neues-weiterbildungsangebot-fuer-nachhaltigkeit\/#primaryimage"},"image":{"@id":"https:\/\/www.organisator.ch\/sustainability\/2024-02-23\/sustainable-switzerland-neues-weiterbildungsangebot-fuer-nachhaltigkeit\/#primaryimage"},"thumbnailUrl":"https:\/\/www.organisator.ch\/wp-content\/uploads\/2024\/02\/Sustainable-Switzerland-Academy-min_Bild1_ps.jpg","datePublished":"2024-02-23T10:49:31+00:00","description":"Sustainable Switzerland, lanciert ein Weiterbildungsangebot mit Fokus auf KMU und Nachhaltigkeitsbeauftragte.","breadcrumb":{"@id":"https:\/\/www.organisator.ch\/sustainability\/2024-02-23\/sustainable-switzerland-neues-weiterbildungsangebot-fuer-nachhaltigkeit\/#breadcrumb"},"inLanguage":"de","potentialAction":[{"@type":"ReadAction","target":["https:\/\/www.organisator.ch\/sustainability\/2024-02-23\/sustainable-switzerland-neues-weiterbildungsangebot-fuer-nachhaltigkeit\/"]}]},{"@type":"ImageObject","inLanguage":"de","@id":"https:\/\/www.organisator.ch\/sustainability\/2024-02-23\/sustainable-switzerland-neues-weiterbildungsangebot-fuer-nachhaltigkeit\/#primaryimage","url":"https:\/\/www.organisator.ch\/wp-content\/uploads\/2024\/02\/Sustainable-Switzerland-Academy-min_Bild1_ps.jpg","contentUrl":"https:\/\/www.organisator.ch\/wp-content\/uploads\/2024\/02\/Sustainable-Switzerland-Academy-min_Bild1_ps.jpg","width":680,"height":450,"caption":"Die Sustainable Switzerland Academy startet am 23. Februar 2024 mit frei zug\u00e4nglichen Webinaren, Live-Sessions, Content-Formaten und lizenzpflichtigen, modular aufgebauten Masterclasses. (Bild: www.sustainableswitzerland.ch)"},{"@type":"BreadcrumbList","@id":"https:\/\/www.organisator.ch\/sustainability\/2024-02-23\/sustainable-switzerland-neues-weiterbildungsangebot-fuer-nachhaltigkeit\/#breadcrumb","itemListElement":[{"@type":"ListItem","position":1,"name":"Home","item":"https:\/\/www.organisator.ch\/"},{"@type":"ListItem","position":2,"name":"Sustainable Switzerland: Neues Weiterbildungsangebot f\u00fcr Nachhaltigkeit"}]},{"@type":"WebSite","@id":"https:\/\/www.organisator.ch\/#website","url":"https:\/\/www.organisator.ch\/","name":"Organisator","description":"Kompetent. Praxisnah. Der ORGANISATOR bereitet in 10 Ausgaben pro Jahr die wesentlichen Themen f\u00fcr F\u00fchrungskr\u00e4fte von KMU auf.","publisher":{"@id":"https:\/\/www.organisator.ch\/#organization"},"potentialAction":[{"@type":"SearchAction","target":{"@type":"EntryPoint","urlTemplate":"https:\/\/www.organisator.ch\/?s={search_term_string}"},"query-input":{"@type":"PropertyValueSpecification","valueRequired":true,"valueName":"search_term_string"}}],"inLanguage":"de"},{"@type":"Organization","@id":"https:\/\/www.organisator.ch\/#organization","name":"Organisator","url":"https:\/\/www.organisator.ch\/","logo":{"@type":"ImageObject","inLanguage":"de","@id":"https:\/\/www.organisator.ch\/#\/schema\/logo\/image\/","url":"https:\/\/www.organisator.ch\/wp-content\/uploads\/2022\/01\/Logo_Organisator_Website.png","contentUrl":"https:\/\/www.organisator.ch\/wp-content\/uploads\/2022\/01\/Logo_Organisator_Website.png","width":800,"height":77,"caption":"Organisator"},"image":{"@id":"https:\/\/www.organisator.ch\/#\/schema\/logo\/image\/"},"sameAs":["https:\/\/www.facebook.com\/OrganisatorFachmagazin","https:\/\/www.linkedin.com\/showcase\/organisator-das-magazin-fr-kmu","https:\/\/www.xing.com\/news\/pages\/organisator-ch-695","https:\/\/www.youtube.com\/channel\/UCGP2Sq0iWaZwT3BdIAQFYpw"]},{"@type":"Person","@id":"https:\/\/www.organisator.ch\/#\/schema\/person\/2e1314a2172123f874db408d8911d3f3","name":"Adelisa Kalajdzini","image":{"@type":"ImageObject","inLanguage":"de","@id":"https:\/\/secure.gravatar.com\/avatar\/09a397c22ac58cad6f160ee8306348599df9df58a8ede73696226897b9fa4b24?s=96&d=mm&r=g","url":"https:\/\/secure.gravatar.com\/avatar\/09a397c22ac58cad6f160ee8306348599df9df58a8ede73696226897b9fa4b24?s=96&d=mm&r=g","contentUrl":"https:\/\/secure.gravatar.com\/avatar\/09a397c22ac58cad6f160ee8306348599df9df58a8ede73696226897b9fa4b24?s=96&d=mm&r=g","caption":"Adelisa Kalajdzini"},"url":"https:\/\/www.organisator.ch\/de\/author\/adelisa-kalajdzini\/"}]}},"_links":{"self":[{"href":"https:\/\/www.organisator.ch\/de\/wp-json\/wp\/v2\/posts\/25329","targetHints":{"allow":["GET"]}}],"collection":[{"href":"https:\/\/www.organisator.ch\/de\/wp-json\/wp\/v2\/posts"}],"about":[{"href":"https:\/\/www.organisator.ch\/de\/wp-json\/wp\/v2\/types\/post"}],"author":[{"embeddable":true,"href":"https:\/\/www.organisator.ch\/de\/wp-json\/wp\/v2\/users\/58"}],"replies":[{"embeddable":true,"href":"https:\/\/www.organisator.ch\/de\/wp-json\/wp\/v2\/comments?post=25329"}],"version-history":[{"count":4,"href":"https:\/\/www.organisator.ch\/de\/wp-json\/wp\/v2\/posts\/25329\/revisions"}],"predecessor-version":[{"id":25341,"href":"https:\/\/www.organisator.ch\/de\/wp-json\/wp\/v2\/posts\/25329\/revisions\/25341"}],"wp:featuredmedia":[{"embeddable":true,"href":"https:\/\/www.organisator.ch\/de\/wp-json\/wp\/v2\/media\/25331"}],"wp:attachment":[{"href":"https:\/\/www.organisator.ch\/de\/wp-json\/wp\/v2\/media?parent=25329"}],"wp:term":[{"taxonomy":"category","embeddable":true,"href":"https:\/\/www.organisator.ch\/de\/wp-json\/wp\/v2\/categories?post=25329"},{"taxonomy":"post_tag","embeddable":true,"href":"https:\/\/www.organisator.ch\/de\/wp-json\/wp\/v2\/tags?post=25329"}],"curies":[{"name":"wp","href":"https:\/\/api.w.org\/{rel}","templated":true}]}}