{"id":2533,"date":"2019-10-17T12:38:30","date_gmt":"2019-10-17T10:38:30","guid":{"rendered":"https:\/\/www.umweltperspektiven.ch\/?p=2533"},"modified":"2022-02-09T11:10:03","modified_gmt":"2022-02-09T10:10:03","slug":"150000-franken-an-pre-seed-finanzierungen-ermoeglicht","status":"publish","type":"post","link":"https:\/\/www.organisator.ch\/de\/sustainability\/2019-10-17\/150000-franken-an-pre-seed-finanzierungen-ermoeglicht\/","title":{"rendered":"150\u2019000 Franken an Pre-Seed-Finanzierungen erm\u00f6glicht"},"content":{"rendered":"<figure id=\"attachment_2534\" aria-describedby=\"caption-attachment-2534\" style=\"width: 427px\" class=\"wp-caption alignnone\"><img loading=\"lazy\" decoding=\"async\" class=\"size-full wp-image-2534\" src=\"\/\/www.umweltperspektiven.ch\/wp-content\/uploads\/2019\/10\/Venture-Kick-vergibt-erneut-150\u2019000-Franken-an-Pre-Seed-Finanzierungen_UP-Umwelt-Perspektiven.jpg\" alt=\"\" width=\"427\" height=\"284\" \/><figcaption id=\"caption-attachment-2534\" class=\"wp-caption-text\">Etienne Jeoffroy (FenX AG) und Claudia Hoessbacher (Polariton Technologies AG) freuen sich \u00fcber den Zustupf von Venture Kick. (Bild: Venture Kick)<\/figcaption><\/figure>\n<p>Start-ups ben\u00f6tigen f\u00fcr Gr\u00fcndung, Wachstum und Internationalisierung eine geeignete und zuverl\u00e4ssige\u00a0<em>Finanzierung, ein so genanntes &#8222;Pre-Seed&#8220;.\u00a0Die beiden Z\u00fcrcher Startups FenX AG und Polariton Technologies AG entwickeln Forschungsergebnisse aus der ETH Z\u00fcrich und erhielten k\u00fcrzlich Pre-Seed-Finanzierungen in der H\u00f6he CHF 150\u2019000 Franken.<\/em><\/p>\n<p>Glasfasermodulatoren und Geb\u00e4uded\u00e4mmung, obwohl Multi-Milliarden-Dollar-M\u00e4rkte, sind \u201cverborgene\u201d Themen, bis verheerende Geb\u00e4udebr\u00e4nde oder die Frustration durch langsame Kommunikation die \u00d6ffentlichkeit auf diese wichtigen Infrastrukturen aufmerksam machen.<\/p>\n<h2>FenX AG: Vollst\u00e4ndig recycelbare Isolierung, die den Brandschutz maximiert und CO2 minimiert<\/h2>\n<p>Die moderne Bauindustrie steht vor der Herausforderung, ihren Energieverbrauch und ihren CO2-Fussabdruck zu senken: Wohn- und Gesch\u00e4ftsgeb\u00e4ude machen etwa 40 Prozent des weltweiten Energieverbrauchs und 36 Prozent der globalen Treibhausgase aus. Eine bessere und umweltfreundlichere D\u00e4mmung kann die gesamte Treibhausgasemission von Geb\u00e4uden um ein F\u00fcnftel senken. Leider hat die heutige Isolierung entweder einen relativ hohen CO2-Fussabdruck oder ist leicht entflammbar.<\/p>\n<p><a href=\"\/\/www.fenx.ch\">FenX<\/a>, ein Spin-off der ETH Z\u00fcrich, begegnet diesem Problem mit der Umwandlung von mineralischen Industrieabf\u00e4llen in nachhaltige und leistungsstarke D\u00e4mmschaumplatten, die auch in Geb\u00e4uden einen sicheren Brandschutz gew\u00e4hrleisten. Der Markt ist gross: Weltweit gibt die Bauindustrie rund 22,4 Milliarden Franken f\u00fcr W\u00e4rmed\u00e4mmung aus.<\/p>\n<p>\u201eUnser vollst\u00e4ndig recycelbares Produkt minimiert die CO2-Emissionen und maximiert den Brandschutz. Diese Kombination ist neu auf dem Markt und wird aus Abf\u00e4llen hergestellt\u201c, sagt Mitbegr\u00fcnder Etienne Jeoffroy, dessen Produkt im Laufe seiner Lebensdauer drei- bis zehnmal weniger CO2 als aktuelle Technologien erzeugt.<\/p>\n<p>FenX konzentriert sich darauf, die europ\u00e4ische Zertifizierung f\u00fcr seine D\u00e4mmplatten abzuschliessen, bevor Pilotprojekte entwickelt werden. Das Startup wurde k\u00fcrzlich in den Business Develoment Accelerator von Swiss Prime Site, dem gr\u00f6ssten b\u00f6rsennotierten Immobilienunternehmen der Schweiz, aufgenommen. Jeoffroy und die Mitbegr\u00fcnder Michele Zanini, Enrico Scoccimarro, Alessandro Dutto, Andr\u00e9 Studart und Elena Tervoort planen, bis 2020 eine Seed-Finanzierungsrunde \u00fcber rund CHF 1,5 Mio. Abzuschliessen.<br \/>\nDer CEO bedankt sich f\u00fcr die Unterst\u00fctzung und die unternehmerische Ausbildung von Venture Kick w\u00e4hrend der Startphase: \u201eVenture Kick hat uns sehr dabei geholfen, unser Gesch\u00e4ftsmodell zu fokussieren und zu verfeinern. Insbesondere das Kickers Camp hat uns gezeigt, wie wir unseren Markteinf\u00fchrungsweg verbessern k\u00f6nnen.\u201c<\/p>\n<h2>Polariton Technologies AG: die schnellsten und kleinsten elektrooptischen Modulatoren der Welt<\/h2>\n<p>Unsere Welt f\u00fcllt sich mit digitalen Ger\u00e4ten, die miteinander kommunizieren m\u00fcssen, und moderne Lebensstile bedeuten, dass die Menschen h\u00f6here Datenvolumen rasch zur Verf\u00fcgung haben m\u00f6chten. Modulatoren, die elektrische Signale in Lichtsignale umwandeln, welche f\u00fcr die weltweite \u00dcbertragung \u00fcber Glasfaserkabel erforderlich sind, sind ein wesentlicher Bestandteil unserer modernen Kommunikationsinfrastruktur.<\/p>\n<p>ETH-Pioneer Fellow Claudia Hoessbacher und die Mitbegr\u00fcnder Wolfgang Heni und Benedikt B\u00e4uerle verwenden anstelle von normalem Licht k\u00fcrzerwellige Plasmonics, um diese Komponenten auf den Nanobereich zu verkleinern. Polaritons Modulatoren senden mit bis zu 500 GHz zehnmal schneller als die vorherrschende Photonenmodulator-Technologie.<\/p>\n<p><a href=\"\/\/www.polariton.com\">Polariton<\/a> nutzte Venture Kick Pre-Seed-Finanzierungen, um Gesch\u00e4ftsannahmen zu validieren und potenzielle Kunden und Lieferanten weltweit zu treffen. Das Team hat k\u00fcrzlich seine Nanotechnologie \u2013 den H\u00f6hepunkt einer sechsj\u00e4hrigen Forschung \u2013 vor internationalen Exerten vorgestellt und ihr viertes Teammitglied eingestellt. Das in Z\u00fcrich ans\u00e4ssige Startup hat erste Investoren kontaktiert, da eine Seed-Runde in H\u00f6he von 1-2 Millionen CHF anfangs n\u00e4chstes Jahr geplant ist. Das Kaptial wir dem Startup helfen einen erfahrenen Business Development Mitarbeiter einzustellen und seine Modulatoren f\u00fcr Erstkunden im Bereich Pr\u00fcf- und Messtechnik zu verfeinern.<\/p>\n<p>Das Startup erhielt auch finanzielle Unterst\u00fctzung von Innobooster und freute sich \u00fcber die unternehmerischen Trainings von Venture Kick: \u201eDas sehr konkrete Feedback hat uns enorm geholfen. Es ist auch wertvoll, sich mit Gr\u00fcndern in \u00e4hnlichen Stadien austauschen zu k\u00f6nnen\u201c, sagt Hoessbacher und freut sich \u00fcber ihre Umwandlung von Forscherin zu Unternehmerin. \u201eEs geht darum, die Forschung auf den Markt zu bringen. Dies ist unser Baby \u2013 ich w\u00fcrde es gerne dort draussen sehen.\u201c<\/p>\n","protected":false},"excerpt":{"rendered":"<p>Start-ups ben\u00f6tigen f\u00fcr Gr\u00fcndung, Wachstum und Internationalisierung eine geeignete und zuverl\u00e4ssige\u00a0Finanzierung, ein so genanntes &#8222;Pre-Seed&#8220;.\u00a0Die beiden Z\u00fcrcher Startups FenX AG und Polariton Technologies AG entwickeln Forschungsergebnisse aus der ETH Z\u00fcrich und erhielten k\u00fcrzlich Pre-Seed-Finanzierungen in der H\u00f6he CHF 150\u2019000 Franken. Glasfasermodulatoren und Geb\u00e4uded\u00e4mmung, obwohl Multi-Milliarden-Dollar-M\u00e4rkte, sind \u201cverborgene\u201d Themen, bis verheerende Geb\u00e4udebr\u00e4nde oder die Frustration durch [&hellip;]<\/p>\n","protected":false},"author":5,"featured_media":9646,"comment_status":"open","ping_status":"open","sticky":false,"template":"","format":"standard","meta":{"_acf_changed":false,"_yoast_wpseo_focuskw":"Pre-Seed-Finanzierungen","_yoast_wpseo_metadesc":"Die Startup-F\u00f6rderungsinitiative Venture Kick vergibt den Firmen FenX und Polariton 150\u2019000 Franken an Pre-Seed-Finanzierungen.","articlekey":"","footnotes":""},"categories":[580],"tags":[1442,450,2385],"class_list":["post-2533","post","type-post","status-publish","format-standard","has-post-thumbnail","hentry","category-sustainability","tag-investment","tag-start-ups","tag-umwelttechnologie"],"acf":[],"yoast_head":"<!-- This site is optimized with the Yoast SEO plugin v27.5 - https:\/\/yoast.com\/product\/yoast-seo-wordpress\/ -->\n<title>150\u2019000 Franken an Pre-Seed-Finanzierungen erm\u00f6glicht - Organisator<\/title>\n<meta name=\"description\" content=\"Die Startup-F\u00f6rderungsinitiative Venture Kick vergibt den Firmen FenX und Polariton 150\u2019000 Franken an Pre-Seed-Finanzierungen.\" \/>\n<meta name=\"robots\" content=\"index, follow, max-snippet:-1, max-image-preview:large, max-video-preview:-1\" \/>\n<link rel=\"canonical\" href=\"https:\/\/www.organisator.ch\/de\/sustainability\/2019-10-17\/150000-franken-an-pre-seed-finanzierungen-ermoeglicht\/\" \/>\n<meta property=\"og:locale\" content=\"de_DE\" \/>\n<meta property=\"og:type\" content=\"article\" \/>\n<meta property=\"og:title\" content=\"150\u2019000 Franken an Pre-Seed-Finanzierungen erm\u00f6glicht - Organisator\" \/>\n<meta property=\"og:description\" content=\"Die Startup-F\u00f6rderungsinitiative Venture Kick vergibt den Firmen FenX und Polariton 150\u2019000 Franken an Pre-Seed-Finanzierungen.\" \/>\n<meta property=\"og:url\" content=\"https:\/\/www.organisator.ch\/de\/sustainability\/2019-10-17\/150000-franken-an-pre-seed-finanzierungen-ermoeglicht\/\" \/>\n<meta property=\"og:site_name\" content=\"Organisator\" \/>\n<meta property=\"article:publisher\" content=\"https:\/\/www.facebook.com\/OrganisatorFachmagazin\" \/>\n<meta property=\"article:published_time\" content=\"2019-10-17T10:38:30+00:00\" \/>\n<meta property=\"article:modified_time\" content=\"2022-02-09T10:10:03+00:00\" \/>\n<meta property=\"og:image\" content=\"https:\/\/www.organisator.ch\/wp-content\/uploads\/2019\/10\/Venture-Kick-vergibt-erneut-150000-Franken-an-Pre-Seed-Finanzierungen_UP-Umwelt-Perspektiven.jpg\" \/>\n\t<meta property=\"og:image:width\" content=\"427\" \/>\n\t<meta property=\"og:image:height\" content=\"284\" \/>\n\t<meta property=\"og:image:type\" content=\"image\/jpeg\" \/>\n<meta name=\"author\" content=\"michael.merz\" \/>\n<meta name=\"twitter:card\" content=\"summary_large_image\" \/>\n<script type=\"application\/ld+json\" class=\"yoast-schema-graph\">{\"@context\":\"https:\\\/\\\/schema.org\",\"@graph\":[{\"@type\":\"Article\",\"@id\":\"https:\\\/\\\/www.organisator.ch\\\/sustainability\\\/2019-10-17\\\/150000-franken-an-pre-seed-finanzierungen-ermoeglicht\\\/#article\",\"isPartOf\":{\"@id\":\"https:\\\/\\\/www.organisator.ch\\\/sustainability\\\/2019-10-17\\\/150000-franken-an-pre-seed-finanzierungen-ermoeglicht\\\/\"},\"author\":{\"name\":\"michael.merz\",\"@id\":\"https:\\\/\\\/www.organisator.ch\\\/#\\\/schema\\\/person\\\/134708ca9321c57b0362cceb7948ffbd\"},\"headline\":\"150\u2019000 Franken an Pre-Seed-Finanzierungen erm\u00f6glicht\",\"datePublished\":\"2019-10-17T10:38:30+00:00\",\"dateModified\":\"2022-02-09T10:10:03+00:00\",\"mainEntityOfPage\":{\"@id\":\"https:\\\/\\\/www.organisator.ch\\\/sustainability\\\/2019-10-17\\\/150000-franken-an-pre-seed-finanzierungen-ermoeglicht\\\/\"},\"wordCount\":681,\"commentCount\":0,\"publisher\":{\"@id\":\"https:\\\/\\\/www.organisator.ch\\\/#organization\"},\"image\":{\"@id\":\"https:\\\/\\\/www.organisator.ch\\\/sustainability\\\/2019-10-17\\\/150000-franken-an-pre-seed-finanzierungen-ermoeglicht\\\/#primaryimage\"},\"thumbnailUrl\":\"https:\\\/\\\/www.organisator.ch\\\/wp-content\\\/uploads\\\/2019\\\/10\\\/Venture-Kick-vergibt-erneut-150000-Franken-an-Pre-Seed-Finanzierungen_UP-Umwelt-Perspektiven.jpg\",\"keywords\":[\"Investment\",\"Start-ups\",\"Umwelttechnologie\"],\"articleSection\":[\"SUSTAINABILITY\"],\"inLanguage\":\"de\"},{\"@type\":\"WebPage\",\"@id\":\"https:\\\/\\\/www.organisator.ch\\\/sustainability\\\/2019-10-17\\\/150000-franken-an-pre-seed-finanzierungen-ermoeglicht\\\/\",\"url\":\"https:\\\/\\\/www.organisator.ch\\\/sustainability\\\/2019-10-17\\\/150000-franken-an-pre-seed-finanzierungen-ermoeglicht\\\/\",\"name\":\"150\u2019000 Franken an Pre-Seed-Finanzierungen erm\u00f6glicht - Organisator\",\"isPartOf\":{\"@id\":\"https:\\\/\\\/www.organisator.ch\\\/#website\"},\"primaryImageOfPage\":{\"@id\":\"https:\\\/\\\/www.organisator.ch\\\/sustainability\\\/2019-10-17\\\/150000-franken-an-pre-seed-finanzierungen-ermoeglicht\\\/#primaryimage\"},\"image\":{\"@id\":\"https:\\\/\\\/www.organisator.ch\\\/sustainability\\\/2019-10-17\\\/150000-franken-an-pre-seed-finanzierungen-ermoeglicht\\\/#primaryimage\"},\"thumbnailUrl\":\"https:\\\/\\\/www.organisator.ch\\\/wp-content\\\/uploads\\\/2019\\\/10\\\/Venture-Kick-vergibt-erneut-150000-Franken-an-Pre-Seed-Finanzierungen_UP-Umwelt-Perspektiven.jpg\",\"datePublished\":\"2019-10-17T10:38:30+00:00\",\"dateModified\":\"2022-02-09T10:10:03+00:00\",\"description\":\"Die Startup-F\u00f6rderungsinitiative Venture Kick vergibt den Firmen FenX und Polariton 150\u2019000 Franken an Pre-Seed-Finanzierungen.\",\"breadcrumb\":{\"@id\":\"https:\\\/\\\/www.organisator.ch\\\/sustainability\\\/2019-10-17\\\/150000-franken-an-pre-seed-finanzierungen-ermoeglicht\\\/#breadcrumb\"},\"inLanguage\":\"de\",\"potentialAction\":[{\"@type\":\"ReadAction\",\"target\":[\"https:\\\/\\\/www.organisator.ch\\\/sustainability\\\/2019-10-17\\\/150000-franken-an-pre-seed-finanzierungen-ermoeglicht\\\/\"]}]},{\"@type\":\"ImageObject\",\"inLanguage\":\"de\",\"@id\":\"https:\\\/\\\/www.organisator.ch\\\/sustainability\\\/2019-10-17\\\/150000-franken-an-pre-seed-finanzierungen-ermoeglicht\\\/#primaryimage\",\"url\":\"https:\\\/\\\/www.organisator.ch\\\/wp-content\\\/uploads\\\/2019\\\/10\\\/Venture-Kick-vergibt-erneut-150000-Franken-an-Pre-Seed-Finanzierungen_UP-Umwelt-Perspektiven.jpg\",\"contentUrl\":\"https:\\\/\\\/www.organisator.ch\\\/wp-content\\\/uploads\\\/2019\\\/10\\\/Venture-Kick-vergibt-erneut-150000-Franken-an-Pre-Seed-Finanzierungen_UP-Umwelt-Perspektiven.jpg\",\"width\":427,\"height\":284,\"caption\":\"Etienne Jeoffroy (FenX AG) und Claudia Hoessbacher (Polariton Technologies AG) freuen sich \u00fcber die Pre-Seed-Finanzierungen von Venture Kick. (Bild: Venture Kick)\"},{\"@type\":\"BreadcrumbList\",\"@id\":\"https:\\\/\\\/www.organisator.ch\\\/sustainability\\\/2019-10-17\\\/150000-franken-an-pre-seed-finanzierungen-ermoeglicht\\\/#breadcrumb\",\"itemListElement\":[{\"@type\":\"ListItem\",\"position\":1,\"name\":\"Home\",\"item\":\"https:\\\/\\\/www.organisator.ch\\\/\"},{\"@type\":\"ListItem\",\"position\":2,\"name\":\"150\u2019000 Franken an Pre-Seed-Finanzierungen erm\u00f6glicht\"}]},{\"@type\":\"WebSite\",\"@id\":\"https:\\\/\\\/www.organisator.ch\\\/#website\",\"url\":\"https:\\\/\\\/www.organisator.ch\\\/\",\"name\":\"Organisator\",\"description\":\"Kompetent. Praxisnah. Der ORGANISATOR bereitet in 10 Ausgaben pro Jahr die wesentlichen Themen f\u00fcr F\u00fchrungskr\u00e4fte von KMU auf.\",\"publisher\":{\"@id\":\"https:\\\/\\\/www.organisator.ch\\\/#organization\"},\"potentialAction\":[{\"@type\":\"SearchAction\",\"target\":{\"@type\":\"EntryPoint\",\"urlTemplate\":\"https:\\\/\\\/www.organisator.ch\\\/?s={search_term_string}\"},\"query-input\":{\"@type\":\"PropertyValueSpecification\",\"valueRequired\":true,\"valueName\":\"search_term_string\"}}],\"inLanguage\":\"de\"},{\"@type\":\"Organization\",\"@id\":\"https:\\\/\\\/www.organisator.ch\\\/#organization\",\"name\":\"Organisator\",\"url\":\"https:\\\/\\\/www.organisator.ch\\\/\",\"logo\":{\"@type\":\"ImageObject\",\"inLanguage\":\"de\",\"@id\":\"https:\\\/\\\/www.organisator.ch\\\/#\\\/schema\\\/logo\\\/image\\\/\",\"url\":\"https:\\\/\\\/www.organisator.ch\\\/wp-content\\\/uploads\\\/2022\\\/01\\\/Logo_Organisator_Website.png\",\"contentUrl\":\"https:\\\/\\\/www.organisator.ch\\\/wp-content\\\/uploads\\\/2022\\\/01\\\/Logo_Organisator_Website.png\",\"width\":800,\"height\":77,\"caption\":\"Organisator\"},\"image\":{\"@id\":\"https:\\\/\\\/www.organisator.ch\\\/#\\\/schema\\\/logo\\\/image\\\/\"},\"sameAs\":[\"https:\\\/\\\/www.facebook.com\\\/OrganisatorFachmagazin\",\"https:\\\/\\\/www.linkedin.com\\\/showcase\\\/organisator-das-magazin-fr-kmu\",\"https:\\\/\\\/www.xing.com\\\/news\\\/pages\\\/organisator-ch-695\",\"https:\\\/\\\/www.youtube.com\\\/channel\\\/UCGP2Sq0iWaZwT3BdIAQFYpw\"]},{\"@type\":\"Person\",\"@id\":\"https:\\\/\\\/www.organisator.ch\\\/#\\\/schema\\\/person\\\/134708ca9321c57b0362cceb7948ffbd\",\"name\":\"michael.merz\",\"image\":{\"@type\":\"ImageObject\",\"inLanguage\":\"de\",\"@id\":\"https:\\\/\\\/secure.gravatar.com\\\/avatar\\\/?s=96&d=mm&r=g\",\"url\":\"https:\\\/\\\/secure.gravatar.com\\\/avatar\\\/?s=96&d=mm&r=g\",\"contentUrl\":\"https:\\\/\\\/secure.gravatar.com\\\/avatar\\\/?s=96&d=mm&r=g\",\"caption\":\"michael.merz\"},\"url\":\"https:\\\/\\\/www.organisator.ch\\\/de\\\/author\\\/michael-merz\\\/\"}]}<\/script>\n<!-- \/ Yoast SEO plugin. -->","yoast_head_json":{"title":"150\u2019000 Franken an Pre-Seed-Finanzierungen erm\u00f6glicht - Organisator","description":"Die Startup-F\u00f6rderungsinitiative Venture Kick vergibt den Firmen FenX und Polariton 150\u2019000 Franken an Pre-Seed-Finanzierungen.","robots":{"index":"index","follow":"follow","max-snippet":"max-snippet:-1","max-image-preview":"max-image-preview:large","max-video-preview":"max-video-preview:-1"},"canonical":"https:\/\/www.organisator.ch\/de\/sustainability\/2019-10-17\/150000-franken-an-pre-seed-finanzierungen-ermoeglicht\/","og_locale":"de_DE","og_type":"article","og_title":"150\u2019000 Franken an Pre-Seed-Finanzierungen erm\u00f6glicht - Organisator","og_description":"Die Startup-F\u00f6rderungsinitiative Venture Kick vergibt den Firmen FenX und Polariton 150\u2019000 Franken an Pre-Seed-Finanzierungen.","og_url":"https:\/\/www.organisator.ch\/de\/sustainability\/2019-10-17\/150000-franken-an-pre-seed-finanzierungen-ermoeglicht\/","og_site_name":"Organisator","article_publisher":"https:\/\/www.facebook.com\/OrganisatorFachmagazin","article_published_time":"2019-10-17T10:38:30+00:00","article_modified_time":"2022-02-09T10:10:03+00:00","og_image":[{"width":427,"height":284,"url":"https:\/\/www.organisator.ch\/wp-content\/uploads\/2019\/10\/Venture-Kick-vergibt-erneut-150000-Franken-an-Pre-Seed-Finanzierungen_UP-Umwelt-Perspektiven.jpg","type":"image\/jpeg"}],"author":"michael.merz","twitter_card":"summary_large_image","schema":{"@context":"https:\/\/schema.org","@graph":[{"@type":"Article","@id":"https:\/\/www.organisator.ch\/sustainability\/2019-10-17\/150000-franken-an-pre-seed-finanzierungen-ermoeglicht\/#article","isPartOf":{"@id":"https:\/\/www.organisator.ch\/sustainability\/2019-10-17\/150000-franken-an-pre-seed-finanzierungen-ermoeglicht\/"},"author":{"name":"michael.merz","@id":"https:\/\/www.organisator.ch\/#\/schema\/person\/134708ca9321c57b0362cceb7948ffbd"},"headline":"150\u2019000 Franken an Pre-Seed-Finanzierungen erm\u00f6glicht","datePublished":"2019-10-17T10:38:30+00:00","dateModified":"2022-02-09T10:10:03+00:00","mainEntityOfPage":{"@id":"https:\/\/www.organisator.ch\/sustainability\/2019-10-17\/150000-franken-an-pre-seed-finanzierungen-ermoeglicht\/"},"wordCount":681,"commentCount":0,"publisher":{"@id":"https:\/\/www.organisator.ch\/#organization"},"image":{"@id":"https:\/\/www.organisator.ch\/sustainability\/2019-10-17\/150000-franken-an-pre-seed-finanzierungen-ermoeglicht\/#primaryimage"},"thumbnailUrl":"https:\/\/www.organisator.ch\/wp-content\/uploads\/2019\/10\/Venture-Kick-vergibt-erneut-150000-Franken-an-Pre-Seed-Finanzierungen_UP-Umwelt-Perspektiven.jpg","keywords":["Investment","Start-ups","Umwelttechnologie"],"articleSection":["SUSTAINABILITY"],"inLanguage":"de"},{"@type":"WebPage","@id":"https:\/\/www.organisator.ch\/sustainability\/2019-10-17\/150000-franken-an-pre-seed-finanzierungen-ermoeglicht\/","url":"https:\/\/www.organisator.ch\/sustainability\/2019-10-17\/150000-franken-an-pre-seed-finanzierungen-ermoeglicht\/","name":"150\u2019000 Franken an Pre-Seed-Finanzierungen erm\u00f6glicht - Organisator","isPartOf":{"@id":"https:\/\/www.organisator.ch\/#website"},"primaryImageOfPage":{"@id":"https:\/\/www.organisator.ch\/sustainability\/2019-10-17\/150000-franken-an-pre-seed-finanzierungen-ermoeglicht\/#primaryimage"},"image":{"@id":"https:\/\/www.organisator.ch\/sustainability\/2019-10-17\/150000-franken-an-pre-seed-finanzierungen-ermoeglicht\/#primaryimage"},"thumbnailUrl":"https:\/\/www.organisator.ch\/wp-content\/uploads\/2019\/10\/Venture-Kick-vergibt-erneut-150000-Franken-an-Pre-Seed-Finanzierungen_UP-Umwelt-Perspektiven.jpg","datePublished":"2019-10-17T10:38:30+00:00","dateModified":"2022-02-09T10:10:03+00:00","description":"Die Startup-F\u00f6rderungsinitiative Venture Kick vergibt den Firmen FenX und Polariton 150\u2019000 Franken an Pre-Seed-Finanzierungen.","breadcrumb":{"@id":"https:\/\/www.organisator.ch\/sustainability\/2019-10-17\/150000-franken-an-pre-seed-finanzierungen-ermoeglicht\/#breadcrumb"},"inLanguage":"de","potentialAction":[{"@type":"ReadAction","target":["https:\/\/www.organisator.ch\/sustainability\/2019-10-17\/150000-franken-an-pre-seed-finanzierungen-ermoeglicht\/"]}]},{"@type":"ImageObject","inLanguage":"de","@id":"https:\/\/www.organisator.ch\/sustainability\/2019-10-17\/150000-franken-an-pre-seed-finanzierungen-ermoeglicht\/#primaryimage","url":"https:\/\/www.organisator.ch\/wp-content\/uploads\/2019\/10\/Venture-Kick-vergibt-erneut-150000-Franken-an-Pre-Seed-Finanzierungen_UP-Umwelt-Perspektiven.jpg","contentUrl":"https:\/\/www.organisator.ch\/wp-content\/uploads\/2019\/10\/Venture-Kick-vergibt-erneut-150000-Franken-an-Pre-Seed-Finanzierungen_UP-Umwelt-Perspektiven.jpg","width":427,"height":284,"caption":"Etienne Jeoffroy (FenX AG) und Claudia Hoessbacher (Polariton Technologies AG) freuen sich \u00fcber die Pre-Seed-Finanzierungen von Venture Kick. (Bild: Venture Kick)"},{"@type":"BreadcrumbList","@id":"https:\/\/www.organisator.ch\/sustainability\/2019-10-17\/150000-franken-an-pre-seed-finanzierungen-ermoeglicht\/#breadcrumb","itemListElement":[{"@type":"ListItem","position":1,"name":"Home","item":"https:\/\/www.organisator.ch\/"},{"@type":"ListItem","position":2,"name":"150\u2019000 Franken an Pre-Seed-Finanzierungen erm\u00f6glicht"}]},{"@type":"WebSite","@id":"https:\/\/www.organisator.ch\/#website","url":"https:\/\/www.organisator.ch\/","name":"Organisator","description":"Kompetent. Praxisnah. Der ORGANISATOR bereitet in 10 Ausgaben pro Jahr die wesentlichen Themen f\u00fcr F\u00fchrungskr\u00e4fte von KMU auf.","publisher":{"@id":"https:\/\/www.organisator.ch\/#organization"},"potentialAction":[{"@type":"SearchAction","target":{"@type":"EntryPoint","urlTemplate":"https:\/\/www.organisator.ch\/?s={search_term_string}"},"query-input":{"@type":"PropertyValueSpecification","valueRequired":true,"valueName":"search_term_string"}}],"inLanguage":"de"},{"@type":"Organization","@id":"https:\/\/www.organisator.ch\/#organization","name":"Organisator","url":"https:\/\/www.organisator.ch\/","logo":{"@type":"ImageObject","inLanguage":"de","@id":"https:\/\/www.organisator.ch\/#\/schema\/logo\/image\/","url":"https:\/\/www.organisator.ch\/wp-content\/uploads\/2022\/01\/Logo_Organisator_Website.png","contentUrl":"https:\/\/www.organisator.ch\/wp-content\/uploads\/2022\/01\/Logo_Organisator_Website.png","width":800,"height":77,"caption":"Organisator"},"image":{"@id":"https:\/\/www.organisator.ch\/#\/schema\/logo\/image\/"},"sameAs":["https:\/\/www.facebook.com\/OrganisatorFachmagazin","https:\/\/www.linkedin.com\/showcase\/organisator-das-magazin-fr-kmu","https:\/\/www.xing.com\/news\/pages\/organisator-ch-695","https:\/\/www.youtube.com\/channel\/UCGP2Sq0iWaZwT3BdIAQFYpw"]},{"@type":"Person","@id":"https:\/\/www.organisator.ch\/#\/schema\/person\/134708ca9321c57b0362cceb7948ffbd","name":"michael.merz","image":{"@type":"ImageObject","inLanguage":"de","@id":"https:\/\/secure.gravatar.com\/avatar\/?s=96&d=mm&r=g","url":"https:\/\/secure.gravatar.com\/avatar\/?s=96&d=mm&r=g","contentUrl":"https:\/\/secure.gravatar.com\/avatar\/?s=96&d=mm&r=g","caption":"michael.merz"},"url":"https:\/\/www.organisator.ch\/de\/author\/michael-merz\/"}]}},"_links":{"self":[{"href":"https:\/\/www.organisator.ch\/de\/wp-json\/wp\/v2\/posts\/2533","targetHints":{"allow":["GET"]}}],"collection":[{"href":"https:\/\/www.organisator.ch\/de\/wp-json\/wp\/v2\/posts"}],"about":[{"href":"https:\/\/www.organisator.ch\/de\/wp-json\/wp\/v2\/types\/post"}],"author":[{"embeddable":true,"href":"https:\/\/www.organisator.ch\/de\/wp-json\/wp\/v2\/users\/5"}],"replies":[{"embeddable":true,"href":"https:\/\/www.organisator.ch\/de\/wp-json\/wp\/v2\/comments?post=2533"}],"version-history":[{"count":1,"href":"https:\/\/www.organisator.ch\/de\/wp-json\/wp\/v2\/posts\/2533\/revisions"}],"predecessor-version":[{"id":10875,"href":"https:\/\/www.organisator.ch\/de\/wp-json\/wp\/v2\/posts\/2533\/revisions\/10875"}],"wp:featuredmedia":[{"embeddable":true,"href":"https:\/\/www.organisator.ch\/de\/wp-json\/wp\/v2\/media\/9646"}],"wp:attachment":[{"href":"https:\/\/www.organisator.ch\/de\/wp-json\/wp\/v2\/media?parent=2533"}],"wp:term":[{"taxonomy":"category","embeddable":true,"href":"https:\/\/www.organisator.ch\/de\/wp-json\/wp\/v2\/categories?post=2533"},{"taxonomy":"post_tag","embeddable":true,"href":"https:\/\/www.organisator.ch\/de\/wp-json\/wp\/v2\/tags?post=2533"}],"curies":[{"name":"wp","href":"https:\/\/api.w.org\/{rel}","templated":true}]}}