{"id":25348,"date":"2024-02-26T10:13:42","date_gmt":"2024-02-26T09:13:42","guid":{"rendered":"https:\/\/www.organisator.ch\/?p=25348"},"modified":"2024-02-26T11:42:25","modified_gmt":"2024-02-26T10:42:25","slug":"unternehmen-ringen-mit-der-nachhaltigkeit","status":"publish","type":"post","link":"https:\/\/www.organisator.ch\/de\/sustainability\/2024-02-26\/unternehmen-ringen-mit-der-nachhaltigkeit\/","title":{"rendered":"Unternehmen ringen mit der Nachhaltigkeit"},"content":{"rendered":"<figure id=\"attachment_25355\" aria-describedby=\"caption-attachment-25355\" style=\"width: 680px\" class=\"wp-caption alignnone\"><img loading=\"lazy\" decoding=\"async\" class=\"size-full wp-image-25355\" src=\"https:\/\/www.organisator.ch\/wp-content\/uploads\/2024\/02\/VR-Monitor_Erste-Bild_ps.jpg\" alt=\"\" width=\"680\" height=\"454\" srcset=\"https:\/\/www.organisator.ch\/wp-content\/uploads\/2024\/02\/VR-Monitor_Erste-Bild_ps.jpg 680w, https:\/\/www.organisator.ch\/wp-content\/uploads\/2024\/02\/VR-Monitor_Erste-Bild_ps-18x12.jpg 18w, https:\/\/www.organisator.ch\/wp-content\/uploads\/2024\/02\/VR-Monitor_Erste-Bild_ps-375x250.jpg 375w, https:\/\/www.organisator.ch\/wp-content\/uploads\/2024\/02\/VR-Monitor_Erste-Bild_ps-524x350.jpg 524w\" sizes=\"auto, (max-width: 680px) 100vw, 680px\" \/><figcaption id=\"caption-attachment-25355\" class=\"wp-caption-text\">Der neue swissVR Monitor offenbart, dass nur die H\u00e4lfte der Unternehmen Nachhaltigkeitsziele festgelegt hat und deren Erreichung misst. (Bild: www.depositphotos.com)<\/figcaption><\/figure>\n<p>Die Studie offenbart eine Diskrepanz zwischen der steigenden Bedeutung von Nachhaltigkeit f\u00fcr Verwaltungsr\u00e4te und Unternehmen und der praktischen Umsetzung von Nachhaltigkeitsmassnahmen. Angesichts der Anfang Jahr in Kraft getretenen neuen Berichterstattungs- und Offenlegungspflichten in den Bereichen Umwelt, Soziales und Unternehmensf\u00fchrung (ESG) versch\u00e4rft sich diese Diskrepanz weiter \u2013 der Handlungsbedarf wird offensichtlich.<\/p>\n<p>Nachhaltigkeit hat f\u00fcr Verwaltungsr\u00e4te nicht nur Fahrt aufgenommen, sondern entwickelt sich zu einem zentralen Pfeiler der Unternehmensstrategie. Dies hat die halbj\u00e4hrlich von der Verwaltungsratsvereinigung swissVR in Kooperation mit dem Pr\u00fcfungs- und Beratungsunternehmen Deloitte Schweiz und der Hochschule Luzern durchgef\u00fchrte Befragung gezeigt. 82 Prozent der insgesamt 409 Ende letzten Jahres befragten VR-Mitglieder berichten von einer wachsenden Bedeutung der Nachhaltigkeit in den vergangenen drei Jahren, wobei 25 Prozent sogar von einer starken Bedeutungszunahme sprechen. Die Aussichten f\u00fcr die kommenden drei Jahre sind ebenso klar: 84 Prozent erwarten, dass die Bedeutung einer nachhaltigen Entwicklung f\u00fcr ihr Unternehmen weiterhin steigt.<\/p>\n<p>In den Branchen Handel und Konsumg\u00fcter sowie Bau und Immobilien ist die Nachhaltigkeitswelle besonders stark zu sp\u00fcren. Im Handel und in der Konsumg\u00fcterindustrie berichten 97 Prozent der Verwaltungsratsmitglieder von einer Zunahme der Relevanz von Nachhaltigkeitsthemen in den vergangenen drei Jahren, und 95 Prozent rechnen damit, dass die Bedeutung der Nachhaltigkeit weiterhin steigen wird. Im Baugewerbe und in der Immobilienbranche liegen die Werte bei je 89 Prozent. Diese Zahlen verdeutlichen, wie stark der Konsum und das Bauwesen von einem wachsenden Bewusstsein f\u00fcr Nachhaltigkeit sowie der Nachfrage nach umweltfreundlichen L\u00f6sungen getrieben sind.<\/p>\n<h3><strong>Bedeutung klar erkannt <\/strong><\/h3>\n<p>Nachhaltigkeit wird in den F\u00fchrungsetagen der Schweizer Betriebe auch intensiv diskutiert: Bei fast allen Grossunternehmen (97%) und drei Vierteln der Kleinbetriebe (75%) stand das Thema in den letzten zw\u00f6lf Monaten auf der Agenda der Verwaltungsr\u00e4te. Die \u00fcberwiegende Mehrheit (85%) aller befragten Verwaltungsratsmitglieder best\u00e4tigt, dass ihr Gremium in den letzten 12 Monaten Nachhaltigkeitsthemen diskutiert hat, wobei das Gros der Diskussionen im gesamten Gremium und nicht in Fachaussch\u00fcssen stattfand.<\/p>\n<p>Die VR-Mitglieder sind sich ihrer Verantwortung bewusst und f\u00fchlen sich gut ger\u00fcstet, um Nachhaltigkeitsthemen zu adressieren. 82 Prozent der Befragten sehen sich mit dem n\u00f6tigen Fachwissen ausgestattet, und 78 Prozent nehmen eine aktive Rolle bei der Festlegung der Nachhaltigkeitsstrategie ein. Auch die Definition wichtiger Nachhaltigkeitsthemen f\u00fcr ihr Unternehmen hat \u00fcber zwei Drittel (70%) der Befragten bereits auf Kurs gebracht.<\/p>\n<p>\u00abDie Umfrageergebnisse sprechen eine klare Sprache: Nachhaltigkeit ist in den strategischen Unternehmensgremien angekommen und die Verwaltungsratsmitglieder sind ger\u00fcstet, um die Weichen f\u00fcr eine nachhaltige Entwicklung zu stellen. Umfang und Komplexit\u00e4t der ESG-Regulierungen sind eine grosse Herausforderung f\u00fcr die Unternehmen; deren interne Umsetzung muss auch den Verwaltungsrat interessieren \u2013 nicht zuletzt, weil weitere Regulierungsschritte bereits angek\u00fcndigt sind\u00bb, sagt Mirjam Gruber-Durrer, Dozentin der Hochschule Luzern am Institut f\u00fcr Finanzdienstleistungen Zug IFZ.<\/p>\n<h3><strong>Schwierigkeiten bei der Messung <\/strong><\/h3>\n<p>Die Befragung zeigt auch auf, dass eine klare Mehrheit (60%) erhebliche H\u00fcrden bei der Messung der \u00f6kologischen Auswirkungen ihres Unternehmens diagnostiziert. Zeitlich limitierte Ressourcen (51%) und die Kostspieligkeit von Nachhaltigkeitsmassnahmen (38%) werden als weitere H\u00fcrden bei den Nachhaltigkeitsbestrebungen genannt.<\/p>\n<h3><strong>Der Druck kommt von aussen <\/strong><\/h3>\n<p>Die Befragung zeigt ebenfalls auf, dass Nachhaltigkeitsthemen, welche die Unternehmen aktuell am meisten betreffen, von aussen und nicht aus den Unternehmen selbst kommen: 59 Prozent der Unternehmen geben Regulierungen und 56 Prozent die sich wandelnden Bed\u00fcrfnisse der Kundschaft an. Eher \u00fcberraschend ist die geringe Bedeutung der Shareholder: Nur 18 Prozent der befragten Verwaltungsratsmitglieder nennen Investorinnen und Investoren als wichtige Treiber f\u00fcr ihre Nachhaltigkeit. Bei den grossen Unternehmen sind es aber bereits ein gutes Drittel (34%).<\/p>\n<p>Trotz der allgemein hohen Relevanz des Themas und der Bedeutung, welche sie den Bed\u00fcrfnissen ihrer Kundschaft beimessen, entwickeln weniger als die H\u00e4lfte der Unternehmen (49%) eigene nachhaltigere Produkte oder Dienstleistungen. Dies \u00fcberrascht, denn es gibt kaum eine Branche, in der die Entwicklung nachhaltiger L\u00f6sungen f\u00fcr die Kundschaft nicht m\u00f6glich oder sinnvoll w\u00e4re oder die von den neuen ESG-Berichterstattungs- und Offenlegungspflichten nicht betroffen w\u00e4re.<\/p>\n<h3><strong>Blinder Fleck bei den Lieferketten? <\/strong><\/h3>\n<p>So ist nicht die Produktentwicklung die in den befragten Unternehmen am h\u00e4ufigsten umgesetzte Massnahme, sondern die Effizienzsteigerung bei der Energienutzung (69%). Dies d\u00fcrfte nicht zuletzt eine direkte Reaktion auf die bef\u00fcrchtete Strommangellage vom vergangenen Winter sein und ergibt auch aus Kostengr\u00fcnden Sinn.<\/p>\n<p>Weniger als ein Drittel (30%) der Befragten geben zudem an, dass sie in ihrem Unternehmen Massnahmen zur Einhaltung von Nachhaltigkeitskriterien bei Lieferfirmen und Gesch\u00e4ftspartnern umgesetzt haben. Analog dazu sagen nur 26 Prozent der VR-Mitglieder, dass ihr Unternehmen von Nachhaltigkeitsrisiken entlang der Lieferkette betroffen sei. Vor dem Hintergrund der f\u00fcr viele Unternehmen geltenden Sorgfaltspflichten in der Lieferkette erscheinen diese Resultate sehr tief; es stellt sich deshalb die Frage, ob das Bewusstsein f\u00fcr Risiken in der Lieferkette gen\u00fcgend gesch\u00e4rft ist. Besonders exponierte Unternehmen sind allerdings umsichtiger: Risiken entlang der Lieferketten sind f\u00fcr mehr als jedes zweite Unternehmen aus dem verarbeitenden Gewerbe und der chemischen Industrie (55%) sowie aus Handel und Konsum (53%) ein wichtiges Nachhaltigkeitsthema.<\/p>\n<h3><strong>Fehlende Nachhaltigkeitsziele <\/strong><\/h3>\n<p>Eine weitere Herausforderung bei der Umsetzung von Nachhaltigkeitsmassnahmen in Schweizer Unternehmen zeigt sich darin, dass lediglich etwas mehr als die H\u00e4lfte der VR-Gremien (52%) Nachhaltigkeitsziele f\u00fcr ihr Unternehmen festgelegt hat und deren Zielerreichung misst. Erst weniger als ein Viertel (23%) hat gem\u00e4ss eigenen Angaben diese Aufgaben vollst\u00e4ndig erledigt und alle n\u00f6tigen Massnahmen zur Messung des Zielerreichungsgrades umgesetzt \u2013 bei den grossen Unternehmen sind es 37 Prozent.<\/p>\n<p>Zudem scheinen viele VR-Gremien mangelhaft informiert: Nur die H\u00e4lfte (50%) erh\u00e4lt regelm\u00e4ssig ein Nachhaltigkeitsreporting zu ihren Betrieben; bei den Grossunternehmen sind es allerdings 79 Prozent.<\/p>\n<p>\u00abDie Ergebnisse des swissVR Monitors zeigen deutlich: Die Verwaltungsratsgremien sind gefordert, das Steuer zu \u00fcbernehmen und f\u00fcr eine bessere Umsetzung der definierten Nachhaltigkeitsstrategie zu sorgen. Ein effektiver L\u00f6sungsansatz k\u00f6nnte die Verlagerung spezifischer Nachhaltigkeitsthemen in spezialisierte Aussch\u00fcsse sein, um eine tiefere Auseinandersetzung mit der Thematik, eine Priorisierung der zu ergreifenden Massnahmen, eine Fokussierung auf die unternehmensrelevanten Themen sowie ein verbessertes Reporting zu erm\u00f6glichen. Dies w\u00fcrde nicht nur die Transparenz erh\u00f6hen, sondern auch die Verantwortlichkeit und die Effektivit\u00e4t der Nachhaltigkeitsbem\u00fchungen in den Unternehmen st\u00e4rken\u00bb, findet Cornelia Ritz Bossicard, Pr\u00e4sidentin von swissVR.<\/p>\n<h3><strong>Augenmass bei der Regulierung n\u00f6tig <\/strong><\/h3>\n<p>\u00abDer swissVR Monitor zeigt eine klare Diskrepanz zwischen den wachsenden rechtlichen und gesellschaftlichen Anspr\u00fcchen und der praktischen Umsetzung von Nachhaltigkeitsstrategien in Schweizer Unternehmen auf. Die Politik sollte nun nicht durch weitere Offenlegungspflichten zus\u00e4tzlichen Druck aufbauen, sondern durch gezielte Anreize die Umsetzung von Nachhaltigkeitsstrategien f\u00f6rdern\u00bb, sagt Reto Savoia, CEO von Deloitte Schweiz.<\/p>\n<p>\u00abDatenerhebung und Reporting spielen zwar eine wichtige Rolle, um Fortschritte messbar und transparent zu machen. Den wichtigsten Beitrag zu einer nachhaltigeren Entwicklung leisten jedoch sinnvolle Investitionen sowie innovative Produkte und Dienstleistungen. Diese gest\u00e4rkte Innovationskraft kommt nicht nur den Unternehmen zugute, sondern auch dem Wirtschaftsstandort Schweiz, und unterst\u00fctzt den Erhalt unserer nat\u00fcrlichen Lebens- und Produktionsgrundlagen\u00bb, so Reto Savoia.<\/p>\n<p><em>Quelle: <a href=\"http:\/\/www.swissvr.ch\">www.swissvr.ch<\/a> <a href=\"http:\/\/www.deloitte.com\">www.deloitte.com<\/a><\/em><\/p>\n","protected":false},"excerpt":{"rendered":"<p>Schweizer Unternehmen sind auf einem klaren Nachhaltigkeitskurs, aber der Gegenwind ist st\u00e4rker als erwartet. Mehr als vier von f\u00fcnf der Verwaltungsratsmitglieder erkennen die wachsende Bedeutung von Nachhaltigkeit, doch nur die H\u00e4lfte der Unternehmen hat konkrete Nachhaltigkeitsziele festgelegt und \u00fcberwacht diese. \u00dcber 50% der befragten VR-Mitglieder geben zu, Schwierigkeiten bei der Messung ihrer Umweltauswirkungen zu haben.<\/p>\n","protected":false},"author":58,"featured_media":25355,"comment_status":"closed","ping_status":"closed","sticky":false,"template":"","format":"standard","meta":{"_acf_changed":false,"_yoast_wpseo_focuskw":"SwissVR Monitor","_yoast_wpseo_metadesc":"\u00dcber 50% der befragten VR-Mitglieder geben zu, Schwierigkeiten bei der Messung ihrer Umweltauswirkungen zu haben.","articlekey":"","footnotes":""},"categories":[580],"tags":[1787,424,487,492],"class_list":["post-25348","post","type-post","status-publish","format-standard","has-post-thumbnail","hentry","category-sustainability","tag-nachhaltigkeit","tag-schweiz","tag-umfrage","tag-unternehmen"],"acf":[],"yoast_head":"<!-- This site is optimized with the Yoast SEO plugin v27.5 - https:\/\/yoast.com\/product\/yoast-seo-wordpress\/ -->\n<title>Unternehmen ringen mit der Nachhaltigkeit - Organisator<\/title>\n<meta name=\"description\" content=\"\u00dcber 50% der befragten VR-Mitglieder geben zu, Schwierigkeiten bei der Messung ihrer Umweltauswirkungen zu haben.\" \/>\n<meta name=\"robots\" content=\"index, follow, max-snippet:-1, max-image-preview:large, max-video-preview:-1\" \/>\n<link rel=\"canonical\" href=\"https:\/\/www.organisator.ch\/de\/sustainability\/2024-02-26\/unternehmen-ringen-mit-der-nachhaltigkeit\/\" \/>\n<meta property=\"og:locale\" content=\"de_DE\" \/>\n<meta property=\"og:type\" content=\"article\" \/>\n<meta property=\"og:title\" content=\"Unternehmen ringen mit der Nachhaltigkeit\" \/>\n<meta property=\"og:description\" content=\"\u00dcber 50% der befragten VR-Mitglieder geben zu, Schwierigkeiten bei der Messung ihrer Umweltauswirkungen zu haben.\" \/>\n<meta property=\"og:url\" content=\"https:\/\/www.organisator.ch\/de\/sustainability\/2024-02-26\/unternehmen-ringen-mit-der-nachhaltigkeit\/\" \/>\n<meta property=\"og:site_name\" content=\"Organisator\" \/>\n<meta property=\"article:publisher\" content=\"https:\/\/www.facebook.com\/OrganisatorFachmagazin\" \/>\n<meta property=\"article:published_time\" content=\"2024-02-26T09:13:42+00:00\" \/>\n<meta property=\"article:modified_time\" content=\"2024-02-26T10:42:25+00:00\" \/>\n<meta property=\"og:image\" content=\"https:\/\/www.organisator.ch\/wp-content\/uploads\/2024\/02\/VR-Monitor_Erste-Bild_ps.jpg\" \/>\n\t<meta property=\"og:image:width\" content=\"680\" \/>\n\t<meta property=\"og:image:height\" content=\"454\" \/>\n\t<meta property=\"og:image:type\" content=\"image\/jpeg\" \/>\n<meta name=\"author\" content=\"Adelisa Kalajdzini\" \/>\n<meta name=\"twitter:card\" content=\"summary_large_image\" \/>\n<meta name=\"twitter:title\" content=\"Unternehmen ringen mit der Nachhaltigkeit\" \/>\n<meta name=\"twitter:description\" content=\"\u00dcber 50% der befragten #VR-Mitglieder geben zu, #Schwierigkeiten bei der #Messung ihrer #Umweltauswirkungen zu haben.\" \/>\n<meta name=\"twitter:image\" content=\"https:\/\/www.organisator.ch\/wp-content\/uploads\/2024\/02\/VR-Monitor_Erste-Bild_ps.jpg\" \/>\n<script type=\"application\/ld+json\" class=\"yoast-schema-graph\">{\"@context\":\"https:\\\/\\\/schema.org\",\"@graph\":[{\"@type\":\"Article\",\"@id\":\"https:\\\/\\\/www.organisator.ch\\\/sustainability\\\/2024-02-26\\\/unternehmen-ringen-mit-der-nachhaltigkeit\\\/#article\",\"isPartOf\":{\"@id\":\"https:\\\/\\\/www.organisator.ch\\\/sustainability\\\/2024-02-26\\\/unternehmen-ringen-mit-der-nachhaltigkeit\\\/\"},\"author\":{\"name\":\"Adelisa Kalajdzini\",\"@id\":\"https:\\\/\\\/www.organisator.ch\\\/#\\\/schema\\\/person\\\/2e1314a2172123f874db408d8911d3f3\"},\"headline\":\"Unternehmen ringen mit der Nachhaltigkeit\",\"datePublished\":\"2024-02-26T09:13:42+00:00\",\"dateModified\":\"2024-02-26T10:42:25+00:00\",\"mainEntityOfPage\":{\"@id\":\"https:\\\/\\\/www.organisator.ch\\\/sustainability\\\/2024-02-26\\\/unternehmen-ringen-mit-der-nachhaltigkeit\\\/\"},\"wordCount\":1160,\"publisher\":{\"@id\":\"https:\\\/\\\/www.organisator.ch\\\/#organization\"},\"image\":{\"@id\":\"https:\\\/\\\/www.organisator.ch\\\/sustainability\\\/2024-02-26\\\/unternehmen-ringen-mit-der-nachhaltigkeit\\\/#primaryimage\"},\"thumbnailUrl\":\"https:\\\/\\\/www.organisator.ch\\\/wp-content\\\/uploads\\\/2024\\\/02\\\/VR-Monitor_Erste-Bild_ps.jpg\",\"keywords\":[\"Nachhaltigkeit\",\"Schweiz\",\"Umfrage\",\"Unternehmen\"],\"articleSection\":[\"SUSTAINABILITY\"],\"inLanguage\":\"de\"},{\"@type\":\"WebPage\",\"@id\":\"https:\\\/\\\/www.organisator.ch\\\/sustainability\\\/2024-02-26\\\/unternehmen-ringen-mit-der-nachhaltigkeit\\\/\",\"url\":\"https:\\\/\\\/www.organisator.ch\\\/sustainability\\\/2024-02-26\\\/unternehmen-ringen-mit-der-nachhaltigkeit\\\/\",\"name\":\"Unternehmen ringen mit der Nachhaltigkeit - Organisator\",\"isPartOf\":{\"@id\":\"https:\\\/\\\/www.organisator.ch\\\/#website\"},\"primaryImageOfPage\":{\"@id\":\"https:\\\/\\\/www.organisator.ch\\\/sustainability\\\/2024-02-26\\\/unternehmen-ringen-mit-der-nachhaltigkeit\\\/#primaryimage\"},\"image\":{\"@id\":\"https:\\\/\\\/www.organisator.ch\\\/sustainability\\\/2024-02-26\\\/unternehmen-ringen-mit-der-nachhaltigkeit\\\/#primaryimage\"},\"thumbnailUrl\":\"https:\\\/\\\/www.organisator.ch\\\/wp-content\\\/uploads\\\/2024\\\/02\\\/VR-Monitor_Erste-Bild_ps.jpg\",\"datePublished\":\"2024-02-26T09:13:42+00:00\",\"dateModified\":\"2024-02-26T10:42:25+00:00\",\"description\":\"\u00dcber 50% der befragten VR-Mitglieder geben zu, Schwierigkeiten bei der Messung ihrer Umweltauswirkungen zu haben.\",\"breadcrumb\":{\"@id\":\"https:\\\/\\\/www.organisator.ch\\\/sustainability\\\/2024-02-26\\\/unternehmen-ringen-mit-der-nachhaltigkeit\\\/#breadcrumb\"},\"inLanguage\":\"de\",\"potentialAction\":[{\"@type\":\"ReadAction\",\"target\":[\"https:\\\/\\\/www.organisator.ch\\\/sustainability\\\/2024-02-26\\\/unternehmen-ringen-mit-der-nachhaltigkeit\\\/\"]}]},{\"@type\":\"ImageObject\",\"inLanguage\":\"de\",\"@id\":\"https:\\\/\\\/www.organisator.ch\\\/sustainability\\\/2024-02-26\\\/unternehmen-ringen-mit-der-nachhaltigkeit\\\/#primaryimage\",\"url\":\"https:\\\/\\\/www.organisator.ch\\\/wp-content\\\/uploads\\\/2024\\\/02\\\/VR-Monitor_Erste-Bild_ps.jpg\",\"contentUrl\":\"https:\\\/\\\/www.organisator.ch\\\/wp-content\\\/uploads\\\/2024\\\/02\\\/VR-Monitor_Erste-Bild_ps.jpg\",\"width\":680,\"height\":454,\"caption\":\"Der neue swissVR Monitor offenbart, dass nur die H\u00e4lfte der Unternehmen Nachhaltigkeitsziele festgelegt hat und deren Erreichung misst. (Bild: www.depositphotos.com)\"},{\"@type\":\"BreadcrumbList\",\"@id\":\"https:\\\/\\\/www.organisator.ch\\\/sustainability\\\/2024-02-26\\\/unternehmen-ringen-mit-der-nachhaltigkeit\\\/#breadcrumb\",\"itemListElement\":[{\"@type\":\"ListItem\",\"position\":1,\"name\":\"Home\",\"item\":\"https:\\\/\\\/www.organisator.ch\\\/\"},{\"@type\":\"ListItem\",\"position\":2,\"name\":\"Unternehmen ringen mit der Nachhaltigkeit\"}]},{\"@type\":\"WebSite\",\"@id\":\"https:\\\/\\\/www.organisator.ch\\\/#website\",\"url\":\"https:\\\/\\\/www.organisator.ch\\\/\",\"name\":\"Organisator\",\"description\":\"Kompetent. Praxisnah. Der ORGANISATOR bereitet in 10 Ausgaben pro Jahr die wesentlichen Themen f\u00fcr F\u00fchrungskr\u00e4fte von KMU auf.\",\"publisher\":{\"@id\":\"https:\\\/\\\/www.organisator.ch\\\/#organization\"},\"potentialAction\":[{\"@type\":\"SearchAction\",\"target\":{\"@type\":\"EntryPoint\",\"urlTemplate\":\"https:\\\/\\\/www.organisator.ch\\\/?s={search_term_string}\"},\"query-input\":{\"@type\":\"PropertyValueSpecification\",\"valueRequired\":true,\"valueName\":\"search_term_string\"}}],\"inLanguage\":\"de\"},{\"@type\":\"Organization\",\"@id\":\"https:\\\/\\\/www.organisator.ch\\\/#organization\",\"name\":\"Organisator\",\"url\":\"https:\\\/\\\/www.organisator.ch\\\/\",\"logo\":{\"@type\":\"ImageObject\",\"inLanguage\":\"de\",\"@id\":\"https:\\\/\\\/www.organisator.ch\\\/#\\\/schema\\\/logo\\\/image\\\/\",\"url\":\"https:\\\/\\\/www.organisator.ch\\\/wp-content\\\/uploads\\\/2022\\\/01\\\/Logo_Organisator_Website.png\",\"contentUrl\":\"https:\\\/\\\/www.organisator.ch\\\/wp-content\\\/uploads\\\/2022\\\/01\\\/Logo_Organisator_Website.png\",\"width\":800,\"height\":77,\"caption\":\"Organisator\"},\"image\":{\"@id\":\"https:\\\/\\\/www.organisator.ch\\\/#\\\/schema\\\/logo\\\/image\\\/\"},\"sameAs\":[\"https:\\\/\\\/www.facebook.com\\\/OrganisatorFachmagazin\",\"https:\\\/\\\/www.linkedin.com\\\/showcase\\\/organisator-das-magazin-fr-kmu\",\"https:\\\/\\\/www.xing.com\\\/news\\\/pages\\\/organisator-ch-695\",\"https:\\\/\\\/www.youtube.com\\\/channel\\\/UCGP2Sq0iWaZwT3BdIAQFYpw\"]},{\"@type\":\"Person\",\"@id\":\"https:\\\/\\\/www.organisator.ch\\\/#\\\/schema\\\/person\\\/2e1314a2172123f874db408d8911d3f3\",\"name\":\"Adelisa Kalajdzini\",\"image\":{\"@type\":\"ImageObject\",\"inLanguage\":\"de\",\"@id\":\"https:\\\/\\\/secure.gravatar.com\\\/avatar\\\/09a397c22ac58cad6f160ee8306348599df9df58a8ede73696226897b9fa4b24?s=96&d=mm&r=g\",\"url\":\"https:\\\/\\\/secure.gravatar.com\\\/avatar\\\/09a397c22ac58cad6f160ee8306348599df9df58a8ede73696226897b9fa4b24?s=96&d=mm&r=g\",\"contentUrl\":\"https:\\\/\\\/secure.gravatar.com\\\/avatar\\\/09a397c22ac58cad6f160ee8306348599df9df58a8ede73696226897b9fa4b24?s=96&d=mm&r=g\",\"caption\":\"Adelisa Kalajdzini\"},\"url\":\"https:\\\/\\\/www.organisator.ch\\\/de\\\/author\\\/adelisa-kalajdzini\\\/\"}]}<\/script>\n<!-- \/ Yoast SEO plugin. -->","yoast_head_json":{"title":"Unternehmen ringen mit der Nachhaltigkeit - Organisator","description":"\u00dcber 50% der befragten VR-Mitglieder geben zu, Schwierigkeiten bei der Messung ihrer Umweltauswirkungen zu haben.","robots":{"index":"index","follow":"follow","max-snippet":"max-snippet:-1","max-image-preview":"max-image-preview:large","max-video-preview":"max-video-preview:-1"},"canonical":"https:\/\/www.organisator.ch\/de\/sustainability\/2024-02-26\/unternehmen-ringen-mit-der-nachhaltigkeit\/","og_locale":"de_DE","og_type":"article","og_title":"Unternehmen ringen mit der Nachhaltigkeit","og_description":"\u00dcber 50% der befragten VR-Mitglieder geben zu, Schwierigkeiten bei der Messung ihrer Umweltauswirkungen zu haben.","og_url":"https:\/\/www.organisator.ch\/de\/sustainability\/2024-02-26\/unternehmen-ringen-mit-der-nachhaltigkeit\/","og_site_name":"Organisator","article_publisher":"https:\/\/www.facebook.com\/OrganisatorFachmagazin","article_published_time":"2024-02-26T09:13:42+00:00","article_modified_time":"2024-02-26T10:42:25+00:00","og_image":[{"width":680,"height":454,"url":"https:\/\/www.organisator.ch\/wp-content\/uploads\/2024\/02\/VR-Monitor_Erste-Bild_ps.jpg","type":"image\/jpeg"}],"author":"Adelisa Kalajdzini","twitter_card":"summary_large_image","twitter_title":"Unternehmen ringen mit der Nachhaltigkeit","twitter_description":"\u00dcber 50% der befragten #VR-Mitglieder geben zu, #Schwierigkeiten bei der #Messung ihrer #Umweltauswirkungen zu haben.","twitter_image":"https:\/\/www.organisator.ch\/wp-content\/uploads\/2024\/02\/VR-Monitor_Erste-Bild_ps.jpg","schema":{"@context":"https:\/\/schema.org","@graph":[{"@type":"Article","@id":"https:\/\/www.organisator.ch\/sustainability\/2024-02-26\/unternehmen-ringen-mit-der-nachhaltigkeit\/#article","isPartOf":{"@id":"https:\/\/www.organisator.ch\/sustainability\/2024-02-26\/unternehmen-ringen-mit-der-nachhaltigkeit\/"},"author":{"name":"Adelisa Kalajdzini","@id":"https:\/\/www.organisator.ch\/#\/schema\/person\/2e1314a2172123f874db408d8911d3f3"},"headline":"Unternehmen ringen mit der Nachhaltigkeit","datePublished":"2024-02-26T09:13:42+00:00","dateModified":"2024-02-26T10:42:25+00:00","mainEntityOfPage":{"@id":"https:\/\/www.organisator.ch\/sustainability\/2024-02-26\/unternehmen-ringen-mit-der-nachhaltigkeit\/"},"wordCount":1160,"publisher":{"@id":"https:\/\/www.organisator.ch\/#organization"},"image":{"@id":"https:\/\/www.organisator.ch\/sustainability\/2024-02-26\/unternehmen-ringen-mit-der-nachhaltigkeit\/#primaryimage"},"thumbnailUrl":"https:\/\/www.organisator.ch\/wp-content\/uploads\/2024\/02\/VR-Monitor_Erste-Bild_ps.jpg","keywords":["Nachhaltigkeit","Schweiz","Umfrage","Unternehmen"],"articleSection":["SUSTAINABILITY"],"inLanguage":"de"},{"@type":"WebPage","@id":"https:\/\/www.organisator.ch\/sustainability\/2024-02-26\/unternehmen-ringen-mit-der-nachhaltigkeit\/","url":"https:\/\/www.organisator.ch\/sustainability\/2024-02-26\/unternehmen-ringen-mit-der-nachhaltigkeit\/","name":"Unternehmen ringen mit der Nachhaltigkeit - Organisator","isPartOf":{"@id":"https:\/\/www.organisator.ch\/#website"},"primaryImageOfPage":{"@id":"https:\/\/www.organisator.ch\/sustainability\/2024-02-26\/unternehmen-ringen-mit-der-nachhaltigkeit\/#primaryimage"},"image":{"@id":"https:\/\/www.organisator.ch\/sustainability\/2024-02-26\/unternehmen-ringen-mit-der-nachhaltigkeit\/#primaryimage"},"thumbnailUrl":"https:\/\/www.organisator.ch\/wp-content\/uploads\/2024\/02\/VR-Monitor_Erste-Bild_ps.jpg","datePublished":"2024-02-26T09:13:42+00:00","dateModified":"2024-02-26T10:42:25+00:00","description":"\u00dcber 50% der befragten VR-Mitglieder geben zu, Schwierigkeiten bei der Messung ihrer Umweltauswirkungen zu haben.","breadcrumb":{"@id":"https:\/\/www.organisator.ch\/sustainability\/2024-02-26\/unternehmen-ringen-mit-der-nachhaltigkeit\/#breadcrumb"},"inLanguage":"de","potentialAction":[{"@type":"ReadAction","target":["https:\/\/www.organisator.ch\/sustainability\/2024-02-26\/unternehmen-ringen-mit-der-nachhaltigkeit\/"]}]},{"@type":"ImageObject","inLanguage":"de","@id":"https:\/\/www.organisator.ch\/sustainability\/2024-02-26\/unternehmen-ringen-mit-der-nachhaltigkeit\/#primaryimage","url":"https:\/\/www.organisator.ch\/wp-content\/uploads\/2024\/02\/VR-Monitor_Erste-Bild_ps.jpg","contentUrl":"https:\/\/www.organisator.ch\/wp-content\/uploads\/2024\/02\/VR-Monitor_Erste-Bild_ps.jpg","width":680,"height":454,"caption":"Der neue swissVR Monitor offenbart, dass nur die H\u00e4lfte der Unternehmen Nachhaltigkeitsziele festgelegt hat und deren Erreichung misst. (Bild: www.depositphotos.com)"},{"@type":"BreadcrumbList","@id":"https:\/\/www.organisator.ch\/sustainability\/2024-02-26\/unternehmen-ringen-mit-der-nachhaltigkeit\/#breadcrumb","itemListElement":[{"@type":"ListItem","position":1,"name":"Home","item":"https:\/\/www.organisator.ch\/"},{"@type":"ListItem","position":2,"name":"Unternehmen ringen mit der Nachhaltigkeit"}]},{"@type":"WebSite","@id":"https:\/\/www.organisator.ch\/#website","url":"https:\/\/www.organisator.ch\/","name":"Organisator","description":"Kompetent. Praxisnah. Der ORGANISATOR bereitet in 10 Ausgaben pro Jahr die wesentlichen Themen f\u00fcr F\u00fchrungskr\u00e4fte von KMU auf.","publisher":{"@id":"https:\/\/www.organisator.ch\/#organization"},"potentialAction":[{"@type":"SearchAction","target":{"@type":"EntryPoint","urlTemplate":"https:\/\/www.organisator.ch\/?s={search_term_string}"},"query-input":{"@type":"PropertyValueSpecification","valueRequired":true,"valueName":"search_term_string"}}],"inLanguage":"de"},{"@type":"Organization","@id":"https:\/\/www.organisator.ch\/#organization","name":"Organisator","url":"https:\/\/www.organisator.ch\/","logo":{"@type":"ImageObject","inLanguage":"de","@id":"https:\/\/www.organisator.ch\/#\/schema\/logo\/image\/","url":"https:\/\/www.organisator.ch\/wp-content\/uploads\/2022\/01\/Logo_Organisator_Website.png","contentUrl":"https:\/\/www.organisator.ch\/wp-content\/uploads\/2022\/01\/Logo_Organisator_Website.png","width":800,"height":77,"caption":"Organisator"},"image":{"@id":"https:\/\/www.organisator.ch\/#\/schema\/logo\/image\/"},"sameAs":["https:\/\/www.facebook.com\/OrganisatorFachmagazin","https:\/\/www.linkedin.com\/showcase\/organisator-das-magazin-fr-kmu","https:\/\/www.xing.com\/news\/pages\/organisator-ch-695","https:\/\/www.youtube.com\/channel\/UCGP2Sq0iWaZwT3BdIAQFYpw"]},{"@type":"Person","@id":"https:\/\/www.organisator.ch\/#\/schema\/person\/2e1314a2172123f874db408d8911d3f3","name":"Adelisa Kalajdzini","image":{"@type":"ImageObject","inLanguage":"de","@id":"https:\/\/secure.gravatar.com\/avatar\/09a397c22ac58cad6f160ee8306348599df9df58a8ede73696226897b9fa4b24?s=96&d=mm&r=g","url":"https:\/\/secure.gravatar.com\/avatar\/09a397c22ac58cad6f160ee8306348599df9df58a8ede73696226897b9fa4b24?s=96&d=mm&r=g","contentUrl":"https:\/\/secure.gravatar.com\/avatar\/09a397c22ac58cad6f160ee8306348599df9df58a8ede73696226897b9fa4b24?s=96&d=mm&r=g","caption":"Adelisa Kalajdzini"},"url":"https:\/\/www.organisator.ch\/de\/author\/adelisa-kalajdzini\/"}]}},"_links":{"self":[{"href":"https:\/\/www.organisator.ch\/de\/wp-json\/wp\/v2\/posts\/25348","targetHints":{"allow":["GET"]}}],"collection":[{"href":"https:\/\/www.organisator.ch\/de\/wp-json\/wp\/v2\/posts"}],"about":[{"href":"https:\/\/www.organisator.ch\/de\/wp-json\/wp\/v2\/types\/post"}],"author":[{"embeddable":true,"href":"https:\/\/www.organisator.ch\/de\/wp-json\/wp\/v2\/users\/58"}],"replies":[{"embeddable":true,"href":"https:\/\/www.organisator.ch\/de\/wp-json\/wp\/v2\/comments?post=25348"}],"version-history":[{"count":9,"href":"https:\/\/www.organisator.ch\/de\/wp-json\/wp\/v2\/posts\/25348\/revisions"}],"predecessor-version":[{"id":25361,"href":"https:\/\/www.organisator.ch\/de\/wp-json\/wp\/v2\/posts\/25348\/revisions\/25361"}],"wp:featuredmedia":[{"embeddable":true,"href":"https:\/\/www.organisator.ch\/de\/wp-json\/wp\/v2\/media\/25355"}],"wp:attachment":[{"href":"https:\/\/www.organisator.ch\/de\/wp-json\/wp\/v2\/media?parent=25348"}],"wp:term":[{"taxonomy":"category","embeddable":true,"href":"https:\/\/www.organisator.ch\/de\/wp-json\/wp\/v2\/categories?post=25348"},{"taxonomy":"post_tag","embeddable":true,"href":"https:\/\/www.organisator.ch\/de\/wp-json\/wp\/v2\/tags?post=25348"}],"curies":[{"name":"wp","href":"https:\/\/api.w.org\/{rel}","templated":true}]}}