{"id":25405,"date":"2024-02-27T13:25:20","date_gmt":"2024-02-27T12:25:20","guid":{"rendered":"https:\/\/www.organisator.ch\/?p=25405"},"modified":"2024-03-04T14:54:17","modified_gmt":"2024-03-04T13:54:17","slug":"finalist-prix-svc-ostschweiz-2024-emil-egger-gruppe","status":"publish","type":"post","link":"https:\/\/www.organisator.ch\/de\/allgemein\/2024-02-27\/finalist-prix-svc-ostschweiz-2024-emil-egger-gruppe\/","title":{"rendered":"Finalist Prix SVC Ostschweiz 2024: Emil Egger Gruppe"},"content":{"rendered":"<figure id=\"attachment_25406\" aria-describedby=\"caption-attachment-25406\" style=\"width: 680px\" class=\"wp-caption alignnone\"><img loading=\"lazy\" decoding=\"async\" class=\"size-full wp-image-25406\" src=\"https:\/\/www.organisator.ch\/wp-content\/uploads\/2024\/02\/Finalist-Prix-SVC-Ostschweiz-2024-Emil-Egger-Gruppe_Organisator.jpg\" alt=\"\" width=\"680\" height=\"455\" srcset=\"https:\/\/www.organisator.ch\/wp-content\/uploads\/2024\/02\/Finalist-Prix-SVC-Ostschweiz-2024-Emil-Egger-Gruppe_Organisator.jpg 680w, https:\/\/www.organisator.ch\/wp-content\/uploads\/2024\/02\/Finalist-Prix-SVC-Ostschweiz-2024-Emil-Egger-Gruppe_Organisator-18x12.jpg 18w, https:\/\/www.organisator.ch\/wp-content\/uploads\/2024\/02\/Finalist-Prix-SVC-Ostschweiz-2024-Emil-Egger-Gruppe_Organisator-375x251.jpg 375w, https:\/\/www.organisator.ch\/wp-content\/uploads\/2024\/02\/Finalist-Prix-SVC-Ostschweiz-2024-Emil-Egger-Gruppe_Organisator-523x350.jpg 523w\" sizes=\"auto, (max-width: 680px) 100vw, 680px\" \/><figcaption id=\"caption-attachment-25406\" class=\"wp-caption-text\">Ein Schiff per LKW transportieren? Kein Ding der Unm\u00f6glichkeit f\u00fcr die Emil Egger Gruppe. (Bild: Emil Egger AG \/ www.ete.ch)<\/figcaption><\/figure>\n<p>Die Emil Egger Gruppe ist ein Familienunternehmen, das in dritter Generation von Michael und Markus Egger gef\u00fchrt wird. Das Logistikunternehmen z\u00e4hlt 800 Mitarbeitende an elf Standorten in der ganzen Schweiz. So weit, so unspektakul\u00e4r. Ein Logistik-Dienstleister also, wie es viele gibt? Nein, nicht unbedingt. Denn einen Namen gemacht hat sich das Unternehmen vor allem mit dem Handling von \u00fcberdimensionalen G\u00fctern.\u00a0<\/p>\n<h3><strong>Wenn ein Schiff auf der Strasse unterwegs ist<\/strong><\/h3>\n<p>Kein Transportweg zu kompliziert und keine Last zu schwer: Diesen Eindruck erh\u00e4lt der neutrale Betrachter beim Besuch der Firmenwebsite. Wie gelangt z.B. ein Schiff vom Zuger- in den Walensee? Nein, nicht auf dem Wasser, sondern auf der Strasse. Vor einigen Monaten wurde von Emil Egger die \u00abMS Schwyz\u00bb, 31,2 m lang und max. 7 m breit, auf dem Landweg mit einem Schwertransport an den neuen Standort verfrachtet \u2013 haupts\u00e4chlich in der Nacht. Die Strecke hatte es in sich, denn immerhin musste mit dem Hirzel auch ein Pass \u00fcberquert werden, und auch sonst warteten einige enge Passagen auf die Logistik-Spezialisten. Entsprechend musste alles akribisch geplant werden: Das Schiff musste in zwei Teile zerlegt (Ober- und Unterdeck) und im Voraus entlang der Wegstrecke B\u00e4ume und Hecken zur\u00fcckgeschnitten werden. Auch diverse Bewilligungen mussten eingeholt werden. Auch f\u00fcr sie als routinierter Schwergut-Experten seien die Herausforderungen hoch gewesen, erinnert sich Michael Egger, der die Sparte Schwergut bei der Emil Egger Gruppe leitet.<\/p>\n<h3><strong>Ein Kran f\u00fcr (fast) jede Last<\/strong><\/h3>\n<p>In Sachen Schwergut-Transporte ist Emil Egger bestimmt die Nr. 1 in der Schweiz. Und auch bei den Kran-Dienstleistungen geh\u00f6rt das Unternehmen zu den 20 im deutschsprachigen Raum. Denn die schweren Lasten m\u00fcssen ja auch irgendwie gehoben werden k\u00f6nnen. Mit dem LR 11000 verf\u00fcgt Emil Egger den nach eigenen Angaben gr\u00f6ssten Raupenkran der Schweiz. Damit lassen sich Lasten mit bis zu 1000 t Gewicht verschieben. Neben Raupenkranen geh\u00f6ren Pneu- und Mobilkrane, mobile Baukrane, Spezialkrane, Lastwagen-Krane und auch Minikrane zur Flotte.<\/p>\n<h3><strong>Auch beim St\u00fcckgut und im Lager ist nichts zu sperrig<\/strong><\/h3>\n<p>Neben so viel Spektakel geraten die anderen Gesch\u00e4ftsbereiche fast etwas in den Hintergrund. Aber auch in Sachen St\u00fcckgut und bei der Lagerlogistik geh\u00f6rt Emil Egger zu den inzwischen schweizweit bekannten Dienstleistern. Und ebenfalls da geh\u00f6rt die Bef\u00f6rderung von G\u00fctern mit besonderen Gr\u00f6ssen zu den Spezialit\u00e4ten des Unternehmens. In St. Gallen, H\u00e4rkingen, Bassersdorf, Avenches, Fribourg, Romanel sur Morges, St. Margrethen und S. Antonino finden G\u00fcter in s\u00e4mtlichen Gr\u00f6ssen, Formen und Gebinden Platz. \u00abVon langen Stahlrohren bis hin zu Bahnwaggons \u2013 kein Gut ist uns zu gross, zu schwer oder zu lang. Unsere Infrastruktur und unser geschultes Personal bieten auch f\u00fcr Sonderf\u00e4lle immer eine L\u00f6sung\u00bb, l\u00e4sst sich Pascal M\u00f6ller, Leiter Lager-Logistik in St.Gallen, auf der Firmen-Website zitieren.<\/p>\n<h3><strong>Sparsam unterwegs<\/strong><\/h3>\n<p>Und wie steht es um das Thema Nachhaltigkeit? Auch da setzt Emil Egger das eine oder andere Ausrufezeichen. So sind die Chauffeure und Chauffeusen darin geschult, besonders niedertourig zu fahren; die H\u00f6chstgeschwindigkeit ist auf 89 km\/h limitiert. Die LKWs sind zudem mit besonders aerodynamischen Fahrzeugkabinen ausger\u00fcstet, um den Diesel-Verbrauch zu senken. Und auch alternative Antriebe werden getestet: Seit Februar 2023 ist mit dem e-Actros, einem E-Truck Serienmodell von Daimler Truck, ein elektrisch betriebener Lastwagen in Betrieb. Zur\u00fcckhaltend gibt man sich allerdings noch beim Thema Wasserstoff-Antrieb, der immer wieder als besonders geeignete Alternative f\u00fcr den G\u00fcterverkehr angesehen wird. Weil die Versorgungsinfrastruktur f\u00fcr Wasserstoff noch schlecht ausgebaut ist, d\u00fcrfte auch Emil Egger bei diesem Thema mit konkreteren Schritten noch zuwarten.<\/p>\n<p><em>Weitere Informationen: <a href=\"https:\/\/www.ete.ch\/\">https:\/\/www.ete.ch\/<\/a> \/ <a href=\"http:\/\/www.svc.swiss\">www.svc.swiss<\/a><\/em><\/p>\n<p>&nbsp;<\/p>\n<blockquote>\n<h3>Prix SVC Ostschweiz 2024, die weiteren Finalisten (alphabetisch):<\/h3>\n<ul>\n<li><a href=\"https:\/\/www.organisator.ch\/de\/allgemein\/2024-02-28\/finalist-prix-svc-ostschweiz-2024-huber-fenster-ag\/\">Huber Fenster AG<\/a><\/li>\n<li><a href=\"https:\/\/www.organisator.ch\/de\/allgemein\/2024-02-29\/finalist-prix-svc-ostschweiz-2024-maerchenhotel-ag\/\">M\u00e4rchenhotel AG<\/a><\/li>\n<li><a href=\"https:\/\/www.organisator.ch\/allgemein\/2024-03-01\/finalist-prix-svc-ostschweiz-2024-nussbaum-matzingen-ag\/\">Nussbaum Matzingen AG<\/a><\/li>\n<li><a href=\"https:\/\/www.organisator.ch\/de\/allgemein\/2024-03-04\/finalist-prix-svc-ostschweiz-2024-zindel-united\/\">Zindel United<\/a><\/li>\n<\/ul>\n<\/blockquote>\n","protected":false},"excerpt":{"rendered":"<p>Am 7. M\u00e4rz 2024 wird der Prix SVC Ostschweiz 2024 verliehen. Im Final stehen f\u00fcnf Unternehmen, eines davon die Emil Egger Gruppe mit Hauptsitz in St.Gallen. Ein Kurzportrait des Logistikunternehmens.<\/p>\n","protected":false},"author":4,"featured_media":25406,"comment_status":"closed","ping_status":"closed","sticky":false,"template":"","format":"standard","meta":{"_acf_changed":false,"_yoast_wpseo_focuskw":"Emil Egger Gruppe","_yoast_wpseo_metadesc":"Am 7. M\u00e4rz 2024 wird der Prix SVC Ostschweiz 2024 verliehen. Im Final steht auch die Emil Egger Gruppe mit Hauptsitz in St.Gallen.","articlekey":"","footnotes":""},"categories":[1],"tags":[66,4117,492],"class_list":["post-25405","post","type-post","status-publish","format-standard","has-post-thumbnail","hentry","category-allgemein","tag-awards","tag-prix-svc-ostschweiz","tag-unternehmen"],"acf":[],"yoast_head":"<!-- This site is optimized with the Yoast SEO plugin v27.5 - https:\/\/yoast.com\/product\/yoast-seo-wordpress\/ -->\n<title>Finalist Prix SVC Ostschweiz 2024: Emil Egger Gruppe - Organisator<\/title>\n<meta name=\"description\" content=\"Am 7. M\u00e4rz 2024 wird der Prix SVC Ostschweiz 2024 verliehen. Im Final steht auch die Emil Egger Gruppe mit Hauptsitz in St.Gallen.\" \/>\n<meta name=\"robots\" content=\"index, follow, max-snippet:-1, max-image-preview:large, max-video-preview:-1\" \/>\n<link rel=\"canonical\" href=\"https:\/\/www.organisator.ch\/de\/allgemein\/2024-02-27\/finalist-prix-svc-ostschweiz-2024-emil-egger-gruppe\/\" \/>\n<meta property=\"og:locale\" content=\"de_DE\" \/>\n<meta property=\"og:type\" content=\"article\" \/>\n<meta property=\"og:title\" content=\"Finalist Prix SVC Ostschweiz 2024: Emil Egger Gruppe\" \/>\n<meta property=\"og:description\" content=\"Am 7. M\u00e4rz 2024 wird der Prix SVC Ostschweiz 2024 verliehen. Im Final steht auch die Emil Egger Gruppe mit Hauptsitz in St.Gallen.\" \/>\n<meta property=\"og:url\" content=\"https:\/\/www.organisator.ch\/de\/allgemein\/2024-02-27\/finalist-prix-svc-ostschweiz-2024-emil-egger-gruppe\/\" \/>\n<meta property=\"og:site_name\" content=\"Organisator\" \/>\n<meta property=\"article:publisher\" content=\"https:\/\/www.facebook.com\/OrganisatorFachmagazin\" \/>\n<meta property=\"article:published_time\" content=\"2024-02-27T12:25:20+00:00\" \/>\n<meta property=\"article:modified_time\" content=\"2024-03-04T13:54:17+00:00\" \/>\n<meta property=\"og:image\" content=\"https:\/\/www.organisator.ch\/wp-content\/uploads\/2024\/02\/Finalist-Prix-SVC-Ostschweiz-2024-Emil-Egger-Gruppe_Organisator.jpg\" \/>\n\t<meta property=\"og:image:width\" content=\"680\" \/>\n\t<meta property=\"og:image:height\" content=\"455\" \/>\n\t<meta property=\"og:image:type\" content=\"image\/jpeg\" \/>\n<meta name=\"author\" content=\"thomas.berner\" \/>\n<meta name=\"twitter:card\" content=\"summary_large_image\" \/>\n<meta name=\"twitter:title\" content=\"Finalist Prix SVC Ostschweiz 2024: Emil Egger Gruppe\" \/>\n<meta name=\"twitter:description\" content=\"Am 7. M\u00e4rz 2024 wird der Prix SVC Ostschweiz 2024 verliehen. Im Final steht auch die Emil Egger Gruppe mit Hauptsitz in St.Gallen.\" \/>\n<meta name=\"twitter:image\" content=\"https:\/\/www.organisator.ch\/wp-content\/uploads\/2024\/02\/Finalist-Prix-SVC-Ostschweiz-2024-Emil-Egger-Gruppe_Organisator.jpg\" \/>\n<script type=\"application\/ld+json\" class=\"yoast-schema-graph\">{\"@context\":\"https:\\\/\\\/schema.org\",\"@graph\":[{\"@type\":\"Article\",\"@id\":\"https:\\\/\\\/www.organisator.ch\\\/allgemein\\\/2024-02-27\\\/finalist-prix-svc-ostschweiz-2024-emil-egger-gruppe\\\/#article\",\"isPartOf\":{\"@id\":\"https:\\\/\\\/www.organisator.ch\\\/allgemein\\\/2024-02-27\\\/finalist-prix-svc-ostschweiz-2024-emil-egger-gruppe\\\/\"},\"author\":{\"name\":\"thomas.berner\",\"@id\":\"https:\\\/\\\/www.organisator.ch\\\/#\\\/schema\\\/person\\\/6f650f90b2842cd4c0cc334b4e36f67e\"},\"headline\":\"Finalist Prix SVC Ostschweiz 2024: Emil Egger Gruppe\",\"datePublished\":\"2024-02-27T12:25:20+00:00\",\"dateModified\":\"2024-03-04T13:54:17+00:00\",\"mainEntityOfPage\":{\"@id\":\"https:\\\/\\\/www.organisator.ch\\\/allgemein\\\/2024-02-27\\\/finalist-prix-svc-ostschweiz-2024-emil-egger-gruppe\\\/\"},\"wordCount\":653,\"publisher\":{\"@id\":\"https:\\\/\\\/www.organisator.ch\\\/#organization\"},\"image\":{\"@id\":\"https:\\\/\\\/www.organisator.ch\\\/allgemein\\\/2024-02-27\\\/finalist-prix-svc-ostschweiz-2024-emil-egger-gruppe\\\/#primaryimage\"},\"thumbnailUrl\":\"https:\\\/\\\/www.organisator.ch\\\/wp-content\\\/uploads\\\/2024\\\/02\\\/Finalist-Prix-SVC-Ostschweiz-2024-Emil-Egger-Gruppe_Organisator.jpg\",\"keywords\":[\"Awards\",\"Prix SVC Ostschweiz\",\"Unternehmen\"],\"inLanguage\":\"de\"},{\"@type\":\"WebPage\",\"@id\":\"https:\\\/\\\/www.organisator.ch\\\/allgemein\\\/2024-02-27\\\/finalist-prix-svc-ostschweiz-2024-emil-egger-gruppe\\\/\",\"url\":\"https:\\\/\\\/www.organisator.ch\\\/allgemein\\\/2024-02-27\\\/finalist-prix-svc-ostschweiz-2024-emil-egger-gruppe\\\/\",\"name\":\"Finalist Prix SVC Ostschweiz 2024: Emil Egger Gruppe - Organisator\",\"isPartOf\":{\"@id\":\"https:\\\/\\\/www.organisator.ch\\\/#website\"},\"primaryImageOfPage\":{\"@id\":\"https:\\\/\\\/www.organisator.ch\\\/allgemein\\\/2024-02-27\\\/finalist-prix-svc-ostschweiz-2024-emil-egger-gruppe\\\/#primaryimage\"},\"image\":{\"@id\":\"https:\\\/\\\/www.organisator.ch\\\/allgemein\\\/2024-02-27\\\/finalist-prix-svc-ostschweiz-2024-emil-egger-gruppe\\\/#primaryimage\"},\"thumbnailUrl\":\"https:\\\/\\\/www.organisator.ch\\\/wp-content\\\/uploads\\\/2024\\\/02\\\/Finalist-Prix-SVC-Ostschweiz-2024-Emil-Egger-Gruppe_Organisator.jpg\",\"datePublished\":\"2024-02-27T12:25:20+00:00\",\"dateModified\":\"2024-03-04T13:54:17+00:00\",\"description\":\"Am 7. M\u00e4rz 2024 wird der Prix SVC Ostschweiz 2024 verliehen. Im Final steht auch die Emil Egger Gruppe mit Hauptsitz in St.Gallen.\",\"breadcrumb\":{\"@id\":\"https:\\\/\\\/www.organisator.ch\\\/allgemein\\\/2024-02-27\\\/finalist-prix-svc-ostschweiz-2024-emil-egger-gruppe\\\/#breadcrumb\"},\"inLanguage\":\"de\",\"potentialAction\":[{\"@type\":\"ReadAction\",\"target\":[\"https:\\\/\\\/www.organisator.ch\\\/allgemein\\\/2024-02-27\\\/finalist-prix-svc-ostschweiz-2024-emil-egger-gruppe\\\/\"]}]},{\"@type\":\"ImageObject\",\"inLanguage\":\"de\",\"@id\":\"https:\\\/\\\/www.organisator.ch\\\/allgemein\\\/2024-02-27\\\/finalist-prix-svc-ostschweiz-2024-emil-egger-gruppe\\\/#primaryimage\",\"url\":\"https:\\\/\\\/www.organisator.ch\\\/wp-content\\\/uploads\\\/2024\\\/02\\\/Finalist-Prix-SVC-Ostschweiz-2024-Emil-Egger-Gruppe_Organisator.jpg\",\"contentUrl\":\"https:\\\/\\\/www.organisator.ch\\\/wp-content\\\/uploads\\\/2024\\\/02\\\/Finalist-Prix-SVC-Ostschweiz-2024-Emil-Egger-Gruppe_Organisator.jpg\",\"width\":680,\"height\":455,\"caption\":\"Ein Schiff per LKW transportieren? Kein Ding der Unm\u00f6glichkeit f\u00fcr die Emil Egger Gruppe. (Bild: Emil Egger AG \\\/ www.ete.ch)\"},{\"@type\":\"BreadcrumbList\",\"@id\":\"https:\\\/\\\/www.organisator.ch\\\/allgemein\\\/2024-02-27\\\/finalist-prix-svc-ostschweiz-2024-emil-egger-gruppe\\\/#breadcrumb\",\"itemListElement\":[{\"@type\":\"ListItem\",\"position\":1,\"name\":\"Home\",\"item\":\"https:\\\/\\\/www.organisator.ch\\\/\"},{\"@type\":\"ListItem\",\"position\":2,\"name\":\"Finalist Prix SVC Ostschweiz 2024: Emil Egger Gruppe\"}]},{\"@type\":\"WebSite\",\"@id\":\"https:\\\/\\\/www.organisator.ch\\\/#website\",\"url\":\"https:\\\/\\\/www.organisator.ch\\\/\",\"name\":\"Organisator\",\"description\":\"Kompetent. Praxisnah. Der ORGANISATOR bereitet in 10 Ausgaben pro Jahr die wesentlichen Themen f\u00fcr F\u00fchrungskr\u00e4fte von KMU auf.\",\"publisher\":{\"@id\":\"https:\\\/\\\/www.organisator.ch\\\/#organization\"},\"potentialAction\":[{\"@type\":\"SearchAction\",\"target\":{\"@type\":\"EntryPoint\",\"urlTemplate\":\"https:\\\/\\\/www.organisator.ch\\\/?s={search_term_string}\"},\"query-input\":{\"@type\":\"PropertyValueSpecification\",\"valueRequired\":true,\"valueName\":\"search_term_string\"}}],\"inLanguage\":\"de\"},{\"@type\":\"Organization\",\"@id\":\"https:\\\/\\\/www.organisator.ch\\\/#organization\",\"name\":\"Organisator\",\"url\":\"https:\\\/\\\/www.organisator.ch\\\/\",\"logo\":{\"@type\":\"ImageObject\",\"inLanguage\":\"de\",\"@id\":\"https:\\\/\\\/www.organisator.ch\\\/#\\\/schema\\\/logo\\\/image\\\/\",\"url\":\"https:\\\/\\\/www.organisator.ch\\\/wp-content\\\/uploads\\\/2022\\\/01\\\/Logo_Organisator_Website.png\",\"contentUrl\":\"https:\\\/\\\/www.organisator.ch\\\/wp-content\\\/uploads\\\/2022\\\/01\\\/Logo_Organisator_Website.png\",\"width\":800,\"height\":77,\"caption\":\"Organisator\"},\"image\":{\"@id\":\"https:\\\/\\\/www.organisator.ch\\\/#\\\/schema\\\/logo\\\/image\\\/\"},\"sameAs\":[\"https:\\\/\\\/www.facebook.com\\\/OrganisatorFachmagazin\",\"https:\\\/\\\/www.linkedin.com\\\/showcase\\\/organisator-das-magazin-fr-kmu\",\"https:\\\/\\\/www.xing.com\\\/news\\\/pages\\\/organisator-ch-695\",\"https:\\\/\\\/www.youtube.com\\\/channel\\\/UCGP2Sq0iWaZwT3BdIAQFYpw\"]},{\"@type\":\"Person\",\"@id\":\"https:\\\/\\\/www.organisator.ch\\\/#\\\/schema\\\/person\\\/6f650f90b2842cd4c0cc334b4e36f67e\",\"name\":\"thomas.berner\",\"image\":{\"@type\":\"ImageObject\",\"inLanguage\":\"de\",\"@id\":\"https:\\\/\\\/secure.gravatar.com\\\/avatar\\\/ac5001d2a36cb6c6cd3e50789007ffca834b477b74a2144564522e944eabff61?s=96&d=mm&r=g\",\"url\":\"https:\\\/\\\/secure.gravatar.com\\\/avatar\\\/ac5001d2a36cb6c6cd3e50789007ffca834b477b74a2144564522e944eabff61?s=96&d=mm&r=g\",\"contentUrl\":\"https:\\\/\\\/secure.gravatar.com\\\/avatar\\\/ac5001d2a36cb6c6cd3e50789007ffca834b477b74a2144564522e944eabff61?s=96&d=mm&r=g\",\"caption\":\"thomas.berner\"},\"url\":\"https:\\\/\\\/www.organisator.ch\\\/de\\\/author\\\/thomas-berner\\\/\"}]}<\/script>\n<!-- \/ Yoast SEO plugin. -->","yoast_head_json":{"title":"Finalist Prix SVC Ostschweiz 2024: Emil Egger Gruppe - Organisator","description":"Am 7. M\u00e4rz 2024 wird der Prix SVC Ostschweiz 2024 verliehen. Im Final steht auch die Emil Egger Gruppe mit Hauptsitz in St.Gallen.","robots":{"index":"index","follow":"follow","max-snippet":"max-snippet:-1","max-image-preview":"max-image-preview:large","max-video-preview":"max-video-preview:-1"},"canonical":"https:\/\/www.organisator.ch\/de\/allgemein\/2024-02-27\/finalist-prix-svc-ostschweiz-2024-emil-egger-gruppe\/","og_locale":"de_DE","og_type":"article","og_title":"Finalist Prix SVC Ostschweiz 2024: Emil Egger Gruppe","og_description":"Am 7. M\u00e4rz 2024 wird der Prix SVC Ostschweiz 2024 verliehen. Im Final steht auch die Emil Egger Gruppe mit Hauptsitz in St.Gallen.","og_url":"https:\/\/www.organisator.ch\/de\/allgemein\/2024-02-27\/finalist-prix-svc-ostschweiz-2024-emil-egger-gruppe\/","og_site_name":"Organisator","article_publisher":"https:\/\/www.facebook.com\/OrganisatorFachmagazin","article_published_time":"2024-02-27T12:25:20+00:00","article_modified_time":"2024-03-04T13:54:17+00:00","og_image":[{"width":680,"height":455,"url":"https:\/\/www.organisator.ch\/wp-content\/uploads\/2024\/02\/Finalist-Prix-SVC-Ostschweiz-2024-Emil-Egger-Gruppe_Organisator.jpg","type":"image\/jpeg"}],"author":"thomas.berner","twitter_card":"summary_large_image","twitter_title":"Finalist Prix SVC Ostschweiz 2024: Emil Egger Gruppe","twitter_description":"Am 7. M\u00e4rz 2024 wird der Prix SVC Ostschweiz 2024 verliehen. Im Final steht auch die Emil Egger Gruppe mit Hauptsitz in St.Gallen.","twitter_image":"https:\/\/www.organisator.ch\/wp-content\/uploads\/2024\/02\/Finalist-Prix-SVC-Ostschweiz-2024-Emil-Egger-Gruppe_Organisator.jpg","schema":{"@context":"https:\/\/schema.org","@graph":[{"@type":"Article","@id":"https:\/\/www.organisator.ch\/allgemein\/2024-02-27\/finalist-prix-svc-ostschweiz-2024-emil-egger-gruppe\/#article","isPartOf":{"@id":"https:\/\/www.organisator.ch\/allgemein\/2024-02-27\/finalist-prix-svc-ostschweiz-2024-emil-egger-gruppe\/"},"author":{"name":"thomas.berner","@id":"https:\/\/www.organisator.ch\/#\/schema\/person\/6f650f90b2842cd4c0cc334b4e36f67e"},"headline":"Finalist Prix SVC Ostschweiz 2024: Emil Egger Gruppe","datePublished":"2024-02-27T12:25:20+00:00","dateModified":"2024-03-04T13:54:17+00:00","mainEntityOfPage":{"@id":"https:\/\/www.organisator.ch\/allgemein\/2024-02-27\/finalist-prix-svc-ostschweiz-2024-emil-egger-gruppe\/"},"wordCount":653,"publisher":{"@id":"https:\/\/www.organisator.ch\/#organization"},"image":{"@id":"https:\/\/www.organisator.ch\/allgemein\/2024-02-27\/finalist-prix-svc-ostschweiz-2024-emil-egger-gruppe\/#primaryimage"},"thumbnailUrl":"https:\/\/www.organisator.ch\/wp-content\/uploads\/2024\/02\/Finalist-Prix-SVC-Ostschweiz-2024-Emil-Egger-Gruppe_Organisator.jpg","keywords":["Awards","Prix SVC Ostschweiz","Unternehmen"],"inLanguage":"de"},{"@type":"WebPage","@id":"https:\/\/www.organisator.ch\/allgemein\/2024-02-27\/finalist-prix-svc-ostschweiz-2024-emil-egger-gruppe\/","url":"https:\/\/www.organisator.ch\/allgemein\/2024-02-27\/finalist-prix-svc-ostschweiz-2024-emil-egger-gruppe\/","name":"Finalist Prix SVC Ostschweiz 2024: Emil Egger Gruppe - Organisator","isPartOf":{"@id":"https:\/\/www.organisator.ch\/#website"},"primaryImageOfPage":{"@id":"https:\/\/www.organisator.ch\/allgemein\/2024-02-27\/finalist-prix-svc-ostschweiz-2024-emil-egger-gruppe\/#primaryimage"},"image":{"@id":"https:\/\/www.organisator.ch\/allgemein\/2024-02-27\/finalist-prix-svc-ostschweiz-2024-emil-egger-gruppe\/#primaryimage"},"thumbnailUrl":"https:\/\/www.organisator.ch\/wp-content\/uploads\/2024\/02\/Finalist-Prix-SVC-Ostschweiz-2024-Emil-Egger-Gruppe_Organisator.jpg","datePublished":"2024-02-27T12:25:20+00:00","dateModified":"2024-03-04T13:54:17+00:00","description":"Am 7. M\u00e4rz 2024 wird der Prix SVC Ostschweiz 2024 verliehen. Im Final steht auch die Emil Egger Gruppe mit Hauptsitz in St.Gallen.","breadcrumb":{"@id":"https:\/\/www.organisator.ch\/allgemein\/2024-02-27\/finalist-prix-svc-ostschweiz-2024-emil-egger-gruppe\/#breadcrumb"},"inLanguage":"de","potentialAction":[{"@type":"ReadAction","target":["https:\/\/www.organisator.ch\/allgemein\/2024-02-27\/finalist-prix-svc-ostschweiz-2024-emil-egger-gruppe\/"]}]},{"@type":"ImageObject","inLanguage":"de","@id":"https:\/\/www.organisator.ch\/allgemein\/2024-02-27\/finalist-prix-svc-ostschweiz-2024-emil-egger-gruppe\/#primaryimage","url":"https:\/\/www.organisator.ch\/wp-content\/uploads\/2024\/02\/Finalist-Prix-SVC-Ostschweiz-2024-Emil-Egger-Gruppe_Organisator.jpg","contentUrl":"https:\/\/www.organisator.ch\/wp-content\/uploads\/2024\/02\/Finalist-Prix-SVC-Ostschweiz-2024-Emil-Egger-Gruppe_Organisator.jpg","width":680,"height":455,"caption":"Ein Schiff per LKW transportieren? Kein Ding der Unm\u00f6glichkeit f\u00fcr die Emil Egger Gruppe. (Bild: Emil Egger AG \/ www.ete.ch)"},{"@type":"BreadcrumbList","@id":"https:\/\/www.organisator.ch\/allgemein\/2024-02-27\/finalist-prix-svc-ostschweiz-2024-emil-egger-gruppe\/#breadcrumb","itemListElement":[{"@type":"ListItem","position":1,"name":"Home","item":"https:\/\/www.organisator.ch\/"},{"@type":"ListItem","position":2,"name":"Finalist Prix SVC Ostschweiz 2024: Emil Egger Gruppe"}]},{"@type":"WebSite","@id":"https:\/\/www.organisator.ch\/#website","url":"https:\/\/www.organisator.ch\/","name":"Organisator","description":"Kompetent. Praxisnah. Der ORGANISATOR bereitet in 10 Ausgaben pro Jahr die wesentlichen Themen f\u00fcr F\u00fchrungskr\u00e4fte von KMU auf.","publisher":{"@id":"https:\/\/www.organisator.ch\/#organization"},"potentialAction":[{"@type":"SearchAction","target":{"@type":"EntryPoint","urlTemplate":"https:\/\/www.organisator.ch\/?s={search_term_string}"},"query-input":{"@type":"PropertyValueSpecification","valueRequired":true,"valueName":"search_term_string"}}],"inLanguage":"de"},{"@type":"Organization","@id":"https:\/\/www.organisator.ch\/#organization","name":"Organisator","url":"https:\/\/www.organisator.ch\/","logo":{"@type":"ImageObject","inLanguage":"de","@id":"https:\/\/www.organisator.ch\/#\/schema\/logo\/image\/","url":"https:\/\/www.organisator.ch\/wp-content\/uploads\/2022\/01\/Logo_Organisator_Website.png","contentUrl":"https:\/\/www.organisator.ch\/wp-content\/uploads\/2022\/01\/Logo_Organisator_Website.png","width":800,"height":77,"caption":"Organisator"},"image":{"@id":"https:\/\/www.organisator.ch\/#\/schema\/logo\/image\/"},"sameAs":["https:\/\/www.facebook.com\/OrganisatorFachmagazin","https:\/\/www.linkedin.com\/showcase\/organisator-das-magazin-fr-kmu","https:\/\/www.xing.com\/news\/pages\/organisator-ch-695","https:\/\/www.youtube.com\/channel\/UCGP2Sq0iWaZwT3BdIAQFYpw"]},{"@type":"Person","@id":"https:\/\/www.organisator.ch\/#\/schema\/person\/6f650f90b2842cd4c0cc334b4e36f67e","name":"thomas.berner","image":{"@type":"ImageObject","inLanguage":"de","@id":"https:\/\/secure.gravatar.com\/avatar\/ac5001d2a36cb6c6cd3e50789007ffca834b477b74a2144564522e944eabff61?s=96&d=mm&r=g","url":"https:\/\/secure.gravatar.com\/avatar\/ac5001d2a36cb6c6cd3e50789007ffca834b477b74a2144564522e944eabff61?s=96&d=mm&r=g","contentUrl":"https:\/\/secure.gravatar.com\/avatar\/ac5001d2a36cb6c6cd3e50789007ffca834b477b74a2144564522e944eabff61?s=96&d=mm&r=g","caption":"thomas.berner"},"url":"https:\/\/www.organisator.ch\/de\/author\/thomas-berner\/"}]}},"_links":{"self":[{"href":"https:\/\/www.organisator.ch\/de\/wp-json\/wp\/v2\/posts\/25405","targetHints":{"allow":["GET"]}}],"collection":[{"href":"https:\/\/www.organisator.ch\/de\/wp-json\/wp\/v2\/posts"}],"about":[{"href":"https:\/\/www.organisator.ch\/de\/wp-json\/wp\/v2\/types\/post"}],"author":[{"embeddable":true,"href":"https:\/\/www.organisator.ch\/de\/wp-json\/wp\/v2\/users\/4"}],"replies":[{"embeddable":true,"href":"https:\/\/www.organisator.ch\/de\/wp-json\/wp\/v2\/comments?post=25405"}],"version-history":[{"count":11,"href":"https:\/\/www.organisator.ch\/de\/wp-json\/wp\/v2\/posts\/25405\/revisions"}],"predecessor-version":[{"id":25597,"href":"https:\/\/www.organisator.ch\/de\/wp-json\/wp\/v2\/posts\/25405\/revisions\/25597"}],"wp:featuredmedia":[{"embeddable":true,"href":"https:\/\/www.organisator.ch\/de\/wp-json\/wp\/v2\/media\/25406"}],"wp:attachment":[{"href":"https:\/\/www.organisator.ch\/de\/wp-json\/wp\/v2\/media?parent=25405"}],"wp:term":[{"taxonomy":"category","embeddable":true,"href":"https:\/\/www.organisator.ch\/de\/wp-json\/wp\/v2\/categories?post=25405"},{"taxonomy":"post_tag","embeddable":true,"href":"https:\/\/www.organisator.ch\/de\/wp-json\/wp\/v2\/tags?post=25405"}],"curies":[{"name":"wp","href":"https:\/\/api.w.org\/{rel}","templated":true}]}}