{"id":25409,"date":"2024-02-28T13:26:06","date_gmt":"2024-02-28T12:26:06","guid":{"rendered":"https:\/\/www.organisator.ch\/?p=25409"},"modified":"2024-03-04T14:56:08","modified_gmt":"2024-03-04T13:56:08","slug":"finalist-prix-svc-ostschweiz-2024-huber-fenster-ag","status":"publish","type":"post","link":"https:\/\/www.organisator.ch\/de\/allgemein\/2024-02-28\/finalist-prix-svc-ostschweiz-2024-huber-fenster-ag\/","title":{"rendered":"Finalist Prix SVC Ostschweiz 2024: Huber Fenster AG"},"content":{"rendered":"<figure id=\"attachment_25410\" aria-describedby=\"caption-attachment-25410\" style=\"width: 680px\" class=\"wp-caption alignnone\"><img loading=\"lazy\" decoding=\"async\" class=\"size-full wp-image-25410\" src=\"https:\/\/www.organisator.ch\/wp-content\/uploads\/2024\/02\/Finalist-Prix-SVC-Ostschweiz-2024-Huber-Fenster-AG_Organisator.jpg\" alt=\"\" width=\"680\" height=\"574\" srcset=\"https:\/\/www.organisator.ch\/wp-content\/uploads\/2024\/02\/Finalist-Prix-SVC-Ostschweiz-2024-Huber-Fenster-AG_Organisator.jpg 680w, https:\/\/www.organisator.ch\/wp-content\/uploads\/2024\/02\/Finalist-Prix-SVC-Ostschweiz-2024-Huber-Fenster-AG_Organisator-14x12.jpg 14w, https:\/\/www.organisator.ch\/wp-content\/uploads\/2024\/02\/Finalist-Prix-SVC-Ostschweiz-2024-Huber-Fenster-AG_Organisator-355x300.jpg 355w, https:\/\/www.organisator.ch\/wp-content\/uploads\/2024\/02\/Finalist-Prix-SVC-Ostschweiz-2024-Huber-Fenster-AG_Organisator-415x350.jpg 415w\" sizes=\"auto, (max-width: 680px) 100vw, 680px\" \/><figcaption id=\"caption-attachment-25410\" class=\"wp-caption-text\">Die Gesch\u00e4ftsleitung von Huber Fenster AG: Sebastian (CFO), Matthias (COO) und Pascal Huber (CEO). (Bild: Huber Fenster AG \/ www.huberfenster.ch)<\/figcaption><\/figure>\n<p>Mehr als nur \u00abein Fenster zum Hof\u00bb: So k\u00f6nnte man die Firmenphilosophie der Huber Fenster AG aus Herisau umschreiben. Das Familienunternehmen in 5. Generation bietet L\u00f6sungen abseits des Standards. Fenster sollen einerseits ein qualitativ hochstehender Teil der Geb\u00e4udeh\u00fclle sein, anderseits aber auch ein individuelles Fassadenelement.<\/p>\n<h3><strong>Fenster f\u00fcr \u00ab\u00c4sthetik mit Weitsicht\u00bb<\/strong><\/h3>\n<p>Ein Streifzug durch die aktuellen Projekte des Unternehmens zeigt: Die Kundschaft von Huber Fenster AG ist vielf\u00e4ltig. Von \u00f6ffentlichen Geb\u00e4uden wie dem Hauptbahnhof Z\u00fcrich (S\u00fcdtrakt, der aktuell generalsaniert wird) oder dem Neubau des Amtshauses Walche bis hin zu einem Waldhaus im Engadin oder einem Mehrgenerationenhaus am Z\u00fcrichsee \u2013 \u00fcberall dienen die Fenster mehr als nur dem Einlass von Licht. Sie sind Teil einer anspruchsvollen architektonischen Gestaltung. Die \u00e4sthetischen W\u00fcnsche der Kundschaft mit den technischen Vorgaben zu vereinen, so lautet der Anspruch. Oder eben: Huber liefert \u00ab\u00c4sthetik mit Weitsicht\u00bb und nicht nur ein Fenster zum Hof. Und gegen ungebetene G\u00e4ste hat man ein nach Stufe &#8222;RC 3&#8220; zertifiziertes Sicherheitsfenster im Angebot, das auch hohen Designanspr\u00fcchen Rechnung tr\u00e4gt.<\/p>\n<h3><strong>Von der Glaserei zum modernen Produktionsbetrieb<\/strong><\/h3>\n<p>Dabei hat 1883 alles ganz bescheiden angefangen mit der \u00dcbernahme einer Glaserei in Herisau. Daraus entwickelte sich das Unternehmen \u00fcber Generationen zu einem Fensterbauer mit eigener Produktion. Das Unternehmen wuchs von einer Werkstatt im Dorfkern zu einer Fabrik, die heute un\u00fcbersehbar an der St.Gallerstrasse, der Haupteinfallsachse in den Hauptort des Kantons Appenzell Ausserrhoden, steht. Erst 2021 wurde eine neue Produktionshalle in Betrieb genommen. 2022 schliesslich wurde der Firmenauftritt einem Redesign unterzogen.<\/p>\n<p>Das von Sebastian (CFO), Matthias (COO) und Pascal Huber (CEO) gef\u00fchrte Unternehmen z\u00e4hlt heute rund 75 Mitarbeitende. Der Mensch stehe im Mittelpunkt, heisst es auch bei der Huber Fenster AG. Ein bedeutender Stellenwert kommt der Ausbildung des beruflichen Nachwuchses zu. Mit laufend rund sieben Lernenden geh\u00f6rt das Unternehmen zu den f\u00fchrenden Lehrbetrieben der Branche, wie es heisst.<\/p>\n<p>Und die Kunden? Die k\u00f6nnen bei Huber Fenster aus dem Vollen sch\u00f6pfen. Per Website l\u00e4sst sich die gew\u00fcnschte Fensterl\u00f6sung gleich selbst konfigurieren und auf dem Bildschirm darstellen. Egal, ob klassisches Fenster oder Hebeschiebet\u00fcre, Wendefenster oder Vertikalschieber: Die Pl\u00e4ne werden nach Eingabe der Parameter automatisch erstellt und k\u00f6nnen heruntergeladen werden. Und mit der \u00abHubothek\u00bb steht ein umfassender Produktkatalog zur Verf\u00fcgung.<\/p>\n<h3><strong>Eichen aus der Ukraine<\/strong><\/h3>\n<p>Mit der Wahl der richtigen Fenster l\u00e4sst sich viel f\u00fcr die Energieeffizienz von Geb\u00e4uden tun. Nachhaltigkeit ist selbstredend auch f\u00fcr die Huber Fenster AG ein Thema, das man aktiv angeht. Etwa bei der Beschaffung des Naturprodukts Holz: Gemeinsam mit dem Partnerunternehmen Divario AG wird dieses in einem geschlossenen Kreislauf gehalten. Vom ersten Setzling im Forst von Winnyzja (Ukraine), \u00fcber das geerntete Rohholz bis hin zum fertigen Fenster werde f\u00fcr nachhaltiges, \u00f6kologisches Wirtschaften gesorgt, verspricht das Unternehmen. Die Fertigung der Eichen-Produkte werde mit 100% Solarstrom betrieben, und das Restholz in Herisau und Winnyzja als Wa\u0308rmeenergiequelle fu\u0308r die eigenen Produktionshallen, Trocknungskammern und die umliegenden Geb\u00e4ude genutzt. So bleibt das Holz im Kreislauf. Trotz des Krieges in der Ukraine laufen die Lieferbeziehungen weiter, &#8222;einfach unter erschwerten Bedingungen&#8220;, wie Projektleiter Martin Huber auf Nachfrage erkl\u00e4rt. Wegen Grenzblockaden in Polen m\u00fcsse man beim Transport allerdings Umwege \u00fcber Ungarn in Kauf nehmen. Doch daf\u00fcr klappe die Zollabwicklung wunderbar. &#8222;In Sachen Digitalisierung ist da die Ukraine uns meilenweit voraus&#8220;, schw\u00e4rmt Huber. Er ist es auch, der den <a href=\"https:\/\/www.verein-ukraine-hilfe.ch\/\">Verein Ukraine Hilfe<\/a> gegr\u00fcndet hat. Dieser erstellt Menschen, die durch den Krieg obdachlos geworden sind, in Form von vorgefertigten Holzh\u00e4usern ein neues Zuhause.<\/p>\n<p><em>Weitere Informationen: <a href=\"http:\/\/www.huberfenster.ch\">www.huberfenster.ch<\/a> \/ <a href=\"http:\/\/www.svc.swiss\">www.svc.swiss<\/a><\/em><\/p>\n<p>&nbsp;<\/p>\n<blockquote>\n<h3>Prix SVC Ostschweiz 2024 &#8211; die weiteren Finalisten (alphabetisch):<\/h3>\n<ul>\n<li><a href=\"https:\/\/www.organisator.ch\/de\/allgemein\/2024-02-27\/finalist-prix-svc-ostschweiz-2024-emil-egger-gruppe\/\">Emil Egger Gruppe<\/a><\/li>\n<li><a href=\"https:\/\/www.organisator.ch\/de\/allgemein\/2024-02-29\/finalist-prix-svc-ostschweiz-2024-maerchenhotel-ag\/\">M\u00e4rchenhotel AG<\/a><\/li>\n<li><a href=\"https:\/\/www.organisator.ch\/allgemein\/2024-03-01\/finalist-prix-svc-ostschweiz-2024-nussbaum-matzingen-ag\/\">Nussbaum Matzingen AG<\/a><\/li>\n<li><a href=\"https:\/\/www.organisator.ch\/de\/allgemein\/2024-03-04\/finalist-prix-svc-ostschweiz-2024-zindel-united\/\">Zindel United<\/a><\/li>\n<\/ul>\n<\/blockquote>\n","protected":false},"excerpt":{"rendered":"<p>Am 7. M\u00e4rz 2024 wird der Prix SVC Ostschweiz 2024 verliehen. Im Final stehen f\u00fcnf Unternehmen, eines davon die Huber Fenster AG aus Herisau. Ein Kurzportrait des Familienbetriebs.<\/p>\n","protected":false},"author":4,"featured_media":25410,"comment_status":"closed","ping_status":"closed","sticky":false,"template":"","format":"standard","meta":{"_acf_changed":false,"_yoast_wpseo_focuskw":"Huber Fenster","_yoast_wpseo_metadesc":"Am 7. M\u00e4rz 2024 wird der Prix SVC Ostschweiz 2024 verliehen. Im Final steht auch die Huber Fenster AG aus Herisau.","articlekey":"","footnotes":""},"categories":[1],"tags":[66,4117,492],"class_list":["post-25409","post","type-post","status-publish","format-standard","has-post-thumbnail","hentry","category-allgemein","tag-awards","tag-prix-svc-ostschweiz","tag-unternehmen"],"acf":[],"yoast_head":"<!-- This site is optimized with the Yoast SEO plugin v27.4 - https:\/\/yoast.com\/product\/yoast-seo-wordpress\/ -->\n<title>Finalist Prix SVC Ostschweiz 2024: Huber Fenster AG - Organisator<\/title>\n<meta name=\"description\" content=\"Am 7. M\u00e4rz 2024 wird der Prix SVC Ostschweiz 2024 verliehen. Im Final steht auch die Huber Fenster AG aus Herisau.\" \/>\n<meta name=\"robots\" content=\"index, follow, max-snippet:-1, max-image-preview:large, max-video-preview:-1\" \/>\n<link rel=\"canonical\" href=\"https:\/\/www.organisator.ch\/de\/allgemein\/2024-02-28\/finalist-prix-svc-ostschweiz-2024-huber-fenster-ag\/\" \/>\n<meta property=\"og:locale\" content=\"de_DE\" \/>\n<meta property=\"og:type\" content=\"article\" \/>\n<meta property=\"og:title\" content=\"Finalist Prix SVC Ostschweiz 2024: Huber Fenster AG\" \/>\n<meta property=\"og:description\" content=\"Am 7. M\u00e4rz 2024 wird der Prix SVC Ostschweiz 2024 verliehen. Im Final steht auch die Huber Fenster AG aus Herisau.\" \/>\n<meta property=\"og:url\" content=\"https:\/\/www.organisator.ch\/de\/allgemein\/2024-02-28\/finalist-prix-svc-ostschweiz-2024-huber-fenster-ag\/\" \/>\n<meta property=\"og:site_name\" content=\"Organisator\" \/>\n<meta property=\"article:publisher\" content=\"https:\/\/www.facebook.com\/OrganisatorFachmagazin\" \/>\n<meta property=\"article:published_time\" content=\"2024-02-28T12:26:06+00:00\" \/>\n<meta property=\"article:modified_time\" content=\"2024-03-04T13:56:08+00:00\" \/>\n<meta property=\"og:image\" content=\"https:\/\/www.organisator.ch\/wp-content\/uploads\/2024\/02\/Finalist-Prix-SVC-Ostschweiz-2024-Huber-Fenster-AG_Organisator.jpg\" \/>\n\t<meta property=\"og:image:width\" content=\"680\" \/>\n\t<meta property=\"og:image:height\" content=\"574\" \/>\n\t<meta property=\"og:image:type\" content=\"image\/jpeg\" \/>\n<meta name=\"author\" content=\"thomas.berner\" \/>\n<meta name=\"twitter:card\" content=\"summary_large_image\" \/>\n<meta name=\"twitter:title\" content=\"Finalist Prix SVC Ostschweiz 2024: Huber Fenster AG\" \/>\n<meta name=\"twitter:description\" content=\"Am 7. M\u00e4rz 2024 wird der Prix #SVC #Ostschweiz 2024 verliehen. Im Final steht auch die #Huber Fenster AG aus Herisau.\" \/>\n<meta name=\"twitter:image\" content=\"https:\/\/www.organisator.ch\/wp-content\/uploads\/2024\/02\/Finalist-Prix-SVC-Ostschweiz-2024-Huber-Fenster-AG_Organisator.jpg\" \/>\n<script type=\"application\/ld+json\" class=\"yoast-schema-graph\">{\"@context\":\"https:\\\/\\\/schema.org\",\"@graph\":[{\"@type\":\"Article\",\"@id\":\"https:\\\/\\\/www.organisator.ch\\\/allgemein\\\/2024-02-28\\\/finalist-prix-svc-ostschweiz-2024-huber-fenster-ag\\\/#article\",\"isPartOf\":{\"@id\":\"https:\\\/\\\/www.organisator.ch\\\/allgemein\\\/2024-02-28\\\/finalist-prix-svc-ostschweiz-2024-huber-fenster-ag\\\/\"},\"author\":{\"name\":\"thomas.berner\",\"@id\":\"https:\\\/\\\/www.organisator.ch\\\/#\\\/schema\\\/person\\\/6f650f90b2842cd4c0cc334b4e36f67e\"},\"headline\":\"Finalist Prix SVC Ostschweiz 2024: Huber Fenster AG\",\"datePublished\":\"2024-02-28T12:26:06+00:00\",\"dateModified\":\"2024-03-04T13:56:08+00:00\",\"mainEntityOfPage\":{\"@id\":\"https:\\\/\\\/www.organisator.ch\\\/allgemein\\\/2024-02-28\\\/finalist-prix-svc-ostschweiz-2024-huber-fenster-ag\\\/\"},\"wordCount\":655,\"publisher\":{\"@id\":\"https:\\\/\\\/www.organisator.ch\\\/#organization\"},\"image\":{\"@id\":\"https:\\\/\\\/www.organisator.ch\\\/allgemein\\\/2024-02-28\\\/finalist-prix-svc-ostschweiz-2024-huber-fenster-ag\\\/#primaryimage\"},\"thumbnailUrl\":\"https:\\\/\\\/www.organisator.ch\\\/wp-content\\\/uploads\\\/2024\\\/02\\\/Finalist-Prix-SVC-Ostschweiz-2024-Huber-Fenster-AG_Organisator.jpg\",\"keywords\":[\"Awards\",\"Prix SVC Ostschweiz\",\"Unternehmen\"],\"inLanguage\":\"de\"},{\"@type\":\"WebPage\",\"@id\":\"https:\\\/\\\/www.organisator.ch\\\/allgemein\\\/2024-02-28\\\/finalist-prix-svc-ostschweiz-2024-huber-fenster-ag\\\/\",\"url\":\"https:\\\/\\\/www.organisator.ch\\\/allgemein\\\/2024-02-28\\\/finalist-prix-svc-ostschweiz-2024-huber-fenster-ag\\\/\",\"name\":\"Finalist Prix SVC Ostschweiz 2024: Huber Fenster AG - Organisator\",\"isPartOf\":{\"@id\":\"https:\\\/\\\/www.organisator.ch\\\/#website\"},\"primaryImageOfPage\":{\"@id\":\"https:\\\/\\\/www.organisator.ch\\\/allgemein\\\/2024-02-28\\\/finalist-prix-svc-ostschweiz-2024-huber-fenster-ag\\\/#primaryimage\"},\"image\":{\"@id\":\"https:\\\/\\\/www.organisator.ch\\\/allgemein\\\/2024-02-28\\\/finalist-prix-svc-ostschweiz-2024-huber-fenster-ag\\\/#primaryimage\"},\"thumbnailUrl\":\"https:\\\/\\\/www.organisator.ch\\\/wp-content\\\/uploads\\\/2024\\\/02\\\/Finalist-Prix-SVC-Ostschweiz-2024-Huber-Fenster-AG_Organisator.jpg\",\"datePublished\":\"2024-02-28T12:26:06+00:00\",\"dateModified\":\"2024-03-04T13:56:08+00:00\",\"description\":\"Am 7. M\u00e4rz 2024 wird der Prix SVC Ostschweiz 2024 verliehen. Im Final steht auch die Huber Fenster AG aus Herisau.\",\"breadcrumb\":{\"@id\":\"https:\\\/\\\/www.organisator.ch\\\/allgemein\\\/2024-02-28\\\/finalist-prix-svc-ostschweiz-2024-huber-fenster-ag\\\/#breadcrumb\"},\"inLanguage\":\"de\",\"potentialAction\":[{\"@type\":\"ReadAction\",\"target\":[\"https:\\\/\\\/www.organisator.ch\\\/allgemein\\\/2024-02-28\\\/finalist-prix-svc-ostschweiz-2024-huber-fenster-ag\\\/\"]}]},{\"@type\":\"ImageObject\",\"inLanguage\":\"de\",\"@id\":\"https:\\\/\\\/www.organisator.ch\\\/allgemein\\\/2024-02-28\\\/finalist-prix-svc-ostschweiz-2024-huber-fenster-ag\\\/#primaryimage\",\"url\":\"https:\\\/\\\/www.organisator.ch\\\/wp-content\\\/uploads\\\/2024\\\/02\\\/Finalist-Prix-SVC-Ostschweiz-2024-Huber-Fenster-AG_Organisator.jpg\",\"contentUrl\":\"https:\\\/\\\/www.organisator.ch\\\/wp-content\\\/uploads\\\/2024\\\/02\\\/Finalist-Prix-SVC-Ostschweiz-2024-Huber-Fenster-AG_Organisator.jpg\",\"width\":680,\"height\":574,\"caption\":\"Die Gesch\u00e4ftsleitung von Huber Fenster AG: Sebastian (CFO), Matthias (COO) und Pascal Huber (CEO). (Bild: Huber Fenster AG \\\/ www.huberfenster.ch)\"},{\"@type\":\"BreadcrumbList\",\"@id\":\"https:\\\/\\\/www.organisator.ch\\\/allgemein\\\/2024-02-28\\\/finalist-prix-svc-ostschweiz-2024-huber-fenster-ag\\\/#breadcrumb\",\"itemListElement\":[{\"@type\":\"ListItem\",\"position\":1,\"name\":\"Home\",\"item\":\"https:\\\/\\\/www.organisator.ch\\\/\"},{\"@type\":\"ListItem\",\"position\":2,\"name\":\"Finalist Prix SVC Ostschweiz 2024: Huber Fenster AG\"}]},{\"@type\":\"WebSite\",\"@id\":\"https:\\\/\\\/www.organisator.ch\\\/#website\",\"url\":\"https:\\\/\\\/www.organisator.ch\\\/\",\"name\":\"Organisator\",\"description\":\"Kompetent. Praxisnah. Der ORGANISATOR bereitet in 10 Ausgaben pro Jahr die wesentlichen Themen f\u00fcr F\u00fchrungskr\u00e4fte von KMU auf.\",\"publisher\":{\"@id\":\"https:\\\/\\\/www.organisator.ch\\\/#organization\"},\"potentialAction\":[{\"@type\":\"SearchAction\",\"target\":{\"@type\":\"EntryPoint\",\"urlTemplate\":\"https:\\\/\\\/www.organisator.ch\\\/?s={search_term_string}\"},\"query-input\":{\"@type\":\"PropertyValueSpecification\",\"valueRequired\":true,\"valueName\":\"search_term_string\"}}],\"inLanguage\":\"de\"},{\"@type\":\"Organization\",\"@id\":\"https:\\\/\\\/www.organisator.ch\\\/#organization\",\"name\":\"Organisator\",\"url\":\"https:\\\/\\\/www.organisator.ch\\\/\",\"logo\":{\"@type\":\"ImageObject\",\"inLanguage\":\"de\",\"@id\":\"https:\\\/\\\/www.organisator.ch\\\/#\\\/schema\\\/logo\\\/image\\\/\",\"url\":\"https:\\\/\\\/www.organisator.ch\\\/wp-content\\\/uploads\\\/2022\\\/01\\\/Logo_Organisator_Website.png\",\"contentUrl\":\"https:\\\/\\\/www.organisator.ch\\\/wp-content\\\/uploads\\\/2022\\\/01\\\/Logo_Organisator_Website.png\",\"width\":800,\"height\":77,\"caption\":\"Organisator\"},\"image\":{\"@id\":\"https:\\\/\\\/www.organisator.ch\\\/#\\\/schema\\\/logo\\\/image\\\/\"},\"sameAs\":[\"https:\\\/\\\/www.facebook.com\\\/OrganisatorFachmagazin\",\"https:\\\/\\\/www.linkedin.com\\\/showcase\\\/organisator-das-magazin-fr-kmu\",\"https:\\\/\\\/www.xing.com\\\/news\\\/pages\\\/organisator-ch-695\",\"https:\\\/\\\/www.youtube.com\\\/channel\\\/UCGP2Sq0iWaZwT3BdIAQFYpw\"]},{\"@type\":\"Person\",\"@id\":\"https:\\\/\\\/www.organisator.ch\\\/#\\\/schema\\\/person\\\/6f650f90b2842cd4c0cc334b4e36f67e\",\"name\":\"thomas.berner\",\"image\":{\"@type\":\"ImageObject\",\"inLanguage\":\"de\",\"@id\":\"https:\\\/\\\/secure.gravatar.com\\\/avatar\\\/ac5001d2a36cb6c6cd3e50789007ffca834b477b74a2144564522e944eabff61?s=96&d=mm&r=g\",\"url\":\"https:\\\/\\\/secure.gravatar.com\\\/avatar\\\/ac5001d2a36cb6c6cd3e50789007ffca834b477b74a2144564522e944eabff61?s=96&d=mm&r=g\",\"contentUrl\":\"https:\\\/\\\/secure.gravatar.com\\\/avatar\\\/ac5001d2a36cb6c6cd3e50789007ffca834b477b74a2144564522e944eabff61?s=96&d=mm&r=g\",\"caption\":\"thomas.berner\"},\"url\":\"https:\\\/\\\/www.organisator.ch\\\/de\\\/author\\\/thomas-berner\\\/\"}]}<\/script>\n<!-- \/ Yoast SEO plugin. -->","yoast_head_json":{"title":"Finalist Prix SVC Ostschweiz 2024: Huber Fenster AG - Organisator","description":"Am 7. M\u00e4rz 2024 wird der Prix SVC Ostschweiz 2024 verliehen. Im Final steht auch die Huber Fenster AG aus Herisau.","robots":{"index":"index","follow":"follow","max-snippet":"max-snippet:-1","max-image-preview":"max-image-preview:large","max-video-preview":"max-video-preview:-1"},"canonical":"https:\/\/www.organisator.ch\/de\/allgemein\/2024-02-28\/finalist-prix-svc-ostschweiz-2024-huber-fenster-ag\/","og_locale":"de_DE","og_type":"article","og_title":"Finalist Prix SVC Ostschweiz 2024: Huber Fenster AG","og_description":"Am 7. M\u00e4rz 2024 wird der Prix SVC Ostschweiz 2024 verliehen. Im Final steht auch die Huber Fenster AG aus Herisau.","og_url":"https:\/\/www.organisator.ch\/de\/allgemein\/2024-02-28\/finalist-prix-svc-ostschweiz-2024-huber-fenster-ag\/","og_site_name":"Organisator","article_publisher":"https:\/\/www.facebook.com\/OrganisatorFachmagazin","article_published_time":"2024-02-28T12:26:06+00:00","article_modified_time":"2024-03-04T13:56:08+00:00","og_image":[{"width":680,"height":574,"url":"https:\/\/www.organisator.ch\/wp-content\/uploads\/2024\/02\/Finalist-Prix-SVC-Ostschweiz-2024-Huber-Fenster-AG_Organisator.jpg","type":"image\/jpeg"}],"author":"thomas.berner","twitter_card":"summary_large_image","twitter_title":"Finalist Prix SVC Ostschweiz 2024: Huber Fenster AG","twitter_description":"Am 7. M\u00e4rz 2024 wird der Prix #SVC #Ostschweiz 2024 verliehen. Im Final steht auch die #Huber Fenster AG aus Herisau.","twitter_image":"https:\/\/www.organisator.ch\/wp-content\/uploads\/2024\/02\/Finalist-Prix-SVC-Ostschweiz-2024-Huber-Fenster-AG_Organisator.jpg","schema":{"@context":"https:\/\/schema.org","@graph":[{"@type":"Article","@id":"https:\/\/www.organisator.ch\/allgemein\/2024-02-28\/finalist-prix-svc-ostschweiz-2024-huber-fenster-ag\/#article","isPartOf":{"@id":"https:\/\/www.organisator.ch\/allgemein\/2024-02-28\/finalist-prix-svc-ostschweiz-2024-huber-fenster-ag\/"},"author":{"name":"thomas.berner","@id":"https:\/\/www.organisator.ch\/#\/schema\/person\/6f650f90b2842cd4c0cc334b4e36f67e"},"headline":"Finalist Prix SVC Ostschweiz 2024: Huber Fenster AG","datePublished":"2024-02-28T12:26:06+00:00","dateModified":"2024-03-04T13:56:08+00:00","mainEntityOfPage":{"@id":"https:\/\/www.organisator.ch\/allgemein\/2024-02-28\/finalist-prix-svc-ostschweiz-2024-huber-fenster-ag\/"},"wordCount":655,"publisher":{"@id":"https:\/\/www.organisator.ch\/#organization"},"image":{"@id":"https:\/\/www.organisator.ch\/allgemein\/2024-02-28\/finalist-prix-svc-ostschweiz-2024-huber-fenster-ag\/#primaryimage"},"thumbnailUrl":"https:\/\/www.organisator.ch\/wp-content\/uploads\/2024\/02\/Finalist-Prix-SVC-Ostschweiz-2024-Huber-Fenster-AG_Organisator.jpg","keywords":["Awards","Prix SVC Ostschweiz","Unternehmen"],"inLanguage":"de"},{"@type":"WebPage","@id":"https:\/\/www.organisator.ch\/allgemein\/2024-02-28\/finalist-prix-svc-ostschweiz-2024-huber-fenster-ag\/","url":"https:\/\/www.organisator.ch\/allgemein\/2024-02-28\/finalist-prix-svc-ostschweiz-2024-huber-fenster-ag\/","name":"Finalist Prix SVC Ostschweiz 2024: Huber Fenster AG - Organisator","isPartOf":{"@id":"https:\/\/www.organisator.ch\/#website"},"primaryImageOfPage":{"@id":"https:\/\/www.organisator.ch\/allgemein\/2024-02-28\/finalist-prix-svc-ostschweiz-2024-huber-fenster-ag\/#primaryimage"},"image":{"@id":"https:\/\/www.organisator.ch\/allgemein\/2024-02-28\/finalist-prix-svc-ostschweiz-2024-huber-fenster-ag\/#primaryimage"},"thumbnailUrl":"https:\/\/www.organisator.ch\/wp-content\/uploads\/2024\/02\/Finalist-Prix-SVC-Ostschweiz-2024-Huber-Fenster-AG_Organisator.jpg","datePublished":"2024-02-28T12:26:06+00:00","dateModified":"2024-03-04T13:56:08+00:00","description":"Am 7. M\u00e4rz 2024 wird der Prix SVC Ostschweiz 2024 verliehen. Im Final steht auch die Huber Fenster AG aus Herisau.","breadcrumb":{"@id":"https:\/\/www.organisator.ch\/allgemein\/2024-02-28\/finalist-prix-svc-ostschweiz-2024-huber-fenster-ag\/#breadcrumb"},"inLanguage":"de","potentialAction":[{"@type":"ReadAction","target":["https:\/\/www.organisator.ch\/allgemein\/2024-02-28\/finalist-prix-svc-ostschweiz-2024-huber-fenster-ag\/"]}]},{"@type":"ImageObject","inLanguage":"de","@id":"https:\/\/www.organisator.ch\/allgemein\/2024-02-28\/finalist-prix-svc-ostschweiz-2024-huber-fenster-ag\/#primaryimage","url":"https:\/\/www.organisator.ch\/wp-content\/uploads\/2024\/02\/Finalist-Prix-SVC-Ostschweiz-2024-Huber-Fenster-AG_Organisator.jpg","contentUrl":"https:\/\/www.organisator.ch\/wp-content\/uploads\/2024\/02\/Finalist-Prix-SVC-Ostschweiz-2024-Huber-Fenster-AG_Organisator.jpg","width":680,"height":574,"caption":"Die Gesch\u00e4ftsleitung von Huber Fenster AG: Sebastian (CFO), Matthias (COO) und Pascal Huber (CEO). (Bild: Huber Fenster AG \/ www.huberfenster.ch)"},{"@type":"BreadcrumbList","@id":"https:\/\/www.organisator.ch\/allgemein\/2024-02-28\/finalist-prix-svc-ostschweiz-2024-huber-fenster-ag\/#breadcrumb","itemListElement":[{"@type":"ListItem","position":1,"name":"Home","item":"https:\/\/www.organisator.ch\/"},{"@type":"ListItem","position":2,"name":"Finalist Prix SVC Ostschweiz 2024: Huber Fenster AG"}]},{"@type":"WebSite","@id":"https:\/\/www.organisator.ch\/#website","url":"https:\/\/www.organisator.ch\/","name":"Organisator","description":"Kompetent. Praxisnah. Der ORGANISATOR bereitet in 10 Ausgaben pro Jahr die wesentlichen Themen f\u00fcr F\u00fchrungskr\u00e4fte von KMU auf.","publisher":{"@id":"https:\/\/www.organisator.ch\/#organization"},"potentialAction":[{"@type":"SearchAction","target":{"@type":"EntryPoint","urlTemplate":"https:\/\/www.organisator.ch\/?s={search_term_string}"},"query-input":{"@type":"PropertyValueSpecification","valueRequired":true,"valueName":"search_term_string"}}],"inLanguage":"de"},{"@type":"Organization","@id":"https:\/\/www.organisator.ch\/#organization","name":"Organisator","url":"https:\/\/www.organisator.ch\/","logo":{"@type":"ImageObject","inLanguage":"de","@id":"https:\/\/www.organisator.ch\/#\/schema\/logo\/image\/","url":"https:\/\/www.organisator.ch\/wp-content\/uploads\/2022\/01\/Logo_Organisator_Website.png","contentUrl":"https:\/\/www.organisator.ch\/wp-content\/uploads\/2022\/01\/Logo_Organisator_Website.png","width":800,"height":77,"caption":"Organisator"},"image":{"@id":"https:\/\/www.organisator.ch\/#\/schema\/logo\/image\/"},"sameAs":["https:\/\/www.facebook.com\/OrganisatorFachmagazin","https:\/\/www.linkedin.com\/showcase\/organisator-das-magazin-fr-kmu","https:\/\/www.xing.com\/news\/pages\/organisator-ch-695","https:\/\/www.youtube.com\/channel\/UCGP2Sq0iWaZwT3BdIAQFYpw"]},{"@type":"Person","@id":"https:\/\/www.organisator.ch\/#\/schema\/person\/6f650f90b2842cd4c0cc334b4e36f67e","name":"thomas.berner","image":{"@type":"ImageObject","inLanguage":"de","@id":"https:\/\/secure.gravatar.com\/avatar\/ac5001d2a36cb6c6cd3e50789007ffca834b477b74a2144564522e944eabff61?s=96&d=mm&r=g","url":"https:\/\/secure.gravatar.com\/avatar\/ac5001d2a36cb6c6cd3e50789007ffca834b477b74a2144564522e944eabff61?s=96&d=mm&r=g","contentUrl":"https:\/\/secure.gravatar.com\/avatar\/ac5001d2a36cb6c6cd3e50789007ffca834b477b74a2144564522e944eabff61?s=96&d=mm&r=g","caption":"thomas.berner"},"url":"https:\/\/www.organisator.ch\/de\/author\/thomas-berner\/"}]}},"_links":{"self":[{"href":"https:\/\/www.organisator.ch\/de\/wp-json\/wp\/v2\/posts\/25409","targetHints":{"allow":["GET"]}}],"collection":[{"href":"https:\/\/www.organisator.ch\/de\/wp-json\/wp\/v2\/posts"}],"about":[{"href":"https:\/\/www.organisator.ch\/de\/wp-json\/wp\/v2\/types\/post"}],"author":[{"embeddable":true,"href":"https:\/\/www.organisator.ch\/de\/wp-json\/wp\/v2\/users\/4"}],"replies":[{"embeddable":true,"href":"https:\/\/www.organisator.ch\/de\/wp-json\/wp\/v2\/comments?post=25409"}],"version-history":[{"count":14,"href":"https:\/\/www.organisator.ch\/de\/wp-json\/wp\/v2\/posts\/25409\/revisions"}],"predecessor-version":[{"id":25600,"href":"https:\/\/www.organisator.ch\/de\/wp-json\/wp\/v2\/posts\/25409\/revisions\/25600"}],"wp:featuredmedia":[{"embeddable":true,"href":"https:\/\/www.organisator.ch\/de\/wp-json\/wp\/v2\/media\/25410"}],"wp:attachment":[{"href":"https:\/\/www.organisator.ch\/de\/wp-json\/wp\/v2\/media?parent=25409"}],"wp:term":[{"taxonomy":"category","embeddable":true,"href":"https:\/\/www.organisator.ch\/de\/wp-json\/wp\/v2\/categories?post=25409"},{"taxonomy":"post_tag","embeddable":true,"href":"https:\/\/www.organisator.ch\/de\/wp-json\/wp\/v2\/tags?post=25409"}],"curies":[{"name":"wp","href":"https:\/\/api.w.org\/{rel}","templated":true}]}}