{"id":25459,"date":"2024-03-04T13:45:11","date_gmt":"2024-03-04T12:45:11","guid":{"rendered":"https:\/\/www.organisator.ch\/?p=25459"},"modified":"2024-03-04T10:50:05","modified_gmt":"2024-03-04T09:50:05","slug":"finalist-prix-svc-ostschweiz-2024-zindel-united","status":"publish","type":"post","link":"https:\/\/www.organisator.ch\/de\/allgemein\/2024-03-04\/finalist-prix-svc-ostschweiz-2024-zindel-united\/","title":{"rendered":"Finalist Prix SVC Ostschweiz 2024: Zindel United"},"content":{"rendered":"<figure id=\"attachment_25460\" aria-describedby=\"caption-attachment-25460\" style=\"width: 680px\" class=\"wp-caption alignnone\"><img loading=\"lazy\" decoding=\"async\" class=\"size-full wp-image-25460\" src=\"https:\/\/www.organisator.ch\/wp-content\/uploads\/2024\/02\/Finalist-Prix-SVC-Ostschweiz-2024-Zindel-United_Organisator.jpg\" alt=\"\" width=\"680\" height=\"356\" srcset=\"https:\/\/www.organisator.ch\/wp-content\/uploads\/2024\/02\/Finalist-Prix-SVC-Ostschweiz-2024-Zindel-United_Organisator.jpg 680w, https:\/\/www.organisator.ch\/wp-content\/uploads\/2024\/02\/Finalist-Prix-SVC-Ostschweiz-2024-Zindel-United_Organisator-18x9.jpg 18w, https:\/\/www.organisator.ch\/wp-content\/uploads\/2024\/02\/Finalist-Prix-SVC-Ostschweiz-2024-Zindel-United_Organisator-375x196.jpg 375w, https:\/\/www.organisator.ch\/wp-content\/uploads\/2024\/02\/Finalist-Prix-SVC-Ostschweiz-2024-Zindel-United_Organisator-669x350.jpg 669w\" sizes=\"auto, (max-width: 680px) 100vw, 680px\" \/><figcaption id=\"caption-attachment-25460\" class=\"wp-caption-text\">Ebenfalls im Final f\u00fcr den Prix SVC Ostschweiz: Zindel United aus Maienfeld GR (Bild: Screenshot www.zindel-united.swiss)<\/figcaption><\/figure>\n<p>Gestalten, bauen, leben: So lautet der Dreiklang des familiengef\u00fchrten Bauunternehmens Zindel United aus Maienfeld. Mit Andreas Zindel steht nun schon die achte Generation an der Spitze der Firma, die jeden Abschnitt im Lebenszyklus eines Baus bedient. Dieser beginnt bei einer Idee, geht \u00fcber die Finanzierung und Planung, den R\u00fcckbau oder Sanierung bestehender Bauten bis hin zum Neubau sowie dessen Unterhalt.<\/p>\n<h3><strong>\u00dcber 200-j\u00e4hrige Geschichte<\/strong><\/h3>\n<p>Die \u00fcber 210-j\u00e4hrige Geschichte geht zur\u00fcck auf Maurermeister Johann Ulrich Zindel. Dieser machte sich im Jahr 1808 selbst\u00e4ndig. In den Anf\u00e4ngen der Firma bildete aber immer auch noch die Landwirtschaft einen wichtigen Bestandteil der T\u00e4tigkeiten. Das schloss aber ein starkes Wachstum nicht aus: 1866, in der vierten Generation, soll Zindel bereits eine stattliche Firma gewesen sein, wie der Unternehmensgeschichte zu entnehmen ist. In den 1920er-Jahren schliesslich entwickelte sich Zindel zu einem reinen Bauunternehmen, der landwirtschaftliche Teil wurde aufgegeben. Zu den Auftraggebern geh\u00f6rte auch der Bund, der w\u00e4hrend des Zweiten Weltkriegs im Raum Sargans grosse Festungswerke erstellen liess. Zum weiteren Wachstum des Familienunternehmens bei trugen auch die Inbetriebnahme und \u00dcbernahme verschiedener Kies- und Betonwerke. Auch in den 1990er-Jahren und nach der Jahrtausendwende kam es zu weiteren Firmenakquisitionen. Diese wurden durch Andreas Zindel-Schnell (7. Generation) zur Zindel United zusammengef\u00fchrt.<\/p>\n<h3><strong>CO2-neutraler Beton<\/strong><\/h3>\n<p>Unter der aktuellen F\u00fchrung durch Andreas Zindel besch\u00e4ftigt das Unternehmen rund 450 Mitarbeitende. Der Hauptstandort in Maienfeld wird durch acht weitere Standorte in Graub\u00fcnden, in Walenstadt und im St. Galler Rheintal erg\u00e4nzt. Zindel United setzt auf innovative, nachhaltige und massgeschneiderte Bau-Dienstleistungen. Aktuell widmet man sich auch dem Thema der CO2-Reduktion, etwa beim Beton. So konnte in Zusammenarbeit mit Partnerfirmen und der Ostschweizer Fachhochschule OST der erste CO2-neutrale Beton der Schweiz entwickelt werden mit der Bezeichnung \u00abKlark\u00bb. Dieser Beton wurde nach Angaben von Zindel United bereits erfolgreich eingesetzt und weise die gleichen Eigenschaften auf, wie herk\u00f6mmlicher Beton, wie es heisst.<\/p>\n<h3><strong>Turm aus dem 3D-Drucker<\/strong><\/h3>\n<p>Innovationsf\u00e4higkeit wird bei Zindel United gross geschrieben. Nicht nur neue Arten von Beton werden entwickelt, sondern auch neue Baumethoden aktiv ausprobiert. So wird in Mulegns ein 29 m hoher Turm komplett durch 3D-Druck erstellt \u2013 die Er\u00f6ffnung ist f\u00fcr 2024 geplant. Und Zindel United beteiligt sich auch aktiv an einem neuen Innovationszentrum \u00abInnoQube Swiss\u00bb in Chur. Dort sollen Startups f\u00fcr innovative, nachhaltige und digitale Ideen gef\u00f6rdert werden. Ebenfalls ab diesem Jahr, 2024, soll dort geforscht, gelebt und gearbeitet werden \u2013 auch hier wieder ganz im Sinne des eingangs erw\u00e4hnten Dreiklangs.<\/p>\n<p><em>Weitere Informationen: <a href=\"https:\/\/www.zindel-united.swiss\/\">https:\/\/www.zindel-united.swiss\/<\/a> \/ <a href=\"http:\/\/www.svc.swiss\">www.svc.swiss<\/a><\/em><\/p>\n<p><em>\u00a0<\/em><\/p>\n<blockquote>\n<h3>Prix SVC Ostschweiz &#8211; die weiteren Finalisten (alphabetisch):<\/h3>\n<ul>\n<li><a href=\"https:\/\/www.organisator.ch\/de\/allgemein\/2024-02-27\/finalist-prix-svc-ostschweiz-2024-emil-egger-gruppe\/\">Emil Egger Gruppe<\/a><\/li>\n<li><a href=\"https:\/\/www.organisator.ch\/de\/allgemein\/2024-02-28\/finalist-prix-svc-ostschweiz-2024-huber-fenster-ag\/\">Huber Fenster AG<\/a><\/li>\n<li><a href=\"https:\/\/www.organisator.ch\/de\/allgemein\/2024-02-29\/finalist-prix-svc-ostschweiz-2024-maerchenhotel-ag\/\">M\u00e4rchenhotel AG<\/a><\/li>\n<li><a href=\"https:\/\/www.organisator.ch\/de\/allgemein\/2024-03-01\/finalist-prix-svc-ostschweiz-2024-nussbaum-matzingen-ag\/\">Nussbaum Matzingen AG<\/a><\/li>\n<\/ul>\n<\/blockquote>\n","protected":false},"excerpt":{"rendered":"<p>Am 7. M\u00e4rz 2024 wird der Prix SVC Ostschweiz 2024 verliehen. Im Final stehen f\u00fcnf Unternehmen, eines davon die Zindel United aus dem b\u00fcndnerischen Maienfeld. Das \u00fcber 200-j\u00e4hrige Unternehmen hier im Kurzportrait.<\/p>\n","protected":false},"author":4,"featured_media":25460,"comment_status":"closed","ping_status":"closed","sticky":false,"template":"","format":"standard","meta":{"_acf_changed":false,"_yoast_wpseo_focuskw":"Zindel United","_yoast_wpseo_metadesc":"Am 7. M\u00e4rz 2024 wird der Prix SVC Ostschweiz 2024 verliehen. Im Final steht auch die Zindel United aus dem b\u00fcndnerischen Maienfeld.","articlekey":"","footnotes":""},"categories":[1],"tags":[66,4117,492],"class_list":["post-25459","post","type-post","status-publish","format-standard","has-post-thumbnail","hentry","category-allgemein","tag-awards","tag-prix-svc-ostschweiz","tag-unternehmen"],"acf":[],"yoast_head":"<!-- This site is optimized with the Yoast SEO plugin v27.5 - https:\/\/yoast.com\/product\/yoast-seo-wordpress\/ -->\n<title>Finalist Prix SVC Ostschweiz 2024: Zindel United - Organisator<\/title>\n<meta name=\"description\" content=\"Am 7. M\u00e4rz 2024 wird der Prix SVC Ostschweiz 2024 verliehen. Im Final steht auch die Zindel United aus dem b\u00fcndnerischen Maienfeld.\" \/>\n<meta name=\"robots\" content=\"index, follow, max-snippet:-1, max-image-preview:large, max-video-preview:-1\" \/>\n<link rel=\"canonical\" href=\"https:\/\/www.organisator.ch\/de\/allgemein\/2024-03-04\/finalist-prix-svc-ostschweiz-2024-zindel-united\/\" \/>\n<meta property=\"og:locale\" content=\"de_DE\" \/>\n<meta property=\"og:type\" content=\"article\" \/>\n<meta property=\"og:title\" content=\"Finalist Prix SVC Ostschweiz 2024: Zindel United\" \/>\n<meta property=\"og:description\" content=\"Am 7. M\u00e4rz 2024 wird der Prix SVC Ostschweiz 2024 verliehen. Im Final steht auch die Zindel United aus dem b\u00fcndnerischen Maienfeld.\" \/>\n<meta property=\"og:url\" content=\"https:\/\/www.organisator.ch\/de\/allgemein\/2024-03-04\/finalist-prix-svc-ostschweiz-2024-zindel-united\/\" \/>\n<meta property=\"og:site_name\" content=\"Organisator\" \/>\n<meta property=\"article:publisher\" content=\"https:\/\/www.facebook.com\/OrganisatorFachmagazin\" \/>\n<meta property=\"article:published_time\" content=\"2024-03-04T12:45:11+00:00\" \/>\n<meta property=\"og:image\" content=\"https:\/\/www.organisator.ch\/wp-content\/uploads\/2024\/02\/Finalist-Prix-SVC-Ostschweiz-2024-Zindel-United_Organisator.jpg\" \/>\n\t<meta property=\"og:image:width\" content=\"680\" \/>\n\t<meta property=\"og:image:height\" content=\"356\" \/>\n\t<meta property=\"og:image:type\" content=\"image\/jpeg\" \/>\n<meta name=\"author\" content=\"thomas.berner\" \/>\n<meta name=\"twitter:card\" content=\"summary_large_image\" \/>\n<meta name=\"twitter:title\" content=\"Finalist Prix #SVC Ostschweiz 2024: #Zindel United\" \/>\n<meta name=\"twitter:description\" content=\"Am 7. M\u00e4rz 2024 wird der Prix #SVC Ostschweiz 2024 verliehen. Im Final steht auch die #Zindel United aus dem b\u00fcndnerischen Maienfeld.\" \/>\n<meta name=\"twitter:image\" content=\"https:\/\/www.organisator.ch\/wp-content\/uploads\/2024\/02\/Finalist-Prix-SVC-Ostschweiz-2024-Zindel-United_Organisator.jpg\" \/>\n<script type=\"application\/ld+json\" class=\"yoast-schema-graph\">{\"@context\":\"https:\\\/\\\/schema.org\",\"@graph\":[{\"@type\":\"Article\",\"@id\":\"https:\\\/\\\/www.organisator.ch\\\/allgemein\\\/2024-03-04\\\/finalist-prix-svc-ostschweiz-2024-zindel-united\\\/#article\",\"isPartOf\":{\"@id\":\"https:\\\/\\\/www.organisator.ch\\\/allgemein\\\/2024-03-04\\\/finalist-prix-svc-ostschweiz-2024-zindel-united\\\/\"},\"author\":{\"name\":\"thomas.berner\",\"@id\":\"https:\\\/\\\/www.organisator.ch\\\/#\\\/schema\\\/person\\\/6f650f90b2842cd4c0cc334b4e36f67e\"},\"headline\":\"Finalist Prix SVC Ostschweiz 2024: Zindel United\",\"datePublished\":\"2024-03-04T12:45:11+00:00\",\"mainEntityOfPage\":{\"@id\":\"https:\\\/\\\/www.organisator.ch\\\/allgemein\\\/2024-03-04\\\/finalist-prix-svc-ostschweiz-2024-zindel-united\\\/\"},\"wordCount\":472,\"publisher\":{\"@id\":\"https:\\\/\\\/www.organisator.ch\\\/#organization\"},\"image\":{\"@id\":\"https:\\\/\\\/www.organisator.ch\\\/allgemein\\\/2024-03-04\\\/finalist-prix-svc-ostschweiz-2024-zindel-united\\\/#primaryimage\"},\"thumbnailUrl\":\"https:\\\/\\\/www.organisator.ch\\\/wp-content\\\/uploads\\\/2024\\\/02\\\/Finalist-Prix-SVC-Ostschweiz-2024-Zindel-United_Organisator.jpg\",\"keywords\":[\"Awards\",\"Prix SVC Ostschweiz\",\"Unternehmen\"],\"inLanguage\":\"de\"},{\"@type\":\"WebPage\",\"@id\":\"https:\\\/\\\/www.organisator.ch\\\/allgemein\\\/2024-03-04\\\/finalist-prix-svc-ostschweiz-2024-zindel-united\\\/\",\"url\":\"https:\\\/\\\/www.organisator.ch\\\/allgemein\\\/2024-03-04\\\/finalist-prix-svc-ostschweiz-2024-zindel-united\\\/\",\"name\":\"Finalist Prix SVC Ostschweiz 2024: Zindel United - Organisator\",\"isPartOf\":{\"@id\":\"https:\\\/\\\/www.organisator.ch\\\/#website\"},\"primaryImageOfPage\":{\"@id\":\"https:\\\/\\\/www.organisator.ch\\\/allgemein\\\/2024-03-04\\\/finalist-prix-svc-ostschweiz-2024-zindel-united\\\/#primaryimage\"},\"image\":{\"@id\":\"https:\\\/\\\/www.organisator.ch\\\/allgemein\\\/2024-03-04\\\/finalist-prix-svc-ostschweiz-2024-zindel-united\\\/#primaryimage\"},\"thumbnailUrl\":\"https:\\\/\\\/www.organisator.ch\\\/wp-content\\\/uploads\\\/2024\\\/02\\\/Finalist-Prix-SVC-Ostschweiz-2024-Zindel-United_Organisator.jpg\",\"datePublished\":\"2024-03-04T12:45:11+00:00\",\"description\":\"Am 7. M\u00e4rz 2024 wird der Prix SVC Ostschweiz 2024 verliehen. Im Final steht auch die Zindel United aus dem b\u00fcndnerischen Maienfeld.\",\"breadcrumb\":{\"@id\":\"https:\\\/\\\/www.organisator.ch\\\/allgemein\\\/2024-03-04\\\/finalist-prix-svc-ostschweiz-2024-zindel-united\\\/#breadcrumb\"},\"inLanguage\":\"de\",\"potentialAction\":[{\"@type\":\"ReadAction\",\"target\":[\"https:\\\/\\\/www.organisator.ch\\\/allgemein\\\/2024-03-04\\\/finalist-prix-svc-ostschweiz-2024-zindel-united\\\/\"]}]},{\"@type\":\"ImageObject\",\"inLanguage\":\"de\",\"@id\":\"https:\\\/\\\/www.organisator.ch\\\/allgemein\\\/2024-03-04\\\/finalist-prix-svc-ostschweiz-2024-zindel-united\\\/#primaryimage\",\"url\":\"https:\\\/\\\/www.organisator.ch\\\/wp-content\\\/uploads\\\/2024\\\/02\\\/Finalist-Prix-SVC-Ostschweiz-2024-Zindel-United_Organisator.jpg\",\"contentUrl\":\"https:\\\/\\\/www.organisator.ch\\\/wp-content\\\/uploads\\\/2024\\\/02\\\/Finalist-Prix-SVC-Ostschweiz-2024-Zindel-United_Organisator.jpg\",\"width\":680,\"height\":356,\"caption\":\"Ebenfalls im Final f\u00fcr den Prix SVC Ostschweiz: Zindel United aus Maienfeld GR (Bild: Screenshot www.zindel-united.swiss)\"},{\"@type\":\"BreadcrumbList\",\"@id\":\"https:\\\/\\\/www.organisator.ch\\\/allgemein\\\/2024-03-04\\\/finalist-prix-svc-ostschweiz-2024-zindel-united\\\/#breadcrumb\",\"itemListElement\":[{\"@type\":\"ListItem\",\"position\":1,\"name\":\"Home\",\"item\":\"https:\\\/\\\/www.organisator.ch\\\/\"},{\"@type\":\"ListItem\",\"position\":2,\"name\":\"Finalist Prix SVC Ostschweiz 2024: Zindel United\"}]},{\"@type\":\"WebSite\",\"@id\":\"https:\\\/\\\/www.organisator.ch\\\/#website\",\"url\":\"https:\\\/\\\/www.organisator.ch\\\/\",\"name\":\"Organisator\",\"description\":\"Kompetent. Praxisnah. Der ORGANISATOR bereitet in 10 Ausgaben pro Jahr die wesentlichen Themen f\u00fcr F\u00fchrungskr\u00e4fte von KMU auf.\",\"publisher\":{\"@id\":\"https:\\\/\\\/www.organisator.ch\\\/#organization\"},\"potentialAction\":[{\"@type\":\"SearchAction\",\"target\":{\"@type\":\"EntryPoint\",\"urlTemplate\":\"https:\\\/\\\/www.organisator.ch\\\/?s={search_term_string}\"},\"query-input\":{\"@type\":\"PropertyValueSpecification\",\"valueRequired\":true,\"valueName\":\"search_term_string\"}}],\"inLanguage\":\"de\"},{\"@type\":\"Organization\",\"@id\":\"https:\\\/\\\/www.organisator.ch\\\/#organization\",\"name\":\"Organisator\",\"url\":\"https:\\\/\\\/www.organisator.ch\\\/\",\"logo\":{\"@type\":\"ImageObject\",\"inLanguage\":\"de\",\"@id\":\"https:\\\/\\\/www.organisator.ch\\\/#\\\/schema\\\/logo\\\/image\\\/\",\"url\":\"https:\\\/\\\/www.organisator.ch\\\/wp-content\\\/uploads\\\/2022\\\/01\\\/Logo_Organisator_Website.png\",\"contentUrl\":\"https:\\\/\\\/www.organisator.ch\\\/wp-content\\\/uploads\\\/2022\\\/01\\\/Logo_Organisator_Website.png\",\"width\":800,\"height\":77,\"caption\":\"Organisator\"},\"image\":{\"@id\":\"https:\\\/\\\/www.organisator.ch\\\/#\\\/schema\\\/logo\\\/image\\\/\"},\"sameAs\":[\"https:\\\/\\\/www.facebook.com\\\/OrganisatorFachmagazin\",\"https:\\\/\\\/www.linkedin.com\\\/showcase\\\/organisator-das-magazin-fr-kmu\",\"https:\\\/\\\/www.xing.com\\\/news\\\/pages\\\/organisator-ch-695\",\"https:\\\/\\\/www.youtube.com\\\/channel\\\/UCGP2Sq0iWaZwT3BdIAQFYpw\"]},{\"@type\":\"Person\",\"@id\":\"https:\\\/\\\/www.organisator.ch\\\/#\\\/schema\\\/person\\\/6f650f90b2842cd4c0cc334b4e36f67e\",\"name\":\"thomas.berner\",\"image\":{\"@type\":\"ImageObject\",\"inLanguage\":\"de\",\"@id\":\"https:\\\/\\\/secure.gravatar.com\\\/avatar\\\/ac5001d2a36cb6c6cd3e50789007ffca834b477b74a2144564522e944eabff61?s=96&d=mm&r=g\",\"url\":\"https:\\\/\\\/secure.gravatar.com\\\/avatar\\\/ac5001d2a36cb6c6cd3e50789007ffca834b477b74a2144564522e944eabff61?s=96&d=mm&r=g\",\"contentUrl\":\"https:\\\/\\\/secure.gravatar.com\\\/avatar\\\/ac5001d2a36cb6c6cd3e50789007ffca834b477b74a2144564522e944eabff61?s=96&d=mm&r=g\",\"caption\":\"thomas.berner\"},\"url\":\"https:\\\/\\\/www.organisator.ch\\\/de\\\/author\\\/thomas-berner\\\/\"}]}<\/script>\n<!-- \/ Yoast SEO plugin. -->","yoast_head_json":{"title":"Finalist Prix SVC Ostschweiz 2024: Zindel United - Organisator","description":"Am 7. M\u00e4rz 2024 wird der Prix SVC Ostschweiz 2024 verliehen. Im Final steht auch die Zindel United aus dem b\u00fcndnerischen Maienfeld.","robots":{"index":"index","follow":"follow","max-snippet":"max-snippet:-1","max-image-preview":"max-image-preview:large","max-video-preview":"max-video-preview:-1"},"canonical":"https:\/\/www.organisator.ch\/de\/allgemein\/2024-03-04\/finalist-prix-svc-ostschweiz-2024-zindel-united\/","og_locale":"de_DE","og_type":"article","og_title":"Finalist Prix SVC Ostschweiz 2024: Zindel United","og_description":"Am 7. M\u00e4rz 2024 wird der Prix SVC Ostschweiz 2024 verliehen. Im Final steht auch die Zindel United aus dem b\u00fcndnerischen Maienfeld.","og_url":"https:\/\/www.organisator.ch\/de\/allgemein\/2024-03-04\/finalist-prix-svc-ostschweiz-2024-zindel-united\/","og_site_name":"Organisator","article_publisher":"https:\/\/www.facebook.com\/OrganisatorFachmagazin","article_published_time":"2024-03-04T12:45:11+00:00","og_image":[{"width":680,"height":356,"url":"https:\/\/www.organisator.ch\/wp-content\/uploads\/2024\/02\/Finalist-Prix-SVC-Ostschweiz-2024-Zindel-United_Organisator.jpg","type":"image\/jpeg"}],"author":"thomas.berner","twitter_card":"summary_large_image","twitter_title":"Finalist Prix #SVC Ostschweiz 2024: #Zindel United","twitter_description":"Am 7. M\u00e4rz 2024 wird der Prix #SVC Ostschweiz 2024 verliehen. Im Final steht auch die #Zindel United aus dem b\u00fcndnerischen Maienfeld.","twitter_image":"https:\/\/www.organisator.ch\/wp-content\/uploads\/2024\/02\/Finalist-Prix-SVC-Ostschweiz-2024-Zindel-United_Organisator.jpg","schema":{"@context":"https:\/\/schema.org","@graph":[{"@type":"Article","@id":"https:\/\/www.organisator.ch\/allgemein\/2024-03-04\/finalist-prix-svc-ostschweiz-2024-zindel-united\/#article","isPartOf":{"@id":"https:\/\/www.organisator.ch\/allgemein\/2024-03-04\/finalist-prix-svc-ostschweiz-2024-zindel-united\/"},"author":{"name":"thomas.berner","@id":"https:\/\/www.organisator.ch\/#\/schema\/person\/6f650f90b2842cd4c0cc334b4e36f67e"},"headline":"Finalist Prix SVC Ostschweiz 2024: Zindel United","datePublished":"2024-03-04T12:45:11+00:00","mainEntityOfPage":{"@id":"https:\/\/www.organisator.ch\/allgemein\/2024-03-04\/finalist-prix-svc-ostschweiz-2024-zindel-united\/"},"wordCount":472,"publisher":{"@id":"https:\/\/www.organisator.ch\/#organization"},"image":{"@id":"https:\/\/www.organisator.ch\/allgemein\/2024-03-04\/finalist-prix-svc-ostschweiz-2024-zindel-united\/#primaryimage"},"thumbnailUrl":"https:\/\/www.organisator.ch\/wp-content\/uploads\/2024\/02\/Finalist-Prix-SVC-Ostschweiz-2024-Zindel-United_Organisator.jpg","keywords":["Awards","Prix SVC Ostschweiz","Unternehmen"],"inLanguage":"de"},{"@type":"WebPage","@id":"https:\/\/www.organisator.ch\/allgemein\/2024-03-04\/finalist-prix-svc-ostschweiz-2024-zindel-united\/","url":"https:\/\/www.organisator.ch\/allgemein\/2024-03-04\/finalist-prix-svc-ostschweiz-2024-zindel-united\/","name":"Finalist Prix SVC Ostschweiz 2024: Zindel United - Organisator","isPartOf":{"@id":"https:\/\/www.organisator.ch\/#website"},"primaryImageOfPage":{"@id":"https:\/\/www.organisator.ch\/allgemein\/2024-03-04\/finalist-prix-svc-ostschweiz-2024-zindel-united\/#primaryimage"},"image":{"@id":"https:\/\/www.organisator.ch\/allgemein\/2024-03-04\/finalist-prix-svc-ostschweiz-2024-zindel-united\/#primaryimage"},"thumbnailUrl":"https:\/\/www.organisator.ch\/wp-content\/uploads\/2024\/02\/Finalist-Prix-SVC-Ostschweiz-2024-Zindel-United_Organisator.jpg","datePublished":"2024-03-04T12:45:11+00:00","description":"Am 7. M\u00e4rz 2024 wird der Prix SVC Ostschweiz 2024 verliehen. Im Final steht auch die Zindel United aus dem b\u00fcndnerischen Maienfeld.","breadcrumb":{"@id":"https:\/\/www.organisator.ch\/allgemein\/2024-03-04\/finalist-prix-svc-ostschweiz-2024-zindel-united\/#breadcrumb"},"inLanguage":"de","potentialAction":[{"@type":"ReadAction","target":["https:\/\/www.organisator.ch\/allgemein\/2024-03-04\/finalist-prix-svc-ostschweiz-2024-zindel-united\/"]}]},{"@type":"ImageObject","inLanguage":"de","@id":"https:\/\/www.organisator.ch\/allgemein\/2024-03-04\/finalist-prix-svc-ostschweiz-2024-zindel-united\/#primaryimage","url":"https:\/\/www.organisator.ch\/wp-content\/uploads\/2024\/02\/Finalist-Prix-SVC-Ostschweiz-2024-Zindel-United_Organisator.jpg","contentUrl":"https:\/\/www.organisator.ch\/wp-content\/uploads\/2024\/02\/Finalist-Prix-SVC-Ostschweiz-2024-Zindel-United_Organisator.jpg","width":680,"height":356,"caption":"Ebenfalls im Final f\u00fcr den Prix SVC Ostschweiz: Zindel United aus Maienfeld GR (Bild: Screenshot www.zindel-united.swiss)"},{"@type":"BreadcrumbList","@id":"https:\/\/www.organisator.ch\/allgemein\/2024-03-04\/finalist-prix-svc-ostschweiz-2024-zindel-united\/#breadcrumb","itemListElement":[{"@type":"ListItem","position":1,"name":"Home","item":"https:\/\/www.organisator.ch\/"},{"@type":"ListItem","position":2,"name":"Finalist Prix SVC Ostschweiz 2024: Zindel United"}]},{"@type":"WebSite","@id":"https:\/\/www.organisator.ch\/#website","url":"https:\/\/www.organisator.ch\/","name":"Organisator","description":"Kompetent. Praxisnah. Der ORGANISATOR bereitet in 10 Ausgaben pro Jahr die wesentlichen Themen f\u00fcr F\u00fchrungskr\u00e4fte von KMU auf.","publisher":{"@id":"https:\/\/www.organisator.ch\/#organization"},"potentialAction":[{"@type":"SearchAction","target":{"@type":"EntryPoint","urlTemplate":"https:\/\/www.organisator.ch\/?s={search_term_string}"},"query-input":{"@type":"PropertyValueSpecification","valueRequired":true,"valueName":"search_term_string"}}],"inLanguage":"de"},{"@type":"Organization","@id":"https:\/\/www.organisator.ch\/#organization","name":"Organisator","url":"https:\/\/www.organisator.ch\/","logo":{"@type":"ImageObject","inLanguage":"de","@id":"https:\/\/www.organisator.ch\/#\/schema\/logo\/image\/","url":"https:\/\/www.organisator.ch\/wp-content\/uploads\/2022\/01\/Logo_Organisator_Website.png","contentUrl":"https:\/\/www.organisator.ch\/wp-content\/uploads\/2022\/01\/Logo_Organisator_Website.png","width":800,"height":77,"caption":"Organisator"},"image":{"@id":"https:\/\/www.organisator.ch\/#\/schema\/logo\/image\/"},"sameAs":["https:\/\/www.facebook.com\/OrganisatorFachmagazin","https:\/\/www.linkedin.com\/showcase\/organisator-das-magazin-fr-kmu","https:\/\/www.xing.com\/news\/pages\/organisator-ch-695","https:\/\/www.youtube.com\/channel\/UCGP2Sq0iWaZwT3BdIAQFYpw"]},{"@type":"Person","@id":"https:\/\/www.organisator.ch\/#\/schema\/person\/6f650f90b2842cd4c0cc334b4e36f67e","name":"thomas.berner","image":{"@type":"ImageObject","inLanguage":"de","@id":"https:\/\/secure.gravatar.com\/avatar\/ac5001d2a36cb6c6cd3e50789007ffca834b477b74a2144564522e944eabff61?s=96&d=mm&r=g","url":"https:\/\/secure.gravatar.com\/avatar\/ac5001d2a36cb6c6cd3e50789007ffca834b477b74a2144564522e944eabff61?s=96&d=mm&r=g","contentUrl":"https:\/\/secure.gravatar.com\/avatar\/ac5001d2a36cb6c6cd3e50789007ffca834b477b74a2144564522e944eabff61?s=96&d=mm&r=g","caption":"thomas.berner"},"url":"https:\/\/www.organisator.ch\/de\/author\/thomas-berner\/"}]}},"_links":{"self":[{"href":"https:\/\/www.organisator.ch\/de\/wp-json\/wp\/v2\/posts\/25459","targetHints":{"allow":["GET"]}}],"collection":[{"href":"https:\/\/www.organisator.ch\/de\/wp-json\/wp\/v2\/posts"}],"about":[{"href":"https:\/\/www.organisator.ch\/de\/wp-json\/wp\/v2\/types\/post"}],"author":[{"embeddable":true,"href":"https:\/\/www.organisator.ch\/de\/wp-json\/wp\/v2\/users\/4"}],"replies":[{"embeddable":true,"href":"https:\/\/www.organisator.ch\/de\/wp-json\/wp\/v2\/comments?post=25459"}],"version-history":[{"count":5,"href":"https:\/\/www.organisator.ch\/de\/wp-json\/wp\/v2\/posts\/25459\/revisions"}],"predecessor-version":[{"id":25619,"href":"https:\/\/www.organisator.ch\/de\/wp-json\/wp\/v2\/posts\/25459\/revisions\/25619"}],"wp:featuredmedia":[{"embeddable":true,"href":"https:\/\/www.organisator.ch\/de\/wp-json\/wp\/v2\/media\/25460"}],"wp:attachment":[{"href":"https:\/\/www.organisator.ch\/de\/wp-json\/wp\/v2\/media?parent=25459"}],"wp:term":[{"taxonomy":"category","embeddable":true,"href":"https:\/\/www.organisator.ch\/de\/wp-json\/wp\/v2\/categories?post=25459"},{"taxonomy":"post_tag","embeddable":true,"href":"https:\/\/www.organisator.ch\/de\/wp-json\/wp\/v2\/tags?post=25459"}],"curies":[{"name":"wp","href":"https:\/\/api.w.org\/{rel}","templated":true}]}}