{"id":25480,"date":"2024-02-28T16:21:35","date_gmt":"2024-02-28T15:21:35","guid":{"rendered":"https:\/\/www.organisator.ch\/?p=25480"},"modified":"2024-02-28T16:21:35","modified_gmt":"2024-02-28T15:21:35","slug":"volaris-erwirbt-die-zeit-ag","status":"publish","type":"post","link":"https:\/\/www.organisator.ch\/de\/management\/2024-02-28\/volaris-erwirbt-die-zeit-ag\/","title":{"rendered":"Volaris erwirbt die Zeit AG"},"content":{"rendered":"<figure id=\"attachment_25481\" aria-describedby=\"caption-attachment-25481\" style=\"width: 680px\" class=\"wp-caption alignnone\"><img loading=\"lazy\" decoding=\"async\" class=\"wp-image-25481 size-full\" src=\"https:\/\/www.organisator.ch\/wp-content\/uploads\/2024\/02\/Zeit-AG_Bild1_ps.jpg\" alt=\"\" width=\"680\" height=\"510\" srcset=\"https:\/\/www.organisator.ch\/wp-content\/uploads\/2024\/02\/Zeit-AG_Bild1_ps.jpg 680w, https:\/\/www.organisator.ch\/wp-content\/uploads\/2024\/02\/Zeit-AG_Bild1_ps-16x12.jpg 16w, https:\/\/www.organisator.ch\/wp-content\/uploads\/2024\/02\/Zeit-AG_Bild1_ps-375x281.jpg 375w, https:\/\/www.organisator.ch\/wp-content\/uploads\/2024\/02\/Zeit-AG_Bild1_ps-467x350.jpg 467w\" sizes=\"auto, (max-width: 680px) 100vw, 680px\" \/><figcaption id=\"caption-attachment-25481\" class=\"wp-caption-text\">Die Volaris Group hat die \u00dcbernahme der Zeit AG bekannt gegeben. (Bild: www.volarisgroup.com)<\/figcaption><\/figure>\n<p>Die Technologie von Zeit AG unterst\u00fctzt die Kunden bei der Zeiterfassung f\u00fcr Mitarbeiter und Projekte, bei der Personal- und Schichtplanung sowie beim Anwesenheitsmanagement. Die L\u00f6sungen, die als SaaS- oder On-Premise-Modell erh\u00e4ltlich sind, zeichnen sich durch ihre Anpassungsf\u00e4higkeit und weitreichende Funktionalit\u00e4t aus. Zu den Vorzeigeprodukten geh\u00f6ren ProLine und Bridge4ERP, die das Unternehmen seit langem zu einem f\u00fchrenden Anbieter im Bereich der Zeiterfassungstechnologie gemacht haben.\u00a0<\/p>\n<p>Die Zeit AG wurde 1994 mit Hauptsitz in Sursee wurde von Ivo Muri gegr\u00fcndet. <a href=\"https:\/\/www.organisator.ch\/de\/management\/2018-02-12\/ivo-muri-verkauft-seine-zeit-ag-an-stefan-hermann\/\">2018 verkaufte er sein Unternehmen an die Base-Net-Gruppe von Stefan Herrmann<\/a>, der nun seinerseits das Unternehmen an die kanadische Volaris-Gruppe ver\u00e4ussert.<\/p>\n<p>Alice Luo, Chief Strategy Officer der Volaris Group, kommentiert die \u00dcbernahme wie folgt: \u201eIch freue mich darauf, mit der Zeit AG zusammenzuarbeiten, um ihren Kunden weiterhin einen Mehrwert zu bieten und ihre Mission zu unterst\u00fctzen, neue Innovationen im Bereich Zeiterfassung und Workforce Management zu entwickeln. Die Best Practices sowie die Fort- und Weiterbildungen von Volaris tragen dazu bei, die Zeit AG f\u00fcr Erfolg und Wachstum zu positionieren.\u201c<\/p>\n<p>Stefan M\u00fcller, CEO der Zeit AG, sagte: \u201eUnsere modulare Zeiterfassungsl\u00f6sung ist so konzipiert, dass sie alle Herausforderungen des Workforce Managements\u00a0aus\u00a0einer Hand abdeckt, und steht f\u00fcr unser Engagement f\u00fcr Innovation und Kundenzufriedenheit. Die Volaris Group kauft und beh\u00e4lt die erworbenen Unternehmen \u2013 das bedeutet, dass unsere Kunden auf ein stabiles Zuhause f\u00fcr unser Team und unsere Technologie vertrauen k\u00f6nnen.\u201c<\/p>\n<p>Die Zeit AG wird unter der Leitung von Stefan M\u00fcller und dem F\u00fchrungsteam der Zeit AG weiterhin eigenst\u00e4ndig agieren.<\/p>\n<p><em>Quelle: <a href=\"http:\/\/www.volarisgroup.com\">www.volarisgroup.com<\/a><\/em><\/p>\n","protected":false},"excerpt":{"rendered":"<p>Die Volaris Group, nach eigener Darstellung, international f\u00fchrender Softwareanbieter f\u00fcr vertikale M\u00e4rkte, hat die \u00dcbernahme der Zeit AG bekannt gegeben, einem Anbieter von Zeiterfassungsl\u00f6sungen, die auf die Bed\u00fcrfnisse komplexer europ\u00e4ischer Unternehmen zugeschnitten sind.<\/p>\n","protected":false},"author":58,"featured_media":25481,"comment_status":"closed","ping_status":"closed","sticky":false,"template":"","format":"standard","meta":{"_acf_changed":false,"_yoast_wpseo_focuskw":"Zeit AG","_yoast_wpseo_metadesc":"Die Volaris Group hat die \u00dcbernahme der Zeit AG bekannt gegeben, einem Anbieter von Zeiterfassungsl\u00f6sungen.","articlekey":"","footnotes":""},"categories":[28],"tags":[334,335,2343,492],"class_list":["post-25480","post","type-post","status-publish","format-standard","has-post-thumbnail","hentry","category-management","tag-management","tag-management-und-unternehmensfuehrung","tag-uebernahme","tag-unternehmen"],"acf":[],"yoast_head":"<!-- This site is optimized with the Yoast SEO plugin v27.5 - https:\/\/yoast.com\/product\/yoast-seo-wordpress\/ -->\n<title>Volaris erwirbt die Zeit AG - Organisator<\/title>\n<meta name=\"description\" content=\"Die Volaris Group hat die \u00dcbernahme der Zeit AG bekannt gegeben, einem Anbieter von Zeiterfassungsl\u00f6sungen.\" \/>\n<meta name=\"robots\" content=\"index, follow, max-snippet:-1, max-image-preview:large, max-video-preview:-1\" \/>\n<link rel=\"canonical\" href=\"https:\/\/www.organisator.ch\/de\/management\/2024-02-28\/volaris-erwirbt-die-zeit-ag\/\" \/>\n<meta property=\"og:locale\" content=\"de_DE\" \/>\n<meta property=\"og:type\" content=\"article\" \/>\n<meta property=\"og:title\" content=\"Volaris erwirbt die Zeit AG\" \/>\n<meta property=\"og:description\" content=\"Die Volaris Group hat die \u00dcbernahme der Zeit AG bekannt gegeben, einem Anbieter von Zeiterfassungsl\u00f6sungen.\" \/>\n<meta property=\"og:url\" content=\"https:\/\/www.organisator.ch\/de\/management\/2024-02-28\/volaris-erwirbt-die-zeit-ag\/\" \/>\n<meta property=\"og:site_name\" content=\"Organisator\" \/>\n<meta property=\"article:publisher\" content=\"https:\/\/www.facebook.com\/OrganisatorFachmagazin\" \/>\n<meta property=\"article:published_time\" content=\"2024-02-28T15:21:35+00:00\" \/>\n<meta property=\"og:image\" content=\"https:\/\/www.organisator.ch\/wp-content\/uploads\/2024\/02\/Zeit-AG_Bild1_ps.jpg\" \/>\n\t<meta property=\"og:image:width\" content=\"680\" \/>\n\t<meta property=\"og:image:height\" content=\"510\" \/>\n\t<meta property=\"og:image:type\" content=\"image\/jpeg\" \/>\n<meta name=\"author\" content=\"Adelisa Kalajdzini\" \/>\n<meta name=\"twitter:card\" content=\"summary_large_image\" \/>\n<meta name=\"twitter:title\" content=\"Volaris erwirbt die Zeit AG\" \/>\n<meta name=\"twitter:description\" content=\"Die #Volaris #Group hat die #\u00dcbernahme der #Zeit #AG bekannt gegeben, einem Anbieter von Zeiterfassungsl\u00f6sungen.\" \/>\n<meta name=\"twitter:image\" content=\"https:\/\/www.organisator.ch\/wp-content\/uploads\/2024\/02\/Zeit-AG_Bild1_ps.jpg\" \/>\n<script type=\"application\/ld+json\" class=\"yoast-schema-graph\">{\"@context\":\"https:\\\/\\\/schema.org\",\"@graph\":[{\"@type\":\"Article\",\"@id\":\"https:\\\/\\\/www.organisator.ch\\\/management\\\/2024-02-28\\\/volaris-erwirbt-die-zeit-ag\\\/#article\",\"isPartOf\":{\"@id\":\"https:\\\/\\\/www.organisator.ch\\\/management\\\/2024-02-28\\\/volaris-erwirbt-die-zeit-ag\\\/\"},\"author\":{\"name\":\"Adelisa Kalajdzini\",\"@id\":\"https:\\\/\\\/www.organisator.ch\\\/#\\\/schema\\\/person\\\/2e1314a2172123f874db408d8911d3f3\"},\"headline\":\"Volaris erwirbt die Zeit AG\",\"datePublished\":\"2024-02-28T15:21:35+00:00\",\"mainEntityOfPage\":{\"@id\":\"https:\\\/\\\/www.organisator.ch\\\/management\\\/2024-02-28\\\/volaris-erwirbt-die-zeit-ag\\\/\"},\"wordCount\":295,\"publisher\":{\"@id\":\"https:\\\/\\\/www.organisator.ch\\\/#organization\"},\"image\":{\"@id\":\"https:\\\/\\\/www.organisator.ch\\\/management\\\/2024-02-28\\\/volaris-erwirbt-die-zeit-ag\\\/#primaryimage\"},\"thumbnailUrl\":\"https:\\\/\\\/www.organisator.ch\\\/wp-content\\\/uploads\\\/2024\\\/02\\\/Zeit-AG_Bild1_ps.jpg\",\"keywords\":[\"Management\",\"Management und Unternehmensf\u00fchrung\",\"\u00dcbernahme\",\"Unternehmen\"],\"articleSection\":[\"MANAGEMENT\"],\"inLanguage\":\"de\"},{\"@type\":\"WebPage\",\"@id\":\"https:\\\/\\\/www.organisator.ch\\\/management\\\/2024-02-28\\\/volaris-erwirbt-die-zeit-ag\\\/\",\"url\":\"https:\\\/\\\/www.organisator.ch\\\/management\\\/2024-02-28\\\/volaris-erwirbt-die-zeit-ag\\\/\",\"name\":\"Volaris erwirbt die Zeit AG - Organisator\",\"isPartOf\":{\"@id\":\"https:\\\/\\\/www.organisator.ch\\\/#website\"},\"primaryImageOfPage\":{\"@id\":\"https:\\\/\\\/www.organisator.ch\\\/management\\\/2024-02-28\\\/volaris-erwirbt-die-zeit-ag\\\/#primaryimage\"},\"image\":{\"@id\":\"https:\\\/\\\/www.organisator.ch\\\/management\\\/2024-02-28\\\/volaris-erwirbt-die-zeit-ag\\\/#primaryimage\"},\"thumbnailUrl\":\"https:\\\/\\\/www.organisator.ch\\\/wp-content\\\/uploads\\\/2024\\\/02\\\/Zeit-AG_Bild1_ps.jpg\",\"datePublished\":\"2024-02-28T15:21:35+00:00\",\"description\":\"Die Volaris Group hat die \u00dcbernahme der Zeit AG bekannt gegeben, einem Anbieter von Zeiterfassungsl\u00f6sungen.\",\"breadcrumb\":{\"@id\":\"https:\\\/\\\/www.organisator.ch\\\/management\\\/2024-02-28\\\/volaris-erwirbt-die-zeit-ag\\\/#breadcrumb\"},\"inLanguage\":\"de\",\"potentialAction\":[{\"@type\":\"ReadAction\",\"target\":[\"https:\\\/\\\/www.organisator.ch\\\/management\\\/2024-02-28\\\/volaris-erwirbt-die-zeit-ag\\\/\"]}]},{\"@type\":\"ImageObject\",\"inLanguage\":\"de\",\"@id\":\"https:\\\/\\\/www.organisator.ch\\\/management\\\/2024-02-28\\\/volaris-erwirbt-die-zeit-ag\\\/#primaryimage\",\"url\":\"https:\\\/\\\/www.organisator.ch\\\/wp-content\\\/uploads\\\/2024\\\/02\\\/Zeit-AG_Bild1_ps.jpg\",\"contentUrl\":\"https:\\\/\\\/www.organisator.ch\\\/wp-content\\\/uploads\\\/2024\\\/02\\\/Zeit-AG_Bild1_ps.jpg\",\"width\":680,\"height\":510,\"caption\":\": Die Volaris Group hat die \u00dcbernahme der Zeit AG bekannt gegeben. (Bild: www.volarisgroup.com)\"},{\"@type\":\"BreadcrumbList\",\"@id\":\"https:\\\/\\\/www.organisator.ch\\\/management\\\/2024-02-28\\\/volaris-erwirbt-die-zeit-ag\\\/#breadcrumb\",\"itemListElement\":[{\"@type\":\"ListItem\",\"position\":1,\"name\":\"Home\",\"item\":\"https:\\\/\\\/www.organisator.ch\\\/\"},{\"@type\":\"ListItem\",\"position\":2,\"name\":\"Volaris erwirbt die Zeit AG\"}]},{\"@type\":\"WebSite\",\"@id\":\"https:\\\/\\\/www.organisator.ch\\\/#website\",\"url\":\"https:\\\/\\\/www.organisator.ch\\\/\",\"name\":\"Organisator\",\"description\":\"Kompetent. Praxisnah. Der ORGANISATOR bereitet in 10 Ausgaben pro Jahr die wesentlichen Themen f\u00fcr F\u00fchrungskr\u00e4fte von KMU auf.\",\"publisher\":{\"@id\":\"https:\\\/\\\/www.organisator.ch\\\/#organization\"},\"potentialAction\":[{\"@type\":\"SearchAction\",\"target\":{\"@type\":\"EntryPoint\",\"urlTemplate\":\"https:\\\/\\\/www.organisator.ch\\\/?s={search_term_string}\"},\"query-input\":{\"@type\":\"PropertyValueSpecification\",\"valueRequired\":true,\"valueName\":\"search_term_string\"}}],\"inLanguage\":\"de\"},{\"@type\":\"Organization\",\"@id\":\"https:\\\/\\\/www.organisator.ch\\\/#organization\",\"name\":\"Organisator\",\"url\":\"https:\\\/\\\/www.organisator.ch\\\/\",\"logo\":{\"@type\":\"ImageObject\",\"inLanguage\":\"de\",\"@id\":\"https:\\\/\\\/www.organisator.ch\\\/#\\\/schema\\\/logo\\\/image\\\/\",\"url\":\"https:\\\/\\\/www.organisator.ch\\\/wp-content\\\/uploads\\\/2022\\\/01\\\/Logo_Organisator_Website.png\",\"contentUrl\":\"https:\\\/\\\/www.organisator.ch\\\/wp-content\\\/uploads\\\/2022\\\/01\\\/Logo_Organisator_Website.png\",\"width\":800,\"height\":77,\"caption\":\"Organisator\"},\"image\":{\"@id\":\"https:\\\/\\\/www.organisator.ch\\\/#\\\/schema\\\/logo\\\/image\\\/\"},\"sameAs\":[\"https:\\\/\\\/www.facebook.com\\\/OrganisatorFachmagazin\",\"https:\\\/\\\/www.linkedin.com\\\/showcase\\\/organisator-das-magazin-fr-kmu\",\"https:\\\/\\\/www.xing.com\\\/news\\\/pages\\\/organisator-ch-695\",\"https:\\\/\\\/www.youtube.com\\\/channel\\\/UCGP2Sq0iWaZwT3BdIAQFYpw\"]},{\"@type\":\"Person\",\"@id\":\"https:\\\/\\\/www.organisator.ch\\\/#\\\/schema\\\/person\\\/2e1314a2172123f874db408d8911d3f3\",\"name\":\"Adelisa Kalajdzini\",\"image\":{\"@type\":\"ImageObject\",\"inLanguage\":\"de\",\"@id\":\"https:\\\/\\\/secure.gravatar.com\\\/avatar\\\/09a397c22ac58cad6f160ee8306348599df9df58a8ede73696226897b9fa4b24?s=96&d=mm&r=g\",\"url\":\"https:\\\/\\\/secure.gravatar.com\\\/avatar\\\/09a397c22ac58cad6f160ee8306348599df9df58a8ede73696226897b9fa4b24?s=96&d=mm&r=g\",\"contentUrl\":\"https:\\\/\\\/secure.gravatar.com\\\/avatar\\\/09a397c22ac58cad6f160ee8306348599df9df58a8ede73696226897b9fa4b24?s=96&d=mm&r=g\",\"caption\":\"Adelisa Kalajdzini\"},\"url\":\"https:\\\/\\\/www.organisator.ch\\\/de\\\/author\\\/adelisa-kalajdzini\\\/\"}]}<\/script>\n<!-- \/ Yoast SEO plugin. -->","yoast_head_json":{"title":"Volaris erwirbt die Zeit AG - Organisator","description":"Die Volaris Group hat die \u00dcbernahme der Zeit AG bekannt gegeben, einem Anbieter von Zeiterfassungsl\u00f6sungen.","robots":{"index":"index","follow":"follow","max-snippet":"max-snippet:-1","max-image-preview":"max-image-preview:large","max-video-preview":"max-video-preview:-1"},"canonical":"https:\/\/www.organisator.ch\/de\/management\/2024-02-28\/volaris-erwirbt-die-zeit-ag\/","og_locale":"de_DE","og_type":"article","og_title":"Volaris erwirbt die Zeit AG","og_description":"Die Volaris Group hat die \u00dcbernahme der Zeit AG bekannt gegeben, einem Anbieter von Zeiterfassungsl\u00f6sungen.","og_url":"https:\/\/www.organisator.ch\/de\/management\/2024-02-28\/volaris-erwirbt-die-zeit-ag\/","og_site_name":"Organisator","article_publisher":"https:\/\/www.facebook.com\/OrganisatorFachmagazin","article_published_time":"2024-02-28T15:21:35+00:00","og_image":[{"width":680,"height":510,"url":"https:\/\/www.organisator.ch\/wp-content\/uploads\/2024\/02\/Zeit-AG_Bild1_ps.jpg","type":"image\/jpeg"}],"author":"Adelisa Kalajdzini","twitter_card":"summary_large_image","twitter_title":"Volaris erwirbt die Zeit AG","twitter_description":"Die #Volaris #Group hat die #\u00dcbernahme der #Zeit #AG bekannt gegeben, einem Anbieter von Zeiterfassungsl\u00f6sungen.","twitter_image":"https:\/\/www.organisator.ch\/wp-content\/uploads\/2024\/02\/Zeit-AG_Bild1_ps.jpg","schema":{"@context":"https:\/\/schema.org","@graph":[{"@type":"Article","@id":"https:\/\/www.organisator.ch\/management\/2024-02-28\/volaris-erwirbt-die-zeit-ag\/#article","isPartOf":{"@id":"https:\/\/www.organisator.ch\/management\/2024-02-28\/volaris-erwirbt-die-zeit-ag\/"},"author":{"name":"Adelisa Kalajdzini","@id":"https:\/\/www.organisator.ch\/#\/schema\/person\/2e1314a2172123f874db408d8911d3f3"},"headline":"Volaris erwirbt die Zeit AG","datePublished":"2024-02-28T15:21:35+00:00","mainEntityOfPage":{"@id":"https:\/\/www.organisator.ch\/management\/2024-02-28\/volaris-erwirbt-die-zeit-ag\/"},"wordCount":295,"publisher":{"@id":"https:\/\/www.organisator.ch\/#organization"},"image":{"@id":"https:\/\/www.organisator.ch\/management\/2024-02-28\/volaris-erwirbt-die-zeit-ag\/#primaryimage"},"thumbnailUrl":"https:\/\/www.organisator.ch\/wp-content\/uploads\/2024\/02\/Zeit-AG_Bild1_ps.jpg","keywords":["Management","Management und Unternehmensf\u00fchrung","\u00dcbernahme","Unternehmen"],"articleSection":["MANAGEMENT"],"inLanguage":"de"},{"@type":"WebPage","@id":"https:\/\/www.organisator.ch\/management\/2024-02-28\/volaris-erwirbt-die-zeit-ag\/","url":"https:\/\/www.organisator.ch\/management\/2024-02-28\/volaris-erwirbt-die-zeit-ag\/","name":"Volaris erwirbt die Zeit AG - Organisator","isPartOf":{"@id":"https:\/\/www.organisator.ch\/#website"},"primaryImageOfPage":{"@id":"https:\/\/www.organisator.ch\/management\/2024-02-28\/volaris-erwirbt-die-zeit-ag\/#primaryimage"},"image":{"@id":"https:\/\/www.organisator.ch\/management\/2024-02-28\/volaris-erwirbt-die-zeit-ag\/#primaryimage"},"thumbnailUrl":"https:\/\/www.organisator.ch\/wp-content\/uploads\/2024\/02\/Zeit-AG_Bild1_ps.jpg","datePublished":"2024-02-28T15:21:35+00:00","description":"Die Volaris Group hat die \u00dcbernahme der Zeit AG bekannt gegeben, einem Anbieter von Zeiterfassungsl\u00f6sungen.","breadcrumb":{"@id":"https:\/\/www.organisator.ch\/management\/2024-02-28\/volaris-erwirbt-die-zeit-ag\/#breadcrumb"},"inLanguage":"de","potentialAction":[{"@type":"ReadAction","target":["https:\/\/www.organisator.ch\/management\/2024-02-28\/volaris-erwirbt-die-zeit-ag\/"]}]},{"@type":"ImageObject","inLanguage":"de","@id":"https:\/\/www.organisator.ch\/management\/2024-02-28\/volaris-erwirbt-die-zeit-ag\/#primaryimage","url":"https:\/\/www.organisator.ch\/wp-content\/uploads\/2024\/02\/Zeit-AG_Bild1_ps.jpg","contentUrl":"https:\/\/www.organisator.ch\/wp-content\/uploads\/2024\/02\/Zeit-AG_Bild1_ps.jpg","width":680,"height":510,"caption":": Die Volaris Group hat die \u00dcbernahme der Zeit AG bekannt gegeben. (Bild: www.volarisgroup.com)"},{"@type":"BreadcrumbList","@id":"https:\/\/www.organisator.ch\/management\/2024-02-28\/volaris-erwirbt-die-zeit-ag\/#breadcrumb","itemListElement":[{"@type":"ListItem","position":1,"name":"Home","item":"https:\/\/www.organisator.ch\/"},{"@type":"ListItem","position":2,"name":"Volaris erwirbt die Zeit AG"}]},{"@type":"WebSite","@id":"https:\/\/www.organisator.ch\/#website","url":"https:\/\/www.organisator.ch\/","name":"Organisator","description":"Kompetent. Praxisnah. Der ORGANISATOR bereitet in 10 Ausgaben pro Jahr die wesentlichen Themen f\u00fcr F\u00fchrungskr\u00e4fte von KMU auf.","publisher":{"@id":"https:\/\/www.organisator.ch\/#organization"},"potentialAction":[{"@type":"SearchAction","target":{"@type":"EntryPoint","urlTemplate":"https:\/\/www.organisator.ch\/?s={search_term_string}"},"query-input":{"@type":"PropertyValueSpecification","valueRequired":true,"valueName":"search_term_string"}}],"inLanguage":"de"},{"@type":"Organization","@id":"https:\/\/www.organisator.ch\/#organization","name":"Organisator","url":"https:\/\/www.organisator.ch\/","logo":{"@type":"ImageObject","inLanguage":"de","@id":"https:\/\/www.organisator.ch\/#\/schema\/logo\/image\/","url":"https:\/\/www.organisator.ch\/wp-content\/uploads\/2022\/01\/Logo_Organisator_Website.png","contentUrl":"https:\/\/www.organisator.ch\/wp-content\/uploads\/2022\/01\/Logo_Organisator_Website.png","width":800,"height":77,"caption":"Organisator"},"image":{"@id":"https:\/\/www.organisator.ch\/#\/schema\/logo\/image\/"},"sameAs":["https:\/\/www.facebook.com\/OrganisatorFachmagazin","https:\/\/www.linkedin.com\/showcase\/organisator-das-magazin-fr-kmu","https:\/\/www.xing.com\/news\/pages\/organisator-ch-695","https:\/\/www.youtube.com\/channel\/UCGP2Sq0iWaZwT3BdIAQFYpw"]},{"@type":"Person","@id":"https:\/\/www.organisator.ch\/#\/schema\/person\/2e1314a2172123f874db408d8911d3f3","name":"Adelisa Kalajdzini","image":{"@type":"ImageObject","inLanguage":"de","@id":"https:\/\/secure.gravatar.com\/avatar\/09a397c22ac58cad6f160ee8306348599df9df58a8ede73696226897b9fa4b24?s=96&d=mm&r=g","url":"https:\/\/secure.gravatar.com\/avatar\/09a397c22ac58cad6f160ee8306348599df9df58a8ede73696226897b9fa4b24?s=96&d=mm&r=g","contentUrl":"https:\/\/secure.gravatar.com\/avatar\/09a397c22ac58cad6f160ee8306348599df9df58a8ede73696226897b9fa4b24?s=96&d=mm&r=g","caption":"Adelisa Kalajdzini"},"url":"https:\/\/www.organisator.ch\/de\/author\/adelisa-kalajdzini\/"}]}},"_links":{"self":[{"href":"https:\/\/www.organisator.ch\/de\/wp-json\/wp\/v2\/posts\/25480","targetHints":{"allow":["GET"]}}],"collection":[{"href":"https:\/\/www.organisator.ch\/de\/wp-json\/wp\/v2\/posts"}],"about":[{"href":"https:\/\/www.organisator.ch\/de\/wp-json\/wp\/v2\/types\/post"}],"author":[{"embeddable":true,"href":"https:\/\/www.organisator.ch\/de\/wp-json\/wp\/v2\/users\/58"}],"replies":[{"embeddable":true,"href":"https:\/\/www.organisator.ch\/de\/wp-json\/wp\/v2\/comments?post=25480"}],"version-history":[{"count":6,"href":"https:\/\/www.organisator.ch\/de\/wp-json\/wp\/v2\/posts\/25480\/revisions"}],"predecessor-version":[{"id":25496,"href":"https:\/\/www.organisator.ch\/de\/wp-json\/wp\/v2\/posts\/25480\/revisions\/25496"}],"wp:featuredmedia":[{"embeddable":true,"href":"https:\/\/www.organisator.ch\/de\/wp-json\/wp\/v2\/media\/25481"}],"wp:attachment":[{"href":"https:\/\/www.organisator.ch\/de\/wp-json\/wp\/v2\/media?parent=25480"}],"wp:term":[{"taxonomy":"category","embeddable":true,"href":"https:\/\/www.organisator.ch\/de\/wp-json\/wp\/v2\/categories?post=25480"},{"taxonomy":"post_tag","embeddable":true,"href":"https:\/\/www.organisator.ch\/de\/wp-json\/wp\/v2\/tags?post=25480"}],"curies":[{"name":"wp","href":"https:\/\/api.w.org\/{rel}","templated":true}]}}