{"id":2550,"date":"2019-10-23T12:07:18","date_gmt":"2019-10-23T10:07:18","guid":{"rendered":"https:\/\/www.umweltperspektiven.ch\/?p=2550"},"modified":"2024-11-07T06:42:55","modified_gmt":"2024-11-07T05:42:55","slug":"seltener-vortrag-in-der-schweiz-mit-jane-goodall","status":"publish","type":"post","link":"https:\/\/www.organisator.ch\/de\/sustainability\/2019-10-23\/seltener-vortrag-in-der-schweiz-mit-jane-goodall\/","title":{"rendered":"Exklusiver Vortrag in der Schweiz mit Jane Goodall"},"content":{"rendered":"<div id=\"block-ee95336cb422ee98c61d\" class=\"sqs-block html-block sqs-block-html\" data-block-type=\"2\">\n<div class=\"sqs-block-content\">\n<p>&nbsp;<\/p>\n<figure id=\"attachment_2551\" aria-describedby=\"caption-attachment-2551\" style=\"width: 500px\" class=\"wp-caption alignnone\"><img loading=\"lazy\" decoding=\"async\" class=\"wp-image-2551 size-full\" src=\"https:\/\/www.organisator.ch\/wp-content\/uploads\/2019\/10\/JaneGoodall.jpg\" alt=\"Goodall \" width=\"500\" height=\"500\" srcset=\"https:\/\/www.organisator.ch\/wp-content\/uploads\/2019\/10\/JaneGoodall.jpg 500w, https:\/\/www.organisator.ch\/wp-content\/uploads\/2019\/10\/JaneGoodall-150x150.jpg 150w, https:\/\/www.organisator.ch\/wp-content\/uploads\/2019\/10\/JaneGoodall-12x12.jpg 12w, https:\/\/www.organisator.ch\/wp-content\/uploads\/2019\/10\/JaneGoodall-175x175.jpg 175w, https:\/\/www.organisator.ch\/wp-content\/uploads\/2019\/10\/JaneGoodall-350x350.jpg 350w, https:\/\/www.organisator.ch\/wp-content\/uploads\/2019\/10\/JaneGoodall-250x250.jpg 250w, https:\/\/www.organisator.ch\/wp-content\/uploads\/2019\/10\/JaneGoodall-300x300.jpg 300w, https:\/\/www.organisator.ch\/wp-content\/uploads\/2019\/10\/JaneGoodall-100x100.jpg 100w\" sizes=\"auto, (max-width: 500px) 100vw, 500px\" \/><figcaption id=\"caption-attachment-2551\" class=\"wp-caption-text\">Jane Goodall, Forscherin, Umweltaktivistin, UN Friedensbotschafterin<br \/>\nPicture by: Vincent Calmel<\/figcaption><\/figure>\n<p class=\"\">Wer Jane Goodall getroffen hat, dem ist klar: es gibt wohl kaum einen friedlicheren, bescheideneren, energiereicheren und gleichzeitig zielstrebigeren Menschen als jene Britin, die sich 1960 nach Afrika aufmachte, um eine ethische Revolution innerhalb so mancher Wissenschaftsdisziplinen einzuleiten.<\/p>\n<p class=\"\">Ihre tiefe Spiritualit\u00e4t, Glaubensf\u00e4higkeit, Kraft und ihr herzlicher Humor begeistern jeden, der ihr begegnet und zuh\u00f6rt. Neben exakten wissenschaftlichen Ergebnissen liefert sie seit nunmehr 50 Jahren ein vorbildliches Beispiel, wie respekt- und liebevoll man mit Menschen, Tieren und der Natur \u2013 also unserer Umwelt \u2013 umgehen sollte.<\/p>\n<p class=\"\">Ein besonderes Anliegen von Jane Goodall ist es, viele Kinder und Jugendliche zu treffen. Sie gr\u00fcndete 1991 in Tansania das Jugendprogramm Roots &amp; Shoots. \u201eDr. Jane\u201d, wie sie von vielen Kindern genannt wird, verbringt die meiste Zeit damit, ihre Botschaft von Artenschutz und ihre Visionen f\u00fcr eine lebenswertere Erde weltweit zu verbreiten.<\/p>\n<p class=\"\">Jane Goodall verbringt heute daher nur mehr wenige Wochen in Afrika. Aber jedes Mal, wenn sie an jenen Ort zur\u00fcckkehrt, an dem alles begann, ist es f\u00fcr sie eine besonders wertvolle Zeit. Dort tankt sie neue Kraft f\u00fcr ihre Arbeit.<\/p>\n<p class=\"\">Jane Goodall regt zum Nachdenken und Handeln an. Sie ruft zu Engagement auf und ermuntert stets zu Aktivismus. Trotz der heutigen Situation motiviert sie alt und jung, nie die Hoffnung aufzugeben.<\/p>\n<p><strong>Auftritt am digitalEVENT 2019:<\/strong><\/p>\n<\/div>\n<\/div>\n<div id=\"block-yui_3_17_2_1_1568814192119_6137\" class=\"sqs-block summary-v2-block sqs-block-summary-v2\" data-block-json=\"{&quot;hSize&quot;:null,&quot;floatDir&quot;:null,&quot;collectionId&quot;:&quot;5d833753de86c3522789bf53&quot;,&quot;design&quot;:&quot;list&quot;,&quot;headerText&quot;:&quot;Featured&quot;,&quot;textSize&quot;:&quot;medium&quot;,&quot;pageSize&quot;:10,&quot;imageAspectRatio&quot;:&quot;1.5&quot;,&quot;columnWidth&quot;:270,&quot;gutter&quot;:60,&quot;listImageSize&quot;:30,&quot;listImageAlignment&quot;:&quot;left&quot;,&quot;slidesPerRow&quot;:3,&quot;textAlignment&quot;:&quot;left&quot;,&quot;showTitle&quot;:true,&quot;showThumbnail&quot;:false,&quot;showExcerpt&quot;:true,&quot;showReadMoreLink&quot;:false,&quot;showPrice&quot;:true,&quot;productQuickViewEnabled&quot;:false,&quot;showPastOrUpcomingEvents&quot;:&quot;upcoming&quot;,&quot;metadataPosition&quot;:&quot;below-content&quot;,&quot;primaryMetadata&quot;:&quot;date&quot;,&quot;secondaryMetadata&quot;:&quot;none&quot;,&quot;filter&quot;:{&quot;category&quot;:null,&quot;tag&quot;:&quot;Jane Goodall&quot;},&quot;autoCrop&quot;:true,&quot;lightbox&quot;:false,&quot;mixedContent&quot;:true,&quot;blockId&quot;:&quot;14338e61509a34e59fb6&quot;}\" data-block-type=\"55\">\n<div class=\"sqs-block-content\">\n<div class=\" summary-block-wrapper summary-block-collection-type-events summary-block-setting-text-size-medium summary-block-setting-text-align-left summary-block-setting-design-list summary-block-setting-design-list-thumbnail-left summary-block-setting-metadata-position-below-content summary-block-setting-primary-metadata-date summary-block-setting-secondary-metadata-none summary-block-setting-show-title summary-block-setting-show-price summary-block-setting-show-excerpt sqs-gallery-design-list \">\n<div id=\"yui_3_17_2_1_1571823503843_318\" class=\"summary-item-list-container sqs-gallery-container\">\n<div id=\"yui_3_17_2_1_1571823503843_337\" class=\"summary-item-list sqs-gallery sqs-gallery-design-list\">\n<div id=\"yui_3_17_2_1_1571823503843_342\" class=\"summary-item summary-item-record-type-event sqs-gallery-design-list-slide summary-item-has-thumbnail summary-item-has-excerpt summary-item-has-cats summary-item-has-tags summary-item-has-author summary-item-has-comments-enabled summary-item-has-location no-image sqs-active-slide\" data-type=\"image\" data-start-index=\"0\">\n<div class=\"summary-title\"><a class=\"summary-title-link\" href=\"\/\/www.digitalevent.ch\/seminare2019\/jane-goodall-rohr-keynote\">Jane Goodall &#8211; A life for people, animals &amp; the environment<\/a><\/div>\n<p class=\"summary-content sqs-gallery-meta-container\"><em>Samstag, 2. November 2019 (16:00\u00a0 bis\u00a016:45) in der\u00a0Trafo, Trafo Halle, 1. OG,\u00a0Baden<\/em><\/p>\n<p>&nbsp;<\/p>\n<\/div>\n<\/div>\n<\/div>\n<\/div>\n<\/div>\n<div class=\"sqs-block-content\">\n<div class=\" summary-block-wrapper summary-block-collection-type-events summary-block-setting-text-size-medium summary-block-setting-text-align-left summary-block-setting-design-list summary-block-setting-design-list-thumbnail-left summary-block-setting-metadata-position-below-content summary-block-setting-primary-metadata-date summary-block-setting-secondary-metadata-none summary-block-setting-show-title summary-block-setting-show-price summary-block-setting-show-excerpt sqs-gallery-design-list \">\n<div id=\"yui_3_17_2_1_1571823503843_318\" class=\"summary-item-list-container sqs-gallery-container\">\n<div id=\"yui_3_17_2_1_1571823503843_337\" class=\"summary-item-list sqs-gallery sqs-gallery-design-list\">\n<div id=\"yui_3_17_2_1_1571823503843_342\" class=\"summary-item summary-item-record-type-event sqs-gallery-design-list-slide summary-item-has-thumbnail summary-item-has-excerpt summary-item-has-cats summary-item-has-tags summary-item-has-author summary-item-has-comments-enabled summary-item-has-location no-image sqs-active-slide\" data-type=\"image\" data-start-index=\"0\">\n<div class=\"summary-content sqs-gallery-meta-container\">\n<p class=\"summary-excerpt\"><strong><a href=\"\/\/www.digitalevent.ch\/seminare2019\/jane-goodall-rohr-keynote\">Erlebe die einzigartige Jane Goodall auf der B\u00fchne (nur noch wenige Pl\u00e4tze)\u00a0<\/a><\/strong><\/p>\n<p>&nbsp;<\/p>\n<p class=\"\"><a href=\"\/\/www.janegoodall.ch\/\" target=\"_blank\" rel=\"noopener\">www.janegoodall.ch<\/a><\/p>\n<p class=\"\"><a href=\"\/\/de.wikipedia.org\/wiki\/Jane_Goodall\" target=\"_blank\" rel=\"noopener\">Wikipedia Eintrag<\/a><\/p>\n<p class=\"\"><a href=\"\/\/www.rootsandshoots.org\/\" target=\"_blank\" rel=\"noopener\">Root &amp; Shoots<\/a><\/p>\n<p class=\"\"><a href=\"\/\/www.netflix.com\/title\/80216161\" target=\"_blank\" rel=\"noopener\">National Geographic Dokumentarfilm \u201cJane\u201d auf Netflix<\/a><br \/>\n<a href=\"\/\/itunes.apple.com\/ch\/movie\/jane\/id1381542574\" target=\"_blank\" rel=\"noopener\">National Geographic Dokumentarfilm \u201cJane\u201d in iTunes<\/a><\/p>\n<div class=\"summary-excerpt\">\n<h2>\u00a0<\/h2>\n<\/div>\n<\/div>\n<\/div>\n<\/div>\n<\/div>\n<\/div>\n<\/div>\n<\/div>\n","protected":false},"excerpt":{"rendered":"<p>&nbsp; Wer Jane Goodall getroffen hat, dem ist klar: es gibt wohl kaum einen friedlicheren, bescheideneren, energiereicheren und gleichzeitig zielstrebigeren Menschen als jene Britin, die sich 1960 nach Afrika aufmachte, um eine ethische Revolution innerhalb so mancher Wissenschaftsdisziplinen einzuleiten. Ihre tiefe Spiritualit\u00e4t, Glaubensf\u00e4higkeit, Kraft und ihr herzlicher Humor begeistern jeden, der ihr begegnet und zuh\u00f6rt. [&hellip;]<\/p>\n","protected":false},"author":5,"featured_media":2551,"comment_status":"closed","ping_status":"closed","sticky":false,"template":"","format":"standard","meta":{"_acf_changed":false,"_yoast_wpseo_focuskw":"Goodall","_yoast_wpseo_metadesc":"ane Goodall inspiriert seit 50 Jahren mit ihrer Arbeit im Artenschutz und ihrer Vision f\u00fcr eine lebenswertere Erde.","articlekey":"","footnotes":""},"categories":[580],"tags":[188,218,2488],"class_list":["post-2550","post","type-post","status-publish","format-standard","has-post-thumbnail","hentry","category-sustainability","tag-events","tag-forschung","tag-vortrag"],"acf":[],"yoast_head":"<!-- This site is optimized with the Yoast SEO plugin v27.4 - https:\/\/yoast.com\/product\/yoast-seo-wordpress\/ -->\n<title>Exklusiver Vortrag in der Schweiz mit Jane Goodall - Organisator<\/title>\n<meta name=\"description\" content=\"ane Goodall inspiriert seit 50 Jahren mit ihrer Arbeit im Artenschutz und ihrer Vision f\u00fcr eine lebenswertere Erde.\" \/>\n<meta name=\"robots\" content=\"index, follow, max-snippet:-1, max-image-preview:large, max-video-preview:-1\" \/>\n<link rel=\"canonical\" href=\"https:\/\/www.organisator.ch\/de\/sustainability\/2019-10-23\/seltener-vortrag-in-der-schweiz-mit-jane-goodall\/\" \/>\n<meta property=\"og:locale\" content=\"de_DE\" \/>\n<meta property=\"og:type\" content=\"article\" \/>\n<meta property=\"og:title\" content=\"Exklusiver Vortrag in der Schweiz mit Jane Goodall - Organisator\" \/>\n<meta property=\"og:description\" content=\"ane Goodall inspiriert seit 50 Jahren mit ihrer Arbeit im Artenschutz und ihrer Vision f\u00fcr eine lebenswertere Erde.\" \/>\n<meta property=\"og:url\" content=\"https:\/\/www.organisator.ch\/de\/sustainability\/2019-10-23\/seltener-vortrag-in-der-schweiz-mit-jane-goodall\/\" \/>\n<meta property=\"og:site_name\" content=\"Organisator\" \/>\n<meta property=\"article:publisher\" content=\"https:\/\/www.facebook.com\/OrganisatorFachmagazin\" \/>\n<meta property=\"article:published_time\" content=\"2019-10-23T10:07:18+00:00\" \/>\n<meta property=\"article:modified_time\" content=\"2024-11-07T05:42:55+00:00\" \/>\n<meta property=\"og:image\" content=\"https:\/\/www.organisator.ch\/wp-content\/uploads\/2019\/10\/JaneGoodall.jpg\" \/>\n\t<meta property=\"og:image:width\" content=\"500\" \/>\n\t<meta property=\"og:image:height\" content=\"500\" \/>\n\t<meta property=\"og:image:type\" content=\"image\/jpeg\" \/>\n<meta name=\"author\" content=\"michael.merz\" \/>\n<meta name=\"twitter:card\" content=\"summary_large_image\" \/>\n<script type=\"application\/ld+json\" class=\"yoast-schema-graph\">{\"@context\":\"https:\\\/\\\/schema.org\",\"@graph\":[{\"@type\":\"Article\",\"@id\":\"https:\\\/\\\/www.organisator.ch\\\/sustainability\\\/2019-10-23\\\/seltener-vortrag-in-der-schweiz-mit-jane-goodall\\\/#article\",\"isPartOf\":{\"@id\":\"https:\\\/\\\/www.organisator.ch\\\/sustainability\\\/2019-10-23\\\/seltener-vortrag-in-der-schweiz-mit-jane-goodall\\\/\"},\"author\":{\"name\":\"michael.merz\",\"@id\":\"https:\\\/\\\/www.organisator.ch\\\/#\\\/schema\\\/person\\\/134708ca9321c57b0362cceb7948ffbd\"},\"headline\":\"Exklusiver Vortrag in der Schweiz mit Jane Goodall\",\"datePublished\":\"2019-10-23T10:07:18+00:00\",\"dateModified\":\"2024-11-07T05:42:55+00:00\",\"mainEntityOfPage\":{\"@id\":\"https:\\\/\\\/www.organisator.ch\\\/sustainability\\\/2019-10-23\\\/seltener-vortrag-in-der-schweiz-mit-jane-goodall\\\/\"},\"wordCount\":297,\"publisher\":{\"@id\":\"https:\\\/\\\/www.organisator.ch\\\/#organization\"},\"image\":{\"@id\":\"https:\\\/\\\/www.organisator.ch\\\/sustainability\\\/2019-10-23\\\/seltener-vortrag-in-der-schweiz-mit-jane-goodall\\\/#primaryimage\"},\"thumbnailUrl\":\"https:\\\/\\\/www.organisator.ch\\\/wp-content\\\/uploads\\\/2019\\\/10\\\/JaneGoodall.jpg\",\"keywords\":[\"Events\",\"Forschung\",\"Vortrag\"],\"articleSection\":[\"SUSTAINABILITY\"],\"inLanguage\":\"de\"},{\"@type\":\"WebPage\",\"@id\":\"https:\\\/\\\/www.organisator.ch\\\/sustainability\\\/2019-10-23\\\/seltener-vortrag-in-der-schweiz-mit-jane-goodall\\\/\",\"url\":\"https:\\\/\\\/www.organisator.ch\\\/sustainability\\\/2019-10-23\\\/seltener-vortrag-in-der-schweiz-mit-jane-goodall\\\/\",\"name\":\"Exklusiver Vortrag in der Schweiz mit Jane Goodall - Organisator\",\"isPartOf\":{\"@id\":\"https:\\\/\\\/www.organisator.ch\\\/#website\"},\"primaryImageOfPage\":{\"@id\":\"https:\\\/\\\/www.organisator.ch\\\/sustainability\\\/2019-10-23\\\/seltener-vortrag-in-der-schweiz-mit-jane-goodall\\\/#primaryimage\"},\"image\":{\"@id\":\"https:\\\/\\\/www.organisator.ch\\\/sustainability\\\/2019-10-23\\\/seltener-vortrag-in-der-schweiz-mit-jane-goodall\\\/#primaryimage\"},\"thumbnailUrl\":\"https:\\\/\\\/www.organisator.ch\\\/wp-content\\\/uploads\\\/2019\\\/10\\\/JaneGoodall.jpg\",\"datePublished\":\"2019-10-23T10:07:18+00:00\",\"dateModified\":\"2024-11-07T05:42:55+00:00\",\"description\":\"ane Goodall inspiriert seit 50 Jahren mit ihrer Arbeit im Artenschutz und ihrer Vision f\u00fcr eine lebenswertere Erde.\",\"breadcrumb\":{\"@id\":\"https:\\\/\\\/www.organisator.ch\\\/sustainability\\\/2019-10-23\\\/seltener-vortrag-in-der-schweiz-mit-jane-goodall\\\/#breadcrumb\"},\"inLanguage\":\"de\",\"potentialAction\":[{\"@type\":\"ReadAction\",\"target\":[\"https:\\\/\\\/www.organisator.ch\\\/sustainability\\\/2019-10-23\\\/seltener-vortrag-in-der-schweiz-mit-jane-goodall\\\/\"]}]},{\"@type\":\"ImageObject\",\"inLanguage\":\"de\",\"@id\":\"https:\\\/\\\/www.organisator.ch\\\/sustainability\\\/2019-10-23\\\/seltener-vortrag-in-der-schweiz-mit-jane-goodall\\\/#primaryimage\",\"url\":\"https:\\\/\\\/www.organisator.ch\\\/wp-content\\\/uploads\\\/2019\\\/10\\\/JaneGoodall.jpg\",\"contentUrl\":\"https:\\\/\\\/www.organisator.ch\\\/wp-content\\\/uploads\\\/2019\\\/10\\\/JaneGoodall.jpg\",\"width\":500,\"height\":500,\"caption\":\"Forscherin, Umweltaktivistin, UN Friedensbotschafterin Picture by: Vincent Calmel\"},{\"@type\":\"BreadcrumbList\",\"@id\":\"https:\\\/\\\/www.organisator.ch\\\/sustainability\\\/2019-10-23\\\/seltener-vortrag-in-der-schweiz-mit-jane-goodall\\\/#breadcrumb\",\"itemListElement\":[{\"@type\":\"ListItem\",\"position\":1,\"name\":\"Home\",\"item\":\"https:\\\/\\\/www.organisator.ch\\\/\"},{\"@type\":\"ListItem\",\"position\":2,\"name\":\"Exklusiver Vortrag in der Schweiz mit Jane Goodall\"}]},{\"@type\":\"WebSite\",\"@id\":\"https:\\\/\\\/www.organisator.ch\\\/#website\",\"url\":\"https:\\\/\\\/www.organisator.ch\\\/\",\"name\":\"Organisator\",\"description\":\"Kompetent. Praxisnah. Der ORGANISATOR bereitet in 10 Ausgaben pro Jahr die wesentlichen Themen f\u00fcr F\u00fchrungskr\u00e4fte von KMU auf.\",\"publisher\":{\"@id\":\"https:\\\/\\\/www.organisator.ch\\\/#organization\"},\"potentialAction\":[{\"@type\":\"SearchAction\",\"target\":{\"@type\":\"EntryPoint\",\"urlTemplate\":\"https:\\\/\\\/www.organisator.ch\\\/?s={search_term_string}\"},\"query-input\":{\"@type\":\"PropertyValueSpecification\",\"valueRequired\":true,\"valueName\":\"search_term_string\"}}],\"inLanguage\":\"de\"},{\"@type\":\"Organization\",\"@id\":\"https:\\\/\\\/www.organisator.ch\\\/#organization\",\"name\":\"Organisator\",\"url\":\"https:\\\/\\\/www.organisator.ch\\\/\",\"logo\":{\"@type\":\"ImageObject\",\"inLanguage\":\"de\",\"@id\":\"https:\\\/\\\/www.organisator.ch\\\/#\\\/schema\\\/logo\\\/image\\\/\",\"url\":\"https:\\\/\\\/www.organisator.ch\\\/wp-content\\\/uploads\\\/2022\\\/01\\\/Logo_Organisator_Website.png\",\"contentUrl\":\"https:\\\/\\\/www.organisator.ch\\\/wp-content\\\/uploads\\\/2022\\\/01\\\/Logo_Organisator_Website.png\",\"width\":800,\"height\":77,\"caption\":\"Organisator\"},\"image\":{\"@id\":\"https:\\\/\\\/www.organisator.ch\\\/#\\\/schema\\\/logo\\\/image\\\/\"},\"sameAs\":[\"https:\\\/\\\/www.facebook.com\\\/OrganisatorFachmagazin\",\"https:\\\/\\\/www.linkedin.com\\\/showcase\\\/organisator-das-magazin-fr-kmu\",\"https:\\\/\\\/www.xing.com\\\/news\\\/pages\\\/organisator-ch-695\",\"https:\\\/\\\/www.youtube.com\\\/channel\\\/UCGP2Sq0iWaZwT3BdIAQFYpw\"]},{\"@type\":\"Person\",\"@id\":\"https:\\\/\\\/www.organisator.ch\\\/#\\\/schema\\\/person\\\/134708ca9321c57b0362cceb7948ffbd\",\"name\":\"michael.merz\",\"image\":{\"@type\":\"ImageObject\",\"inLanguage\":\"de\",\"@id\":\"https:\\\/\\\/secure.gravatar.com\\\/avatar\\\/?s=96&d=mm&r=g\",\"url\":\"https:\\\/\\\/secure.gravatar.com\\\/avatar\\\/?s=96&d=mm&r=g\",\"contentUrl\":\"https:\\\/\\\/secure.gravatar.com\\\/avatar\\\/?s=96&d=mm&r=g\",\"caption\":\"michael.merz\"},\"url\":\"https:\\\/\\\/www.organisator.ch\\\/de\\\/author\\\/michael-merz\\\/\"}]}<\/script>\n<!-- \/ Yoast SEO plugin. -->","yoast_head_json":{"title":"Exklusiver Vortrag in der Schweiz mit Jane Goodall - Organisator","description":"ane Goodall inspiriert seit 50 Jahren mit ihrer Arbeit im Artenschutz und ihrer Vision f\u00fcr eine lebenswertere Erde.","robots":{"index":"index","follow":"follow","max-snippet":"max-snippet:-1","max-image-preview":"max-image-preview:large","max-video-preview":"max-video-preview:-1"},"canonical":"https:\/\/www.organisator.ch\/de\/sustainability\/2019-10-23\/seltener-vortrag-in-der-schweiz-mit-jane-goodall\/","og_locale":"de_DE","og_type":"article","og_title":"Exklusiver Vortrag in der Schweiz mit Jane Goodall - Organisator","og_description":"ane Goodall inspiriert seit 50 Jahren mit ihrer Arbeit im Artenschutz und ihrer Vision f\u00fcr eine lebenswertere Erde.","og_url":"https:\/\/www.organisator.ch\/de\/sustainability\/2019-10-23\/seltener-vortrag-in-der-schweiz-mit-jane-goodall\/","og_site_name":"Organisator","article_publisher":"https:\/\/www.facebook.com\/OrganisatorFachmagazin","article_published_time":"2019-10-23T10:07:18+00:00","article_modified_time":"2024-11-07T05:42:55+00:00","og_image":[{"width":500,"height":500,"url":"https:\/\/www.organisator.ch\/wp-content\/uploads\/2019\/10\/JaneGoodall.jpg","type":"image\/jpeg"}],"author":"michael.merz","twitter_card":"summary_large_image","schema":{"@context":"https:\/\/schema.org","@graph":[{"@type":"Article","@id":"https:\/\/www.organisator.ch\/sustainability\/2019-10-23\/seltener-vortrag-in-der-schweiz-mit-jane-goodall\/#article","isPartOf":{"@id":"https:\/\/www.organisator.ch\/sustainability\/2019-10-23\/seltener-vortrag-in-der-schweiz-mit-jane-goodall\/"},"author":{"name":"michael.merz","@id":"https:\/\/www.organisator.ch\/#\/schema\/person\/134708ca9321c57b0362cceb7948ffbd"},"headline":"Exklusiver Vortrag in der Schweiz mit Jane Goodall","datePublished":"2019-10-23T10:07:18+00:00","dateModified":"2024-11-07T05:42:55+00:00","mainEntityOfPage":{"@id":"https:\/\/www.organisator.ch\/sustainability\/2019-10-23\/seltener-vortrag-in-der-schweiz-mit-jane-goodall\/"},"wordCount":297,"publisher":{"@id":"https:\/\/www.organisator.ch\/#organization"},"image":{"@id":"https:\/\/www.organisator.ch\/sustainability\/2019-10-23\/seltener-vortrag-in-der-schweiz-mit-jane-goodall\/#primaryimage"},"thumbnailUrl":"https:\/\/www.organisator.ch\/wp-content\/uploads\/2019\/10\/JaneGoodall.jpg","keywords":["Events","Forschung","Vortrag"],"articleSection":["SUSTAINABILITY"],"inLanguage":"de"},{"@type":"WebPage","@id":"https:\/\/www.organisator.ch\/sustainability\/2019-10-23\/seltener-vortrag-in-der-schweiz-mit-jane-goodall\/","url":"https:\/\/www.organisator.ch\/sustainability\/2019-10-23\/seltener-vortrag-in-der-schweiz-mit-jane-goodall\/","name":"Exklusiver Vortrag in der Schweiz mit Jane Goodall - Organisator","isPartOf":{"@id":"https:\/\/www.organisator.ch\/#website"},"primaryImageOfPage":{"@id":"https:\/\/www.organisator.ch\/sustainability\/2019-10-23\/seltener-vortrag-in-der-schweiz-mit-jane-goodall\/#primaryimage"},"image":{"@id":"https:\/\/www.organisator.ch\/sustainability\/2019-10-23\/seltener-vortrag-in-der-schweiz-mit-jane-goodall\/#primaryimage"},"thumbnailUrl":"https:\/\/www.organisator.ch\/wp-content\/uploads\/2019\/10\/JaneGoodall.jpg","datePublished":"2019-10-23T10:07:18+00:00","dateModified":"2024-11-07T05:42:55+00:00","description":"ane Goodall inspiriert seit 50 Jahren mit ihrer Arbeit im Artenschutz und ihrer Vision f\u00fcr eine lebenswertere Erde.","breadcrumb":{"@id":"https:\/\/www.organisator.ch\/sustainability\/2019-10-23\/seltener-vortrag-in-der-schweiz-mit-jane-goodall\/#breadcrumb"},"inLanguage":"de","potentialAction":[{"@type":"ReadAction","target":["https:\/\/www.organisator.ch\/sustainability\/2019-10-23\/seltener-vortrag-in-der-schweiz-mit-jane-goodall\/"]}]},{"@type":"ImageObject","inLanguage":"de","@id":"https:\/\/www.organisator.ch\/sustainability\/2019-10-23\/seltener-vortrag-in-der-schweiz-mit-jane-goodall\/#primaryimage","url":"https:\/\/www.organisator.ch\/wp-content\/uploads\/2019\/10\/JaneGoodall.jpg","contentUrl":"https:\/\/www.organisator.ch\/wp-content\/uploads\/2019\/10\/JaneGoodall.jpg","width":500,"height":500,"caption":"Forscherin, Umweltaktivistin, UN Friedensbotschafterin Picture by: Vincent Calmel"},{"@type":"BreadcrumbList","@id":"https:\/\/www.organisator.ch\/sustainability\/2019-10-23\/seltener-vortrag-in-der-schweiz-mit-jane-goodall\/#breadcrumb","itemListElement":[{"@type":"ListItem","position":1,"name":"Home","item":"https:\/\/www.organisator.ch\/"},{"@type":"ListItem","position":2,"name":"Exklusiver Vortrag in der Schweiz mit Jane Goodall"}]},{"@type":"WebSite","@id":"https:\/\/www.organisator.ch\/#website","url":"https:\/\/www.organisator.ch\/","name":"Organisator","description":"Kompetent. Praxisnah. Der ORGANISATOR bereitet in 10 Ausgaben pro Jahr die wesentlichen Themen f\u00fcr F\u00fchrungskr\u00e4fte von KMU auf.","publisher":{"@id":"https:\/\/www.organisator.ch\/#organization"},"potentialAction":[{"@type":"SearchAction","target":{"@type":"EntryPoint","urlTemplate":"https:\/\/www.organisator.ch\/?s={search_term_string}"},"query-input":{"@type":"PropertyValueSpecification","valueRequired":true,"valueName":"search_term_string"}}],"inLanguage":"de"},{"@type":"Organization","@id":"https:\/\/www.organisator.ch\/#organization","name":"Organisator","url":"https:\/\/www.organisator.ch\/","logo":{"@type":"ImageObject","inLanguage":"de","@id":"https:\/\/www.organisator.ch\/#\/schema\/logo\/image\/","url":"https:\/\/www.organisator.ch\/wp-content\/uploads\/2022\/01\/Logo_Organisator_Website.png","contentUrl":"https:\/\/www.organisator.ch\/wp-content\/uploads\/2022\/01\/Logo_Organisator_Website.png","width":800,"height":77,"caption":"Organisator"},"image":{"@id":"https:\/\/www.organisator.ch\/#\/schema\/logo\/image\/"},"sameAs":["https:\/\/www.facebook.com\/OrganisatorFachmagazin","https:\/\/www.linkedin.com\/showcase\/organisator-das-magazin-fr-kmu","https:\/\/www.xing.com\/news\/pages\/organisator-ch-695","https:\/\/www.youtube.com\/channel\/UCGP2Sq0iWaZwT3BdIAQFYpw"]},{"@type":"Person","@id":"https:\/\/www.organisator.ch\/#\/schema\/person\/134708ca9321c57b0362cceb7948ffbd","name":"michael.merz","image":{"@type":"ImageObject","inLanguage":"de","@id":"https:\/\/secure.gravatar.com\/avatar\/?s=96&d=mm&r=g","url":"https:\/\/secure.gravatar.com\/avatar\/?s=96&d=mm&r=g","contentUrl":"https:\/\/secure.gravatar.com\/avatar\/?s=96&d=mm&r=g","caption":"michael.merz"},"url":"https:\/\/www.organisator.ch\/de\/author\/michael-merz\/"}]}},"_links":{"self":[{"href":"https:\/\/www.organisator.ch\/de\/wp-json\/wp\/v2\/posts\/2550","targetHints":{"allow":["GET"]}}],"collection":[{"href":"https:\/\/www.organisator.ch\/de\/wp-json\/wp\/v2\/posts"}],"about":[{"href":"https:\/\/www.organisator.ch\/de\/wp-json\/wp\/v2\/types\/post"}],"author":[{"embeddable":true,"href":"https:\/\/www.organisator.ch\/de\/wp-json\/wp\/v2\/users\/5"}],"replies":[{"embeddable":true,"href":"https:\/\/www.organisator.ch\/de\/wp-json\/wp\/v2\/comments?post=2550"}],"version-history":[{"count":2,"href":"https:\/\/www.organisator.ch\/de\/wp-json\/wp\/v2\/posts\/2550\/revisions"}],"predecessor-version":[{"id":31627,"href":"https:\/\/www.organisator.ch\/de\/wp-json\/wp\/v2\/posts\/2550\/revisions\/31627"}],"wp:featuredmedia":[{"embeddable":true,"href":"https:\/\/www.organisator.ch\/de\/wp-json\/wp\/v2\/media\/2551"}],"wp:attachment":[{"href":"https:\/\/www.organisator.ch\/de\/wp-json\/wp\/v2\/media?parent=2550"}],"wp:term":[{"taxonomy":"category","embeddable":true,"href":"https:\/\/www.organisator.ch\/de\/wp-json\/wp\/v2\/categories?post=2550"},{"taxonomy":"post_tag","embeddable":true,"href":"https:\/\/www.organisator.ch\/de\/wp-json\/wp\/v2\/tags?post=2550"}],"curies":[{"name":"wp","href":"https:\/\/api.w.org\/{rel}","templated":true}]}}