{"id":25522,"date":"2024-02-29T14:08:51","date_gmt":"2024-02-29T13:08:51","guid":{"rendered":"https:\/\/www.organisator.ch\/?p=25522"},"modified":"2024-02-29T14:08:51","modified_gmt":"2024-02-29T13:08:51","slug":"aus-swisscom-zoon-wird-die-oniva-ag","status":"publish","type":"post","link":"https:\/\/www.organisator.ch\/de\/management\/2024-02-29\/aus-swisscom-zoon-wird-die-oniva-ag\/","title":{"rendered":"Aus Swisscom Zoon wird die Oniva AG"},"content":{"rendered":"<figure id=\"attachment_25523\" aria-describedby=\"caption-attachment-25523\" style=\"width: 680px\" class=\"wp-caption alignnone\"><img loading=\"lazy\" decoding=\"async\" class=\"wp-image-25523 size-full\" src=\"https:\/\/www.organisator.ch\/wp-content\/uploads\/2024\/02\/Swisscom-Zoon_Bild1_ps.jpg\" alt=\"\" width=\"680\" height=\"453\" srcset=\"https:\/\/www.organisator.ch\/wp-content\/uploads\/2024\/02\/Swisscom-Zoon_Bild1_ps.jpg 680w, https:\/\/www.organisator.ch\/wp-content\/uploads\/2024\/02\/Swisscom-Zoon_Bild1_ps-18x12.jpg 18w, https:\/\/www.organisator.ch\/wp-content\/uploads\/2024\/02\/Swisscom-Zoon_Bild1_ps-375x250.jpg 375w, https:\/\/www.organisator.ch\/wp-content\/uploads\/2024\/02\/Swisscom-Zoon_Bild1_ps-525x350.jpg 525w\" sizes=\"auto, (max-width: 680px) 100vw, 680px\" \/><figcaption id=\"caption-attachment-25523\" class=\"wp-caption-text\">Gr\u00fcnder und Mitglieder der Gesch\u00e4ftsleitung von Oniva AG sind Marc Blindenbacher, Anna Fredholm und Simon Gadient. (Bild: www.oniva.events)<\/figcaption><\/figure>\n<p>Mit Hilfe von Zoon kann die gesamte Eventkommunikation mit einer einzigen L\u00f6sung digitalisiert werden: von der Einladung \u00fcber die Webseite bis hin zu Event-Check-in und Dankes-E-Mail. Spezifische Einstellungen erm\u00f6glichen, die L\u00f6sung auf die Bed\u00fcrfnisse der eigenen Organisation anzupassen.<\/p>\n<p>2019 wurde das Projekt Zoon gestartet, um die Eventmanagement-Software von Swisscom zu einem marktreifen Produkt zu entwickeln. \u00abWir haben schnell realisiert, dass die Herausforderungen von Swisscom im Eventmanagement auch bei anderen Organisationen vorhanden sind\u00bb, sagt Marc Blindenbacher, bisher Head of Event Data bei Swisscom Broadcast AG. In Unternehmen gibt es oft viele Anl\u00e4sse: Nebst Marketing-Events oder Konferenzen haben zum Beispiel auch Aus- und Weiterbildungen aus prozessualer Sicht einen starken Event-Charakter. \u00abMit unserer L\u00f6sung k\u00f6nnen Organisationen nahezu alle Events abdecken und bis zu 80% ihres bisherigen Zeitaufwands einsparen.\u00bb Mehr als 5&#8217;000 Events mit \u00fcber 1 Million Teilnehmenden wurden bereits via Zoon abgewickelt. Neben Swisscom setzen Unternehmen wie Axpo, Kanton Waadt, Mepha Pharma oder SBB auf die L\u00f6sung.<\/p>\n<h3><strong>Aus Zoon wird Oniva<\/strong><\/h3>\n<p>Am 1. M\u00e4rz 2024 entsteht aus Zoon ein eigenst\u00e4ndiges Spin-off mit dem Namen Oniva AG. Das Unternehmen wird vom bisherigen Team mit langj\u00e4hriger Expertise im Eventmanagementsoftware-Bereich gef\u00fchrt. Gr\u00fcnder und Mitglieder der Gesch\u00e4ftsleitung sind Marc Blindenbacher, Anna Fredholm und Simon Gadient.<\/p>\n<p>\u00abWir werden die bestehende L\u00f6sung innerhalb von Oniva weiterentwickeln, so dass die Organisation von Events in Zukunft noch einfacher und effizienter wird und von jedem Mitarbeitenden innerhalb einer Firma gemacht werden kann\u00bb, erkl\u00e4rt Anna Fredholm, Verantwortliche f\u00fcr die Produktentwicklung. Oftmals \u00fcbernehme jemand die Rolle des Event-Verantwortlichen nur vor\u00fcbergehend oder einmal im Jahr. \u00abDeshalb legen wir grossen Wert auf eine benutzerfreundliche und sichere L\u00f6sung\u00bb, so Anna Fredholm. So bietet Oniva zum Beispiel die Funktion an, Personendaten nach dem Event per Knopfdruck zu anonymisieren.<\/p>\n<p><em>Quelle: <a href=\"http:\/\/www.oniva.events\">www.oniva.events<\/a><\/em><\/p>\n","protected":false},"excerpt":{"rendered":"<p>Seit 2019 wurden mit der Eventmanagement-Software Zoon von Swisscom Broadcast AG \u00fcber 5&#8217;000 Anl\u00e4sse mit mehr als 1 Million Teilnehmenden umgesetzt. Nun wird Zoon als Spin-off mit dem Namen Oniva ausgegliedert.<\/p>\n","protected":false},"author":58,"featured_media":25523,"comment_status":"closed","ping_status":"closed","sticky":false,"template":"","format":"standard","meta":{"_acf_changed":false,"_yoast_wpseo_focuskw":"Oniva AG","_yoast_wpseo_metadesc":"Am 1. M\u00e4rz 2024 entsteht aus Zoon ein eigenst\u00e4ndiges Spin-off mit dem Namen Oniva AG.","articlekey":"","footnotes":""},"categories":[28],"tags":[4123,334,424,492],"class_list":["post-25522","post","type-post","status-publish","format-standard","has-post-thumbnail","hentry","category-management","tag-eeventmanagement","tag-management","tag-schweiz","tag-unternehmen"],"acf":[],"yoast_head":"<!-- This site is optimized with the Yoast SEO plugin v27.5 - https:\/\/yoast.com\/product\/yoast-seo-wordpress\/ -->\n<title>Aus Swisscom Zoon wird die Oniva AG - Organisator<\/title>\n<meta name=\"description\" content=\"Am 1. M\u00e4rz 2024 entsteht aus Zoon ein eigenst\u00e4ndiges Spin-off mit dem Namen Oniva AG.\" \/>\n<meta name=\"robots\" content=\"index, follow, max-snippet:-1, max-image-preview:large, max-video-preview:-1\" \/>\n<link rel=\"canonical\" href=\"https:\/\/www.organisator.ch\/de\/management\/2024-02-29\/aus-swisscom-zoon-wird-die-oniva-ag\/\" \/>\n<meta property=\"og:locale\" content=\"de_DE\" \/>\n<meta property=\"og:type\" content=\"article\" \/>\n<meta property=\"og:title\" content=\"Aus Swisscom Zoon wird die Oniva AG\" \/>\n<meta property=\"og:description\" content=\"Am 1. M\u00e4rz 2024 entsteht aus Zoon ein eigenst\u00e4ndiges Spin-off mit dem Namen Oniva AG.\" \/>\n<meta property=\"og:url\" content=\"https:\/\/www.organisator.ch\/de\/management\/2024-02-29\/aus-swisscom-zoon-wird-die-oniva-ag\/\" \/>\n<meta property=\"og:site_name\" content=\"Organisator\" \/>\n<meta property=\"article:publisher\" content=\"https:\/\/www.facebook.com\/OrganisatorFachmagazin\" \/>\n<meta property=\"article:published_time\" content=\"2024-02-29T13:08:51+00:00\" \/>\n<meta property=\"og:image\" content=\"https:\/\/www.organisator.ch\/wp-content\/uploads\/2024\/02\/Swisscom-Zoon_Bild1_ps.jpg\" \/>\n\t<meta property=\"og:image:width\" content=\"680\" \/>\n\t<meta property=\"og:image:height\" content=\"453\" \/>\n\t<meta property=\"og:image:type\" content=\"image\/jpeg\" \/>\n<meta name=\"author\" content=\"Adelisa Kalajdzini\" \/>\n<meta name=\"twitter:card\" content=\"summary_large_image\" \/>\n<meta name=\"twitter:title\" content=\"Aus Swisscom Zoon wird die Oniva AG\" \/>\n<meta name=\"twitter:description\" content=\"Am 1. M\u00e4rz 2024 entsteht aus #Zoon ein eigenst\u00e4ndiges #Spin-off mit dem Namen #Oniva #AG.\" \/>\n<meta name=\"twitter:image\" content=\"https:\/\/www.organisator.ch\/wp-content\/uploads\/2024\/02\/Swisscom-Zoon_Bild1_ps.jpg\" \/>\n<script type=\"application\/ld+json\" class=\"yoast-schema-graph\">{\"@context\":\"https:\\\/\\\/schema.org\",\"@graph\":[{\"@type\":\"Article\",\"@id\":\"https:\\\/\\\/www.organisator.ch\\\/management\\\/2024-02-29\\\/aus-swisscom-zoon-wird-die-oniva-ag\\\/#article\",\"isPartOf\":{\"@id\":\"https:\\\/\\\/www.organisator.ch\\\/management\\\/2024-02-29\\\/aus-swisscom-zoon-wird-die-oniva-ag\\\/\"},\"author\":{\"name\":\"Adelisa Kalajdzini\",\"@id\":\"https:\\\/\\\/www.organisator.ch\\\/#\\\/schema\\\/person\\\/2e1314a2172123f874db408d8911d3f3\"},\"headline\":\"Aus Swisscom Zoon wird die Oniva AG\",\"datePublished\":\"2024-02-29T13:08:51+00:00\",\"mainEntityOfPage\":{\"@id\":\"https:\\\/\\\/www.organisator.ch\\\/management\\\/2024-02-29\\\/aus-swisscom-zoon-wird-die-oniva-ag\\\/\"},\"wordCount\":333,\"publisher\":{\"@id\":\"https:\\\/\\\/www.organisator.ch\\\/#organization\"},\"image\":{\"@id\":\"https:\\\/\\\/www.organisator.ch\\\/management\\\/2024-02-29\\\/aus-swisscom-zoon-wird-die-oniva-ag\\\/#primaryimage\"},\"thumbnailUrl\":\"https:\\\/\\\/www.organisator.ch\\\/wp-content\\\/uploads\\\/2024\\\/02\\\/Swisscom-Zoon_Bild1_ps.jpg\",\"keywords\":[\"Eeventmanagement\",\"Management\",\"Schweiz\",\"Unternehmen\"],\"articleSection\":[\"MANAGEMENT\"],\"inLanguage\":\"de\"},{\"@type\":\"WebPage\",\"@id\":\"https:\\\/\\\/www.organisator.ch\\\/management\\\/2024-02-29\\\/aus-swisscom-zoon-wird-die-oniva-ag\\\/\",\"url\":\"https:\\\/\\\/www.organisator.ch\\\/management\\\/2024-02-29\\\/aus-swisscom-zoon-wird-die-oniva-ag\\\/\",\"name\":\"Aus Swisscom Zoon wird die Oniva AG - Organisator\",\"isPartOf\":{\"@id\":\"https:\\\/\\\/www.organisator.ch\\\/#website\"},\"primaryImageOfPage\":{\"@id\":\"https:\\\/\\\/www.organisator.ch\\\/management\\\/2024-02-29\\\/aus-swisscom-zoon-wird-die-oniva-ag\\\/#primaryimage\"},\"image\":{\"@id\":\"https:\\\/\\\/www.organisator.ch\\\/management\\\/2024-02-29\\\/aus-swisscom-zoon-wird-die-oniva-ag\\\/#primaryimage\"},\"thumbnailUrl\":\"https:\\\/\\\/www.organisator.ch\\\/wp-content\\\/uploads\\\/2024\\\/02\\\/Swisscom-Zoon_Bild1_ps.jpg\",\"datePublished\":\"2024-02-29T13:08:51+00:00\",\"description\":\"Am 1. M\u00e4rz 2024 entsteht aus Zoon ein eigenst\u00e4ndiges Spin-off mit dem Namen Oniva AG.\",\"breadcrumb\":{\"@id\":\"https:\\\/\\\/www.organisator.ch\\\/management\\\/2024-02-29\\\/aus-swisscom-zoon-wird-die-oniva-ag\\\/#breadcrumb\"},\"inLanguage\":\"de\",\"potentialAction\":[{\"@type\":\"ReadAction\",\"target\":[\"https:\\\/\\\/www.organisator.ch\\\/management\\\/2024-02-29\\\/aus-swisscom-zoon-wird-die-oniva-ag\\\/\"]}]},{\"@type\":\"ImageObject\",\"inLanguage\":\"de\",\"@id\":\"https:\\\/\\\/www.organisator.ch\\\/management\\\/2024-02-29\\\/aus-swisscom-zoon-wird-die-oniva-ag\\\/#primaryimage\",\"url\":\"https:\\\/\\\/www.organisator.ch\\\/wp-content\\\/uploads\\\/2024\\\/02\\\/Swisscom-Zoon_Bild1_ps.jpg\",\"contentUrl\":\"https:\\\/\\\/www.organisator.ch\\\/wp-content\\\/uploads\\\/2024\\\/02\\\/Swisscom-Zoon_Bild1_ps.jpg\",\"width\":680,\"height\":453,\"caption\":\"Gr\u00fcnder und Mitglieder der Gesch\u00e4ftsleitung von Oniva AG sind Marc Blindenbacher, Anna Fredholm und Simon Gadient. (Bild: www.oniva.events)\"},{\"@type\":\"BreadcrumbList\",\"@id\":\"https:\\\/\\\/www.organisator.ch\\\/management\\\/2024-02-29\\\/aus-swisscom-zoon-wird-die-oniva-ag\\\/#breadcrumb\",\"itemListElement\":[{\"@type\":\"ListItem\",\"position\":1,\"name\":\"Home\",\"item\":\"https:\\\/\\\/www.organisator.ch\\\/\"},{\"@type\":\"ListItem\",\"position\":2,\"name\":\"Aus Swisscom Zoon wird die Oniva AG\"}]},{\"@type\":\"WebSite\",\"@id\":\"https:\\\/\\\/www.organisator.ch\\\/#website\",\"url\":\"https:\\\/\\\/www.organisator.ch\\\/\",\"name\":\"Organisator\",\"description\":\"Kompetent. Praxisnah. Der ORGANISATOR bereitet in 10 Ausgaben pro Jahr die wesentlichen Themen f\u00fcr F\u00fchrungskr\u00e4fte von KMU auf.\",\"publisher\":{\"@id\":\"https:\\\/\\\/www.organisator.ch\\\/#organization\"},\"potentialAction\":[{\"@type\":\"SearchAction\",\"target\":{\"@type\":\"EntryPoint\",\"urlTemplate\":\"https:\\\/\\\/www.organisator.ch\\\/?s={search_term_string}\"},\"query-input\":{\"@type\":\"PropertyValueSpecification\",\"valueRequired\":true,\"valueName\":\"search_term_string\"}}],\"inLanguage\":\"de\"},{\"@type\":\"Organization\",\"@id\":\"https:\\\/\\\/www.organisator.ch\\\/#organization\",\"name\":\"Organisator\",\"url\":\"https:\\\/\\\/www.organisator.ch\\\/\",\"logo\":{\"@type\":\"ImageObject\",\"inLanguage\":\"de\",\"@id\":\"https:\\\/\\\/www.organisator.ch\\\/#\\\/schema\\\/logo\\\/image\\\/\",\"url\":\"https:\\\/\\\/www.organisator.ch\\\/wp-content\\\/uploads\\\/2022\\\/01\\\/Logo_Organisator_Website.png\",\"contentUrl\":\"https:\\\/\\\/www.organisator.ch\\\/wp-content\\\/uploads\\\/2022\\\/01\\\/Logo_Organisator_Website.png\",\"width\":800,\"height\":77,\"caption\":\"Organisator\"},\"image\":{\"@id\":\"https:\\\/\\\/www.organisator.ch\\\/#\\\/schema\\\/logo\\\/image\\\/\"},\"sameAs\":[\"https:\\\/\\\/www.facebook.com\\\/OrganisatorFachmagazin\",\"https:\\\/\\\/www.linkedin.com\\\/showcase\\\/organisator-das-magazin-fr-kmu\",\"https:\\\/\\\/www.xing.com\\\/news\\\/pages\\\/organisator-ch-695\",\"https:\\\/\\\/www.youtube.com\\\/channel\\\/UCGP2Sq0iWaZwT3BdIAQFYpw\"]},{\"@type\":\"Person\",\"@id\":\"https:\\\/\\\/www.organisator.ch\\\/#\\\/schema\\\/person\\\/2e1314a2172123f874db408d8911d3f3\",\"name\":\"Adelisa Kalajdzini\",\"image\":{\"@type\":\"ImageObject\",\"inLanguage\":\"de\",\"@id\":\"https:\\\/\\\/secure.gravatar.com\\\/avatar\\\/09a397c22ac58cad6f160ee8306348599df9df58a8ede73696226897b9fa4b24?s=96&d=mm&r=g\",\"url\":\"https:\\\/\\\/secure.gravatar.com\\\/avatar\\\/09a397c22ac58cad6f160ee8306348599df9df58a8ede73696226897b9fa4b24?s=96&d=mm&r=g\",\"contentUrl\":\"https:\\\/\\\/secure.gravatar.com\\\/avatar\\\/09a397c22ac58cad6f160ee8306348599df9df58a8ede73696226897b9fa4b24?s=96&d=mm&r=g\",\"caption\":\"Adelisa Kalajdzini\"},\"url\":\"https:\\\/\\\/www.organisator.ch\\\/de\\\/author\\\/adelisa-kalajdzini\\\/\"}]}<\/script>\n<!-- \/ Yoast SEO plugin. -->","yoast_head_json":{"title":"Aus Swisscom Zoon wird die Oniva AG - Organisator","description":"Am 1. M\u00e4rz 2024 entsteht aus Zoon ein eigenst\u00e4ndiges Spin-off mit dem Namen Oniva AG.","robots":{"index":"index","follow":"follow","max-snippet":"max-snippet:-1","max-image-preview":"max-image-preview:large","max-video-preview":"max-video-preview:-1"},"canonical":"https:\/\/www.organisator.ch\/de\/management\/2024-02-29\/aus-swisscom-zoon-wird-die-oniva-ag\/","og_locale":"de_DE","og_type":"article","og_title":"Aus Swisscom Zoon wird die Oniva AG","og_description":"Am 1. M\u00e4rz 2024 entsteht aus Zoon ein eigenst\u00e4ndiges Spin-off mit dem Namen Oniva AG.","og_url":"https:\/\/www.organisator.ch\/de\/management\/2024-02-29\/aus-swisscom-zoon-wird-die-oniva-ag\/","og_site_name":"Organisator","article_publisher":"https:\/\/www.facebook.com\/OrganisatorFachmagazin","article_published_time":"2024-02-29T13:08:51+00:00","og_image":[{"width":680,"height":453,"url":"https:\/\/www.organisator.ch\/wp-content\/uploads\/2024\/02\/Swisscom-Zoon_Bild1_ps.jpg","type":"image\/jpeg"}],"author":"Adelisa Kalajdzini","twitter_card":"summary_large_image","twitter_title":"Aus Swisscom Zoon wird die Oniva AG","twitter_description":"Am 1. M\u00e4rz 2024 entsteht aus #Zoon ein eigenst\u00e4ndiges #Spin-off mit dem Namen #Oniva #AG.","twitter_image":"https:\/\/www.organisator.ch\/wp-content\/uploads\/2024\/02\/Swisscom-Zoon_Bild1_ps.jpg","schema":{"@context":"https:\/\/schema.org","@graph":[{"@type":"Article","@id":"https:\/\/www.organisator.ch\/management\/2024-02-29\/aus-swisscom-zoon-wird-die-oniva-ag\/#article","isPartOf":{"@id":"https:\/\/www.organisator.ch\/management\/2024-02-29\/aus-swisscom-zoon-wird-die-oniva-ag\/"},"author":{"name":"Adelisa Kalajdzini","@id":"https:\/\/www.organisator.ch\/#\/schema\/person\/2e1314a2172123f874db408d8911d3f3"},"headline":"Aus Swisscom Zoon wird die Oniva AG","datePublished":"2024-02-29T13:08:51+00:00","mainEntityOfPage":{"@id":"https:\/\/www.organisator.ch\/management\/2024-02-29\/aus-swisscom-zoon-wird-die-oniva-ag\/"},"wordCount":333,"publisher":{"@id":"https:\/\/www.organisator.ch\/#organization"},"image":{"@id":"https:\/\/www.organisator.ch\/management\/2024-02-29\/aus-swisscom-zoon-wird-die-oniva-ag\/#primaryimage"},"thumbnailUrl":"https:\/\/www.organisator.ch\/wp-content\/uploads\/2024\/02\/Swisscom-Zoon_Bild1_ps.jpg","keywords":["Eeventmanagement","Management","Schweiz","Unternehmen"],"articleSection":["MANAGEMENT"],"inLanguage":"de"},{"@type":"WebPage","@id":"https:\/\/www.organisator.ch\/management\/2024-02-29\/aus-swisscom-zoon-wird-die-oniva-ag\/","url":"https:\/\/www.organisator.ch\/management\/2024-02-29\/aus-swisscom-zoon-wird-die-oniva-ag\/","name":"Aus Swisscom Zoon wird die Oniva AG - Organisator","isPartOf":{"@id":"https:\/\/www.organisator.ch\/#website"},"primaryImageOfPage":{"@id":"https:\/\/www.organisator.ch\/management\/2024-02-29\/aus-swisscom-zoon-wird-die-oniva-ag\/#primaryimage"},"image":{"@id":"https:\/\/www.organisator.ch\/management\/2024-02-29\/aus-swisscom-zoon-wird-die-oniva-ag\/#primaryimage"},"thumbnailUrl":"https:\/\/www.organisator.ch\/wp-content\/uploads\/2024\/02\/Swisscom-Zoon_Bild1_ps.jpg","datePublished":"2024-02-29T13:08:51+00:00","description":"Am 1. M\u00e4rz 2024 entsteht aus Zoon ein eigenst\u00e4ndiges Spin-off mit dem Namen Oniva AG.","breadcrumb":{"@id":"https:\/\/www.organisator.ch\/management\/2024-02-29\/aus-swisscom-zoon-wird-die-oniva-ag\/#breadcrumb"},"inLanguage":"de","potentialAction":[{"@type":"ReadAction","target":["https:\/\/www.organisator.ch\/management\/2024-02-29\/aus-swisscom-zoon-wird-die-oniva-ag\/"]}]},{"@type":"ImageObject","inLanguage":"de","@id":"https:\/\/www.organisator.ch\/management\/2024-02-29\/aus-swisscom-zoon-wird-die-oniva-ag\/#primaryimage","url":"https:\/\/www.organisator.ch\/wp-content\/uploads\/2024\/02\/Swisscom-Zoon_Bild1_ps.jpg","contentUrl":"https:\/\/www.organisator.ch\/wp-content\/uploads\/2024\/02\/Swisscom-Zoon_Bild1_ps.jpg","width":680,"height":453,"caption":"Gr\u00fcnder und Mitglieder der Gesch\u00e4ftsleitung von Oniva AG sind Marc Blindenbacher, Anna Fredholm und Simon Gadient. (Bild: www.oniva.events)"},{"@type":"BreadcrumbList","@id":"https:\/\/www.organisator.ch\/management\/2024-02-29\/aus-swisscom-zoon-wird-die-oniva-ag\/#breadcrumb","itemListElement":[{"@type":"ListItem","position":1,"name":"Home","item":"https:\/\/www.organisator.ch\/"},{"@type":"ListItem","position":2,"name":"Aus Swisscom Zoon wird die Oniva AG"}]},{"@type":"WebSite","@id":"https:\/\/www.organisator.ch\/#website","url":"https:\/\/www.organisator.ch\/","name":"Organisator","description":"Kompetent. Praxisnah. Der ORGANISATOR bereitet in 10 Ausgaben pro Jahr die wesentlichen Themen f\u00fcr F\u00fchrungskr\u00e4fte von KMU auf.","publisher":{"@id":"https:\/\/www.organisator.ch\/#organization"},"potentialAction":[{"@type":"SearchAction","target":{"@type":"EntryPoint","urlTemplate":"https:\/\/www.organisator.ch\/?s={search_term_string}"},"query-input":{"@type":"PropertyValueSpecification","valueRequired":true,"valueName":"search_term_string"}}],"inLanguage":"de"},{"@type":"Organization","@id":"https:\/\/www.organisator.ch\/#organization","name":"Organisator","url":"https:\/\/www.organisator.ch\/","logo":{"@type":"ImageObject","inLanguage":"de","@id":"https:\/\/www.organisator.ch\/#\/schema\/logo\/image\/","url":"https:\/\/www.organisator.ch\/wp-content\/uploads\/2022\/01\/Logo_Organisator_Website.png","contentUrl":"https:\/\/www.organisator.ch\/wp-content\/uploads\/2022\/01\/Logo_Organisator_Website.png","width":800,"height":77,"caption":"Organisator"},"image":{"@id":"https:\/\/www.organisator.ch\/#\/schema\/logo\/image\/"},"sameAs":["https:\/\/www.facebook.com\/OrganisatorFachmagazin","https:\/\/www.linkedin.com\/showcase\/organisator-das-magazin-fr-kmu","https:\/\/www.xing.com\/news\/pages\/organisator-ch-695","https:\/\/www.youtube.com\/channel\/UCGP2Sq0iWaZwT3BdIAQFYpw"]},{"@type":"Person","@id":"https:\/\/www.organisator.ch\/#\/schema\/person\/2e1314a2172123f874db408d8911d3f3","name":"Adelisa Kalajdzini","image":{"@type":"ImageObject","inLanguage":"de","@id":"https:\/\/secure.gravatar.com\/avatar\/09a397c22ac58cad6f160ee8306348599df9df58a8ede73696226897b9fa4b24?s=96&d=mm&r=g","url":"https:\/\/secure.gravatar.com\/avatar\/09a397c22ac58cad6f160ee8306348599df9df58a8ede73696226897b9fa4b24?s=96&d=mm&r=g","contentUrl":"https:\/\/secure.gravatar.com\/avatar\/09a397c22ac58cad6f160ee8306348599df9df58a8ede73696226897b9fa4b24?s=96&d=mm&r=g","caption":"Adelisa Kalajdzini"},"url":"https:\/\/www.organisator.ch\/de\/author\/adelisa-kalajdzini\/"}]}},"_links":{"self":[{"href":"https:\/\/www.organisator.ch\/de\/wp-json\/wp\/v2\/posts\/25522","targetHints":{"allow":["GET"]}}],"collection":[{"href":"https:\/\/www.organisator.ch\/de\/wp-json\/wp\/v2\/posts"}],"about":[{"href":"https:\/\/www.organisator.ch\/de\/wp-json\/wp\/v2\/types\/post"}],"author":[{"embeddable":true,"href":"https:\/\/www.organisator.ch\/de\/wp-json\/wp\/v2\/users\/58"}],"replies":[{"embeddable":true,"href":"https:\/\/www.organisator.ch\/de\/wp-json\/wp\/v2\/comments?post=25522"}],"version-history":[{"count":4,"href":"https:\/\/www.organisator.ch\/de\/wp-json\/wp\/v2\/posts\/25522\/revisions"}],"predecessor-version":[{"id":25551,"href":"https:\/\/www.organisator.ch\/de\/wp-json\/wp\/v2\/posts\/25522\/revisions\/25551"}],"wp:featuredmedia":[{"embeddable":true,"href":"https:\/\/www.organisator.ch\/de\/wp-json\/wp\/v2\/media\/25523"}],"wp:attachment":[{"href":"https:\/\/www.organisator.ch\/de\/wp-json\/wp\/v2\/media?parent=25522"}],"wp:term":[{"taxonomy":"category","embeddable":true,"href":"https:\/\/www.organisator.ch\/de\/wp-json\/wp\/v2\/categories?post=25522"},{"taxonomy":"post_tag","embeddable":true,"href":"https:\/\/www.organisator.ch\/de\/wp-json\/wp\/v2\/tags?post=25522"}],"curies":[{"name":"wp","href":"https:\/\/api.w.org\/{rel}","templated":true}]}}