{"id":25568,"date":"2024-03-07T13:06:11","date_gmt":"2024-03-07T12:06:11","guid":{"rendered":"https:\/\/www.organisator.ch\/?p=25568"},"modified":"2024-03-01T11:06:32","modified_gmt":"2024-03-01T10:06:32","slug":"die-negativen-folgen-von-unzureichendem-offboarding","status":"publish","type":"post","link":"https:\/\/www.organisator.ch\/de\/human-resources\/2024-03-07\/die-negativen-folgen-von-unzureichendem-offboarding\/","title":{"rendered":"Die negativen Folgen von unzureichendem Offboarding"},"content":{"rendered":"<figure id=\"attachment_25570\" aria-describedby=\"caption-attachment-25570\" style=\"width: 680px\" class=\"wp-caption alignnone\"><img loading=\"lazy\" decoding=\"async\" class=\"size-full wp-image-25570\" src=\"https:\/\/www.organisator.ch\/wp-content\/uploads\/2024\/03\/Robert-Walters_Bild1_ps.jpg\" alt=\"\" width=\"680\" height=\"454\" srcset=\"https:\/\/www.organisator.ch\/wp-content\/uploads\/2024\/03\/Robert-Walters_Bild1_ps.jpg 680w, https:\/\/www.organisator.ch\/wp-content\/uploads\/2024\/03\/Robert-Walters_Bild1_ps-18x12.jpg 18w, https:\/\/www.organisator.ch\/wp-content\/uploads\/2024\/03\/Robert-Walters_Bild1_ps-375x250.jpg 375w, https:\/\/www.organisator.ch\/wp-content\/uploads\/2024\/03\/Robert-Walters_Bild1_ps-524x350.jpg 524w\" sizes=\"auto, (max-width: 680px) 100vw, 680px\" \/><figcaption id=\"caption-attachment-25570\" class=\"wp-caption-text\">Ein schlechtes Offboarding wirkt sich negativ auf die Beziehung zu dem ausscheidenden Mitarbeiter aus und schadet der Arbeitgebermarke des Unternehmens. (Bild: www.depositphotos.com)<\/figcaption><\/figure>\n<p>Wenn Mitarbeiter ausscheiden, richten Unternehmen ihre Aufmerksamkeit nat\u00fcrlich auf die Rekrutierung neuer Mitarbeiter. Es ist jedoch wichtig, auch den Offboarding-Prozess nicht aus den Augen zu verlieren. Ein schlechtes Offboarding wirkt sich nicht nur negativ auf die Beziehung zu dem ausscheidenden Mitarbeiter aus, sondern kann auch der Arbeitgebermarke des Unternehmens ernsthaften Schaden zuf\u00fcgen. Dies k\u00f6nnte m\u00f6glicherweise zu einem R\u00fcckgang der Bewerberzahlen f\u00fchren.\u00a0\u00a0\u00a0\u00a0\u00a0<\/p>\n<p>Evi Melkenbeke, HR-Managerin bei Robert Walters, erl\u00e4utert, warum Unternehmen ihren Offboarding-Prozess ernst nehmen sollten.\u00a0\u00a0\u00a0<\/p>\n<figure id=\"attachment_25571\" aria-describedby=\"caption-attachment-25571\" style=\"width: 680px\" class=\"wp-caption alignnone\"><img loading=\"lazy\" decoding=\"async\" class=\"size-full wp-image-25571\" src=\"https:\/\/www.organisator.ch\/wp-content\/uploads\/2024\/03\/Evi-Melkenbeke-photo_ps.jpg\" alt=\"\" width=\"680\" height=\"473\" srcset=\"https:\/\/www.organisator.ch\/wp-content\/uploads\/2024\/03\/Evi-Melkenbeke-photo_ps.jpg 680w, https:\/\/www.organisator.ch\/wp-content\/uploads\/2024\/03\/Evi-Melkenbeke-photo_ps-18x12.jpg 18w, https:\/\/www.organisator.ch\/wp-content\/uploads\/2024\/03\/Evi-Melkenbeke-photo_ps-375x261.jpg 375w, https:\/\/www.organisator.ch\/wp-content\/uploads\/2024\/03\/Evi-Melkenbeke-photo_ps-503x350.jpg 503w\" sizes=\"auto, (max-width: 680px) 100vw, 680px\" \/><figcaption id=\"caption-attachment-25571\" class=\"wp-caption-text\">Evi Melkenbeke, HR-Managerin bei Robert Walters. (Bild: www.robertwalters.ch)<\/figcaption><\/figure>\n<h3><strong>Warum ist Offboarding so wichtig wie Onboarding?<\/strong><\/h3>\n<p>In erster Linie dient das Offboarding dazu, alle praktischen Angelegenheiten korrekt zu erledigen. Am Ende der K\u00fcndigungsfrist sollte alles rechtlich und finanziell geregelt sein, alle Materialien zur\u00fcckgegeben und alle Online-Konten geschlossen werden.\u00a0\u00a0\u00a0<\/p>\n<p>Zum Offboarding-Prozess geh\u00f6rt auch eine gr\u00fcndliche \u00dcbergabe, entweder an die verbleibenden Kollegen oder an den Nachfolger. Auf diese Weise k\u00f6nnen Sie sicherstellen, dass Wissen und Know-how nicht mit dem ausscheidenden Mitarbeiter verschwinden und die Produktivit\u00e4t erhalten bleibt.\u00a0 Evi sagt: &#8222;Das Austrittsgespr\u00e4ch ist der letzte Schritt des Offboarding-Prozesses und sollte niemals \u00fcbersprungen werden. Wenn man sich die Gr\u00fcnde f\u00fcr das Ausscheiden eines Mitarbeiters anh\u00f6rt, erh\u00e4lt man wertvolle Erkenntnisse, um die Prozesse in Zukunft zu verbessern. Ebenso wichtig ist, dass sich der Mitarbeiter geh\u00f6rt und gesch\u00e4tzt f\u00fchlt, so dass der Abschied in einer positiven Atmosph\u00e4re stattfinden kann. Ein durchdachtes Offboarding kann sogar die T\u00fcr f\u00fcr Gegenvorschl\u00e4ge und Neueinstellungen offen lassen.\u00a0\u00a0\u00a0<\/p>\n<p>Wenn ein Arbeitgeber es vers\u00e4umt, einen angemessenen Offboarding-Prozess zu liefern, ist die gesamte, manchmal jahrelange Beziehung zum Kandidaten gef\u00e4hrdet. Wertvolle Kontakte zwischen Arbeitgeber und Arbeitnehmer k\u00f6nnen durch einen schlechten Offboarding-Prozess schnell zerst\u00f6rt werden. Der Schaden kann aber noch weiter gehen. Wenn der ehemalige Mitarbeiter beschliesst, seine negativen Erfahrungen mit seinem Netzwerk zu teilen, kann die Arbeitgebermarke oder das \u00f6ffentliche Image des Arbeitgebers stark besch\u00e4digt werden.&#8220;\u00a0\u00a0\u00a0<\/p>\n<h3><strong>Was sind h\u00e4ufige Fehler im Offboarding-Prozess?\u00a0<\/strong><\/h3>\n<p>&#8222;Einer der h\u00e4ufigsten Fehler, den Arbeitgeber machen, ist, ihren Mitarbeiter zu ignorieren, sobald dieser sein K\u00fcndigungsschreiben eingereicht hat. Dies schafft eine unangenehme Atmosph\u00e4re am Arbeitsplatz und kann zu Produktivit\u00e4ts- und Motivationsverlusten w\u00e4hrend der K\u00fcndigungsfrist f\u00fchren&#8220;, sagt Evi.\u00a0\u00a0\u00a0<\/p>\n<p>&#8222;Ein weiterer h\u00e4ufiger Fehler ist das Unterlassen eines K\u00fcndigungsgespr\u00e4chs. Dies verhindert nicht nur, dass Gegenvorschl\u00e4ge gemacht oder angenommen werden, sondern schr\u00e4nkt auch die Chancen auf ein offenes Gespr\u00e4ch oder Feedback ein. Wenn man sich nicht nach den Gr\u00fcnden erkundigt, warum ein Mitarbeiter gehen will, verpasst das Unternehmen die Gelegenheit, Verbesserungen in Bereichen vorzunehmen, an die es vielleicht noch gar nicht gedacht hat.&#8220;\u00a0\u00a0\u00a0<\/p>\n<h3><strong>Was ist der Zweck des Offboarding?\u00a0\u00a0\u00a0<\/strong><\/h3>\n<p>In einer idealen Welt w\u00fcrde der Arbeitgeber den Mitarbeiter zum Bleiben \u00fcberreden, und das Unternehmen w\u00fcrde eine L\u00f6sung f\u00fcr die im Verfahren aufgeworfenen Fragen finden. All dies w\u00fcrde zu erheblichen internen Verbesserungen und einem besseren Unternehmensimage f\u00fchren.\u00a0&#8222;Selbst wenn sich der Mitarbeiter entscheidet zu gehen, wird er mit einer positiven Einstellung gehen. Die verbleibenden Mitarbeiter werden das Gef\u00fchl haben, dass sie in einem unterst\u00fctzenden Umfeld mit einem guten Offboarding-Verfahren arbeiten. So wissen sie, dass sie in einer \u00e4hnlichen Situation offen mit ihrem Arbeitgeber \u00fcber alle Probleme sprechen k\u00f6nnen, bevor sie eine Entscheidung treffen&#8220;, schliesst Evi.\u00a0<\/p>\n<p><em>Quelle: <a href=\"http:\/\/www.robertwalters.ch\">www.robertwalters.ch<\/a><\/em><\/p>\n","protected":false},"excerpt":{"rendered":"<p>2024 verspricht ein entscheidendes Jahr zu werden, wenn es um die Bindung von Talenten geht. Eine aktuelle Studie des Schweizer Rekrutierungsspezialisten Robert Walters zeigt, dass einer von drei Arbeitgebern im vergangenen Jahr bereits Top-Talente verlassen hat.   <\/p>\n","protected":false},"author":58,"featured_media":25570,"comment_status":"closed","ping_status":"closed","sticky":false,"template":"","format":"standard","meta":{"_acf_changed":false,"_yoast_wpseo_focuskw":"Offboarding","_yoast_wpseo_metadesc":"Eine aktuelle Studie von Robert Walters zeigt, dass einer von drei Arbeitgebern im vergangenen Jahr bereits Top-Talente verlassen hat.","articlekey":"","footnotes":""},"categories":[579],"tags":[3506,3638,459,492],"class_list":["post-25568","post","type-post","status-publish","format-standard","has-post-thumbnail","hentry","category-human-resources","tag-human-resources","tag-offboarding","tag-studie","tag-unternehmen"],"acf":[],"yoast_head":"<!-- This site is optimized with the Yoast SEO plugin v27.5 - https:\/\/yoast.com\/product\/yoast-seo-wordpress\/ -->\n<title>Die negativen Folgen von unzureichendem Offboarding - Organisator<\/title>\n<meta name=\"description\" content=\"Eine aktuelle Studie von Robert Walters zeigt, dass einer von drei Arbeitgebern im vergangenen Jahr bereits Top-Talente verlassen hat.\" \/>\n<meta name=\"robots\" content=\"index, follow, max-snippet:-1, max-image-preview:large, max-video-preview:-1\" \/>\n<link rel=\"canonical\" href=\"https:\/\/www.organisator.ch\/de\/human-resources\/2024-03-07\/die-negativen-folgen-von-unzureichendem-offboarding\/\" \/>\n<meta property=\"og:locale\" content=\"de_DE\" \/>\n<meta property=\"og:type\" content=\"article\" \/>\n<meta property=\"og:title\" content=\"Die negativen Folgen von unzureichendem Offboarding\" \/>\n<meta property=\"og:description\" content=\"Eine aktuelle Studie von Robert Walters zeigt, dass einer von drei Arbeitgebern im vergangenen Jahr bereits Top-Talente verlassen hat.\" \/>\n<meta property=\"og:url\" content=\"https:\/\/www.organisator.ch\/de\/human-resources\/2024-03-07\/die-negativen-folgen-von-unzureichendem-offboarding\/\" \/>\n<meta property=\"og:site_name\" content=\"Organisator\" \/>\n<meta property=\"article:publisher\" content=\"https:\/\/www.facebook.com\/OrganisatorFachmagazin\" \/>\n<meta property=\"article:published_time\" content=\"2024-03-07T12:06:11+00:00\" \/>\n<meta property=\"og:image\" content=\"https:\/\/www.organisator.ch\/wp-content\/uploads\/2024\/03\/Robert-Walters_Bild1_ps.jpg\" \/>\n\t<meta property=\"og:image:width\" content=\"680\" \/>\n\t<meta property=\"og:image:height\" content=\"454\" \/>\n\t<meta property=\"og:image:type\" content=\"image\/jpeg\" \/>\n<meta name=\"author\" content=\"Adelisa Kalajdzini\" \/>\n<meta name=\"twitter:card\" content=\"summary_large_image\" \/>\n<meta name=\"twitter:title\" content=\"Die negativen Folgen von unzureichendem Offboarding\" \/>\n<meta name=\"twitter:description\" content=\"Eine aktuelle #Studie von #Robert #Walters zeigt, dass einer von drei #Arbeitgebern im vergangenen Jahr bereits #Top-Talente verlassen hat.\" \/>\n<meta name=\"twitter:image\" content=\"https:\/\/www.organisator.ch\/wp-content\/uploads\/2024\/03\/Robert-Walters_Bild1_ps.jpg\" \/>\n<script type=\"application\/ld+json\" class=\"yoast-schema-graph\">{\"@context\":\"https:\\\/\\\/schema.org\",\"@graph\":[{\"@type\":\"Article\",\"@id\":\"https:\\\/\\\/www.organisator.ch\\\/human-resources\\\/2024-03-07\\\/die-negativen-folgen-von-unzureichendem-offboarding\\\/#article\",\"isPartOf\":{\"@id\":\"https:\\\/\\\/www.organisator.ch\\\/human-resources\\\/2024-03-07\\\/die-negativen-folgen-von-unzureichendem-offboarding\\\/\"},\"author\":{\"name\":\"Adelisa Kalajdzini\",\"@id\":\"https:\\\/\\\/www.organisator.ch\\\/#\\\/schema\\\/person\\\/2e1314a2172123f874db408d8911d3f3\"},\"headline\":\"Die negativen Folgen von unzureichendem Offboarding\",\"datePublished\":\"2024-03-07T12:06:11+00:00\",\"mainEntityOfPage\":{\"@id\":\"https:\\\/\\\/www.organisator.ch\\\/human-resources\\\/2024-03-07\\\/die-negativen-folgen-von-unzureichendem-offboarding\\\/\"},\"wordCount\":605,\"publisher\":{\"@id\":\"https:\\\/\\\/www.organisator.ch\\\/#organization\"},\"image\":{\"@id\":\"https:\\\/\\\/www.organisator.ch\\\/human-resources\\\/2024-03-07\\\/die-negativen-folgen-von-unzureichendem-offboarding\\\/#primaryimage\"},\"thumbnailUrl\":\"https:\\\/\\\/www.organisator.ch\\\/wp-content\\\/uploads\\\/2024\\\/03\\\/Robert-Walters_Bild1_ps.jpg\",\"keywords\":[\"Human Resources\",\"Offboarding\",\"Studie\",\"Unternehmen\"],\"articleSection\":[\"HUMAN RESOURCES\"],\"inLanguage\":\"de\"},{\"@type\":\"WebPage\",\"@id\":\"https:\\\/\\\/www.organisator.ch\\\/human-resources\\\/2024-03-07\\\/die-negativen-folgen-von-unzureichendem-offboarding\\\/\",\"url\":\"https:\\\/\\\/www.organisator.ch\\\/human-resources\\\/2024-03-07\\\/die-negativen-folgen-von-unzureichendem-offboarding\\\/\",\"name\":\"Die negativen Folgen von unzureichendem Offboarding - Organisator\",\"isPartOf\":{\"@id\":\"https:\\\/\\\/www.organisator.ch\\\/#website\"},\"primaryImageOfPage\":{\"@id\":\"https:\\\/\\\/www.organisator.ch\\\/human-resources\\\/2024-03-07\\\/die-negativen-folgen-von-unzureichendem-offboarding\\\/#primaryimage\"},\"image\":{\"@id\":\"https:\\\/\\\/www.organisator.ch\\\/human-resources\\\/2024-03-07\\\/die-negativen-folgen-von-unzureichendem-offboarding\\\/#primaryimage\"},\"thumbnailUrl\":\"https:\\\/\\\/www.organisator.ch\\\/wp-content\\\/uploads\\\/2024\\\/03\\\/Robert-Walters_Bild1_ps.jpg\",\"datePublished\":\"2024-03-07T12:06:11+00:00\",\"description\":\"Eine aktuelle Studie von Robert Walters zeigt, dass einer von drei Arbeitgebern im vergangenen Jahr bereits Top-Talente verlassen hat.\",\"breadcrumb\":{\"@id\":\"https:\\\/\\\/www.organisator.ch\\\/human-resources\\\/2024-03-07\\\/die-negativen-folgen-von-unzureichendem-offboarding\\\/#breadcrumb\"},\"inLanguage\":\"de\",\"potentialAction\":[{\"@type\":\"ReadAction\",\"target\":[\"https:\\\/\\\/www.organisator.ch\\\/human-resources\\\/2024-03-07\\\/die-negativen-folgen-von-unzureichendem-offboarding\\\/\"]}]},{\"@type\":\"ImageObject\",\"inLanguage\":\"de\",\"@id\":\"https:\\\/\\\/www.organisator.ch\\\/human-resources\\\/2024-03-07\\\/die-negativen-folgen-von-unzureichendem-offboarding\\\/#primaryimage\",\"url\":\"https:\\\/\\\/www.organisator.ch\\\/wp-content\\\/uploads\\\/2024\\\/03\\\/Robert-Walters_Bild1_ps.jpg\",\"contentUrl\":\"https:\\\/\\\/www.organisator.ch\\\/wp-content\\\/uploads\\\/2024\\\/03\\\/Robert-Walters_Bild1_ps.jpg\",\"width\":680,\"height\":454,\"caption\":\"Ein schlechtes Offboarding wirkt sich negativ auf die Beziehung zu dem ausscheidenden Mitarbeiter aus und schadet der Arbeitgebermarke des Unternehmens. (Bild: www.depositphotos.com)\"},{\"@type\":\"BreadcrumbList\",\"@id\":\"https:\\\/\\\/www.organisator.ch\\\/human-resources\\\/2024-03-07\\\/die-negativen-folgen-von-unzureichendem-offboarding\\\/#breadcrumb\",\"itemListElement\":[{\"@type\":\"ListItem\",\"position\":1,\"name\":\"Home\",\"item\":\"https:\\\/\\\/www.organisator.ch\\\/\"},{\"@type\":\"ListItem\",\"position\":2,\"name\":\"Die negativen Folgen von unzureichendem Offboarding\"}]},{\"@type\":\"WebSite\",\"@id\":\"https:\\\/\\\/www.organisator.ch\\\/#website\",\"url\":\"https:\\\/\\\/www.organisator.ch\\\/\",\"name\":\"Organisator\",\"description\":\"Kompetent. Praxisnah. Der ORGANISATOR bereitet in 10 Ausgaben pro Jahr die wesentlichen Themen f\u00fcr F\u00fchrungskr\u00e4fte von KMU auf.\",\"publisher\":{\"@id\":\"https:\\\/\\\/www.organisator.ch\\\/#organization\"},\"potentialAction\":[{\"@type\":\"SearchAction\",\"target\":{\"@type\":\"EntryPoint\",\"urlTemplate\":\"https:\\\/\\\/www.organisator.ch\\\/?s={search_term_string}\"},\"query-input\":{\"@type\":\"PropertyValueSpecification\",\"valueRequired\":true,\"valueName\":\"search_term_string\"}}],\"inLanguage\":\"de\"},{\"@type\":\"Organization\",\"@id\":\"https:\\\/\\\/www.organisator.ch\\\/#organization\",\"name\":\"Organisator\",\"url\":\"https:\\\/\\\/www.organisator.ch\\\/\",\"logo\":{\"@type\":\"ImageObject\",\"inLanguage\":\"de\",\"@id\":\"https:\\\/\\\/www.organisator.ch\\\/#\\\/schema\\\/logo\\\/image\\\/\",\"url\":\"https:\\\/\\\/www.organisator.ch\\\/wp-content\\\/uploads\\\/2022\\\/01\\\/Logo_Organisator_Website.png\",\"contentUrl\":\"https:\\\/\\\/www.organisator.ch\\\/wp-content\\\/uploads\\\/2022\\\/01\\\/Logo_Organisator_Website.png\",\"width\":800,\"height\":77,\"caption\":\"Organisator\"},\"image\":{\"@id\":\"https:\\\/\\\/www.organisator.ch\\\/#\\\/schema\\\/logo\\\/image\\\/\"},\"sameAs\":[\"https:\\\/\\\/www.facebook.com\\\/OrganisatorFachmagazin\",\"https:\\\/\\\/www.linkedin.com\\\/showcase\\\/organisator-das-magazin-fr-kmu\",\"https:\\\/\\\/www.xing.com\\\/news\\\/pages\\\/organisator-ch-695\",\"https:\\\/\\\/www.youtube.com\\\/channel\\\/UCGP2Sq0iWaZwT3BdIAQFYpw\"]},{\"@type\":\"Person\",\"@id\":\"https:\\\/\\\/www.organisator.ch\\\/#\\\/schema\\\/person\\\/2e1314a2172123f874db408d8911d3f3\",\"name\":\"Adelisa Kalajdzini\",\"image\":{\"@type\":\"ImageObject\",\"inLanguage\":\"de\",\"@id\":\"https:\\\/\\\/secure.gravatar.com\\\/avatar\\\/09a397c22ac58cad6f160ee8306348599df9df58a8ede73696226897b9fa4b24?s=96&d=mm&r=g\",\"url\":\"https:\\\/\\\/secure.gravatar.com\\\/avatar\\\/09a397c22ac58cad6f160ee8306348599df9df58a8ede73696226897b9fa4b24?s=96&d=mm&r=g\",\"contentUrl\":\"https:\\\/\\\/secure.gravatar.com\\\/avatar\\\/09a397c22ac58cad6f160ee8306348599df9df58a8ede73696226897b9fa4b24?s=96&d=mm&r=g\",\"caption\":\"Adelisa Kalajdzini\"},\"url\":\"https:\\\/\\\/www.organisator.ch\\\/de\\\/author\\\/adelisa-kalajdzini\\\/\"}]}<\/script>\n<!-- \/ Yoast SEO plugin. -->","yoast_head_json":{"title":"Die negativen Folgen von unzureichendem Offboarding - Organisator","description":"Eine aktuelle Studie von Robert Walters zeigt, dass einer von drei Arbeitgebern im vergangenen Jahr bereits Top-Talente verlassen hat.","robots":{"index":"index","follow":"follow","max-snippet":"max-snippet:-1","max-image-preview":"max-image-preview:large","max-video-preview":"max-video-preview:-1"},"canonical":"https:\/\/www.organisator.ch\/de\/human-resources\/2024-03-07\/die-negativen-folgen-von-unzureichendem-offboarding\/","og_locale":"de_DE","og_type":"article","og_title":"Die negativen Folgen von unzureichendem Offboarding","og_description":"Eine aktuelle Studie von Robert Walters zeigt, dass einer von drei Arbeitgebern im vergangenen Jahr bereits Top-Talente verlassen hat.","og_url":"https:\/\/www.organisator.ch\/de\/human-resources\/2024-03-07\/die-negativen-folgen-von-unzureichendem-offboarding\/","og_site_name":"Organisator","article_publisher":"https:\/\/www.facebook.com\/OrganisatorFachmagazin","article_published_time":"2024-03-07T12:06:11+00:00","og_image":[{"width":680,"height":454,"url":"https:\/\/www.organisator.ch\/wp-content\/uploads\/2024\/03\/Robert-Walters_Bild1_ps.jpg","type":"image\/jpeg"}],"author":"Adelisa Kalajdzini","twitter_card":"summary_large_image","twitter_title":"Die negativen Folgen von unzureichendem Offboarding","twitter_description":"Eine aktuelle #Studie von #Robert #Walters zeigt, dass einer von drei #Arbeitgebern im vergangenen Jahr bereits #Top-Talente verlassen hat.","twitter_image":"https:\/\/www.organisator.ch\/wp-content\/uploads\/2024\/03\/Robert-Walters_Bild1_ps.jpg","schema":{"@context":"https:\/\/schema.org","@graph":[{"@type":"Article","@id":"https:\/\/www.organisator.ch\/human-resources\/2024-03-07\/die-negativen-folgen-von-unzureichendem-offboarding\/#article","isPartOf":{"@id":"https:\/\/www.organisator.ch\/human-resources\/2024-03-07\/die-negativen-folgen-von-unzureichendem-offboarding\/"},"author":{"name":"Adelisa Kalajdzini","@id":"https:\/\/www.organisator.ch\/#\/schema\/person\/2e1314a2172123f874db408d8911d3f3"},"headline":"Die negativen Folgen von unzureichendem Offboarding","datePublished":"2024-03-07T12:06:11+00:00","mainEntityOfPage":{"@id":"https:\/\/www.organisator.ch\/human-resources\/2024-03-07\/die-negativen-folgen-von-unzureichendem-offboarding\/"},"wordCount":605,"publisher":{"@id":"https:\/\/www.organisator.ch\/#organization"},"image":{"@id":"https:\/\/www.organisator.ch\/human-resources\/2024-03-07\/die-negativen-folgen-von-unzureichendem-offboarding\/#primaryimage"},"thumbnailUrl":"https:\/\/www.organisator.ch\/wp-content\/uploads\/2024\/03\/Robert-Walters_Bild1_ps.jpg","keywords":["Human Resources","Offboarding","Studie","Unternehmen"],"articleSection":["HUMAN RESOURCES"],"inLanguage":"de"},{"@type":"WebPage","@id":"https:\/\/www.organisator.ch\/human-resources\/2024-03-07\/die-negativen-folgen-von-unzureichendem-offboarding\/","url":"https:\/\/www.organisator.ch\/human-resources\/2024-03-07\/die-negativen-folgen-von-unzureichendem-offboarding\/","name":"Die negativen Folgen von unzureichendem Offboarding - Organisator","isPartOf":{"@id":"https:\/\/www.organisator.ch\/#website"},"primaryImageOfPage":{"@id":"https:\/\/www.organisator.ch\/human-resources\/2024-03-07\/die-negativen-folgen-von-unzureichendem-offboarding\/#primaryimage"},"image":{"@id":"https:\/\/www.organisator.ch\/human-resources\/2024-03-07\/die-negativen-folgen-von-unzureichendem-offboarding\/#primaryimage"},"thumbnailUrl":"https:\/\/www.organisator.ch\/wp-content\/uploads\/2024\/03\/Robert-Walters_Bild1_ps.jpg","datePublished":"2024-03-07T12:06:11+00:00","description":"Eine aktuelle Studie von Robert Walters zeigt, dass einer von drei Arbeitgebern im vergangenen Jahr bereits Top-Talente verlassen hat.","breadcrumb":{"@id":"https:\/\/www.organisator.ch\/human-resources\/2024-03-07\/die-negativen-folgen-von-unzureichendem-offboarding\/#breadcrumb"},"inLanguage":"de","potentialAction":[{"@type":"ReadAction","target":["https:\/\/www.organisator.ch\/human-resources\/2024-03-07\/die-negativen-folgen-von-unzureichendem-offboarding\/"]}]},{"@type":"ImageObject","inLanguage":"de","@id":"https:\/\/www.organisator.ch\/human-resources\/2024-03-07\/die-negativen-folgen-von-unzureichendem-offboarding\/#primaryimage","url":"https:\/\/www.organisator.ch\/wp-content\/uploads\/2024\/03\/Robert-Walters_Bild1_ps.jpg","contentUrl":"https:\/\/www.organisator.ch\/wp-content\/uploads\/2024\/03\/Robert-Walters_Bild1_ps.jpg","width":680,"height":454,"caption":"Ein schlechtes Offboarding wirkt sich negativ auf die Beziehung zu dem ausscheidenden Mitarbeiter aus und schadet der Arbeitgebermarke des Unternehmens. (Bild: www.depositphotos.com)"},{"@type":"BreadcrumbList","@id":"https:\/\/www.organisator.ch\/human-resources\/2024-03-07\/die-negativen-folgen-von-unzureichendem-offboarding\/#breadcrumb","itemListElement":[{"@type":"ListItem","position":1,"name":"Home","item":"https:\/\/www.organisator.ch\/"},{"@type":"ListItem","position":2,"name":"Die negativen Folgen von unzureichendem Offboarding"}]},{"@type":"WebSite","@id":"https:\/\/www.organisator.ch\/#website","url":"https:\/\/www.organisator.ch\/","name":"Organisator","description":"Kompetent. Praxisnah. Der ORGANISATOR bereitet in 10 Ausgaben pro Jahr die wesentlichen Themen f\u00fcr F\u00fchrungskr\u00e4fte von KMU auf.","publisher":{"@id":"https:\/\/www.organisator.ch\/#organization"},"potentialAction":[{"@type":"SearchAction","target":{"@type":"EntryPoint","urlTemplate":"https:\/\/www.organisator.ch\/?s={search_term_string}"},"query-input":{"@type":"PropertyValueSpecification","valueRequired":true,"valueName":"search_term_string"}}],"inLanguage":"de"},{"@type":"Organization","@id":"https:\/\/www.organisator.ch\/#organization","name":"Organisator","url":"https:\/\/www.organisator.ch\/","logo":{"@type":"ImageObject","inLanguage":"de","@id":"https:\/\/www.organisator.ch\/#\/schema\/logo\/image\/","url":"https:\/\/www.organisator.ch\/wp-content\/uploads\/2022\/01\/Logo_Organisator_Website.png","contentUrl":"https:\/\/www.organisator.ch\/wp-content\/uploads\/2022\/01\/Logo_Organisator_Website.png","width":800,"height":77,"caption":"Organisator"},"image":{"@id":"https:\/\/www.organisator.ch\/#\/schema\/logo\/image\/"},"sameAs":["https:\/\/www.facebook.com\/OrganisatorFachmagazin","https:\/\/www.linkedin.com\/showcase\/organisator-das-magazin-fr-kmu","https:\/\/www.xing.com\/news\/pages\/organisator-ch-695","https:\/\/www.youtube.com\/channel\/UCGP2Sq0iWaZwT3BdIAQFYpw"]},{"@type":"Person","@id":"https:\/\/www.organisator.ch\/#\/schema\/person\/2e1314a2172123f874db408d8911d3f3","name":"Adelisa Kalajdzini","image":{"@type":"ImageObject","inLanguage":"de","@id":"https:\/\/secure.gravatar.com\/avatar\/09a397c22ac58cad6f160ee8306348599df9df58a8ede73696226897b9fa4b24?s=96&d=mm&r=g","url":"https:\/\/secure.gravatar.com\/avatar\/09a397c22ac58cad6f160ee8306348599df9df58a8ede73696226897b9fa4b24?s=96&d=mm&r=g","contentUrl":"https:\/\/secure.gravatar.com\/avatar\/09a397c22ac58cad6f160ee8306348599df9df58a8ede73696226897b9fa4b24?s=96&d=mm&r=g","caption":"Adelisa Kalajdzini"},"url":"https:\/\/www.organisator.ch\/de\/author\/adelisa-kalajdzini\/"}]}},"_links":{"self":[{"href":"https:\/\/www.organisator.ch\/de\/wp-json\/wp\/v2\/posts\/25568","targetHints":{"allow":["GET"]}}],"collection":[{"href":"https:\/\/www.organisator.ch\/de\/wp-json\/wp\/v2\/posts"}],"about":[{"href":"https:\/\/www.organisator.ch\/de\/wp-json\/wp\/v2\/types\/post"}],"author":[{"embeddable":true,"href":"https:\/\/www.organisator.ch\/de\/wp-json\/wp\/v2\/users\/58"}],"replies":[{"embeddable":true,"href":"https:\/\/www.organisator.ch\/de\/wp-json\/wp\/v2\/comments?post=25568"}],"version-history":[{"count":6,"href":"https:\/\/www.organisator.ch\/de\/wp-json\/wp\/v2\/posts\/25568\/revisions"}],"predecessor-version":[{"id":25778,"href":"https:\/\/www.organisator.ch\/de\/wp-json\/wp\/v2\/posts\/25568\/revisions\/25778"}],"wp:featuredmedia":[{"embeddable":true,"href":"https:\/\/www.organisator.ch\/de\/wp-json\/wp\/v2\/media\/25570"}],"wp:attachment":[{"href":"https:\/\/www.organisator.ch\/de\/wp-json\/wp\/v2\/media?parent=25568"}],"wp:term":[{"taxonomy":"category","embeddable":true,"href":"https:\/\/www.organisator.ch\/de\/wp-json\/wp\/v2\/categories?post=25568"},{"taxonomy":"post_tag","embeddable":true,"href":"https:\/\/www.organisator.ch\/de\/wp-json\/wp\/v2\/tags?post=25568"}],"curies":[{"name":"wp","href":"https:\/\/api.w.org\/{rel}","templated":true}]}}