{"id":25622,"date":"2024-03-05T09:00:28","date_gmt":"2024-03-05T08:00:28","guid":{"rendered":"https:\/\/www.m-q.ch\/?p=19384"},"modified":"2024-11-11T11:07:27","modified_gmt":"2024-11-11T10:07:27","slug":"ingenieurinnen-und-ingenieure-uebernehmen-bildungsverantwortung","status":"publish","type":"post","link":"https:\/\/www.organisator.ch\/de\/operational-excellence\/2024-03-05\/ingenieurinnen-und-ingenieure-uebernehmen-bildungsverantwortung\/","title":{"rendered":"Ingenieurinnen und Ingenieure \u00fcbernehmen Bildungsverantwortung"},"content":{"rendered":"<figure id=\"attachment_19386\" class=\"wp-caption alignnone\" style=\"width: 680px\" aria-describedby=\"caption-attachment-19386\"><img class=\"alignnone wp-image-19386 size-full\" src=\"https:\/\/www.m-q.ch\/wp-content\/uploads\/2024\/03\/Suisse.ing_Bild1_ps.jpg\" alt=\"Ingenieurwesen Buchverteilung\" width=\"680\" height=\"403\" \/>\r\n<figcaption id=\"caption-attachment-19386\" class=\"wp-caption-text\">Rund 750 B\u00fccher mit dem Titel \u00abRund um Ingenieurwesen \u2013 Planung \u2013 Technik\u00bb werden in der Zukunft direkt von Ingenieurinnen und Ingenieuren an Sch\u00fclerinnen und Sch\u00fcler verteilt. (Bild: www.suisse.ing)<\/figcaption>\r\n<\/figure>\r\n<h3><strong>Systemrelevanz der Ingenieurleistungen und Fachkr\u00e4ftebedarf <\/strong><\/h3>\r\n<p>Die Schweizer Infrastruktur hat einen Wiederbeschaffungswert von \u00fcber CHF 500 Milliarden und bildet eine wesentliche Grundlage f\u00fcr die wirtschaftliche Entwicklung des Landes. suisse.ing-Pr\u00e4sident Andrea Galli betonte, dass Ingenieurinnen und Ingenieure eine Schl\u00fcsselrolle in der Bew\u00e4ltigung gesellschaftlicher Herausforderungen wie Mobilit\u00e4t, Klimawandel und Energiewende spielen.<\/p>\r\n<h3><strong>Die Schweiz ist sich einer hochwertigen Infrastruktur gewohnt <\/strong><\/h3>\r\n<p>Die Schweiz ist international bekannt f\u00fcr ihre qualitativ hochstehende Infrastruktur. Leider fehlt aber das Bewusstsein f\u00fcr die Bedeutung dieser Infrastrukturen und damit auch der Ingenieurbranche. Der Erhalt und die Entwicklung der Infrastrukturen sind essenziell f\u00fcr die wirtschaftliche Entwicklung des Landes, die Versorgung der Bev\u00f6lkerung mit lebenswichtigen Grundlagen sowie das moderne gesellschaftliche und soziale Leben. Instandhaltung, Sanierung und Ausbau der Schweizer Infrastruktur sind die essenziellen Bed\u00fcrfnisse des Landes und erfordern eine hochstehende Forschung und Lehre in Infrastrukturthemen.<\/p>\r\n<h3><strong>Gravierenden Folgen durch Budgetk\u00fcrzungen des Bundes <\/strong><\/h3>\r\n<p>Gleichzeitig k\u00e4mpft die Branche mit einem Fachkr\u00e4ftemangel historischen Ausmasses, der dringend angegangen werden muss. Gem\u00e4ss Prognosen des Staatssekretariats f\u00fcr Wirtschaft (SECO) leiden die Bereiche des Ingenieurwesens am st\u00e4rksten unter dem strukturellen Mangel an Arbeitskr\u00e4ften mit terti\u00e4rem Bildungsabschluss. Zahlreiche aktuelle gesellschaftliche Herausforderungen sind direkt vom Fachwissen der Ingenieurinnen und Ingenieure abh\u00e4ngig. Gleichzeitig stehen die Ingenieurwissenschaften vor Herausforderungen wie Budgetk\u00fcrzungen in Lehre und Forschung. \u00abUm eine stabile Infrastruktur gew\u00e4hrleisten zu k\u00f6nnen, m\u00fcssen der Bund, Bildung und Wirtschaft gemeinsam handeln. Wenn aus Budgetgr\u00fcnden Studienpl\u00e4tze gestrichen, Professuren nicht besetzt und die Grundlagenforschung minimiert werden, hat dies gravierende Folgen f\u00fcr die gesamte Infrastruktur der Schweiz\u00bb, sagte Andrea Galli, Pr\u00e4sident suisse.ing.<\/p>\r\n<h3><strong>Aufkl\u00e4rungsarbeit: Aktivit\u00e4ten der Privatwirtschaft und gemeinsame Initiativen \u00a0<\/strong><\/h3>\r\n<p>Die Privatwirtschaft engagiert sich aktiv in der Nachwuchsf\u00f6rderung, bietet Technikwochen, M\u00e4dchentage und Workshops an und informiert \u00fcber die Vielfalt der Ingenieurberufe. Im Rahmen des UNESCO World Engineers\u2018 Day wurde eine neue Initiative der Verb\u00e4nde suisse.ing, IngCH, SVIN und SIA vorgestellt. Rund 750 B\u00fccher mit dem Titel \u00abRund um Ingenieurwesen \u2013 Planung \u2013 Technik\u00bb werden in der Zukunft direkt von Ingenieurinnen und Ingenieuren an Sch\u00fclerinnen und Sch\u00fcler verteilt. Sie gehen in Schulen, um Kindern und Jugendlichen die Faszination der Branche n\u00e4herzubringen. \u00abJedes Kind ist eine potenzielle Ingenieurin oder ein potenzieller Ingenieur. Die direkte Interaktion mit den Schulen ist ein wichtiger Bestandteil, um das Bewusstsein f\u00fcr unsere Branche, die Attraktivit\u00e4t der verschiedenen Ingenieurberufe zu steigern und mehr Fachkr\u00e4fte f\u00fcr unsere Branche zu gewinnen\u00bb, so Livia Brahier, Leiterin Kommunikation suisse.ing.<\/p>\r\n<h3><strong>Pers\u00f6nliche Perspektiven und Praxisbeispiele <\/strong><\/h3>\r\n<p>Am\u00e9lie Rieder, MSc in Bauingenieurwissenschaften EPFL, Emch+Berger AG Bern, berichtete aus erster Hand \u00fcber ihren Entscheid, Ingenieurin zu werden und ihre Erfahrungen als junge Frau in der Branche. Sie sprach \u00fcber die Vielfalt und die Individualit\u00e4t jedes einzelnen Projektes, die Faszination f\u00fcr Technologie, wie auch \u00fcber die zwischenmenschliche Zusammenarbeit, die dieser Beruf mit sich bringt.<\/p>\r\n<p><em>Quelle: <a href=\"http:\/\/www.suisse.ing\/\">www.suisse.ing<\/a><\/em><\/p>\n<p class=\"syndicated-attribution\">Dieser Beitrag erschien urspr\u00fcnglich auf m-q.ch - <a href=\"https:\/\/www.m-q.ch\/de\/ingenieurinnen-und-ingenieure-uebernehmen-bildungsverantwortung\/\" target=\"_blank\">https:\/\/www.m-q.ch\/de\/ingenieurinnen-und-ingenieure-uebernehmen-bildungsverantwortung\/<\/a><\/p>","protected":false},"excerpt":{"rendered":"<p>Anl\u00e4sslich des UNESCO World Engineers&#8216; Day fand am 4. M\u00e4rz in den R\u00e4umlichkeiten der Emch+Berger AG in Bern eine wegweisende Medienkonferenz statt, die von suisse.ing, IngCH, SVIN und SIA gemeinsam organisiert wurde. Unter dem Motto \u00abIngenieurinnen und Ingenieure \u00fcbernehmen Bildungsverantwortung\u00bb wurden wichtige Themen rund um die Bedeutung der Ingenieurberufe f\u00fcr die Schweizer Gesellschaft und Wirtschaft beleuchtet. Gleichzeitig wurde eine neue Initiative vorgestellt, die der Wertsch\u00e4tzung der Ingenieurbranche und der Gewinnung von zuk\u00fcnftigen Fachkr\u00e4ften einen Schub verleihen soll.<\/p>\n","protected":false},"author":58,"featured_media":0,"comment_status":"closed","ping_status":"closed","sticky":false,"template":"","format":"standard","meta":{"_acf_changed":false,"_yoast_wpseo_focuskw":"Ingenieurwesen Buchverteilung","_yoast_wpseo_metadesc":"Ingenieurwesen Buchverteilung: 750 B\u00fccher an Sch\u00fcler. F\u00f6rderung des Interesses an Ingenieurberufen.","articlekey":"","footnotes":""},"categories":[582],"tags":[814,3768,605,424],"class_list":["post-25622","post","type-post","status-publish","format-standard","hentry","category-operational-excellence","tag-bildung","tag-ingenieurwesen","tag-qualitaetsmanagement","tag-schweiz"],"acf":[],"yoast_head":"<!-- This site is optimized with the Yoast SEO plugin v27.5 - https:\/\/yoast.com\/product\/yoast-seo-wordpress\/ -->\n<title>Ingenieurinnen und Ingenieure \u00fcbernehmen Bildungsverantwortung - Organisator<\/title>\n<meta name=\"description\" content=\"Ingenieurwesen Buchverteilung: 750 B\u00fccher an Sch\u00fcler. F\u00f6rderung des Interesses an Ingenieurberufen.\" \/>\n<meta name=\"robots\" content=\"index, follow, max-snippet:-1, max-image-preview:large, max-video-preview:-1\" \/>\n<link rel=\"canonical\" href=\"https:\/\/www.organisator.ch\/de\/operational-excellence\/2024-03-05\/ingenieurinnen-und-ingenieure-uebernehmen-bildungsverantwortung\/\" \/>\n<meta property=\"og:locale\" content=\"de_DE\" \/>\n<meta property=\"og:type\" content=\"article\" \/>\n<meta property=\"og:title\" content=\"Ingenieurinnen und Ingenieure \u00fcbernehmen Bildungsverantwortung - Organisator\" \/>\n<meta property=\"og:description\" content=\"Ingenieurwesen Buchverteilung: 750 B\u00fccher an Sch\u00fcler. F\u00f6rderung des Interesses an Ingenieurberufen.\" \/>\n<meta property=\"og:url\" content=\"https:\/\/www.organisator.ch\/de\/operational-excellence\/2024-03-05\/ingenieurinnen-und-ingenieure-uebernehmen-bildungsverantwortung\/\" \/>\n<meta property=\"og:site_name\" content=\"Organisator\" \/>\n<meta property=\"article:publisher\" content=\"https:\/\/www.facebook.com\/OrganisatorFachmagazin\" \/>\n<meta property=\"article:published_time\" content=\"2024-03-05T08:00:28+00:00\" \/>\n<meta property=\"article:modified_time\" content=\"2024-11-11T10:07:27+00:00\" \/>\n<meta property=\"og:image\" content=\"https:\/\/www.m-q.ch\/wp-content\/uploads\/2024\/03\/Suisse.ing_Bild1_ps.jpg\" \/>\n<meta name=\"author\" content=\"Adelisa Kalajdzini\" \/>\n<meta name=\"twitter:card\" content=\"summary_large_image\" \/>\n<script type=\"application\/ld+json\" class=\"yoast-schema-graph\">{\"@context\":\"https:\\\/\\\/schema.org\",\"@graph\":[{\"@type\":\"Article\",\"@id\":\"https:\\\/\\\/www.organisator.ch\\\/operational-excellence\\\/2024-03-05\\\/ingenieurinnen-und-ingenieure-uebernehmen-bildungsverantwortung\\\/#article\",\"isPartOf\":{\"@id\":\"https:\\\/\\\/www.organisator.ch\\\/operational-excellence\\\/2024-03-05\\\/ingenieurinnen-und-ingenieure-uebernehmen-bildungsverantwortung\\\/\"},\"author\":{\"name\":\"Adelisa Kalajdzini\",\"@id\":\"https:\\\/\\\/www.organisator.ch\\\/#\\\/schema\\\/person\\\/2e1314a2172123f874db408d8911d3f3\"},\"headline\":\"Ingenieurinnen und Ingenieure \u00fcbernehmen Bildungsverantwortung\",\"datePublished\":\"2024-03-05T08:00:28+00:00\",\"dateModified\":\"2024-11-11T10:07:27+00:00\",\"mainEntityOfPage\":{\"@id\":\"https:\\\/\\\/www.organisator.ch\\\/operational-excellence\\\/2024-03-05\\\/ingenieurinnen-und-ingenieure-uebernehmen-bildungsverantwortung\\\/\"},\"wordCount\":522,\"publisher\":{\"@id\":\"https:\\\/\\\/www.organisator.ch\\\/#organization\"},\"image\":{\"@id\":\"https:\\\/\\\/www.organisator.ch\\\/operational-excellence\\\/2024-03-05\\\/ingenieurinnen-und-ingenieure-uebernehmen-bildungsverantwortung\\\/#primaryimage\"},\"thumbnailUrl\":\"https:\\\/\\\/www.m-q.ch\\\/wp-content\\\/uploads\\\/2024\\\/03\\\/Suisse.ing_Bild1_ps.jpg\",\"keywords\":[\"Bildung\",\"Ingenieurwesen\",\"Qualit\u00e4tsmanagement\",\"Schweiz\"],\"articleSection\":[\"OPERATIONAL EXCELLENCE\"],\"inLanguage\":\"de\"},{\"@type\":\"WebPage\",\"@id\":\"https:\\\/\\\/www.organisator.ch\\\/operational-excellence\\\/2024-03-05\\\/ingenieurinnen-und-ingenieure-uebernehmen-bildungsverantwortung\\\/\",\"url\":\"https:\\\/\\\/www.organisator.ch\\\/operational-excellence\\\/2024-03-05\\\/ingenieurinnen-und-ingenieure-uebernehmen-bildungsverantwortung\\\/\",\"name\":\"Ingenieurinnen und Ingenieure \u00fcbernehmen Bildungsverantwortung - Organisator\",\"isPartOf\":{\"@id\":\"https:\\\/\\\/www.organisator.ch\\\/#website\"},\"primaryImageOfPage\":{\"@id\":\"https:\\\/\\\/www.organisator.ch\\\/operational-excellence\\\/2024-03-05\\\/ingenieurinnen-und-ingenieure-uebernehmen-bildungsverantwortung\\\/#primaryimage\"},\"image\":{\"@id\":\"https:\\\/\\\/www.organisator.ch\\\/operational-excellence\\\/2024-03-05\\\/ingenieurinnen-und-ingenieure-uebernehmen-bildungsverantwortung\\\/#primaryimage\"},\"thumbnailUrl\":\"https:\\\/\\\/www.m-q.ch\\\/wp-content\\\/uploads\\\/2024\\\/03\\\/Suisse.ing_Bild1_ps.jpg\",\"datePublished\":\"2024-03-05T08:00:28+00:00\",\"dateModified\":\"2024-11-11T10:07:27+00:00\",\"description\":\"Ingenieurwesen Buchverteilung: 750 B\u00fccher an Sch\u00fcler. F\u00f6rderung des Interesses an Ingenieurberufen.\",\"breadcrumb\":{\"@id\":\"https:\\\/\\\/www.organisator.ch\\\/operational-excellence\\\/2024-03-05\\\/ingenieurinnen-und-ingenieure-uebernehmen-bildungsverantwortung\\\/#breadcrumb\"},\"inLanguage\":\"de\",\"potentialAction\":[{\"@type\":\"ReadAction\",\"target\":[\"https:\\\/\\\/www.organisator.ch\\\/operational-excellence\\\/2024-03-05\\\/ingenieurinnen-und-ingenieure-uebernehmen-bildungsverantwortung\\\/\"]}]},{\"@type\":\"ImageObject\",\"inLanguage\":\"de\",\"@id\":\"https:\\\/\\\/www.organisator.ch\\\/operational-excellence\\\/2024-03-05\\\/ingenieurinnen-und-ingenieure-uebernehmen-bildungsverantwortung\\\/#primaryimage\",\"url\":\"https:\\\/\\\/www.m-q.ch\\\/wp-content\\\/uploads\\\/2024\\\/03\\\/Suisse.ing_Bild1_ps.jpg\",\"contentUrl\":\"https:\\\/\\\/www.m-q.ch\\\/wp-content\\\/uploads\\\/2024\\\/03\\\/Suisse.ing_Bild1_ps.jpg\"},{\"@type\":\"BreadcrumbList\",\"@id\":\"https:\\\/\\\/www.organisator.ch\\\/operational-excellence\\\/2024-03-05\\\/ingenieurinnen-und-ingenieure-uebernehmen-bildungsverantwortung\\\/#breadcrumb\",\"itemListElement\":[{\"@type\":\"ListItem\",\"position\":1,\"name\":\"Home\",\"item\":\"https:\\\/\\\/www.organisator.ch\\\/\"},{\"@type\":\"ListItem\",\"position\":2,\"name\":\"Ingenieurinnen und Ingenieure \u00fcbernehmen Bildungsverantwortung\"}]},{\"@type\":\"WebSite\",\"@id\":\"https:\\\/\\\/www.organisator.ch\\\/#website\",\"url\":\"https:\\\/\\\/www.organisator.ch\\\/\",\"name\":\"Organisator\",\"description\":\"Kompetent. Praxisnah. Der ORGANISATOR bereitet in 10 Ausgaben pro Jahr die wesentlichen Themen f\u00fcr F\u00fchrungskr\u00e4fte von KMU auf.\",\"publisher\":{\"@id\":\"https:\\\/\\\/www.organisator.ch\\\/#organization\"},\"potentialAction\":[{\"@type\":\"SearchAction\",\"target\":{\"@type\":\"EntryPoint\",\"urlTemplate\":\"https:\\\/\\\/www.organisator.ch\\\/?s={search_term_string}\"},\"query-input\":{\"@type\":\"PropertyValueSpecification\",\"valueRequired\":true,\"valueName\":\"search_term_string\"}}],\"inLanguage\":\"de\"},{\"@type\":\"Organization\",\"@id\":\"https:\\\/\\\/www.organisator.ch\\\/#organization\",\"name\":\"Organisator\",\"url\":\"https:\\\/\\\/www.organisator.ch\\\/\",\"logo\":{\"@type\":\"ImageObject\",\"inLanguage\":\"de\",\"@id\":\"https:\\\/\\\/www.organisator.ch\\\/#\\\/schema\\\/logo\\\/image\\\/\",\"url\":\"https:\\\/\\\/www.organisator.ch\\\/wp-content\\\/uploads\\\/2022\\\/01\\\/Logo_Organisator_Website.png\",\"contentUrl\":\"https:\\\/\\\/www.organisator.ch\\\/wp-content\\\/uploads\\\/2022\\\/01\\\/Logo_Organisator_Website.png\",\"width\":800,\"height\":77,\"caption\":\"Organisator\"},\"image\":{\"@id\":\"https:\\\/\\\/www.organisator.ch\\\/#\\\/schema\\\/logo\\\/image\\\/\"},\"sameAs\":[\"https:\\\/\\\/www.facebook.com\\\/OrganisatorFachmagazin\",\"https:\\\/\\\/www.linkedin.com\\\/showcase\\\/organisator-das-magazin-fr-kmu\",\"https:\\\/\\\/www.xing.com\\\/news\\\/pages\\\/organisator-ch-695\",\"https:\\\/\\\/www.youtube.com\\\/channel\\\/UCGP2Sq0iWaZwT3BdIAQFYpw\"]},{\"@type\":\"Person\",\"@id\":\"https:\\\/\\\/www.organisator.ch\\\/#\\\/schema\\\/person\\\/2e1314a2172123f874db408d8911d3f3\",\"name\":\"Adelisa Kalajdzini\",\"image\":{\"@type\":\"ImageObject\",\"inLanguage\":\"de\",\"@id\":\"https:\\\/\\\/secure.gravatar.com\\\/avatar\\\/09a397c22ac58cad6f160ee8306348599df9df58a8ede73696226897b9fa4b24?s=96&d=mm&r=g\",\"url\":\"https:\\\/\\\/secure.gravatar.com\\\/avatar\\\/09a397c22ac58cad6f160ee8306348599df9df58a8ede73696226897b9fa4b24?s=96&d=mm&r=g\",\"contentUrl\":\"https:\\\/\\\/secure.gravatar.com\\\/avatar\\\/09a397c22ac58cad6f160ee8306348599df9df58a8ede73696226897b9fa4b24?s=96&d=mm&r=g\",\"caption\":\"Adelisa Kalajdzini\"},\"url\":\"https:\\\/\\\/www.organisator.ch\\\/de\\\/author\\\/adelisa-kalajdzini\\\/\"}]}<\/script>\n<!-- \/ Yoast SEO plugin. -->","yoast_head_json":{"title":"Ingenieurinnen und Ingenieure \u00fcbernehmen Bildungsverantwortung - Organisator","description":"Ingenieurwesen Buchverteilung: 750 B\u00fccher an Sch\u00fcler. F\u00f6rderung des Interesses an Ingenieurberufen.","robots":{"index":"index","follow":"follow","max-snippet":"max-snippet:-1","max-image-preview":"max-image-preview:large","max-video-preview":"max-video-preview:-1"},"canonical":"https:\/\/www.organisator.ch\/de\/operational-excellence\/2024-03-05\/ingenieurinnen-und-ingenieure-uebernehmen-bildungsverantwortung\/","og_locale":"de_DE","og_type":"article","og_title":"Ingenieurinnen und Ingenieure \u00fcbernehmen Bildungsverantwortung - Organisator","og_description":"Ingenieurwesen Buchverteilung: 750 B\u00fccher an Sch\u00fcler. F\u00f6rderung des Interesses an Ingenieurberufen.","og_url":"https:\/\/www.organisator.ch\/de\/operational-excellence\/2024-03-05\/ingenieurinnen-und-ingenieure-uebernehmen-bildungsverantwortung\/","og_site_name":"Organisator","article_publisher":"https:\/\/www.facebook.com\/OrganisatorFachmagazin","article_published_time":"2024-03-05T08:00:28+00:00","article_modified_time":"2024-11-11T10:07:27+00:00","og_image":[{"url":"https:\/\/www.m-q.ch\/wp-content\/uploads\/2024\/03\/Suisse.ing_Bild1_ps.jpg","type":"","width":"","height":""}],"author":"Adelisa Kalajdzini","twitter_card":"summary_large_image","schema":{"@context":"https:\/\/schema.org","@graph":[{"@type":"Article","@id":"https:\/\/www.organisator.ch\/operational-excellence\/2024-03-05\/ingenieurinnen-und-ingenieure-uebernehmen-bildungsverantwortung\/#article","isPartOf":{"@id":"https:\/\/www.organisator.ch\/operational-excellence\/2024-03-05\/ingenieurinnen-und-ingenieure-uebernehmen-bildungsverantwortung\/"},"author":{"name":"Adelisa Kalajdzini","@id":"https:\/\/www.organisator.ch\/#\/schema\/person\/2e1314a2172123f874db408d8911d3f3"},"headline":"Ingenieurinnen und Ingenieure \u00fcbernehmen Bildungsverantwortung","datePublished":"2024-03-05T08:00:28+00:00","dateModified":"2024-11-11T10:07:27+00:00","mainEntityOfPage":{"@id":"https:\/\/www.organisator.ch\/operational-excellence\/2024-03-05\/ingenieurinnen-und-ingenieure-uebernehmen-bildungsverantwortung\/"},"wordCount":522,"publisher":{"@id":"https:\/\/www.organisator.ch\/#organization"},"image":{"@id":"https:\/\/www.organisator.ch\/operational-excellence\/2024-03-05\/ingenieurinnen-und-ingenieure-uebernehmen-bildungsverantwortung\/#primaryimage"},"thumbnailUrl":"https:\/\/www.m-q.ch\/wp-content\/uploads\/2024\/03\/Suisse.ing_Bild1_ps.jpg","keywords":["Bildung","Ingenieurwesen","Qualit\u00e4tsmanagement","Schweiz"],"articleSection":["OPERATIONAL EXCELLENCE"],"inLanguage":"de"},{"@type":"WebPage","@id":"https:\/\/www.organisator.ch\/operational-excellence\/2024-03-05\/ingenieurinnen-und-ingenieure-uebernehmen-bildungsverantwortung\/","url":"https:\/\/www.organisator.ch\/operational-excellence\/2024-03-05\/ingenieurinnen-und-ingenieure-uebernehmen-bildungsverantwortung\/","name":"Ingenieurinnen und Ingenieure \u00fcbernehmen Bildungsverantwortung - Organisator","isPartOf":{"@id":"https:\/\/www.organisator.ch\/#website"},"primaryImageOfPage":{"@id":"https:\/\/www.organisator.ch\/operational-excellence\/2024-03-05\/ingenieurinnen-und-ingenieure-uebernehmen-bildungsverantwortung\/#primaryimage"},"image":{"@id":"https:\/\/www.organisator.ch\/operational-excellence\/2024-03-05\/ingenieurinnen-und-ingenieure-uebernehmen-bildungsverantwortung\/#primaryimage"},"thumbnailUrl":"https:\/\/www.m-q.ch\/wp-content\/uploads\/2024\/03\/Suisse.ing_Bild1_ps.jpg","datePublished":"2024-03-05T08:00:28+00:00","dateModified":"2024-11-11T10:07:27+00:00","description":"Ingenieurwesen Buchverteilung: 750 B\u00fccher an Sch\u00fcler. F\u00f6rderung des Interesses an Ingenieurberufen.","breadcrumb":{"@id":"https:\/\/www.organisator.ch\/operational-excellence\/2024-03-05\/ingenieurinnen-und-ingenieure-uebernehmen-bildungsverantwortung\/#breadcrumb"},"inLanguage":"de","potentialAction":[{"@type":"ReadAction","target":["https:\/\/www.organisator.ch\/operational-excellence\/2024-03-05\/ingenieurinnen-und-ingenieure-uebernehmen-bildungsverantwortung\/"]}]},{"@type":"ImageObject","inLanguage":"de","@id":"https:\/\/www.organisator.ch\/operational-excellence\/2024-03-05\/ingenieurinnen-und-ingenieure-uebernehmen-bildungsverantwortung\/#primaryimage","url":"https:\/\/www.m-q.ch\/wp-content\/uploads\/2024\/03\/Suisse.ing_Bild1_ps.jpg","contentUrl":"https:\/\/www.m-q.ch\/wp-content\/uploads\/2024\/03\/Suisse.ing_Bild1_ps.jpg"},{"@type":"BreadcrumbList","@id":"https:\/\/www.organisator.ch\/operational-excellence\/2024-03-05\/ingenieurinnen-und-ingenieure-uebernehmen-bildungsverantwortung\/#breadcrumb","itemListElement":[{"@type":"ListItem","position":1,"name":"Home","item":"https:\/\/www.organisator.ch\/"},{"@type":"ListItem","position":2,"name":"Ingenieurinnen und Ingenieure \u00fcbernehmen Bildungsverantwortung"}]},{"@type":"WebSite","@id":"https:\/\/www.organisator.ch\/#website","url":"https:\/\/www.organisator.ch\/","name":"Organisator","description":"Kompetent. Praxisnah. Der ORGANISATOR bereitet in 10 Ausgaben pro Jahr die wesentlichen Themen f\u00fcr F\u00fchrungskr\u00e4fte von KMU auf.","publisher":{"@id":"https:\/\/www.organisator.ch\/#organization"},"potentialAction":[{"@type":"SearchAction","target":{"@type":"EntryPoint","urlTemplate":"https:\/\/www.organisator.ch\/?s={search_term_string}"},"query-input":{"@type":"PropertyValueSpecification","valueRequired":true,"valueName":"search_term_string"}}],"inLanguage":"de"},{"@type":"Organization","@id":"https:\/\/www.organisator.ch\/#organization","name":"Organisator","url":"https:\/\/www.organisator.ch\/","logo":{"@type":"ImageObject","inLanguage":"de","@id":"https:\/\/www.organisator.ch\/#\/schema\/logo\/image\/","url":"https:\/\/www.organisator.ch\/wp-content\/uploads\/2022\/01\/Logo_Organisator_Website.png","contentUrl":"https:\/\/www.organisator.ch\/wp-content\/uploads\/2022\/01\/Logo_Organisator_Website.png","width":800,"height":77,"caption":"Organisator"},"image":{"@id":"https:\/\/www.organisator.ch\/#\/schema\/logo\/image\/"},"sameAs":["https:\/\/www.facebook.com\/OrganisatorFachmagazin","https:\/\/www.linkedin.com\/showcase\/organisator-das-magazin-fr-kmu","https:\/\/www.xing.com\/news\/pages\/organisator-ch-695","https:\/\/www.youtube.com\/channel\/UCGP2Sq0iWaZwT3BdIAQFYpw"]},{"@type":"Person","@id":"https:\/\/www.organisator.ch\/#\/schema\/person\/2e1314a2172123f874db408d8911d3f3","name":"Adelisa Kalajdzini","image":{"@type":"ImageObject","inLanguage":"de","@id":"https:\/\/secure.gravatar.com\/avatar\/09a397c22ac58cad6f160ee8306348599df9df58a8ede73696226897b9fa4b24?s=96&d=mm&r=g","url":"https:\/\/secure.gravatar.com\/avatar\/09a397c22ac58cad6f160ee8306348599df9df58a8ede73696226897b9fa4b24?s=96&d=mm&r=g","contentUrl":"https:\/\/secure.gravatar.com\/avatar\/09a397c22ac58cad6f160ee8306348599df9df58a8ede73696226897b9fa4b24?s=96&d=mm&r=g","caption":"Adelisa Kalajdzini"},"url":"https:\/\/www.organisator.ch\/de\/author\/adelisa-kalajdzini\/"}]}},"_links":{"self":[{"href":"https:\/\/www.organisator.ch\/de\/wp-json\/wp\/v2\/posts\/25622","targetHints":{"allow":["GET"]}}],"collection":[{"href":"https:\/\/www.organisator.ch\/de\/wp-json\/wp\/v2\/posts"}],"about":[{"href":"https:\/\/www.organisator.ch\/de\/wp-json\/wp\/v2\/types\/post"}],"author":[{"embeddable":true,"href":"https:\/\/www.organisator.ch\/de\/wp-json\/wp\/v2\/users\/58"}],"replies":[{"embeddable":true,"href":"https:\/\/www.organisator.ch\/de\/wp-json\/wp\/v2\/comments?post=25622"}],"version-history":[{"count":8,"href":"https:\/\/www.organisator.ch\/de\/wp-json\/wp\/v2\/posts\/25622\/revisions"}],"predecessor-version":[{"id":32436,"href":"https:\/\/www.organisator.ch\/de\/wp-json\/wp\/v2\/posts\/25622\/revisions\/32436"}],"wp:attachment":[{"href":"https:\/\/www.organisator.ch\/de\/wp-json\/wp\/v2\/media?parent=25622"}],"wp:term":[{"taxonomy":"category","embeddable":true,"href":"https:\/\/www.organisator.ch\/de\/wp-json\/wp\/v2\/categories?post=25622"},{"taxonomy":"post_tag","embeddable":true,"href":"https:\/\/www.organisator.ch\/de\/wp-json\/wp\/v2\/tags?post=25622"}],"curies":[{"name":"wp","href":"https:\/\/api.w.org\/{rel}","templated":true}]}}