{"id":25627,"date":"2024-03-12T10:18:05","date_gmt":"2024-03-12T09:18:05","guid":{"rendered":"https:\/\/www.organisator.ch\/?p=25627"},"modified":"2024-03-05T10:19:51","modified_gmt":"2024-03-05T09:19:51","slug":"bereuen-sie-ihren-jobwechsel-was-koennen-sie-tun","status":"publish","type":"post","link":"https:\/\/www.organisator.ch\/de\/human-resources\/2024-03-12\/bereuen-sie-ihren-jobwechsel-was-koennen-sie-tun\/","title":{"rendered":"Bereuen Sie Ihren Jobwechsel? Was k\u00f6nnen Sie tun?"},"content":{"rendered":"<figure id=\"attachment_25628\" aria-describedby=\"caption-attachment-25628\" style=\"width: 680px\" class=\"wp-caption alignnone\"><img loading=\"lazy\" decoding=\"async\" class=\"size-full wp-image-25628\" src=\"https:\/\/www.organisator.ch\/wp-content\/uploads\/2024\/03\/Robert-Walters_Bild1_ps-1.jpg\" alt=\"\" width=\"680\" height=\"454\" srcset=\"https:\/\/www.organisator.ch\/wp-content\/uploads\/2024\/03\/Robert-Walters_Bild1_ps-1.jpg 680w, https:\/\/www.organisator.ch\/wp-content\/uploads\/2024\/03\/Robert-Walters_Bild1_ps-1-18x12.jpg 18w, https:\/\/www.organisator.ch\/wp-content\/uploads\/2024\/03\/Robert-Walters_Bild1_ps-1-375x250.jpg 375w, https:\/\/www.organisator.ch\/wp-content\/uploads\/2024\/03\/Robert-Walters_Bild1_ps-1-524x350.jpg 524w\" sizes=\"auto, (max-width: 680px) 100vw, 680px\" \/><figcaption id=\"caption-attachment-25628\" class=\"wp-caption-text\">Wenn man die Gr\u00fcnde f\u00fcr die Unzufriedenheit bei der Arbeit versteht und \u00fcber eigene zuk\u00fcnftigen Ziele nachdenkt, kann man eine schwierige Situation in eine Chance f\u00fcr pers\u00f6nliches und berufliches Wachstum verwandeln. (Bild: www.depositphotos.com)<\/figcaption><\/figure>\n<h3><strong>Verschiedene Gr\u00fcnde verstehen<\/strong><\/h3>\n<p>Viele junge Berufst\u00e4tige, insbesondere Hochschulabsolventen, nehmen \u00fcbereilt Stellenangebote an, ohne sich \u00fcber die zuk\u00fcnftigen Auswirkungen im Klaren zu sein. Laut Robert Walters sind diese Entscheidungen oft auf die Sorge, um fehlende Erfahrung oder die Angst zur\u00fcckzuf\u00fchren, zu lange auf eine bessere Gelegenheit zu warten. \u00c4ltere Fachkr\u00e4fte, die in eine neue Rolle wechseln, k\u00f6nnen ebenfalls mit Unsicherheiten konfrontiert werden, insbesondere in der \u00c4ra der virtuellen Vorstellungsgespr\u00e4che, die \u00fcber die COVID-19-Pandemie hinaus andauern. Das Fehlen von pers\u00f6nlichen Gespr\u00e4chen und traditionellen Einarbeitungserfahrungen kann dazu f\u00fchren, dass die Betroffenen ihre Karriereentscheidungen in Frage stellen. \u00a0\u00a0<\/p>\n<h3><strong>Denken Sie nach, bevor Sie handeln \u00a0<\/strong><\/h3>\n<p>Wenn man die derzeitige T\u00e4tigkeit bedauert, sollte man einen Schritt zur\u00fccktreten und die berufliche Laufbahn sorgf\u00e4ltig \u00fcberdenken. Robert Walters r\u00e4t dazu, einen detaillierten Karriereplan zu erstellen und betont, wie wichtig es ist, seine Ziele zu kennen und zu wissen, wie sie mit seiner allgemeinen beruflichen Entwicklung zusammenh\u00e4ngen. Diese Klarheit erleichtert, potenzielle Jobangebote abzulehnen, die nicht zu einen langfristigen Gl\u00fcck beitragen. \u00a0\u00a0<\/p>\n<h3><strong>Ruhe bewahren \u00a0<\/strong><\/h3>\n<p>Das Gef\u00fchl, die falsche Entscheidung getroffen zu haben, ist nicht ungew\u00f6hnlich, aber Panik ist keine L\u00f6sung. Laut Robert Walters ist es wichtig, ruhig zu bleiben und sich bewusst zu machen, dass es selten ist, sofort den perfekten Job zu finden. Selbst wenn die derzeitige Stelle nicht ideal ist, kann man sie als Chance sehen um wertvolle Erfahrungen zu sammeln. Es gibt Raum zum Lernen und zur Selbsterkenntnis, was einem hilft, besser zu verstehen, was man wirklich von der Karriere erwartet. \u00a0<\/p>\n<h3><strong>Kommunikation ist der Schl\u00fcssel \u00a0<\/strong><\/h3>\n<p>Anstatt vorschnell zu k\u00fcndigen, sollte man die Bedenken mit dem Vorgesetzten besprechen. Die spezifischen Probleme im Zusammenhang mit dem Arbeitsinhalt, der Unternehmenskultur, dem Arbeitsort oder den Arbeitszeiten ansprechen. Robert Walters betont, wie wichtig eine offene Kommunikation ist, da ein offenes Gespr\u00e4ch mit Ihrem Vorgesetzten zu praktischen L\u00f6sungen f\u00fchren kann, wie z. B. zu besseren Arbeitsbedingungen oder internen M\u00f6glichkeiten. \u00a0\u00a0<\/p>\n<h3><strong>\u00dcber die Zukunft nachdenken \u00a0<\/strong><\/h3>\n<p>Wenn sich die L\u00f6sung von Problemen mit dem derzeitigen Arbeitsplatz als schwierig erweist, ist es vielleicht an der Zeit, die Stellensuche wieder aufzunehmen. Mann sollte sich auf zuk\u00fcnftige Ziele anstatt nur auf einen Jobtitel und hohen Geh\u00e4ltern fixieren. Das wichtige laut Robert Walters, informieren Sie sich gr\u00fcndlich \u00fcber potenzielle Arbeitgeber und stimmen Sie deren Ziele und Visionen mit Ihren eigenen Ambitionen ab. Nehmen Sie ein Angebot nur dann an, wenn Sie auf der Grundlage umfassender Recherchen \u00fcberzeugt sind, dass es zu Ihnen passt. \u00a0\u00a0<\/p>\n<p>Zusammenfassend l\u00e4sst sich sagen, dass der Umgang mit dem Bedauern \u00fcber den Arbeitsplatz einen durchdachten und proaktiven Ansatz erfordert. Wenn man die Gr\u00fcnde f\u00fcr die Unzufriedenheit versteht, strategisch denkt, ruhig bleibt, effektiv kommuniziert und \u00fcber eigene zuk\u00fcnftigen Ziele nachdenkt, kann man sehr schnell eine schwierige Situation in eine Chance f\u00fcr pers\u00f6nliches und berufliches Wachstum verwandeln.\u00a0<\/p>\n<p><em>Quelle: <a href=\"http:\/\/www.robertwalters.ch\">www.robertwalters.ch<\/a><\/em><\/p>\n","protected":false},"excerpt":{"rendered":"<p>Die Aufnahme einer neuen T\u00e4tigkeit kann sowohl aufregend als auch herausfordernd sein. Doch was passiert, wenn die anf\u00e4ngliche Aufregung verfliegt und das Bedauern einsetzt? Ganz gleich, ob man ein frischgebackener Hochschulabsolvent ist, der den Sprung in die Berufswelt wagt, oder ein erfahrener Fachmann, der vor kurzem die Stelle gewechselt hat, der Umgang mit dem Bedauern \u00fcber den Job erfordert einen strategischen Ansatz. Der Schweizer Rekrutierungsspezialist Robert Walters gibt aufschlussreiche Tipps, wie man die Komplexit\u00e4t des Bedauerns bew\u00e4ltigen und eine erf\u00fcllte Karriere anstreben kann.   <\/p>\n","protected":false},"author":58,"featured_media":25628,"comment_status":"closed","ping_status":"closed","sticky":false,"template":"","format":"standard","meta":{"_acf_changed":false,"_yoast_wpseo_focuskw":"Jobwechsel","_yoast_wpseo_metadesc":"Die Aufnahme einer neuen T\u00e4tigkeit kann sowohl aufregend als auch herausfordernd sein. Doch was passiert, wenn die anf\u00e4ngliche Aufregung verfliegt und das Bedauern einsetzt?","articlekey":"","footnotes":""},"categories":[579],"tags":[3506,1463,2853,295,492],"class_list":["post-25627","post","type-post","status-publish","format-standard","has-post-thumbnail","hentry","category-human-resources","tag-human-resources","tag-job","tag-jobchange","tag-karriere-tipps","tag-unternehmen"],"acf":[],"yoast_head":"<!-- This site is optimized with the Yoast SEO plugin v27.5 - https:\/\/yoast.com\/product\/yoast-seo-wordpress\/ -->\n<title>Bereuen Sie Ihren Jobwechsel? Was k\u00f6nnen Sie tun? - Organisator<\/title>\n<meta name=\"description\" content=\"Die Aufnahme einer neuen T\u00e4tigkeit kann sowohl aufregend als auch herausfordernd sein. Doch was passiert, wenn die anf\u00e4ngliche Aufregung verfliegt und das Bedauern einsetzt?\" \/>\n<meta name=\"robots\" content=\"index, follow, max-snippet:-1, max-image-preview:large, max-video-preview:-1\" \/>\n<link rel=\"canonical\" href=\"https:\/\/www.organisator.ch\/de\/human-resources\/2024-03-12\/bereuen-sie-ihren-jobwechsel-was-koennen-sie-tun\/\" \/>\n<meta property=\"og:locale\" content=\"de_DE\" \/>\n<meta property=\"og:type\" content=\"article\" \/>\n<meta property=\"og:title\" content=\"Bereuen Sie Ihren Jobwechsel? Was k\u00f6nnen Sie tu\" \/>\n<meta property=\"og:description\" content=\"Die Aufnahme einer neuen T\u00e4tigkeit kann sowohl aufregend als auch herausfordernd sein. Doch was passiert, wenn die anf\u00e4ngliche Aufregung verfliegt und das Bedauern einsetzt?\" \/>\n<meta property=\"og:url\" content=\"https:\/\/www.organisator.ch\/de\/human-resources\/2024-03-12\/bereuen-sie-ihren-jobwechsel-was-koennen-sie-tun\/\" \/>\n<meta property=\"og:site_name\" content=\"Organisator\" \/>\n<meta property=\"article:publisher\" content=\"https:\/\/www.facebook.com\/OrganisatorFachmagazin\" \/>\n<meta property=\"article:published_time\" content=\"2024-03-12T09:18:05+00:00\" \/>\n<meta property=\"og:image\" content=\"https:\/\/www.organisator.ch\/wp-content\/uploads\/2024\/03\/Robert-Walters_Bild1_ps-1.jpg\" \/>\n\t<meta property=\"og:image:width\" content=\"680\" \/>\n\t<meta property=\"og:image:height\" content=\"454\" \/>\n\t<meta property=\"og:image:type\" content=\"image\/jpeg\" \/>\n<meta name=\"author\" content=\"Adelisa Kalajdzini\" \/>\n<meta name=\"twitter:card\" content=\"summary_large_image\" \/>\n<meta name=\"twitter:title\" content=\"Bereuen Sie Ihren Jobwechsel? Was k\u00f6nnen Sie tu\" \/>\n<meta name=\"twitter:description\" content=\"Die #Aufnahme einer neuen #T\u00e4tigkeit kann sowohl aufregend als auch herausfordernd sein. Doch was passiert, wenn die anf\u00e4ngliche #Aufregung verfliegt und das #Bedauern einsetzt?\" \/>\n<meta name=\"twitter:image\" content=\"https:\/\/www.organisator.ch\/wp-content\/uploads\/2024\/03\/Robert-Walters_Bild1_ps-1.jpg\" \/>\n<script type=\"application\/ld+json\" class=\"yoast-schema-graph\">{\"@context\":\"https:\\\/\\\/schema.org\",\"@graph\":[{\"@type\":\"Article\",\"@id\":\"https:\\\/\\\/www.organisator.ch\\\/human-resources\\\/2024-03-12\\\/bereuen-sie-ihren-jobwechsel-was-koennen-sie-tun\\\/#article\",\"isPartOf\":{\"@id\":\"https:\\\/\\\/www.organisator.ch\\\/human-resources\\\/2024-03-12\\\/bereuen-sie-ihren-jobwechsel-was-koennen-sie-tun\\\/\"},\"author\":{\"name\":\"Adelisa Kalajdzini\",\"@id\":\"https:\\\/\\\/www.organisator.ch\\\/#\\\/schema\\\/person\\\/2e1314a2172123f874db408d8911d3f3\"},\"headline\":\"Bereuen Sie Ihren Jobwechsel? Was k\u00f6nnen Sie tun?\",\"datePublished\":\"2024-03-12T09:18:05+00:00\",\"mainEntityOfPage\":{\"@id\":\"https:\\\/\\\/www.organisator.ch\\\/human-resources\\\/2024-03-12\\\/bereuen-sie-ihren-jobwechsel-was-koennen-sie-tun\\\/\"},\"wordCount\":542,\"publisher\":{\"@id\":\"https:\\\/\\\/www.organisator.ch\\\/#organization\"},\"image\":{\"@id\":\"https:\\\/\\\/www.organisator.ch\\\/human-resources\\\/2024-03-12\\\/bereuen-sie-ihren-jobwechsel-was-koennen-sie-tun\\\/#primaryimage\"},\"thumbnailUrl\":\"https:\\\/\\\/www.organisator.ch\\\/wp-content\\\/uploads\\\/2024\\\/03\\\/Robert-Walters_Bild1_ps-1.jpg\",\"keywords\":[\"Human Resources\",\"Job\",\"Jobchange\",\"Karriere Tipps\",\"Unternehmen\"],\"articleSection\":[\"HUMAN RESOURCES\"],\"inLanguage\":\"de\"},{\"@type\":\"WebPage\",\"@id\":\"https:\\\/\\\/www.organisator.ch\\\/human-resources\\\/2024-03-12\\\/bereuen-sie-ihren-jobwechsel-was-koennen-sie-tun\\\/\",\"url\":\"https:\\\/\\\/www.organisator.ch\\\/human-resources\\\/2024-03-12\\\/bereuen-sie-ihren-jobwechsel-was-koennen-sie-tun\\\/\",\"name\":\"Bereuen Sie Ihren Jobwechsel? Was k\u00f6nnen Sie tun? - Organisator\",\"isPartOf\":{\"@id\":\"https:\\\/\\\/www.organisator.ch\\\/#website\"},\"primaryImageOfPage\":{\"@id\":\"https:\\\/\\\/www.organisator.ch\\\/human-resources\\\/2024-03-12\\\/bereuen-sie-ihren-jobwechsel-was-koennen-sie-tun\\\/#primaryimage\"},\"image\":{\"@id\":\"https:\\\/\\\/www.organisator.ch\\\/human-resources\\\/2024-03-12\\\/bereuen-sie-ihren-jobwechsel-was-koennen-sie-tun\\\/#primaryimage\"},\"thumbnailUrl\":\"https:\\\/\\\/www.organisator.ch\\\/wp-content\\\/uploads\\\/2024\\\/03\\\/Robert-Walters_Bild1_ps-1.jpg\",\"datePublished\":\"2024-03-12T09:18:05+00:00\",\"description\":\"Die Aufnahme einer neuen T\u00e4tigkeit kann sowohl aufregend als auch herausfordernd sein. Doch was passiert, wenn die anf\u00e4ngliche Aufregung verfliegt und das Bedauern einsetzt?\",\"breadcrumb\":{\"@id\":\"https:\\\/\\\/www.organisator.ch\\\/human-resources\\\/2024-03-12\\\/bereuen-sie-ihren-jobwechsel-was-koennen-sie-tun\\\/#breadcrumb\"},\"inLanguage\":\"de\",\"potentialAction\":[{\"@type\":\"ReadAction\",\"target\":[\"https:\\\/\\\/www.organisator.ch\\\/human-resources\\\/2024-03-12\\\/bereuen-sie-ihren-jobwechsel-was-koennen-sie-tun\\\/\"]}]},{\"@type\":\"ImageObject\",\"inLanguage\":\"de\",\"@id\":\"https:\\\/\\\/www.organisator.ch\\\/human-resources\\\/2024-03-12\\\/bereuen-sie-ihren-jobwechsel-was-koennen-sie-tun\\\/#primaryimage\",\"url\":\"https:\\\/\\\/www.organisator.ch\\\/wp-content\\\/uploads\\\/2024\\\/03\\\/Robert-Walters_Bild1_ps-1.jpg\",\"contentUrl\":\"https:\\\/\\\/www.organisator.ch\\\/wp-content\\\/uploads\\\/2024\\\/03\\\/Robert-Walters_Bild1_ps-1.jpg\",\"width\":680,\"height\":454,\"caption\":\"Wenn man die Gr\u00fcnde f\u00fcr die Unzufriedenheit bei der Arbeit versteht und \u00fcber eigene zuk\u00fcnftigen Ziele nachdenkt, kann man eine schwierige Situation in eine Chance f\u00fcr pers\u00f6nliches und berufliches Wachstum verwandeln. (Bild: www.depositphotos.com)\"},{\"@type\":\"BreadcrumbList\",\"@id\":\"https:\\\/\\\/www.organisator.ch\\\/human-resources\\\/2024-03-12\\\/bereuen-sie-ihren-jobwechsel-was-koennen-sie-tun\\\/#breadcrumb\",\"itemListElement\":[{\"@type\":\"ListItem\",\"position\":1,\"name\":\"Home\",\"item\":\"https:\\\/\\\/www.organisator.ch\\\/\"},{\"@type\":\"ListItem\",\"position\":2,\"name\":\"Bereuen Sie Ihren Jobwechsel? Was k\u00f6nnen Sie tun?\"}]},{\"@type\":\"WebSite\",\"@id\":\"https:\\\/\\\/www.organisator.ch\\\/#website\",\"url\":\"https:\\\/\\\/www.organisator.ch\\\/\",\"name\":\"Organisator\",\"description\":\"Kompetent. Praxisnah. Der ORGANISATOR bereitet in 10 Ausgaben pro Jahr die wesentlichen Themen f\u00fcr F\u00fchrungskr\u00e4fte von KMU auf.\",\"publisher\":{\"@id\":\"https:\\\/\\\/www.organisator.ch\\\/#organization\"},\"potentialAction\":[{\"@type\":\"SearchAction\",\"target\":{\"@type\":\"EntryPoint\",\"urlTemplate\":\"https:\\\/\\\/www.organisator.ch\\\/?s={search_term_string}\"},\"query-input\":{\"@type\":\"PropertyValueSpecification\",\"valueRequired\":true,\"valueName\":\"search_term_string\"}}],\"inLanguage\":\"de\"},{\"@type\":\"Organization\",\"@id\":\"https:\\\/\\\/www.organisator.ch\\\/#organization\",\"name\":\"Organisator\",\"url\":\"https:\\\/\\\/www.organisator.ch\\\/\",\"logo\":{\"@type\":\"ImageObject\",\"inLanguage\":\"de\",\"@id\":\"https:\\\/\\\/www.organisator.ch\\\/#\\\/schema\\\/logo\\\/image\\\/\",\"url\":\"https:\\\/\\\/www.organisator.ch\\\/wp-content\\\/uploads\\\/2022\\\/01\\\/Logo_Organisator_Website.png\",\"contentUrl\":\"https:\\\/\\\/www.organisator.ch\\\/wp-content\\\/uploads\\\/2022\\\/01\\\/Logo_Organisator_Website.png\",\"width\":800,\"height\":77,\"caption\":\"Organisator\"},\"image\":{\"@id\":\"https:\\\/\\\/www.organisator.ch\\\/#\\\/schema\\\/logo\\\/image\\\/\"},\"sameAs\":[\"https:\\\/\\\/www.facebook.com\\\/OrganisatorFachmagazin\",\"https:\\\/\\\/www.linkedin.com\\\/showcase\\\/organisator-das-magazin-fr-kmu\",\"https:\\\/\\\/www.xing.com\\\/news\\\/pages\\\/organisator-ch-695\",\"https:\\\/\\\/www.youtube.com\\\/channel\\\/UCGP2Sq0iWaZwT3BdIAQFYpw\"]},{\"@type\":\"Person\",\"@id\":\"https:\\\/\\\/www.organisator.ch\\\/#\\\/schema\\\/person\\\/2e1314a2172123f874db408d8911d3f3\",\"name\":\"Adelisa Kalajdzini\",\"image\":{\"@type\":\"ImageObject\",\"inLanguage\":\"de\",\"@id\":\"https:\\\/\\\/secure.gravatar.com\\\/avatar\\\/09a397c22ac58cad6f160ee8306348599df9df58a8ede73696226897b9fa4b24?s=96&d=mm&r=g\",\"url\":\"https:\\\/\\\/secure.gravatar.com\\\/avatar\\\/09a397c22ac58cad6f160ee8306348599df9df58a8ede73696226897b9fa4b24?s=96&d=mm&r=g\",\"contentUrl\":\"https:\\\/\\\/secure.gravatar.com\\\/avatar\\\/09a397c22ac58cad6f160ee8306348599df9df58a8ede73696226897b9fa4b24?s=96&d=mm&r=g\",\"caption\":\"Adelisa Kalajdzini\"},\"url\":\"https:\\\/\\\/www.organisator.ch\\\/de\\\/author\\\/adelisa-kalajdzini\\\/\"}]}<\/script>\n<!-- \/ Yoast SEO plugin. -->","yoast_head_json":{"title":"Bereuen Sie Ihren Jobwechsel? Was k\u00f6nnen Sie tun? - Organisator","description":"Die Aufnahme einer neuen T\u00e4tigkeit kann sowohl aufregend als auch herausfordernd sein. Doch was passiert, wenn die anf\u00e4ngliche Aufregung verfliegt und das Bedauern einsetzt?","robots":{"index":"index","follow":"follow","max-snippet":"max-snippet:-1","max-image-preview":"max-image-preview:large","max-video-preview":"max-video-preview:-1"},"canonical":"https:\/\/www.organisator.ch\/de\/human-resources\/2024-03-12\/bereuen-sie-ihren-jobwechsel-was-koennen-sie-tun\/","og_locale":"de_DE","og_type":"article","og_title":"Bereuen Sie Ihren Jobwechsel? Was k\u00f6nnen Sie tu","og_description":"Die Aufnahme einer neuen T\u00e4tigkeit kann sowohl aufregend als auch herausfordernd sein. Doch was passiert, wenn die anf\u00e4ngliche Aufregung verfliegt und das Bedauern einsetzt?","og_url":"https:\/\/www.organisator.ch\/de\/human-resources\/2024-03-12\/bereuen-sie-ihren-jobwechsel-was-koennen-sie-tun\/","og_site_name":"Organisator","article_publisher":"https:\/\/www.facebook.com\/OrganisatorFachmagazin","article_published_time":"2024-03-12T09:18:05+00:00","og_image":[{"width":680,"height":454,"url":"https:\/\/www.organisator.ch\/wp-content\/uploads\/2024\/03\/Robert-Walters_Bild1_ps-1.jpg","type":"image\/jpeg"}],"author":"Adelisa Kalajdzini","twitter_card":"summary_large_image","twitter_title":"Bereuen Sie Ihren Jobwechsel? Was k\u00f6nnen Sie tu","twitter_description":"Die #Aufnahme einer neuen #T\u00e4tigkeit kann sowohl aufregend als auch herausfordernd sein. Doch was passiert, wenn die anf\u00e4ngliche #Aufregung verfliegt und das #Bedauern einsetzt?","twitter_image":"https:\/\/www.organisator.ch\/wp-content\/uploads\/2024\/03\/Robert-Walters_Bild1_ps-1.jpg","schema":{"@context":"https:\/\/schema.org","@graph":[{"@type":"Article","@id":"https:\/\/www.organisator.ch\/human-resources\/2024-03-12\/bereuen-sie-ihren-jobwechsel-was-koennen-sie-tun\/#article","isPartOf":{"@id":"https:\/\/www.organisator.ch\/human-resources\/2024-03-12\/bereuen-sie-ihren-jobwechsel-was-koennen-sie-tun\/"},"author":{"name":"Adelisa Kalajdzini","@id":"https:\/\/www.organisator.ch\/#\/schema\/person\/2e1314a2172123f874db408d8911d3f3"},"headline":"Bereuen Sie Ihren Jobwechsel? Was k\u00f6nnen Sie tun?","datePublished":"2024-03-12T09:18:05+00:00","mainEntityOfPage":{"@id":"https:\/\/www.organisator.ch\/human-resources\/2024-03-12\/bereuen-sie-ihren-jobwechsel-was-koennen-sie-tun\/"},"wordCount":542,"publisher":{"@id":"https:\/\/www.organisator.ch\/#organization"},"image":{"@id":"https:\/\/www.organisator.ch\/human-resources\/2024-03-12\/bereuen-sie-ihren-jobwechsel-was-koennen-sie-tun\/#primaryimage"},"thumbnailUrl":"https:\/\/www.organisator.ch\/wp-content\/uploads\/2024\/03\/Robert-Walters_Bild1_ps-1.jpg","keywords":["Human Resources","Job","Jobchange","Karriere Tipps","Unternehmen"],"articleSection":["HUMAN RESOURCES"],"inLanguage":"de"},{"@type":"WebPage","@id":"https:\/\/www.organisator.ch\/human-resources\/2024-03-12\/bereuen-sie-ihren-jobwechsel-was-koennen-sie-tun\/","url":"https:\/\/www.organisator.ch\/human-resources\/2024-03-12\/bereuen-sie-ihren-jobwechsel-was-koennen-sie-tun\/","name":"Bereuen Sie Ihren Jobwechsel? Was k\u00f6nnen Sie tun? - Organisator","isPartOf":{"@id":"https:\/\/www.organisator.ch\/#website"},"primaryImageOfPage":{"@id":"https:\/\/www.organisator.ch\/human-resources\/2024-03-12\/bereuen-sie-ihren-jobwechsel-was-koennen-sie-tun\/#primaryimage"},"image":{"@id":"https:\/\/www.organisator.ch\/human-resources\/2024-03-12\/bereuen-sie-ihren-jobwechsel-was-koennen-sie-tun\/#primaryimage"},"thumbnailUrl":"https:\/\/www.organisator.ch\/wp-content\/uploads\/2024\/03\/Robert-Walters_Bild1_ps-1.jpg","datePublished":"2024-03-12T09:18:05+00:00","description":"Die Aufnahme einer neuen T\u00e4tigkeit kann sowohl aufregend als auch herausfordernd sein. Doch was passiert, wenn die anf\u00e4ngliche Aufregung verfliegt und das Bedauern einsetzt?","breadcrumb":{"@id":"https:\/\/www.organisator.ch\/human-resources\/2024-03-12\/bereuen-sie-ihren-jobwechsel-was-koennen-sie-tun\/#breadcrumb"},"inLanguage":"de","potentialAction":[{"@type":"ReadAction","target":["https:\/\/www.organisator.ch\/human-resources\/2024-03-12\/bereuen-sie-ihren-jobwechsel-was-koennen-sie-tun\/"]}]},{"@type":"ImageObject","inLanguage":"de","@id":"https:\/\/www.organisator.ch\/human-resources\/2024-03-12\/bereuen-sie-ihren-jobwechsel-was-koennen-sie-tun\/#primaryimage","url":"https:\/\/www.organisator.ch\/wp-content\/uploads\/2024\/03\/Robert-Walters_Bild1_ps-1.jpg","contentUrl":"https:\/\/www.organisator.ch\/wp-content\/uploads\/2024\/03\/Robert-Walters_Bild1_ps-1.jpg","width":680,"height":454,"caption":"Wenn man die Gr\u00fcnde f\u00fcr die Unzufriedenheit bei der Arbeit versteht und \u00fcber eigene zuk\u00fcnftigen Ziele nachdenkt, kann man eine schwierige Situation in eine Chance f\u00fcr pers\u00f6nliches und berufliches Wachstum verwandeln. (Bild: www.depositphotos.com)"},{"@type":"BreadcrumbList","@id":"https:\/\/www.organisator.ch\/human-resources\/2024-03-12\/bereuen-sie-ihren-jobwechsel-was-koennen-sie-tun\/#breadcrumb","itemListElement":[{"@type":"ListItem","position":1,"name":"Home","item":"https:\/\/www.organisator.ch\/"},{"@type":"ListItem","position":2,"name":"Bereuen Sie Ihren Jobwechsel? Was k\u00f6nnen Sie tun?"}]},{"@type":"WebSite","@id":"https:\/\/www.organisator.ch\/#website","url":"https:\/\/www.organisator.ch\/","name":"Organisator","description":"Kompetent. Praxisnah. Der ORGANISATOR bereitet in 10 Ausgaben pro Jahr die wesentlichen Themen f\u00fcr F\u00fchrungskr\u00e4fte von KMU auf.","publisher":{"@id":"https:\/\/www.organisator.ch\/#organization"},"potentialAction":[{"@type":"SearchAction","target":{"@type":"EntryPoint","urlTemplate":"https:\/\/www.organisator.ch\/?s={search_term_string}"},"query-input":{"@type":"PropertyValueSpecification","valueRequired":true,"valueName":"search_term_string"}}],"inLanguage":"de"},{"@type":"Organization","@id":"https:\/\/www.organisator.ch\/#organization","name":"Organisator","url":"https:\/\/www.organisator.ch\/","logo":{"@type":"ImageObject","inLanguage":"de","@id":"https:\/\/www.organisator.ch\/#\/schema\/logo\/image\/","url":"https:\/\/www.organisator.ch\/wp-content\/uploads\/2022\/01\/Logo_Organisator_Website.png","contentUrl":"https:\/\/www.organisator.ch\/wp-content\/uploads\/2022\/01\/Logo_Organisator_Website.png","width":800,"height":77,"caption":"Organisator"},"image":{"@id":"https:\/\/www.organisator.ch\/#\/schema\/logo\/image\/"},"sameAs":["https:\/\/www.facebook.com\/OrganisatorFachmagazin","https:\/\/www.linkedin.com\/showcase\/organisator-das-magazin-fr-kmu","https:\/\/www.xing.com\/news\/pages\/organisator-ch-695","https:\/\/www.youtube.com\/channel\/UCGP2Sq0iWaZwT3BdIAQFYpw"]},{"@type":"Person","@id":"https:\/\/www.organisator.ch\/#\/schema\/person\/2e1314a2172123f874db408d8911d3f3","name":"Adelisa Kalajdzini","image":{"@type":"ImageObject","inLanguage":"de","@id":"https:\/\/secure.gravatar.com\/avatar\/09a397c22ac58cad6f160ee8306348599df9df58a8ede73696226897b9fa4b24?s=96&d=mm&r=g","url":"https:\/\/secure.gravatar.com\/avatar\/09a397c22ac58cad6f160ee8306348599df9df58a8ede73696226897b9fa4b24?s=96&d=mm&r=g","contentUrl":"https:\/\/secure.gravatar.com\/avatar\/09a397c22ac58cad6f160ee8306348599df9df58a8ede73696226897b9fa4b24?s=96&d=mm&r=g","caption":"Adelisa Kalajdzini"},"url":"https:\/\/www.organisator.ch\/de\/author\/adelisa-kalajdzini\/"}]}},"_links":{"self":[{"href":"https:\/\/www.organisator.ch\/de\/wp-json\/wp\/v2\/posts\/25627","targetHints":{"allow":["GET"]}}],"collection":[{"href":"https:\/\/www.organisator.ch\/de\/wp-json\/wp\/v2\/posts"}],"about":[{"href":"https:\/\/www.organisator.ch\/de\/wp-json\/wp\/v2\/types\/post"}],"author":[{"embeddable":true,"href":"https:\/\/www.organisator.ch\/de\/wp-json\/wp\/v2\/users\/58"}],"replies":[{"embeddable":true,"href":"https:\/\/www.organisator.ch\/de\/wp-json\/wp\/v2\/comments?post=25627"}],"version-history":[{"count":4,"href":"https:\/\/www.organisator.ch\/de\/wp-json\/wp\/v2\/posts\/25627\/revisions"}],"predecessor-version":[{"id":25883,"href":"https:\/\/www.organisator.ch\/de\/wp-json\/wp\/v2\/posts\/25627\/revisions\/25883"}],"wp:featuredmedia":[{"embeddable":true,"href":"https:\/\/www.organisator.ch\/de\/wp-json\/wp\/v2\/media\/25628"}],"wp:attachment":[{"href":"https:\/\/www.organisator.ch\/de\/wp-json\/wp\/v2\/media?parent=25627"}],"wp:term":[{"taxonomy":"category","embeddable":true,"href":"https:\/\/www.organisator.ch\/de\/wp-json\/wp\/v2\/categories?post=25627"},{"taxonomy":"post_tag","embeddable":true,"href":"https:\/\/www.organisator.ch\/de\/wp-json\/wp\/v2\/tags?post=25627"}],"curies":[{"name":"wp","href":"https:\/\/api.w.org\/{rel}","templated":true}]}}