{"id":25647,"date":"2024-03-06T07:23:29","date_gmt":"2024-03-06T06:23:29","guid":{"rendered":"https:\/\/www.m-q.ch\/?p=19391"},"modified":"2024-11-11T11:03:31","modified_gmt":"2024-11-11T10:03:31","slug":"eu-lieferkettengesetz-als-treibende-kraft-fuer-nachhaltigkeit-schweizer-unternehmen-unter-druck","status":"publish","type":"post","link":"https:\/\/www.organisator.ch\/de\/operational-excellence\/2024-03-06\/eu-lieferkettengesetz-als-treibende-kraft-fuer-nachhaltigkeit-schweizer-unternehmen-unter-druck\/","title":{"rendered":"EU-Lieferkettengesetz als treibende Kraft f\u00fcr Nachhaltigkeit: Schweizer Unternehmen unter Druck"},"content":{"rendered":"<figure id=\"attachment_19392\" class=\"wp-caption alignnone\" style=\"width: 680px\" aria-describedby=\"caption-attachment-19392\"><img class=\"alignnone wp-image-19392 size-full\" src=\"https:\/\/www.m-q.ch\/wp-content\/uploads\/2024\/03\/CNT_Bild1_ps.jpg\" alt=\"Lieferkettengesetz\" width=\"680\" height=\"454\" \/>\r\n<figcaption id=\"caption-attachment-19392\" class=\"wp-caption-text\">Das Lieferkettengesetz, zielt auf Transparenz und Nachhaltigkeit in globalen Wertsch\u00f6pfungsketten. (Bild: www.depositphotos.com)<\/figcaption>\r\n<\/figure>\r\n<p>Um die Corporate Sustainability Due Diligence Directive (CSDDD), besser bekannt als EU-Lieferkettengesetz, gibt es derzeit ein grosses Gezerre. Nachdem die Richtlinie Ende 2023 zwischen Verhandlern des Ministerrats und des EU-Parlaments eigentlich schon akkordiert war, machten mehrere L\u00e4nder einen R\u00fcckzieher. Sie bef\u00fcrchten Wettbewerbsnachteile f\u00fcr europ\u00e4ische Wirtschaftstreibende und neuerliche b\u00fcrokratische Belastungen. \u201eDiese Richtlinie verpflichtet Unternehmen dazu, \u00f6kologische und soziale Risiken entlang ihrer Lieferkette zu identifizieren und anzugehen. Sie zielt auf die F\u00f6rderung nachhaltiger Gesch\u00e4ftspraktiken und die Minimierung von Menschenrechtsverletzungen und Umweltsch\u00e4den ab\u201c, erkl\u00e4rt Susanne Wagner, Executive Manager bei CNT Management Consulting AG. Der Plan ist nun, einen neuen Kompromiss auszuhandeln, der von allen mitgetragen wird, um diesen zu gegebenem Zeitpunkt beschliessen zu k\u00f6nnen.<\/p>\r\n<h3><strong>Handlungsbedarf auch bei Schweizer Unternehmen<\/strong><\/h3>\r\n<p>Auch wenn das EU-weite Gesetz vorerst auf Eis liegt, sollte Nachhaltigkeit bei Schweizer Unternehmen ein wesentlicher Bestandteil der Unternehmensstrategie sein. \u201eSelbst wenn dieses Gesetz auf EU-Ebene vorerst noch nicht schlagend wird, herrscht seitens Kunden, Gesch\u00e4ftspartnern und Gesellschaft ein immer gr\u00f6sserer Druck, sich ernsthaft mit Nachhaltigkeitsthemen auseinanderzusetzen und nach einem klaren moralischen Kompass zu handeln\u201c, macht Wagner deutlich. Unabh\u00e4ngig von der gesellschaftlichen Notwendigkeit, spielt die EU-Gesetzgebung f\u00fcr Schweizer Unternehmen auch insofern eine Rolle, als die Mitgliedsstaaten der EU und insbesondere unmittelbare Nachbarstaaten die wichtigsten Handelspartner der Schweiz sind.<\/p>\r\n<h3><strong>Nachhaltigkeit als Wettbewerbsvorteil<\/strong><\/h3>\r\n<p>Gesetze und Richtlinien gehen mit zus\u00e4tzlichen Pflichten, B\u00fcrokratie und Haftungsrisiken einher. Daher sehen sich Unternehmen vor Herausforderungen gestellt. Doch was auf den ersten Blick wie ein unverh\u00e4ltnism\u00e4ssig grosser Aufwand klingen mag, kann sich f\u00fcr viele Unternehmen auf wirtschaftlicher Ebene auszahlen. \u201eViele Unternehmen, die sich urspr\u00fcnglich aufgrund gesellschaftlicher Erwartungen f\u00fcr eine nachhaltige Beschaffung entschieden haben, erkennen mittlerweile auch die wirtschaftlichen, sozialen und \u00f6kologischen Vorteile des Umstiegs\u201c, berichtet Wilhelm Heckmann, Managing Director bei CNT in Z\u00fcrich. Unter anderem profitieren Unternehmen durch die Verwirklichung von Effizienzgewinnen, der F\u00f6rderung des guten Rufes des Unternehmens sowie der Herstellung innovativer Produkte. \u201eWir beobachten eine klare Verschiebung in der Denkweise der Unternehmen. Nachhaltigkeit wird nicht mehr nur als soziale Verantwortung betrachtet, sondern als wesentlicher Faktor f\u00fcr langfristigen Erfolg und Wettbewerbsf\u00e4higkeit\u201c, erg\u00e4nzt Heckmann. Er appelliert, Nachhaltigkeit als Chance zu sehen. Um mit etwaigen Herausforderungen umzugehen, bietet den Schweizer Unternehmen allen voran die Digitalisierung innovative Wege, ihre Nachhaltigkeitsziele zu erreichen \u2013 von der Optimierung der Produktionsprozesse \u00fcber die Einf\u00fchrung nachhaltiger Lieferketten bis hin zur Reduzierung des Energieverbrauchs.<\/p>\r\n<h3><strong>Webinar: Nachhaltigkeit als relevanter Teil der Supply Chain<\/strong><\/h3>\r\n<p>Was Unternehmen bei ihrem Streben nach mehr Nachhaltigkeit beachten m\u00fcssen und wie sie Nachhaltigkeit als Wettbewerbsvorteil nutzen k\u00f6nnen, das ist auch Inhalt des Online-Webinars \u201eNachhaltigkeit\u201c von CNT. Unter diesem <a href=\"https:\/\/www.dropbox.com\/transfer\/AAAAAJsbDAh9DgNg3prON8TgNSxbreGyjZ5Pod1D-np6bcj8dk4oayM\">Link<\/a> erhalten Unternehmen einen n\u00e4heren Einblick in wirtschaftliche, soziale und unternehmerische Aspekte. Das Webinar ist Teil einer \u201eTrilogie der Supply Chain\u201c, wobei sich die weiteren Teile mit der Digitalisierung und Kompetenzen befassen.<\/p>\r\n<p><em>Quelle: <a href=\"http:\/\/www.cnt-online.com\/\">www.cnt-online.com<\/a><\/em><\/p>\n<p class=\"syndicated-attribution\">Dieser Beitrag erschien urspr\u00fcnglich auf m-q.ch - <a href=\"https:\/\/www.m-q.ch\/de\/eu-lieferkettengesetz-als-treibende-kraft-fuer-nachhaltigkeit-schweizer-unternehmen-unter-druck\/\" target=\"_blank\">https:\/\/www.m-q.ch\/de\/eu-lieferkettengesetz-als-treibende-kraft-fuer-nachhaltigkeit-schweizer-unternehmen-unter-druck\/<\/a><\/p>","protected":false},"excerpt":{"rendered":"<p>In der EU wird um das Lieferkettengesetz gerungen, das auf Transparenz und Nachhaltigkeit in globalen Wertsch\u00f6pfungsketten abzielt. Unternehmen, auch in der Schweiz, m\u00fcssen sich dringend mit Nachhaltigkeit befassen, da EU-Gesetze ihre Lieferketten stark beeinflussen. CNT -Management Consulting analysiert diese Situation und betont den Stellenwert von Nachhaltigkeit f\u00fcr Schweizer Unternehmen.<\/p>\n","protected":false},"author":58,"featured_media":0,"comment_status":"closed","ping_status":"closed","sticky":false,"template":"","format":"standard","meta":{"_acf_changed":false,"_yoast_wpseo_focuskw":"Lieferkettengesetz","_yoast_wpseo_metadesc":"Lieferkettengesetz f\u00f6rdert Transparenz und Nachhaltigkeit. EU-Richtlinie verlangt \u00f6kologische und soziale Risikoanalyse.","articlekey":"","footnotes":""},"categories":[582],"tags":[4133,1787,418,424,492],"class_list":["post-25647","post","type-post","status-publish","format-standard","hentry","category-operational-excellence","tag-lieferkettengesetz","tag-nachhaltigkeit","tag-risikomanagement","tag-schweiz","tag-unternehmen"],"acf":[],"yoast_head":"<!-- This site is optimized with the Yoast SEO plugin v27.4 - https:\/\/yoast.com\/product\/yoast-seo-wordpress\/ -->\n<title>EU-Lieferkettengesetz als treibende Kraft f\u00fcr Nachhaltigkeit: Schweizer Unternehmen unter Druck - Organisator<\/title>\n<meta name=\"description\" content=\"Lieferkettengesetz f\u00f6rdert Transparenz und Nachhaltigkeit. EU-Richtlinie verlangt \u00f6kologische und soziale Risikoanalyse.\" \/>\n<meta name=\"robots\" content=\"index, follow, max-snippet:-1, max-image-preview:large, max-video-preview:-1\" \/>\n<link rel=\"canonical\" href=\"https:\/\/www.organisator.ch\/de\/operational-excellence\/2024-03-06\/eu-lieferkettengesetz-als-treibende-kraft-fuer-nachhaltigkeit-schweizer-unternehmen-unter-druck\/\" \/>\n<meta property=\"og:locale\" content=\"de_DE\" \/>\n<meta property=\"og:type\" content=\"article\" \/>\n<meta property=\"og:title\" content=\"EU-Lieferkettengesetz als treibende Kraft f\u00fcr Nachhaltigkeit: Schweizer Unternehmen unter Druck - Organisator\" \/>\n<meta property=\"og:description\" content=\"Lieferkettengesetz f\u00f6rdert Transparenz und Nachhaltigkeit. EU-Richtlinie verlangt \u00f6kologische und soziale Risikoanalyse.\" \/>\n<meta property=\"og:url\" content=\"https:\/\/www.organisator.ch\/de\/operational-excellence\/2024-03-06\/eu-lieferkettengesetz-als-treibende-kraft-fuer-nachhaltigkeit-schweizer-unternehmen-unter-druck\/\" \/>\n<meta property=\"og:site_name\" content=\"Organisator\" \/>\n<meta property=\"article:publisher\" content=\"https:\/\/www.facebook.com\/OrganisatorFachmagazin\" \/>\n<meta property=\"article:published_time\" content=\"2024-03-06T06:23:29+00:00\" \/>\n<meta property=\"article:modified_time\" content=\"2024-11-11T10:03:31+00:00\" \/>\n<meta property=\"og:image\" content=\"https:\/\/www.m-q.ch\/wp-content\/uploads\/2024\/03\/CNT_Bild1_ps.jpg\" \/>\n<meta name=\"author\" content=\"Adelisa Kalajdzini\" \/>\n<meta name=\"twitter:card\" content=\"summary_large_image\" \/>\n<script type=\"application\/ld+json\" class=\"yoast-schema-graph\">{\"@context\":\"https:\\\/\\\/schema.org\",\"@graph\":[{\"@type\":\"Article\",\"@id\":\"https:\\\/\\\/www.organisator.ch\\\/operational-excellence\\\/2024-03-06\\\/eu-lieferkettengesetz-als-treibende-kraft-fuer-nachhaltigkeit-schweizer-unternehmen-unter-druck\\\/#article\",\"isPartOf\":{\"@id\":\"https:\\\/\\\/www.organisator.ch\\\/operational-excellence\\\/2024-03-06\\\/eu-lieferkettengesetz-als-treibende-kraft-fuer-nachhaltigkeit-schweizer-unternehmen-unter-druck\\\/\"},\"author\":{\"name\":\"Adelisa Kalajdzini\",\"@id\":\"https:\\\/\\\/www.organisator.ch\\\/#\\\/schema\\\/person\\\/2e1314a2172123f874db408d8911d3f3\"},\"headline\":\"EU-Lieferkettengesetz als treibende Kraft f\u00fcr Nachhaltigkeit: Schweizer Unternehmen unter Druck\",\"datePublished\":\"2024-03-06T06:23:29+00:00\",\"dateModified\":\"2024-11-11T10:03:31+00:00\",\"mainEntityOfPage\":{\"@id\":\"https:\\\/\\\/www.organisator.ch\\\/operational-excellence\\\/2024-03-06\\\/eu-lieferkettengesetz-als-treibende-kraft-fuer-nachhaltigkeit-schweizer-unternehmen-unter-druck\\\/\"},\"wordCount\":502,\"publisher\":{\"@id\":\"https:\\\/\\\/www.organisator.ch\\\/#organization\"},\"image\":{\"@id\":\"https:\\\/\\\/www.organisator.ch\\\/operational-excellence\\\/2024-03-06\\\/eu-lieferkettengesetz-als-treibende-kraft-fuer-nachhaltigkeit-schweizer-unternehmen-unter-druck\\\/#primaryimage\"},\"thumbnailUrl\":\"https:\\\/\\\/www.m-q.ch\\\/wp-content\\\/uploads\\\/2024\\\/03\\\/CNT_Bild1_ps.jpg\",\"keywords\":[\"Lieferkettengesetz\",\"Nachhaltigkeit\",\"Risikomanagement\",\"Schweiz\",\"Unternehmen\"],\"articleSection\":[\"OPERATIONAL EXCELLENCE\"],\"inLanguage\":\"de\"},{\"@type\":\"WebPage\",\"@id\":\"https:\\\/\\\/www.organisator.ch\\\/operational-excellence\\\/2024-03-06\\\/eu-lieferkettengesetz-als-treibende-kraft-fuer-nachhaltigkeit-schweizer-unternehmen-unter-druck\\\/\",\"url\":\"https:\\\/\\\/www.organisator.ch\\\/operational-excellence\\\/2024-03-06\\\/eu-lieferkettengesetz-als-treibende-kraft-fuer-nachhaltigkeit-schweizer-unternehmen-unter-druck\\\/\",\"name\":\"EU-Lieferkettengesetz als treibende Kraft f\u00fcr Nachhaltigkeit: Schweizer Unternehmen unter Druck - Organisator\",\"isPartOf\":{\"@id\":\"https:\\\/\\\/www.organisator.ch\\\/#website\"},\"primaryImageOfPage\":{\"@id\":\"https:\\\/\\\/www.organisator.ch\\\/operational-excellence\\\/2024-03-06\\\/eu-lieferkettengesetz-als-treibende-kraft-fuer-nachhaltigkeit-schweizer-unternehmen-unter-druck\\\/#primaryimage\"},\"image\":{\"@id\":\"https:\\\/\\\/www.organisator.ch\\\/operational-excellence\\\/2024-03-06\\\/eu-lieferkettengesetz-als-treibende-kraft-fuer-nachhaltigkeit-schweizer-unternehmen-unter-druck\\\/#primaryimage\"},\"thumbnailUrl\":\"https:\\\/\\\/www.m-q.ch\\\/wp-content\\\/uploads\\\/2024\\\/03\\\/CNT_Bild1_ps.jpg\",\"datePublished\":\"2024-03-06T06:23:29+00:00\",\"dateModified\":\"2024-11-11T10:03:31+00:00\",\"description\":\"Lieferkettengesetz f\u00f6rdert Transparenz und Nachhaltigkeit. EU-Richtlinie verlangt \u00f6kologische und soziale Risikoanalyse.\",\"breadcrumb\":{\"@id\":\"https:\\\/\\\/www.organisator.ch\\\/operational-excellence\\\/2024-03-06\\\/eu-lieferkettengesetz-als-treibende-kraft-fuer-nachhaltigkeit-schweizer-unternehmen-unter-druck\\\/#breadcrumb\"},\"inLanguage\":\"de\",\"potentialAction\":[{\"@type\":\"ReadAction\",\"target\":[\"https:\\\/\\\/www.organisator.ch\\\/operational-excellence\\\/2024-03-06\\\/eu-lieferkettengesetz-als-treibende-kraft-fuer-nachhaltigkeit-schweizer-unternehmen-unter-druck\\\/\"]}]},{\"@type\":\"ImageObject\",\"inLanguage\":\"de\",\"@id\":\"https:\\\/\\\/www.organisator.ch\\\/operational-excellence\\\/2024-03-06\\\/eu-lieferkettengesetz-als-treibende-kraft-fuer-nachhaltigkeit-schweizer-unternehmen-unter-druck\\\/#primaryimage\",\"url\":\"https:\\\/\\\/www.m-q.ch\\\/wp-content\\\/uploads\\\/2024\\\/03\\\/CNT_Bild1_ps.jpg\",\"contentUrl\":\"https:\\\/\\\/www.m-q.ch\\\/wp-content\\\/uploads\\\/2024\\\/03\\\/CNT_Bild1_ps.jpg\"},{\"@type\":\"BreadcrumbList\",\"@id\":\"https:\\\/\\\/www.organisator.ch\\\/operational-excellence\\\/2024-03-06\\\/eu-lieferkettengesetz-als-treibende-kraft-fuer-nachhaltigkeit-schweizer-unternehmen-unter-druck\\\/#breadcrumb\",\"itemListElement\":[{\"@type\":\"ListItem\",\"position\":1,\"name\":\"Home\",\"item\":\"https:\\\/\\\/www.organisator.ch\\\/\"},{\"@type\":\"ListItem\",\"position\":2,\"name\":\"EU-Lieferkettengesetz als treibende Kraft f\u00fcr Nachhaltigkeit: Schweizer Unternehmen unter Druck\"}]},{\"@type\":\"WebSite\",\"@id\":\"https:\\\/\\\/www.organisator.ch\\\/#website\",\"url\":\"https:\\\/\\\/www.organisator.ch\\\/\",\"name\":\"Organisator\",\"description\":\"Kompetent. Praxisnah. Der ORGANISATOR bereitet in 10 Ausgaben pro Jahr die wesentlichen Themen f\u00fcr F\u00fchrungskr\u00e4fte von KMU auf.\",\"publisher\":{\"@id\":\"https:\\\/\\\/www.organisator.ch\\\/#organization\"},\"potentialAction\":[{\"@type\":\"SearchAction\",\"target\":{\"@type\":\"EntryPoint\",\"urlTemplate\":\"https:\\\/\\\/www.organisator.ch\\\/?s={search_term_string}\"},\"query-input\":{\"@type\":\"PropertyValueSpecification\",\"valueRequired\":true,\"valueName\":\"search_term_string\"}}],\"inLanguage\":\"de\"},{\"@type\":\"Organization\",\"@id\":\"https:\\\/\\\/www.organisator.ch\\\/#organization\",\"name\":\"Organisator\",\"url\":\"https:\\\/\\\/www.organisator.ch\\\/\",\"logo\":{\"@type\":\"ImageObject\",\"inLanguage\":\"de\",\"@id\":\"https:\\\/\\\/www.organisator.ch\\\/#\\\/schema\\\/logo\\\/image\\\/\",\"url\":\"https:\\\/\\\/www.organisator.ch\\\/wp-content\\\/uploads\\\/2022\\\/01\\\/Logo_Organisator_Website.png\",\"contentUrl\":\"https:\\\/\\\/www.organisator.ch\\\/wp-content\\\/uploads\\\/2022\\\/01\\\/Logo_Organisator_Website.png\",\"width\":800,\"height\":77,\"caption\":\"Organisator\"},\"image\":{\"@id\":\"https:\\\/\\\/www.organisator.ch\\\/#\\\/schema\\\/logo\\\/image\\\/\"},\"sameAs\":[\"https:\\\/\\\/www.facebook.com\\\/OrganisatorFachmagazin\",\"https:\\\/\\\/www.linkedin.com\\\/showcase\\\/organisator-das-magazin-fr-kmu\",\"https:\\\/\\\/www.xing.com\\\/news\\\/pages\\\/organisator-ch-695\",\"https:\\\/\\\/www.youtube.com\\\/channel\\\/UCGP2Sq0iWaZwT3BdIAQFYpw\"]},{\"@type\":\"Person\",\"@id\":\"https:\\\/\\\/www.organisator.ch\\\/#\\\/schema\\\/person\\\/2e1314a2172123f874db408d8911d3f3\",\"name\":\"Adelisa Kalajdzini\",\"image\":{\"@type\":\"ImageObject\",\"inLanguage\":\"de\",\"@id\":\"https:\\\/\\\/secure.gravatar.com\\\/avatar\\\/09a397c22ac58cad6f160ee8306348599df9df58a8ede73696226897b9fa4b24?s=96&d=mm&r=g\",\"url\":\"https:\\\/\\\/secure.gravatar.com\\\/avatar\\\/09a397c22ac58cad6f160ee8306348599df9df58a8ede73696226897b9fa4b24?s=96&d=mm&r=g\",\"contentUrl\":\"https:\\\/\\\/secure.gravatar.com\\\/avatar\\\/09a397c22ac58cad6f160ee8306348599df9df58a8ede73696226897b9fa4b24?s=96&d=mm&r=g\",\"caption\":\"Adelisa Kalajdzini\"},\"url\":\"https:\\\/\\\/www.organisator.ch\\\/de\\\/author\\\/adelisa-kalajdzini\\\/\"}]}<\/script>\n<!-- \/ Yoast SEO plugin. -->","yoast_head_json":{"title":"EU-Lieferkettengesetz als treibende Kraft f\u00fcr Nachhaltigkeit: Schweizer Unternehmen unter Druck - Organisator","description":"Lieferkettengesetz f\u00f6rdert Transparenz und Nachhaltigkeit. EU-Richtlinie verlangt \u00f6kologische und soziale Risikoanalyse.","robots":{"index":"index","follow":"follow","max-snippet":"max-snippet:-1","max-image-preview":"max-image-preview:large","max-video-preview":"max-video-preview:-1"},"canonical":"https:\/\/www.organisator.ch\/de\/operational-excellence\/2024-03-06\/eu-lieferkettengesetz-als-treibende-kraft-fuer-nachhaltigkeit-schweizer-unternehmen-unter-druck\/","og_locale":"de_DE","og_type":"article","og_title":"EU-Lieferkettengesetz als treibende Kraft f\u00fcr Nachhaltigkeit: Schweizer Unternehmen unter Druck - Organisator","og_description":"Lieferkettengesetz f\u00f6rdert Transparenz und Nachhaltigkeit. EU-Richtlinie verlangt \u00f6kologische und soziale Risikoanalyse.","og_url":"https:\/\/www.organisator.ch\/de\/operational-excellence\/2024-03-06\/eu-lieferkettengesetz-als-treibende-kraft-fuer-nachhaltigkeit-schweizer-unternehmen-unter-druck\/","og_site_name":"Organisator","article_publisher":"https:\/\/www.facebook.com\/OrganisatorFachmagazin","article_published_time":"2024-03-06T06:23:29+00:00","article_modified_time":"2024-11-11T10:03:31+00:00","og_image":[{"url":"https:\/\/www.m-q.ch\/wp-content\/uploads\/2024\/03\/CNT_Bild1_ps.jpg","type":"","width":"","height":""}],"author":"Adelisa Kalajdzini","twitter_card":"summary_large_image","schema":{"@context":"https:\/\/schema.org","@graph":[{"@type":"Article","@id":"https:\/\/www.organisator.ch\/operational-excellence\/2024-03-06\/eu-lieferkettengesetz-als-treibende-kraft-fuer-nachhaltigkeit-schweizer-unternehmen-unter-druck\/#article","isPartOf":{"@id":"https:\/\/www.organisator.ch\/operational-excellence\/2024-03-06\/eu-lieferkettengesetz-als-treibende-kraft-fuer-nachhaltigkeit-schweizer-unternehmen-unter-druck\/"},"author":{"name":"Adelisa Kalajdzini","@id":"https:\/\/www.organisator.ch\/#\/schema\/person\/2e1314a2172123f874db408d8911d3f3"},"headline":"EU-Lieferkettengesetz als treibende Kraft f\u00fcr Nachhaltigkeit: Schweizer Unternehmen unter Druck","datePublished":"2024-03-06T06:23:29+00:00","dateModified":"2024-11-11T10:03:31+00:00","mainEntityOfPage":{"@id":"https:\/\/www.organisator.ch\/operational-excellence\/2024-03-06\/eu-lieferkettengesetz-als-treibende-kraft-fuer-nachhaltigkeit-schweizer-unternehmen-unter-druck\/"},"wordCount":502,"publisher":{"@id":"https:\/\/www.organisator.ch\/#organization"},"image":{"@id":"https:\/\/www.organisator.ch\/operational-excellence\/2024-03-06\/eu-lieferkettengesetz-als-treibende-kraft-fuer-nachhaltigkeit-schweizer-unternehmen-unter-druck\/#primaryimage"},"thumbnailUrl":"https:\/\/www.m-q.ch\/wp-content\/uploads\/2024\/03\/CNT_Bild1_ps.jpg","keywords":["Lieferkettengesetz","Nachhaltigkeit","Risikomanagement","Schweiz","Unternehmen"],"articleSection":["OPERATIONAL EXCELLENCE"],"inLanguage":"de"},{"@type":"WebPage","@id":"https:\/\/www.organisator.ch\/operational-excellence\/2024-03-06\/eu-lieferkettengesetz-als-treibende-kraft-fuer-nachhaltigkeit-schweizer-unternehmen-unter-druck\/","url":"https:\/\/www.organisator.ch\/operational-excellence\/2024-03-06\/eu-lieferkettengesetz-als-treibende-kraft-fuer-nachhaltigkeit-schweizer-unternehmen-unter-druck\/","name":"EU-Lieferkettengesetz als treibende Kraft f\u00fcr Nachhaltigkeit: Schweizer Unternehmen unter Druck - Organisator","isPartOf":{"@id":"https:\/\/www.organisator.ch\/#website"},"primaryImageOfPage":{"@id":"https:\/\/www.organisator.ch\/operational-excellence\/2024-03-06\/eu-lieferkettengesetz-als-treibende-kraft-fuer-nachhaltigkeit-schweizer-unternehmen-unter-druck\/#primaryimage"},"image":{"@id":"https:\/\/www.organisator.ch\/operational-excellence\/2024-03-06\/eu-lieferkettengesetz-als-treibende-kraft-fuer-nachhaltigkeit-schweizer-unternehmen-unter-druck\/#primaryimage"},"thumbnailUrl":"https:\/\/www.m-q.ch\/wp-content\/uploads\/2024\/03\/CNT_Bild1_ps.jpg","datePublished":"2024-03-06T06:23:29+00:00","dateModified":"2024-11-11T10:03:31+00:00","description":"Lieferkettengesetz f\u00f6rdert Transparenz und Nachhaltigkeit. EU-Richtlinie verlangt \u00f6kologische und soziale Risikoanalyse.","breadcrumb":{"@id":"https:\/\/www.organisator.ch\/operational-excellence\/2024-03-06\/eu-lieferkettengesetz-als-treibende-kraft-fuer-nachhaltigkeit-schweizer-unternehmen-unter-druck\/#breadcrumb"},"inLanguage":"de","potentialAction":[{"@type":"ReadAction","target":["https:\/\/www.organisator.ch\/operational-excellence\/2024-03-06\/eu-lieferkettengesetz-als-treibende-kraft-fuer-nachhaltigkeit-schweizer-unternehmen-unter-druck\/"]}]},{"@type":"ImageObject","inLanguage":"de","@id":"https:\/\/www.organisator.ch\/operational-excellence\/2024-03-06\/eu-lieferkettengesetz-als-treibende-kraft-fuer-nachhaltigkeit-schweizer-unternehmen-unter-druck\/#primaryimage","url":"https:\/\/www.m-q.ch\/wp-content\/uploads\/2024\/03\/CNT_Bild1_ps.jpg","contentUrl":"https:\/\/www.m-q.ch\/wp-content\/uploads\/2024\/03\/CNT_Bild1_ps.jpg"},{"@type":"BreadcrumbList","@id":"https:\/\/www.organisator.ch\/operational-excellence\/2024-03-06\/eu-lieferkettengesetz-als-treibende-kraft-fuer-nachhaltigkeit-schweizer-unternehmen-unter-druck\/#breadcrumb","itemListElement":[{"@type":"ListItem","position":1,"name":"Home","item":"https:\/\/www.organisator.ch\/"},{"@type":"ListItem","position":2,"name":"EU-Lieferkettengesetz als treibende Kraft f\u00fcr Nachhaltigkeit: Schweizer Unternehmen unter Druck"}]},{"@type":"WebSite","@id":"https:\/\/www.organisator.ch\/#website","url":"https:\/\/www.organisator.ch\/","name":"Organisator","description":"Kompetent. Praxisnah. Der ORGANISATOR bereitet in 10 Ausgaben pro Jahr die wesentlichen Themen f\u00fcr F\u00fchrungskr\u00e4fte von KMU auf.","publisher":{"@id":"https:\/\/www.organisator.ch\/#organization"},"potentialAction":[{"@type":"SearchAction","target":{"@type":"EntryPoint","urlTemplate":"https:\/\/www.organisator.ch\/?s={search_term_string}"},"query-input":{"@type":"PropertyValueSpecification","valueRequired":true,"valueName":"search_term_string"}}],"inLanguage":"de"},{"@type":"Organization","@id":"https:\/\/www.organisator.ch\/#organization","name":"Organisator","url":"https:\/\/www.organisator.ch\/","logo":{"@type":"ImageObject","inLanguage":"de","@id":"https:\/\/www.organisator.ch\/#\/schema\/logo\/image\/","url":"https:\/\/www.organisator.ch\/wp-content\/uploads\/2022\/01\/Logo_Organisator_Website.png","contentUrl":"https:\/\/www.organisator.ch\/wp-content\/uploads\/2022\/01\/Logo_Organisator_Website.png","width":800,"height":77,"caption":"Organisator"},"image":{"@id":"https:\/\/www.organisator.ch\/#\/schema\/logo\/image\/"},"sameAs":["https:\/\/www.facebook.com\/OrganisatorFachmagazin","https:\/\/www.linkedin.com\/showcase\/organisator-das-magazin-fr-kmu","https:\/\/www.xing.com\/news\/pages\/organisator-ch-695","https:\/\/www.youtube.com\/channel\/UCGP2Sq0iWaZwT3BdIAQFYpw"]},{"@type":"Person","@id":"https:\/\/www.organisator.ch\/#\/schema\/person\/2e1314a2172123f874db408d8911d3f3","name":"Adelisa Kalajdzini","image":{"@type":"ImageObject","inLanguage":"de","@id":"https:\/\/secure.gravatar.com\/avatar\/09a397c22ac58cad6f160ee8306348599df9df58a8ede73696226897b9fa4b24?s=96&d=mm&r=g","url":"https:\/\/secure.gravatar.com\/avatar\/09a397c22ac58cad6f160ee8306348599df9df58a8ede73696226897b9fa4b24?s=96&d=mm&r=g","contentUrl":"https:\/\/secure.gravatar.com\/avatar\/09a397c22ac58cad6f160ee8306348599df9df58a8ede73696226897b9fa4b24?s=96&d=mm&r=g","caption":"Adelisa Kalajdzini"},"url":"https:\/\/www.organisator.ch\/de\/author\/adelisa-kalajdzini\/"}]}},"_links":{"self":[{"href":"https:\/\/www.organisator.ch\/de\/wp-json\/wp\/v2\/posts\/25647","targetHints":{"allow":["GET"]}}],"collection":[{"href":"https:\/\/www.organisator.ch\/de\/wp-json\/wp\/v2\/posts"}],"about":[{"href":"https:\/\/www.organisator.ch\/de\/wp-json\/wp\/v2\/types\/post"}],"author":[{"embeddable":true,"href":"https:\/\/www.organisator.ch\/de\/wp-json\/wp\/v2\/users\/58"}],"replies":[{"embeddable":true,"href":"https:\/\/www.organisator.ch\/de\/wp-json\/wp\/v2\/comments?post=25647"}],"version-history":[{"count":5,"href":"https:\/\/www.organisator.ch\/de\/wp-json\/wp\/v2\/posts\/25647\/revisions"}],"predecessor-version":[{"id":32433,"href":"https:\/\/www.organisator.ch\/de\/wp-json\/wp\/v2\/posts\/25647\/revisions\/32433"}],"wp:attachment":[{"href":"https:\/\/www.organisator.ch\/de\/wp-json\/wp\/v2\/media?parent=25647"}],"wp:term":[{"taxonomy":"category","embeddable":true,"href":"https:\/\/www.organisator.ch\/de\/wp-json\/wp\/v2\/categories?post=25647"},{"taxonomy":"post_tag","embeddable":true,"href":"https:\/\/www.organisator.ch\/de\/wp-json\/wp\/v2\/tags?post=25647"}],"curies":[{"name":"wp","href":"https:\/\/api.w.org\/{rel}","templated":true}]}}