{"id":25673,"date":"2024-03-06T12:56:38","date_gmt":"2024-03-06T11:56:38","guid":{"rendered":"https:\/\/www.organisator.ch\/?p=25673"},"modified":"2024-03-28T09:15:27","modified_gmt":"2024-03-28T08:15:27","slug":"mentale-gesundheit-schlechte-noten-fuer-arbeitgeber","status":"publish","type":"post","link":"https:\/\/www.organisator.ch\/de\/human-resources\/2024-03-06\/mentale-gesundheit-schlechte-noten-fuer-arbeitgeber\/","title":{"rendered":"Mentale Gesundheit: Schlechte Noten f\u00fcr Arbeitgeber"},"content":{"rendered":"<figure id=\"attachment_25675\" aria-describedby=\"caption-attachment-25675\" style=\"width: 680px\" class=\"wp-caption alignnone\"><img loading=\"lazy\" decoding=\"async\" class=\"wp-image-25675 size-full\" src=\"https:\/\/www.organisator.ch\/wp-content\/uploads\/2024\/03\/AXA-Studie_Bild1_ps.jpg\" alt=\"\" width=\"680\" height=\"454\" srcset=\"https:\/\/www.organisator.ch\/wp-content\/uploads\/2024\/03\/AXA-Studie_Bild1_ps.jpg 680w, https:\/\/www.organisator.ch\/wp-content\/uploads\/2024\/03\/AXA-Studie_Bild1_ps-18x12.jpg 18w, https:\/\/www.organisator.ch\/wp-content\/uploads\/2024\/03\/AXA-Studie_Bild1_ps-375x250.jpg 375w, https:\/\/www.organisator.ch\/wp-content\/uploads\/2024\/03\/AXA-Studie_Bild1_ps-524x350.jpg 524w\" sizes=\"auto, (max-width: 680px) 100vw, 680px\" \/><figcaption id=\"caption-attachment-25675\" class=\"wp-caption-text\">AXA Mind Health Study: Die J\u00fcngeren (18-24 Jahre) leiden mental st\u00e4rker unter ihren Arbeitsbedingungen. (Bild: www.depositphotos.com)<\/figcaption><\/figure>\n<p>Schweizerinnen und Schweizer sch\u00e4tzen ihre psychische Gesundheit positiver ein als Befragte aus anderen L\u00e4ndern \u2013 das zeigt die AXA Mind Health Study, die j\u00e4hrlich in 16 L\u00e4ndern weltweit durchgef\u00fchrt wird. Gem\u00e4ss Studienergebnissen sind hierzulande denn auch weniger Personen als im Vorjahr von Problemen wie Depressionen, Angstzust\u00e4nden oder Stress betroffen. Die Zahlen bleiben dennoch hoch: Insgesamt berichtet derzeit rund jede vierte Person in der Schweiz von psychischen Gesundheitsproblemen. So leiden gem\u00e4ss der diesj\u00e4hrigen Befragung beispielsweise 15 Prozent der Teilnehmenden aktuell unter Depressionen.<\/p>\n<h3><strong>Krankmacher Arbeitsplatz<\/strong><\/h3>\n<p>Auffallend ist, dass der Arbeitsplatz nirgends einen so grossen Einfluss auf das psychische Wohlbefinden hat wie in der Schweiz, n\u00e4mlich den gleich grossen wie das Privatleben. Ein hoher Anteil der befragten Erwerbst\u00e4tigen berichtet aufgrund des Arbeitsklimas von Schlafst\u00f6rungen (47 Prozent), Stress und Angstzust\u00e4nden (33 Prozent), dem Gef\u00fchl der Wertlosigkeit (33 Prozent), Appetitlosigkeit oder Essst\u00f6rungen (24 Prozent) oder Konzentrationsschwierigkeiten (39 Prozent). Als Konsequenz gab fast ein Drittel der Befragten an, sich bei der Arbeit weniger stark zu engagieren, 22 Prozent \u00fcberlegen sich gar einen Jobwechsel. W\u00e4hrend es zwischen den Geschlechtern keine nennenswerten Unterschiede gibt, leiden vor allem die J\u00fcngeren (18-24 Jahre) mental st\u00e4rker unter ihren Arbeitsbedingungen.<\/p>\n<h3><strong>Wirtschaftliche Kosten von 19,6 Mrd. US-Dollar<\/strong><\/h3>\n<p>17 Prozent der Befragten in der Schweiz sagen \u00fcber sich, im letzten Jahr aufgrund psychischer Gesundheitsprobleme der Arbeit ferngeblieben zu sein. Fast ein Drittel der Arbeitst\u00e4tigen war laut eigener Aussage in der Vergangenheit bereits einmal von einem Burnout betroffen \u2013 in den zw\u00f6lf Monaten vor der Befragung war es fast jede und jeder Zehnte. Die Kosten wegen arbeitsbezogenem Stress hat das Centre for Economics and Business Research im Auftrag der AXA berechnet. Demnach entsteht in der Schweiz ein j\u00e4hrlicher BIP-Verlust von 19,6 Mrd. US-Dollar, der auf arbeitsbedingte Gesundheitsprobleme zur\u00fcckzuf\u00fchren ist.\u00a0<\/p>\n<h3><strong>Fehlende Unterst\u00fctzung<\/strong><\/h3>\n<p>Trotz oder vielleicht gerade wegen der grossen Bedeutung des Arbeitsplatzes bem\u00e4ngeln viele Besch\u00e4ftigte fehlende Unterst\u00fctzungsangebote im Betrieb: 42 Prozent der Befragten erhalten gem\u00e4ss eigener Angabe keinen Support im Bereich der mentalen Gesundheit. Von den bereits Betroffenen psychischer Erkrankungen, wie beispielsweise einem Burnout, war nur die H\u00e4lfte mit der Unterst\u00fctzung seitens Arbeitgeber zufrieden. Entsprechend gering ist h\u00e4ufig auch das Vertrauen in die Vorgesetzten: Nur knapp ein Drittel der Befragten w\u00fcrde sich bei psychischen Problemen an die F\u00fchrungskraft wenden. Entsprechende Angebote und Initiativen h\u00e4tten durchaus Schlagkraft: Bei 45 Prozent der Befragten w\u00fcrden sich solche Massnahmen positiv auf den Verbleib im Unternehmen auswirken.<\/p>\n<p>Die Gestaltung der passenden Unterst\u00fctzungsmassnahmen im Bereich Mental Health ist indes anspruchsvoll und die Bed\u00fcrfnisse der Befragten sind so vielf\u00e4ltig wie die Krankheitssymptome selbst: Neben Trainings und Coachings sowie einer verst\u00e4rkten Thematisierung der psychischen Gesundheit w\u00fcnschen sie sich vor allem einfacheren Zugang zu Beratungen durch Spezialisten und eine bessere Abdeckung der medizinischen Versorgung im Bereich der psychischen Gesundheit.<\/p>\n<blockquote>\n<p><strong>Globale Umfrage zeigt Geschlechterunterschiede bei der Resilienz Jugendlicher<\/strong><\/p>\n<p>Resilienz ist eine der wichtigsten Eigenschaften, die es jungen Menschen erm\u00f6glicht, in einer komplexen und sich ver\u00e4ndernden Welt erfolgreich zu sein. Neueste Forschungen zeigen, dass weibliche Jugendliche bei diesem entscheidenden Faktor f\u00fcr ihren zuk\u00fcnftigen Erfolg hinter den Jungen zur\u00fcckbleiben.<\/p>\n<p>In einer wegweisenden Studie, durchgef\u00fchrt von der internationalen Sch\u00fcleraustauschorganisation Educatius, hat der Global Youth Resilience Index signifikante Geschlechtsunterschiede in der Resilienz von Teenagern in neun L\u00e4ndern aufgedeckt, darunter die USA, China, Schweden, Brasilien, Vietnam, Italien, Frankreich, Deutschland und Spanien.<\/p>\n<p>Die gr\u00f6ssten Diskrepanzen zwischen den Geschlechtern wurden bei &#8222;negativer Kognition&#8220; und &#8222;sozialen F\u00e4higkeiten&#8220; beobachtet, insbesondere in Schweden, Italien, Deutschland, Brasilien und den USA, wo Jungen weniger anf\u00e4llig f\u00fcr negative Kognition sind und bessere soziale F\u00e4higkeiten als M\u00e4dchen aufweisen. Negative Kognition bezieht sich auf selbstkritische Gedanken und \u00dcberzeugungen, die Personen \u00fcber sich selbst oder andere haben, was sich negativ auf ihren emotionalen Zustand und ihr Verhalten auswirken kann. Diese Gedanken drehen sich oft um Themen wie Unzul\u00e4nglichkeit, Verletzlichkeit und Selbstwertgef\u00fchl und manifestieren sich in \u00dcberzeugungen wie &#8222;Ich bin wertlos&#8220;, &#8222;Ich bin nicht gut genug&#8220; oder &#8222;Ich kann niemandem vertrauen&#8220;.<\/p>\n<\/blockquote>\n<p><em>Quelle: <a href=\"http:\/\/www.axa.ch\">www.axa.ch<\/a> \/ <a href=\"http:\/\/www.educatius.org\">www.educatius.org<\/a><\/em><\/p>\n","protected":false},"excerpt":{"rendered":"<p>Die neue AXA Mind Health Study zeigt auf, dass der Arbeitsplatz das mentale Wohlbefinden nirgends st\u00e4rker beeinflusst als in der Schweiz. Und dies hat wiederum Auswirkungen auf den Job: Jede sechste Person blieb im letzten Jahr gem\u00e4ss eigenen Angaben aufgrund psychischer Probleme der Arbeit fern. Gefordert werden mehr Unterst\u00fctzungsangebote in den Betrieben.<\/p>\n","protected":false},"author":58,"featured_media":25675,"comment_status":"closed","ping_status":"closed","sticky":false,"template":"","format":"standard","meta":{"_acf_changed":false,"_yoast_wpseo_focuskw":"Mentale Gesundheit","_yoast_wpseo_metadesc":"Die neue AXA Mind Health Study zeigt auf, dass der Arbeitsplatz das mentale Wohlbefinden nirgends st\u00e4rker beeinflusst als in der Schweiz.","articlekey":"","footnotes":""},"categories":[579],"tags":[3506,1688,459,492],"class_list":["post-25673","post","type-post","status-publish","format-standard","has-post-thumbnail","hentry","category-human-resources","tag-human-resources","tag-mentale-gesundheit","tag-studie","tag-unternehmen"],"acf":[],"yoast_head":"<!-- This site is optimized with the Yoast SEO plugin v27.4 - https:\/\/yoast.com\/product\/yoast-seo-wordpress\/ -->\n<title>Mentale Gesundheit: Schlechte Noten f\u00fcr Arbeitgeber - Organisator<\/title>\n<meta name=\"description\" content=\"Die neue AXA Mind Health Study zeigt auf, dass der Arbeitsplatz das mentale Wohlbefinden nirgends st\u00e4rker beeinflusst als in der Schweiz.\" \/>\n<meta name=\"robots\" content=\"index, follow, max-snippet:-1, max-image-preview:large, max-video-preview:-1\" \/>\n<link rel=\"canonical\" href=\"https:\/\/www.organisator.ch\/de\/human-resources\/2024-03-06\/mentale-gesundheit-schlechte-noten-fuer-arbeitgeber\/\" \/>\n<meta property=\"og:locale\" content=\"de_DE\" \/>\n<meta property=\"og:type\" content=\"article\" \/>\n<meta property=\"og:title\" content=\"Mentale Gesundheit: Schlechte Noten f\u00fcr Arbeitgeber\" \/>\n<meta property=\"og:description\" content=\"Die neue AXA Mind Health Study zeigt auf, dass der Arbeitsplatz das mentale Wohlbefinden nirgends st\u00e4rker beeinflusst als in der Schweiz.\" \/>\n<meta property=\"og:url\" content=\"https:\/\/www.organisator.ch\/de\/human-resources\/2024-03-06\/mentale-gesundheit-schlechte-noten-fuer-arbeitgeber\/\" \/>\n<meta property=\"og:site_name\" content=\"Organisator\" \/>\n<meta property=\"article:publisher\" content=\"https:\/\/www.facebook.com\/OrganisatorFachmagazin\" \/>\n<meta property=\"article:published_time\" content=\"2024-03-06T11:56:38+00:00\" \/>\n<meta property=\"article:modified_time\" content=\"2024-03-28T08:15:27+00:00\" \/>\n<meta property=\"og:image\" content=\"https:\/\/www.organisator.ch\/wp-content\/uploads\/2024\/03\/AXA-Studie_Bild1_ps.jpg\" \/>\n\t<meta property=\"og:image:width\" content=\"680\" \/>\n\t<meta property=\"og:image:height\" content=\"454\" \/>\n\t<meta property=\"og:image:type\" content=\"image\/jpeg\" \/>\n<meta name=\"author\" content=\"Adelisa Kalajdzini\" \/>\n<meta name=\"twitter:card\" content=\"summary_large_image\" \/>\n<meta name=\"twitter:title\" content=\"Mentale Gesundheit: Schlechte Noten f\u00fcr Arbeitgeber\" \/>\n<meta name=\"twitter:description\" content=\"Die neue AXA #Mind #Health #Study zeigt auf, dass der #Arbeitsplatz das mentale Wohlbefinden nirgends st\u00e4rker beeinflusst als in der #Schweiz.\" \/>\n<meta name=\"twitter:image\" content=\"https:\/\/www.organisator.ch\/wp-content\/uploads\/2024\/03\/AXA-Studie_Bild1_ps.jpg\" \/>\n<script type=\"application\/ld+json\" class=\"yoast-schema-graph\">{\"@context\":\"https:\\\/\\\/schema.org\",\"@graph\":[{\"@type\":\"Article\",\"@id\":\"https:\\\/\\\/www.organisator.ch\\\/human-resources\\\/2024-03-06\\\/mentale-gesundheit-schlechte-noten-fuer-arbeitgeber\\\/#article\",\"isPartOf\":{\"@id\":\"https:\\\/\\\/www.organisator.ch\\\/human-resources\\\/2024-03-06\\\/mentale-gesundheit-schlechte-noten-fuer-arbeitgeber\\\/\"},\"author\":{\"name\":\"Adelisa Kalajdzini\",\"@id\":\"https:\\\/\\\/www.organisator.ch\\\/#\\\/schema\\\/person\\\/2e1314a2172123f874db408d8911d3f3\"},\"headline\":\"Mentale Gesundheit: Schlechte Noten f\u00fcr Arbeitgeber\",\"datePublished\":\"2024-03-06T11:56:38+00:00\",\"dateModified\":\"2024-03-28T08:15:27+00:00\",\"mainEntityOfPage\":{\"@id\":\"https:\\\/\\\/www.organisator.ch\\\/human-resources\\\/2024-03-06\\\/mentale-gesundheit-schlechte-noten-fuer-arbeitgeber\\\/\"},\"wordCount\":710,\"publisher\":{\"@id\":\"https:\\\/\\\/www.organisator.ch\\\/#organization\"},\"image\":{\"@id\":\"https:\\\/\\\/www.organisator.ch\\\/human-resources\\\/2024-03-06\\\/mentale-gesundheit-schlechte-noten-fuer-arbeitgeber\\\/#primaryimage\"},\"thumbnailUrl\":\"https:\\\/\\\/www.organisator.ch\\\/wp-content\\\/uploads\\\/2024\\\/03\\\/AXA-Studie_Bild1_ps.jpg\",\"keywords\":[\"Human Resources\",\"Mentale Gesundheit\",\"Studie\",\"Unternehmen\"],\"articleSection\":[\"HUMAN RESOURCES\"],\"inLanguage\":\"de\"},{\"@type\":\"WebPage\",\"@id\":\"https:\\\/\\\/www.organisator.ch\\\/human-resources\\\/2024-03-06\\\/mentale-gesundheit-schlechte-noten-fuer-arbeitgeber\\\/\",\"url\":\"https:\\\/\\\/www.organisator.ch\\\/human-resources\\\/2024-03-06\\\/mentale-gesundheit-schlechte-noten-fuer-arbeitgeber\\\/\",\"name\":\"Mentale Gesundheit: Schlechte Noten f\u00fcr Arbeitgeber - Organisator\",\"isPartOf\":{\"@id\":\"https:\\\/\\\/www.organisator.ch\\\/#website\"},\"primaryImageOfPage\":{\"@id\":\"https:\\\/\\\/www.organisator.ch\\\/human-resources\\\/2024-03-06\\\/mentale-gesundheit-schlechte-noten-fuer-arbeitgeber\\\/#primaryimage\"},\"image\":{\"@id\":\"https:\\\/\\\/www.organisator.ch\\\/human-resources\\\/2024-03-06\\\/mentale-gesundheit-schlechte-noten-fuer-arbeitgeber\\\/#primaryimage\"},\"thumbnailUrl\":\"https:\\\/\\\/www.organisator.ch\\\/wp-content\\\/uploads\\\/2024\\\/03\\\/AXA-Studie_Bild1_ps.jpg\",\"datePublished\":\"2024-03-06T11:56:38+00:00\",\"dateModified\":\"2024-03-28T08:15:27+00:00\",\"description\":\"Die neue AXA Mind Health Study zeigt auf, dass der Arbeitsplatz das mentale Wohlbefinden nirgends st\u00e4rker beeinflusst als in der Schweiz.\",\"breadcrumb\":{\"@id\":\"https:\\\/\\\/www.organisator.ch\\\/human-resources\\\/2024-03-06\\\/mentale-gesundheit-schlechte-noten-fuer-arbeitgeber\\\/#breadcrumb\"},\"inLanguage\":\"de\",\"potentialAction\":[{\"@type\":\"ReadAction\",\"target\":[\"https:\\\/\\\/www.organisator.ch\\\/human-resources\\\/2024-03-06\\\/mentale-gesundheit-schlechte-noten-fuer-arbeitgeber\\\/\"]}]},{\"@type\":\"ImageObject\",\"inLanguage\":\"de\",\"@id\":\"https:\\\/\\\/www.organisator.ch\\\/human-resources\\\/2024-03-06\\\/mentale-gesundheit-schlechte-noten-fuer-arbeitgeber\\\/#primaryimage\",\"url\":\"https:\\\/\\\/www.organisator.ch\\\/wp-content\\\/uploads\\\/2024\\\/03\\\/AXA-Studie_Bild1_ps.jpg\",\"contentUrl\":\"https:\\\/\\\/www.organisator.ch\\\/wp-content\\\/uploads\\\/2024\\\/03\\\/AXA-Studie_Bild1_ps.jpg\",\"width\":680,\"height\":454,\"caption\":\": AXA Mind Health Study: Die J\u00fcngeren (18-24 Jahre) leiden mental st\u00e4rker unter ihren Arbeitsbedingungen. (Bild: www.depositphotos.com)\"},{\"@type\":\"BreadcrumbList\",\"@id\":\"https:\\\/\\\/www.organisator.ch\\\/human-resources\\\/2024-03-06\\\/mentale-gesundheit-schlechte-noten-fuer-arbeitgeber\\\/#breadcrumb\",\"itemListElement\":[{\"@type\":\"ListItem\",\"position\":1,\"name\":\"Home\",\"item\":\"https:\\\/\\\/www.organisator.ch\\\/\"},{\"@type\":\"ListItem\",\"position\":2,\"name\":\"Mentale Gesundheit: Schlechte Noten f\u00fcr Arbeitgeber\"}]},{\"@type\":\"WebSite\",\"@id\":\"https:\\\/\\\/www.organisator.ch\\\/#website\",\"url\":\"https:\\\/\\\/www.organisator.ch\\\/\",\"name\":\"Organisator\",\"description\":\"Kompetent. Praxisnah. Der ORGANISATOR bereitet in 10 Ausgaben pro Jahr die wesentlichen Themen f\u00fcr F\u00fchrungskr\u00e4fte von KMU auf.\",\"publisher\":{\"@id\":\"https:\\\/\\\/www.organisator.ch\\\/#organization\"},\"potentialAction\":[{\"@type\":\"SearchAction\",\"target\":{\"@type\":\"EntryPoint\",\"urlTemplate\":\"https:\\\/\\\/www.organisator.ch\\\/?s={search_term_string}\"},\"query-input\":{\"@type\":\"PropertyValueSpecification\",\"valueRequired\":true,\"valueName\":\"search_term_string\"}}],\"inLanguage\":\"de\"},{\"@type\":\"Organization\",\"@id\":\"https:\\\/\\\/www.organisator.ch\\\/#organization\",\"name\":\"Organisator\",\"url\":\"https:\\\/\\\/www.organisator.ch\\\/\",\"logo\":{\"@type\":\"ImageObject\",\"inLanguage\":\"de\",\"@id\":\"https:\\\/\\\/www.organisator.ch\\\/#\\\/schema\\\/logo\\\/image\\\/\",\"url\":\"https:\\\/\\\/www.organisator.ch\\\/wp-content\\\/uploads\\\/2022\\\/01\\\/Logo_Organisator_Website.png\",\"contentUrl\":\"https:\\\/\\\/www.organisator.ch\\\/wp-content\\\/uploads\\\/2022\\\/01\\\/Logo_Organisator_Website.png\",\"width\":800,\"height\":77,\"caption\":\"Organisator\"},\"image\":{\"@id\":\"https:\\\/\\\/www.organisator.ch\\\/#\\\/schema\\\/logo\\\/image\\\/\"},\"sameAs\":[\"https:\\\/\\\/www.facebook.com\\\/OrganisatorFachmagazin\",\"https:\\\/\\\/www.linkedin.com\\\/showcase\\\/organisator-das-magazin-fr-kmu\",\"https:\\\/\\\/www.xing.com\\\/news\\\/pages\\\/organisator-ch-695\",\"https:\\\/\\\/www.youtube.com\\\/channel\\\/UCGP2Sq0iWaZwT3BdIAQFYpw\"]},{\"@type\":\"Person\",\"@id\":\"https:\\\/\\\/www.organisator.ch\\\/#\\\/schema\\\/person\\\/2e1314a2172123f874db408d8911d3f3\",\"name\":\"Adelisa Kalajdzini\",\"image\":{\"@type\":\"ImageObject\",\"inLanguage\":\"de\",\"@id\":\"https:\\\/\\\/secure.gravatar.com\\\/avatar\\\/09a397c22ac58cad6f160ee8306348599df9df58a8ede73696226897b9fa4b24?s=96&d=mm&r=g\",\"url\":\"https:\\\/\\\/secure.gravatar.com\\\/avatar\\\/09a397c22ac58cad6f160ee8306348599df9df58a8ede73696226897b9fa4b24?s=96&d=mm&r=g\",\"contentUrl\":\"https:\\\/\\\/secure.gravatar.com\\\/avatar\\\/09a397c22ac58cad6f160ee8306348599df9df58a8ede73696226897b9fa4b24?s=96&d=mm&r=g\",\"caption\":\"Adelisa Kalajdzini\"},\"url\":\"https:\\\/\\\/www.organisator.ch\\\/de\\\/author\\\/adelisa-kalajdzini\\\/\"}]}<\/script>\n<!-- \/ Yoast SEO plugin. -->","yoast_head_json":{"title":"Mentale Gesundheit: Schlechte Noten f\u00fcr Arbeitgeber - Organisator","description":"Die neue AXA Mind Health Study zeigt auf, dass der Arbeitsplatz das mentale Wohlbefinden nirgends st\u00e4rker beeinflusst als in der Schweiz.","robots":{"index":"index","follow":"follow","max-snippet":"max-snippet:-1","max-image-preview":"max-image-preview:large","max-video-preview":"max-video-preview:-1"},"canonical":"https:\/\/www.organisator.ch\/de\/human-resources\/2024-03-06\/mentale-gesundheit-schlechte-noten-fuer-arbeitgeber\/","og_locale":"de_DE","og_type":"article","og_title":"Mentale Gesundheit: Schlechte Noten f\u00fcr Arbeitgeber","og_description":"Die neue AXA Mind Health Study zeigt auf, dass der Arbeitsplatz das mentale Wohlbefinden nirgends st\u00e4rker beeinflusst als in der Schweiz.","og_url":"https:\/\/www.organisator.ch\/de\/human-resources\/2024-03-06\/mentale-gesundheit-schlechte-noten-fuer-arbeitgeber\/","og_site_name":"Organisator","article_publisher":"https:\/\/www.facebook.com\/OrganisatorFachmagazin","article_published_time":"2024-03-06T11:56:38+00:00","article_modified_time":"2024-03-28T08:15:27+00:00","og_image":[{"width":680,"height":454,"url":"https:\/\/www.organisator.ch\/wp-content\/uploads\/2024\/03\/AXA-Studie_Bild1_ps.jpg","type":"image\/jpeg"}],"author":"Adelisa Kalajdzini","twitter_card":"summary_large_image","twitter_title":"Mentale Gesundheit: Schlechte Noten f\u00fcr Arbeitgeber","twitter_description":"Die neue AXA #Mind #Health #Study zeigt auf, dass der #Arbeitsplatz das mentale Wohlbefinden nirgends st\u00e4rker beeinflusst als in der #Schweiz.","twitter_image":"https:\/\/www.organisator.ch\/wp-content\/uploads\/2024\/03\/AXA-Studie_Bild1_ps.jpg","schema":{"@context":"https:\/\/schema.org","@graph":[{"@type":"Article","@id":"https:\/\/www.organisator.ch\/human-resources\/2024-03-06\/mentale-gesundheit-schlechte-noten-fuer-arbeitgeber\/#article","isPartOf":{"@id":"https:\/\/www.organisator.ch\/human-resources\/2024-03-06\/mentale-gesundheit-schlechte-noten-fuer-arbeitgeber\/"},"author":{"name":"Adelisa Kalajdzini","@id":"https:\/\/www.organisator.ch\/#\/schema\/person\/2e1314a2172123f874db408d8911d3f3"},"headline":"Mentale Gesundheit: Schlechte Noten f\u00fcr Arbeitgeber","datePublished":"2024-03-06T11:56:38+00:00","dateModified":"2024-03-28T08:15:27+00:00","mainEntityOfPage":{"@id":"https:\/\/www.organisator.ch\/human-resources\/2024-03-06\/mentale-gesundheit-schlechte-noten-fuer-arbeitgeber\/"},"wordCount":710,"publisher":{"@id":"https:\/\/www.organisator.ch\/#organization"},"image":{"@id":"https:\/\/www.organisator.ch\/human-resources\/2024-03-06\/mentale-gesundheit-schlechte-noten-fuer-arbeitgeber\/#primaryimage"},"thumbnailUrl":"https:\/\/www.organisator.ch\/wp-content\/uploads\/2024\/03\/AXA-Studie_Bild1_ps.jpg","keywords":["Human Resources","Mentale Gesundheit","Studie","Unternehmen"],"articleSection":["HUMAN RESOURCES"],"inLanguage":"de"},{"@type":"WebPage","@id":"https:\/\/www.organisator.ch\/human-resources\/2024-03-06\/mentale-gesundheit-schlechte-noten-fuer-arbeitgeber\/","url":"https:\/\/www.organisator.ch\/human-resources\/2024-03-06\/mentale-gesundheit-schlechte-noten-fuer-arbeitgeber\/","name":"Mentale Gesundheit: Schlechte Noten f\u00fcr Arbeitgeber - Organisator","isPartOf":{"@id":"https:\/\/www.organisator.ch\/#website"},"primaryImageOfPage":{"@id":"https:\/\/www.organisator.ch\/human-resources\/2024-03-06\/mentale-gesundheit-schlechte-noten-fuer-arbeitgeber\/#primaryimage"},"image":{"@id":"https:\/\/www.organisator.ch\/human-resources\/2024-03-06\/mentale-gesundheit-schlechte-noten-fuer-arbeitgeber\/#primaryimage"},"thumbnailUrl":"https:\/\/www.organisator.ch\/wp-content\/uploads\/2024\/03\/AXA-Studie_Bild1_ps.jpg","datePublished":"2024-03-06T11:56:38+00:00","dateModified":"2024-03-28T08:15:27+00:00","description":"Die neue AXA Mind Health Study zeigt auf, dass der Arbeitsplatz das mentale Wohlbefinden nirgends st\u00e4rker beeinflusst als in der Schweiz.","breadcrumb":{"@id":"https:\/\/www.organisator.ch\/human-resources\/2024-03-06\/mentale-gesundheit-schlechte-noten-fuer-arbeitgeber\/#breadcrumb"},"inLanguage":"de","potentialAction":[{"@type":"ReadAction","target":["https:\/\/www.organisator.ch\/human-resources\/2024-03-06\/mentale-gesundheit-schlechte-noten-fuer-arbeitgeber\/"]}]},{"@type":"ImageObject","inLanguage":"de","@id":"https:\/\/www.organisator.ch\/human-resources\/2024-03-06\/mentale-gesundheit-schlechte-noten-fuer-arbeitgeber\/#primaryimage","url":"https:\/\/www.organisator.ch\/wp-content\/uploads\/2024\/03\/AXA-Studie_Bild1_ps.jpg","contentUrl":"https:\/\/www.organisator.ch\/wp-content\/uploads\/2024\/03\/AXA-Studie_Bild1_ps.jpg","width":680,"height":454,"caption":": AXA Mind Health Study: Die J\u00fcngeren (18-24 Jahre) leiden mental st\u00e4rker unter ihren Arbeitsbedingungen. (Bild: www.depositphotos.com)"},{"@type":"BreadcrumbList","@id":"https:\/\/www.organisator.ch\/human-resources\/2024-03-06\/mentale-gesundheit-schlechte-noten-fuer-arbeitgeber\/#breadcrumb","itemListElement":[{"@type":"ListItem","position":1,"name":"Home","item":"https:\/\/www.organisator.ch\/"},{"@type":"ListItem","position":2,"name":"Mentale Gesundheit: Schlechte Noten f\u00fcr Arbeitgeber"}]},{"@type":"WebSite","@id":"https:\/\/www.organisator.ch\/#website","url":"https:\/\/www.organisator.ch\/","name":"Organisator","description":"Kompetent. Praxisnah. Der ORGANISATOR bereitet in 10 Ausgaben pro Jahr die wesentlichen Themen f\u00fcr F\u00fchrungskr\u00e4fte von KMU auf.","publisher":{"@id":"https:\/\/www.organisator.ch\/#organization"},"potentialAction":[{"@type":"SearchAction","target":{"@type":"EntryPoint","urlTemplate":"https:\/\/www.organisator.ch\/?s={search_term_string}"},"query-input":{"@type":"PropertyValueSpecification","valueRequired":true,"valueName":"search_term_string"}}],"inLanguage":"de"},{"@type":"Organization","@id":"https:\/\/www.organisator.ch\/#organization","name":"Organisator","url":"https:\/\/www.organisator.ch\/","logo":{"@type":"ImageObject","inLanguage":"de","@id":"https:\/\/www.organisator.ch\/#\/schema\/logo\/image\/","url":"https:\/\/www.organisator.ch\/wp-content\/uploads\/2022\/01\/Logo_Organisator_Website.png","contentUrl":"https:\/\/www.organisator.ch\/wp-content\/uploads\/2022\/01\/Logo_Organisator_Website.png","width":800,"height":77,"caption":"Organisator"},"image":{"@id":"https:\/\/www.organisator.ch\/#\/schema\/logo\/image\/"},"sameAs":["https:\/\/www.facebook.com\/OrganisatorFachmagazin","https:\/\/www.linkedin.com\/showcase\/organisator-das-magazin-fr-kmu","https:\/\/www.xing.com\/news\/pages\/organisator-ch-695","https:\/\/www.youtube.com\/channel\/UCGP2Sq0iWaZwT3BdIAQFYpw"]},{"@type":"Person","@id":"https:\/\/www.organisator.ch\/#\/schema\/person\/2e1314a2172123f874db408d8911d3f3","name":"Adelisa Kalajdzini","image":{"@type":"ImageObject","inLanguage":"de","@id":"https:\/\/secure.gravatar.com\/avatar\/09a397c22ac58cad6f160ee8306348599df9df58a8ede73696226897b9fa4b24?s=96&d=mm&r=g","url":"https:\/\/secure.gravatar.com\/avatar\/09a397c22ac58cad6f160ee8306348599df9df58a8ede73696226897b9fa4b24?s=96&d=mm&r=g","contentUrl":"https:\/\/secure.gravatar.com\/avatar\/09a397c22ac58cad6f160ee8306348599df9df58a8ede73696226897b9fa4b24?s=96&d=mm&r=g","caption":"Adelisa Kalajdzini"},"url":"https:\/\/www.organisator.ch\/de\/author\/adelisa-kalajdzini\/"}]}},"_links":{"self":[{"href":"https:\/\/www.organisator.ch\/de\/wp-json\/wp\/v2\/posts\/25673","targetHints":{"allow":["GET"]}}],"collection":[{"href":"https:\/\/www.organisator.ch\/de\/wp-json\/wp\/v2\/posts"}],"about":[{"href":"https:\/\/www.organisator.ch\/de\/wp-json\/wp\/v2\/types\/post"}],"author":[{"embeddable":true,"href":"https:\/\/www.organisator.ch\/de\/wp-json\/wp\/v2\/users\/58"}],"replies":[{"embeddable":true,"href":"https:\/\/www.organisator.ch\/de\/wp-json\/wp\/v2\/comments?post=25673"}],"version-history":[{"count":6,"href":"https:\/\/www.organisator.ch\/de\/wp-json\/wp\/v2\/posts\/25673\/revisions"}],"predecessor-version":[{"id":26177,"href":"https:\/\/www.organisator.ch\/de\/wp-json\/wp\/v2\/posts\/25673\/revisions\/26177"}],"wp:featuredmedia":[{"embeddable":true,"href":"https:\/\/www.organisator.ch\/de\/wp-json\/wp\/v2\/media\/25675"}],"wp:attachment":[{"href":"https:\/\/www.organisator.ch\/de\/wp-json\/wp\/v2\/media?parent=25673"}],"wp:term":[{"taxonomy":"category","embeddable":true,"href":"https:\/\/www.organisator.ch\/de\/wp-json\/wp\/v2\/categories?post=25673"},{"taxonomy":"post_tag","embeddable":true,"href":"https:\/\/www.organisator.ch\/de\/wp-json\/wp\/v2\/tags?post=25673"}],"curies":[{"name":"wp","href":"https:\/\/api.w.org\/{rel}","templated":true}]}}