{"id":25692,"date":"2024-03-07T07:46:50","date_gmt":"2024-03-07T06:46:50","guid":{"rendered":"https:\/\/www.organisator.ch\/?p=25692"},"modified":"2024-03-06T16:47:06","modified_gmt":"2024-03-06T15:47:06","slug":"schwierige-zeiten-fuer-die-kmu-mem-swissmechanic-geschaeftsklimaindex-stagniert","status":"publish","type":"post","link":"https:\/\/www.organisator.ch\/de\/management\/2024-03-07\/schwierige-zeiten-fuer-die-kmu-mem-swissmechanic-geschaeftsklimaindex-stagniert\/","title":{"rendered":"Schwierige Zeiten f\u00fcr die KMU-MEM: Swissmechanic-Gesch\u00e4ftsklimaindex stagniert"},"content":{"rendered":"<figure id=\"attachment_25696\" aria-describedby=\"caption-attachment-25696\" style=\"width: 680px\" class=\"wp-caption alignnone\"><img loading=\"lazy\" decoding=\"async\" class=\"size-full wp-image-25696\" src=\"https:\/\/www.organisator.ch\/wp-content\/uploads\/2024\/03\/KMU-MEM_BILD.jpg\" alt=\"\" width=\"680\" height=\"454\" srcset=\"https:\/\/www.organisator.ch\/wp-content\/uploads\/2024\/03\/KMU-MEM_BILD.jpg 680w, https:\/\/www.organisator.ch\/wp-content\/uploads\/2024\/03\/KMU-MEM_BILD-18x12.jpg 18w, https:\/\/www.organisator.ch\/wp-content\/uploads\/2024\/03\/KMU-MEM_BILD-375x250.jpg 375w, https:\/\/www.organisator.ch\/wp-content\/uploads\/2024\/03\/KMU-MEM_BILD-524x350.jpg 524w\" sizes=\"auto, (max-width: 680px) 100vw, 680px\" \/><figcaption id=\"caption-attachment-25696\" class=\"wp-caption-text\">Die MEM-Branche k\u00e4mpft weiterhin mit dem starken Franken und einem Mangel an Auftr\u00e4gen. (Bild: www.depositphotos.com)<\/figcaption><\/figure>\n<p>Im vierten Quartal 2023 setzte sich der Abw\u00e4rtstrend bei Auftr\u00e4gen und Ums\u00e4tzen fort, wenn auch mit verlangsamter Dynamik. Dies geht aus der aktuellen Branchenumfrage von Swissmechanic hervor und zeigt sich im anhaltend tiefen Wert des Swissmechanic-KMU-MEM-Gesch\u00e4ftsklimaindex. Die wirtschaftliche Lage der MEM-Branche bleibt herausfordernd.\u00a0Nicht nur in der Eurozone (insbesondere Deutschland) fehlt es an Wachstumstreibern. Auch die chinesische Wirtschaft bleibt nach wie vor deutlich hinter der Dynamik fr\u00fcherer Jahre zur\u00fcck. Zudem bleibt der Schweizer Franken aufgrund des fragilen internationalen Umfelds und der geopolitischen Unsicherheiten stark.<\/p>\n<figure id=\"attachment_25693\" aria-describedby=\"caption-attachment-25693\" style=\"width: 680px\" class=\"wp-caption alignnone\"><img loading=\"lazy\" decoding=\"async\" class=\"size-full wp-image-25693\" src=\"https:\/\/www.organisator.ch\/wp-content\/uploads\/2024\/03\/KMU-MEM_Bild1_ps.jpg\" alt=\"\" width=\"680\" height=\"503\" srcset=\"https:\/\/www.organisator.ch\/wp-content\/uploads\/2024\/03\/KMU-MEM_Bild1_ps.jpg 680w, https:\/\/www.organisator.ch\/wp-content\/uploads\/2024\/03\/KMU-MEM_Bild1_ps-16x12.jpg 16w, https:\/\/www.organisator.ch\/wp-content\/uploads\/2024\/03\/KMU-MEM_Bild1_ps-375x277.jpg 375w, https:\/\/www.organisator.ch\/wp-content\/uploads\/2024\/03\/KMU-MEM_Bild1_ps-473x350.jpg 473w\" sizes=\"auto, (max-width: 680px) 100vw, 680px\" \/><figcaption id=\"caption-attachment-25693\" class=\"wp-caption-text\">Swissmechanic-Gesch\u00e4ftsklimaindex f\u00fcr die KMU-MEM-Betriebe. (Quelle: BAK Economics, Swissmechanic Quartalsbefragung \/ Bild: www.swissmechanic.ch)<\/figcaption><\/figure>\n<h3><strong>Auftragslage spitzt sich zu<\/strong><\/h3>\n<p>Die Auftragslage spitzt sich f\u00fcr einen steigenden Anteil der oft stark exportorientierten Unternehmen weiter zu. Bei etwas mehr als einem Viertel der befragten KMU reicht der aktuelle Auftragsbestand f\u00fcr maximal einen Monat. Entsprechend der schw\u00e4chelnden Nachfrage aus dem Ausland ist die Kapazit\u00e4tsauslastung weiter r\u00fcckl\u00e4ufig. Etwa die H\u00e4lfte der befragten KMU der MEM-Branche verzeichnete zudem einen R\u00fcckgang der Margen im Vergleich zum Vorjahresquartal. Gem\u00e4ss Umfrage erwarten mehr Unternehmen einen Personalabbau als -aufbau. Die kurzfristigen Aussichten bleiben ged\u00e4mpft; knapp die H\u00e4lfte der befragten Unternehmen erwartet im ersten Quartal 2024 einen R\u00fcckgang der Auftragseing\u00e4nge im Vergleich zum Vorjahresquartal.<\/p>\n<figure id=\"attachment_25694\" aria-describedby=\"caption-attachment-25694\" style=\"width: 680px\" class=\"wp-caption alignnone\"><img loading=\"lazy\" decoding=\"async\" class=\"size-full wp-image-25694\" src=\"https:\/\/www.organisator.ch\/wp-content\/uploads\/2024\/03\/KMU-MEM_Bild2_ps-2.jpg\" alt=\"\" width=\"680\" height=\"466\" srcset=\"https:\/\/www.organisator.ch\/wp-content\/uploads\/2024\/03\/KMU-MEM_Bild2_ps-2.jpg 680w, https:\/\/www.organisator.ch\/wp-content\/uploads\/2024\/03\/KMU-MEM_Bild2_ps-2-18x12.jpg 18w, https:\/\/www.organisator.ch\/wp-content\/uploads\/2024\/03\/KMU-MEM_Bild2_ps-2-375x257.jpg 375w, https:\/\/www.organisator.ch\/wp-content\/uploads\/2024\/03\/KMU-MEM_Bild2_ps-2-511x350.jpg 511w\" sizes=\"auto, (max-width: 680px) 100vw, 680px\" \/><figcaption id=\"caption-attachment-25694\" class=\"wp-caption-text\">Auslastung der Produktionskapazit\u00e4ten &#8211; (\u00d8 aller Unternehmen der MEM-Branche). (Quelle: BAK Economics, Swissmechanic Quartalsbefragung \/ Bild: www.swissmechanic.ch)<\/figcaption><\/figure>\n<h3><strong>KMU-MEM bleiben trotzdem moderat optimistisch<\/strong><\/h3>\n<p>Eine gewisse Erleichterung bietet die robustere US-Konjunktur, wenngleich das Wachstum 2024 etwas hinter dem des Vorjahres zur\u00fcckbleibt. Es wird erwartet, dass die im Jahresverlauf wieder anziehende Nachfrage nach Ausr\u00fcstungsinvestitionen die Branche unterst\u00fctzen wird. Wie die Umfrage zeigt, blicken die KMU-MEM derzeit moderat optimistisch ins Wirtschaftsjahr 2024. Gem\u00e4ss Branchenexpert\/innen ist der Silberstreif am Horizont bez\u00fcglich einer Entspannung der Belastungsfaktoren nach wie vor angezeigt. Er verschiebt sich jedoch in die zweite Jahresh\u00e4lfte.<\/p>\n<p><em>Quelle: <a href=\"http:\/\/www.swissmechanic.ch\">www.swissmechanic.ch<\/a><\/em><\/p>\n","protected":false},"excerpt":{"rendered":"<p>Zum Jahresauftakt 2024 verharrt der Gesch\u00e4ftsklimaindex der Swissmechanic KMU-MEM auf einem sehr tiefen Wert, was die anhaltenden Herausforderungen f\u00fcr die Branche verdeutlicht. Die MEM-Branche k\u00e4mpft weiterhin mit dem starken Franken und einem Mangel an Auftr\u00e4gen, was wiederum zu Umsatzeinbussen und Margendruck f\u00fchrt. Trotz vielf\u00e4ltiger Herausforderungen bleibt die MEM-Branche derzeit noch moderat optimistisch. Der Silberstreif am Horizont ist nach wie vor sichtbar, verschiebt sich jedoch in die zweite Jahresh\u00e4lfte.<\/p>\n","protected":false},"author":58,"featured_media":25696,"comment_status":"closed","ping_status":"closed","sticky":false,"template":"","format":"standard","meta":{"_acf_changed":false,"_yoast_wpseo_focuskw":"KMU-MEM","_yoast_wpseo_metadesc":"Die MEM-Branche k\u00e4mpft weiterhin mit dem starken Franken und einem Mangel an Auftr\u00e4gen, was wiederum zu Umsatzeinbussen und Margendruck f\u00fchrt.","articlekey":"","footnotes":""},"categories":[28],"tags":[301,334,2712,424,492],"class_list":["post-25692","post","type-post","status-publish","format-standard","has-post-thumbnail","hentry","category-management","tag-kmu","tag-management","tag-mem-branche","tag-schweiz","tag-unternehmen"],"acf":[],"yoast_head":"<!-- This site is optimized with the Yoast SEO plugin v27.4 - https:\/\/yoast.com\/product\/yoast-seo-wordpress\/ -->\n<title>Schwierige Zeiten f\u00fcr die KMU-MEM: Swissmechanic-Gesch\u00e4ftsklimaindex stagniert - Organisator<\/title>\n<meta name=\"description\" content=\"Die MEM-Branche k\u00e4mpft weiterhin mit dem starken Franken und einem Mangel an Auftr\u00e4gen, was wiederum zu Umsatzeinbussen und Margendruck f\u00fchrt.\" \/>\n<meta name=\"robots\" content=\"index, follow, max-snippet:-1, max-image-preview:large, max-video-preview:-1\" \/>\n<link rel=\"canonical\" href=\"https:\/\/www.organisator.ch\/de\/management\/2024-03-07\/schwierige-zeiten-fuer-die-kmu-mem-swissmechanic-geschaeftsklimaindex-stagniert\/\" \/>\n<meta property=\"og:locale\" content=\"de_DE\" \/>\n<meta property=\"og:type\" content=\"article\" \/>\n<meta property=\"og:title\" content=\"Schwierige Zeiten f\u00fcr die KMU-MEM: Swissmechanic-Gesch\u00e4ftsklimaindex stagniert\" \/>\n<meta property=\"og:description\" content=\"Die MEM-Branche k\u00e4mpft weiterhin mit dem starken Franken und einem Mangel an Auftr\u00e4gen, was wiederum zu Umsatzeinbussen und Margendruck f\u00fchrt.\" \/>\n<meta property=\"og:url\" content=\"https:\/\/www.organisator.ch\/de\/management\/2024-03-07\/schwierige-zeiten-fuer-die-kmu-mem-swissmechanic-geschaeftsklimaindex-stagniert\/\" \/>\n<meta property=\"og:site_name\" content=\"Organisator\" \/>\n<meta property=\"article:publisher\" content=\"https:\/\/www.facebook.com\/OrganisatorFachmagazin\" \/>\n<meta property=\"article:published_time\" content=\"2024-03-07T06:46:50+00:00\" \/>\n<meta property=\"og:image\" content=\"https:\/\/www.organisator.ch\/wp-content\/uploads\/2024\/03\/KMU-MEM_BILD.jpg\" \/>\n\t<meta property=\"og:image:width\" content=\"680\" \/>\n\t<meta property=\"og:image:height\" content=\"454\" \/>\n\t<meta property=\"og:image:type\" content=\"image\/jpeg\" \/>\n<meta name=\"author\" content=\"Adelisa Kalajdzini\" \/>\n<meta name=\"twitter:card\" content=\"summary_large_image\" \/>\n<meta name=\"twitter:title\" content=\"Schwierige Zeiten f\u00fcr die KMU-MEM: Swissmechanic-Gesch\u00e4ftsklimaindex stagniert\" \/>\n<meta name=\"twitter:description\" content=\"Die #MEM-Branche k\u00e4mpft weiterhin mit dem starken Franken und einem #Mangel an #Auftr\u00e4gen, was wiederum zu Umsatzeinbussen und Margendruck f\u00fchrt.\" \/>\n<meta name=\"twitter:image\" content=\"https:\/\/www.organisator.ch\/wp-content\/uploads\/2024\/03\/KMU-MEM_BILD.jpg\" \/>\n<script type=\"application\/ld+json\" class=\"yoast-schema-graph\">{\"@context\":\"https:\\\/\\\/schema.org\",\"@graph\":[{\"@type\":\"Article\",\"@id\":\"https:\\\/\\\/www.organisator.ch\\\/management\\\/2024-03-07\\\/schwierige-zeiten-fuer-die-kmu-mem-swissmechanic-geschaeftsklimaindex-stagniert\\\/#article\",\"isPartOf\":{\"@id\":\"https:\\\/\\\/www.organisator.ch\\\/management\\\/2024-03-07\\\/schwierige-zeiten-fuer-die-kmu-mem-swissmechanic-geschaeftsklimaindex-stagniert\\\/\"},\"author\":{\"name\":\"Adelisa Kalajdzini\",\"@id\":\"https:\\\/\\\/www.organisator.ch\\\/#\\\/schema\\\/person\\\/2e1314a2172123f874db408d8911d3f3\"},\"headline\":\"Schwierige Zeiten f\u00fcr die KMU-MEM: Swissmechanic-Gesch\u00e4ftsklimaindex stagniert\",\"datePublished\":\"2024-03-07T06:46:50+00:00\",\"mainEntityOfPage\":{\"@id\":\"https:\\\/\\\/www.organisator.ch\\\/management\\\/2024-03-07\\\/schwierige-zeiten-fuer-die-kmu-mem-swissmechanic-geschaeftsklimaindex-stagniert\\\/\"},\"wordCount\":366,\"publisher\":{\"@id\":\"https:\\\/\\\/www.organisator.ch\\\/#organization\"},\"image\":{\"@id\":\"https:\\\/\\\/www.organisator.ch\\\/management\\\/2024-03-07\\\/schwierige-zeiten-fuer-die-kmu-mem-swissmechanic-geschaeftsklimaindex-stagniert\\\/#primaryimage\"},\"thumbnailUrl\":\"https:\\\/\\\/www.organisator.ch\\\/wp-content\\\/uploads\\\/2024\\\/03\\\/KMU-MEM_BILD.jpg\",\"keywords\":[\"KMU\",\"Management\",\"MEM-Branche\",\"Schweiz\",\"Unternehmen\"],\"articleSection\":[\"MANAGEMENT\"],\"inLanguage\":\"de\"},{\"@type\":\"WebPage\",\"@id\":\"https:\\\/\\\/www.organisator.ch\\\/management\\\/2024-03-07\\\/schwierige-zeiten-fuer-die-kmu-mem-swissmechanic-geschaeftsklimaindex-stagniert\\\/\",\"url\":\"https:\\\/\\\/www.organisator.ch\\\/management\\\/2024-03-07\\\/schwierige-zeiten-fuer-die-kmu-mem-swissmechanic-geschaeftsklimaindex-stagniert\\\/\",\"name\":\"Schwierige Zeiten f\u00fcr die KMU-MEM: Swissmechanic-Gesch\u00e4ftsklimaindex stagniert - Organisator\",\"isPartOf\":{\"@id\":\"https:\\\/\\\/www.organisator.ch\\\/#website\"},\"primaryImageOfPage\":{\"@id\":\"https:\\\/\\\/www.organisator.ch\\\/management\\\/2024-03-07\\\/schwierige-zeiten-fuer-die-kmu-mem-swissmechanic-geschaeftsklimaindex-stagniert\\\/#primaryimage\"},\"image\":{\"@id\":\"https:\\\/\\\/www.organisator.ch\\\/management\\\/2024-03-07\\\/schwierige-zeiten-fuer-die-kmu-mem-swissmechanic-geschaeftsklimaindex-stagniert\\\/#primaryimage\"},\"thumbnailUrl\":\"https:\\\/\\\/www.organisator.ch\\\/wp-content\\\/uploads\\\/2024\\\/03\\\/KMU-MEM_BILD.jpg\",\"datePublished\":\"2024-03-07T06:46:50+00:00\",\"description\":\"Die MEM-Branche k\u00e4mpft weiterhin mit dem starken Franken und einem Mangel an Auftr\u00e4gen, was wiederum zu Umsatzeinbussen und Margendruck f\u00fchrt.\",\"breadcrumb\":{\"@id\":\"https:\\\/\\\/www.organisator.ch\\\/management\\\/2024-03-07\\\/schwierige-zeiten-fuer-die-kmu-mem-swissmechanic-geschaeftsklimaindex-stagniert\\\/#breadcrumb\"},\"inLanguage\":\"de\",\"potentialAction\":[{\"@type\":\"ReadAction\",\"target\":[\"https:\\\/\\\/www.organisator.ch\\\/management\\\/2024-03-07\\\/schwierige-zeiten-fuer-die-kmu-mem-swissmechanic-geschaeftsklimaindex-stagniert\\\/\"]}]},{\"@type\":\"ImageObject\",\"inLanguage\":\"de\",\"@id\":\"https:\\\/\\\/www.organisator.ch\\\/management\\\/2024-03-07\\\/schwierige-zeiten-fuer-die-kmu-mem-swissmechanic-geschaeftsklimaindex-stagniert\\\/#primaryimage\",\"url\":\"https:\\\/\\\/www.organisator.ch\\\/wp-content\\\/uploads\\\/2024\\\/03\\\/KMU-MEM_BILD.jpg\",\"contentUrl\":\"https:\\\/\\\/www.organisator.ch\\\/wp-content\\\/uploads\\\/2024\\\/03\\\/KMU-MEM_BILD.jpg\",\"width\":680,\"height\":454,\"caption\":\"Die MEM-Branche k\u00e4mpft weiterhin mit dem starken Franken und einem Mangel an Auftr\u00e4gen. (Bild: www.depositphotos.com)\"},{\"@type\":\"BreadcrumbList\",\"@id\":\"https:\\\/\\\/www.organisator.ch\\\/management\\\/2024-03-07\\\/schwierige-zeiten-fuer-die-kmu-mem-swissmechanic-geschaeftsklimaindex-stagniert\\\/#breadcrumb\",\"itemListElement\":[{\"@type\":\"ListItem\",\"position\":1,\"name\":\"Home\",\"item\":\"https:\\\/\\\/www.organisator.ch\\\/\"},{\"@type\":\"ListItem\",\"position\":2,\"name\":\"Schwierige Zeiten f\u00fcr die KMU-MEM: Swissmechanic-Gesch\u00e4ftsklimaindex stagniert\"}]},{\"@type\":\"WebSite\",\"@id\":\"https:\\\/\\\/www.organisator.ch\\\/#website\",\"url\":\"https:\\\/\\\/www.organisator.ch\\\/\",\"name\":\"Organisator\",\"description\":\"Kompetent. Praxisnah. Der ORGANISATOR bereitet in 10 Ausgaben pro Jahr die wesentlichen Themen f\u00fcr F\u00fchrungskr\u00e4fte von KMU auf.\",\"publisher\":{\"@id\":\"https:\\\/\\\/www.organisator.ch\\\/#organization\"},\"potentialAction\":[{\"@type\":\"SearchAction\",\"target\":{\"@type\":\"EntryPoint\",\"urlTemplate\":\"https:\\\/\\\/www.organisator.ch\\\/?s={search_term_string}\"},\"query-input\":{\"@type\":\"PropertyValueSpecification\",\"valueRequired\":true,\"valueName\":\"search_term_string\"}}],\"inLanguage\":\"de\"},{\"@type\":\"Organization\",\"@id\":\"https:\\\/\\\/www.organisator.ch\\\/#organization\",\"name\":\"Organisator\",\"url\":\"https:\\\/\\\/www.organisator.ch\\\/\",\"logo\":{\"@type\":\"ImageObject\",\"inLanguage\":\"de\",\"@id\":\"https:\\\/\\\/www.organisator.ch\\\/#\\\/schema\\\/logo\\\/image\\\/\",\"url\":\"https:\\\/\\\/www.organisator.ch\\\/wp-content\\\/uploads\\\/2022\\\/01\\\/Logo_Organisator_Website.png\",\"contentUrl\":\"https:\\\/\\\/www.organisator.ch\\\/wp-content\\\/uploads\\\/2022\\\/01\\\/Logo_Organisator_Website.png\",\"width\":800,\"height\":77,\"caption\":\"Organisator\"},\"image\":{\"@id\":\"https:\\\/\\\/www.organisator.ch\\\/#\\\/schema\\\/logo\\\/image\\\/\"},\"sameAs\":[\"https:\\\/\\\/www.facebook.com\\\/OrganisatorFachmagazin\",\"https:\\\/\\\/www.linkedin.com\\\/showcase\\\/organisator-das-magazin-fr-kmu\",\"https:\\\/\\\/www.xing.com\\\/news\\\/pages\\\/organisator-ch-695\",\"https:\\\/\\\/www.youtube.com\\\/channel\\\/UCGP2Sq0iWaZwT3BdIAQFYpw\"]},{\"@type\":\"Person\",\"@id\":\"https:\\\/\\\/www.organisator.ch\\\/#\\\/schema\\\/person\\\/2e1314a2172123f874db408d8911d3f3\",\"name\":\"Adelisa Kalajdzini\",\"image\":{\"@type\":\"ImageObject\",\"inLanguage\":\"de\",\"@id\":\"https:\\\/\\\/secure.gravatar.com\\\/avatar\\\/09a397c22ac58cad6f160ee8306348599df9df58a8ede73696226897b9fa4b24?s=96&d=mm&r=g\",\"url\":\"https:\\\/\\\/secure.gravatar.com\\\/avatar\\\/09a397c22ac58cad6f160ee8306348599df9df58a8ede73696226897b9fa4b24?s=96&d=mm&r=g\",\"contentUrl\":\"https:\\\/\\\/secure.gravatar.com\\\/avatar\\\/09a397c22ac58cad6f160ee8306348599df9df58a8ede73696226897b9fa4b24?s=96&d=mm&r=g\",\"caption\":\"Adelisa Kalajdzini\"},\"url\":\"https:\\\/\\\/www.organisator.ch\\\/de\\\/author\\\/adelisa-kalajdzini\\\/\"}]}<\/script>\n<!-- \/ Yoast SEO plugin. -->","yoast_head_json":{"title":"Schwierige Zeiten f\u00fcr die KMU-MEM: Swissmechanic-Gesch\u00e4ftsklimaindex stagniert - Organisator","description":"Die MEM-Branche k\u00e4mpft weiterhin mit dem starken Franken und einem Mangel an Auftr\u00e4gen, was wiederum zu Umsatzeinbussen und Margendruck f\u00fchrt.","robots":{"index":"index","follow":"follow","max-snippet":"max-snippet:-1","max-image-preview":"max-image-preview:large","max-video-preview":"max-video-preview:-1"},"canonical":"https:\/\/www.organisator.ch\/de\/management\/2024-03-07\/schwierige-zeiten-fuer-die-kmu-mem-swissmechanic-geschaeftsklimaindex-stagniert\/","og_locale":"de_DE","og_type":"article","og_title":"Schwierige Zeiten f\u00fcr die KMU-MEM: Swissmechanic-Gesch\u00e4ftsklimaindex stagniert","og_description":"Die MEM-Branche k\u00e4mpft weiterhin mit dem starken Franken und einem Mangel an Auftr\u00e4gen, was wiederum zu Umsatzeinbussen und Margendruck f\u00fchrt.","og_url":"https:\/\/www.organisator.ch\/de\/management\/2024-03-07\/schwierige-zeiten-fuer-die-kmu-mem-swissmechanic-geschaeftsklimaindex-stagniert\/","og_site_name":"Organisator","article_publisher":"https:\/\/www.facebook.com\/OrganisatorFachmagazin","article_published_time":"2024-03-07T06:46:50+00:00","og_image":[{"width":680,"height":454,"url":"https:\/\/www.organisator.ch\/wp-content\/uploads\/2024\/03\/KMU-MEM_BILD.jpg","type":"image\/jpeg"}],"author":"Adelisa Kalajdzini","twitter_card":"summary_large_image","twitter_title":"Schwierige Zeiten f\u00fcr die KMU-MEM: Swissmechanic-Gesch\u00e4ftsklimaindex stagniert","twitter_description":"Die #MEM-Branche k\u00e4mpft weiterhin mit dem starken Franken und einem #Mangel an #Auftr\u00e4gen, was wiederum zu Umsatzeinbussen und Margendruck f\u00fchrt.","twitter_image":"https:\/\/www.organisator.ch\/wp-content\/uploads\/2024\/03\/KMU-MEM_BILD.jpg","schema":{"@context":"https:\/\/schema.org","@graph":[{"@type":"Article","@id":"https:\/\/www.organisator.ch\/management\/2024-03-07\/schwierige-zeiten-fuer-die-kmu-mem-swissmechanic-geschaeftsklimaindex-stagniert\/#article","isPartOf":{"@id":"https:\/\/www.organisator.ch\/management\/2024-03-07\/schwierige-zeiten-fuer-die-kmu-mem-swissmechanic-geschaeftsklimaindex-stagniert\/"},"author":{"name":"Adelisa Kalajdzini","@id":"https:\/\/www.organisator.ch\/#\/schema\/person\/2e1314a2172123f874db408d8911d3f3"},"headline":"Schwierige Zeiten f\u00fcr die KMU-MEM: Swissmechanic-Gesch\u00e4ftsklimaindex stagniert","datePublished":"2024-03-07T06:46:50+00:00","mainEntityOfPage":{"@id":"https:\/\/www.organisator.ch\/management\/2024-03-07\/schwierige-zeiten-fuer-die-kmu-mem-swissmechanic-geschaeftsklimaindex-stagniert\/"},"wordCount":366,"publisher":{"@id":"https:\/\/www.organisator.ch\/#organization"},"image":{"@id":"https:\/\/www.organisator.ch\/management\/2024-03-07\/schwierige-zeiten-fuer-die-kmu-mem-swissmechanic-geschaeftsklimaindex-stagniert\/#primaryimage"},"thumbnailUrl":"https:\/\/www.organisator.ch\/wp-content\/uploads\/2024\/03\/KMU-MEM_BILD.jpg","keywords":["KMU","Management","MEM-Branche","Schweiz","Unternehmen"],"articleSection":["MANAGEMENT"],"inLanguage":"de"},{"@type":"WebPage","@id":"https:\/\/www.organisator.ch\/management\/2024-03-07\/schwierige-zeiten-fuer-die-kmu-mem-swissmechanic-geschaeftsklimaindex-stagniert\/","url":"https:\/\/www.organisator.ch\/management\/2024-03-07\/schwierige-zeiten-fuer-die-kmu-mem-swissmechanic-geschaeftsklimaindex-stagniert\/","name":"Schwierige Zeiten f\u00fcr die KMU-MEM: Swissmechanic-Gesch\u00e4ftsklimaindex stagniert - Organisator","isPartOf":{"@id":"https:\/\/www.organisator.ch\/#website"},"primaryImageOfPage":{"@id":"https:\/\/www.organisator.ch\/management\/2024-03-07\/schwierige-zeiten-fuer-die-kmu-mem-swissmechanic-geschaeftsklimaindex-stagniert\/#primaryimage"},"image":{"@id":"https:\/\/www.organisator.ch\/management\/2024-03-07\/schwierige-zeiten-fuer-die-kmu-mem-swissmechanic-geschaeftsklimaindex-stagniert\/#primaryimage"},"thumbnailUrl":"https:\/\/www.organisator.ch\/wp-content\/uploads\/2024\/03\/KMU-MEM_BILD.jpg","datePublished":"2024-03-07T06:46:50+00:00","description":"Die MEM-Branche k\u00e4mpft weiterhin mit dem starken Franken und einem Mangel an Auftr\u00e4gen, was wiederum zu Umsatzeinbussen und Margendruck f\u00fchrt.","breadcrumb":{"@id":"https:\/\/www.organisator.ch\/management\/2024-03-07\/schwierige-zeiten-fuer-die-kmu-mem-swissmechanic-geschaeftsklimaindex-stagniert\/#breadcrumb"},"inLanguage":"de","potentialAction":[{"@type":"ReadAction","target":["https:\/\/www.organisator.ch\/management\/2024-03-07\/schwierige-zeiten-fuer-die-kmu-mem-swissmechanic-geschaeftsklimaindex-stagniert\/"]}]},{"@type":"ImageObject","inLanguage":"de","@id":"https:\/\/www.organisator.ch\/management\/2024-03-07\/schwierige-zeiten-fuer-die-kmu-mem-swissmechanic-geschaeftsklimaindex-stagniert\/#primaryimage","url":"https:\/\/www.organisator.ch\/wp-content\/uploads\/2024\/03\/KMU-MEM_BILD.jpg","contentUrl":"https:\/\/www.organisator.ch\/wp-content\/uploads\/2024\/03\/KMU-MEM_BILD.jpg","width":680,"height":454,"caption":"Die MEM-Branche k\u00e4mpft weiterhin mit dem starken Franken und einem Mangel an Auftr\u00e4gen. (Bild: www.depositphotos.com)"},{"@type":"BreadcrumbList","@id":"https:\/\/www.organisator.ch\/management\/2024-03-07\/schwierige-zeiten-fuer-die-kmu-mem-swissmechanic-geschaeftsklimaindex-stagniert\/#breadcrumb","itemListElement":[{"@type":"ListItem","position":1,"name":"Home","item":"https:\/\/www.organisator.ch\/"},{"@type":"ListItem","position":2,"name":"Schwierige Zeiten f\u00fcr die KMU-MEM: Swissmechanic-Gesch\u00e4ftsklimaindex stagniert"}]},{"@type":"WebSite","@id":"https:\/\/www.organisator.ch\/#website","url":"https:\/\/www.organisator.ch\/","name":"Organisator","description":"Kompetent. Praxisnah. Der ORGANISATOR bereitet in 10 Ausgaben pro Jahr die wesentlichen Themen f\u00fcr F\u00fchrungskr\u00e4fte von KMU auf.","publisher":{"@id":"https:\/\/www.organisator.ch\/#organization"},"potentialAction":[{"@type":"SearchAction","target":{"@type":"EntryPoint","urlTemplate":"https:\/\/www.organisator.ch\/?s={search_term_string}"},"query-input":{"@type":"PropertyValueSpecification","valueRequired":true,"valueName":"search_term_string"}}],"inLanguage":"de"},{"@type":"Organization","@id":"https:\/\/www.organisator.ch\/#organization","name":"Organisator","url":"https:\/\/www.organisator.ch\/","logo":{"@type":"ImageObject","inLanguage":"de","@id":"https:\/\/www.organisator.ch\/#\/schema\/logo\/image\/","url":"https:\/\/www.organisator.ch\/wp-content\/uploads\/2022\/01\/Logo_Organisator_Website.png","contentUrl":"https:\/\/www.organisator.ch\/wp-content\/uploads\/2022\/01\/Logo_Organisator_Website.png","width":800,"height":77,"caption":"Organisator"},"image":{"@id":"https:\/\/www.organisator.ch\/#\/schema\/logo\/image\/"},"sameAs":["https:\/\/www.facebook.com\/OrganisatorFachmagazin","https:\/\/www.linkedin.com\/showcase\/organisator-das-magazin-fr-kmu","https:\/\/www.xing.com\/news\/pages\/organisator-ch-695","https:\/\/www.youtube.com\/channel\/UCGP2Sq0iWaZwT3BdIAQFYpw"]},{"@type":"Person","@id":"https:\/\/www.organisator.ch\/#\/schema\/person\/2e1314a2172123f874db408d8911d3f3","name":"Adelisa Kalajdzini","image":{"@type":"ImageObject","inLanguage":"de","@id":"https:\/\/secure.gravatar.com\/avatar\/09a397c22ac58cad6f160ee8306348599df9df58a8ede73696226897b9fa4b24?s=96&d=mm&r=g","url":"https:\/\/secure.gravatar.com\/avatar\/09a397c22ac58cad6f160ee8306348599df9df58a8ede73696226897b9fa4b24?s=96&d=mm&r=g","contentUrl":"https:\/\/secure.gravatar.com\/avatar\/09a397c22ac58cad6f160ee8306348599df9df58a8ede73696226897b9fa4b24?s=96&d=mm&r=g","caption":"Adelisa Kalajdzini"},"url":"https:\/\/www.organisator.ch\/de\/author\/adelisa-kalajdzini\/"}]}},"_links":{"self":[{"href":"https:\/\/www.organisator.ch\/de\/wp-json\/wp\/v2\/posts\/25692","targetHints":{"allow":["GET"]}}],"collection":[{"href":"https:\/\/www.organisator.ch\/de\/wp-json\/wp\/v2\/posts"}],"about":[{"href":"https:\/\/www.organisator.ch\/de\/wp-json\/wp\/v2\/types\/post"}],"author":[{"embeddable":true,"href":"https:\/\/www.organisator.ch\/de\/wp-json\/wp\/v2\/users\/58"}],"replies":[{"embeddable":true,"href":"https:\/\/www.organisator.ch\/de\/wp-json\/wp\/v2\/comments?post=25692"}],"version-history":[{"count":4,"href":"https:\/\/www.organisator.ch\/de\/wp-json\/wp\/v2\/posts\/25692\/revisions"}],"predecessor-version":[{"id":25743,"href":"https:\/\/www.organisator.ch\/de\/wp-json\/wp\/v2\/posts\/25692\/revisions\/25743"}],"wp:featuredmedia":[{"embeddable":true,"href":"https:\/\/www.organisator.ch\/de\/wp-json\/wp\/v2\/media\/25696"}],"wp:attachment":[{"href":"https:\/\/www.organisator.ch\/de\/wp-json\/wp\/v2\/media?parent=25692"}],"wp:term":[{"taxonomy":"category","embeddable":true,"href":"https:\/\/www.organisator.ch\/de\/wp-json\/wp\/v2\/categories?post=25692"},{"taxonomy":"post_tag","embeddable":true,"href":"https:\/\/www.organisator.ch\/de\/wp-json\/wp\/v2\/tags?post=25692"}],"curies":[{"name":"wp","href":"https:\/\/api.w.org\/{rel}","templated":true}]}}