{"id":25708,"date":"2024-03-08T06:10:09","date_gmt":"2024-03-08T05:10:09","guid":{"rendered":"https:\/\/www.organisator.ch\/?p=25708"},"modified":"2024-03-07T08:10:40","modified_gmt":"2024-03-07T07:10:40","slug":"frauen-im-fokus-der-podcast-bertagamma-startet-am-internationalen-frauentag","status":"publish","type":"post","link":"https:\/\/www.organisator.ch\/de\/human-resources\/2024-03-08\/frauen-im-fokus-der-podcast-bertagamma-startet-am-internationalen-frauentag\/","title":{"rendered":"Frauen im Fokus: Der Podcast &#8218;berta&#038;gamma&#8216; startet am Internationalen Frauentag"},"content":{"rendered":"<figure id=\"attachment_25709\" aria-describedby=\"caption-attachment-25709\" style=\"width: 680px\" class=\"wp-caption alignnone\"><img loading=\"lazy\" decoding=\"async\" class=\"size-full wp-image-25709\" src=\"https:\/\/www.organisator.ch\/wp-content\/uploads\/2024\/03\/Sabrina-Lehmann_Bild1_ps.jpg\" alt=\"\" width=\"680\" height=\"453\" srcset=\"https:\/\/www.organisator.ch\/wp-content\/uploads\/2024\/03\/Sabrina-Lehmann_Bild1_ps.jpg 680w, https:\/\/www.organisator.ch\/wp-content\/uploads\/2024\/03\/Sabrina-Lehmann_Bild1_ps-18x12.jpg 18w, https:\/\/www.organisator.ch\/wp-content\/uploads\/2024\/03\/Sabrina-Lehmann_Bild1_ps-375x250.jpg 375w, https:\/\/www.organisator.ch\/wp-content\/uploads\/2024\/03\/Sabrina-Lehmann_Bild1_ps-525x350.jpg 525w\" sizes=\"auto, (max-width: 680px) 100vw, 680px\" \/><figcaption id=\"caption-attachment-25709\" class=\"wp-caption-text\">Sabrina Lehmann &#8211; Radiomoderatorin und Gastgeberin des neuen Podcast. (Bild: www.helvetia-spricht.ch)<\/figcaption><\/figure>\n<p>\u00abMit unserem Ostschweizer Podcast-Projekt &#8222;berta&amp;gamma&#8220; wollen wir der Schweiz und uns selbst zeigen\u00bb, erkl\u00e4rt Kathrin Loppacher, Projektinitiantin von \u00abberta&amp;gamma\u00bb. \u00abGemeinsam r\u00fccken wir die Ostschweiz als Lebens- und Arbeitsraum in den Vordergrund und erm\u00f6glichen spannende Einblicke in innovative, wertvolle Organisationen und Unternehmen. So schaffen wir neue Vorbilder und Vorstellungen f\u00fcr ganze Generationen\u00bb, ist sie \u00fcberzeugt.<\/p>\n<p>Im Podcast erh\u00e4lt die Region einen zentralen Stellenwert: Die Kulturschaffenden beleuchten den Kulturplatz Ostschweiz neu; der Wirtschaftsstandort Ostschweiz r\u00fcckt ins Scheinwerferlicht. \u00abWir sprechen mit unseren G\u00e4sten \u00fcber den pers\u00f6nlichen Bildungs- und Berufsweg, pr\u00e4gende Erlebnisse, Herausforderungen, Lehren und Tipps. Durch ihr \u00f6ffentlich werdendes Wirken schaffen sie so neue Vorstellungen, Ideen und Inspiration\u00bb, freut sich die Thurgauerin Sabrina Lehmann, Radiomoderatorin und Gastgeberin des neuen Podcast.<\/p>\n<h3><strong>Sichtbarkeit schafft Vorbilder<\/strong><\/h3>\n<p>Gerade junge Frauen (und M\u00e4nner) brauchen weibliche Vorbilder, an denen sie sich orientieren k\u00f6nnen. Durch die Sichtbarkeit werden sie angeregt, Leitbilder f\u00fcr die eigene Lebens- und Karriereplanung (neu) zu definieren und zu realisieren \u2013 und zwar auch dann, wenn entsprechende Vorbilder im direkten Umfeld fehlen. \u00abDas st\u00e4rkt die Ostschweiz, f\u00f6rdert die Standortattraktivit\u00e4t und ist eine Massnahme gegen den Fachkr\u00e4ftemangel\u00bb, ist Michaela Silvestri, Pr\u00e4sidentin von \u00abHelvetia spricht\u00bb \u00fcberzeugt. Der gemeinn\u00fctzige Verein initiiert spezifische Projekte, um die Sichtbarkeit von Frauen aus Wirtschaft, Gesellschaft und Bildung in der \u00d6ffentlichkeit zu erh\u00f6hen. Vor zwei Jahren lancierte er die Referentinnen-Plattform alphaberta.ch, die sich seither grosser Nachfrage erfreut. \u00abUnsere Projekte unterst\u00fctzen dabei, dass das Potenzial von Frauen konsequent genutzt wird \u2013 sei es als Referentinnen auf der B\u00fchne, als F\u00fchrungskr\u00e4fte in Unternehmen oder als Vorbilder in der breiten \u00d6ffentlichkeit\u00bb, so Silvestri.<\/p>\n<h3><strong>Starke Unterst\u00fctzung f\u00fcr professionelle Umsetzung<\/strong><\/h3>\n<p>Dank der finanziellen Unterst\u00fctzung der Lotteriefonds der Kantone Thurgau, St.Gallen und Appenzell Ausserrhoden sowie privaten Stiftungen, namentlich der Ernst G\u00f6hner Stiftung (ZG), dem Gemeinn\u00fctzigen Frauenverein St.Gallen (SG), der kantonalen st.gallischen Winkelriedstiftung (SG), der Dr. Fred Styger Stiftung f\u00fcr Kultur, Bildung und Wissenschaft (AR), der gemeinn\u00fctzigen Stiftung der Raiffeisenbank Gossau-Andwil-Niederwil (SG), der Steinegg Stiftung (AR), Metrohm Stiftung (AR), der Ortsb\u00fcrgergemeinde St.Gallen (SG) sowie der TW Stiftung zugunsten von kulturellen und sozialen Institutionen (SG) kann der Podcast professionell umgesetzt werden. Produktionspartner ist die Thurgauer Agentur Mediaworks.<\/p>\n<p><em>Quelle: <a href=\"http:\/\/www.helvetia-spricht.ch\">www.helvetia-spricht.ch<\/a> \/ <a href=\"http:\/\/www.berta-gamma.ch\">www.berta-gamma.ch<\/a><\/em><\/p>\n","protected":false},"excerpt":{"rendered":"<p>P\u00fcnktlich zum Internationalen Frauentag am 8. M\u00e4rz lanciert der Verein \u00abHelvetia spricht\u00bb sein zweites Projekt, den Podcast \u00abberta&#038;gamma\u00bb. Frauen im Rampenlicht, die Ostschweiz im Fokus: In 55 Folgen berichten weibliche Ostschweizer Pers\u00f6nlichkeiten aus Wirtschaft, Kultur, Politik, Kunst und weiteren Bereichen \u00fcber ihren Weg, ihr Wirken und ihre Herausforderungen.<\/p>\n","protected":false},"author":58,"featured_media":25709,"comment_status":"closed","ping_status":"closed","sticky":false,"template":"","format":"standard","meta":{"_acf_changed":false,"_yoast_wpseo_focuskw":"Frauentag","_yoast_wpseo_metadesc":"P\u00fcnktlich zum Internationalen Frauentag am 8. M\u00e4rz lanciert der Verein \u00abHelvetia spricht\u00bb sein zweites Projekt, den Podcast \u00abberta&gamma\u00bb.","articlekey":"","footnotes":""},"categories":[579],"tags":[3506,2645,492,519,2576],"class_list":["post-25708","post","type-post","status-publish","format-standard","has-post-thumbnail","hentry","category-human-resources","tag-human-resources","tag-podcast","tag-unternehmen","tag-weltfrauentag","tag-wirtschaft"],"acf":[],"yoast_head":"<!-- This site is optimized with the Yoast SEO plugin v27.4 - https:\/\/yoast.com\/product\/yoast-seo-wordpress\/ -->\n<title>Frauen im Fokus: Der Podcast &#039;berta&amp;gamma&#039; startet am Internationalen Frauentag - Organisator<\/title>\n<meta name=\"description\" content=\"P\u00fcnktlich zum Internationalen Frauentag am 8. M\u00e4rz lanciert der Verein \u00abHelvetia spricht\u00bb sein zweites Projekt, den Podcast \u00abberta&amp;gamma\u00bb.\" \/>\n<meta name=\"robots\" content=\"index, follow, max-snippet:-1, max-image-preview:large, max-video-preview:-1\" \/>\n<link rel=\"canonical\" href=\"https:\/\/www.organisator.ch\/de\/human-resources\/2024-03-08\/frauen-im-fokus-der-podcast-bertagamma-startet-am-internationalen-frauentag\/\" \/>\n<meta property=\"og:locale\" content=\"de_DE\" \/>\n<meta property=\"og:type\" content=\"article\" \/>\n<meta property=\"og:title\" content=\"Frauen im Fokus: Der Podcast &#039;berta&amp;gamma&#039; startet am Internationalen Frauentag\" \/>\n<meta property=\"og:description\" content=\"P\u00fcnktlich zum Internationalen Frauentag am 8. M\u00e4rz lanciert der Verein \u00abHelvetia spricht\u00bb sein zweites Projekt, den Podcast \u00abberta&amp;gamma\u00bb.\" \/>\n<meta property=\"og:url\" content=\"https:\/\/www.organisator.ch\/de\/human-resources\/2024-03-08\/frauen-im-fokus-der-podcast-bertagamma-startet-am-internationalen-frauentag\/\" \/>\n<meta property=\"og:site_name\" content=\"Organisator\" \/>\n<meta property=\"article:publisher\" content=\"https:\/\/www.facebook.com\/OrganisatorFachmagazin\" \/>\n<meta property=\"article:published_time\" content=\"2024-03-08T05:10:09+00:00\" \/>\n<meta property=\"og:image\" content=\"https:\/\/www.organisator.ch\/wp-content\/uploads\/2024\/03\/Sabrina-Lehmann_Bild1_ps.jpg\" \/>\n\t<meta property=\"og:image:width\" content=\"680\" \/>\n\t<meta property=\"og:image:height\" content=\"453\" \/>\n\t<meta property=\"og:image:type\" content=\"image\/jpeg\" \/>\n<meta name=\"author\" content=\"Adelisa Kalajdzini\" \/>\n<meta name=\"twitter:card\" content=\"summary_large_image\" \/>\n<meta name=\"twitter:title\" content=\"Frauen im Fokus: Der Podcast &#039;berta&amp;gamma&#039; startet am Internationalen Frauentag\" \/>\n<meta name=\"twitter:description\" content=\"P\u00fcnktlich zum Internationalen #Frauentag am 8. M\u00e4rz lanciert der Verein #\u00abHelvetia spricht\u00bb sein zweites Projekt, den #Podcast #\u00abberta&amp;gamma\u00bb.\" \/>\n<meta name=\"twitter:image\" content=\"https:\/\/www.organisator.ch\/wp-content\/uploads\/2024\/03\/Sabrina-Lehmann_Bild1_ps.jpg\" \/>\n<script type=\"application\/ld+json\" class=\"yoast-schema-graph\">{\"@context\":\"https:\\\/\\\/schema.org\",\"@graph\":[{\"@type\":\"Article\",\"@id\":\"https:\\\/\\\/www.organisator.ch\\\/human-resources\\\/2024-03-08\\\/frauen-im-fokus-der-podcast-bertagamma-startet-am-internationalen-frauentag\\\/#article\",\"isPartOf\":{\"@id\":\"https:\\\/\\\/www.organisator.ch\\\/human-resources\\\/2024-03-08\\\/frauen-im-fokus-der-podcast-bertagamma-startet-am-internationalen-frauentag\\\/\"},\"author\":{\"name\":\"Adelisa Kalajdzini\",\"@id\":\"https:\\\/\\\/www.organisator.ch\\\/#\\\/schema\\\/person\\\/2e1314a2172123f874db408d8911d3f3\"},\"headline\":\"Frauen im Fokus: Der Podcast &#8218;berta&#038;gamma&#8216; startet am Internationalen Frauentag\",\"datePublished\":\"2024-03-08T05:10:09+00:00\",\"mainEntityOfPage\":{\"@id\":\"https:\\\/\\\/www.organisator.ch\\\/human-resources\\\/2024-03-08\\\/frauen-im-fokus-der-podcast-bertagamma-startet-am-internationalen-frauentag\\\/\"},\"wordCount\":420,\"publisher\":{\"@id\":\"https:\\\/\\\/www.organisator.ch\\\/#organization\"},\"image\":{\"@id\":\"https:\\\/\\\/www.organisator.ch\\\/human-resources\\\/2024-03-08\\\/frauen-im-fokus-der-podcast-bertagamma-startet-am-internationalen-frauentag\\\/#primaryimage\"},\"thumbnailUrl\":\"https:\\\/\\\/www.organisator.ch\\\/wp-content\\\/uploads\\\/2024\\\/03\\\/Sabrina-Lehmann_Bild1_ps.jpg\",\"keywords\":[\"Human Resources\",\"Podcast\",\"Unternehmen\",\"Weltfrauentag\",\"Wirtschaft\"],\"articleSection\":[\"HUMAN RESOURCES\"],\"inLanguage\":\"de\"},{\"@type\":\"WebPage\",\"@id\":\"https:\\\/\\\/www.organisator.ch\\\/human-resources\\\/2024-03-08\\\/frauen-im-fokus-der-podcast-bertagamma-startet-am-internationalen-frauentag\\\/\",\"url\":\"https:\\\/\\\/www.organisator.ch\\\/human-resources\\\/2024-03-08\\\/frauen-im-fokus-der-podcast-bertagamma-startet-am-internationalen-frauentag\\\/\",\"name\":\"Frauen im Fokus: Der Podcast 'berta&gamma' startet am Internationalen Frauentag - Organisator\",\"isPartOf\":{\"@id\":\"https:\\\/\\\/www.organisator.ch\\\/#website\"},\"primaryImageOfPage\":{\"@id\":\"https:\\\/\\\/www.organisator.ch\\\/human-resources\\\/2024-03-08\\\/frauen-im-fokus-der-podcast-bertagamma-startet-am-internationalen-frauentag\\\/#primaryimage\"},\"image\":{\"@id\":\"https:\\\/\\\/www.organisator.ch\\\/human-resources\\\/2024-03-08\\\/frauen-im-fokus-der-podcast-bertagamma-startet-am-internationalen-frauentag\\\/#primaryimage\"},\"thumbnailUrl\":\"https:\\\/\\\/www.organisator.ch\\\/wp-content\\\/uploads\\\/2024\\\/03\\\/Sabrina-Lehmann_Bild1_ps.jpg\",\"datePublished\":\"2024-03-08T05:10:09+00:00\",\"description\":\"P\u00fcnktlich zum Internationalen Frauentag am 8. M\u00e4rz lanciert der Verein \u00abHelvetia spricht\u00bb sein zweites Projekt, den Podcast \u00abberta&gamma\u00bb.\",\"breadcrumb\":{\"@id\":\"https:\\\/\\\/www.organisator.ch\\\/human-resources\\\/2024-03-08\\\/frauen-im-fokus-der-podcast-bertagamma-startet-am-internationalen-frauentag\\\/#breadcrumb\"},\"inLanguage\":\"de\",\"potentialAction\":[{\"@type\":\"ReadAction\",\"target\":[\"https:\\\/\\\/www.organisator.ch\\\/human-resources\\\/2024-03-08\\\/frauen-im-fokus-der-podcast-bertagamma-startet-am-internationalen-frauentag\\\/\"]}]},{\"@type\":\"ImageObject\",\"inLanguage\":\"de\",\"@id\":\"https:\\\/\\\/www.organisator.ch\\\/human-resources\\\/2024-03-08\\\/frauen-im-fokus-der-podcast-bertagamma-startet-am-internationalen-frauentag\\\/#primaryimage\",\"url\":\"https:\\\/\\\/www.organisator.ch\\\/wp-content\\\/uploads\\\/2024\\\/03\\\/Sabrina-Lehmann_Bild1_ps.jpg\",\"contentUrl\":\"https:\\\/\\\/www.organisator.ch\\\/wp-content\\\/uploads\\\/2024\\\/03\\\/Sabrina-Lehmann_Bild1_ps.jpg\",\"width\":680,\"height\":453,\"caption\":\"Sabrina Lehmann - Radiomoderatorin und Gastgeberin des neuen Podcast. (Bild: www.helvetia-spricht.ch)\"},{\"@type\":\"BreadcrumbList\",\"@id\":\"https:\\\/\\\/www.organisator.ch\\\/human-resources\\\/2024-03-08\\\/frauen-im-fokus-der-podcast-bertagamma-startet-am-internationalen-frauentag\\\/#breadcrumb\",\"itemListElement\":[{\"@type\":\"ListItem\",\"position\":1,\"name\":\"Home\",\"item\":\"https:\\\/\\\/www.organisator.ch\\\/\"},{\"@type\":\"ListItem\",\"position\":2,\"name\":\"Frauen im Fokus: Der Podcast &#8218;berta&#038;gamma&#8216; startet am Internationalen Frauentag\"}]},{\"@type\":\"WebSite\",\"@id\":\"https:\\\/\\\/www.organisator.ch\\\/#website\",\"url\":\"https:\\\/\\\/www.organisator.ch\\\/\",\"name\":\"Organisator\",\"description\":\"Kompetent. Praxisnah. Der ORGANISATOR bereitet in 10 Ausgaben pro Jahr die wesentlichen Themen f\u00fcr F\u00fchrungskr\u00e4fte von KMU auf.\",\"publisher\":{\"@id\":\"https:\\\/\\\/www.organisator.ch\\\/#organization\"},\"potentialAction\":[{\"@type\":\"SearchAction\",\"target\":{\"@type\":\"EntryPoint\",\"urlTemplate\":\"https:\\\/\\\/www.organisator.ch\\\/?s={search_term_string}\"},\"query-input\":{\"@type\":\"PropertyValueSpecification\",\"valueRequired\":true,\"valueName\":\"search_term_string\"}}],\"inLanguage\":\"de\"},{\"@type\":\"Organization\",\"@id\":\"https:\\\/\\\/www.organisator.ch\\\/#organization\",\"name\":\"Organisator\",\"url\":\"https:\\\/\\\/www.organisator.ch\\\/\",\"logo\":{\"@type\":\"ImageObject\",\"inLanguage\":\"de\",\"@id\":\"https:\\\/\\\/www.organisator.ch\\\/#\\\/schema\\\/logo\\\/image\\\/\",\"url\":\"https:\\\/\\\/www.organisator.ch\\\/wp-content\\\/uploads\\\/2022\\\/01\\\/Logo_Organisator_Website.png\",\"contentUrl\":\"https:\\\/\\\/www.organisator.ch\\\/wp-content\\\/uploads\\\/2022\\\/01\\\/Logo_Organisator_Website.png\",\"width\":800,\"height\":77,\"caption\":\"Organisator\"},\"image\":{\"@id\":\"https:\\\/\\\/www.organisator.ch\\\/#\\\/schema\\\/logo\\\/image\\\/\"},\"sameAs\":[\"https:\\\/\\\/www.facebook.com\\\/OrganisatorFachmagazin\",\"https:\\\/\\\/www.linkedin.com\\\/showcase\\\/organisator-das-magazin-fr-kmu\",\"https:\\\/\\\/www.xing.com\\\/news\\\/pages\\\/organisator-ch-695\",\"https:\\\/\\\/www.youtube.com\\\/channel\\\/UCGP2Sq0iWaZwT3BdIAQFYpw\"]},{\"@type\":\"Person\",\"@id\":\"https:\\\/\\\/www.organisator.ch\\\/#\\\/schema\\\/person\\\/2e1314a2172123f874db408d8911d3f3\",\"name\":\"Adelisa Kalajdzini\",\"image\":{\"@type\":\"ImageObject\",\"inLanguage\":\"de\",\"@id\":\"https:\\\/\\\/secure.gravatar.com\\\/avatar\\\/09a397c22ac58cad6f160ee8306348599df9df58a8ede73696226897b9fa4b24?s=96&d=mm&r=g\",\"url\":\"https:\\\/\\\/secure.gravatar.com\\\/avatar\\\/09a397c22ac58cad6f160ee8306348599df9df58a8ede73696226897b9fa4b24?s=96&d=mm&r=g\",\"contentUrl\":\"https:\\\/\\\/secure.gravatar.com\\\/avatar\\\/09a397c22ac58cad6f160ee8306348599df9df58a8ede73696226897b9fa4b24?s=96&d=mm&r=g\",\"caption\":\"Adelisa Kalajdzini\"},\"url\":\"https:\\\/\\\/www.organisator.ch\\\/de\\\/author\\\/adelisa-kalajdzini\\\/\"}]}<\/script>\n<!-- \/ Yoast SEO plugin. -->","yoast_head_json":{"title":"Frauen im Fokus: Der Podcast 'berta&gamma' startet am Internationalen Frauentag - Organisator","description":"P\u00fcnktlich zum Internationalen Frauentag am 8. M\u00e4rz lanciert der Verein \u00abHelvetia spricht\u00bb sein zweites Projekt, den Podcast \u00abberta&gamma\u00bb.","robots":{"index":"index","follow":"follow","max-snippet":"max-snippet:-1","max-image-preview":"max-image-preview:large","max-video-preview":"max-video-preview:-1"},"canonical":"https:\/\/www.organisator.ch\/de\/human-resources\/2024-03-08\/frauen-im-fokus-der-podcast-bertagamma-startet-am-internationalen-frauentag\/","og_locale":"de_DE","og_type":"article","og_title":"Frauen im Fokus: Der Podcast 'berta&gamma' startet am Internationalen Frauentag","og_description":"P\u00fcnktlich zum Internationalen Frauentag am 8. M\u00e4rz lanciert der Verein \u00abHelvetia spricht\u00bb sein zweites Projekt, den Podcast \u00abberta&gamma\u00bb.","og_url":"https:\/\/www.organisator.ch\/de\/human-resources\/2024-03-08\/frauen-im-fokus-der-podcast-bertagamma-startet-am-internationalen-frauentag\/","og_site_name":"Organisator","article_publisher":"https:\/\/www.facebook.com\/OrganisatorFachmagazin","article_published_time":"2024-03-08T05:10:09+00:00","og_image":[{"width":680,"height":453,"url":"https:\/\/www.organisator.ch\/wp-content\/uploads\/2024\/03\/Sabrina-Lehmann_Bild1_ps.jpg","type":"image\/jpeg"}],"author":"Adelisa Kalajdzini","twitter_card":"summary_large_image","twitter_title":"Frauen im Fokus: Der Podcast 'berta&gamma' startet am Internationalen Frauentag","twitter_description":"P\u00fcnktlich zum Internationalen #Frauentag am 8. M\u00e4rz lanciert der Verein #\u00abHelvetia spricht\u00bb sein zweites Projekt, den #Podcast #\u00abberta&gamma\u00bb.","twitter_image":"https:\/\/www.organisator.ch\/wp-content\/uploads\/2024\/03\/Sabrina-Lehmann_Bild1_ps.jpg","schema":{"@context":"https:\/\/schema.org","@graph":[{"@type":"Article","@id":"https:\/\/www.organisator.ch\/human-resources\/2024-03-08\/frauen-im-fokus-der-podcast-bertagamma-startet-am-internationalen-frauentag\/#article","isPartOf":{"@id":"https:\/\/www.organisator.ch\/human-resources\/2024-03-08\/frauen-im-fokus-der-podcast-bertagamma-startet-am-internationalen-frauentag\/"},"author":{"name":"Adelisa Kalajdzini","@id":"https:\/\/www.organisator.ch\/#\/schema\/person\/2e1314a2172123f874db408d8911d3f3"},"headline":"Frauen im Fokus: Der Podcast &#8218;berta&#038;gamma&#8216; startet am Internationalen Frauentag","datePublished":"2024-03-08T05:10:09+00:00","mainEntityOfPage":{"@id":"https:\/\/www.organisator.ch\/human-resources\/2024-03-08\/frauen-im-fokus-der-podcast-bertagamma-startet-am-internationalen-frauentag\/"},"wordCount":420,"publisher":{"@id":"https:\/\/www.organisator.ch\/#organization"},"image":{"@id":"https:\/\/www.organisator.ch\/human-resources\/2024-03-08\/frauen-im-fokus-der-podcast-bertagamma-startet-am-internationalen-frauentag\/#primaryimage"},"thumbnailUrl":"https:\/\/www.organisator.ch\/wp-content\/uploads\/2024\/03\/Sabrina-Lehmann_Bild1_ps.jpg","keywords":["Human Resources","Podcast","Unternehmen","Weltfrauentag","Wirtschaft"],"articleSection":["HUMAN RESOURCES"],"inLanguage":"de"},{"@type":"WebPage","@id":"https:\/\/www.organisator.ch\/human-resources\/2024-03-08\/frauen-im-fokus-der-podcast-bertagamma-startet-am-internationalen-frauentag\/","url":"https:\/\/www.organisator.ch\/human-resources\/2024-03-08\/frauen-im-fokus-der-podcast-bertagamma-startet-am-internationalen-frauentag\/","name":"Frauen im Fokus: Der Podcast 'berta&gamma' startet am Internationalen Frauentag - Organisator","isPartOf":{"@id":"https:\/\/www.organisator.ch\/#website"},"primaryImageOfPage":{"@id":"https:\/\/www.organisator.ch\/human-resources\/2024-03-08\/frauen-im-fokus-der-podcast-bertagamma-startet-am-internationalen-frauentag\/#primaryimage"},"image":{"@id":"https:\/\/www.organisator.ch\/human-resources\/2024-03-08\/frauen-im-fokus-der-podcast-bertagamma-startet-am-internationalen-frauentag\/#primaryimage"},"thumbnailUrl":"https:\/\/www.organisator.ch\/wp-content\/uploads\/2024\/03\/Sabrina-Lehmann_Bild1_ps.jpg","datePublished":"2024-03-08T05:10:09+00:00","description":"P\u00fcnktlich zum Internationalen Frauentag am 8. M\u00e4rz lanciert der Verein \u00abHelvetia spricht\u00bb sein zweites Projekt, den Podcast \u00abberta&gamma\u00bb.","breadcrumb":{"@id":"https:\/\/www.organisator.ch\/human-resources\/2024-03-08\/frauen-im-fokus-der-podcast-bertagamma-startet-am-internationalen-frauentag\/#breadcrumb"},"inLanguage":"de","potentialAction":[{"@type":"ReadAction","target":["https:\/\/www.organisator.ch\/human-resources\/2024-03-08\/frauen-im-fokus-der-podcast-bertagamma-startet-am-internationalen-frauentag\/"]}]},{"@type":"ImageObject","inLanguage":"de","@id":"https:\/\/www.organisator.ch\/human-resources\/2024-03-08\/frauen-im-fokus-der-podcast-bertagamma-startet-am-internationalen-frauentag\/#primaryimage","url":"https:\/\/www.organisator.ch\/wp-content\/uploads\/2024\/03\/Sabrina-Lehmann_Bild1_ps.jpg","contentUrl":"https:\/\/www.organisator.ch\/wp-content\/uploads\/2024\/03\/Sabrina-Lehmann_Bild1_ps.jpg","width":680,"height":453,"caption":"Sabrina Lehmann - Radiomoderatorin und Gastgeberin des neuen Podcast. (Bild: www.helvetia-spricht.ch)"},{"@type":"BreadcrumbList","@id":"https:\/\/www.organisator.ch\/human-resources\/2024-03-08\/frauen-im-fokus-der-podcast-bertagamma-startet-am-internationalen-frauentag\/#breadcrumb","itemListElement":[{"@type":"ListItem","position":1,"name":"Home","item":"https:\/\/www.organisator.ch\/"},{"@type":"ListItem","position":2,"name":"Frauen im Fokus: Der Podcast &#8218;berta&#038;gamma&#8216; startet am Internationalen Frauentag"}]},{"@type":"WebSite","@id":"https:\/\/www.organisator.ch\/#website","url":"https:\/\/www.organisator.ch\/","name":"Organisator","description":"Kompetent. Praxisnah. Der ORGANISATOR bereitet in 10 Ausgaben pro Jahr die wesentlichen Themen f\u00fcr F\u00fchrungskr\u00e4fte von KMU auf.","publisher":{"@id":"https:\/\/www.organisator.ch\/#organization"},"potentialAction":[{"@type":"SearchAction","target":{"@type":"EntryPoint","urlTemplate":"https:\/\/www.organisator.ch\/?s={search_term_string}"},"query-input":{"@type":"PropertyValueSpecification","valueRequired":true,"valueName":"search_term_string"}}],"inLanguage":"de"},{"@type":"Organization","@id":"https:\/\/www.organisator.ch\/#organization","name":"Organisator","url":"https:\/\/www.organisator.ch\/","logo":{"@type":"ImageObject","inLanguage":"de","@id":"https:\/\/www.organisator.ch\/#\/schema\/logo\/image\/","url":"https:\/\/www.organisator.ch\/wp-content\/uploads\/2022\/01\/Logo_Organisator_Website.png","contentUrl":"https:\/\/www.organisator.ch\/wp-content\/uploads\/2022\/01\/Logo_Organisator_Website.png","width":800,"height":77,"caption":"Organisator"},"image":{"@id":"https:\/\/www.organisator.ch\/#\/schema\/logo\/image\/"},"sameAs":["https:\/\/www.facebook.com\/OrganisatorFachmagazin","https:\/\/www.linkedin.com\/showcase\/organisator-das-magazin-fr-kmu","https:\/\/www.xing.com\/news\/pages\/organisator-ch-695","https:\/\/www.youtube.com\/channel\/UCGP2Sq0iWaZwT3BdIAQFYpw"]},{"@type":"Person","@id":"https:\/\/www.organisator.ch\/#\/schema\/person\/2e1314a2172123f874db408d8911d3f3","name":"Adelisa Kalajdzini","image":{"@type":"ImageObject","inLanguage":"de","@id":"https:\/\/secure.gravatar.com\/avatar\/09a397c22ac58cad6f160ee8306348599df9df58a8ede73696226897b9fa4b24?s=96&d=mm&r=g","url":"https:\/\/secure.gravatar.com\/avatar\/09a397c22ac58cad6f160ee8306348599df9df58a8ede73696226897b9fa4b24?s=96&d=mm&r=g","contentUrl":"https:\/\/secure.gravatar.com\/avatar\/09a397c22ac58cad6f160ee8306348599df9df58a8ede73696226897b9fa4b24?s=96&d=mm&r=g","caption":"Adelisa Kalajdzini"},"url":"https:\/\/www.organisator.ch\/de\/author\/adelisa-kalajdzini\/"}]}},"_links":{"self":[{"href":"https:\/\/www.organisator.ch\/de\/wp-json\/wp\/v2\/posts\/25708","targetHints":{"allow":["GET"]}}],"collection":[{"href":"https:\/\/www.organisator.ch\/de\/wp-json\/wp\/v2\/posts"}],"about":[{"href":"https:\/\/www.organisator.ch\/de\/wp-json\/wp\/v2\/types\/post"}],"author":[{"embeddable":true,"href":"https:\/\/www.organisator.ch\/de\/wp-json\/wp\/v2\/users\/58"}],"replies":[{"embeddable":true,"href":"https:\/\/www.organisator.ch\/de\/wp-json\/wp\/v2\/comments?post=25708"}],"version-history":[{"count":3,"href":"https:\/\/www.organisator.ch\/de\/wp-json\/wp\/v2\/posts\/25708\/revisions"}],"predecessor-version":[{"id":25776,"href":"https:\/\/www.organisator.ch\/de\/wp-json\/wp\/v2\/posts\/25708\/revisions\/25776"}],"wp:featuredmedia":[{"embeddable":true,"href":"https:\/\/www.organisator.ch\/de\/wp-json\/wp\/v2\/media\/25709"}],"wp:attachment":[{"href":"https:\/\/www.organisator.ch\/de\/wp-json\/wp\/v2\/media?parent=25708"}],"wp:term":[{"taxonomy":"category","embeddable":true,"href":"https:\/\/www.organisator.ch\/de\/wp-json\/wp\/v2\/categories?post=25708"},{"taxonomy":"post_tag","embeddable":true,"href":"https:\/\/www.organisator.ch\/de\/wp-json\/wp\/v2\/tags?post=25708"}],"curies":[{"name":"wp","href":"https:\/\/api.w.org\/{rel}","templated":true}]}}