{"id":25728,"date":"2024-03-07T10:19:27","date_gmt":"2024-03-07T09:19:27","guid":{"rendered":"https:\/\/www.werbewoche.ch\/?p=211618"},"modified":"2024-11-11T10:43:38","modified_gmt":"2024-11-11T09:43:38","slug":"vier-buecher-die-sie-interessieren-koennten-26","status":"publish","type":"post","link":"https:\/\/www.organisator.ch\/de\/marketing\/2024-03-07\/vier-buecher-die-sie-interessieren-koennten-26\/","title":{"rendered":"Vier B\u00fccher, die Sie interessieren k\u00f6nnten"},"content":{"rendered":"<p><strong><img class=\"alignnone wp-image-211623 size-full\" src=\"https:\/\/www.werbewoche.ch\/wp-content\/uploads\/2024\/03\/Kopie-von-Design-ohne-Titel4.jpg\" alt=\"Buchrezensionen Fr\u00fchling\" width=\"1024\" height=\"768\" \/>Lust auf Verantwortung<\/strong><\/p>\r\n<p><em>Mehr Zufriedenheit. Mentale St\u00e4rke. Bessere Ergebnisse..<\/em><\/p>\r\n<ul>\r\n\t<li>Autor: Boris Grundl<\/li>\r\n\t<li>Verlag: Ullstein Verlag, 2023<\/li>\r\n\t<li>Seiten: 288<\/li>\r\n\t<li>ISBN: 9783430210911<\/li>\r\n<\/ul>\r\n<p>Verantwortung ist f\u00fcr viele Menschen negativ besetzt. Sie assoziieren sie mit Schuld und empfinden sie als Last. Boris Grundl sieht das ganz anders. F\u00fcr ihn ist Verantwortung eine M\u00f6glichkeit, selbstbestimmt zu leben, mentale Klarheit und St\u00e4rke zu entwickeln und mit Freude und Energie Probleme anzupacken. Anhand seiner eigenen Lebensgeschichte sowie von Beispielen aus seiner Beraterpraxis zeigt er auf, wie es gelingt, Verantwortung zu \u00fcbernehmen: f\u00fcr die eigene Wahrnehmung, das eigene Leben oder auch das Unternehmen. Eine anregende Lekt\u00fcre f\u00fcr alle, die sich zuweilen schwertun, Verantwortung positiv zu sehen.<\/p>\r\n<p><img class=\"alignnone size-full wp-image-211619\" src=\"https:\/\/www.werbewoche.ch\/wp-content\/uploads\/2024\/03\/Kopie-von-Design-ohne-Titel2.jpg\" alt=\"\" width=\"1024\" height=\"768\" \/><\/p>\r\n<p><strong>Social-Media-Marketing f\u00fcr Dummies<\/strong><\/p>\r\n<ul>\r\n\t<li>Autor: Gero Pfl\u00fcger<\/li>\r\n\t<li>Verlag: Wiley-VCH, 2024<\/li>\r\n\t<li>Seiten: 424<\/li>\r\n\t<li>ISBN: 9783527721672<\/li>\r\n<\/ul>\r\n<p>Historisch betrachtet sind Social Media noch ein recht junges Ph\u00e4nomen. Doch wer auf diesem Gebiet professionell handeln will, braucht inzwischen vielf\u00e4ltige Kompetenzen. Die beschreibt Gero Pfl\u00fcger in seinem umfangreichen Buch, ohne sich zu wiederholen. Die Aktualit\u00e4t ist bei der Schnelllebigkeit der Materie eine Herausforderung. Dem wird der Autor gerecht, auch wenn etwa das spektakul\u00e4re Social-Media-Desaster der Marke Budweiser Light aus dem Jahr 2023 nicht erw\u00e4hnt wird. Dennoch ist der Titel ein grundsolides Lehr- und Nachschlagewerk f\u00fcr Social-Media-Fachleute.<\/p>\r\n<p><img class=\"alignnone size-full wp-image-211621\" src=\"https:\/\/www.werbewoche.ch\/wp-content\/uploads\/2024\/03\/Kopie-von-Design-ohne-Titel.jpg\" alt=\"\" width=\"1024\" height=\"768\" \/><\/p>\r\n<p><strong>Existenzgr\u00fcndung f\u00fcr Dummies<\/strong><\/p>\r\n<ul>\r\n\t<li>Autor: Steffi Sammet und Stefan Schwartz<\/li>\r\n\t<li>Verlag: Wiley-VCH, 2024<\/li>\r\n\t<li>Seiten: 384<\/li>\r\n\t<li>ISBN: 9783527720477<\/li>\r\n<\/ul>\r\n<p>Viel mehr geht nicht in einem Leitfaden: Diese Anleitung aus der F\u00fcr-Dummies-Reihe deckt alles ab, was bei der Unternehmensgr\u00fcndung zu bedenken ist. L\u00fcckenlos und leicht lesbar: der komplette Ablauf einer Existenzgr\u00fcndung, Schritt f\u00fcr Schritt und gut verst\u00e4ndlich erkl\u00e4rt von der ersten Idee bis zum Nachsch\u00e4rfen des Gesch\u00e4ftsmodells im zweiten Jahr. Das Buch ist durchgehend sauber gegliedert, mit vielen Beispielen und Checklisten. Eine klare Empfehlung f\u00fcr alle, die gern ihr eigener Chef sein m\u00f6chten.<\/p>\r\n<p><img class=\"alignnone size-full wp-image-211620\" src=\"https:\/\/www.werbewoche.ch\/wp-content\/uploads\/2024\/03\/Kopie-von-Design-ohne-Titel1.jpg\" alt=\"\" width=\"1024\" height=\"768\" \/><strong>Cancel Culture Transfer<\/strong><\/p>\r\n<p><em>Wie eine moralische Panik die Welt erfasst.<\/em><\/p>\r\n<ul>\r\n\t<li>Autor: Adrian Daub<\/li>\r\n\t<li>Verlag: Suhrkamp Verlag, 2022<\/li>\r\n\t<li>Seiten: 371<\/li>\r\n\t<li>ISBN: 9783518127940<\/li>\r\n<\/ul>\r\n<p>Wer wirklich wissen will, was sich hinter dem Buzzword Cancel-Culture verbirgt, kommt an diesem Buch nicht vorbei. Hellsichtig und pr\u00e4zise analysiert Adrian Daub die Rede vom Canceln, ihre Herkunft, ihre politischen Implikationen und die gravierenden Einfl\u00fcsse auf Medien und Debattenkultur. Dabei zeigt er auf, wie Texte \u00fcber Cancel-Vorf\u00e4lle funktionieren, was sie aussparen und welche Auswirkungen das hat. Ein herausforderndes Buch, das dazu einl\u00e4dt, auch andere Diskurse kritisch und vor allem n\u00fcchtern zu betrachten.<\/p>\r\n<p><img class=\"alignnone size-full wp-image-211622\" src=\"https:\/\/www.werbewoche.ch\/wp-content\/uploads\/2024\/03\/Kopie-von-Design-ohne-Titel3.jpg\" alt=\"\" width=\"1024\" height=\"768\" \/><\/p>","protected":false},"excerpt":{"rendered":"<p>In Zusammenarbeit mit GetAbstract stellen wir Ihnen vier B\u00fccher aus dem Marketing- und Kommunikationsbereich vor. Diesmal: \u00abLust auf Verantwortung\u00bb, \u00abSocial-Media-Marketing f\u00fcr Dummies\u00bb, \u00abExistenzgr\u00fcndung f\u00fcr Dummies\u00bb und \u00abCancel Culture Transfer\u00bb.<\/p>\n","protected":false},"author":8,"featured_media":0,"comment_status":"closed","ping_status":"closed","sticky":false,"template":"","format":"standard","meta":{"_acf_changed":false,"_yoast_wpseo_focuskw":"Buchrezensionen Fr\u00fchling","_yoast_wpseo_metadesc":"Rezensionen: 4 B\u00fccher f\u00fcr 2024. Verantwortung, Social-Media-Marketing, Existenzgr\u00fcndung und Cancel Culture im Fokus.","articlekey":"","footnotes":""},"categories":[29],"tags":[2624,2625,339],"class_list":["post-25728","post","type-post","status-publish","format-standard","hentry","category-marketing","tag-getabstract","tag-lesetipps","tag-marketing"],"acf":[],"yoast_head":"<!-- This site is optimized with the Yoast SEO plugin v27.5 - https:\/\/yoast.com\/product\/yoast-seo-wordpress\/ -->\n<title>Vier B\u00fccher, die Sie interessieren k\u00f6nnten - Organisator<\/title>\n<meta name=\"description\" content=\"Rezensionen: 4 B\u00fccher f\u00fcr 2024. Verantwortung, Social-Media-Marketing, Existenzgr\u00fcndung und Cancel Culture im Fokus.\" \/>\n<meta name=\"robots\" content=\"index, follow, max-snippet:-1, max-image-preview:large, max-video-preview:-1\" \/>\n<link rel=\"canonical\" href=\"https:\/\/www.organisator.ch\/de\/marketing\/2024-03-07\/vier-buecher-die-sie-interessieren-koennten-26\/\" \/>\n<meta property=\"og:locale\" content=\"de_DE\" \/>\n<meta property=\"og:type\" content=\"article\" \/>\n<meta property=\"og:title\" content=\"Vier B\u00fccher, die Sie interessieren k\u00f6nnten - Organisator\" \/>\n<meta property=\"og:description\" content=\"Rezensionen: 4 B\u00fccher f\u00fcr 2024. Verantwortung, Social-Media-Marketing, Existenzgr\u00fcndung und Cancel Culture im Fokus.\" \/>\n<meta property=\"og:url\" content=\"https:\/\/www.organisator.ch\/de\/marketing\/2024-03-07\/vier-buecher-die-sie-interessieren-koennten-26\/\" \/>\n<meta property=\"og:site_name\" content=\"Organisator\" \/>\n<meta property=\"article:publisher\" content=\"https:\/\/www.facebook.com\/OrganisatorFachmagazin\" \/>\n<meta property=\"article:published_time\" content=\"2024-03-07T09:19:27+00:00\" \/>\n<meta property=\"article:modified_time\" content=\"2024-11-11T09:43:38+00:00\" \/>\n<meta property=\"og:image\" content=\"https:\/\/www.werbewoche.ch\/wp-content\/uploads\/2024\/03\/Kopie-von-Design-ohne-Titel4.jpg\" \/>\n<meta name=\"author\" content=\"galledia\" \/>\n<meta name=\"twitter:card\" content=\"summary_large_image\" \/>\n<meta name=\"twitter:creator\" content=\"@admin\" \/>\n<script type=\"application\/ld+json\" class=\"yoast-schema-graph\">{\"@context\":\"https:\\\/\\\/schema.org\",\"@graph\":[{\"@type\":\"Article\",\"@id\":\"https:\\\/\\\/www.organisator.ch\\\/marketing\\\/2024-03-07\\\/vier-buecher-die-sie-interessieren-koennten-26\\\/#article\",\"isPartOf\":{\"@id\":\"https:\\\/\\\/www.organisator.ch\\\/marketing\\\/2024-03-07\\\/vier-buecher-die-sie-interessieren-koennten-26\\\/\"},\"author\":{\"name\":\"galledia\",\"@id\":\"https:\\\/\\\/www.organisator.ch\\\/#\\\/schema\\\/person\\\/4e51799071cd2dd1232ac003643ef5f0\"},\"headline\":\"Vier B\u00fccher, die Sie interessieren k\u00f6nnten\",\"datePublished\":\"2024-03-07T09:19:27+00:00\",\"dateModified\":\"2024-11-11T09:43:38+00:00\",\"mainEntityOfPage\":{\"@id\":\"https:\\\/\\\/www.organisator.ch\\\/marketing\\\/2024-03-07\\\/vier-buecher-die-sie-interessieren-koennten-26\\\/\"},\"wordCount\":411,\"publisher\":{\"@id\":\"https:\\\/\\\/www.organisator.ch\\\/#organization\"},\"image\":{\"@id\":\"https:\\\/\\\/www.organisator.ch\\\/marketing\\\/2024-03-07\\\/vier-buecher-die-sie-interessieren-koennten-26\\\/#primaryimage\"},\"thumbnailUrl\":\"https:\\\/\\\/www.werbewoche.ch\\\/wp-content\\\/uploads\\\/2024\\\/03\\\/Kopie-von-Design-ohne-Titel4.jpg\",\"keywords\":[\"GetAbstract\",\"Lesetipps\",\"Marketing\"],\"articleSection\":[\"MARKETING\"],\"inLanguage\":\"de\"},{\"@type\":\"WebPage\",\"@id\":\"https:\\\/\\\/www.organisator.ch\\\/marketing\\\/2024-03-07\\\/vier-buecher-die-sie-interessieren-koennten-26\\\/\",\"url\":\"https:\\\/\\\/www.organisator.ch\\\/marketing\\\/2024-03-07\\\/vier-buecher-die-sie-interessieren-koennten-26\\\/\",\"name\":\"Vier B\u00fccher, die Sie interessieren k\u00f6nnten - Organisator\",\"isPartOf\":{\"@id\":\"https:\\\/\\\/www.organisator.ch\\\/#website\"},\"primaryImageOfPage\":{\"@id\":\"https:\\\/\\\/www.organisator.ch\\\/marketing\\\/2024-03-07\\\/vier-buecher-die-sie-interessieren-koennten-26\\\/#primaryimage\"},\"image\":{\"@id\":\"https:\\\/\\\/www.organisator.ch\\\/marketing\\\/2024-03-07\\\/vier-buecher-die-sie-interessieren-koennten-26\\\/#primaryimage\"},\"thumbnailUrl\":\"https:\\\/\\\/www.werbewoche.ch\\\/wp-content\\\/uploads\\\/2024\\\/03\\\/Kopie-von-Design-ohne-Titel4.jpg\",\"datePublished\":\"2024-03-07T09:19:27+00:00\",\"dateModified\":\"2024-11-11T09:43:38+00:00\",\"description\":\"Rezensionen: 4 B\u00fccher f\u00fcr 2024. Verantwortung, Social-Media-Marketing, Existenzgr\u00fcndung und Cancel Culture im Fokus.\",\"breadcrumb\":{\"@id\":\"https:\\\/\\\/www.organisator.ch\\\/marketing\\\/2024-03-07\\\/vier-buecher-die-sie-interessieren-koennten-26\\\/#breadcrumb\"},\"inLanguage\":\"de\",\"potentialAction\":[{\"@type\":\"ReadAction\",\"target\":[\"https:\\\/\\\/www.organisator.ch\\\/marketing\\\/2024-03-07\\\/vier-buecher-die-sie-interessieren-koennten-26\\\/\"]}]},{\"@type\":\"ImageObject\",\"inLanguage\":\"de\",\"@id\":\"https:\\\/\\\/www.organisator.ch\\\/marketing\\\/2024-03-07\\\/vier-buecher-die-sie-interessieren-koennten-26\\\/#primaryimage\",\"url\":\"https:\\\/\\\/www.werbewoche.ch\\\/wp-content\\\/uploads\\\/2024\\\/03\\\/Kopie-von-Design-ohne-Titel4.jpg\",\"contentUrl\":\"https:\\\/\\\/www.werbewoche.ch\\\/wp-content\\\/uploads\\\/2024\\\/03\\\/Kopie-von-Design-ohne-Titel4.jpg\"},{\"@type\":\"BreadcrumbList\",\"@id\":\"https:\\\/\\\/www.organisator.ch\\\/marketing\\\/2024-03-07\\\/vier-buecher-die-sie-interessieren-koennten-26\\\/#breadcrumb\",\"itemListElement\":[{\"@type\":\"ListItem\",\"position\":1,\"name\":\"Home\",\"item\":\"https:\\\/\\\/www.organisator.ch\\\/\"},{\"@type\":\"ListItem\",\"position\":2,\"name\":\"Vier B\u00fccher, die Sie interessieren k\u00f6nnten\"}]},{\"@type\":\"WebSite\",\"@id\":\"https:\\\/\\\/www.organisator.ch\\\/#website\",\"url\":\"https:\\\/\\\/www.organisator.ch\\\/\",\"name\":\"Organisator\",\"description\":\"Kompetent. Praxisnah. Der ORGANISATOR bereitet in 10 Ausgaben pro Jahr die wesentlichen Themen f\u00fcr F\u00fchrungskr\u00e4fte von KMU auf.\",\"publisher\":{\"@id\":\"https:\\\/\\\/www.organisator.ch\\\/#organization\"},\"potentialAction\":[{\"@type\":\"SearchAction\",\"target\":{\"@type\":\"EntryPoint\",\"urlTemplate\":\"https:\\\/\\\/www.organisator.ch\\\/?s={search_term_string}\"},\"query-input\":{\"@type\":\"PropertyValueSpecification\",\"valueRequired\":true,\"valueName\":\"search_term_string\"}}],\"inLanguage\":\"de\"},{\"@type\":\"Organization\",\"@id\":\"https:\\\/\\\/www.organisator.ch\\\/#organization\",\"name\":\"Organisator\",\"url\":\"https:\\\/\\\/www.organisator.ch\\\/\",\"logo\":{\"@type\":\"ImageObject\",\"inLanguage\":\"de\",\"@id\":\"https:\\\/\\\/www.organisator.ch\\\/#\\\/schema\\\/logo\\\/image\\\/\",\"url\":\"https:\\\/\\\/www.organisator.ch\\\/wp-content\\\/uploads\\\/2022\\\/01\\\/Logo_Organisator_Website.png\",\"contentUrl\":\"https:\\\/\\\/www.organisator.ch\\\/wp-content\\\/uploads\\\/2022\\\/01\\\/Logo_Organisator_Website.png\",\"width\":800,\"height\":77,\"caption\":\"Organisator\"},\"image\":{\"@id\":\"https:\\\/\\\/www.organisator.ch\\\/#\\\/schema\\\/logo\\\/image\\\/\"},\"sameAs\":[\"https:\\\/\\\/www.facebook.com\\\/OrganisatorFachmagazin\",\"https:\\\/\\\/www.linkedin.com\\\/showcase\\\/organisator-das-magazin-fr-kmu\",\"https:\\\/\\\/www.xing.com\\\/news\\\/pages\\\/organisator-ch-695\",\"https:\\\/\\\/www.youtube.com\\\/channel\\\/UCGP2Sq0iWaZwT3BdIAQFYpw\"]},{\"@type\":\"Person\",\"@id\":\"https:\\\/\\\/www.organisator.ch\\\/#\\\/schema\\\/person\\\/4e51799071cd2dd1232ac003643ef5f0\",\"name\":\"galledia\",\"image\":{\"@type\":\"ImageObject\",\"inLanguage\":\"de\",\"@id\":\"https:\\\/\\\/secure.gravatar.com\\\/avatar\\\/78a7f90c01fc2bfc875782a0d4922b37cde2cf184ce347b91316d23cd7f69a36?s=96&d=mm&r=g\",\"url\":\"https:\\\/\\\/secure.gravatar.com\\\/avatar\\\/78a7f90c01fc2bfc875782a0d4922b37cde2cf184ce347b91316d23cd7f69a36?s=96&d=mm&r=g\",\"contentUrl\":\"https:\\\/\\\/secure.gravatar.com\\\/avatar\\\/78a7f90c01fc2bfc875782a0d4922b37cde2cf184ce347b91316d23cd7f69a36?s=96&d=mm&r=g\",\"caption\":\"galledia\"},\"sameAs\":[\"https:\\\/\\\/x.com\\\/admin\"],\"url\":\"https:\\\/\\\/www.organisator.ch\\\/de\\\/author\\\/galledia\\\/\"}]}<\/script>\n<!-- \/ Yoast SEO plugin. -->","yoast_head_json":{"title":"Vier B\u00fccher, die Sie interessieren k\u00f6nnten - Organisator","description":"Rezensionen: 4 B\u00fccher f\u00fcr 2024. Verantwortung, Social-Media-Marketing, Existenzgr\u00fcndung und Cancel Culture im Fokus.","robots":{"index":"index","follow":"follow","max-snippet":"max-snippet:-1","max-image-preview":"max-image-preview:large","max-video-preview":"max-video-preview:-1"},"canonical":"https:\/\/www.organisator.ch\/de\/marketing\/2024-03-07\/vier-buecher-die-sie-interessieren-koennten-26\/","og_locale":"de_DE","og_type":"article","og_title":"Vier B\u00fccher, die Sie interessieren k\u00f6nnten - Organisator","og_description":"Rezensionen: 4 B\u00fccher f\u00fcr 2024. Verantwortung, Social-Media-Marketing, Existenzgr\u00fcndung und Cancel Culture im Fokus.","og_url":"https:\/\/www.organisator.ch\/de\/marketing\/2024-03-07\/vier-buecher-die-sie-interessieren-koennten-26\/","og_site_name":"Organisator","article_publisher":"https:\/\/www.facebook.com\/OrganisatorFachmagazin","article_published_time":"2024-03-07T09:19:27+00:00","article_modified_time":"2024-11-11T09:43:38+00:00","og_image":[{"url":"https:\/\/www.werbewoche.ch\/wp-content\/uploads\/2024\/03\/Kopie-von-Design-ohne-Titel4.jpg","type":"","width":"","height":""}],"author":"galledia","twitter_card":"summary_large_image","twitter_creator":"@admin","schema":{"@context":"https:\/\/schema.org","@graph":[{"@type":"Article","@id":"https:\/\/www.organisator.ch\/marketing\/2024-03-07\/vier-buecher-die-sie-interessieren-koennten-26\/#article","isPartOf":{"@id":"https:\/\/www.organisator.ch\/marketing\/2024-03-07\/vier-buecher-die-sie-interessieren-koennten-26\/"},"author":{"name":"galledia","@id":"https:\/\/www.organisator.ch\/#\/schema\/person\/4e51799071cd2dd1232ac003643ef5f0"},"headline":"Vier B\u00fccher, die Sie interessieren k\u00f6nnten","datePublished":"2024-03-07T09:19:27+00:00","dateModified":"2024-11-11T09:43:38+00:00","mainEntityOfPage":{"@id":"https:\/\/www.organisator.ch\/marketing\/2024-03-07\/vier-buecher-die-sie-interessieren-koennten-26\/"},"wordCount":411,"publisher":{"@id":"https:\/\/www.organisator.ch\/#organization"},"image":{"@id":"https:\/\/www.organisator.ch\/marketing\/2024-03-07\/vier-buecher-die-sie-interessieren-koennten-26\/#primaryimage"},"thumbnailUrl":"https:\/\/www.werbewoche.ch\/wp-content\/uploads\/2024\/03\/Kopie-von-Design-ohne-Titel4.jpg","keywords":["GetAbstract","Lesetipps","Marketing"],"articleSection":["MARKETING"],"inLanguage":"de"},{"@type":"WebPage","@id":"https:\/\/www.organisator.ch\/marketing\/2024-03-07\/vier-buecher-die-sie-interessieren-koennten-26\/","url":"https:\/\/www.organisator.ch\/marketing\/2024-03-07\/vier-buecher-die-sie-interessieren-koennten-26\/","name":"Vier B\u00fccher, die Sie interessieren k\u00f6nnten - Organisator","isPartOf":{"@id":"https:\/\/www.organisator.ch\/#website"},"primaryImageOfPage":{"@id":"https:\/\/www.organisator.ch\/marketing\/2024-03-07\/vier-buecher-die-sie-interessieren-koennten-26\/#primaryimage"},"image":{"@id":"https:\/\/www.organisator.ch\/marketing\/2024-03-07\/vier-buecher-die-sie-interessieren-koennten-26\/#primaryimage"},"thumbnailUrl":"https:\/\/www.werbewoche.ch\/wp-content\/uploads\/2024\/03\/Kopie-von-Design-ohne-Titel4.jpg","datePublished":"2024-03-07T09:19:27+00:00","dateModified":"2024-11-11T09:43:38+00:00","description":"Rezensionen: 4 B\u00fccher f\u00fcr 2024. Verantwortung, Social-Media-Marketing, Existenzgr\u00fcndung und Cancel Culture im Fokus.","breadcrumb":{"@id":"https:\/\/www.organisator.ch\/marketing\/2024-03-07\/vier-buecher-die-sie-interessieren-koennten-26\/#breadcrumb"},"inLanguage":"de","potentialAction":[{"@type":"ReadAction","target":["https:\/\/www.organisator.ch\/marketing\/2024-03-07\/vier-buecher-die-sie-interessieren-koennten-26\/"]}]},{"@type":"ImageObject","inLanguage":"de","@id":"https:\/\/www.organisator.ch\/marketing\/2024-03-07\/vier-buecher-die-sie-interessieren-koennten-26\/#primaryimage","url":"https:\/\/www.werbewoche.ch\/wp-content\/uploads\/2024\/03\/Kopie-von-Design-ohne-Titel4.jpg","contentUrl":"https:\/\/www.werbewoche.ch\/wp-content\/uploads\/2024\/03\/Kopie-von-Design-ohne-Titel4.jpg"},{"@type":"BreadcrumbList","@id":"https:\/\/www.organisator.ch\/marketing\/2024-03-07\/vier-buecher-die-sie-interessieren-koennten-26\/#breadcrumb","itemListElement":[{"@type":"ListItem","position":1,"name":"Home","item":"https:\/\/www.organisator.ch\/"},{"@type":"ListItem","position":2,"name":"Vier B\u00fccher, die Sie interessieren k\u00f6nnten"}]},{"@type":"WebSite","@id":"https:\/\/www.organisator.ch\/#website","url":"https:\/\/www.organisator.ch\/","name":"Organisator","description":"Kompetent. Praxisnah. Der ORGANISATOR bereitet in 10 Ausgaben pro Jahr die wesentlichen Themen f\u00fcr F\u00fchrungskr\u00e4fte von KMU auf.","publisher":{"@id":"https:\/\/www.organisator.ch\/#organization"},"potentialAction":[{"@type":"SearchAction","target":{"@type":"EntryPoint","urlTemplate":"https:\/\/www.organisator.ch\/?s={search_term_string}"},"query-input":{"@type":"PropertyValueSpecification","valueRequired":true,"valueName":"search_term_string"}}],"inLanguage":"de"},{"@type":"Organization","@id":"https:\/\/www.organisator.ch\/#organization","name":"Organisator","url":"https:\/\/www.organisator.ch\/","logo":{"@type":"ImageObject","inLanguage":"de","@id":"https:\/\/www.organisator.ch\/#\/schema\/logo\/image\/","url":"https:\/\/www.organisator.ch\/wp-content\/uploads\/2022\/01\/Logo_Organisator_Website.png","contentUrl":"https:\/\/www.organisator.ch\/wp-content\/uploads\/2022\/01\/Logo_Organisator_Website.png","width":800,"height":77,"caption":"Organisator"},"image":{"@id":"https:\/\/www.organisator.ch\/#\/schema\/logo\/image\/"},"sameAs":["https:\/\/www.facebook.com\/OrganisatorFachmagazin","https:\/\/www.linkedin.com\/showcase\/organisator-das-magazin-fr-kmu","https:\/\/www.xing.com\/news\/pages\/organisator-ch-695","https:\/\/www.youtube.com\/channel\/UCGP2Sq0iWaZwT3BdIAQFYpw"]},{"@type":"Person","@id":"https:\/\/www.organisator.ch\/#\/schema\/person\/4e51799071cd2dd1232ac003643ef5f0","name":"galledia","image":{"@type":"ImageObject","inLanguage":"de","@id":"https:\/\/secure.gravatar.com\/avatar\/78a7f90c01fc2bfc875782a0d4922b37cde2cf184ce347b91316d23cd7f69a36?s=96&d=mm&r=g","url":"https:\/\/secure.gravatar.com\/avatar\/78a7f90c01fc2bfc875782a0d4922b37cde2cf184ce347b91316d23cd7f69a36?s=96&d=mm&r=g","contentUrl":"https:\/\/secure.gravatar.com\/avatar\/78a7f90c01fc2bfc875782a0d4922b37cde2cf184ce347b91316d23cd7f69a36?s=96&d=mm&r=g","caption":"galledia"},"sameAs":["https:\/\/x.com\/admin"],"url":"https:\/\/www.organisator.ch\/de\/author\/galledia\/"}]}},"_links":{"self":[{"href":"https:\/\/www.organisator.ch\/de\/wp-json\/wp\/v2\/posts\/25728","targetHints":{"allow":["GET"]}}],"collection":[{"href":"https:\/\/www.organisator.ch\/de\/wp-json\/wp\/v2\/posts"}],"about":[{"href":"https:\/\/www.organisator.ch\/de\/wp-json\/wp\/v2\/types\/post"}],"author":[{"embeddable":true,"href":"https:\/\/www.organisator.ch\/de\/wp-json\/wp\/v2\/users\/8"}],"replies":[{"embeddable":true,"href":"https:\/\/www.organisator.ch\/de\/wp-json\/wp\/v2\/comments?post=25728"}],"version-history":[{"count":5,"href":"https:\/\/www.organisator.ch\/de\/wp-json\/wp\/v2\/posts\/25728\/revisions"}],"predecessor-version":[{"id":32421,"href":"https:\/\/www.organisator.ch\/de\/wp-json\/wp\/v2\/posts\/25728\/revisions\/32421"}],"wp:attachment":[{"href":"https:\/\/www.organisator.ch\/de\/wp-json\/wp\/v2\/media?parent=25728"}],"wp:term":[{"taxonomy":"category","embeddable":true,"href":"https:\/\/www.organisator.ch\/de\/wp-json\/wp\/v2\/categories?post=25728"},{"taxonomy":"post_tag","embeddable":true,"href":"https:\/\/www.organisator.ch\/de\/wp-json\/wp\/v2\/tags?post=25728"}],"curies":[{"name":"wp","href":"https:\/\/api.w.org\/{rel}","templated":true}]}}