{"id":25797,"date":"2024-03-11T08:59:58","date_gmt":"2024-03-11T07:59:58","guid":{"rendered":"https:\/\/www.organisator.ch\/?p=25797"},"modified":"2024-03-11T09:38:38","modified_gmt":"2024-03-11T08:38:38","slug":"das-sind-die-gewinnerinnen-des-sef-womenaward-2024","status":"publish","type":"post","link":"https:\/\/www.organisator.ch\/de\/management\/2024-03-11\/das-sind-die-gewinnerinnen-des-sef-womenaward-2024\/","title":{"rendered":"Das sind die Gewinnerinnen des SEF.WomenAward 2024"},"content":{"rendered":"<figure id=\"attachment_25799\" aria-describedby=\"caption-attachment-25799\" style=\"width: 680px\" class=\"wp-caption alignnone\"><img loading=\"lazy\" decoding=\"async\" class=\"size-full wp-image-25799\" src=\"https:\/\/www.organisator.ch\/wp-content\/uploads\/2024\/03\/SEF-Woman-Award_Bild_ps.jpg\" alt=\"\" width=\"680\" height=\"453\" srcset=\"https:\/\/www.organisator.ch\/wp-content\/uploads\/2024\/03\/SEF-Woman-Award_Bild_ps.jpg 680w, https:\/\/www.organisator.ch\/wp-content\/uploads\/2024\/03\/SEF-Woman-Award_Bild_ps-18x12.jpg 18w, https:\/\/www.organisator.ch\/wp-content\/uploads\/2024\/03\/SEF-Woman-Award_Bild_ps-375x250.jpg 375w, https:\/\/www.organisator.ch\/wp-content\/uploads\/2024\/03\/SEF-Woman-Award_Bild_ps-525x350.jpg 525w\" sizes=\"auto, (max-width: 680px) 100vw, 680px\" \/><figcaption id=\"caption-attachment-25799\" class=\"wp-caption-text\">Die diesj\u00e4hrigen Preistr\u00e4gerinnen des SEF.WomanAward. (Bild: NZZ Connect)<\/figcaption><\/figure>\n<p>Die diesj\u00e4hrigen Preistr\u00e4gerinnen heissen Alessia Schrepfer, WeNurse AG, als \u00abJungunternehmerin des Jahres\u00bb und Sandra Banholzer, Rausch AG Kreuzlingen, als \u00abUnternehmerin\/CEO des Jahres\u00bb. Der Ehrenpreis wurde Barbara Kux \u00fcberreicht.<\/p>\n<p>Das Swiss Economic Forum (SEF) hat diese drei Frauen f\u00fcr ihren herausragenden unternehmerischen Leistungsausweis ausgezeichnet. Mit dem <strong>SEF.WomenAward <\/strong>verfolgt das SEF drei Zielsetzungen: St\u00e4rkung der Visibilit\u00e4t von Wirtschaftsfrauen in der breiten \u00d6ffentlichkeit, Schaffung von Vorbildern f\u00fcr die n\u00e4chste Generation sowie Festigung einer zukunftsgerichteten Plattform f\u00fcr Frauen in der Wirtschaft.<\/p>\n<h3><strong>Alessia Schrepfer \u2013 Jungunternehmerin des Jahres 2024<\/strong><\/h3>\n<p>Schrepfer gr\u00fcndete im Oktober 2022 die WeNurse AG, den ersten Freelance-Pool im Gesundheitswesen, der im \u00abBesitz\u00bb der Mitarbeitenden ist. Sie ist die treibende Kraft hinter der Vision von WeNurse, welche f\u00fcr eine bessere \u00abPflege-Zukunft\u00bb und den Erhalt von Qualit\u00e4t im Gesundheitswesen steht. Mit der Auszeichnung wird sie f\u00fcr ihren Mut belohnt, sich f\u00fcr die Zukunft der Frauen in Pflegeberufen zu engagieren.<\/p>\n<h3><strong>Sandra Banholzer \u2013 Unternehmerin\/CEO des Jahres 2024 <\/strong><\/h3>\n<p>Banholzer <a href=\"https:\/\/www.organisator.ch\/de\/abo\/2023-02-27\/eine-bodenstaendige-marke\/?preview_id=18885&amp;preview_nonce=26924cdd72&amp;_thumbnail_id=18886&amp;preview=true\">(Hier ein Interview Mit Ihr aus dem Jahr 2023)<\/a> leitet seit \u00fcber 2 Jahren die Geschicke der Traditionsfirma Rausch AG Kreuzlingen. Sie ist die erste CEO, die nicht Mitglied der Inhaberfamilie ist. Die Jury \u00fcberzeugte sie unter anderem durch ihren Anspruch, das Unternehmen mit Empathie und Begeisterung sicher durch den n\u00f6tigen Kulturwandel zu begleiten und dabei ihr Team auf Augenh\u00f6he zu f\u00fchren.\u00a0<\/p>\n<h3><strong>Barbara Kux \u2013 Ehrenpreistr\u00e4gerin des Jahres 2024 <\/strong><\/h3>\n<p>Kux ist eine erfahrene Verwaltungsr\u00e4tin und Top-Managerin. Leidenschaftlich setzt sie sich f\u00fcr Nachhaltigkeit, Unternehmensf\u00fchrung, Diversit\u00e4t und den Standort Schweiz ein. Sie war die erste Frau im Siemens-Vorstand. Bis heute nutzt sie als Dozentin und ehrenamtliche Beir\u00e4tin ihre Erfahrung zur F\u00fchrungskr\u00e4fteentwicklung.<\/p>\n<p><em>Quelle: <a href=\"http:\/\/www.swisseconomic.ch\">www.swisseconomic.ch<\/a><\/em><\/p>\n","protected":false},"excerpt":{"rendered":"<p>Am 8. M\u00e4rz 2024 wurde anl\u00e4sslich des Gala-Abends im The Circle in Z\u00fcrich der vierte SEF.WomenAward verliehen. Der Wirtschaftspreis der Frauen zeichnet herausragende unternehmerische Leistungen aus und wird in den Kategorien Jungunternehmerin und Unternehmerin\/CEO des Jahres vergeben. Zus\u00e4tzlich wird das Lebenswerk einer aussergew\u00f6hnlichen Wirtschaftsfrau ausgezeichnet.<\/p>\n","protected":false},"author":58,"featured_media":25799,"comment_status":"closed","ping_status":"closed","sticky":false,"template":"","format":"standard","meta":{"_acf_changed":false,"_yoast_wpseo_focuskw":"SEF.WomenAward","_yoast_wpseo_metadesc":"Am 8. M\u00e4rz 2024 wurde anl\u00e4sslich des Gala-Abends im The Circle in Z\u00fcrich der vierte SEF.WomenAward verliehen.","articlekey":"","footnotes":""},"categories":[28],"tags":[65,335,424,4143],"class_list":["post-25797","post","type-post","status-publish","format-standard","has-post-thumbnail","hentry","category-management","tag-award","tag-management-und-unternehmensfuehrung","tag-schweiz","tag-unternehmerinnen"],"acf":[],"yoast_head":"<!-- This site is optimized with the Yoast SEO plugin v27.5 - https:\/\/yoast.com\/product\/yoast-seo-wordpress\/ -->\n<title>Das sind die Gewinnerinnen des SEF.WomenAward 2024 - Organisator<\/title>\n<meta name=\"description\" content=\"Am 8. M\u00e4rz 2024 wurde anl\u00e4sslich des Gala-Abends im The Circle in Z\u00fcrich der vierte SEF.WomenAward verliehen.\" \/>\n<meta name=\"robots\" content=\"index, follow, max-snippet:-1, max-image-preview:large, max-video-preview:-1\" \/>\n<link rel=\"canonical\" href=\"https:\/\/www.organisator.ch\/de\/management\/2024-03-11\/das-sind-die-gewinnerinnen-des-sef-womenaward-2024\/\" \/>\n<meta property=\"og:locale\" content=\"de_DE\" \/>\n<meta property=\"og:type\" content=\"article\" \/>\n<meta property=\"og:title\" content=\"Das sind die Gewinnerinnen des SEF.WomenAward 2024\" \/>\n<meta property=\"og:description\" content=\"Am 8. M\u00e4rz 2024 wurde anl\u00e4sslich des Gala-Abends im The Circle in Z\u00fcrich der vierte SEF.WomenAward verliehen.\" \/>\n<meta property=\"og:url\" content=\"https:\/\/www.organisator.ch\/de\/management\/2024-03-11\/das-sind-die-gewinnerinnen-des-sef-womenaward-2024\/\" \/>\n<meta property=\"og:site_name\" content=\"Organisator\" \/>\n<meta property=\"article:publisher\" content=\"https:\/\/www.facebook.com\/OrganisatorFachmagazin\" \/>\n<meta property=\"article:published_time\" content=\"2024-03-11T07:59:58+00:00\" \/>\n<meta property=\"article:modified_time\" content=\"2024-03-11T08:38:38+00:00\" \/>\n<meta property=\"og:image\" content=\"https:\/\/www.organisator.ch\/wp-content\/uploads\/2024\/03\/SEF-Woman-Award_Bild_ps.jpg\" \/>\n\t<meta property=\"og:image:width\" content=\"680\" \/>\n\t<meta property=\"og:image:height\" content=\"453\" \/>\n\t<meta property=\"og:image:type\" content=\"image\/jpeg\" \/>\n<meta name=\"author\" content=\"Adelisa Kalajdzini\" \/>\n<meta name=\"twitter:card\" content=\"summary_large_image\" \/>\n<meta name=\"twitter:title\" content=\"Das sind die Gewinnerinnen des SEF.WomenAward 2024\" \/>\n<meta name=\"twitter:description\" content=\"Am 8. M\u00e4rz #2024 wurde anl\u00e4sslich des #Gala-Abends im The Circle in #Z\u00fcrich der vierte #SEF.WomenAward verliehen.\" \/>\n<meta name=\"twitter:image\" content=\"https:\/\/www.organisator.ch\/wp-content\/uploads\/2024\/03\/SEF-Woman-Award_Bild_ps.jpg\" \/>\n<script type=\"application\/ld+json\" class=\"yoast-schema-graph\">{\"@context\":\"https:\\\/\\\/schema.org\",\"@graph\":[{\"@type\":\"Article\",\"@id\":\"https:\\\/\\\/www.organisator.ch\\\/management\\\/2024-03-11\\\/das-sind-die-gewinnerinnen-des-sef-womenaward-2024\\\/#article\",\"isPartOf\":{\"@id\":\"https:\\\/\\\/www.organisator.ch\\\/management\\\/2024-03-11\\\/das-sind-die-gewinnerinnen-des-sef-womenaward-2024\\\/\"},\"author\":{\"name\":\"Adelisa Kalajdzini\",\"@id\":\"https:\\\/\\\/www.organisator.ch\\\/#\\\/schema\\\/person\\\/2e1314a2172123f874db408d8911d3f3\"},\"headline\":\"Das sind die Gewinnerinnen des SEF.WomenAward 2024\",\"datePublished\":\"2024-03-11T07:59:58+00:00\",\"dateModified\":\"2024-03-11T08:38:38+00:00\",\"mainEntityOfPage\":{\"@id\":\"https:\\\/\\\/www.organisator.ch\\\/management\\\/2024-03-11\\\/das-sind-die-gewinnerinnen-des-sef-womenaward-2024\\\/\"},\"wordCount\":309,\"publisher\":{\"@id\":\"https:\\\/\\\/www.organisator.ch\\\/#organization\"},\"image\":{\"@id\":\"https:\\\/\\\/www.organisator.ch\\\/management\\\/2024-03-11\\\/das-sind-die-gewinnerinnen-des-sef-womenaward-2024\\\/#primaryimage\"},\"thumbnailUrl\":\"https:\\\/\\\/www.organisator.ch\\\/wp-content\\\/uploads\\\/2024\\\/03\\\/SEF-Woman-Award_Bild_ps.jpg\",\"keywords\":[\"Award\",\"Management und Unternehmensf\u00fchrung\",\"Schweiz\",\"Unternehmerinnen\"],\"articleSection\":[\"MANAGEMENT\"],\"inLanguage\":\"de\"},{\"@type\":\"WebPage\",\"@id\":\"https:\\\/\\\/www.organisator.ch\\\/management\\\/2024-03-11\\\/das-sind-die-gewinnerinnen-des-sef-womenaward-2024\\\/\",\"url\":\"https:\\\/\\\/www.organisator.ch\\\/management\\\/2024-03-11\\\/das-sind-die-gewinnerinnen-des-sef-womenaward-2024\\\/\",\"name\":\"Das sind die Gewinnerinnen des SEF.WomenAward 2024 - Organisator\",\"isPartOf\":{\"@id\":\"https:\\\/\\\/www.organisator.ch\\\/#website\"},\"primaryImageOfPage\":{\"@id\":\"https:\\\/\\\/www.organisator.ch\\\/management\\\/2024-03-11\\\/das-sind-die-gewinnerinnen-des-sef-womenaward-2024\\\/#primaryimage\"},\"image\":{\"@id\":\"https:\\\/\\\/www.organisator.ch\\\/management\\\/2024-03-11\\\/das-sind-die-gewinnerinnen-des-sef-womenaward-2024\\\/#primaryimage\"},\"thumbnailUrl\":\"https:\\\/\\\/www.organisator.ch\\\/wp-content\\\/uploads\\\/2024\\\/03\\\/SEF-Woman-Award_Bild_ps.jpg\",\"datePublished\":\"2024-03-11T07:59:58+00:00\",\"dateModified\":\"2024-03-11T08:38:38+00:00\",\"description\":\"Am 8. M\u00e4rz 2024 wurde anl\u00e4sslich des Gala-Abends im The Circle in Z\u00fcrich der vierte SEF.WomenAward verliehen.\",\"breadcrumb\":{\"@id\":\"https:\\\/\\\/www.organisator.ch\\\/management\\\/2024-03-11\\\/das-sind-die-gewinnerinnen-des-sef-womenaward-2024\\\/#breadcrumb\"},\"inLanguage\":\"de\",\"potentialAction\":[{\"@type\":\"ReadAction\",\"target\":[\"https:\\\/\\\/www.organisator.ch\\\/management\\\/2024-03-11\\\/das-sind-die-gewinnerinnen-des-sef-womenaward-2024\\\/\"]}]},{\"@type\":\"ImageObject\",\"inLanguage\":\"de\",\"@id\":\"https:\\\/\\\/www.organisator.ch\\\/management\\\/2024-03-11\\\/das-sind-die-gewinnerinnen-des-sef-womenaward-2024\\\/#primaryimage\",\"url\":\"https:\\\/\\\/www.organisator.ch\\\/wp-content\\\/uploads\\\/2024\\\/03\\\/SEF-Woman-Award_Bild_ps.jpg\",\"contentUrl\":\"https:\\\/\\\/www.organisator.ch\\\/wp-content\\\/uploads\\\/2024\\\/03\\\/SEF-Woman-Award_Bild_ps.jpg\",\"width\":680,\"height\":453,\"caption\":\"Die diesj\u00e4hrigen Preistr\u00e4gerinnen des SEF.WomanAward. (Bild: NZZ Connect)\"},{\"@type\":\"BreadcrumbList\",\"@id\":\"https:\\\/\\\/www.organisator.ch\\\/management\\\/2024-03-11\\\/das-sind-die-gewinnerinnen-des-sef-womenaward-2024\\\/#breadcrumb\",\"itemListElement\":[{\"@type\":\"ListItem\",\"position\":1,\"name\":\"Home\",\"item\":\"https:\\\/\\\/www.organisator.ch\\\/\"},{\"@type\":\"ListItem\",\"position\":2,\"name\":\"Das sind die Gewinnerinnen des SEF.WomenAward 2024\"}]},{\"@type\":\"WebSite\",\"@id\":\"https:\\\/\\\/www.organisator.ch\\\/#website\",\"url\":\"https:\\\/\\\/www.organisator.ch\\\/\",\"name\":\"Organisator\",\"description\":\"Kompetent. Praxisnah. Der ORGANISATOR bereitet in 10 Ausgaben pro Jahr die wesentlichen Themen f\u00fcr F\u00fchrungskr\u00e4fte von KMU auf.\",\"publisher\":{\"@id\":\"https:\\\/\\\/www.organisator.ch\\\/#organization\"},\"potentialAction\":[{\"@type\":\"SearchAction\",\"target\":{\"@type\":\"EntryPoint\",\"urlTemplate\":\"https:\\\/\\\/www.organisator.ch\\\/?s={search_term_string}\"},\"query-input\":{\"@type\":\"PropertyValueSpecification\",\"valueRequired\":true,\"valueName\":\"search_term_string\"}}],\"inLanguage\":\"de\"},{\"@type\":\"Organization\",\"@id\":\"https:\\\/\\\/www.organisator.ch\\\/#organization\",\"name\":\"Organisator\",\"url\":\"https:\\\/\\\/www.organisator.ch\\\/\",\"logo\":{\"@type\":\"ImageObject\",\"inLanguage\":\"de\",\"@id\":\"https:\\\/\\\/www.organisator.ch\\\/#\\\/schema\\\/logo\\\/image\\\/\",\"url\":\"https:\\\/\\\/www.organisator.ch\\\/wp-content\\\/uploads\\\/2022\\\/01\\\/Logo_Organisator_Website.png\",\"contentUrl\":\"https:\\\/\\\/www.organisator.ch\\\/wp-content\\\/uploads\\\/2022\\\/01\\\/Logo_Organisator_Website.png\",\"width\":800,\"height\":77,\"caption\":\"Organisator\"},\"image\":{\"@id\":\"https:\\\/\\\/www.organisator.ch\\\/#\\\/schema\\\/logo\\\/image\\\/\"},\"sameAs\":[\"https:\\\/\\\/www.facebook.com\\\/OrganisatorFachmagazin\",\"https:\\\/\\\/www.linkedin.com\\\/showcase\\\/organisator-das-magazin-fr-kmu\",\"https:\\\/\\\/www.xing.com\\\/news\\\/pages\\\/organisator-ch-695\",\"https:\\\/\\\/www.youtube.com\\\/channel\\\/UCGP2Sq0iWaZwT3BdIAQFYpw\"]},{\"@type\":\"Person\",\"@id\":\"https:\\\/\\\/www.organisator.ch\\\/#\\\/schema\\\/person\\\/2e1314a2172123f874db408d8911d3f3\",\"name\":\"Adelisa Kalajdzini\",\"image\":{\"@type\":\"ImageObject\",\"inLanguage\":\"de\",\"@id\":\"https:\\\/\\\/secure.gravatar.com\\\/avatar\\\/09a397c22ac58cad6f160ee8306348599df9df58a8ede73696226897b9fa4b24?s=96&d=mm&r=g\",\"url\":\"https:\\\/\\\/secure.gravatar.com\\\/avatar\\\/09a397c22ac58cad6f160ee8306348599df9df58a8ede73696226897b9fa4b24?s=96&d=mm&r=g\",\"contentUrl\":\"https:\\\/\\\/secure.gravatar.com\\\/avatar\\\/09a397c22ac58cad6f160ee8306348599df9df58a8ede73696226897b9fa4b24?s=96&d=mm&r=g\",\"caption\":\"Adelisa Kalajdzini\"},\"url\":\"https:\\\/\\\/www.organisator.ch\\\/de\\\/author\\\/adelisa-kalajdzini\\\/\"}]}<\/script>\n<!-- \/ Yoast SEO plugin. -->","yoast_head_json":{"title":"Das sind die Gewinnerinnen des SEF.WomenAward 2024 - Organisator","description":"Am 8. M\u00e4rz 2024 wurde anl\u00e4sslich des Gala-Abends im The Circle in Z\u00fcrich der vierte SEF.WomenAward verliehen.","robots":{"index":"index","follow":"follow","max-snippet":"max-snippet:-1","max-image-preview":"max-image-preview:large","max-video-preview":"max-video-preview:-1"},"canonical":"https:\/\/www.organisator.ch\/de\/management\/2024-03-11\/das-sind-die-gewinnerinnen-des-sef-womenaward-2024\/","og_locale":"de_DE","og_type":"article","og_title":"Das sind die Gewinnerinnen des SEF.WomenAward 2024","og_description":"Am 8. M\u00e4rz 2024 wurde anl\u00e4sslich des Gala-Abends im The Circle in Z\u00fcrich der vierte SEF.WomenAward verliehen.","og_url":"https:\/\/www.organisator.ch\/de\/management\/2024-03-11\/das-sind-die-gewinnerinnen-des-sef-womenaward-2024\/","og_site_name":"Organisator","article_publisher":"https:\/\/www.facebook.com\/OrganisatorFachmagazin","article_published_time":"2024-03-11T07:59:58+00:00","article_modified_time":"2024-03-11T08:38:38+00:00","og_image":[{"width":680,"height":453,"url":"https:\/\/www.organisator.ch\/wp-content\/uploads\/2024\/03\/SEF-Woman-Award_Bild_ps.jpg","type":"image\/jpeg"}],"author":"Adelisa Kalajdzini","twitter_card":"summary_large_image","twitter_title":"Das sind die Gewinnerinnen des SEF.WomenAward 2024","twitter_description":"Am 8. M\u00e4rz #2024 wurde anl\u00e4sslich des #Gala-Abends im The Circle in #Z\u00fcrich der vierte #SEF.WomenAward verliehen.","twitter_image":"https:\/\/www.organisator.ch\/wp-content\/uploads\/2024\/03\/SEF-Woman-Award_Bild_ps.jpg","schema":{"@context":"https:\/\/schema.org","@graph":[{"@type":"Article","@id":"https:\/\/www.organisator.ch\/management\/2024-03-11\/das-sind-die-gewinnerinnen-des-sef-womenaward-2024\/#article","isPartOf":{"@id":"https:\/\/www.organisator.ch\/management\/2024-03-11\/das-sind-die-gewinnerinnen-des-sef-womenaward-2024\/"},"author":{"name":"Adelisa Kalajdzini","@id":"https:\/\/www.organisator.ch\/#\/schema\/person\/2e1314a2172123f874db408d8911d3f3"},"headline":"Das sind die Gewinnerinnen des SEF.WomenAward 2024","datePublished":"2024-03-11T07:59:58+00:00","dateModified":"2024-03-11T08:38:38+00:00","mainEntityOfPage":{"@id":"https:\/\/www.organisator.ch\/management\/2024-03-11\/das-sind-die-gewinnerinnen-des-sef-womenaward-2024\/"},"wordCount":309,"publisher":{"@id":"https:\/\/www.organisator.ch\/#organization"},"image":{"@id":"https:\/\/www.organisator.ch\/management\/2024-03-11\/das-sind-die-gewinnerinnen-des-sef-womenaward-2024\/#primaryimage"},"thumbnailUrl":"https:\/\/www.organisator.ch\/wp-content\/uploads\/2024\/03\/SEF-Woman-Award_Bild_ps.jpg","keywords":["Award","Management und Unternehmensf\u00fchrung","Schweiz","Unternehmerinnen"],"articleSection":["MANAGEMENT"],"inLanguage":"de"},{"@type":"WebPage","@id":"https:\/\/www.organisator.ch\/management\/2024-03-11\/das-sind-die-gewinnerinnen-des-sef-womenaward-2024\/","url":"https:\/\/www.organisator.ch\/management\/2024-03-11\/das-sind-die-gewinnerinnen-des-sef-womenaward-2024\/","name":"Das sind die Gewinnerinnen des SEF.WomenAward 2024 - Organisator","isPartOf":{"@id":"https:\/\/www.organisator.ch\/#website"},"primaryImageOfPage":{"@id":"https:\/\/www.organisator.ch\/management\/2024-03-11\/das-sind-die-gewinnerinnen-des-sef-womenaward-2024\/#primaryimage"},"image":{"@id":"https:\/\/www.organisator.ch\/management\/2024-03-11\/das-sind-die-gewinnerinnen-des-sef-womenaward-2024\/#primaryimage"},"thumbnailUrl":"https:\/\/www.organisator.ch\/wp-content\/uploads\/2024\/03\/SEF-Woman-Award_Bild_ps.jpg","datePublished":"2024-03-11T07:59:58+00:00","dateModified":"2024-03-11T08:38:38+00:00","description":"Am 8. M\u00e4rz 2024 wurde anl\u00e4sslich des Gala-Abends im The Circle in Z\u00fcrich der vierte SEF.WomenAward verliehen.","breadcrumb":{"@id":"https:\/\/www.organisator.ch\/management\/2024-03-11\/das-sind-die-gewinnerinnen-des-sef-womenaward-2024\/#breadcrumb"},"inLanguage":"de","potentialAction":[{"@type":"ReadAction","target":["https:\/\/www.organisator.ch\/management\/2024-03-11\/das-sind-die-gewinnerinnen-des-sef-womenaward-2024\/"]}]},{"@type":"ImageObject","inLanguage":"de","@id":"https:\/\/www.organisator.ch\/management\/2024-03-11\/das-sind-die-gewinnerinnen-des-sef-womenaward-2024\/#primaryimage","url":"https:\/\/www.organisator.ch\/wp-content\/uploads\/2024\/03\/SEF-Woman-Award_Bild_ps.jpg","contentUrl":"https:\/\/www.organisator.ch\/wp-content\/uploads\/2024\/03\/SEF-Woman-Award_Bild_ps.jpg","width":680,"height":453,"caption":"Die diesj\u00e4hrigen Preistr\u00e4gerinnen des SEF.WomanAward. (Bild: NZZ Connect)"},{"@type":"BreadcrumbList","@id":"https:\/\/www.organisator.ch\/management\/2024-03-11\/das-sind-die-gewinnerinnen-des-sef-womenaward-2024\/#breadcrumb","itemListElement":[{"@type":"ListItem","position":1,"name":"Home","item":"https:\/\/www.organisator.ch\/"},{"@type":"ListItem","position":2,"name":"Das sind die Gewinnerinnen des SEF.WomenAward 2024"}]},{"@type":"WebSite","@id":"https:\/\/www.organisator.ch\/#website","url":"https:\/\/www.organisator.ch\/","name":"Organisator","description":"Kompetent. Praxisnah. Der ORGANISATOR bereitet in 10 Ausgaben pro Jahr die wesentlichen Themen f\u00fcr F\u00fchrungskr\u00e4fte von KMU auf.","publisher":{"@id":"https:\/\/www.organisator.ch\/#organization"},"potentialAction":[{"@type":"SearchAction","target":{"@type":"EntryPoint","urlTemplate":"https:\/\/www.organisator.ch\/?s={search_term_string}"},"query-input":{"@type":"PropertyValueSpecification","valueRequired":true,"valueName":"search_term_string"}}],"inLanguage":"de"},{"@type":"Organization","@id":"https:\/\/www.organisator.ch\/#organization","name":"Organisator","url":"https:\/\/www.organisator.ch\/","logo":{"@type":"ImageObject","inLanguage":"de","@id":"https:\/\/www.organisator.ch\/#\/schema\/logo\/image\/","url":"https:\/\/www.organisator.ch\/wp-content\/uploads\/2022\/01\/Logo_Organisator_Website.png","contentUrl":"https:\/\/www.organisator.ch\/wp-content\/uploads\/2022\/01\/Logo_Organisator_Website.png","width":800,"height":77,"caption":"Organisator"},"image":{"@id":"https:\/\/www.organisator.ch\/#\/schema\/logo\/image\/"},"sameAs":["https:\/\/www.facebook.com\/OrganisatorFachmagazin","https:\/\/www.linkedin.com\/showcase\/organisator-das-magazin-fr-kmu","https:\/\/www.xing.com\/news\/pages\/organisator-ch-695","https:\/\/www.youtube.com\/channel\/UCGP2Sq0iWaZwT3BdIAQFYpw"]},{"@type":"Person","@id":"https:\/\/www.organisator.ch\/#\/schema\/person\/2e1314a2172123f874db408d8911d3f3","name":"Adelisa Kalajdzini","image":{"@type":"ImageObject","inLanguage":"de","@id":"https:\/\/secure.gravatar.com\/avatar\/09a397c22ac58cad6f160ee8306348599df9df58a8ede73696226897b9fa4b24?s=96&d=mm&r=g","url":"https:\/\/secure.gravatar.com\/avatar\/09a397c22ac58cad6f160ee8306348599df9df58a8ede73696226897b9fa4b24?s=96&d=mm&r=g","contentUrl":"https:\/\/secure.gravatar.com\/avatar\/09a397c22ac58cad6f160ee8306348599df9df58a8ede73696226897b9fa4b24?s=96&d=mm&r=g","caption":"Adelisa Kalajdzini"},"url":"https:\/\/www.organisator.ch\/de\/author\/adelisa-kalajdzini\/"}]}},"_links":{"self":[{"href":"https:\/\/www.organisator.ch\/de\/wp-json\/wp\/v2\/posts\/25797","targetHints":{"allow":["GET"]}}],"collection":[{"href":"https:\/\/www.organisator.ch\/de\/wp-json\/wp\/v2\/posts"}],"about":[{"href":"https:\/\/www.organisator.ch\/de\/wp-json\/wp\/v2\/types\/post"}],"author":[{"embeddable":true,"href":"https:\/\/www.organisator.ch\/de\/wp-json\/wp\/v2\/users\/58"}],"replies":[{"embeddable":true,"href":"https:\/\/www.organisator.ch\/de\/wp-json\/wp\/v2\/comments?post=25797"}],"version-history":[{"count":8,"href":"https:\/\/www.organisator.ch\/de\/wp-json\/wp\/v2\/posts\/25797\/revisions"}],"predecessor-version":[{"id":25809,"href":"https:\/\/www.organisator.ch\/de\/wp-json\/wp\/v2\/posts\/25797\/revisions\/25809"}],"wp:featuredmedia":[{"embeddable":true,"href":"https:\/\/www.organisator.ch\/de\/wp-json\/wp\/v2\/media\/25799"}],"wp:attachment":[{"href":"https:\/\/www.organisator.ch\/de\/wp-json\/wp\/v2\/media?parent=25797"}],"wp:term":[{"taxonomy":"category","embeddable":true,"href":"https:\/\/www.organisator.ch\/de\/wp-json\/wp\/v2\/categories?post=25797"},{"taxonomy":"post_tag","embeddable":true,"href":"https:\/\/www.organisator.ch\/de\/wp-json\/wp\/v2\/tags?post=25797"}],"curies":[{"name":"wp","href":"https:\/\/api.w.org\/{rel}","templated":true}]}}