{"id":25854,"date":"2024-03-12T08:23:39","date_gmt":"2024-03-12T07:23:39","guid":{"rendered":"https:\/\/www.werbewoche.ch\/?p=211863"},"modified":"2024-11-11T09:37:27","modified_gmt":"2024-11-11T08:37:27","slug":"festland-hat-die-marke-valida-digital-gestaerkt","status":"publish","type":"post","link":"https:\/\/www.organisator.ch\/de\/marketing\/2024-03-12\/festland-hat-die-marke-valida-digital-gestaerkt\/","title":{"rendered":"Festland hat die Marke Valida digital gest\u00e4rkt"},"content":{"rendered":"<p><img class=\"aligncenter wp-image-211864 size-full\" src=\"https:\/\/www.werbewoche.ch\/wp-content\/uploads\/2024\/03\/FL_Valida_Web_00.jpg\" alt=\"Valida Website Relaunch\" width=\"1200\" height=\"675\" \/><\/p>\r\n<p>Acht Jahre ist es her, dass <a href=\"https:\/\/www.valida.ch\/\" rel=\"noopener\">Valida<\/a> ihre Marke mit Festland einem umfassenden Redesign unterzog <a href=\"https:\/\/www.werbewoche.ch\/de\/werbung\/2015-10-08\/festland-mit-v-wie-verantwortung\/\" rel=\"noopener\">(Werbewoche.ch berichtete)<\/a>. Kernelement des Auftritts ist die herzf\u00f6rmige Bildmarke. Deren H\u00e4lften stehen f\u00fcr die zwei St\u00e4rken, die auch im Claim \u00abdas soziale Unternehmen\u00bb zum Ausdruck kommen: Auf der einen Seite die Inklusion mit Integrationsleistungen f\u00fcr Menschen mit Beeintr\u00e4chtigung. Auf der anderen Seite die Betriebe mit Produkten und Dienstleistungen f\u00fcr den Markt.<\/p>\r\n<p>Der aktuelle Relaunch der Valida-Website, ebenfalls mit Festland verwirklicht, soll diese Verbindung von Integrations- und Marktleistungen noch klarer machen. Die Hauptnavigation, das Farbkonzept und das interaktive Feature auf der Startseite sind ganz auf die beiden Bereiche fokussiert. Und auf vielen Seiten finden sich vernetzende Inhaltsmodule, die den User:innen veranschaulichen, wie Inklusion und Betriebe zwei Seiten derselben Medaille sind.<\/p>\r\n<p><img class=\"aligncenter size-full wp-image-211865\" src=\"https:\/\/www.werbewoche.ch\/wp-content\/uploads\/2024\/03\/FL_Valida_Web_01.jpg\" alt=\"\" width=\"1200\" height=\"675\" \/><\/p>\r\n<h3><strong>Klares Design, Leichte Sprache<\/strong><\/h3>\r\n<p>F\u00fcr Britta Jetschin, Marketingleiterin bei Valida, bringt die neue Website noch mehr Klarheit in die Kommunikation: \u00abUnsere Zielgruppen finden sich m\u00fchelos zurecht. Es gibt einen klaren Einstieg in die beiden Hauptbereiche, aber der Wechsel zwischen den Bereichen ist jederzeit m\u00f6glich.\u00bb Zur User-Orientierung trage auch der grosse Bewegtbild-Anteil bei. Um den Zugang f\u00fcr alle Menschen so einfach wie m\u00f6glich zu gestalten, kann bei den wichtigsten Seiten ausserdem eine <a href=\"https:\/\/www.valida.ch\/inklusion\/arbeitsformen\/arbeiten-mit-iv-rente\/?leichte-sprache\" rel=\"noopener\">Version in Leichter Sprache<\/a> angezeigt werden.<\/p>\r\n<p><img class=\"aligncenter size-full wp-image-211866\" src=\"https:\/\/www.werbewoche.ch\/wp-content\/uploads\/2024\/03\/FL_Valida_Web_03.jpg\" alt=\"\" width=\"1200\" height=\"675\" \/><\/p>\r\n<h3><strong>Valida und Festland zu Zweiten<\/strong><\/h3>\r\n<p>Weil Festland bereits f\u00fcr das Rebranding verantwortlich zeichnetet, war die Marke f\u00fcr die Agentur kein Neuland. \u00abDass wir das Valida-Team im Pitch f\u00fcr den Web-Relaunch erneut begeistern konnten, ist nat\u00fcrlich sch\u00f6n\u00bb, meint dazu Andi Ackermann von Festland. \u00abGanz besonders freut uns, dass sich das CI\/CD als nachhaltige Basis auch f\u00fcr diesen Meilenstein erweist.\u00bb Durch die neue Website, die mit Faktor Vier als WordPress-Plattform realisiert wurde, kann sich die Marke in der digitalen Welt noch wirkungsvoller entfalten.<\/p>\r\n<p><img class=\"aligncenter size-full wp-image-211867\" src=\"https:\/\/www.werbewoche.ch\/wp-content\/uploads\/2024\/03\/FL_Valida_Web_02.jpg\" alt=\"\" width=\"1200\" height=\"675\" \/><\/p>","protected":false},"excerpt":{"rendered":"<p>Neu bilden der Marken- und Web-Auftritt des sozialen Unternehmens aus St.Gallen Valida eine Einheit. Der von Festland gestaltete Relaunch des Web-Auftritts schafft eine nahtlose Verbindung zwischen Brand Design und UX Design.<\/p>\n","protected":false},"author":8,"featured_media":0,"comment_status":"closed","ping_status":"closed","sticky":false,"template":"","format":"standard","meta":{"_acf_changed":false,"_yoast_wpseo_focuskw":"Valida Website Relaunch","_yoast_wpseo_metadesc":"Valida-Website-Relaunch: Klare Kommunikation, Inklusion und Marktleistungen im Fokus. Neues Design und einfache Navigation.","articlekey":"","footnotes":""},"categories":[29],"tags":[2626,2617,4149],"class_list":["post-25854","post","type-post","status-publish","format-standard","hentry","category-marketing","tag-festland","tag-marken","tag-valida"],"acf":[],"yoast_head":"<!-- This site is optimized with the Yoast SEO plugin v27.4 - https:\/\/yoast.com\/product\/yoast-seo-wordpress\/ -->\n<title>Festland hat die Marke Valida digital gest\u00e4rkt - Organisator<\/title>\n<meta name=\"description\" content=\"Valida-Website-Relaunch: Klare Kommunikation, Inklusion und Marktleistungen im Fokus. Neues Design und einfache Navigation.\" \/>\n<meta name=\"robots\" content=\"index, follow, max-snippet:-1, max-image-preview:large, max-video-preview:-1\" \/>\n<link rel=\"canonical\" href=\"https:\/\/www.organisator.ch\/de\/marketing\/2024-03-12\/festland-hat-die-marke-valida-digital-gestaerkt\/\" \/>\n<meta property=\"og:locale\" content=\"de_DE\" \/>\n<meta property=\"og:type\" content=\"article\" \/>\n<meta property=\"og:title\" content=\"Festland hat die Marke Valida digital gest\u00e4rkt - Organisator\" \/>\n<meta property=\"og:description\" content=\"Valida-Website-Relaunch: Klare Kommunikation, Inklusion und Marktleistungen im Fokus. Neues Design und einfache Navigation.\" \/>\n<meta property=\"og:url\" content=\"https:\/\/www.organisator.ch\/de\/marketing\/2024-03-12\/festland-hat-die-marke-valida-digital-gestaerkt\/\" \/>\n<meta property=\"og:site_name\" content=\"Organisator\" \/>\n<meta property=\"article:publisher\" content=\"https:\/\/www.facebook.com\/OrganisatorFachmagazin\" \/>\n<meta property=\"article:published_time\" content=\"2024-03-12T07:23:39+00:00\" \/>\n<meta property=\"article:modified_time\" content=\"2024-11-11T08:37:27+00:00\" \/>\n<meta property=\"og:image\" content=\"https:\/\/www.werbewoche.ch\/wp-content\/uploads\/2024\/03\/FL_Valida_Web_00.jpg\" \/>\n<meta name=\"author\" content=\"galledia\" \/>\n<meta name=\"twitter:card\" content=\"summary_large_image\" \/>\n<meta name=\"twitter:creator\" content=\"@admin\" \/>\n<script type=\"application\/ld+json\" class=\"yoast-schema-graph\">{\"@context\":\"https:\\\/\\\/schema.org\",\"@graph\":[{\"@type\":\"Article\",\"@id\":\"https:\\\/\\\/www.organisator.ch\\\/marketing\\\/2024-03-12\\\/festland-hat-die-marke-valida-digital-gestaerkt\\\/#article\",\"isPartOf\":{\"@id\":\"https:\\\/\\\/www.organisator.ch\\\/marketing\\\/2024-03-12\\\/festland-hat-die-marke-valida-digital-gestaerkt\\\/\"},\"author\":{\"name\":\"galledia\",\"@id\":\"https:\\\/\\\/www.organisator.ch\\\/#\\\/schema\\\/person\\\/4e51799071cd2dd1232ac003643ef5f0\"},\"headline\":\"Festland hat die Marke Valida digital gest\u00e4rkt\",\"datePublished\":\"2024-03-12T07:23:39+00:00\",\"dateModified\":\"2024-11-11T08:37:27+00:00\",\"mainEntityOfPage\":{\"@id\":\"https:\\\/\\\/www.organisator.ch\\\/marketing\\\/2024-03-12\\\/festland-hat-die-marke-valida-digital-gestaerkt\\\/\"},\"wordCount\":311,\"publisher\":{\"@id\":\"https:\\\/\\\/www.organisator.ch\\\/#organization\"},\"image\":{\"@id\":\"https:\\\/\\\/www.organisator.ch\\\/marketing\\\/2024-03-12\\\/festland-hat-die-marke-valida-digital-gestaerkt\\\/#primaryimage\"},\"thumbnailUrl\":\"https:\\\/\\\/www.werbewoche.ch\\\/wp-content\\\/uploads\\\/2024\\\/03\\\/FL_Valida_Web_00.jpg\",\"keywords\":[\"Festland\",\"Marken\",\"Valida\"],\"articleSection\":[\"MARKETING\"],\"inLanguage\":\"de\"},{\"@type\":\"WebPage\",\"@id\":\"https:\\\/\\\/www.organisator.ch\\\/marketing\\\/2024-03-12\\\/festland-hat-die-marke-valida-digital-gestaerkt\\\/\",\"url\":\"https:\\\/\\\/www.organisator.ch\\\/marketing\\\/2024-03-12\\\/festland-hat-die-marke-valida-digital-gestaerkt\\\/\",\"name\":\"Festland hat die Marke Valida digital gest\u00e4rkt - Organisator\",\"isPartOf\":{\"@id\":\"https:\\\/\\\/www.organisator.ch\\\/#website\"},\"primaryImageOfPage\":{\"@id\":\"https:\\\/\\\/www.organisator.ch\\\/marketing\\\/2024-03-12\\\/festland-hat-die-marke-valida-digital-gestaerkt\\\/#primaryimage\"},\"image\":{\"@id\":\"https:\\\/\\\/www.organisator.ch\\\/marketing\\\/2024-03-12\\\/festland-hat-die-marke-valida-digital-gestaerkt\\\/#primaryimage\"},\"thumbnailUrl\":\"https:\\\/\\\/www.werbewoche.ch\\\/wp-content\\\/uploads\\\/2024\\\/03\\\/FL_Valida_Web_00.jpg\",\"datePublished\":\"2024-03-12T07:23:39+00:00\",\"dateModified\":\"2024-11-11T08:37:27+00:00\",\"description\":\"Valida-Website-Relaunch: Klare Kommunikation, Inklusion und Marktleistungen im Fokus. Neues Design und einfache Navigation.\",\"breadcrumb\":{\"@id\":\"https:\\\/\\\/www.organisator.ch\\\/marketing\\\/2024-03-12\\\/festland-hat-die-marke-valida-digital-gestaerkt\\\/#breadcrumb\"},\"inLanguage\":\"de\",\"potentialAction\":[{\"@type\":\"ReadAction\",\"target\":[\"https:\\\/\\\/www.organisator.ch\\\/marketing\\\/2024-03-12\\\/festland-hat-die-marke-valida-digital-gestaerkt\\\/\"]}]},{\"@type\":\"ImageObject\",\"inLanguage\":\"de\",\"@id\":\"https:\\\/\\\/www.organisator.ch\\\/marketing\\\/2024-03-12\\\/festland-hat-die-marke-valida-digital-gestaerkt\\\/#primaryimage\",\"url\":\"https:\\\/\\\/www.werbewoche.ch\\\/wp-content\\\/uploads\\\/2024\\\/03\\\/FL_Valida_Web_00.jpg\",\"contentUrl\":\"https:\\\/\\\/www.werbewoche.ch\\\/wp-content\\\/uploads\\\/2024\\\/03\\\/FL_Valida_Web_00.jpg\"},{\"@type\":\"BreadcrumbList\",\"@id\":\"https:\\\/\\\/www.organisator.ch\\\/marketing\\\/2024-03-12\\\/festland-hat-die-marke-valida-digital-gestaerkt\\\/#breadcrumb\",\"itemListElement\":[{\"@type\":\"ListItem\",\"position\":1,\"name\":\"Home\",\"item\":\"https:\\\/\\\/www.organisator.ch\\\/\"},{\"@type\":\"ListItem\",\"position\":2,\"name\":\"Festland hat die Marke Valida digital gest\u00e4rkt\"}]},{\"@type\":\"WebSite\",\"@id\":\"https:\\\/\\\/www.organisator.ch\\\/#website\",\"url\":\"https:\\\/\\\/www.organisator.ch\\\/\",\"name\":\"Organisator\",\"description\":\"Kompetent. Praxisnah. Der ORGANISATOR bereitet in 10 Ausgaben pro Jahr die wesentlichen Themen f\u00fcr F\u00fchrungskr\u00e4fte von KMU auf.\",\"publisher\":{\"@id\":\"https:\\\/\\\/www.organisator.ch\\\/#organization\"},\"potentialAction\":[{\"@type\":\"SearchAction\",\"target\":{\"@type\":\"EntryPoint\",\"urlTemplate\":\"https:\\\/\\\/www.organisator.ch\\\/?s={search_term_string}\"},\"query-input\":{\"@type\":\"PropertyValueSpecification\",\"valueRequired\":true,\"valueName\":\"search_term_string\"}}],\"inLanguage\":\"de\"},{\"@type\":\"Organization\",\"@id\":\"https:\\\/\\\/www.organisator.ch\\\/#organization\",\"name\":\"Organisator\",\"url\":\"https:\\\/\\\/www.organisator.ch\\\/\",\"logo\":{\"@type\":\"ImageObject\",\"inLanguage\":\"de\",\"@id\":\"https:\\\/\\\/www.organisator.ch\\\/#\\\/schema\\\/logo\\\/image\\\/\",\"url\":\"https:\\\/\\\/www.organisator.ch\\\/wp-content\\\/uploads\\\/2022\\\/01\\\/Logo_Organisator_Website.png\",\"contentUrl\":\"https:\\\/\\\/www.organisator.ch\\\/wp-content\\\/uploads\\\/2022\\\/01\\\/Logo_Organisator_Website.png\",\"width\":800,\"height\":77,\"caption\":\"Organisator\"},\"image\":{\"@id\":\"https:\\\/\\\/www.organisator.ch\\\/#\\\/schema\\\/logo\\\/image\\\/\"},\"sameAs\":[\"https:\\\/\\\/www.facebook.com\\\/OrganisatorFachmagazin\",\"https:\\\/\\\/www.linkedin.com\\\/showcase\\\/organisator-das-magazin-fr-kmu\",\"https:\\\/\\\/www.xing.com\\\/news\\\/pages\\\/organisator-ch-695\",\"https:\\\/\\\/www.youtube.com\\\/channel\\\/UCGP2Sq0iWaZwT3BdIAQFYpw\"]},{\"@type\":\"Person\",\"@id\":\"https:\\\/\\\/www.organisator.ch\\\/#\\\/schema\\\/person\\\/4e51799071cd2dd1232ac003643ef5f0\",\"name\":\"galledia\",\"image\":{\"@type\":\"ImageObject\",\"inLanguage\":\"de\",\"@id\":\"https:\\\/\\\/secure.gravatar.com\\\/avatar\\\/78a7f90c01fc2bfc875782a0d4922b37cde2cf184ce347b91316d23cd7f69a36?s=96&d=mm&r=g\",\"url\":\"https:\\\/\\\/secure.gravatar.com\\\/avatar\\\/78a7f90c01fc2bfc875782a0d4922b37cde2cf184ce347b91316d23cd7f69a36?s=96&d=mm&r=g\",\"contentUrl\":\"https:\\\/\\\/secure.gravatar.com\\\/avatar\\\/78a7f90c01fc2bfc875782a0d4922b37cde2cf184ce347b91316d23cd7f69a36?s=96&d=mm&r=g\",\"caption\":\"galledia\"},\"sameAs\":[\"https:\\\/\\\/x.com\\\/admin\"],\"url\":\"https:\\\/\\\/www.organisator.ch\\\/de\\\/author\\\/galledia\\\/\"}]}<\/script>\n<!-- \/ Yoast SEO plugin. -->","yoast_head_json":{"title":"Festland hat die Marke Valida digital gest\u00e4rkt - Organisator","description":"Valida-Website-Relaunch: Klare Kommunikation, Inklusion und Marktleistungen im Fokus. Neues Design und einfache Navigation.","robots":{"index":"index","follow":"follow","max-snippet":"max-snippet:-1","max-image-preview":"max-image-preview:large","max-video-preview":"max-video-preview:-1"},"canonical":"https:\/\/www.organisator.ch\/de\/marketing\/2024-03-12\/festland-hat-die-marke-valida-digital-gestaerkt\/","og_locale":"de_DE","og_type":"article","og_title":"Festland hat die Marke Valida digital gest\u00e4rkt - Organisator","og_description":"Valida-Website-Relaunch: Klare Kommunikation, Inklusion und Marktleistungen im Fokus. Neues Design und einfache Navigation.","og_url":"https:\/\/www.organisator.ch\/de\/marketing\/2024-03-12\/festland-hat-die-marke-valida-digital-gestaerkt\/","og_site_name":"Organisator","article_publisher":"https:\/\/www.facebook.com\/OrganisatorFachmagazin","article_published_time":"2024-03-12T07:23:39+00:00","article_modified_time":"2024-11-11T08:37:27+00:00","og_image":[{"url":"https:\/\/www.werbewoche.ch\/wp-content\/uploads\/2024\/03\/FL_Valida_Web_00.jpg","type":"","width":"","height":""}],"author":"galledia","twitter_card":"summary_large_image","twitter_creator":"@admin","schema":{"@context":"https:\/\/schema.org","@graph":[{"@type":"Article","@id":"https:\/\/www.organisator.ch\/marketing\/2024-03-12\/festland-hat-die-marke-valida-digital-gestaerkt\/#article","isPartOf":{"@id":"https:\/\/www.organisator.ch\/marketing\/2024-03-12\/festland-hat-die-marke-valida-digital-gestaerkt\/"},"author":{"name":"galledia","@id":"https:\/\/www.organisator.ch\/#\/schema\/person\/4e51799071cd2dd1232ac003643ef5f0"},"headline":"Festland hat die Marke Valida digital gest\u00e4rkt","datePublished":"2024-03-12T07:23:39+00:00","dateModified":"2024-11-11T08:37:27+00:00","mainEntityOfPage":{"@id":"https:\/\/www.organisator.ch\/marketing\/2024-03-12\/festland-hat-die-marke-valida-digital-gestaerkt\/"},"wordCount":311,"publisher":{"@id":"https:\/\/www.organisator.ch\/#organization"},"image":{"@id":"https:\/\/www.organisator.ch\/marketing\/2024-03-12\/festland-hat-die-marke-valida-digital-gestaerkt\/#primaryimage"},"thumbnailUrl":"https:\/\/www.werbewoche.ch\/wp-content\/uploads\/2024\/03\/FL_Valida_Web_00.jpg","keywords":["Festland","Marken","Valida"],"articleSection":["MARKETING"],"inLanguage":"de"},{"@type":"WebPage","@id":"https:\/\/www.organisator.ch\/marketing\/2024-03-12\/festland-hat-die-marke-valida-digital-gestaerkt\/","url":"https:\/\/www.organisator.ch\/marketing\/2024-03-12\/festland-hat-die-marke-valida-digital-gestaerkt\/","name":"Festland hat die Marke Valida digital gest\u00e4rkt - Organisator","isPartOf":{"@id":"https:\/\/www.organisator.ch\/#website"},"primaryImageOfPage":{"@id":"https:\/\/www.organisator.ch\/marketing\/2024-03-12\/festland-hat-die-marke-valida-digital-gestaerkt\/#primaryimage"},"image":{"@id":"https:\/\/www.organisator.ch\/marketing\/2024-03-12\/festland-hat-die-marke-valida-digital-gestaerkt\/#primaryimage"},"thumbnailUrl":"https:\/\/www.werbewoche.ch\/wp-content\/uploads\/2024\/03\/FL_Valida_Web_00.jpg","datePublished":"2024-03-12T07:23:39+00:00","dateModified":"2024-11-11T08:37:27+00:00","description":"Valida-Website-Relaunch: Klare Kommunikation, Inklusion und Marktleistungen im Fokus. Neues Design und einfache Navigation.","breadcrumb":{"@id":"https:\/\/www.organisator.ch\/marketing\/2024-03-12\/festland-hat-die-marke-valida-digital-gestaerkt\/#breadcrumb"},"inLanguage":"de","potentialAction":[{"@type":"ReadAction","target":["https:\/\/www.organisator.ch\/marketing\/2024-03-12\/festland-hat-die-marke-valida-digital-gestaerkt\/"]}]},{"@type":"ImageObject","inLanguage":"de","@id":"https:\/\/www.organisator.ch\/marketing\/2024-03-12\/festland-hat-die-marke-valida-digital-gestaerkt\/#primaryimage","url":"https:\/\/www.werbewoche.ch\/wp-content\/uploads\/2024\/03\/FL_Valida_Web_00.jpg","contentUrl":"https:\/\/www.werbewoche.ch\/wp-content\/uploads\/2024\/03\/FL_Valida_Web_00.jpg"},{"@type":"BreadcrumbList","@id":"https:\/\/www.organisator.ch\/marketing\/2024-03-12\/festland-hat-die-marke-valida-digital-gestaerkt\/#breadcrumb","itemListElement":[{"@type":"ListItem","position":1,"name":"Home","item":"https:\/\/www.organisator.ch\/"},{"@type":"ListItem","position":2,"name":"Festland hat die Marke Valida digital gest\u00e4rkt"}]},{"@type":"WebSite","@id":"https:\/\/www.organisator.ch\/#website","url":"https:\/\/www.organisator.ch\/","name":"Organisator","description":"Kompetent. Praxisnah. Der ORGANISATOR bereitet in 10 Ausgaben pro Jahr die wesentlichen Themen f\u00fcr F\u00fchrungskr\u00e4fte von KMU auf.","publisher":{"@id":"https:\/\/www.organisator.ch\/#organization"},"potentialAction":[{"@type":"SearchAction","target":{"@type":"EntryPoint","urlTemplate":"https:\/\/www.organisator.ch\/?s={search_term_string}"},"query-input":{"@type":"PropertyValueSpecification","valueRequired":true,"valueName":"search_term_string"}}],"inLanguage":"de"},{"@type":"Organization","@id":"https:\/\/www.organisator.ch\/#organization","name":"Organisator","url":"https:\/\/www.organisator.ch\/","logo":{"@type":"ImageObject","inLanguage":"de","@id":"https:\/\/www.organisator.ch\/#\/schema\/logo\/image\/","url":"https:\/\/www.organisator.ch\/wp-content\/uploads\/2022\/01\/Logo_Organisator_Website.png","contentUrl":"https:\/\/www.organisator.ch\/wp-content\/uploads\/2022\/01\/Logo_Organisator_Website.png","width":800,"height":77,"caption":"Organisator"},"image":{"@id":"https:\/\/www.organisator.ch\/#\/schema\/logo\/image\/"},"sameAs":["https:\/\/www.facebook.com\/OrganisatorFachmagazin","https:\/\/www.linkedin.com\/showcase\/organisator-das-magazin-fr-kmu","https:\/\/www.xing.com\/news\/pages\/organisator-ch-695","https:\/\/www.youtube.com\/channel\/UCGP2Sq0iWaZwT3BdIAQFYpw"]},{"@type":"Person","@id":"https:\/\/www.organisator.ch\/#\/schema\/person\/4e51799071cd2dd1232ac003643ef5f0","name":"galledia","image":{"@type":"ImageObject","inLanguage":"de","@id":"https:\/\/secure.gravatar.com\/avatar\/78a7f90c01fc2bfc875782a0d4922b37cde2cf184ce347b91316d23cd7f69a36?s=96&d=mm&r=g","url":"https:\/\/secure.gravatar.com\/avatar\/78a7f90c01fc2bfc875782a0d4922b37cde2cf184ce347b91316d23cd7f69a36?s=96&d=mm&r=g","contentUrl":"https:\/\/secure.gravatar.com\/avatar\/78a7f90c01fc2bfc875782a0d4922b37cde2cf184ce347b91316d23cd7f69a36?s=96&d=mm&r=g","caption":"galledia"},"sameAs":["https:\/\/x.com\/admin"],"url":"https:\/\/www.organisator.ch\/de\/author\/galledia\/"}]}},"_links":{"self":[{"href":"https:\/\/www.organisator.ch\/de\/wp-json\/wp\/v2\/posts\/25854","targetHints":{"allow":["GET"]}}],"collection":[{"href":"https:\/\/www.organisator.ch\/de\/wp-json\/wp\/v2\/posts"}],"about":[{"href":"https:\/\/www.organisator.ch\/de\/wp-json\/wp\/v2\/types\/post"}],"author":[{"embeddable":true,"href":"https:\/\/www.organisator.ch\/de\/wp-json\/wp\/v2\/users\/8"}],"replies":[{"embeddable":true,"href":"https:\/\/www.organisator.ch\/de\/wp-json\/wp\/v2\/comments?post=25854"}],"version-history":[{"count":5,"href":"https:\/\/www.organisator.ch\/de\/wp-json\/wp\/v2\/posts\/25854\/revisions"}],"predecessor-version":[{"id":32396,"href":"https:\/\/www.organisator.ch\/de\/wp-json\/wp\/v2\/posts\/25854\/revisions\/32396"}],"wp:attachment":[{"href":"https:\/\/www.organisator.ch\/de\/wp-json\/wp\/v2\/media?parent=25854"}],"wp:term":[{"taxonomy":"category","embeddable":true,"href":"https:\/\/www.organisator.ch\/de\/wp-json\/wp\/v2\/categories?post=25854"},{"taxonomy":"post_tag","embeddable":true,"href":"https:\/\/www.organisator.ch\/de\/wp-json\/wp\/v2\/tags?post=25854"}],"curies":[{"name":"wp","href":"https:\/\/api.w.org\/{rel}","templated":true}]}}