{"id":2591,"date":"2017-10-24T08:12:42","date_gmt":"2017-10-24T06:12:42","guid":{"rendered":"https:\/\/www.organisator.ch\/?p=2591"},"modified":"2017-10-24T08:12:42","modified_gmt":"2017-10-24T06:12:42","slug":"michael-fahrni-wird-neuer-geschaeftsfuehrer-des-swiss-venture-club","status":"publish","type":"post","link":"https:\/\/www.organisator.ch\/de\/allgemein\/2017-10-24\/michael-fahrni-wird-neuer-geschaeftsfuehrer-des-swiss-venture-club\/","title":{"rendered":"Michael Fahrni wird neuer Gesch\u00e4ftsf\u00fchrer des Swiss Venture Club"},"content":{"rendered":"<figure id=\"attachment_2592\" aria-describedby=\"caption-attachment-2592\" style=\"width: 473px\" class=\"wp-caption alignnone\"><img loading=\"lazy\" decoding=\"async\" class=\"size-full wp-image-2592\" src=\"https:\/\/www.organisator.ch\/wp-content\/uploads\/2017\/10\/Michael-Fahrni-wird-neuer-Geschaeftsfuehrer-des-Swiss-Venture-Club_Organisator.jpg\" alt=\"\" width=\"473\" height=\"496\" srcset=\"https:\/\/www.organisator.ch\/wp-content\/uploads\/2017\/10\/Michael-Fahrni-wird-neuer-Geschaeftsfuehrer-des-Swiss-Venture-Club_Organisator.jpg 473w, https:\/\/www.organisator.ch\/wp-content\/uploads\/2017\/10\/Michael-Fahrni-wird-neuer-Geschaeftsfuehrer-des-Swiss-Venture-Club_Organisator-11x12.jpg 11w, https:\/\/www.organisator.ch\/wp-content\/uploads\/2017\/10\/Michael-Fahrni-wird-neuer-Geschaeftsfuehrer-des-Swiss-Venture-Club_Organisator-167x175.jpg 167w, https:\/\/www.organisator.ch\/wp-content\/uploads\/2017\/10\/Michael-Fahrni-wird-neuer-Geschaeftsfuehrer-des-Swiss-Venture-Club_Organisator-334x350.jpg 334w, https:\/\/www.organisator.ch\/wp-content\/uploads\/2017\/10\/Michael-Fahrni-wird-neuer-Geschaeftsfuehrer-des-Swiss-Venture-Club_Organisator-300x315.jpg 300w\" sizes=\"auto, (max-width: 473px) 100vw, 473px\" \/><figcaption id=\"caption-attachment-2592\" class=\"wp-caption-text\">Michael Fahrni, der designierte neue Gesch\u00e4ftsf\u00fchrer des Swiss Venture Club. (Bild: SVC)<\/figcaption><\/figure>\n<p>Mit Michael Fahrni \u00fcbernimmt ab 2. April 2018 ein ausgewiesener Betriebswirtschafter mit langj\u00e4hriger F\u00fchrungserfahrung die Leitung des Swiss Venture Club. Michael Fahrni ist nicht nur bestens in der Schweizer KMU-Szene verankert, sondern engagiert sich bereits seit sechs Jahren f\u00fcr den SVC in der Region Zentralschweiz: von 2011 bis 2016 als Regionenleiter, seit 2012 als Jury-Mitglied sowie seit 2014 als OK-Pr\u00e4sident des regionalen Prix SVC. Beruflich war er w\u00e4hrend vielen Jahren im Firmenkundengesch\u00e4ft der Credit Suisse t\u00e4tig, baute f\u00fcr die Grossbank einzelne, neue Gesch\u00e4ftsbereiche auf und leitete verschiedene Teams im Bereich der Firmenkundenbetreuung. SVC Pr\u00e4sident Andreas Gerber freut sich auf die Zusammen\u00adarbeit: \u00abMit Michael Fahrni konnten wir unseren Wunschkandidaten gewinnen. Er bringt alle Eigenschaften mit, um den Stellenwert des SVC langfristig hoch zu halten und um die Zukunft des Vereins aktiv mitzugestalten.\u00bb<\/p>\n<h2>Abschied nach 16 erfolgreichen Jahren<\/h2>\n<p>Mit Gesch\u00e4ftsf\u00fchrerin Sabine Herren verl\u00e4sst eine Person den SVC, die seit der Gr\u00fcndung entscheidend zum Erfolg des SVC beigetragen hat. W\u00e4hrend sie zuerst haupts\u00e4chlich f\u00fcr die Prix SVC Veranstaltungen zust\u00e4ndig war, trieb sie seit 2012 auch als Gesch\u00e4ftsf\u00fchrerin die Professionalisierung und das Wachstum des SVC unerm\u00fcdlich voran, sodass sich der Verein zu einem der wichtigsten Unternehmer-Netzwerke der Schweiz entwickeln konnte.<\/p>\n<figure id=\"attachment_2593\" aria-describedby=\"caption-attachment-2593\" style=\"width: 379px\" class=\"wp-caption alignnone\"><img loading=\"lazy\" decoding=\"async\" class=\"size-full wp-image-2593\" src=\"https:\/\/www.organisator.ch\/wp-content\/uploads\/2017\/10\/Michael-Fahrni-wird-neuer-Geschaeftsfuehrer-des-Swiss-Venture-Club-2_Organisator.jpg\" alt=\"\" width=\"379\" height=\"291\" srcset=\"https:\/\/www.organisator.ch\/wp-content\/uploads\/2017\/10\/Michael-Fahrni-wird-neuer-Geschaeftsfuehrer-des-Swiss-Venture-Club-2_Organisator.jpg 379w, https:\/\/www.organisator.ch\/wp-content\/uploads\/2017\/10\/Michael-Fahrni-wird-neuer-Geschaeftsfuehrer-des-Swiss-Venture-Club-2_Organisator-16x12.jpg 16w, https:\/\/www.organisator.ch\/wp-content\/uploads\/2017\/10\/Michael-Fahrni-wird-neuer-Geschaeftsfuehrer-des-Swiss-Venture-Club-2_Organisator-228x175.jpg 228w, https:\/\/www.organisator.ch\/wp-content\/uploads\/2017\/10\/Michael-Fahrni-wird-neuer-Geschaeftsfuehrer-des-Swiss-Venture-Club-2_Organisator-300x230.jpg 300w\" sizes=\"auto, (max-width: 379px) 100vw, 379px\" \/><figcaption id=\"caption-attachment-2593\" class=\"wp-caption-text\">\u00dcbernimmt eine neue Herausforderung: Sabine Herren. (Bild: SVC)<\/figcaption><\/figure>\n<p>Sabine Herren hat sich nun entschieden, als COO und Gesch\u00e4ftsleitungsmitglied der Bernapark AG in Deisswil (<a href=\"http:\/\/www.bernapark.ch\/\">www.bernapark.ch<\/a>) eine neue Herausforderung anzunehmen. In dieser Funktion wird sie daf\u00fcr mitverantwortlich sein, auf dem Areal der ehemaligen Kartonfabrik Deisswil ein neues, attraktives Wohn- und Arbeitsquartier zu entwickeln. Andreas Gerber bedauert ihren Weggang: \u00abIm Namen des gesamten Vereins danke ich Sabine Herren herzlich f\u00fcr ihren langj\u00e4hrigen, ausserordentlich grossen Einsatz f\u00fcr den SVC und w\u00fcnsche ihr f\u00fcr die Zukunft viel Erfolg und alles Gute.\u00bb<\/p>\n<h2>Amts\u00fcbergabe an Michael Fahrni mit dem Wechsel des Gesch\u00e4ftsjahres<\/h2>\n<p>Herren wird die Gesch\u00e4fte noch bis 31. M\u00e4rz 2018 f\u00fchren und den Verein zum Ende des Gesch\u00e4ftsjahres \u00fcbergeben. Damit ein nahtloser \u00dcbergang gew\u00e4hrleistet ist, wird sich Fahrni bereits vorher mit einzelnen seiner zuk\u00fcnftigen Aufgabenstellungen auseinandersetzen und\u00a0sich einarbeiten. Michael\u00a0Fahrni freut sich auf die neue Arbeit, die ihn zur\u00fcck in seine Berner Heimat f\u00fchrt: \u00abDer SVC ist ein \u00e4usserst spannender und aktiver Verein, der eine unglaublich erfolgreiche Entwicklung hinter sich hat\u00bb, erkl\u00e4rt er. \u00abEs wird eine tolle Herausforderung sein, den SVC in die Zukunft zu f\u00fchren und ihn gemeinsam mit dem SVC Team weiterzuent\u00adwickeln.\u00bb<\/p>\n<p><a href=\"http:\/\/www.swiss-venture-club.ch\"><em>Swiss Venture Club<\/em><\/a><\/p>\n","protected":false},"excerpt":{"rendered":"<p>Mit Michael Fahrni \u00fcbernimmt ab 2. April 2018 ein ausgewiesener Betriebswirtschafter mit langj\u00e4hriger F\u00fchrungserfahrung die Leitung des Swiss Venture Club. Michael Fahrni ist nicht nur bestens in der Schweizer KMU-Szene verankert, sondern engagiert sich bereits seit sechs Jahren f\u00fcr den SVC in der Region Zentralschweiz: von 2011 bis 2016 als Regionenleiter, seit 2012 als Jury-Mitglied [&hellip;]<\/p>\n","protected":false},"author":4,"featured_media":2592,"comment_status":"open","ping_status":"open","sticky":false,"template":"","format":"standard","meta":{"_acf_changed":false,"_yoast_wpseo_focuskw":"Michael Fahrni","_yoast_wpseo_metadesc":"Per 2. April 2018 wird der ehemalige SVC Regionenleiter Zentralschweiz, Michael Fahrni, neuer Gesch\u00e4ftsf\u00fchrer des Swiss Venture Club (SVC).","articlekey":"","footnotes":""},"categories":[1],"tags":[381,503,504],"class_list":["post-2591","post","type-post","status-publish","format-standard","has-post-thumbnail","hentry","category-allgemein","tag-personalia","tag-verbaende","tag-vereine"],"acf":[],"yoast_head":"<!-- This site is optimized with the Yoast SEO plugin v27.4 - https:\/\/yoast.com\/product\/yoast-seo-wordpress\/ -->\n<title>Michael Fahrni wird neuer Gesch\u00e4ftsf\u00fchrer des Swiss Venture Club - Organisator<\/title>\n<meta name=\"description\" content=\"Per 2. April 2018 wird der ehemalige SVC Regionenleiter Zentralschweiz, Michael Fahrni, neuer Gesch\u00e4ftsf\u00fchrer des Swiss Venture Club (SVC).\" \/>\n<meta name=\"robots\" content=\"index, follow, max-snippet:-1, max-image-preview:large, max-video-preview:-1\" \/>\n<link rel=\"canonical\" href=\"https:\/\/www.organisator.ch\/de\/allgemein\/2017-10-24\/michael-fahrni-wird-neuer-geschaeftsfuehrer-des-swiss-venture-club\/\" \/>\n<meta property=\"og:locale\" content=\"de_DE\" \/>\n<meta property=\"og:type\" content=\"article\" \/>\n<meta property=\"og:title\" content=\"Michael Fahrni wird neuer Gesch\u00e4ftsf\u00fchrer des Swiss Venture Club\" \/>\n<meta property=\"og:description\" content=\"Per 2. April 2018 wird Michael #Fahrni neuer Gesch\u00e4ftsf\u00fchrer des Swiss Venture Club (#SVC). Als ehemaliger SVC Regionenleiter Zentralschweiz kennt er den Verein seit Jahren von Grund auf.\" \/>\n<meta property=\"og:url\" content=\"https:\/\/www.organisator.ch\/de\/allgemein\/2017-10-24\/michael-fahrni-wird-neuer-geschaeftsfuehrer-des-swiss-venture-club\/\" \/>\n<meta property=\"og:site_name\" content=\"Organisator\" \/>\n<meta property=\"article:publisher\" content=\"https:\/\/www.facebook.com\/OrganisatorFachmagazin\" \/>\n<meta property=\"article:published_time\" content=\"2017-10-24T06:12:42+00:00\" \/>\n<meta property=\"og:image\" content=\"https:\/\/www.organisator.ch\/wp-content\/uploads\/2017\/10\/Michael-Fahrni-wird-neuer-Geschaeftsfuehrer-des-Swiss-Venture-Club_Organisator.jpg\" \/>\n\t<meta property=\"og:image:width\" content=\"473\" \/>\n\t<meta property=\"og:image:height\" content=\"496\" \/>\n\t<meta property=\"og:image:type\" content=\"image\/jpeg\" \/>\n<meta name=\"author\" content=\"thomas.berner\" \/>\n<meta name=\"twitter:card\" content=\"summary_large_image\" \/>\n<meta name=\"twitter:title\" content=\"Michael #Fahrni wird neuer Gesch\u00e4ftsf\u00fchrer des #SwissVentureClub\" \/>\n<meta name=\"twitter:description\" content=\"Per 2. April 2018 wird Michael #Fahrni neuer Gesch\u00e4ftsf\u00fchrer des Swiss Venture Club (#SVC). Als ehemaliger SVC Regionenleiter Zentralschweiz kennt er den Verein seit Jahren von Grund auf.\" \/>\n<meta name=\"twitter:image\" content=\"https:\/\/www.organisator.ch\/wp-content\/uploads\/2017\/10\/Michael-Fahrni-wird-neuer-Gesch\u00e4ftsf\u00fchrer-des-Swiss-Venture-Club_Organisator.jpg\" \/>\n<script type=\"application\/ld+json\" class=\"yoast-schema-graph\">{\"@context\":\"https:\\\/\\\/schema.org\",\"@graph\":[{\"@type\":\"Article\",\"@id\":\"https:\\\/\\\/www.organisator.ch\\\/de\\\/allgemein\\\/2017-10-24\\\/michael-fahrni-wird-neuer-geschaeftsfuehrer-des-swiss-venture-club\\\/#article\",\"isPartOf\":{\"@id\":\"https:\\\/\\\/www.organisator.ch\\\/de\\\/allgemein\\\/2017-10-24\\\/michael-fahrni-wird-neuer-geschaeftsfuehrer-des-swiss-venture-club\\\/\"},\"author\":{\"name\":\"thomas.berner\",\"@id\":\"https:\\\/\\\/www.organisator.ch\\\/#\\\/schema\\\/person\\\/6f650f90b2842cd4c0cc334b4e36f67e\"},\"headline\":\"Michael Fahrni wird neuer Gesch\u00e4ftsf\u00fchrer des Swiss Venture Club\",\"datePublished\":\"2017-10-24T06:12:42+00:00\",\"mainEntityOfPage\":{\"@id\":\"https:\\\/\\\/www.organisator.ch\\\/de\\\/allgemein\\\/2017-10-24\\\/michael-fahrni-wird-neuer-geschaeftsfuehrer-des-swiss-venture-club\\\/\"},\"wordCount\":461,\"commentCount\":0,\"publisher\":{\"@id\":\"https:\\\/\\\/www.organisator.ch\\\/#organization\"},\"image\":{\"@id\":\"https:\\\/\\\/www.organisator.ch\\\/de\\\/allgemein\\\/2017-10-24\\\/michael-fahrni-wird-neuer-geschaeftsfuehrer-des-swiss-venture-club\\\/#primaryimage\"},\"thumbnailUrl\":\"https:\\\/\\\/www.organisator.ch\\\/wp-content\\\/uploads\\\/2017\\\/10\\\/Michael-Fahrni-wird-neuer-Geschaeftsfuehrer-des-Swiss-Venture-Club_Organisator.jpg\",\"keywords\":[\"Personalia\",\"Verb\u00e4nde\",\"Vereine\"],\"inLanguage\":\"de\"},{\"@type\":\"WebPage\",\"@id\":\"https:\\\/\\\/www.organisator.ch\\\/de\\\/allgemein\\\/2017-10-24\\\/michael-fahrni-wird-neuer-geschaeftsfuehrer-des-swiss-venture-club\\\/\",\"url\":\"https:\\\/\\\/www.organisator.ch\\\/de\\\/allgemein\\\/2017-10-24\\\/michael-fahrni-wird-neuer-geschaeftsfuehrer-des-swiss-venture-club\\\/\",\"name\":\"Michael Fahrni wird neuer Gesch\u00e4ftsf\u00fchrer des Swiss Venture Club - Organisator\",\"isPartOf\":{\"@id\":\"https:\\\/\\\/www.organisator.ch\\\/#website\"},\"primaryImageOfPage\":{\"@id\":\"https:\\\/\\\/www.organisator.ch\\\/de\\\/allgemein\\\/2017-10-24\\\/michael-fahrni-wird-neuer-geschaeftsfuehrer-des-swiss-venture-club\\\/#primaryimage\"},\"image\":{\"@id\":\"https:\\\/\\\/www.organisator.ch\\\/de\\\/allgemein\\\/2017-10-24\\\/michael-fahrni-wird-neuer-geschaeftsfuehrer-des-swiss-venture-club\\\/#primaryimage\"},\"thumbnailUrl\":\"https:\\\/\\\/www.organisator.ch\\\/wp-content\\\/uploads\\\/2017\\\/10\\\/Michael-Fahrni-wird-neuer-Geschaeftsfuehrer-des-Swiss-Venture-Club_Organisator.jpg\",\"datePublished\":\"2017-10-24T06:12:42+00:00\",\"description\":\"Per 2. April 2018 wird der ehemalige SVC Regionenleiter Zentralschweiz, Michael Fahrni, neuer Gesch\u00e4ftsf\u00fchrer des Swiss Venture Club (SVC).\",\"breadcrumb\":{\"@id\":\"https:\\\/\\\/www.organisator.ch\\\/de\\\/allgemein\\\/2017-10-24\\\/michael-fahrni-wird-neuer-geschaeftsfuehrer-des-swiss-venture-club\\\/#breadcrumb\"},\"inLanguage\":\"de\",\"potentialAction\":[{\"@type\":\"ReadAction\",\"target\":[\"https:\\\/\\\/www.organisator.ch\\\/de\\\/allgemein\\\/2017-10-24\\\/michael-fahrni-wird-neuer-geschaeftsfuehrer-des-swiss-venture-club\\\/\"]}]},{\"@type\":\"ImageObject\",\"inLanguage\":\"de\",\"@id\":\"https:\\\/\\\/www.organisator.ch\\\/de\\\/allgemein\\\/2017-10-24\\\/michael-fahrni-wird-neuer-geschaeftsfuehrer-des-swiss-venture-club\\\/#primaryimage\",\"url\":\"https:\\\/\\\/www.organisator.ch\\\/wp-content\\\/uploads\\\/2017\\\/10\\\/Michael-Fahrni-wird-neuer-Geschaeftsfuehrer-des-Swiss-Venture-Club_Organisator.jpg\",\"contentUrl\":\"https:\\\/\\\/www.organisator.ch\\\/wp-content\\\/uploads\\\/2017\\\/10\\\/Michael-Fahrni-wird-neuer-Geschaeftsfuehrer-des-Swiss-Venture-Club_Organisator.jpg\",\"width\":473,\"height\":496,\"caption\":\"Michael Fahrni, der designierte neue Gesch\u00e4ftsf\u00fchrer des Swiss Venture Club. (Bild: SVC)\"},{\"@type\":\"BreadcrumbList\",\"@id\":\"https:\\\/\\\/www.organisator.ch\\\/de\\\/allgemein\\\/2017-10-24\\\/michael-fahrni-wird-neuer-geschaeftsfuehrer-des-swiss-venture-club\\\/#breadcrumb\",\"itemListElement\":[{\"@type\":\"ListItem\",\"position\":1,\"name\":\"Home\",\"item\":\"https:\\\/\\\/www.organisator.ch\\\/\"},{\"@type\":\"ListItem\",\"position\":2,\"name\":\"Michael Fahrni wird neuer Gesch\u00e4ftsf\u00fchrer des Swiss Venture Club\"}]},{\"@type\":\"WebSite\",\"@id\":\"https:\\\/\\\/www.organisator.ch\\\/#website\",\"url\":\"https:\\\/\\\/www.organisator.ch\\\/\",\"name\":\"Organisator\",\"description\":\"Kompetent. Praxisnah. Der ORGANISATOR bereitet in 10 Ausgaben pro Jahr die wesentlichen Themen f\u00fcr F\u00fchrungskr\u00e4fte von KMU auf.\",\"publisher\":{\"@id\":\"https:\\\/\\\/www.organisator.ch\\\/#organization\"},\"potentialAction\":[{\"@type\":\"SearchAction\",\"target\":{\"@type\":\"EntryPoint\",\"urlTemplate\":\"https:\\\/\\\/www.organisator.ch\\\/?s={search_term_string}\"},\"query-input\":{\"@type\":\"PropertyValueSpecification\",\"valueRequired\":true,\"valueName\":\"search_term_string\"}}],\"inLanguage\":\"de\"},{\"@type\":\"Organization\",\"@id\":\"https:\\\/\\\/www.organisator.ch\\\/#organization\",\"name\":\"Organisator\",\"url\":\"https:\\\/\\\/www.organisator.ch\\\/\",\"logo\":{\"@type\":\"ImageObject\",\"inLanguage\":\"de\",\"@id\":\"https:\\\/\\\/www.organisator.ch\\\/#\\\/schema\\\/logo\\\/image\\\/\",\"url\":\"https:\\\/\\\/www.organisator.ch\\\/wp-content\\\/uploads\\\/2022\\\/01\\\/Logo_Organisator_Website.png\",\"contentUrl\":\"https:\\\/\\\/www.organisator.ch\\\/wp-content\\\/uploads\\\/2022\\\/01\\\/Logo_Organisator_Website.png\",\"width\":800,\"height\":77,\"caption\":\"Organisator\"},\"image\":{\"@id\":\"https:\\\/\\\/www.organisator.ch\\\/#\\\/schema\\\/logo\\\/image\\\/\"},\"sameAs\":[\"https:\\\/\\\/www.facebook.com\\\/OrganisatorFachmagazin\",\"https:\\\/\\\/www.linkedin.com\\\/showcase\\\/organisator-das-magazin-fr-kmu\",\"https:\\\/\\\/www.xing.com\\\/news\\\/pages\\\/organisator-ch-695\",\"https:\\\/\\\/www.youtube.com\\\/channel\\\/UCGP2Sq0iWaZwT3BdIAQFYpw\"]},{\"@type\":\"Person\",\"@id\":\"https:\\\/\\\/www.organisator.ch\\\/#\\\/schema\\\/person\\\/6f650f90b2842cd4c0cc334b4e36f67e\",\"name\":\"thomas.berner\",\"image\":{\"@type\":\"ImageObject\",\"inLanguage\":\"de\",\"@id\":\"https:\\\/\\\/secure.gravatar.com\\\/avatar\\\/ac5001d2a36cb6c6cd3e50789007ffca834b477b74a2144564522e944eabff61?s=96&d=mm&r=g\",\"url\":\"https:\\\/\\\/secure.gravatar.com\\\/avatar\\\/ac5001d2a36cb6c6cd3e50789007ffca834b477b74a2144564522e944eabff61?s=96&d=mm&r=g\",\"contentUrl\":\"https:\\\/\\\/secure.gravatar.com\\\/avatar\\\/ac5001d2a36cb6c6cd3e50789007ffca834b477b74a2144564522e944eabff61?s=96&d=mm&r=g\",\"caption\":\"thomas.berner\"},\"url\":\"https:\\\/\\\/www.organisator.ch\\\/de\\\/author\\\/thomas-berner\\\/\"}]}<\/script>\n<!-- \/ Yoast SEO plugin. -->","yoast_head_json":{"title":"Michael Fahrni wird neuer Gesch\u00e4ftsf\u00fchrer des Swiss Venture Club - Organisator","description":"Per 2. April 2018 wird der ehemalige SVC Regionenleiter Zentralschweiz, Michael Fahrni, neuer Gesch\u00e4ftsf\u00fchrer des Swiss Venture Club (SVC).","robots":{"index":"index","follow":"follow","max-snippet":"max-snippet:-1","max-image-preview":"max-image-preview:large","max-video-preview":"max-video-preview:-1"},"canonical":"https:\/\/www.organisator.ch\/de\/allgemein\/2017-10-24\/michael-fahrni-wird-neuer-geschaeftsfuehrer-des-swiss-venture-club\/","og_locale":"de_DE","og_type":"article","og_title":"Michael Fahrni wird neuer Gesch\u00e4ftsf\u00fchrer des Swiss Venture Club","og_description":"Per 2. April 2018 wird Michael #Fahrni neuer Gesch\u00e4ftsf\u00fchrer des Swiss Venture Club (#SVC). Als ehemaliger SVC Regionenleiter Zentralschweiz kennt er den Verein seit Jahren von Grund auf.","og_url":"https:\/\/www.organisator.ch\/de\/allgemein\/2017-10-24\/michael-fahrni-wird-neuer-geschaeftsfuehrer-des-swiss-venture-club\/","og_site_name":"Organisator","article_publisher":"https:\/\/www.facebook.com\/OrganisatorFachmagazin","article_published_time":"2017-10-24T06:12:42+00:00","og_image":[{"width":473,"height":496,"url":"https:\/\/www.organisator.ch\/wp-content\/uploads\/2017\/10\/Michael-Fahrni-wird-neuer-Geschaeftsfuehrer-des-Swiss-Venture-Club_Organisator.jpg","type":"image\/jpeg"}],"author":"thomas.berner","twitter_card":"summary_large_image","twitter_title":"Michael #Fahrni wird neuer Gesch\u00e4ftsf\u00fchrer des #SwissVentureClub","twitter_description":"Per 2. April 2018 wird Michael #Fahrni neuer Gesch\u00e4ftsf\u00fchrer des Swiss Venture Club (#SVC). Als ehemaliger SVC Regionenleiter Zentralschweiz kennt er den Verein seit Jahren von Grund auf.","twitter_image":"https:\/\/www.organisator.ch\/wp-content\/uploads\/2017\/10\/Michael-Fahrni-wird-neuer-Gesch\u00e4ftsf\u00fchrer-des-Swiss-Venture-Club_Organisator.jpg","schema":{"@context":"https:\/\/schema.org","@graph":[{"@type":"Article","@id":"https:\/\/www.organisator.ch\/de\/allgemein\/2017-10-24\/michael-fahrni-wird-neuer-geschaeftsfuehrer-des-swiss-venture-club\/#article","isPartOf":{"@id":"https:\/\/www.organisator.ch\/de\/allgemein\/2017-10-24\/michael-fahrni-wird-neuer-geschaeftsfuehrer-des-swiss-venture-club\/"},"author":{"name":"thomas.berner","@id":"https:\/\/www.organisator.ch\/#\/schema\/person\/6f650f90b2842cd4c0cc334b4e36f67e"},"headline":"Michael Fahrni wird neuer Gesch\u00e4ftsf\u00fchrer des Swiss Venture Club","datePublished":"2017-10-24T06:12:42+00:00","mainEntityOfPage":{"@id":"https:\/\/www.organisator.ch\/de\/allgemein\/2017-10-24\/michael-fahrni-wird-neuer-geschaeftsfuehrer-des-swiss-venture-club\/"},"wordCount":461,"commentCount":0,"publisher":{"@id":"https:\/\/www.organisator.ch\/#organization"},"image":{"@id":"https:\/\/www.organisator.ch\/de\/allgemein\/2017-10-24\/michael-fahrni-wird-neuer-geschaeftsfuehrer-des-swiss-venture-club\/#primaryimage"},"thumbnailUrl":"https:\/\/www.organisator.ch\/wp-content\/uploads\/2017\/10\/Michael-Fahrni-wird-neuer-Geschaeftsfuehrer-des-Swiss-Venture-Club_Organisator.jpg","keywords":["Personalia","Verb\u00e4nde","Vereine"],"inLanguage":"de"},{"@type":"WebPage","@id":"https:\/\/www.organisator.ch\/de\/allgemein\/2017-10-24\/michael-fahrni-wird-neuer-geschaeftsfuehrer-des-swiss-venture-club\/","url":"https:\/\/www.organisator.ch\/de\/allgemein\/2017-10-24\/michael-fahrni-wird-neuer-geschaeftsfuehrer-des-swiss-venture-club\/","name":"Michael Fahrni wird neuer Gesch\u00e4ftsf\u00fchrer des Swiss Venture Club - Organisator","isPartOf":{"@id":"https:\/\/www.organisator.ch\/#website"},"primaryImageOfPage":{"@id":"https:\/\/www.organisator.ch\/de\/allgemein\/2017-10-24\/michael-fahrni-wird-neuer-geschaeftsfuehrer-des-swiss-venture-club\/#primaryimage"},"image":{"@id":"https:\/\/www.organisator.ch\/de\/allgemein\/2017-10-24\/michael-fahrni-wird-neuer-geschaeftsfuehrer-des-swiss-venture-club\/#primaryimage"},"thumbnailUrl":"https:\/\/www.organisator.ch\/wp-content\/uploads\/2017\/10\/Michael-Fahrni-wird-neuer-Geschaeftsfuehrer-des-Swiss-Venture-Club_Organisator.jpg","datePublished":"2017-10-24T06:12:42+00:00","description":"Per 2. April 2018 wird der ehemalige SVC Regionenleiter Zentralschweiz, Michael Fahrni, neuer Gesch\u00e4ftsf\u00fchrer des Swiss Venture Club (SVC).","breadcrumb":{"@id":"https:\/\/www.organisator.ch\/de\/allgemein\/2017-10-24\/michael-fahrni-wird-neuer-geschaeftsfuehrer-des-swiss-venture-club\/#breadcrumb"},"inLanguage":"de","potentialAction":[{"@type":"ReadAction","target":["https:\/\/www.organisator.ch\/de\/allgemein\/2017-10-24\/michael-fahrni-wird-neuer-geschaeftsfuehrer-des-swiss-venture-club\/"]}]},{"@type":"ImageObject","inLanguage":"de","@id":"https:\/\/www.organisator.ch\/de\/allgemein\/2017-10-24\/michael-fahrni-wird-neuer-geschaeftsfuehrer-des-swiss-venture-club\/#primaryimage","url":"https:\/\/www.organisator.ch\/wp-content\/uploads\/2017\/10\/Michael-Fahrni-wird-neuer-Geschaeftsfuehrer-des-Swiss-Venture-Club_Organisator.jpg","contentUrl":"https:\/\/www.organisator.ch\/wp-content\/uploads\/2017\/10\/Michael-Fahrni-wird-neuer-Geschaeftsfuehrer-des-Swiss-Venture-Club_Organisator.jpg","width":473,"height":496,"caption":"Michael Fahrni, der designierte neue Gesch\u00e4ftsf\u00fchrer des Swiss Venture Club. (Bild: SVC)"},{"@type":"BreadcrumbList","@id":"https:\/\/www.organisator.ch\/de\/allgemein\/2017-10-24\/michael-fahrni-wird-neuer-geschaeftsfuehrer-des-swiss-venture-club\/#breadcrumb","itemListElement":[{"@type":"ListItem","position":1,"name":"Home","item":"https:\/\/www.organisator.ch\/"},{"@type":"ListItem","position":2,"name":"Michael Fahrni wird neuer Gesch\u00e4ftsf\u00fchrer des Swiss Venture Club"}]},{"@type":"WebSite","@id":"https:\/\/www.organisator.ch\/#website","url":"https:\/\/www.organisator.ch\/","name":"Organisator","description":"Kompetent. Praxisnah. Der ORGANISATOR bereitet in 10 Ausgaben pro Jahr die wesentlichen Themen f\u00fcr F\u00fchrungskr\u00e4fte von KMU auf.","publisher":{"@id":"https:\/\/www.organisator.ch\/#organization"},"potentialAction":[{"@type":"SearchAction","target":{"@type":"EntryPoint","urlTemplate":"https:\/\/www.organisator.ch\/?s={search_term_string}"},"query-input":{"@type":"PropertyValueSpecification","valueRequired":true,"valueName":"search_term_string"}}],"inLanguage":"de"},{"@type":"Organization","@id":"https:\/\/www.organisator.ch\/#organization","name":"Organisator","url":"https:\/\/www.organisator.ch\/","logo":{"@type":"ImageObject","inLanguage":"de","@id":"https:\/\/www.organisator.ch\/#\/schema\/logo\/image\/","url":"https:\/\/www.organisator.ch\/wp-content\/uploads\/2022\/01\/Logo_Organisator_Website.png","contentUrl":"https:\/\/www.organisator.ch\/wp-content\/uploads\/2022\/01\/Logo_Organisator_Website.png","width":800,"height":77,"caption":"Organisator"},"image":{"@id":"https:\/\/www.organisator.ch\/#\/schema\/logo\/image\/"},"sameAs":["https:\/\/www.facebook.com\/OrganisatorFachmagazin","https:\/\/www.linkedin.com\/showcase\/organisator-das-magazin-fr-kmu","https:\/\/www.xing.com\/news\/pages\/organisator-ch-695","https:\/\/www.youtube.com\/channel\/UCGP2Sq0iWaZwT3BdIAQFYpw"]},{"@type":"Person","@id":"https:\/\/www.organisator.ch\/#\/schema\/person\/6f650f90b2842cd4c0cc334b4e36f67e","name":"thomas.berner","image":{"@type":"ImageObject","inLanguage":"de","@id":"https:\/\/secure.gravatar.com\/avatar\/ac5001d2a36cb6c6cd3e50789007ffca834b477b74a2144564522e944eabff61?s=96&d=mm&r=g","url":"https:\/\/secure.gravatar.com\/avatar\/ac5001d2a36cb6c6cd3e50789007ffca834b477b74a2144564522e944eabff61?s=96&d=mm&r=g","contentUrl":"https:\/\/secure.gravatar.com\/avatar\/ac5001d2a36cb6c6cd3e50789007ffca834b477b74a2144564522e944eabff61?s=96&d=mm&r=g","caption":"thomas.berner"},"url":"https:\/\/www.organisator.ch\/de\/author\/thomas-berner\/"}]}},"_links":{"self":[{"href":"https:\/\/www.organisator.ch\/de\/wp-json\/wp\/v2\/posts\/2591","targetHints":{"allow":["GET"]}}],"collection":[{"href":"https:\/\/www.organisator.ch\/de\/wp-json\/wp\/v2\/posts"}],"about":[{"href":"https:\/\/www.organisator.ch\/de\/wp-json\/wp\/v2\/types\/post"}],"author":[{"embeddable":true,"href":"https:\/\/www.organisator.ch\/de\/wp-json\/wp\/v2\/users\/4"}],"replies":[{"embeddable":true,"href":"https:\/\/www.organisator.ch\/de\/wp-json\/wp\/v2\/comments?post=2591"}],"version-history":[{"count":0,"href":"https:\/\/www.organisator.ch\/de\/wp-json\/wp\/v2\/posts\/2591\/revisions"}],"wp:featuredmedia":[{"embeddable":true,"href":"https:\/\/www.organisator.ch\/de\/wp-json\/wp\/v2\/media\/2592"}],"wp:attachment":[{"href":"https:\/\/www.organisator.ch\/de\/wp-json\/wp\/v2\/media?parent=2591"}],"wp:term":[{"taxonomy":"category","embeddable":true,"href":"https:\/\/www.organisator.ch\/de\/wp-json\/wp\/v2\/categories?post=2591"},{"taxonomy":"post_tag","embeddable":true,"href":"https:\/\/www.organisator.ch\/de\/wp-json\/wp\/v2\/tags?post=2591"}],"curies":[{"name":"wp","href":"https:\/\/api.w.org\/{rel}","templated":true}]}}