{"id":2595,"date":"2017-10-24T13:42:28","date_gmt":"2017-10-24T11:42:28","guid":{"rendered":"https:\/\/www.organisator.ch\/?p=2595"},"modified":"2017-10-24T13:42:28","modified_gmt":"2017-10-24T11:42:28","slug":"online-handel-der-kmus-mehr-details-zu-produkten-und-dienstleistungen-gefragt","status":"publish","type":"post","link":"https:\/\/www.organisator.ch\/de\/marketing\/2017-10-24\/online-handel-der-kmus-mehr-details-zu-produkten-und-dienstleistungen-gefragt\/","title":{"rendered":"Online-Handel der KMUs: Mehr Details zu Produkten und Dienstleistungen gefragt"},"content":{"rendered":"<figure id=\"attachment_2596\" aria-describedby=\"caption-attachment-2596\" style=\"width: 640px\" class=\"wp-caption alignnone\"><img loading=\"lazy\" decoding=\"async\" class=\"size-full wp-image-2596\" src=\"https:\/\/www.organisator.ch\/wp-content\/uploads\/2017\/10\/Online-Handel-der-KMUs-Mehr-Details-zu-Produkten-und-Dienstleistungen-gefragt-1_Organisator.png\" alt=\"\" width=\"640\" height=\"427\" srcset=\"https:\/\/www.organisator.ch\/wp-content\/uploads\/2017\/10\/Online-Handel-der-KMUs-Mehr-Details-zu-Produkten-und-Dienstleistungen-gefragt-1_Organisator.png 640w, https:\/\/www.organisator.ch\/wp-content\/uploads\/2017\/10\/Online-Handel-der-KMUs-Mehr-Details-zu-Produkten-und-Dienstleistungen-gefragt-1_Organisator-16x12.png 16w, https:\/\/www.organisator.ch\/wp-content\/uploads\/2017\/10\/Online-Handel-der-KMUs-Mehr-Details-zu-Produkten-und-Dienstleistungen-gefragt-1_Organisator-262x175.png 262w, https:\/\/www.organisator.ch\/wp-content\/uploads\/2017\/10\/Online-Handel-der-KMUs-Mehr-Details-zu-Produkten-und-Dienstleistungen-gefragt-1_Organisator-525x350.png 525w, https:\/\/www.organisator.ch\/wp-content\/uploads\/2017\/10\/Online-Handel-der-KMUs-Mehr-Details-zu-Produkten-und-Dienstleistungen-gefragt-1_Organisator-300x200.png 300w\" sizes=\"auto, (max-width: 640px) 100vw, 640px\" \/><figcaption id=\"caption-attachment-2596\" class=\"wp-caption-text\">Online-Handel: Viele Gr\u00fcnde sprechen f\u00fcr die Nutzung von Plattformen und Marktpl\u00e4tzen.<\/figcaption><\/figure>\n<p>Der Online-Marktplatz \u201eWer liefert was\u201c hat auf den eigenen l\u00e4nderspezifischen Online-Marktpl\u00e4tzen des DACH-Raumes im August und September 1&#8217;313 Eink\u00e4ufer zur Nutzung von Online-Plattformen und -Marktpl\u00e4tzen befragt. Die Ergebnisse zeigen, dass\u00a0Online-Bezugskan\u00e4le f\u00fcr KMUs bald mindestens so wichtig sind wie der pers\u00f6nliche Kontakt zwischen Handelsvertretern. So gaben 53,4 Prozent der Befragten an, dass sie als Bezugskanal \u00fcberwiegend Online-Shops nutzen oder auch Online-Marktpl\u00e4tze (45,9 Prozent). Der Direktkontakt wurde nur noch von 59,4 als relevant eingestuft. Messen wurden von einem Anteil von 36,9 Prozent der Eink\u00e4ufer bevorzugt, gefolgt von Branchenverzeichnissen (27,8 Prozent) und eigenen Liefersystemen (11,1 Prozent). Die \u00fcbrigen Bezugsquellen liegen mit 11,9 Prozent deutlich dahinter, wobei Google und pers\u00f6nliche Empfehlungen noch am h\u00e4ufigsten genannt wurden.<\/p>\n<h2>Plattformen und Marktpl\u00e4tze f\u00fcr den Online-Handel werden\u00a0f\u00fcr KMUs zunehmend wichtiger<\/h2>\n<p>\u201eDie Umfrage zeigt, dass Online-Plattformen und -Marktpl\u00e4tzen f\u00fcr die Suche nach Produkten bei den Unternehmen an Bedeutung gewinnen\u201d, erkl\u00e4rt Peter F. Schmid, CEO von \u201eWer liefert was\u201c und Chairman von EUROPAGES. \u201eIn der Tendenz ist der pers\u00f6nliche Kontakt erst relevant, nachdem sich der Eink\u00e4ufer bereits online \u00fcber die m\u00f6glichen Lieferanten informiert hat\u201d, erkl\u00e4rt Schmid. Der Grossteil der Umfrageteilnehmer nutzt Online-Plattformen und -Marktpl\u00e4tze vor allem, um konkrete Produkte zu finden (67,3 Prozent) und neue Lieferanten zu suchen (47,9 Prozent). Lediglich rund ein Drittel der Befragten f\u00fchrt auch Bestellungen durch.<\/p>\n<figure id=\"attachment_2597\" aria-describedby=\"caption-attachment-2597\" style=\"width: 640px\" class=\"wp-caption alignnone\"><img loading=\"lazy\" decoding=\"async\" class=\"size-full wp-image-2597\" src=\"https:\/\/www.organisator.ch\/wp-content\/uploads\/2017\/10\/Online-Handel-der-KMUs-Mehr-Details-zu-Produkten-und-Dienstleistungen-gefragt-2_Organisator.jpg\" alt=\"\" width=\"640\" height=\"427\" srcset=\"https:\/\/www.organisator.ch\/wp-content\/uploads\/2017\/10\/Online-Handel-der-KMUs-Mehr-Details-zu-Produkten-und-Dienstleistungen-gefragt-2_Organisator.jpg 640w, https:\/\/www.organisator.ch\/wp-content\/uploads\/2017\/10\/Online-Handel-der-KMUs-Mehr-Details-zu-Produkten-und-Dienstleistungen-gefragt-2_Organisator-16x12.jpg 16w, https:\/\/www.organisator.ch\/wp-content\/uploads\/2017\/10\/Online-Handel-der-KMUs-Mehr-Details-zu-Produkten-und-Dienstleistungen-gefragt-2_Organisator-262x175.jpg 262w, https:\/\/www.organisator.ch\/wp-content\/uploads\/2017\/10\/Online-Handel-der-KMUs-Mehr-Details-zu-Produkten-und-Dienstleistungen-gefragt-2_Organisator-525x350.jpg 525w, https:\/\/www.organisator.ch\/wp-content\/uploads\/2017\/10\/Online-Handel-der-KMUs-Mehr-Details-zu-Produkten-und-Dienstleistungen-gefragt-2_Organisator-300x200.jpg 300w\" sizes=\"auto, (max-width: 640px) 100vw, 640px\" \/><figcaption id=\"caption-attachment-2597\" class=\"wp-caption-text\">Peter F. Schmid: \u201eEs gibt seitens der Unternehmen einen grossen Aufholbedarf, wenn es darum geht, gen\u00fcgend Detailinformationen online zur Verf\u00fcgung zu stellen.\u201d (Bild: wlw)<\/figcaption><\/figure>\n<h2><strong>Schnelligkeit<\/strong> <strong>als<\/strong> <strong>wichtigster<\/strong> <strong>Nutzungsfaktor<\/strong><\/h2>\n<p>Wichtigster Faktor f\u00fcr die Nutzung von Online-Plattformen und -Marktpl\u00e4tzen ist f\u00fcr 36,3 Prozent der befragten Eink\u00e4ufer, dass sie hier Produkte schnell finden. Mit einigem Abstand folgen die Vergleichbarkeit von Preisen (18,9 Prozent) und Produkten (13,6 Prozent) sowie eine grosse Auswahl an Produkten (16,6 Prozent). \u201eDie Umfrage hat gezeigt, dass Online-Plattformen und -Marktpl\u00e4tze sehr effizient und daher besonders beliebt sind\u201d, sagt Peter F. Schmid. Er ortet im Ergebnis der Umfrage denn auch brachliegendes Potential.<\/p>\n<h2><strong>Mehr<\/strong> <strong>Details<\/strong> <strong>zu<\/strong> <strong>Produkten<\/strong> <strong>und<\/strong> <strong>Dienstleistungen<\/strong> <strong>gefragt<\/strong><\/h2>\n<p>\u201eEs gibt seitens der Unternehmen einen grossen Aufholbedarf, wenn es darum geht, gen\u00fcgend Detailinformationen online zur Verf\u00fcgung zu stellen\u201d, erkl\u00e4rt Peter F. Schmid. Der Grund: Nach den H\u00fcrden bei der Nutzung von Online-Plattformen und -Marktpl\u00e4tzen gefragt, empfanden rund 45,8 Prozent der Teilnehmer das Fehlen detaillierter Produktinformationen als kritisch. Der B2B-Marktplatz \u201eWer liefert was\u201c hat gem\u00e4ss Schmid bereits reagiert. \u201eAuf wlw.ch k\u00f6nnen detaillierte Produktinformationen heute sogar automatisiert und tagesaktuell integriert werden\u201d, sagt er.<\/p>\n<h2><strong>Google<\/strong> <strong>und<\/strong> <strong>Co<\/strong><strong>. <\/strong><strong>bringen<\/strong> <strong>Europa<\/strong> <strong>in<\/strong> <strong>die<\/strong> <strong>Abh\u00e4ngigkeit<\/strong> <strong>der<\/strong> <strong>USA<\/strong><\/h2>\n<p>Insgesamt blicken die Befragten optimistisch in die Zukunft und zeichnen ein positives Bild. Plattformen und Marktpl\u00e4tze werden vor allem als Treiber des eigenen Gesch\u00e4fts gesehen, erm\u00f6glichen sie doch das einfache Erschliessen von neuen Beschaffungsm\u00e4rkten (45,5 Prozent), senken die Kosten im Einkauf (39,2 Prozent) und sind Wachstums-, vor allem aber wichtige Innovationstreiber (41,8 Prozent). Nur 4,6 Prozent der Teilnehmer gaben an, dass es keinerlei \u00c4nderungen geben werde. Bei aller Zuversicht erkennen die Befragten jedoch auch die Dominanz von GAFA an und bef\u00fcrchten, dass Europa zunehmend in die Abh\u00e4ngigkeit gedr\u00e4ngt wird (36,4 Prozent).<\/p>\n<h2><strong>Was<\/strong> <strong>denkt<\/strong> <strong>das<\/strong> <strong>europ\u00e4ische<\/strong> <strong>Ausland<\/strong><strong>?<\/strong><\/h2>\n<p>Die Umfrage\u00a0\u00fcber den\u00a0Online-Handel\u00a0wurde zeitgleich von der europ\u00e4ischen Plattform EUROPAGES durchgef\u00fchrt. Hier haben rund 900 internationale Teilnehmer (\u00fcberwiegend aus Europa) an der Befragung teilgenommen. Insgesamt \u00e4hneln sich die Ergebnisse in allen Bereichen. Die wichtigste Bezugsquelle ist f\u00fcr die Eink\u00e4ufer der Direktkontakt (63 Prozent), gefolgt von Online-Shops (45,6 Prozent) und Marktpl\u00e4tzen (36,9 Prozent). Die Plattformen werden vor allem f\u00fcr die Recherche spezifischer Produkte eingesetzt (57,9 Prozent). Bei den genutzten Plattformen f\u00fcr Online-Handel\u00a0zeigt sich dagegen ein unterschiedliches Bild zum DACH-Raum: Im englischsprachigen Raum ist Alibaba (52,7 Prozent) wesentlich verbreiteter als andere Plattformen. In Frankreich liegt das chinesische Unternehmen auf Platz 2 (37,3 Prozent) \u2013 hinter EUROPAGES (51,1 Prozent). Hauptgrund f\u00fcr die Nutzung ist die schnelle Auffindbarkeit der Produkte (24,6 Prozent), gr\u00f6sste H\u00fcrden sind versteckte Kontaktinformationen (37,6 Prozent) und fehlende oder unvollst\u00e4ndige Produktinformationen (40,1 Prozent). Die Vorteile werden auch hier erkannt: 41,3 Prozent gaben an, dass sich mittels der B2B-Plattformen und Marktpl\u00e4tze neue Beschaffungsma\u0308rkte einfach erschliessen lassen und dass KMU die Kosten im Einkauf senken k\u00f6nnen (35,6 Prozent).<\/p>\n<p><em>Quelle und weitere Informationen: <a href=\"http:\/\/www.wlw.ch\">www.wlw.ch<\/a><\/em><\/p>\n<p>&nbsp;<\/p>\n","protected":false},"excerpt":{"rendered":"<p>Der Online-Marktplatz \u201eWer liefert was\u201c hat auf den eigenen l\u00e4nderspezifischen Online-Marktpl\u00e4tzen des DACH-Raumes im August und September 1&#8217;313 Eink\u00e4ufer zur Nutzung von Online-Plattformen und -Marktpl\u00e4tzen befragt. Die Ergebnisse zeigen, dass\u00a0Online-Bezugskan\u00e4le f\u00fcr KMUs bald mindestens so wichtig sind wie der pers\u00f6nliche Kontakt zwischen Handelsvertretern. So gaben 53,4 Prozent der Befragten an, dass sie als Bezugskanal \u00fcberwiegend [&hellip;]<\/p>\n","protected":false},"author":4,"featured_media":2597,"comment_status":"open","ping_status":"open","sticky":false,"template":"","format":"standard","meta":{"_acf_changed":false,"_yoast_wpseo_focuskw":"Online-Handel","_yoast_wpseo_metadesc":"F\u00fcr Eink\u00e4ufer von KMUs in der Schweiz, Deutschland und \u00d6sterreich Plattformen und Marktpl\u00e4tze f\u00fcr Online-Handel zunehmend wichtiger.","articlekey":"","footnotes":""},"categories":[29],"tags":[339,340,393,459],"class_list":["post-2595","post","type-post","status-publish","format-standard","has-post-thumbnail","hentry","category-marketing","tag-marketing","tag-maerkte","tag-produkte","tag-studie"],"acf":[],"yoast_head":"<!-- This site is optimized with the Yoast SEO plugin v27.4 - https:\/\/yoast.com\/product\/yoast-seo-wordpress\/ -->\n<title>Online-Handel der KMUs: Mehr Details zu Produkten und Dienstleistungen gefragt - Organisator<\/title>\n<meta name=\"description\" content=\"F\u00fcr Eink\u00e4ufer von KMUs in der Schweiz, Deutschland und \u00d6sterreich Plattformen und Marktpl\u00e4tze f\u00fcr Online-Handel zunehmend wichtiger.\" \/>\n<meta name=\"robots\" content=\"index, follow, max-snippet:-1, max-image-preview:large, max-video-preview:-1\" \/>\n<link rel=\"canonical\" href=\"https:\/\/www.organisator.ch\/de\/marketing\/2017-10-24\/online-handel-der-kmus-mehr-details-zu-produkten-und-dienstleistungen-gefragt\/\" \/>\n<meta property=\"og:locale\" content=\"de_DE\" \/>\n<meta property=\"og:type\" content=\"article\" \/>\n<meta property=\"og:title\" content=\"Online-Handel der KMUs: Mehr Details zu Produkten und Dienstleistungen gefragt\" \/>\n<meta property=\"og:description\" content=\"F\u00fcr #Eink\u00e4ufer von KMUs in der Schweiz, Deutschland und \u00d6sterreich Plattformen und Marktpl\u00e4tze f\u00fcr #Online-Handel zunehmend wichtiger.\" \/>\n<meta property=\"og:url\" content=\"https:\/\/www.organisator.ch\/de\/marketing\/2017-10-24\/online-handel-der-kmus-mehr-details-zu-produkten-und-dienstleistungen-gefragt\/\" \/>\n<meta property=\"og:site_name\" content=\"Organisator\" \/>\n<meta property=\"article:publisher\" content=\"https:\/\/www.facebook.com\/OrganisatorFachmagazin\" \/>\n<meta property=\"article:published_time\" content=\"2017-10-24T11:42:28+00:00\" \/>\n<meta property=\"og:image\" content=\"https:\/\/www.organisator.ch\/wp-content\/uploads\/2017\/10\/Online-Handel-der-KMUs-Mehr-Details-zu-Produkten-und-Dienstleistungen-gefragt-1_Organisator.png\" \/>\n\t<meta property=\"og:image:width\" content=\"640\" \/>\n\t<meta property=\"og:image:height\" content=\"427\" \/>\n\t<meta property=\"og:image:type\" content=\"image\/png\" \/>\n<meta name=\"author\" content=\"thomas.berner\" \/>\n<meta name=\"twitter:card\" content=\"summary_large_image\" \/>\n<meta name=\"twitter:title\" content=\"#Online-Handel der KMUs: Mehr Details zu Produkten und Dienstleistungen gefragt\" \/>\n<meta name=\"twitter:description\" content=\"F\u00fcr #Eink\u00e4ufer von KMUs in der Schweiz, Deutschland und \u00d6sterreich Plattformen und Marktpl\u00e4tze f\u00fcr #Online-Handel zunehmend wichtiger.\" \/>\n<meta name=\"twitter:image\" content=\"https:\/\/www.organisator.ch\/wp-content\/uploads\/2017\/10\/Online-Handel-der-KMUs-Mehr-Details-zu-Produkten-und-Dienstleistungen-gefragt-1_Organisator.png\" \/>\n<script type=\"application\/ld+json\" class=\"yoast-schema-graph\">{\"@context\":\"https:\\\/\\\/schema.org\",\"@graph\":[{\"@type\":\"Article\",\"@id\":\"https:\\\/\\\/www.organisator.ch\\\/marketing\\\/2017-10-24\\\/online-handel-der-kmus-mehr-details-zu-produkten-und-dienstleistungen-gefragt\\\/#article\",\"isPartOf\":{\"@id\":\"https:\\\/\\\/www.organisator.ch\\\/marketing\\\/2017-10-24\\\/online-handel-der-kmus-mehr-details-zu-produkten-und-dienstleistungen-gefragt\\\/\"},\"author\":{\"name\":\"thomas.berner\",\"@id\":\"https:\\\/\\\/www.organisator.ch\\\/#\\\/schema\\\/person\\\/6f650f90b2842cd4c0cc334b4e36f67e\"},\"headline\":\"Online-Handel der KMUs: Mehr Details zu Produkten und Dienstleistungen gefragt\",\"datePublished\":\"2017-10-24T11:42:28+00:00\",\"mainEntityOfPage\":{\"@id\":\"https:\\\/\\\/www.organisator.ch\\\/marketing\\\/2017-10-24\\\/online-handel-der-kmus-mehr-details-zu-produkten-und-dienstleistungen-gefragt\\\/\"},\"wordCount\":740,\"commentCount\":0,\"publisher\":{\"@id\":\"https:\\\/\\\/www.organisator.ch\\\/#organization\"},\"image\":{\"@id\":\"https:\\\/\\\/www.organisator.ch\\\/marketing\\\/2017-10-24\\\/online-handel-der-kmus-mehr-details-zu-produkten-und-dienstleistungen-gefragt\\\/#primaryimage\"},\"thumbnailUrl\":\"https:\\\/\\\/www.organisator.ch\\\/wp-content\\\/uploads\\\/2017\\\/10\\\/Online-Handel-der-KMUs-Mehr-Details-zu-Produkten-und-Dienstleistungen-gefragt-2_Organisator.jpg\",\"keywords\":[\"Marketing\",\"M\u00e4rkte\",\"Produkte\",\"Studie\"],\"articleSection\":[\"MARKETING\"],\"inLanguage\":\"de\"},{\"@type\":\"WebPage\",\"@id\":\"https:\\\/\\\/www.organisator.ch\\\/marketing\\\/2017-10-24\\\/online-handel-der-kmus-mehr-details-zu-produkten-und-dienstleistungen-gefragt\\\/\",\"url\":\"https:\\\/\\\/www.organisator.ch\\\/marketing\\\/2017-10-24\\\/online-handel-der-kmus-mehr-details-zu-produkten-und-dienstleistungen-gefragt\\\/\",\"name\":\"Online-Handel der KMUs: Mehr Details zu Produkten und Dienstleistungen gefragt - Organisator\",\"isPartOf\":{\"@id\":\"https:\\\/\\\/www.organisator.ch\\\/#website\"},\"primaryImageOfPage\":{\"@id\":\"https:\\\/\\\/www.organisator.ch\\\/marketing\\\/2017-10-24\\\/online-handel-der-kmus-mehr-details-zu-produkten-und-dienstleistungen-gefragt\\\/#primaryimage\"},\"image\":{\"@id\":\"https:\\\/\\\/www.organisator.ch\\\/marketing\\\/2017-10-24\\\/online-handel-der-kmus-mehr-details-zu-produkten-und-dienstleistungen-gefragt\\\/#primaryimage\"},\"thumbnailUrl\":\"https:\\\/\\\/www.organisator.ch\\\/wp-content\\\/uploads\\\/2017\\\/10\\\/Online-Handel-der-KMUs-Mehr-Details-zu-Produkten-und-Dienstleistungen-gefragt-2_Organisator.jpg\",\"datePublished\":\"2017-10-24T11:42:28+00:00\",\"description\":\"F\u00fcr Eink\u00e4ufer von KMUs in der Schweiz, Deutschland und \u00d6sterreich Plattformen und Marktpl\u00e4tze f\u00fcr Online-Handel zunehmend wichtiger.\",\"breadcrumb\":{\"@id\":\"https:\\\/\\\/www.organisator.ch\\\/marketing\\\/2017-10-24\\\/online-handel-der-kmus-mehr-details-zu-produkten-und-dienstleistungen-gefragt\\\/#breadcrumb\"},\"inLanguage\":\"de\",\"potentialAction\":[{\"@type\":\"ReadAction\",\"target\":[\"https:\\\/\\\/www.organisator.ch\\\/marketing\\\/2017-10-24\\\/online-handel-der-kmus-mehr-details-zu-produkten-und-dienstleistungen-gefragt\\\/\"]}]},{\"@type\":\"ImageObject\",\"inLanguage\":\"de\",\"@id\":\"https:\\\/\\\/www.organisator.ch\\\/marketing\\\/2017-10-24\\\/online-handel-der-kmus-mehr-details-zu-produkten-und-dienstleistungen-gefragt\\\/#primaryimage\",\"url\":\"https:\\\/\\\/www.organisator.ch\\\/wp-content\\\/uploads\\\/2017\\\/10\\\/Online-Handel-der-KMUs-Mehr-Details-zu-Produkten-und-Dienstleistungen-gefragt-2_Organisator.jpg\",\"contentUrl\":\"https:\\\/\\\/www.organisator.ch\\\/wp-content\\\/uploads\\\/2017\\\/10\\\/Online-Handel-der-KMUs-Mehr-Details-zu-Produkten-und-Dienstleistungen-gefragt-2_Organisator.jpg\",\"width\":640,\"height\":427,\"caption\":\"Peter F. Schmid: \u201eEs gibt seitens der Unternehmen einen grossen Aufholbedarf, wenn es darum geht, gen\u00fcgend Detailinformationen online zur Verf\u00fcgung zu stellen.\u201d (Bild: wlw)\"},{\"@type\":\"BreadcrumbList\",\"@id\":\"https:\\\/\\\/www.organisator.ch\\\/marketing\\\/2017-10-24\\\/online-handel-der-kmus-mehr-details-zu-produkten-und-dienstleistungen-gefragt\\\/#breadcrumb\",\"itemListElement\":[{\"@type\":\"ListItem\",\"position\":1,\"name\":\"Home\",\"item\":\"https:\\\/\\\/www.organisator.ch\\\/\"},{\"@type\":\"ListItem\",\"position\":2,\"name\":\"Online-Handel der KMUs: Mehr Details zu Produkten und Dienstleistungen gefragt\"}]},{\"@type\":\"WebSite\",\"@id\":\"https:\\\/\\\/www.organisator.ch\\\/#website\",\"url\":\"https:\\\/\\\/www.organisator.ch\\\/\",\"name\":\"Organisator\",\"description\":\"Kompetent. Praxisnah. Der ORGANISATOR bereitet in 10 Ausgaben pro Jahr die wesentlichen Themen f\u00fcr F\u00fchrungskr\u00e4fte von KMU auf.\",\"publisher\":{\"@id\":\"https:\\\/\\\/www.organisator.ch\\\/#organization\"},\"potentialAction\":[{\"@type\":\"SearchAction\",\"target\":{\"@type\":\"EntryPoint\",\"urlTemplate\":\"https:\\\/\\\/www.organisator.ch\\\/?s={search_term_string}\"},\"query-input\":{\"@type\":\"PropertyValueSpecification\",\"valueRequired\":true,\"valueName\":\"search_term_string\"}}],\"inLanguage\":\"de\"},{\"@type\":\"Organization\",\"@id\":\"https:\\\/\\\/www.organisator.ch\\\/#organization\",\"name\":\"Organisator\",\"url\":\"https:\\\/\\\/www.organisator.ch\\\/\",\"logo\":{\"@type\":\"ImageObject\",\"inLanguage\":\"de\",\"@id\":\"https:\\\/\\\/www.organisator.ch\\\/#\\\/schema\\\/logo\\\/image\\\/\",\"url\":\"https:\\\/\\\/www.organisator.ch\\\/wp-content\\\/uploads\\\/2022\\\/01\\\/Logo_Organisator_Website.png\",\"contentUrl\":\"https:\\\/\\\/www.organisator.ch\\\/wp-content\\\/uploads\\\/2022\\\/01\\\/Logo_Organisator_Website.png\",\"width\":800,\"height\":77,\"caption\":\"Organisator\"},\"image\":{\"@id\":\"https:\\\/\\\/www.organisator.ch\\\/#\\\/schema\\\/logo\\\/image\\\/\"},\"sameAs\":[\"https:\\\/\\\/www.facebook.com\\\/OrganisatorFachmagazin\",\"https:\\\/\\\/www.linkedin.com\\\/showcase\\\/organisator-das-magazin-fr-kmu\",\"https:\\\/\\\/www.xing.com\\\/news\\\/pages\\\/organisator-ch-695\",\"https:\\\/\\\/www.youtube.com\\\/channel\\\/UCGP2Sq0iWaZwT3BdIAQFYpw\"]},{\"@type\":\"Person\",\"@id\":\"https:\\\/\\\/www.organisator.ch\\\/#\\\/schema\\\/person\\\/6f650f90b2842cd4c0cc334b4e36f67e\",\"name\":\"thomas.berner\",\"image\":{\"@type\":\"ImageObject\",\"inLanguage\":\"de\",\"@id\":\"https:\\\/\\\/secure.gravatar.com\\\/avatar\\\/ac5001d2a36cb6c6cd3e50789007ffca834b477b74a2144564522e944eabff61?s=96&d=mm&r=g\",\"url\":\"https:\\\/\\\/secure.gravatar.com\\\/avatar\\\/ac5001d2a36cb6c6cd3e50789007ffca834b477b74a2144564522e944eabff61?s=96&d=mm&r=g\",\"contentUrl\":\"https:\\\/\\\/secure.gravatar.com\\\/avatar\\\/ac5001d2a36cb6c6cd3e50789007ffca834b477b74a2144564522e944eabff61?s=96&d=mm&r=g\",\"caption\":\"thomas.berner\"},\"url\":\"https:\\\/\\\/www.organisator.ch\\\/de\\\/author\\\/thomas-berner\\\/\"}]}<\/script>\n<!-- \/ Yoast SEO plugin. -->","yoast_head_json":{"title":"Online-Handel der KMUs: Mehr Details zu Produkten und Dienstleistungen gefragt - Organisator","description":"F\u00fcr Eink\u00e4ufer von KMUs in der Schweiz, Deutschland und \u00d6sterreich Plattformen und Marktpl\u00e4tze f\u00fcr Online-Handel zunehmend wichtiger.","robots":{"index":"index","follow":"follow","max-snippet":"max-snippet:-1","max-image-preview":"max-image-preview:large","max-video-preview":"max-video-preview:-1"},"canonical":"https:\/\/www.organisator.ch\/de\/marketing\/2017-10-24\/online-handel-der-kmus-mehr-details-zu-produkten-und-dienstleistungen-gefragt\/","og_locale":"de_DE","og_type":"article","og_title":"Online-Handel der KMUs: Mehr Details zu Produkten und Dienstleistungen gefragt","og_description":"F\u00fcr #Eink\u00e4ufer von KMUs in der Schweiz, Deutschland und \u00d6sterreich Plattformen und Marktpl\u00e4tze f\u00fcr #Online-Handel zunehmend wichtiger.","og_url":"https:\/\/www.organisator.ch\/de\/marketing\/2017-10-24\/online-handel-der-kmus-mehr-details-zu-produkten-und-dienstleistungen-gefragt\/","og_site_name":"Organisator","article_publisher":"https:\/\/www.facebook.com\/OrganisatorFachmagazin","article_published_time":"2017-10-24T11:42:28+00:00","og_image":[{"width":640,"height":427,"url":"https:\/\/www.organisator.ch\/wp-content\/uploads\/2017\/10\/Online-Handel-der-KMUs-Mehr-Details-zu-Produkten-und-Dienstleistungen-gefragt-1_Organisator.png","type":"image\/png"}],"author":"thomas.berner","twitter_card":"summary_large_image","twitter_title":"#Online-Handel der KMUs: Mehr Details zu Produkten und Dienstleistungen gefragt","twitter_description":"F\u00fcr #Eink\u00e4ufer von KMUs in der Schweiz, Deutschland und \u00d6sterreich Plattformen und Marktpl\u00e4tze f\u00fcr #Online-Handel zunehmend wichtiger.","twitter_image":"https:\/\/www.organisator.ch\/wp-content\/uploads\/2017\/10\/Online-Handel-der-KMUs-Mehr-Details-zu-Produkten-und-Dienstleistungen-gefragt-1_Organisator.png","schema":{"@context":"https:\/\/schema.org","@graph":[{"@type":"Article","@id":"https:\/\/www.organisator.ch\/marketing\/2017-10-24\/online-handel-der-kmus-mehr-details-zu-produkten-und-dienstleistungen-gefragt\/#article","isPartOf":{"@id":"https:\/\/www.organisator.ch\/marketing\/2017-10-24\/online-handel-der-kmus-mehr-details-zu-produkten-und-dienstleistungen-gefragt\/"},"author":{"name":"thomas.berner","@id":"https:\/\/www.organisator.ch\/#\/schema\/person\/6f650f90b2842cd4c0cc334b4e36f67e"},"headline":"Online-Handel der KMUs: Mehr Details zu Produkten und Dienstleistungen gefragt","datePublished":"2017-10-24T11:42:28+00:00","mainEntityOfPage":{"@id":"https:\/\/www.organisator.ch\/marketing\/2017-10-24\/online-handel-der-kmus-mehr-details-zu-produkten-und-dienstleistungen-gefragt\/"},"wordCount":740,"commentCount":0,"publisher":{"@id":"https:\/\/www.organisator.ch\/#organization"},"image":{"@id":"https:\/\/www.organisator.ch\/marketing\/2017-10-24\/online-handel-der-kmus-mehr-details-zu-produkten-und-dienstleistungen-gefragt\/#primaryimage"},"thumbnailUrl":"https:\/\/www.organisator.ch\/wp-content\/uploads\/2017\/10\/Online-Handel-der-KMUs-Mehr-Details-zu-Produkten-und-Dienstleistungen-gefragt-2_Organisator.jpg","keywords":["Marketing","M\u00e4rkte","Produkte","Studie"],"articleSection":["MARKETING"],"inLanguage":"de"},{"@type":"WebPage","@id":"https:\/\/www.organisator.ch\/marketing\/2017-10-24\/online-handel-der-kmus-mehr-details-zu-produkten-und-dienstleistungen-gefragt\/","url":"https:\/\/www.organisator.ch\/marketing\/2017-10-24\/online-handel-der-kmus-mehr-details-zu-produkten-und-dienstleistungen-gefragt\/","name":"Online-Handel der KMUs: Mehr Details zu Produkten und Dienstleistungen gefragt - Organisator","isPartOf":{"@id":"https:\/\/www.organisator.ch\/#website"},"primaryImageOfPage":{"@id":"https:\/\/www.organisator.ch\/marketing\/2017-10-24\/online-handel-der-kmus-mehr-details-zu-produkten-und-dienstleistungen-gefragt\/#primaryimage"},"image":{"@id":"https:\/\/www.organisator.ch\/marketing\/2017-10-24\/online-handel-der-kmus-mehr-details-zu-produkten-und-dienstleistungen-gefragt\/#primaryimage"},"thumbnailUrl":"https:\/\/www.organisator.ch\/wp-content\/uploads\/2017\/10\/Online-Handel-der-KMUs-Mehr-Details-zu-Produkten-und-Dienstleistungen-gefragt-2_Organisator.jpg","datePublished":"2017-10-24T11:42:28+00:00","description":"F\u00fcr Eink\u00e4ufer von KMUs in der Schweiz, Deutschland und \u00d6sterreich Plattformen und Marktpl\u00e4tze f\u00fcr Online-Handel zunehmend wichtiger.","breadcrumb":{"@id":"https:\/\/www.organisator.ch\/marketing\/2017-10-24\/online-handel-der-kmus-mehr-details-zu-produkten-und-dienstleistungen-gefragt\/#breadcrumb"},"inLanguage":"de","potentialAction":[{"@type":"ReadAction","target":["https:\/\/www.organisator.ch\/marketing\/2017-10-24\/online-handel-der-kmus-mehr-details-zu-produkten-und-dienstleistungen-gefragt\/"]}]},{"@type":"ImageObject","inLanguage":"de","@id":"https:\/\/www.organisator.ch\/marketing\/2017-10-24\/online-handel-der-kmus-mehr-details-zu-produkten-und-dienstleistungen-gefragt\/#primaryimage","url":"https:\/\/www.organisator.ch\/wp-content\/uploads\/2017\/10\/Online-Handel-der-KMUs-Mehr-Details-zu-Produkten-und-Dienstleistungen-gefragt-2_Organisator.jpg","contentUrl":"https:\/\/www.organisator.ch\/wp-content\/uploads\/2017\/10\/Online-Handel-der-KMUs-Mehr-Details-zu-Produkten-und-Dienstleistungen-gefragt-2_Organisator.jpg","width":640,"height":427,"caption":"Peter F. Schmid: \u201eEs gibt seitens der Unternehmen einen grossen Aufholbedarf, wenn es darum geht, gen\u00fcgend Detailinformationen online zur Verf\u00fcgung zu stellen.\u201d (Bild: wlw)"},{"@type":"BreadcrumbList","@id":"https:\/\/www.organisator.ch\/marketing\/2017-10-24\/online-handel-der-kmus-mehr-details-zu-produkten-und-dienstleistungen-gefragt\/#breadcrumb","itemListElement":[{"@type":"ListItem","position":1,"name":"Home","item":"https:\/\/www.organisator.ch\/"},{"@type":"ListItem","position":2,"name":"Online-Handel der KMUs: Mehr Details zu Produkten und Dienstleistungen gefragt"}]},{"@type":"WebSite","@id":"https:\/\/www.organisator.ch\/#website","url":"https:\/\/www.organisator.ch\/","name":"Organisator","description":"Kompetent. Praxisnah. Der ORGANISATOR bereitet in 10 Ausgaben pro Jahr die wesentlichen Themen f\u00fcr F\u00fchrungskr\u00e4fte von KMU auf.","publisher":{"@id":"https:\/\/www.organisator.ch\/#organization"},"potentialAction":[{"@type":"SearchAction","target":{"@type":"EntryPoint","urlTemplate":"https:\/\/www.organisator.ch\/?s={search_term_string}"},"query-input":{"@type":"PropertyValueSpecification","valueRequired":true,"valueName":"search_term_string"}}],"inLanguage":"de"},{"@type":"Organization","@id":"https:\/\/www.organisator.ch\/#organization","name":"Organisator","url":"https:\/\/www.organisator.ch\/","logo":{"@type":"ImageObject","inLanguage":"de","@id":"https:\/\/www.organisator.ch\/#\/schema\/logo\/image\/","url":"https:\/\/www.organisator.ch\/wp-content\/uploads\/2022\/01\/Logo_Organisator_Website.png","contentUrl":"https:\/\/www.organisator.ch\/wp-content\/uploads\/2022\/01\/Logo_Organisator_Website.png","width":800,"height":77,"caption":"Organisator"},"image":{"@id":"https:\/\/www.organisator.ch\/#\/schema\/logo\/image\/"},"sameAs":["https:\/\/www.facebook.com\/OrganisatorFachmagazin","https:\/\/www.linkedin.com\/showcase\/organisator-das-magazin-fr-kmu","https:\/\/www.xing.com\/news\/pages\/organisator-ch-695","https:\/\/www.youtube.com\/channel\/UCGP2Sq0iWaZwT3BdIAQFYpw"]},{"@type":"Person","@id":"https:\/\/www.organisator.ch\/#\/schema\/person\/6f650f90b2842cd4c0cc334b4e36f67e","name":"thomas.berner","image":{"@type":"ImageObject","inLanguage":"de","@id":"https:\/\/secure.gravatar.com\/avatar\/ac5001d2a36cb6c6cd3e50789007ffca834b477b74a2144564522e944eabff61?s=96&d=mm&r=g","url":"https:\/\/secure.gravatar.com\/avatar\/ac5001d2a36cb6c6cd3e50789007ffca834b477b74a2144564522e944eabff61?s=96&d=mm&r=g","contentUrl":"https:\/\/secure.gravatar.com\/avatar\/ac5001d2a36cb6c6cd3e50789007ffca834b477b74a2144564522e944eabff61?s=96&d=mm&r=g","caption":"thomas.berner"},"url":"https:\/\/www.organisator.ch\/de\/author\/thomas-berner\/"}]}},"_links":{"self":[{"href":"https:\/\/www.organisator.ch\/de\/wp-json\/wp\/v2\/posts\/2595","targetHints":{"allow":["GET"]}}],"collection":[{"href":"https:\/\/www.organisator.ch\/de\/wp-json\/wp\/v2\/posts"}],"about":[{"href":"https:\/\/www.organisator.ch\/de\/wp-json\/wp\/v2\/types\/post"}],"author":[{"embeddable":true,"href":"https:\/\/www.organisator.ch\/de\/wp-json\/wp\/v2\/users\/4"}],"replies":[{"embeddable":true,"href":"https:\/\/www.organisator.ch\/de\/wp-json\/wp\/v2\/comments?post=2595"}],"version-history":[{"count":0,"href":"https:\/\/www.organisator.ch\/de\/wp-json\/wp\/v2\/posts\/2595\/revisions"}],"wp:featuredmedia":[{"embeddable":true,"href":"https:\/\/www.organisator.ch\/de\/wp-json\/wp\/v2\/media\/2597"}],"wp:attachment":[{"href":"https:\/\/www.organisator.ch\/de\/wp-json\/wp\/v2\/media?parent=2595"}],"wp:term":[{"taxonomy":"category","embeddable":true,"href":"https:\/\/www.organisator.ch\/de\/wp-json\/wp\/v2\/categories?post=2595"},{"taxonomy":"post_tag","embeddable":true,"href":"https:\/\/www.organisator.ch\/de\/wp-json\/wp\/v2\/tags?post=2595"}],"curies":[{"name":"wp","href":"https:\/\/api.w.org\/{rel}","templated":true}]}}