{"id":25961,"date":"2024-03-18T10:16:08","date_gmt":"2024-03-18T09:16:08","guid":{"rendered":"https:\/\/www.werbewoche.ch\/?p=212155"},"modified":"2024-11-11T09:05:55","modified_gmt":"2024-11-11T08:05:55","slug":"marketagent-so-gluecklich-sind-die-schweizerinnen","status":"publish","type":"post","link":"https:\/\/www.organisator.ch\/de\/marketing\/2024-03-18\/marketagent-so-gluecklich-sind-die-schweizerinnen\/","title":{"rendered":"Marketagent: So gl\u00fccklich sind die Schweizer:innen"},"content":{"rendered":"<p><img class=\"alignnone wp-image-212157 size-full\" src=\"https:\/\/www.werbewoche.ch\/wp-content\/uploads\/2024\/03\/Glueck.jpg\" alt=\"Gl\u00fccklichkeitsstudie\r\n\" width=\"1200\" height=\"1200\" \/>Wie gl\u00fccklich ist die heimische Bev\u00f6lkerung im Jahr 2024? Das hat das Marktforschungsunternehmen Marketagent.com in einer Erhebung untersucht. Demnach w\u00fcrden sich 17 Prozent der Schweizer:innen als \u00absehr gl\u00fccklich\u00bb bezeichnen. Vor allem trifft dies auf Paarhaushalte ohne Kinder zu (20%). Aber auch regionale Unterschiede gibt es: Personen in der Deutschschweiz geben \u00f6fter an, sehr gl\u00fccklich zu sein (19%) \u2013 im Gegensatz zu Personen in der Westschweiz (11%).<\/p>\r\n<p>Nur weniger als 1 Prozent der Schweizer:innen bezeichnen sich als kaum zufrieden mit ihrem Leben. 42 Prozent w\u00fcrden rein gar nichts ver\u00e4ndern, sondern weiterleben wie bisher, wenn sie einen Lotto-Jackpot knacken w\u00fcrden. Auch wenn sich die meisten Schweizer:innen selbst als (sehr) gl\u00fccklich bezeichnen (68%), glauben deutlich weniger (45%), dass die Menschen in ihrem Heimatland ganz allgemein gl\u00fccklich sind. Nur 6 Prozent denken, dass die Bev\u00f6lkerung insgesamt \u00absehr gl\u00fccklich\u00bb ist. 35 Prozent der Befragten geben an, sich erst k\u00fcrzlich (heute oder gestern) so richtig gl\u00fccklich gef\u00fchlt zu haben und 27 Prozent innerhalb der letzten Woche.<\/p>\r\n<p>Das Alter, in dem man meint, dass die Menschen am gl\u00fccklichsten sind, und das Alter, in dem sie tats\u00e4chlich am gl\u00fccklichsten sind, variiert interessanterweise stark: 38% der Schweizer*innen glauben, dass man zwischen 20 und 39 Jahren am gl\u00fccklichsten ist. Nur 13 Prozent sehen das gr\u00f6sste Gl\u00fcck ab 60 Jahren. Tats\u00e4chlich ist die eigene Gl\u00fcckseinsch\u00e4tzung jedoch bei den 60+ am h\u00f6chsten. 25 Prozent der 60- bis 69-J\u00e4hrigen sind aktuell sehr gl\u00fccklich.<\/p>\r\n<h3>Wie gl\u00fccklich macht Social Media?<\/h3>\r\n<p>Zus\u00e4tzlich wollten wir von den Befragten wissen, ob die in den sozialen Medien (z.B. Facebook, Instagram etc.) geposteten Ferienfotos sie eher gl\u00fccklich oder ungl\u00fccklich machen. Knapp ein Drittel der Schweizer:innen (32%) machen Ferienfotos von anderen Menschen \u00absehr\/eher gl\u00fccklich\u00bb, wobei dieses positive Gef\u00fchl von den 14-19-J\u00e4hrigen deutlich h\u00e4ufiger genannt wird (52%) als von anderen Altersgruppen. Es gibt aber auch andere Gef\u00fchle: 8 Prozent der Schweizer:innen macht das Betrachten von Ferienfotos anderer Menschen \u00abeher\/sehr ungl\u00fccklich\u00bb, insbesondere die J\u00fcngeren (13% der 14- bis 19-J\u00e4hrigen, 14% der 20-29-J\u00e4hrigen).<\/p>","protected":false},"excerpt":{"rendered":"<p>Das Markt- und Meinungsforschungsinstitut Marketagent Schweiz ist dem Gl\u00fccksbefinden in einer aktuellen Erhebung mit 1.037 Befragten aus der Deutsch- und Westschweiz auf die Spur gegangen und hat auch nachgefragt, ob Social Media zum Gl\u00fcck beitr\u00e4gt.<\/p>\n","protected":false},"author":8,"featured_media":0,"comment_status":"closed","ping_status":"closed","sticky":false,"template":"","format":"standard","meta":{"_acf_changed":false,"_yoast_wpseo_focuskw":"Gl\u00fccklichkeitsstudie","_yoast_wpseo_metadesc":"Marketagent.com-Studie 2024: 68% der Schweizer:innen sind gl\u00fccklich, 17% sehr gl\u00fccklich. Regionale und altersbedingte Unterschiede.","articlekey":"","footnotes":""},"categories":[29],"tags":[3350,341],"class_list":["post-25961","post","type-post","status-publish","format-standard","hentry","category-marketing","tag-marketagent-com","tag-marktforschung"],"acf":[],"yoast_head":"<!-- This site is optimized with the Yoast SEO plugin v27.5 - https:\/\/yoast.com\/product\/yoast-seo-wordpress\/ -->\n<title>Marketagent: So gl\u00fccklich sind die Schweizer:innen - Organisator<\/title>\n<meta name=\"description\" content=\"Marketagent.com-Studie 2024: 68% der Schweizer:innen sind gl\u00fccklich, 17% sehr gl\u00fccklich. Regionale und altersbedingte Unterschiede.\" \/>\n<meta name=\"robots\" content=\"index, follow, max-snippet:-1, max-image-preview:large, max-video-preview:-1\" \/>\n<link rel=\"canonical\" href=\"https:\/\/www.organisator.ch\/de\/marketing\/2024-03-18\/marketagent-so-gluecklich-sind-die-schweizerinnen\/\" \/>\n<meta property=\"og:locale\" content=\"de_DE\" \/>\n<meta property=\"og:type\" content=\"article\" \/>\n<meta property=\"og:title\" content=\"Marketagent: So gl\u00fccklich sind die Schweizer:innen - Organisator\" \/>\n<meta property=\"og:description\" content=\"Marketagent.com-Studie 2024: 68% der Schweizer:innen sind gl\u00fccklich, 17% sehr gl\u00fccklich. Regionale und altersbedingte Unterschiede.\" \/>\n<meta property=\"og:url\" content=\"https:\/\/www.organisator.ch\/de\/marketing\/2024-03-18\/marketagent-so-gluecklich-sind-die-schweizerinnen\/\" \/>\n<meta property=\"og:site_name\" content=\"Organisator\" \/>\n<meta property=\"article:publisher\" content=\"https:\/\/www.facebook.com\/OrganisatorFachmagazin\" \/>\n<meta property=\"article:published_time\" content=\"2024-03-18T09:16:08+00:00\" \/>\n<meta property=\"article:modified_time\" content=\"2024-11-11T08:05:55+00:00\" \/>\n<meta property=\"og:image\" content=\"https:\/\/www.werbewoche.ch\/wp-content\/uploads\/2024\/03\/Glueck.jpg\" \/>\n<meta name=\"author\" content=\"galledia\" \/>\n<meta name=\"twitter:card\" content=\"summary_large_image\" \/>\n<meta name=\"twitter:creator\" content=\"@admin\" \/>\n<script type=\"application\/ld+json\" class=\"yoast-schema-graph\">{\"@context\":\"https:\\\/\\\/schema.org\",\"@graph\":[{\"@type\":\"Article\",\"@id\":\"https:\\\/\\\/www.organisator.ch\\\/marketing\\\/2024-03-18\\\/marketagent-so-gluecklich-sind-die-schweizerinnen\\\/#article\",\"isPartOf\":{\"@id\":\"https:\\\/\\\/www.organisator.ch\\\/marketing\\\/2024-03-18\\\/marketagent-so-gluecklich-sind-die-schweizerinnen\\\/\"},\"author\":{\"name\":\"galledia\",\"@id\":\"https:\\\/\\\/www.organisator.ch\\\/#\\\/schema\\\/person\\\/4e51799071cd2dd1232ac003643ef5f0\"},\"headline\":\"Marketagent: So gl\u00fccklich sind die Schweizer:innen\",\"datePublished\":\"2024-03-18T09:16:08+00:00\",\"dateModified\":\"2024-11-11T08:05:55+00:00\",\"mainEntityOfPage\":{\"@id\":\"https:\\\/\\\/www.organisator.ch\\\/marketing\\\/2024-03-18\\\/marketagent-so-gluecklich-sind-die-schweizerinnen\\\/\"},\"wordCount\":354,\"publisher\":{\"@id\":\"https:\\\/\\\/www.organisator.ch\\\/#organization\"},\"image\":{\"@id\":\"https:\\\/\\\/www.organisator.ch\\\/marketing\\\/2024-03-18\\\/marketagent-so-gluecklich-sind-die-schweizerinnen\\\/#primaryimage\"},\"thumbnailUrl\":\"https:\\\/\\\/www.werbewoche.ch\\\/wp-content\\\/uploads\\\/2024\\\/03\\\/Glueck.jpg\",\"keywords\":[\"Marketagent.com\",\"Marktforschung\"],\"articleSection\":[\"MARKETING\"],\"inLanguage\":\"de\"},{\"@type\":\"WebPage\",\"@id\":\"https:\\\/\\\/www.organisator.ch\\\/marketing\\\/2024-03-18\\\/marketagent-so-gluecklich-sind-die-schweizerinnen\\\/\",\"url\":\"https:\\\/\\\/www.organisator.ch\\\/marketing\\\/2024-03-18\\\/marketagent-so-gluecklich-sind-die-schweizerinnen\\\/\",\"name\":\"Marketagent: So gl\u00fccklich sind die Schweizer:innen - Organisator\",\"isPartOf\":{\"@id\":\"https:\\\/\\\/www.organisator.ch\\\/#website\"},\"primaryImageOfPage\":{\"@id\":\"https:\\\/\\\/www.organisator.ch\\\/marketing\\\/2024-03-18\\\/marketagent-so-gluecklich-sind-die-schweizerinnen\\\/#primaryimage\"},\"image\":{\"@id\":\"https:\\\/\\\/www.organisator.ch\\\/marketing\\\/2024-03-18\\\/marketagent-so-gluecklich-sind-die-schweizerinnen\\\/#primaryimage\"},\"thumbnailUrl\":\"https:\\\/\\\/www.werbewoche.ch\\\/wp-content\\\/uploads\\\/2024\\\/03\\\/Glueck.jpg\",\"datePublished\":\"2024-03-18T09:16:08+00:00\",\"dateModified\":\"2024-11-11T08:05:55+00:00\",\"description\":\"Marketagent.com-Studie 2024: 68% der Schweizer:innen sind gl\u00fccklich, 17% sehr gl\u00fccklich. Regionale und altersbedingte Unterschiede.\",\"breadcrumb\":{\"@id\":\"https:\\\/\\\/www.organisator.ch\\\/marketing\\\/2024-03-18\\\/marketagent-so-gluecklich-sind-die-schweizerinnen\\\/#breadcrumb\"},\"inLanguage\":\"de\",\"potentialAction\":[{\"@type\":\"ReadAction\",\"target\":[\"https:\\\/\\\/www.organisator.ch\\\/marketing\\\/2024-03-18\\\/marketagent-so-gluecklich-sind-die-schweizerinnen\\\/\"]}]},{\"@type\":\"ImageObject\",\"inLanguage\":\"de\",\"@id\":\"https:\\\/\\\/www.organisator.ch\\\/marketing\\\/2024-03-18\\\/marketagent-so-gluecklich-sind-die-schweizerinnen\\\/#primaryimage\",\"url\":\"https:\\\/\\\/www.werbewoche.ch\\\/wp-content\\\/uploads\\\/2024\\\/03\\\/Glueck.jpg\",\"contentUrl\":\"https:\\\/\\\/www.werbewoche.ch\\\/wp-content\\\/uploads\\\/2024\\\/03\\\/Glueck.jpg\"},{\"@type\":\"BreadcrumbList\",\"@id\":\"https:\\\/\\\/www.organisator.ch\\\/marketing\\\/2024-03-18\\\/marketagent-so-gluecklich-sind-die-schweizerinnen\\\/#breadcrumb\",\"itemListElement\":[{\"@type\":\"ListItem\",\"position\":1,\"name\":\"Home\",\"item\":\"https:\\\/\\\/www.organisator.ch\\\/\"},{\"@type\":\"ListItem\",\"position\":2,\"name\":\"Marketagent: So gl\u00fccklich sind die Schweizer:innen\"}]},{\"@type\":\"WebSite\",\"@id\":\"https:\\\/\\\/www.organisator.ch\\\/#website\",\"url\":\"https:\\\/\\\/www.organisator.ch\\\/\",\"name\":\"Organisator\",\"description\":\"Kompetent. Praxisnah. Der ORGANISATOR bereitet in 10 Ausgaben pro Jahr die wesentlichen Themen f\u00fcr F\u00fchrungskr\u00e4fte von KMU auf.\",\"publisher\":{\"@id\":\"https:\\\/\\\/www.organisator.ch\\\/#organization\"},\"potentialAction\":[{\"@type\":\"SearchAction\",\"target\":{\"@type\":\"EntryPoint\",\"urlTemplate\":\"https:\\\/\\\/www.organisator.ch\\\/?s={search_term_string}\"},\"query-input\":{\"@type\":\"PropertyValueSpecification\",\"valueRequired\":true,\"valueName\":\"search_term_string\"}}],\"inLanguage\":\"de\"},{\"@type\":\"Organization\",\"@id\":\"https:\\\/\\\/www.organisator.ch\\\/#organization\",\"name\":\"Organisator\",\"url\":\"https:\\\/\\\/www.organisator.ch\\\/\",\"logo\":{\"@type\":\"ImageObject\",\"inLanguage\":\"de\",\"@id\":\"https:\\\/\\\/www.organisator.ch\\\/#\\\/schema\\\/logo\\\/image\\\/\",\"url\":\"https:\\\/\\\/www.organisator.ch\\\/wp-content\\\/uploads\\\/2022\\\/01\\\/Logo_Organisator_Website.png\",\"contentUrl\":\"https:\\\/\\\/www.organisator.ch\\\/wp-content\\\/uploads\\\/2022\\\/01\\\/Logo_Organisator_Website.png\",\"width\":800,\"height\":77,\"caption\":\"Organisator\"},\"image\":{\"@id\":\"https:\\\/\\\/www.organisator.ch\\\/#\\\/schema\\\/logo\\\/image\\\/\"},\"sameAs\":[\"https:\\\/\\\/www.facebook.com\\\/OrganisatorFachmagazin\",\"https:\\\/\\\/www.linkedin.com\\\/showcase\\\/organisator-das-magazin-fr-kmu\",\"https:\\\/\\\/www.xing.com\\\/news\\\/pages\\\/organisator-ch-695\",\"https:\\\/\\\/www.youtube.com\\\/channel\\\/UCGP2Sq0iWaZwT3BdIAQFYpw\"]},{\"@type\":\"Person\",\"@id\":\"https:\\\/\\\/www.organisator.ch\\\/#\\\/schema\\\/person\\\/4e51799071cd2dd1232ac003643ef5f0\",\"name\":\"galledia\",\"image\":{\"@type\":\"ImageObject\",\"inLanguage\":\"de\",\"@id\":\"https:\\\/\\\/secure.gravatar.com\\\/avatar\\\/78a7f90c01fc2bfc875782a0d4922b37cde2cf184ce347b91316d23cd7f69a36?s=96&d=mm&r=g\",\"url\":\"https:\\\/\\\/secure.gravatar.com\\\/avatar\\\/78a7f90c01fc2bfc875782a0d4922b37cde2cf184ce347b91316d23cd7f69a36?s=96&d=mm&r=g\",\"contentUrl\":\"https:\\\/\\\/secure.gravatar.com\\\/avatar\\\/78a7f90c01fc2bfc875782a0d4922b37cde2cf184ce347b91316d23cd7f69a36?s=96&d=mm&r=g\",\"caption\":\"galledia\"},\"sameAs\":[\"https:\\\/\\\/x.com\\\/admin\"],\"url\":\"https:\\\/\\\/www.organisator.ch\\\/de\\\/author\\\/galledia\\\/\"}]}<\/script>\n<!-- \/ Yoast SEO plugin. -->","yoast_head_json":{"title":"Marketagent: So gl\u00fccklich sind die Schweizer:innen - Organisator","description":"Marketagent.com-Studie 2024: 68% der Schweizer:innen sind gl\u00fccklich, 17% sehr gl\u00fccklich. Regionale und altersbedingte Unterschiede.","robots":{"index":"index","follow":"follow","max-snippet":"max-snippet:-1","max-image-preview":"max-image-preview:large","max-video-preview":"max-video-preview:-1"},"canonical":"https:\/\/www.organisator.ch\/de\/marketing\/2024-03-18\/marketagent-so-gluecklich-sind-die-schweizerinnen\/","og_locale":"de_DE","og_type":"article","og_title":"Marketagent: So gl\u00fccklich sind die Schweizer:innen - Organisator","og_description":"Marketagent.com-Studie 2024: 68% der Schweizer:innen sind gl\u00fccklich, 17% sehr gl\u00fccklich. Regionale und altersbedingte Unterschiede.","og_url":"https:\/\/www.organisator.ch\/de\/marketing\/2024-03-18\/marketagent-so-gluecklich-sind-die-schweizerinnen\/","og_site_name":"Organisator","article_publisher":"https:\/\/www.facebook.com\/OrganisatorFachmagazin","article_published_time":"2024-03-18T09:16:08+00:00","article_modified_time":"2024-11-11T08:05:55+00:00","og_image":[{"url":"https:\/\/www.werbewoche.ch\/wp-content\/uploads\/2024\/03\/Glueck.jpg","type":"","width":"","height":""}],"author":"galledia","twitter_card":"summary_large_image","twitter_creator":"@admin","schema":{"@context":"https:\/\/schema.org","@graph":[{"@type":"Article","@id":"https:\/\/www.organisator.ch\/marketing\/2024-03-18\/marketagent-so-gluecklich-sind-die-schweizerinnen\/#article","isPartOf":{"@id":"https:\/\/www.organisator.ch\/marketing\/2024-03-18\/marketagent-so-gluecklich-sind-die-schweizerinnen\/"},"author":{"name":"galledia","@id":"https:\/\/www.organisator.ch\/#\/schema\/person\/4e51799071cd2dd1232ac003643ef5f0"},"headline":"Marketagent: So gl\u00fccklich sind die Schweizer:innen","datePublished":"2024-03-18T09:16:08+00:00","dateModified":"2024-11-11T08:05:55+00:00","mainEntityOfPage":{"@id":"https:\/\/www.organisator.ch\/marketing\/2024-03-18\/marketagent-so-gluecklich-sind-die-schweizerinnen\/"},"wordCount":354,"publisher":{"@id":"https:\/\/www.organisator.ch\/#organization"},"image":{"@id":"https:\/\/www.organisator.ch\/marketing\/2024-03-18\/marketagent-so-gluecklich-sind-die-schweizerinnen\/#primaryimage"},"thumbnailUrl":"https:\/\/www.werbewoche.ch\/wp-content\/uploads\/2024\/03\/Glueck.jpg","keywords":["Marketagent.com","Marktforschung"],"articleSection":["MARKETING"],"inLanguage":"de"},{"@type":"WebPage","@id":"https:\/\/www.organisator.ch\/marketing\/2024-03-18\/marketagent-so-gluecklich-sind-die-schweizerinnen\/","url":"https:\/\/www.organisator.ch\/marketing\/2024-03-18\/marketagent-so-gluecklich-sind-die-schweizerinnen\/","name":"Marketagent: So gl\u00fccklich sind die Schweizer:innen - Organisator","isPartOf":{"@id":"https:\/\/www.organisator.ch\/#website"},"primaryImageOfPage":{"@id":"https:\/\/www.organisator.ch\/marketing\/2024-03-18\/marketagent-so-gluecklich-sind-die-schweizerinnen\/#primaryimage"},"image":{"@id":"https:\/\/www.organisator.ch\/marketing\/2024-03-18\/marketagent-so-gluecklich-sind-die-schweizerinnen\/#primaryimage"},"thumbnailUrl":"https:\/\/www.werbewoche.ch\/wp-content\/uploads\/2024\/03\/Glueck.jpg","datePublished":"2024-03-18T09:16:08+00:00","dateModified":"2024-11-11T08:05:55+00:00","description":"Marketagent.com-Studie 2024: 68% der Schweizer:innen sind gl\u00fccklich, 17% sehr gl\u00fccklich. Regionale und altersbedingte Unterschiede.","breadcrumb":{"@id":"https:\/\/www.organisator.ch\/marketing\/2024-03-18\/marketagent-so-gluecklich-sind-die-schweizerinnen\/#breadcrumb"},"inLanguage":"de","potentialAction":[{"@type":"ReadAction","target":["https:\/\/www.organisator.ch\/marketing\/2024-03-18\/marketagent-so-gluecklich-sind-die-schweizerinnen\/"]}]},{"@type":"ImageObject","inLanguage":"de","@id":"https:\/\/www.organisator.ch\/marketing\/2024-03-18\/marketagent-so-gluecklich-sind-die-schweizerinnen\/#primaryimage","url":"https:\/\/www.werbewoche.ch\/wp-content\/uploads\/2024\/03\/Glueck.jpg","contentUrl":"https:\/\/www.werbewoche.ch\/wp-content\/uploads\/2024\/03\/Glueck.jpg"},{"@type":"BreadcrumbList","@id":"https:\/\/www.organisator.ch\/marketing\/2024-03-18\/marketagent-so-gluecklich-sind-die-schweizerinnen\/#breadcrumb","itemListElement":[{"@type":"ListItem","position":1,"name":"Home","item":"https:\/\/www.organisator.ch\/"},{"@type":"ListItem","position":2,"name":"Marketagent: So gl\u00fccklich sind die Schweizer:innen"}]},{"@type":"WebSite","@id":"https:\/\/www.organisator.ch\/#website","url":"https:\/\/www.organisator.ch\/","name":"Organisator","description":"Kompetent. Praxisnah. Der ORGANISATOR bereitet in 10 Ausgaben pro Jahr die wesentlichen Themen f\u00fcr F\u00fchrungskr\u00e4fte von KMU auf.","publisher":{"@id":"https:\/\/www.organisator.ch\/#organization"},"potentialAction":[{"@type":"SearchAction","target":{"@type":"EntryPoint","urlTemplate":"https:\/\/www.organisator.ch\/?s={search_term_string}"},"query-input":{"@type":"PropertyValueSpecification","valueRequired":true,"valueName":"search_term_string"}}],"inLanguage":"de"},{"@type":"Organization","@id":"https:\/\/www.organisator.ch\/#organization","name":"Organisator","url":"https:\/\/www.organisator.ch\/","logo":{"@type":"ImageObject","inLanguage":"de","@id":"https:\/\/www.organisator.ch\/#\/schema\/logo\/image\/","url":"https:\/\/www.organisator.ch\/wp-content\/uploads\/2022\/01\/Logo_Organisator_Website.png","contentUrl":"https:\/\/www.organisator.ch\/wp-content\/uploads\/2022\/01\/Logo_Organisator_Website.png","width":800,"height":77,"caption":"Organisator"},"image":{"@id":"https:\/\/www.organisator.ch\/#\/schema\/logo\/image\/"},"sameAs":["https:\/\/www.facebook.com\/OrganisatorFachmagazin","https:\/\/www.linkedin.com\/showcase\/organisator-das-magazin-fr-kmu","https:\/\/www.xing.com\/news\/pages\/organisator-ch-695","https:\/\/www.youtube.com\/channel\/UCGP2Sq0iWaZwT3BdIAQFYpw"]},{"@type":"Person","@id":"https:\/\/www.organisator.ch\/#\/schema\/person\/4e51799071cd2dd1232ac003643ef5f0","name":"galledia","image":{"@type":"ImageObject","inLanguage":"de","@id":"https:\/\/secure.gravatar.com\/avatar\/78a7f90c01fc2bfc875782a0d4922b37cde2cf184ce347b91316d23cd7f69a36?s=96&d=mm&r=g","url":"https:\/\/secure.gravatar.com\/avatar\/78a7f90c01fc2bfc875782a0d4922b37cde2cf184ce347b91316d23cd7f69a36?s=96&d=mm&r=g","contentUrl":"https:\/\/secure.gravatar.com\/avatar\/78a7f90c01fc2bfc875782a0d4922b37cde2cf184ce347b91316d23cd7f69a36?s=96&d=mm&r=g","caption":"galledia"},"sameAs":["https:\/\/x.com\/admin"],"url":"https:\/\/www.organisator.ch\/de\/author\/galledia\/"}]}},"_links":{"self":[{"href":"https:\/\/www.organisator.ch\/de\/wp-json\/wp\/v2\/posts\/25961","targetHints":{"allow":["GET"]}}],"collection":[{"href":"https:\/\/www.organisator.ch\/de\/wp-json\/wp\/v2\/posts"}],"about":[{"href":"https:\/\/www.organisator.ch\/de\/wp-json\/wp\/v2\/types\/post"}],"author":[{"embeddable":true,"href":"https:\/\/www.organisator.ch\/de\/wp-json\/wp\/v2\/users\/8"}],"replies":[{"embeddable":true,"href":"https:\/\/www.organisator.ch\/de\/wp-json\/wp\/v2\/comments?post=25961"}],"version-history":[{"count":11,"href":"https:\/\/www.organisator.ch\/de\/wp-json\/wp\/v2\/posts\/25961\/revisions"}],"predecessor-version":[{"id":32365,"href":"https:\/\/www.organisator.ch\/de\/wp-json\/wp\/v2\/posts\/25961\/revisions\/32365"}],"wp:attachment":[{"href":"https:\/\/www.organisator.ch\/de\/wp-json\/wp\/v2\/media?parent=25961"}],"wp:term":[{"taxonomy":"category","embeddable":true,"href":"https:\/\/www.organisator.ch\/de\/wp-json\/wp\/v2\/categories?post=25961"},{"taxonomy":"post_tag","embeddable":true,"href":"https:\/\/www.organisator.ch\/de\/wp-json\/wp\/v2\/tags?post=25961"}],"curies":[{"name":"wp","href":"https:\/\/api.w.org\/{rel}","templated":true}]}}