{"id":25984,"date":"2024-03-19T10:29:54","date_gmt":"2024-03-19T09:29:54","guid":{"rendered":"https:\/\/www.organisator.ch\/?p=25984"},"modified":"2024-03-19T10:29:54","modified_gmt":"2024-03-19T09:29:54","slug":"us-milliardaer-marc-benioff-investiert-in-schweizer-startup-weev","status":"publish","type":"post","link":"https:\/\/www.organisator.ch\/de\/management\/2024-03-19\/us-milliardaer-marc-benioff-investiert-in-schweizer-startup-weev\/","title":{"rendered":"US-Milliard\u00e4r Marc Benioff investiert in Schweizer Startup Weev"},"content":{"rendered":"<figure id=\"attachment_25985\" aria-describedby=\"caption-attachment-25985\" style=\"width: 680px\" class=\"wp-caption alignnone\"><img loading=\"lazy\" decoding=\"async\" class=\"size-full wp-image-25985\" src=\"https:\/\/www.organisator.ch\/wp-content\/uploads\/2024\/03\/Marc-Benioff_DPA_ps.jpg\" alt=\"\" width=\"680\" height=\"488\" srcset=\"https:\/\/www.organisator.ch\/wp-content\/uploads\/2024\/03\/Marc-Benioff_DPA_ps.jpg 680w, https:\/\/www.organisator.ch\/wp-content\/uploads\/2024\/03\/Marc-Benioff_DPA_ps-18x12.jpg 18w, https:\/\/www.organisator.ch\/wp-content\/uploads\/2024\/03\/Marc-Benioff_DPA_ps-375x269.jpg 375w, https:\/\/www.organisator.ch\/wp-content\/uploads\/2024\/03\/Marc-Benioff_DPA_ps-488x350.jpg 488w\" sizes=\"auto, (max-width: 680px) 100vw, 680px\" \/><figcaption id=\"caption-attachment-25985\" class=\"wp-caption-text\">Marc Benioff &#8211; Gr\u00fcnder von Salesforce und Ikone des digitalen Gesch\u00e4fts. (Bild: www.weev.one)<\/figcaption><\/figure>\n<p>Marc Benioff, Ikone des digitalen Gesch\u00e4fts, wird nicht nur finanziell, sondern auch pers\u00f6nlich in Weev investieren. Seine Unterst\u00fctzung f\u00fcr den Gr\u00fcnder, Szilard Szurdok, spiegelt sein Engagement f\u00fcr innovative Unternehmensentwicklung wider &#8211; \u00e4hnlich der Partnerschaft von Steve Jobs mit Salesforce in seinen Anf\u00e4ngen. Dies markiert zugleich Benioffs erstes Investment in der Schweiz.<\/p>\n<p>Szilard Szurdok, Gr\u00fcnder von Weev, kommentiert: &#8222;Dies ist nicht nur eine Anerkennung, sondern ein Meilenstein f\u00fcr unser junges Unternehmen. Benioff erkennt das Potenzial digitaler Transformation und seine Beteiligung unterstreicht die vielversprechende Zukunft von Weev. Wir f\u00fchlen uns gest\u00e4rkt und motiviert.&#8220;<\/p>\n<figure id=\"attachment_25986\" aria-describedby=\"caption-attachment-25986\" style=\"width: 680px\" class=\"wp-caption alignnone\"><img loading=\"lazy\" decoding=\"async\" class=\"size-full wp-image-25986\" src=\"https:\/\/www.organisator.ch\/wp-content\/uploads\/2024\/03\/Szilard-Szurdok_Weev_ps.jpg\" alt=\"\" width=\"680\" height=\"483\" srcset=\"https:\/\/www.organisator.ch\/wp-content\/uploads\/2024\/03\/Szilard-Szurdok_Weev_ps.jpg 680w, https:\/\/www.organisator.ch\/wp-content\/uploads\/2024\/03\/Szilard-Szurdok_Weev_ps-18x12.jpg 18w, https:\/\/www.organisator.ch\/wp-content\/uploads\/2024\/03\/Szilard-Szurdok_Weev_ps-375x266.jpg 375w, https:\/\/www.organisator.ch\/wp-content\/uploads\/2024\/03\/Szilard-Szurdok_Weev_ps-493x350.jpg 493w\" sizes=\"auto, (max-width: 680px) 100vw, 680px\" \/><figcaption id=\"caption-attachment-25986\" class=\"wp-caption-text\">Szilard Szurdok &#8211; Gr\u00fcnder von Weev. (Bild: www.weev.one)<\/figcaption><\/figure>\n<h3><strong>Weev revolutioniert die Bekleidungsindustrie mit innovativer Software<\/strong><\/h3>\n<p>Weev transformiert die Produktentwicklung in der Schuh- und Bekleidungsbranche grundlegend. Die einzigartige Softwarel\u00f6sung (SaaS) erm\u00f6glicht erhebliche Zeit- und Kosteneinsparungen sowie eine Steigerung der Qualit\u00e4t in der globalen Wertsch\u00f6pfungskette. Dies markiert eine digitale Disruption in der Branche.<\/p>\n<p>Szurdok betont die Alleinstellungsmerkmale von Weev: &#8222;Transparenz, Nachhaltigkeit und beschleunigte Markteinf\u00fchrung sind nur einige der Vorteile, die Weev bietet. Unsere Technologie vereinfacht Prozesse deutlich und f\u00fchrt zu messbaren Einsparungen. Es ist uns wichtig, einen Beitrag zu einer nachhaltigeren und effizienteren Industrie zu leisten.&#8220;<\/p>\n<p>Weev zielt darauf ab, die Branche zu digitalisieren und komplexe Prozesse zu vereinfachen. Mit einer umfassenden Materialdatenbank, einer Datenanalyse und integrierten Tools zur Zusammenarbeit positioniert sich Weev als f\u00fchrender Akteur in der Branche. Der Z\u00fcrcher Roger Franz Wilfinger, Vorstand von Weev, fasst die Mission des Unternehmens zusammen: &#8222;Wir streben danach, die Welt durch unsere Innovationen zu verbessern und unseren Kunden in der Bekleidungsindustrie zum Erfolg zu verhelfen.&#8220;<\/p>\n<p>Weev erweitert derzeit seine internationale Kundenbasis und z\u00e4hlt bereits renommierte Unternehmen wie Industria del Design, Santori Pellami, Polo Sourcing, Jinjiang HAOF Shoe Material Co., Ltd. in China und Faytex Corporation in den USA zu seinen Kunden.<\/p>\n<p><em>Quelle: <a href=\"http:\/\/www.weev.one\">www.weev.one<\/a><\/em><\/p>\n","protected":false},"excerpt":{"rendered":"<p>Weev, die f\u00fchrende Entwicklungsplattform der Schuh-, Leder- und Bekleidungsindustrie, verzeichnet einen bedeutenden Meilenstein: Marc Benioff, der vision\u00e4re Gr\u00fcnder von Salesforce, beteiligt sich substanziell an dem Startup.<\/p>\n","protected":false},"author":58,"featured_media":25985,"comment_status":"closed","ping_status":"closed","sticky":false,"template":"","format":"standard","meta":{"_acf_changed":false,"_yoast_wpseo_focuskw":"Marc Benioff","_yoast_wpseo_metadesc":"Marc Benioff, der vision\u00e4re Gr\u00fcnder von Salesforce, beteiligt sich substanziell an dem Schweizer Startup Weev.","articlekey":"","footnotes":""},"categories":[28],"tags":[1441,334,424,2831,492],"class_list":["post-25984","post","type-post","status-publish","format-standard","has-post-thumbnail","hentry","category-management","tag-investition","tag-management","tag-schweiz","tag-startup","tag-unternehmen"],"acf":[],"yoast_head":"<!-- This site is optimized with the Yoast SEO plugin v27.5 - https:\/\/yoast.com\/product\/yoast-seo-wordpress\/ -->\n<title>US-Milliard\u00e4r Marc Benioff investiert in Schweizer Startup Weev - Organisator<\/title>\n<meta name=\"description\" content=\"Marc Benioff, der vision\u00e4re Gr\u00fcnder von Salesforce, beteiligt sich substanziell an dem Schweizer Startup Weev.\" \/>\n<meta name=\"robots\" content=\"index, follow, max-snippet:-1, max-image-preview:large, max-video-preview:-1\" \/>\n<link rel=\"canonical\" href=\"https:\/\/www.organisator.ch\/de\/management\/2024-03-19\/us-milliardaer-marc-benioff-investiert-in-schweizer-startup-weev\/\" \/>\n<meta property=\"og:locale\" content=\"de_DE\" \/>\n<meta property=\"og:type\" content=\"article\" \/>\n<meta property=\"og:title\" content=\"US-Milliard\u00e4r Marc Benioff investiert in Schweizer Startup Weev\" \/>\n<meta property=\"og:description\" content=\"Marc Benioff, der vision\u00e4re Gr\u00fcnder von Salesforce, beteiligt sich substanziell an dem Schweizer Startup Weev.\" \/>\n<meta property=\"og:url\" content=\"https:\/\/www.organisator.ch\/de\/management\/2024-03-19\/us-milliardaer-marc-benioff-investiert-in-schweizer-startup-weev\/\" \/>\n<meta property=\"og:site_name\" content=\"Organisator\" \/>\n<meta property=\"article:publisher\" content=\"https:\/\/www.facebook.com\/OrganisatorFachmagazin\" \/>\n<meta property=\"article:published_time\" content=\"2024-03-19T09:29:54+00:00\" \/>\n<meta property=\"og:image\" content=\"https:\/\/www.organisator.ch\/wp-content\/uploads\/2024\/03\/Marc-Benioff_DPA_ps.jpg\" \/>\n\t<meta property=\"og:image:width\" content=\"680\" \/>\n\t<meta property=\"og:image:height\" content=\"488\" \/>\n\t<meta property=\"og:image:type\" content=\"image\/jpeg\" \/>\n<meta name=\"author\" content=\"Adelisa Kalajdzini\" \/>\n<meta name=\"twitter:card\" content=\"summary_large_image\" \/>\n<meta name=\"twitter:title\" content=\"US-Milliard\u00e4r Marc Benioff investiert in Schweizer Startup Weev\" \/>\n<meta name=\"twitter:description\" content=\"#Marc #Benioff, der vision\u00e4re Gr\u00fcnder von Salesforce, beteiligt sich substanziell an dem #Schweizer #Startup #Weev.\" \/>\n<meta name=\"twitter:image\" content=\"https:\/\/www.organisator.ch\/wp-content\/uploads\/2024\/03\/Szilard-Szurdok_Weev_ps.jpg\" \/>\n<script type=\"application\/ld+json\" class=\"yoast-schema-graph\">{\"@context\":\"https:\\\/\\\/schema.org\",\"@graph\":[{\"@type\":\"Article\",\"@id\":\"https:\\\/\\\/www.organisator.ch\\\/management\\\/2024-03-19\\\/us-milliardaer-marc-benioff-investiert-in-schweizer-startup-weev\\\/#article\",\"isPartOf\":{\"@id\":\"https:\\\/\\\/www.organisator.ch\\\/management\\\/2024-03-19\\\/us-milliardaer-marc-benioff-investiert-in-schweizer-startup-weev\\\/\"},\"author\":{\"name\":\"Adelisa Kalajdzini\",\"@id\":\"https:\\\/\\\/www.organisator.ch\\\/#\\\/schema\\\/person\\\/2e1314a2172123f874db408d8911d3f3\"},\"headline\":\"US-Milliard\u00e4r Marc Benioff investiert in Schweizer Startup Weev\",\"datePublished\":\"2024-03-19T09:29:54+00:00\",\"mainEntityOfPage\":{\"@id\":\"https:\\\/\\\/www.organisator.ch\\\/management\\\/2024-03-19\\\/us-milliardaer-marc-benioff-investiert-in-schweizer-startup-weev\\\/\"},\"wordCount\":355,\"publisher\":{\"@id\":\"https:\\\/\\\/www.organisator.ch\\\/#organization\"},\"image\":{\"@id\":\"https:\\\/\\\/www.organisator.ch\\\/management\\\/2024-03-19\\\/us-milliardaer-marc-benioff-investiert-in-schweizer-startup-weev\\\/#primaryimage\"},\"thumbnailUrl\":\"https:\\\/\\\/www.organisator.ch\\\/wp-content\\\/uploads\\\/2024\\\/03\\\/Marc-Benioff_DPA_ps.jpg\",\"keywords\":[\"Investition\",\"Management\",\"Schweiz\",\"Startup\",\"Unternehmen\"],\"articleSection\":[\"MANAGEMENT\"],\"inLanguage\":\"de\"},{\"@type\":\"WebPage\",\"@id\":\"https:\\\/\\\/www.organisator.ch\\\/management\\\/2024-03-19\\\/us-milliardaer-marc-benioff-investiert-in-schweizer-startup-weev\\\/\",\"url\":\"https:\\\/\\\/www.organisator.ch\\\/management\\\/2024-03-19\\\/us-milliardaer-marc-benioff-investiert-in-schweizer-startup-weev\\\/\",\"name\":\"US-Milliard\u00e4r Marc Benioff investiert in Schweizer Startup Weev - Organisator\",\"isPartOf\":{\"@id\":\"https:\\\/\\\/www.organisator.ch\\\/#website\"},\"primaryImageOfPage\":{\"@id\":\"https:\\\/\\\/www.organisator.ch\\\/management\\\/2024-03-19\\\/us-milliardaer-marc-benioff-investiert-in-schweizer-startup-weev\\\/#primaryimage\"},\"image\":{\"@id\":\"https:\\\/\\\/www.organisator.ch\\\/management\\\/2024-03-19\\\/us-milliardaer-marc-benioff-investiert-in-schweizer-startup-weev\\\/#primaryimage\"},\"thumbnailUrl\":\"https:\\\/\\\/www.organisator.ch\\\/wp-content\\\/uploads\\\/2024\\\/03\\\/Marc-Benioff_DPA_ps.jpg\",\"datePublished\":\"2024-03-19T09:29:54+00:00\",\"description\":\"Marc Benioff, der vision\u00e4re Gr\u00fcnder von Salesforce, beteiligt sich substanziell an dem Schweizer Startup Weev.\",\"breadcrumb\":{\"@id\":\"https:\\\/\\\/www.organisator.ch\\\/management\\\/2024-03-19\\\/us-milliardaer-marc-benioff-investiert-in-schweizer-startup-weev\\\/#breadcrumb\"},\"inLanguage\":\"de\",\"potentialAction\":[{\"@type\":\"ReadAction\",\"target\":[\"https:\\\/\\\/www.organisator.ch\\\/management\\\/2024-03-19\\\/us-milliardaer-marc-benioff-investiert-in-schweizer-startup-weev\\\/\"]}]},{\"@type\":\"ImageObject\",\"inLanguage\":\"de\",\"@id\":\"https:\\\/\\\/www.organisator.ch\\\/management\\\/2024-03-19\\\/us-milliardaer-marc-benioff-investiert-in-schweizer-startup-weev\\\/#primaryimage\",\"url\":\"https:\\\/\\\/www.organisator.ch\\\/wp-content\\\/uploads\\\/2024\\\/03\\\/Marc-Benioff_DPA_ps.jpg\",\"contentUrl\":\"https:\\\/\\\/www.organisator.ch\\\/wp-content\\\/uploads\\\/2024\\\/03\\\/Marc-Benioff_DPA_ps.jpg\",\"width\":680,\"height\":488,\"caption\":\"Marc Benioff - Gr\u00fcnder von Salesforce und Ikone des digitalen Gesch\u00e4fts. (Bild: www.weev.one)\"},{\"@type\":\"BreadcrumbList\",\"@id\":\"https:\\\/\\\/www.organisator.ch\\\/management\\\/2024-03-19\\\/us-milliardaer-marc-benioff-investiert-in-schweizer-startup-weev\\\/#breadcrumb\",\"itemListElement\":[{\"@type\":\"ListItem\",\"position\":1,\"name\":\"Home\",\"item\":\"https:\\\/\\\/www.organisator.ch\\\/\"},{\"@type\":\"ListItem\",\"position\":2,\"name\":\"US-Milliard\u00e4r Marc Benioff investiert in Schweizer Startup Weev\"}]},{\"@type\":\"WebSite\",\"@id\":\"https:\\\/\\\/www.organisator.ch\\\/#website\",\"url\":\"https:\\\/\\\/www.organisator.ch\\\/\",\"name\":\"Organisator\",\"description\":\"Kompetent. Praxisnah. Der ORGANISATOR bereitet in 10 Ausgaben pro Jahr die wesentlichen Themen f\u00fcr F\u00fchrungskr\u00e4fte von KMU auf.\",\"publisher\":{\"@id\":\"https:\\\/\\\/www.organisator.ch\\\/#organization\"},\"potentialAction\":[{\"@type\":\"SearchAction\",\"target\":{\"@type\":\"EntryPoint\",\"urlTemplate\":\"https:\\\/\\\/www.organisator.ch\\\/?s={search_term_string}\"},\"query-input\":{\"@type\":\"PropertyValueSpecification\",\"valueRequired\":true,\"valueName\":\"search_term_string\"}}],\"inLanguage\":\"de\"},{\"@type\":\"Organization\",\"@id\":\"https:\\\/\\\/www.organisator.ch\\\/#organization\",\"name\":\"Organisator\",\"url\":\"https:\\\/\\\/www.organisator.ch\\\/\",\"logo\":{\"@type\":\"ImageObject\",\"inLanguage\":\"de\",\"@id\":\"https:\\\/\\\/www.organisator.ch\\\/#\\\/schema\\\/logo\\\/image\\\/\",\"url\":\"https:\\\/\\\/www.organisator.ch\\\/wp-content\\\/uploads\\\/2022\\\/01\\\/Logo_Organisator_Website.png\",\"contentUrl\":\"https:\\\/\\\/www.organisator.ch\\\/wp-content\\\/uploads\\\/2022\\\/01\\\/Logo_Organisator_Website.png\",\"width\":800,\"height\":77,\"caption\":\"Organisator\"},\"image\":{\"@id\":\"https:\\\/\\\/www.organisator.ch\\\/#\\\/schema\\\/logo\\\/image\\\/\"},\"sameAs\":[\"https:\\\/\\\/www.facebook.com\\\/OrganisatorFachmagazin\",\"https:\\\/\\\/www.linkedin.com\\\/showcase\\\/organisator-das-magazin-fr-kmu\",\"https:\\\/\\\/www.xing.com\\\/news\\\/pages\\\/organisator-ch-695\",\"https:\\\/\\\/www.youtube.com\\\/channel\\\/UCGP2Sq0iWaZwT3BdIAQFYpw\"]},{\"@type\":\"Person\",\"@id\":\"https:\\\/\\\/www.organisator.ch\\\/#\\\/schema\\\/person\\\/2e1314a2172123f874db408d8911d3f3\",\"name\":\"Adelisa Kalajdzini\",\"image\":{\"@type\":\"ImageObject\",\"inLanguage\":\"de\",\"@id\":\"https:\\\/\\\/secure.gravatar.com\\\/avatar\\\/09a397c22ac58cad6f160ee8306348599df9df58a8ede73696226897b9fa4b24?s=96&d=mm&r=g\",\"url\":\"https:\\\/\\\/secure.gravatar.com\\\/avatar\\\/09a397c22ac58cad6f160ee8306348599df9df58a8ede73696226897b9fa4b24?s=96&d=mm&r=g\",\"contentUrl\":\"https:\\\/\\\/secure.gravatar.com\\\/avatar\\\/09a397c22ac58cad6f160ee8306348599df9df58a8ede73696226897b9fa4b24?s=96&d=mm&r=g\",\"caption\":\"Adelisa Kalajdzini\"},\"url\":\"https:\\\/\\\/www.organisator.ch\\\/de\\\/author\\\/adelisa-kalajdzini\\\/\"}]}<\/script>\n<!-- \/ Yoast SEO plugin. -->","yoast_head_json":{"title":"US-Milliard\u00e4r Marc Benioff investiert in Schweizer Startup Weev - Organisator","description":"Marc Benioff, der vision\u00e4re Gr\u00fcnder von Salesforce, beteiligt sich substanziell an dem Schweizer Startup Weev.","robots":{"index":"index","follow":"follow","max-snippet":"max-snippet:-1","max-image-preview":"max-image-preview:large","max-video-preview":"max-video-preview:-1"},"canonical":"https:\/\/www.organisator.ch\/de\/management\/2024-03-19\/us-milliardaer-marc-benioff-investiert-in-schweizer-startup-weev\/","og_locale":"de_DE","og_type":"article","og_title":"US-Milliard\u00e4r Marc Benioff investiert in Schweizer Startup Weev","og_description":"Marc Benioff, der vision\u00e4re Gr\u00fcnder von Salesforce, beteiligt sich substanziell an dem Schweizer Startup Weev.","og_url":"https:\/\/www.organisator.ch\/de\/management\/2024-03-19\/us-milliardaer-marc-benioff-investiert-in-schweizer-startup-weev\/","og_site_name":"Organisator","article_publisher":"https:\/\/www.facebook.com\/OrganisatorFachmagazin","article_published_time":"2024-03-19T09:29:54+00:00","og_image":[{"width":680,"height":488,"url":"https:\/\/www.organisator.ch\/wp-content\/uploads\/2024\/03\/Marc-Benioff_DPA_ps.jpg","type":"image\/jpeg"}],"author":"Adelisa Kalajdzini","twitter_card":"summary_large_image","twitter_title":"US-Milliard\u00e4r Marc Benioff investiert in Schweizer Startup Weev","twitter_description":"#Marc #Benioff, der vision\u00e4re Gr\u00fcnder von Salesforce, beteiligt sich substanziell an dem #Schweizer #Startup #Weev.","twitter_image":"https:\/\/www.organisator.ch\/wp-content\/uploads\/2024\/03\/Szilard-Szurdok_Weev_ps.jpg","schema":{"@context":"https:\/\/schema.org","@graph":[{"@type":"Article","@id":"https:\/\/www.organisator.ch\/management\/2024-03-19\/us-milliardaer-marc-benioff-investiert-in-schweizer-startup-weev\/#article","isPartOf":{"@id":"https:\/\/www.organisator.ch\/management\/2024-03-19\/us-milliardaer-marc-benioff-investiert-in-schweizer-startup-weev\/"},"author":{"name":"Adelisa Kalajdzini","@id":"https:\/\/www.organisator.ch\/#\/schema\/person\/2e1314a2172123f874db408d8911d3f3"},"headline":"US-Milliard\u00e4r Marc Benioff investiert in Schweizer Startup Weev","datePublished":"2024-03-19T09:29:54+00:00","mainEntityOfPage":{"@id":"https:\/\/www.organisator.ch\/management\/2024-03-19\/us-milliardaer-marc-benioff-investiert-in-schweizer-startup-weev\/"},"wordCount":355,"publisher":{"@id":"https:\/\/www.organisator.ch\/#organization"},"image":{"@id":"https:\/\/www.organisator.ch\/management\/2024-03-19\/us-milliardaer-marc-benioff-investiert-in-schweizer-startup-weev\/#primaryimage"},"thumbnailUrl":"https:\/\/www.organisator.ch\/wp-content\/uploads\/2024\/03\/Marc-Benioff_DPA_ps.jpg","keywords":["Investition","Management","Schweiz","Startup","Unternehmen"],"articleSection":["MANAGEMENT"],"inLanguage":"de"},{"@type":"WebPage","@id":"https:\/\/www.organisator.ch\/management\/2024-03-19\/us-milliardaer-marc-benioff-investiert-in-schweizer-startup-weev\/","url":"https:\/\/www.organisator.ch\/management\/2024-03-19\/us-milliardaer-marc-benioff-investiert-in-schweizer-startup-weev\/","name":"US-Milliard\u00e4r Marc Benioff investiert in Schweizer Startup Weev - Organisator","isPartOf":{"@id":"https:\/\/www.organisator.ch\/#website"},"primaryImageOfPage":{"@id":"https:\/\/www.organisator.ch\/management\/2024-03-19\/us-milliardaer-marc-benioff-investiert-in-schweizer-startup-weev\/#primaryimage"},"image":{"@id":"https:\/\/www.organisator.ch\/management\/2024-03-19\/us-milliardaer-marc-benioff-investiert-in-schweizer-startup-weev\/#primaryimage"},"thumbnailUrl":"https:\/\/www.organisator.ch\/wp-content\/uploads\/2024\/03\/Marc-Benioff_DPA_ps.jpg","datePublished":"2024-03-19T09:29:54+00:00","description":"Marc Benioff, der vision\u00e4re Gr\u00fcnder von Salesforce, beteiligt sich substanziell an dem Schweizer Startup Weev.","breadcrumb":{"@id":"https:\/\/www.organisator.ch\/management\/2024-03-19\/us-milliardaer-marc-benioff-investiert-in-schweizer-startup-weev\/#breadcrumb"},"inLanguage":"de","potentialAction":[{"@type":"ReadAction","target":["https:\/\/www.organisator.ch\/management\/2024-03-19\/us-milliardaer-marc-benioff-investiert-in-schweizer-startup-weev\/"]}]},{"@type":"ImageObject","inLanguage":"de","@id":"https:\/\/www.organisator.ch\/management\/2024-03-19\/us-milliardaer-marc-benioff-investiert-in-schweizer-startup-weev\/#primaryimage","url":"https:\/\/www.organisator.ch\/wp-content\/uploads\/2024\/03\/Marc-Benioff_DPA_ps.jpg","contentUrl":"https:\/\/www.organisator.ch\/wp-content\/uploads\/2024\/03\/Marc-Benioff_DPA_ps.jpg","width":680,"height":488,"caption":"Marc Benioff - Gr\u00fcnder von Salesforce und Ikone des digitalen Gesch\u00e4fts. (Bild: www.weev.one)"},{"@type":"BreadcrumbList","@id":"https:\/\/www.organisator.ch\/management\/2024-03-19\/us-milliardaer-marc-benioff-investiert-in-schweizer-startup-weev\/#breadcrumb","itemListElement":[{"@type":"ListItem","position":1,"name":"Home","item":"https:\/\/www.organisator.ch\/"},{"@type":"ListItem","position":2,"name":"US-Milliard\u00e4r Marc Benioff investiert in Schweizer Startup Weev"}]},{"@type":"WebSite","@id":"https:\/\/www.organisator.ch\/#website","url":"https:\/\/www.organisator.ch\/","name":"Organisator","description":"Kompetent. Praxisnah. Der ORGANISATOR bereitet in 10 Ausgaben pro Jahr die wesentlichen Themen f\u00fcr F\u00fchrungskr\u00e4fte von KMU auf.","publisher":{"@id":"https:\/\/www.organisator.ch\/#organization"},"potentialAction":[{"@type":"SearchAction","target":{"@type":"EntryPoint","urlTemplate":"https:\/\/www.organisator.ch\/?s={search_term_string}"},"query-input":{"@type":"PropertyValueSpecification","valueRequired":true,"valueName":"search_term_string"}}],"inLanguage":"de"},{"@type":"Organization","@id":"https:\/\/www.organisator.ch\/#organization","name":"Organisator","url":"https:\/\/www.organisator.ch\/","logo":{"@type":"ImageObject","inLanguage":"de","@id":"https:\/\/www.organisator.ch\/#\/schema\/logo\/image\/","url":"https:\/\/www.organisator.ch\/wp-content\/uploads\/2022\/01\/Logo_Organisator_Website.png","contentUrl":"https:\/\/www.organisator.ch\/wp-content\/uploads\/2022\/01\/Logo_Organisator_Website.png","width":800,"height":77,"caption":"Organisator"},"image":{"@id":"https:\/\/www.organisator.ch\/#\/schema\/logo\/image\/"},"sameAs":["https:\/\/www.facebook.com\/OrganisatorFachmagazin","https:\/\/www.linkedin.com\/showcase\/organisator-das-magazin-fr-kmu","https:\/\/www.xing.com\/news\/pages\/organisator-ch-695","https:\/\/www.youtube.com\/channel\/UCGP2Sq0iWaZwT3BdIAQFYpw"]},{"@type":"Person","@id":"https:\/\/www.organisator.ch\/#\/schema\/person\/2e1314a2172123f874db408d8911d3f3","name":"Adelisa Kalajdzini","image":{"@type":"ImageObject","inLanguage":"de","@id":"https:\/\/secure.gravatar.com\/avatar\/09a397c22ac58cad6f160ee8306348599df9df58a8ede73696226897b9fa4b24?s=96&d=mm&r=g","url":"https:\/\/secure.gravatar.com\/avatar\/09a397c22ac58cad6f160ee8306348599df9df58a8ede73696226897b9fa4b24?s=96&d=mm&r=g","contentUrl":"https:\/\/secure.gravatar.com\/avatar\/09a397c22ac58cad6f160ee8306348599df9df58a8ede73696226897b9fa4b24?s=96&d=mm&r=g","caption":"Adelisa Kalajdzini"},"url":"https:\/\/www.organisator.ch\/de\/author\/adelisa-kalajdzini\/"}]}},"_links":{"self":[{"href":"https:\/\/www.organisator.ch\/de\/wp-json\/wp\/v2\/posts\/25984","targetHints":{"allow":["GET"]}}],"collection":[{"href":"https:\/\/www.organisator.ch\/de\/wp-json\/wp\/v2\/posts"}],"about":[{"href":"https:\/\/www.organisator.ch\/de\/wp-json\/wp\/v2\/types\/post"}],"author":[{"embeddable":true,"href":"https:\/\/www.organisator.ch\/de\/wp-json\/wp\/v2\/users\/58"}],"replies":[{"embeddable":true,"href":"https:\/\/www.organisator.ch\/de\/wp-json\/wp\/v2\/comments?post=25984"}],"version-history":[{"count":4,"href":"https:\/\/www.organisator.ch\/de\/wp-json\/wp\/v2\/posts\/25984\/revisions"}],"predecessor-version":[{"id":26031,"href":"https:\/\/www.organisator.ch\/de\/wp-json\/wp\/v2\/posts\/25984\/revisions\/26031"}],"wp:featuredmedia":[{"embeddable":true,"href":"https:\/\/www.organisator.ch\/de\/wp-json\/wp\/v2\/media\/25985"}],"wp:attachment":[{"href":"https:\/\/www.organisator.ch\/de\/wp-json\/wp\/v2\/media?parent=25984"}],"wp:term":[{"taxonomy":"category","embeddable":true,"href":"https:\/\/www.organisator.ch\/de\/wp-json\/wp\/v2\/categories?post=25984"},{"taxonomy":"post_tag","embeddable":true,"href":"https:\/\/www.organisator.ch\/de\/wp-json\/wp\/v2\/tags?post=25984"}],"curies":[{"name":"wp","href":"https:\/\/api.w.org\/{rel}","templated":true}]}}