{"id":2601,"date":"2019-11-07T11:46:57","date_gmt":"2019-11-07T10:46:57","guid":{"rendered":"https:\/\/www.umweltperspektiven.ch\/?p=2601"},"modified":"2022-02-09T11:10:02","modified_gmt":"2022-02-09T10:10:02","slug":"google-startet-foerderprogramm-fuer-startups-im-bereich-sustainability","status":"publish","type":"post","link":"https:\/\/www.organisator.ch\/de\/sustainability\/2019-11-07\/google-startet-foerderprogramm-fuer-startups-im-bereich-sustainability\/","title":{"rendered":"Google startet F\u00f6rderprogramm f\u00fcr Startups im Bereich Sustainability"},"content":{"rendered":"<p>&nbsp;<\/p>\n<p>&nbsp;<\/p>\n<figure id=\"attachment_2602\" aria-describedby=\"caption-attachment-2602\" style=\"width: 680px\" class=\"wp-caption alignnone\"><img loading=\"lazy\" decoding=\"async\" class=\"size-medium wp-image-2602\" src=\"\/\/www.umweltperspektiven.ch\/wp-content\/uploads\/2019\/11\/Google-Foerderprogramm-UP-Umwelt-Perpektiven.jpg\" alt=\"\" width=\"680\" height=\"544\" srcset=\"https:\/\/www.organisator.ch\/wp-content\/uploads\/2019\/11\/Google-Foerderprogramm-UP-Umwelt-Perpektiven.jpg 1492w, https:\/\/www.organisator.ch\/wp-content\/uploads\/2019\/11\/Google-Foerderprogramm-UP-Umwelt-Perpektiven-680x544.jpg 680w, https:\/\/www.organisator.ch\/wp-content\/uploads\/2019\/11\/Google-Foerderprogramm-UP-Umwelt-Perpektiven-1024x819.jpg 1024w, https:\/\/www.organisator.ch\/wp-content\/uploads\/2019\/11\/Google-Foerderprogramm-UP-Umwelt-Perpektiven-768x615.jpg 768w, https:\/\/www.organisator.ch\/wp-content\/uploads\/2019\/11\/Google-Foerderprogramm-UP-Umwelt-Perpektiven-15x12.jpg 15w, https:\/\/www.organisator.ch\/wp-content\/uploads\/2019\/11\/Google-Foerderprogramm-UP-Umwelt-Perpektiven-219x175.jpg 219w, https:\/\/www.organisator.ch\/wp-content\/uploads\/2019\/11\/Google-Foerderprogramm-UP-Umwelt-Perpektiven-437x350.jpg 437w, https:\/\/www.organisator.ch\/wp-content\/uploads\/2019\/11\/Google-Foerderprogramm-UP-Umwelt-Perpektiven-1000x800.jpg 1000w, https:\/\/www.organisator.ch\/wp-content\/uploads\/2019\/11\/Google-Foerderprogramm-UP-Umwelt-Perpektiven-920x736.jpg 920w, https:\/\/www.organisator.ch\/wp-content\/uploads\/2019\/11\/Google-Foerderprogramm-UP-Umwelt-Perpektiven-1400x1120.jpg 1400w, https:\/\/www.organisator.ch\/wp-content\/uploads\/2019\/11\/Google-Foerderprogramm-UP-Umwelt-Perpektiven-300x240.jpg 300w\" sizes=\"auto, (max-width: 680px) 100vw, 680px\" \/><figcaption id=\"caption-attachment-2602\" class=\"wp-caption-text\">Mit fast 4000 Mitarbeiterinnen und Mitarbeitern aus 85 Nationen ist Z\u00fcrich der gr\u00f6sste Forschungs- und Entwicklungsstandort von Google ausserhalb der USA. (Bild: Unsplash)<\/figcaption><\/figure>\n<p>Google startet ein F\u00f6rderprogramm f\u00fcr Start-ups, die sich den \u201eSustainable Development Goals\u201c der Vereinten Nationen (SDG) verschrieben haben. Das sechsmonatige Programm f\u00fcr bis zu zehn Start-ups aus Europa und Afrika bietet Zugang zu Schulungen, Produkten und technischem Support sowie Mentoren.<\/p>\n<p><strong>Google Environmental Insights Explorer\u00a0<\/strong><\/p>\n<p>Das Programm wurde von Kate Brandt, der globalen Nachhaltigkeitsbeauftragten von Google, auf dem Web Summit in Lissabon angek\u00fcndigt. Dort sprach Kate Brandt \u00fcber die Rolle der Technologie bei der Bew\u00e4ltigung des Klimawandels und anderer \u00f6kologischer Herausforderungen.<\/p>\n<p>In ihrer Keynote hob sie ausserdem die Aufnahme von 20 weiteren St\u00e4dten in den <a href=\"\/\/prfact.us2.list-manage.com\/track\/click?u=72eb0517e4b8aa98da12be40a&amp;id=4b2e717271&amp;e=ce31f662b3\">Google Environmental Insights Explorer <\/a>hervor, mit denen St\u00e4dte ihre Emissionen messen und verwalten k\u00f6nnen.<\/p>\n<p><em>Weitere Informationen zum Programm finden Sie in <a href=\"\/\/prfact.us2.list-manage.com\/track\/click?u=72eb0517e4b8aa98da12be40a&amp;id=b86ac42918&amp;e=ce31f662b3\">diesem englischen Blogpost<\/a>.<\/em><\/p>\n<p><em>Weitere Informationen zu Googles Arbeit im Bereich Nachhaltigkeit finden Sie auch auf unserer <a href=\"\/\/prfact.us2.list-manage.com\/track\/click?u=72eb0517e4b8aa98da12be40a&amp;id=e8c3a96308&amp;e=ce31f662b3\">Website<\/a>.<\/em><\/p>\n","protected":false},"excerpt":{"rendered":"<p>&nbsp; &nbsp; Google startet ein F\u00f6rderprogramm f\u00fcr Start-ups, die sich den \u201eSustainable Development Goals\u201c der Vereinten Nationen (SDG) verschrieben haben. Das sechsmonatige Programm f\u00fcr bis zu zehn Start-ups aus Europa und Afrika bietet Zugang zu Schulungen, Produkten und technischem Support sowie Mentoren. Google Environmental Insights Explorer\u00a0 Das Programm wurde von Kate Brandt, der globalen Nachhaltigkeitsbeauftragten [&hellip;]<\/p>\n","protected":false},"author":5,"featured_media":2602,"comment_status":"open","ping_status":"open","sticky":false,"template":"","format":"standard","meta":{"_acf_changed":false,"_yoast_wpseo_focuskw":"F\u00f6rderprogramm","_yoast_wpseo_metadesc":"Google startet ein F\u00f6rderprogramm f\u00fcr Startups, die sich den \u201eSustainable Development Goals\u201c der Vereinten Nationen (SDG) verschrieben haben.","articlekey":"","footnotes":""},"categories":[580],"tags":[1138,1212,1307,1937,2098],"class_list":["post-2601","post","type-post","status-publish","format-standard","has-post-thumbnail","hentry","category-sustainability","tag-europa","tag-foerderprogramm","tag-google","tag-portugal","tag-sdg"],"acf":[],"yoast_head":"<!-- This site is optimized with the Yoast SEO plugin v27.4 - https:\/\/yoast.com\/product\/yoast-seo-wordpress\/ -->\n<title>Google startet F\u00f6rderprogramm f\u00fcr Startups im Bereich Sustainability - Organisator<\/title>\n<meta name=\"description\" content=\"Google startet ein F\u00f6rderprogramm f\u00fcr Startups, die sich den \u201eSustainable Development Goals\u201c der Vereinten Nationen (SDG) verschrieben haben.\" \/>\n<meta name=\"robots\" content=\"index, follow, max-snippet:-1, max-image-preview:large, max-video-preview:-1\" \/>\n<link rel=\"canonical\" href=\"https:\/\/www.organisator.ch\/de\/sustainability\/2019-11-07\/google-startet-foerderprogramm-fuer-startups-im-bereich-sustainability\/\" \/>\n<meta property=\"og:locale\" content=\"de_DE\" \/>\n<meta property=\"og:type\" content=\"article\" \/>\n<meta property=\"og:title\" content=\"Google startet F\u00f6rderprogramm f\u00fcr Startups im Bereich Sustainability - Organisator\" \/>\n<meta property=\"og:description\" content=\"Google startet ein F\u00f6rderprogramm f\u00fcr Startups, die sich den \u201eSustainable Development Goals\u201c der Vereinten Nationen (SDG) verschrieben haben.\" \/>\n<meta property=\"og:url\" content=\"https:\/\/www.organisator.ch\/de\/sustainability\/2019-11-07\/google-startet-foerderprogramm-fuer-startups-im-bereich-sustainability\/\" \/>\n<meta property=\"og:site_name\" content=\"Organisator\" \/>\n<meta property=\"article:publisher\" content=\"https:\/\/www.facebook.com\/OrganisatorFachmagazin\" \/>\n<meta property=\"article:published_time\" content=\"2019-11-07T10:46:57+00:00\" \/>\n<meta property=\"article:modified_time\" content=\"2022-02-09T10:10:02+00:00\" \/>\n<meta property=\"og:image\" content=\"https:\/\/www.organisator.ch\/wp-content\/uploads\/2019\/11\/Google-Foerderprogramm-UP-Umwelt-Perpektiven.jpg\" \/>\n\t<meta property=\"og:image:width\" content=\"1492\" \/>\n\t<meta property=\"og:image:height\" content=\"1194\" \/>\n\t<meta property=\"og:image:type\" content=\"image\/jpeg\" \/>\n<meta name=\"author\" content=\"michael.merz\" \/>\n<meta name=\"twitter:card\" content=\"summary_large_image\" \/>\n<script type=\"application\/ld+json\" class=\"yoast-schema-graph\">{\"@context\":\"https:\\\/\\\/schema.org\",\"@graph\":[{\"@type\":\"Article\",\"@id\":\"https:\\\/\\\/www.organisator.ch\\\/sustainability\\\/2019-11-07\\\/google-startet-foerderprogramm-fuer-startups-im-bereich-sustainability\\\/#article\",\"isPartOf\":{\"@id\":\"https:\\\/\\\/www.organisator.ch\\\/sustainability\\\/2019-11-07\\\/google-startet-foerderprogramm-fuer-startups-im-bereich-sustainability\\\/\"},\"author\":{\"name\":\"michael.merz\",\"@id\":\"https:\\\/\\\/www.organisator.ch\\\/#\\\/schema\\\/person\\\/134708ca9321c57b0362cceb7948ffbd\"},\"headline\":\"Google startet F\u00f6rderprogramm f\u00fcr Startups im Bereich Sustainability\",\"datePublished\":\"2019-11-07T10:46:57+00:00\",\"dateModified\":\"2022-02-09T10:10:02+00:00\",\"mainEntityOfPage\":{\"@id\":\"https:\\\/\\\/www.organisator.ch\\\/sustainability\\\/2019-11-07\\\/google-startet-foerderprogramm-fuer-startups-im-bereich-sustainability\\\/\"},\"wordCount\":181,\"commentCount\":0,\"publisher\":{\"@id\":\"https:\\\/\\\/www.organisator.ch\\\/#organization\"},\"image\":{\"@id\":\"https:\\\/\\\/www.organisator.ch\\\/sustainability\\\/2019-11-07\\\/google-startet-foerderprogramm-fuer-startups-im-bereich-sustainability\\\/#primaryimage\"},\"thumbnailUrl\":\"https:\\\/\\\/www.organisator.ch\\\/wp-content\\\/uploads\\\/2019\\\/11\\\/Google-Foerderprogramm-UP-Umwelt-Perpektiven.jpg\",\"keywords\":[\"Europa\",\"F\u00f6rderprogramm\",\"Google\",\"Portugal\",\"SDG\"],\"articleSection\":[\"SUSTAINABILITY\"],\"inLanguage\":\"de\"},{\"@type\":\"WebPage\",\"@id\":\"https:\\\/\\\/www.organisator.ch\\\/sustainability\\\/2019-11-07\\\/google-startet-foerderprogramm-fuer-startups-im-bereich-sustainability\\\/\",\"url\":\"https:\\\/\\\/www.organisator.ch\\\/sustainability\\\/2019-11-07\\\/google-startet-foerderprogramm-fuer-startups-im-bereich-sustainability\\\/\",\"name\":\"Google startet F\u00f6rderprogramm f\u00fcr Startups im Bereich Sustainability - Organisator\",\"isPartOf\":{\"@id\":\"https:\\\/\\\/www.organisator.ch\\\/#website\"},\"primaryImageOfPage\":{\"@id\":\"https:\\\/\\\/www.organisator.ch\\\/sustainability\\\/2019-11-07\\\/google-startet-foerderprogramm-fuer-startups-im-bereich-sustainability\\\/#primaryimage\"},\"image\":{\"@id\":\"https:\\\/\\\/www.organisator.ch\\\/sustainability\\\/2019-11-07\\\/google-startet-foerderprogramm-fuer-startups-im-bereich-sustainability\\\/#primaryimage\"},\"thumbnailUrl\":\"https:\\\/\\\/www.organisator.ch\\\/wp-content\\\/uploads\\\/2019\\\/11\\\/Google-Foerderprogramm-UP-Umwelt-Perpektiven.jpg\",\"datePublished\":\"2019-11-07T10:46:57+00:00\",\"dateModified\":\"2022-02-09T10:10:02+00:00\",\"description\":\"Google startet ein F\u00f6rderprogramm f\u00fcr Startups, die sich den \u201eSustainable Development Goals\u201c der Vereinten Nationen (SDG) verschrieben haben.\",\"breadcrumb\":{\"@id\":\"https:\\\/\\\/www.organisator.ch\\\/sustainability\\\/2019-11-07\\\/google-startet-foerderprogramm-fuer-startups-im-bereich-sustainability\\\/#breadcrumb\"},\"inLanguage\":\"de\",\"potentialAction\":[{\"@type\":\"ReadAction\",\"target\":[\"https:\\\/\\\/www.organisator.ch\\\/sustainability\\\/2019-11-07\\\/google-startet-foerderprogramm-fuer-startups-im-bereich-sustainability\\\/\"]}]},{\"@type\":\"ImageObject\",\"inLanguage\":\"de\",\"@id\":\"https:\\\/\\\/www.organisator.ch\\\/sustainability\\\/2019-11-07\\\/google-startet-foerderprogramm-fuer-startups-im-bereich-sustainability\\\/#primaryimage\",\"url\":\"https:\\\/\\\/www.organisator.ch\\\/wp-content\\\/uploads\\\/2019\\\/11\\\/Google-Foerderprogramm-UP-Umwelt-Perpektiven.jpg\",\"contentUrl\":\"https:\\\/\\\/www.organisator.ch\\\/wp-content\\\/uploads\\\/2019\\\/11\\\/Google-Foerderprogramm-UP-Umwelt-Perpektiven.jpg\",\"width\":1492,\"height\":1194,\"caption\":\"Google ist seit 2004 in der Schweiz t\u00e4tig. Mit fast 4000 Mitarbeiterinnen und Mitarbeitern aus 85 Nationen ist Z\u00fcrich der gr\u00f6sste Forschungs- und Entwicklungsstandort von Google ausserhalb der USA. (Bild: Unsplash)\"},{\"@type\":\"BreadcrumbList\",\"@id\":\"https:\\\/\\\/www.organisator.ch\\\/sustainability\\\/2019-11-07\\\/google-startet-foerderprogramm-fuer-startups-im-bereich-sustainability\\\/#breadcrumb\",\"itemListElement\":[{\"@type\":\"ListItem\",\"position\":1,\"name\":\"Home\",\"item\":\"https:\\\/\\\/www.organisator.ch\\\/\"},{\"@type\":\"ListItem\",\"position\":2,\"name\":\"Google startet F\u00f6rderprogramm f\u00fcr Startups im Bereich Sustainability\"}]},{\"@type\":\"WebSite\",\"@id\":\"https:\\\/\\\/www.organisator.ch\\\/#website\",\"url\":\"https:\\\/\\\/www.organisator.ch\\\/\",\"name\":\"Organisator\",\"description\":\"Kompetent. Praxisnah. Der ORGANISATOR bereitet in 10 Ausgaben pro Jahr die wesentlichen Themen f\u00fcr F\u00fchrungskr\u00e4fte von KMU auf.\",\"publisher\":{\"@id\":\"https:\\\/\\\/www.organisator.ch\\\/#organization\"},\"potentialAction\":[{\"@type\":\"SearchAction\",\"target\":{\"@type\":\"EntryPoint\",\"urlTemplate\":\"https:\\\/\\\/www.organisator.ch\\\/?s={search_term_string}\"},\"query-input\":{\"@type\":\"PropertyValueSpecification\",\"valueRequired\":true,\"valueName\":\"search_term_string\"}}],\"inLanguage\":\"de\"},{\"@type\":\"Organization\",\"@id\":\"https:\\\/\\\/www.organisator.ch\\\/#organization\",\"name\":\"Organisator\",\"url\":\"https:\\\/\\\/www.organisator.ch\\\/\",\"logo\":{\"@type\":\"ImageObject\",\"inLanguage\":\"de\",\"@id\":\"https:\\\/\\\/www.organisator.ch\\\/#\\\/schema\\\/logo\\\/image\\\/\",\"url\":\"https:\\\/\\\/www.organisator.ch\\\/wp-content\\\/uploads\\\/2022\\\/01\\\/Logo_Organisator_Website.png\",\"contentUrl\":\"https:\\\/\\\/www.organisator.ch\\\/wp-content\\\/uploads\\\/2022\\\/01\\\/Logo_Organisator_Website.png\",\"width\":800,\"height\":77,\"caption\":\"Organisator\"},\"image\":{\"@id\":\"https:\\\/\\\/www.organisator.ch\\\/#\\\/schema\\\/logo\\\/image\\\/\"},\"sameAs\":[\"https:\\\/\\\/www.facebook.com\\\/OrganisatorFachmagazin\",\"https:\\\/\\\/www.linkedin.com\\\/showcase\\\/organisator-das-magazin-fr-kmu\",\"https:\\\/\\\/www.xing.com\\\/news\\\/pages\\\/organisator-ch-695\",\"https:\\\/\\\/www.youtube.com\\\/channel\\\/UCGP2Sq0iWaZwT3BdIAQFYpw\"]},{\"@type\":\"Person\",\"@id\":\"https:\\\/\\\/www.organisator.ch\\\/#\\\/schema\\\/person\\\/134708ca9321c57b0362cceb7948ffbd\",\"name\":\"michael.merz\",\"image\":{\"@type\":\"ImageObject\",\"inLanguage\":\"de\",\"@id\":\"https:\\\/\\\/secure.gravatar.com\\\/avatar\\\/?s=96&d=mm&r=g\",\"url\":\"https:\\\/\\\/secure.gravatar.com\\\/avatar\\\/?s=96&d=mm&r=g\",\"contentUrl\":\"https:\\\/\\\/secure.gravatar.com\\\/avatar\\\/?s=96&d=mm&r=g\",\"caption\":\"michael.merz\"},\"url\":\"https:\\\/\\\/www.organisator.ch\\\/de\\\/author\\\/michael-merz\\\/\"}]}<\/script>\n<!-- \/ Yoast SEO plugin. -->","yoast_head_json":{"title":"Google startet F\u00f6rderprogramm f\u00fcr Startups im Bereich Sustainability - Organisator","description":"Google startet ein F\u00f6rderprogramm f\u00fcr Startups, die sich den \u201eSustainable Development Goals\u201c der Vereinten Nationen (SDG) verschrieben haben.","robots":{"index":"index","follow":"follow","max-snippet":"max-snippet:-1","max-image-preview":"max-image-preview:large","max-video-preview":"max-video-preview:-1"},"canonical":"https:\/\/www.organisator.ch\/de\/sustainability\/2019-11-07\/google-startet-foerderprogramm-fuer-startups-im-bereich-sustainability\/","og_locale":"de_DE","og_type":"article","og_title":"Google startet F\u00f6rderprogramm f\u00fcr Startups im Bereich Sustainability - Organisator","og_description":"Google startet ein F\u00f6rderprogramm f\u00fcr Startups, die sich den \u201eSustainable Development Goals\u201c der Vereinten Nationen (SDG) verschrieben haben.","og_url":"https:\/\/www.organisator.ch\/de\/sustainability\/2019-11-07\/google-startet-foerderprogramm-fuer-startups-im-bereich-sustainability\/","og_site_name":"Organisator","article_publisher":"https:\/\/www.facebook.com\/OrganisatorFachmagazin","article_published_time":"2019-11-07T10:46:57+00:00","article_modified_time":"2022-02-09T10:10:02+00:00","og_image":[{"width":1492,"height":1194,"url":"https:\/\/www.organisator.ch\/wp-content\/uploads\/2019\/11\/Google-Foerderprogramm-UP-Umwelt-Perpektiven.jpg","type":"image\/jpeg"}],"author":"michael.merz","twitter_card":"summary_large_image","schema":{"@context":"https:\/\/schema.org","@graph":[{"@type":"Article","@id":"https:\/\/www.organisator.ch\/sustainability\/2019-11-07\/google-startet-foerderprogramm-fuer-startups-im-bereich-sustainability\/#article","isPartOf":{"@id":"https:\/\/www.organisator.ch\/sustainability\/2019-11-07\/google-startet-foerderprogramm-fuer-startups-im-bereich-sustainability\/"},"author":{"name":"michael.merz","@id":"https:\/\/www.organisator.ch\/#\/schema\/person\/134708ca9321c57b0362cceb7948ffbd"},"headline":"Google startet F\u00f6rderprogramm f\u00fcr Startups im Bereich Sustainability","datePublished":"2019-11-07T10:46:57+00:00","dateModified":"2022-02-09T10:10:02+00:00","mainEntityOfPage":{"@id":"https:\/\/www.organisator.ch\/sustainability\/2019-11-07\/google-startet-foerderprogramm-fuer-startups-im-bereich-sustainability\/"},"wordCount":181,"commentCount":0,"publisher":{"@id":"https:\/\/www.organisator.ch\/#organization"},"image":{"@id":"https:\/\/www.organisator.ch\/sustainability\/2019-11-07\/google-startet-foerderprogramm-fuer-startups-im-bereich-sustainability\/#primaryimage"},"thumbnailUrl":"https:\/\/www.organisator.ch\/wp-content\/uploads\/2019\/11\/Google-Foerderprogramm-UP-Umwelt-Perpektiven.jpg","keywords":["Europa","F\u00f6rderprogramm","Google","Portugal","SDG"],"articleSection":["SUSTAINABILITY"],"inLanguage":"de"},{"@type":"WebPage","@id":"https:\/\/www.organisator.ch\/sustainability\/2019-11-07\/google-startet-foerderprogramm-fuer-startups-im-bereich-sustainability\/","url":"https:\/\/www.organisator.ch\/sustainability\/2019-11-07\/google-startet-foerderprogramm-fuer-startups-im-bereich-sustainability\/","name":"Google startet F\u00f6rderprogramm f\u00fcr Startups im Bereich Sustainability - Organisator","isPartOf":{"@id":"https:\/\/www.organisator.ch\/#website"},"primaryImageOfPage":{"@id":"https:\/\/www.organisator.ch\/sustainability\/2019-11-07\/google-startet-foerderprogramm-fuer-startups-im-bereich-sustainability\/#primaryimage"},"image":{"@id":"https:\/\/www.organisator.ch\/sustainability\/2019-11-07\/google-startet-foerderprogramm-fuer-startups-im-bereich-sustainability\/#primaryimage"},"thumbnailUrl":"https:\/\/www.organisator.ch\/wp-content\/uploads\/2019\/11\/Google-Foerderprogramm-UP-Umwelt-Perpektiven.jpg","datePublished":"2019-11-07T10:46:57+00:00","dateModified":"2022-02-09T10:10:02+00:00","description":"Google startet ein F\u00f6rderprogramm f\u00fcr Startups, die sich den \u201eSustainable Development Goals\u201c der Vereinten Nationen (SDG) verschrieben haben.","breadcrumb":{"@id":"https:\/\/www.organisator.ch\/sustainability\/2019-11-07\/google-startet-foerderprogramm-fuer-startups-im-bereich-sustainability\/#breadcrumb"},"inLanguage":"de","potentialAction":[{"@type":"ReadAction","target":["https:\/\/www.organisator.ch\/sustainability\/2019-11-07\/google-startet-foerderprogramm-fuer-startups-im-bereich-sustainability\/"]}]},{"@type":"ImageObject","inLanguage":"de","@id":"https:\/\/www.organisator.ch\/sustainability\/2019-11-07\/google-startet-foerderprogramm-fuer-startups-im-bereich-sustainability\/#primaryimage","url":"https:\/\/www.organisator.ch\/wp-content\/uploads\/2019\/11\/Google-Foerderprogramm-UP-Umwelt-Perpektiven.jpg","contentUrl":"https:\/\/www.organisator.ch\/wp-content\/uploads\/2019\/11\/Google-Foerderprogramm-UP-Umwelt-Perpektiven.jpg","width":1492,"height":1194,"caption":"Google ist seit 2004 in der Schweiz t\u00e4tig. Mit fast 4000 Mitarbeiterinnen und Mitarbeitern aus 85 Nationen ist Z\u00fcrich der gr\u00f6sste Forschungs- und Entwicklungsstandort von Google ausserhalb der USA. (Bild: Unsplash)"},{"@type":"BreadcrumbList","@id":"https:\/\/www.organisator.ch\/sustainability\/2019-11-07\/google-startet-foerderprogramm-fuer-startups-im-bereich-sustainability\/#breadcrumb","itemListElement":[{"@type":"ListItem","position":1,"name":"Home","item":"https:\/\/www.organisator.ch\/"},{"@type":"ListItem","position":2,"name":"Google startet F\u00f6rderprogramm f\u00fcr Startups im Bereich Sustainability"}]},{"@type":"WebSite","@id":"https:\/\/www.organisator.ch\/#website","url":"https:\/\/www.organisator.ch\/","name":"Organisator","description":"Kompetent. Praxisnah. Der ORGANISATOR bereitet in 10 Ausgaben pro Jahr die wesentlichen Themen f\u00fcr F\u00fchrungskr\u00e4fte von KMU auf.","publisher":{"@id":"https:\/\/www.organisator.ch\/#organization"},"potentialAction":[{"@type":"SearchAction","target":{"@type":"EntryPoint","urlTemplate":"https:\/\/www.organisator.ch\/?s={search_term_string}"},"query-input":{"@type":"PropertyValueSpecification","valueRequired":true,"valueName":"search_term_string"}}],"inLanguage":"de"},{"@type":"Organization","@id":"https:\/\/www.organisator.ch\/#organization","name":"Organisator","url":"https:\/\/www.organisator.ch\/","logo":{"@type":"ImageObject","inLanguage":"de","@id":"https:\/\/www.organisator.ch\/#\/schema\/logo\/image\/","url":"https:\/\/www.organisator.ch\/wp-content\/uploads\/2022\/01\/Logo_Organisator_Website.png","contentUrl":"https:\/\/www.organisator.ch\/wp-content\/uploads\/2022\/01\/Logo_Organisator_Website.png","width":800,"height":77,"caption":"Organisator"},"image":{"@id":"https:\/\/www.organisator.ch\/#\/schema\/logo\/image\/"},"sameAs":["https:\/\/www.facebook.com\/OrganisatorFachmagazin","https:\/\/www.linkedin.com\/showcase\/organisator-das-magazin-fr-kmu","https:\/\/www.xing.com\/news\/pages\/organisator-ch-695","https:\/\/www.youtube.com\/channel\/UCGP2Sq0iWaZwT3BdIAQFYpw"]},{"@type":"Person","@id":"https:\/\/www.organisator.ch\/#\/schema\/person\/134708ca9321c57b0362cceb7948ffbd","name":"michael.merz","image":{"@type":"ImageObject","inLanguage":"de","@id":"https:\/\/secure.gravatar.com\/avatar\/?s=96&d=mm&r=g","url":"https:\/\/secure.gravatar.com\/avatar\/?s=96&d=mm&r=g","contentUrl":"https:\/\/secure.gravatar.com\/avatar\/?s=96&d=mm&r=g","caption":"michael.merz"},"url":"https:\/\/www.organisator.ch\/de\/author\/michael-merz\/"}]}},"_links":{"self":[{"href":"https:\/\/www.organisator.ch\/de\/wp-json\/wp\/v2\/posts\/2601","targetHints":{"allow":["GET"]}}],"collection":[{"href":"https:\/\/www.organisator.ch\/de\/wp-json\/wp\/v2\/posts"}],"about":[{"href":"https:\/\/www.organisator.ch\/de\/wp-json\/wp\/v2\/types\/post"}],"author":[{"embeddable":true,"href":"https:\/\/www.organisator.ch\/de\/wp-json\/wp\/v2\/users\/5"}],"replies":[{"embeddable":true,"href":"https:\/\/www.organisator.ch\/de\/wp-json\/wp\/v2\/comments?post=2601"}],"version-history":[{"count":1,"href":"https:\/\/www.organisator.ch\/de\/wp-json\/wp\/v2\/posts\/2601\/revisions"}],"predecessor-version":[{"id":10868,"href":"https:\/\/www.organisator.ch\/de\/wp-json\/wp\/v2\/posts\/2601\/revisions\/10868"}],"wp:featuredmedia":[{"embeddable":true,"href":"https:\/\/www.organisator.ch\/de\/wp-json\/wp\/v2\/media\/2602"}],"wp:attachment":[{"href":"https:\/\/www.organisator.ch\/de\/wp-json\/wp\/v2\/media?parent=2601"}],"wp:term":[{"taxonomy":"category","embeddable":true,"href":"https:\/\/www.organisator.ch\/de\/wp-json\/wp\/v2\/categories?post=2601"},{"taxonomy":"post_tag","embeddable":true,"href":"https:\/\/www.organisator.ch\/de\/wp-json\/wp\/v2\/tags?post=2601"}],"curies":[{"name":"wp","href":"https:\/\/api.w.org\/{rel}","templated":true}]}}