{"id":26043,"date":"2024-03-21T15:59:49","date_gmt":"2024-03-21T14:59:49","guid":{"rendered":"https:\/\/www.werbewoche.ch\/?p=212524"},"modified":"2024-11-11T08:56:12","modified_gmt":"2024-11-11T07:56:12","slug":"twint-erstmalig-an-der-spitze-des-swiss-reputation-rankings","status":"publish","type":"post","link":"https:\/\/www.organisator.ch\/de\/marketing\/2024-03-21\/twint-erstmalig-an-der-spitze-des-swiss-reputation-rankings\/","title":{"rendered":"Twint erstmalig an der Spitze des Swiss Reputation Rankings"},"content":{"rendered":"<p><img class=\"aligncenter wp-image-212527 size-full\" src=\"https:\/\/www.werbewoche.ch\/wp-content\/uploads\/2024\/03\/GfK-SRR_BUSINESS_REFLECTOR-2024-COLOR.jpg\" alt=\"Twint Reputationsranking\" width=\"1200\" height=\"900\" \/><\/p>\r\n<p>In diesem Jahr f\u00fchrt Twint das Reputationsranking an und geh\u00f6rt gem\u00e4ss GfK Switzerland wegen der gestiegenen Bekanntheit in der Schweizer Bev\u00f6lkerung nun zu den bedeutendsten 50 Unternehmen der Schweiz. \u00abDas Unternehmen wird als absolutes Top-Unternehmen gesehen, das bessere Leistungen anbietet als andere Unternehmen der Branche und sich positiv von anderen Unternehmen abhebt. Insbesondere die unter 30-J\u00e4hrigen bewerten Twint ausgesprochen gut\u00bb, so Dr. Anja Reimer von GfK Switzerland.<\/p>\r\n<p>Platz zwei des Rankings belegt das Unternehmen Zweifel, das sich um einen Rang verbessert hat. Die Migros liegt in diesem Jahr auf Rang 3. Laut Anja Reimer k\u00f6nnen sich zwar die Schweizer:innen nach wie vor am st\u00e4rksten mit der Detailh\u00e4ndlerin identifizieren \u2013 bez\u00fcglich sozialmoralischer Wertsch\u00e4tzung konnte die Migros heuer aber weniger punkten.<\/p>\r\n<p>Die folgenden R\u00e4nge belegen Ricola und SBB. Letztere konnte sich um f\u00fcnf R\u00e4nge verbessern und erzielt die h\u00f6chsten Werte bez\u00fcglich der \u00f6kologischen Nachhaltigkeit.<\/p>\r\n<p>Das auf dem sechsten Platz rangierende Unternehmen Rivella konnte sich um 3, die Mobiliar (Rang 7) sogar um sieben R\u00e4nge verbessern. Auf den R\u00e4ngen 8 bis 10 folgen Coop, Lindt &amp; Spr\u00fcngli sowie Geberit.<\/p>\r\n<figure id=\"attachment_212526\" class=\"wp-caption aligncenter\" style=\"width: 1200px\" aria-describedby=\"caption-attachment-212526\"><img class=\"wp-image-212526 size-full\" src=\"https:\/\/www.werbewoche.ch\/wp-content\/uploads\/2024\/03\/GfK-Business-Reflector-Ranking-Unternehmen-2024.jpg\" alt=\"\" width=\"1200\" height=\"933\" \/>\r\n<figcaption id=\"caption-attachment-212526\" class=\"wp-caption-text\">(Grafiken: GfK Switzerland)<\/figcaption>\r\n<\/figure>\r\n<h3><strong>Demographische Unterschiede im Ranking <\/strong><\/h3>\r\n<p>M\u00e4nner beurteilen Zweifel noch etwas besser als Twint und bewerten auch Ricola leicht besser als die Migros. Frauen hingegeben bewerten Twint am besten, gefolgt von der Migros.<\/p>\r\n<p>Deutschschweizer:innen bewerten Rivella, die Mobiliar, Zweifel, Geberit, Ricola und die SBB besser als Westschweizer:innen, wohingegen Coop und Lindt &amp; Spr\u00fcngli bessere Werte in der Westschweiz erzielen.<\/p>\r\n<p>Migros liegt in der Westschweiz auf Rang 2 vor Zweifel, Coop auf Rang 4. F\u00fcr die Westschweizer geh\u00f6ren auch die Kantonalbanken, Logitech sowie ABB zu den Top 10 \u2013 wohingegen die Mobiliar, Geberit und Rivella hier nicht zu den zehn besten Unternehmen geh\u00f6ren.<\/p>\r\n<h3><strong>NPO-Ranking: Rega zum siebten Mal auf Platz 1 <\/strong><\/h3>\r\n<p>Bei den Non-Profit-Organisationen f\u00fchrt zum siebten Mal in Folge die Schweizerische Rettungsflugwacht Rega das Ranking an. \u00abDie Rega geniesst in der Schweizer Bev\u00f6lkerung hohe Sympathiewerte. Die Schweizerinnen und Schweizer identifizieren sich mit der Rega und bescheinigen ihr, dass sie erfolgreich ist und sich positiv von anderen Organisationen abhebt\u00bb, kommentiert Anja Reimer.<\/p>\r\n<p>Auf dem zweiten Platz des Rankings folgt die Schweizer Paraplegiker-Stiftung, gefolgt von dem Schweizerischen Roten Kreuz, das sich um drei R\u00e4nge verbessern konnte. Ebenfalls um einen Rang verbessert hat sich die auf dem vierten Rang liegende Spitex Schweiz. Es folgen \u00c4rzte ohne Grenzen, Fairtrade Max Havelaar sowie auf dem siebten Rang der TCS, der sich um 7 R\u00e4nge verbessern konnte. Auf Rang 8 liegt unver\u00e4ndert die Krebsliga, gefolgt von Bio Suisse und dem WWF Schweiz.<img class=\"aligncenter size-full wp-image-212525\" src=\"https:\/\/www.werbewoche.ch\/wp-content\/uploads\/2024\/03\/GfK-Business-Reflector-Ranking-NPO-2024.jpg\" alt=\"\" width=\"1200\" height=\"1249\" \/><\/p>\r\n<hr \/>\r\n<p><em>Der <strong>GfK Business Reflector<\/strong> misst auf Basis einer bev\u00f6lkerungsrepr\u00e4sentativen Befragung die Reputation der 50 f\u00fchrenden Schweizer Unternehmen und 20 bekanntesten NPOs, vergleicht diese und stellt so j\u00e4hrlich einen branchenu\u0308bergreifenden Seismographen in der Schweizer Unternehmens- und Non-Profit-Landschaft dar. Gemeinsam mit dem Forschungsinstitut fu\u0308r \u00d6ffentlichkeit und Gesellschaft (F\u00f6g) der Universit\u00e4t Zu\u0308rich wurde ein wissenschaftlich fundiertes Messinstrumentarium entwickelt, das Schweizer Marketeers, CSR-Verantwortlichen, Unternehmen und NPOs einen repr\u00e4sentativen Reputationsindex liefern soll. Die Ergebnisse basieren auf \u00fcber 3\u2019500 schweizweit gef\u00fchrten Interviews, welche jeweils von Mitte Januar bis Mitte Februar erhoben werden. Ziel der Studie ist ein objektives und pr\u00e4zises Reputations-Monitoring.<\/em><\/p>","protected":false},"excerpt":{"rendered":"<p>Twint f\u00fchrt erstmals das Swiss Reputation Ranking des GfK an. Auf Rang zwei und drei folgen Zweifel und Migros. Ausserdem steht zum siebten Mal in Folge die Rega an der Spitze des Rankings f\u00fcr Non-Profit-Organisationen.<\/p>\n","protected":false},"author":8,"featured_media":0,"comment_status":"closed","ping_status":"closed","sticky":false,"template":"","format":"standard","meta":{"_acf_changed":false,"_yoast_wpseo_focuskw":"Twint Reputationsranking","_yoast_wpseo_metadesc":"Twint f\u00fchrt das Reputationsranking 2024 an. Bekanntheit und Vertrauen in der Schweizer Bev\u00f6lkerung gestiegen.","articlekey":"","footnotes":""},"categories":[29],"tags":[3610,2617,414],"class_list":["post-26043","post","type-post","status-publish","format-standard","hentry","category-marketing","tag-gfk","tag-marken","tag-reputation"],"acf":[],"yoast_head":"<!-- This site is optimized with the Yoast SEO plugin v27.5 - https:\/\/yoast.com\/product\/yoast-seo-wordpress\/ -->\n<title>Twint erstmalig an der Spitze des Swiss Reputation Rankings - Organisator<\/title>\n<meta name=\"description\" content=\"Twint f\u00fchrt das Reputationsranking 2024 an. Bekanntheit und Vertrauen in der Schweizer Bev\u00f6lkerung gestiegen.\" \/>\n<meta name=\"robots\" content=\"index, follow, max-snippet:-1, max-image-preview:large, max-video-preview:-1\" \/>\n<link rel=\"canonical\" href=\"https:\/\/www.organisator.ch\/de\/marketing\/2024-03-21\/twint-erstmalig-an-der-spitze-des-swiss-reputation-rankings\/\" \/>\n<meta property=\"og:locale\" content=\"de_DE\" \/>\n<meta property=\"og:type\" content=\"article\" \/>\n<meta property=\"og:title\" content=\"Twint erstmalig an der Spitze des Swiss Reputation Rankings - Organisator\" \/>\n<meta property=\"og:description\" content=\"Twint f\u00fchrt das Reputationsranking 2024 an. Bekanntheit und Vertrauen in der Schweizer Bev\u00f6lkerung gestiegen.\" \/>\n<meta property=\"og:url\" content=\"https:\/\/www.organisator.ch\/de\/marketing\/2024-03-21\/twint-erstmalig-an-der-spitze-des-swiss-reputation-rankings\/\" \/>\n<meta property=\"og:site_name\" content=\"Organisator\" \/>\n<meta property=\"article:publisher\" content=\"https:\/\/www.facebook.com\/OrganisatorFachmagazin\" \/>\n<meta property=\"article:published_time\" content=\"2024-03-21T14:59:49+00:00\" \/>\n<meta property=\"article:modified_time\" content=\"2024-11-11T07:56:12+00:00\" \/>\n<meta property=\"og:image\" content=\"https:\/\/www.werbewoche.ch\/wp-content\/uploads\/2024\/03\/GfK-SRR_BUSINESS_REFLECTOR-2024-COLOR.jpg\" \/>\n<meta name=\"author\" content=\"galledia\" \/>\n<meta name=\"twitter:card\" content=\"summary_large_image\" \/>\n<meta name=\"twitter:creator\" content=\"@admin\" \/>\n<script type=\"application\/ld+json\" class=\"yoast-schema-graph\">{\"@context\":\"https:\\\/\\\/schema.org\",\"@graph\":[{\"@type\":\"Article\",\"@id\":\"https:\\\/\\\/www.organisator.ch\\\/marketing\\\/2024-03-21\\\/twint-erstmalig-an-der-spitze-des-swiss-reputation-rankings\\\/#article\",\"isPartOf\":{\"@id\":\"https:\\\/\\\/www.organisator.ch\\\/marketing\\\/2024-03-21\\\/twint-erstmalig-an-der-spitze-des-swiss-reputation-rankings\\\/\"},\"author\":{\"name\":\"galledia\",\"@id\":\"https:\\\/\\\/www.organisator.ch\\\/#\\\/schema\\\/person\\\/4e51799071cd2dd1232ac003643ef5f0\"},\"headline\":\"Twint erstmalig an der Spitze des Swiss Reputation Rankings\",\"datePublished\":\"2024-03-21T14:59:49+00:00\",\"dateModified\":\"2024-11-11T07:56:12+00:00\",\"mainEntityOfPage\":{\"@id\":\"https:\\\/\\\/www.organisator.ch\\\/marketing\\\/2024-03-21\\\/twint-erstmalig-an-der-spitze-des-swiss-reputation-rankings\\\/\"},\"wordCount\":543,\"publisher\":{\"@id\":\"https:\\\/\\\/www.organisator.ch\\\/#organization\"},\"image\":{\"@id\":\"https:\\\/\\\/www.organisator.ch\\\/marketing\\\/2024-03-21\\\/twint-erstmalig-an-der-spitze-des-swiss-reputation-rankings\\\/#primaryimage\"},\"thumbnailUrl\":\"https:\\\/\\\/www.werbewoche.ch\\\/wp-content\\\/uploads\\\/2024\\\/03\\\/GfK-SRR_BUSINESS_REFLECTOR-2024-COLOR.jpg\",\"keywords\":[\"Gfk\",\"Marken\",\"Reputation\"],\"articleSection\":[\"MARKETING\"],\"inLanguage\":\"de\"},{\"@type\":\"WebPage\",\"@id\":\"https:\\\/\\\/www.organisator.ch\\\/marketing\\\/2024-03-21\\\/twint-erstmalig-an-der-spitze-des-swiss-reputation-rankings\\\/\",\"url\":\"https:\\\/\\\/www.organisator.ch\\\/marketing\\\/2024-03-21\\\/twint-erstmalig-an-der-spitze-des-swiss-reputation-rankings\\\/\",\"name\":\"Twint erstmalig an der Spitze des Swiss Reputation Rankings - Organisator\",\"isPartOf\":{\"@id\":\"https:\\\/\\\/www.organisator.ch\\\/#website\"},\"primaryImageOfPage\":{\"@id\":\"https:\\\/\\\/www.organisator.ch\\\/marketing\\\/2024-03-21\\\/twint-erstmalig-an-der-spitze-des-swiss-reputation-rankings\\\/#primaryimage\"},\"image\":{\"@id\":\"https:\\\/\\\/www.organisator.ch\\\/marketing\\\/2024-03-21\\\/twint-erstmalig-an-der-spitze-des-swiss-reputation-rankings\\\/#primaryimage\"},\"thumbnailUrl\":\"https:\\\/\\\/www.werbewoche.ch\\\/wp-content\\\/uploads\\\/2024\\\/03\\\/GfK-SRR_BUSINESS_REFLECTOR-2024-COLOR.jpg\",\"datePublished\":\"2024-03-21T14:59:49+00:00\",\"dateModified\":\"2024-11-11T07:56:12+00:00\",\"description\":\"Twint f\u00fchrt das Reputationsranking 2024 an. Bekanntheit und Vertrauen in der Schweizer Bev\u00f6lkerung gestiegen.\",\"breadcrumb\":{\"@id\":\"https:\\\/\\\/www.organisator.ch\\\/marketing\\\/2024-03-21\\\/twint-erstmalig-an-der-spitze-des-swiss-reputation-rankings\\\/#breadcrumb\"},\"inLanguage\":\"de\",\"potentialAction\":[{\"@type\":\"ReadAction\",\"target\":[\"https:\\\/\\\/www.organisator.ch\\\/marketing\\\/2024-03-21\\\/twint-erstmalig-an-der-spitze-des-swiss-reputation-rankings\\\/\"]}]},{\"@type\":\"ImageObject\",\"inLanguage\":\"de\",\"@id\":\"https:\\\/\\\/www.organisator.ch\\\/marketing\\\/2024-03-21\\\/twint-erstmalig-an-der-spitze-des-swiss-reputation-rankings\\\/#primaryimage\",\"url\":\"https:\\\/\\\/www.werbewoche.ch\\\/wp-content\\\/uploads\\\/2024\\\/03\\\/GfK-SRR_BUSINESS_REFLECTOR-2024-COLOR.jpg\",\"contentUrl\":\"https:\\\/\\\/www.werbewoche.ch\\\/wp-content\\\/uploads\\\/2024\\\/03\\\/GfK-SRR_BUSINESS_REFLECTOR-2024-COLOR.jpg\"},{\"@type\":\"BreadcrumbList\",\"@id\":\"https:\\\/\\\/www.organisator.ch\\\/marketing\\\/2024-03-21\\\/twint-erstmalig-an-der-spitze-des-swiss-reputation-rankings\\\/#breadcrumb\",\"itemListElement\":[{\"@type\":\"ListItem\",\"position\":1,\"name\":\"Home\",\"item\":\"https:\\\/\\\/www.organisator.ch\\\/\"},{\"@type\":\"ListItem\",\"position\":2,\"name\":\"Twint erstmalig an der Spitze des Swiss Reputation Rankings\"}]},{\"@type\":\"WebSite\",\"@id\":\"https:\\\/\\\/www.organisator.ch\\\/#website\",\"url\":\"https:\\\/\\\/www.organisator.ch\\\/\",\"name\":\"Organisator\",\"description\":\"Kompetent. Praxisnah. Der ORGANISATOR bereitet in 10 Ausgaben pro Jahr die wesentlichen Themen f\u00fcr F\u00fchrungskr\u00e4fte von KMU auf.\",\"publisher\":{\"@id\":\"https:\\\/\\\/www.organisator.ch\\\/#organization\"},\"potentialAction\":[{\"@type\":\"SearchAction\",\"target\":{\"@type\":\"EntryPoint\",\"urlTemplate\":\"https:\\\/\\\/www.organisator.ch\\\/?s={search_term_string}\"},\"query-input\":{\"@type\":\"PropertyValueSpecification\",\"valueRequired\":true,\"valueName\":\"search_term_string\"}}],\"inLanguage\":\"de\"},{\"@type\":\"Organization\",\"@id\":\"https:\\\/\\\/www.organisator.ch\\\/#organization\",\"name\":\"Organisator\",\"url\":\"https:\\\/\\\/www.organisator.ch\\\/\",\"logo\":{\"@type\":\"ImageObject\",\"inLanguage\":\"de\",\"@id\":\"https:\\\/\\\/www.organisator.ch\\\/#\\\/schema\\\/logo\\\/image\\\/\",\"url\":\"https:\\\/\\\/www.organisator.ch\\\/wp-content\\\/uploads\\\/2022\\\/01\\\/Logo_Organisator_Website.png\",\"contentUrl\":\"https:\\\/\\\/www.organisator.ch\\\/wp-content\\\/uploads\\\/2022\\\/01\\\/Logo_Organisator_Website.png\",\"width\":800,\"height\":77,\"caption\":\"Organisator\"},\"image\":{\"@id\":\"https:\\\/\\\/www.organisator.ch\\\/#\\\/schema\\\/logo\\\/image\\\/\"},\"sameAs\":[\"https:\\\/\\\/www.facebook.com\\\/OrganisatorFachmagazin\",\"https:\\\/\\\/www.linkedin.com\\\/showcase\\\/organisator-das-magazin-fr-kmu\",\"https:\\\/\\\/www.xing.com\\\/news\\\/pages\\\/organisator-ch-695\",\"https:\\\/\\\/www.youtube.com\\\/channel\\\/UCGP2Sq0iWaZwT3BdIAQFYpw\"]},{\"@type\":\"Person\",\"@id\":\"https:\\\/\\\/www.organisator.ch\\\/#\\\/schema\\\/person\\\/4e51799071cd2dd1232ac003643ef5f0\",\"name\":\"galledia\",\"image\":{\"@type\":\"ImageObject\",\"inLanguage\":\"de\",\"@id\":\"https:\\\/\\\/secure.gravatar.com\\\/avatar\\\/78a7f90c01fc2bfc875782a0d4922b37cde2cf184ce347b91316d23cd7f69a36?s=96&d=mm&r=g\",\"url\":\"https:\\\/\\\/secure.gravatar.com\\\/avatar\\\/78a7f90c01fc2bfc875782a0d4922b37cde2cf184ce347b91316d23cd7f69a36?s=96&d=mm&r=g\",\"contentUrl\":\"https:\\\/\\\/secure.gravatar.com\\\/avatar\\\/78a7f90c01fc2bfc875782a0d4922b37cde2cf184ce347b91316d23cd7f69a36?s=96&d=mm&r=g\",\"caption\":\"galledia\"},\"sameAs\":[\"https:\\\/\\\/x.com\\\/admin\"],\"url\":\"https:\\\/\\\/www.organisator.ch\\\/de\\\/author\\\/galledia\\\/\"}]}<\/script>\n<!-- \/ Yoast SEO plugin. -->","yoast_head_json":{"title":"Twint erstmalig an der Spitze des Swiss Reputation Rankings - Organisator","description":"Twint f\u00fchrt das Reputationsranking 2024 an. Bekanntheit und Vertrauen in der Schweizer Bev\u00f6lkerung gestiegen.","robots":{"index":"index","follow":"follow","max-snippet":"max-snippet:-1","max-image-preview":"max-image-preview:large","max-video-preview":"max-video-preview:-1"},"canonical":"https:\/\/www.organisator.ch\/de\/marketing\/2024-03-21\/twint-erstmalig-an-der-spitze-des-swiss-reputation-rankings\/","og_locale":"de_DE","og_type":"article","og_title":"Twint erstmalig an der Spitze des Swiss Reputation Rankings - Organisator","og_description":"Twint f\u00fchrt das Reputationsranking 2024 an. Bekanntheit und Vertrauen in der Schweizer Bev\u00f6lkerung gestiegen.","og_url":"https:\/\/www.organisator.ch\/de\/marketing\/2024-03-21\/twint-erstmalig-an-der-spitze-des-swiss-reputation-rankings\/","og_site_name":"Organisator","article_publisher":"https:\/\/www.facebook.com\/OrganisatorFachmagazin","article_published_time":"2024-03-21T14:59:49+00:00","article_modified_time":"2024-11-11T07:56:12+00:00","og_image":[{"url":"https:\/\/www.werbewoche.ch\/wp-content\/uploads\/2024\/03\/GfK-SRR_BUSINESS_REFLECTOR-2024-COLOR.jpg","type":"","width":"","height":""}],"author":"galledia","twitter_card":"summary_large_image","twitter_creator":"@admin","schema":{"@context":"https:\/\/schema.org","@graph":[{"@type":"Article","@id":"https:\/\/www.organisator.ch\/marketing\/2024-03-21\/twint-erstmalig-an-der-spitze-des-swiss-reputation-rankings\/#article","isPartOf":{"@id":"https:\/\/www.organisator.ch\/marketing\/2024-03-21\/twint-erstmalig-an-der-spitze-des-swiss-reputation-rankings\/"},"author":{"name":"galledia","@id":"https:\/\/www.organisator.ch\/#\/schema\/person\/4e51799071cd2dd1232ac003643ef5f0"},"headline":"Twint erstmalig an der Spitze des Swiss Reputation Rankings","datePublished":"2024-03-21T14:59:49+00:00","dateModified":"2024-11-11T07:56:12+00:00","mainEntityOfPage":{"@id":"https:\/\/www.organisator.ch\/marketing\/2024-03-21\/twint-erstmalig-an-der-spitze-des-swiss-reputation-rankings\/"},"wordCount":543,"publisher":{"@id":"https:\/\/www.organisator.ch\/#organization"},"image":{"@id":"https:\/\/www.organisator.ch\/marketing\/2024-03-21\/twint-erstmalig-an-der-spitze-des-swiss-reputation-rankings\/#primaryimage"},"thumbnailUrl":"https:\/\/www.werbewoche.ch\/wp-content\/uploads\/2024\/03\/GfK-SRR_BUSINESS_REFLECTOR-2024-COLOR.jpg","keywords":["Gfk","Marken","Reputation"],"articleSection":["MARKETING"],"inLanguage":"de"},{"@type":"WebPage","@id":"https:\/\/www.organisator.ch\/marketing\/2024-03-21\/twint-erstmalig-an-der-spitze-des-swiss-reputation-rankings\/","url":"https:\/\/www.organisator.ch\/marketing\/2024-03-21\/twint-erstmalig-an-der-spitze-des-swiss-reputation-rankings\/","name":"Twint erstmalig an der Spitze des Swiss Reputation Rankings - Organisator","isPartOf":{"@id":"https:\/\/www.organisator.ch\/#website"},"primaryImageOfPage":{"@id":"https:\/\/www.organisator.ch\/marketing\/2024-03-21\/twint-erstmalig-an-der-spitze-des-swiss-reputation-rankings\/#primaryimage"},"image":{"@id":"https:\/\/www.organisator.ch\/marketing\/2024-03-21\/twint-erstmalig-an-der-spitze-des-swiss-reputation-rankings\/#primaryimage"},"thumbnailUrl":"https:\/\/www.werbewoche.ch\/wp-content\/uploads\/2024\/03\/GfK-SRR_BUSINESS_REFLECTOR-2024-COLOR.jpg","datePublished":"2024-03-21T14:59:49+00:00","dateModified":"2024-11-11T07:56:12+00:00","description":"Twint f\u00fchrt das Reputationsranking 2024 an. Bekanntheit und Vertrauen in der Schweizer Bev\u00f6lkerung gestiegen.","breadcrumb":{"@id":"https:\/\/www.organisator.ch\/marketing\/2024-03-21\/twint-erstmalig-an-der-spitze-des-swiss-reputation-rankings\/#breadcrumb"},"inLanguage":"de","potentialAction":[{"@type":"ReadAction","target":["https:\/\/www.organisator.ch\/marketing\/2024-03-21\/twint-erstmalig-an-der-spitze-des-swiss-reputation-rankings\/"]}]},{"@type":"ImageObject","inLanguage":"de","@id":"https:\/\/www.organisator.ch\/marketing\/2024-03-21\/twint-erstmalig-an-der-spitze-des-swiss-reputation-rankings\/#primaryimage","url":"https:\/\/www.werbewoche.ch\/wp-content\/uploads\/2024\/03\/GfK-SRR_BUSINESS_REFLECTOR-2024-COLOR.jpg","contentUrl":"https:\/\/www.werbewoche.ch\/wp-content\/uploads\/2024\/03\/GfK-SRR_BUSINESS_REFLECTOR-2024-COLOR.jpg"},{"@type":"BreadcrumbList","@id":"https:\/\/www.organisator.ch\/marketing\/2024-03-21\/twint-erstmalig-an-der-spitze-des-swiss-reputation-rankings\/#breadcrumb","itemListElement":[{"@type":"ListItem","position":1,"name":"Home","item":"https:\/\/www.organisator.ch\/"},{"@type":"ListItem","position":2,"name":"Twint erstmalig an der Spitze des Swiss Reputation Rankings"}]},{"@type":"WebSite","@id":"https:\/\/www.organisator.ch\/#website","url":"https:\/\/www.organisator.ch\/","name":"Organisator","description":"Kompetent. Praxisnah. Der ORGANISATOR bereitet in 10 Ausgaben pro Jahr die wesentlichen Themen f\u00fcr F\u00fchrungskr\u00e4fte von KMU auf.","publisher":{"@id":"https:\/\/www.organisator.ch\/#organization"},"potentialAction":[{"@type":"SearchAction","target":{"@type":"EntryPoint","urlTemplate":"https:\/\/www.organisator.ch\/?s={search_term_string}"},"query-input":{"@type":"PropertyValueSpecification","valueRequired":true,"valueName":"search_term_string"}}],"inLanguage":"de"},{"@type":"Organization","@id":"https:\/\/www.organisator.ch\/#organization","name":"Organisator","url":"https:\/\/www.organisator.ch\/","logo":{"@type":"ImageObject","inLanguage":"de","@id":"https:\/\/www.organisator.ch\/#\/schema\/logo\/image\/","url":"https:\/\/www.organisator.ch\/wp-content\/uploads\/2022\/01\/Logo_Organisator_Website.png","contentUrl":"https:\/\/www.organisator.ch\/wp-content\/uploads\/2022\/01\/Logo_Organisator_Website.png","width":800,"height":77,"caption":"Organisator"},"image":{"@id":"https:\/\/www.organisator.ch\/#\/schema\/logo\/image\/"},"sameAs":["https:\/\/www.facebook.com\/OrganisatorFachmagazin","https:\/\/www.linkedin.com\/showcase\/organisator-das-magazin-fr-kmu","https:\/\/www.xing.com\/news\/pages\/organisator-ch-695","https:\/\/www.youtube.com\/channel\/UCGP2Sq0iWaZwT3BdIAQFYpw"]},{"@type":"Person","@id":"https:\/\/www.organisator.ch\/#\/schema\/person\/4e51799071cd2dd1232ac003643ef5f0","name":"galledia","image":{"@type":"ImageObject","inLanguage":"de","@id":"https:\/\/secure.gravatar.com\/avatar\/78a7f90c01fc2bfc875782a0d4922b37cde2cf184ce347b91316d23cd7f69a36?s=96&d=mm&r=g","url":"https:\/\/secure.gravatar.com\/avatar\/78a7f90c01fc2bfc875782a0d4922b37cde2cf184ce347b91316d23cd7f69a36?s=96&d=mm&r=g","contentUrl":"https:\/\/secure.gravatar.com\/avatar\/78a7f90c01fc2bfc875782a0d4922b37cde2cf184ce347b91316d23cd7f69a36?s=96&d=mm&r=g","caption":"galledia"},"sameAs":["https:\/\/x.com\/admin"],"url":"https:\/\/www.organisator.ch\/de\/author\/galledia\/"}]}},"_links":{"self":[{"href":"https:\/\/www.organisator.ch\/de\/wp-json\/wp\/v2\/posts\/26043","targetHints":{"allow":["GET"]}}],"collection":[{"href":"https:\/\/www.organisator.ch\/de\/wp-json\/wp\/v2\/posts"}],"about":[{"href":"https:\/\/www.organisator.ch\/de\/wp-json\/wp\/v2\/types\/post"}],"author":[{"embeddable":true,"href":"https:\/\/www.organisator.ch\/de\/wp-json\/wp\/v2\/users\/8"}],"replies":[{"embeddable":true,"href":"https:\/\/www.organisator.ch\/de\/wp-json\/wp\/v2\/comments?post=26043"}],"version-history":[{"count":5,"href":"https:\/\/www.organisator.ch\/de\/wp-json\/wp\/v2\/posts\/26043\/revisions"}],"predecessor-version":[{"id":32359,"href":"https:\/\/www.organisator.ch\/de\/wp-json\/wp\/v2\/posts\/26043\/revisions\/32359"}],"wp:attachment":[{"href":"https:\/\/www.organisator.ch\/de\/wp-json\/wp\/v2\/media?parent=26043"}],"wp:term":[{"taxonomy":"category","embeddable":true,"href":"https:\/\/www.organisator.ch\/de\/wp-json\/wp\/v2\/categories?post=26043"},{"taxonomy":"post_tag","embeddable":true,"href":"https:\/\/www.organisator.ch\/de\/wp-json\/wp\/v2\/tags?post=26043"}],"curies":[{"name":"wp","href":"https:\/\/api.w.org\/{rel}","templated":true}]}}