{"id":26204,"date":"2024-04-02T12:00:25","date_gmt":"2024-04-02T10:00:25","guid":{"rendered":"https:\/\/www.organisator.ch\/?p=26204"},"modified":"2024-04-02T12:00:25","modified_gmt":"2024-04-02T10:00:25","slug":"pirmin-jung-schweiz-ag-mit-neuer-agiler-organisationsstruktur","status":"publish","type":"post","link":"https:\/\/www.organisator.ch\/de\/management\/2024-04-02\/pirmin-jung-schweiz-ag-mit-neuer-agiler-organisationsstruktur\/","title":{"rendered":"Pirmin Jung Schweiz AG mit neuer, agiler Organisationsstruktur"},"content":{"rendered":"<figure id=\"attachment_26210\" aria-describedby=\"caption-attachment-26210\" style=\"width: 680px\" class=\"wp-caption alignnone\"><img loading=\"lazy\" decoding=\"async\" class=\"size-full wp-image-26210\" src=\"https:\/\/www.organisator.ch\/wp-content\/uploads\/2024\/04\/Pirmin-Jung-Schweiz-AG-mit-neuer-agiler-Organisationsstruktur_Organisator.jpg\" alt=\"\" width=\"680\" height=\"493\" srcset=\"https:\/\/www.organisator.ch\/wp-content\/uploads\/2024\/04\/Pirmin-Jung-Schweiz-AG-mit-neuer-agiler-Organisationsstruktur_Organisator.jpg 680w, https:\/\/www.organisator.ch\/wp-content\/uploads\/2024\/04\/Pirmin-Jung-Schweiz-AG-mit-neuer-agiler-Organisationsstruktur_Organisator-18x12.jpg 18w, https:\/\/www.organisator.ch\/wp-content\/uploads\/2024\/04\/Pirmin-Jung-Schweiz-AG-mit-neuer-agiler-Organisationsstruktur_Organisator-375x272.jpg 375w, https:\/\/www.organisator.ch\/wp-content\/uploads\/2024\/04\/Pirmin-Jung-Schweiz-AG-mit-neuer-agiler-Organisationsstruktur_Organisator-483x350.jpg 483w\" sizes=\"auto, (max-width: 680px) 100vw, 680px\" \/><figcaption id=\"caption-attachment-26210\" class=\"wp-caption-text\">Firmeninhaber Pirmin Jung hat zusammen mit seinem F\u00fchrungsteam laufend an der Optimierung der Organisation seines Unternehmens gearbeitet. (Bild: Linda Pollari)<\/figcaption><\/figure>\n<p>Mit der Einf\u00fchrung der agilen Organisation schafft die Pirmin Jung Schweiz AG die Grundlage, um sich kontinuierlich weiterzuentwickeln und so das verantwortungsvolle Bauen mit Holz auch in Zukunft <a href=\"https:\/\/www.organisator.ch\/de\/management\/2023-08-21\/den-holzbau-tragend-weiterentwickeln\/\">tragend mitzugestalten<\/a>, wie das Unternehmen mitteilt.<\/p>\n<h3><strong>Mitentwickeln ausdr\u00fccklich erw\u00fcnscht<\/strong><\/h3>\n<p>Unter der Leitung des Firmeninhabers Pirmin Jung und gemeinsam mit dem F\u00fchrungsteam wurde im letzten Jahr intensiv an der Optimierung der Firmenstruktur gearbeitet um eine zeitgem\u00e4sse Form zu etablieren, die es erm\u00f6glicht, Entscheidungen\u00a0 unabh\u00e4ngig einer Hierarchie am Ort der Entscheidungsfindung zu f\u00e4llen, diese breiter abzust\u00fctzen und m\u00f6glichst viele Mitarbeitende in den Entwicklungsprozess der Firma einzubeziehen. Pirmin Jung erkl\u00e4rt: \u00abWir sind der Meinung, dass wir die immer komplexeren Aufgaben und Fragestellungen f\u00fcr uns als Firma und in den Projekten dann erfolgreich meistern k\u00f6nnen, wenn jeweils die Personen mit der gr\u00f6ssten Kompetenz im Thema die Fragenstellungen im Sinn von Pirmin Jung bearbeiten und entscheiden. \u00bb Die neue Organisationsform ist ein agiler Organismus, der es erlaubt, flexibel auf Herausforderungen zu reagieren und Innovationen voranzutreiben. Im Zentrum unserer Organisation stehen die Projekte und Aufgaben, die wir als Firma bearbeiten. Um diese herum organisieren sich zw\u00f6lf Bereiche. Je nach Projekt und Aufgabe wird aus diesen zur Bearbeitung ein Projektteam mit den erforderlichen F\u00e4higkeiten zusammengestellt. Dies f\u00fchrt zu schnelleren Entscheidungsfindungen, effizienteren Abl\u00e4ufen und agileren Handlungsm\u00f6glichkeiten. Und vor allem: Damit gelingt es uns das Potenzial aller Mitarbeitenden bestm\u00f6glich zu nutzen und zu kombinieren. Nadine H\u00e4nni, Mitglied des F\u00fchrungsteams aus dem Bereich Personal, f\u00fcgt an: \u00abStudien zeigen, dass die heutigen und zuk\u00fcnftigen Generationen mitgestalten wollen und diesem Bed\u00fcrfnis gehen wir nach und bieten allen Mitarbeitenden die M\u00f6glichkeit sich in verschiedenen Thementeams innerhalb der Bereiche einzubringen und Verantwortung zu \u00fcbernehmen\u00bb. Das neue 16-k\u00f6pfige F\u00fchrungsteam, bestehend aus den Leadern der Bereiche, k\u00fcmmert sich um strategische\u00a0Entscheidungen, w\u00e4hrend die neue Organisationsform es erm\u00f6glicht, dass Ideen aus allen Bereichen\u00a0aufgenommen und umgesetzt werden k\u00f6nnen.\u00a0<\/p>\n<h3><strong>Von der Pyramiden- hin zu einer Kreisorganisation<\/strong><\/h3>\n<p>Die bisherige Firmenstruktur war traditionell und als Pyramide aufgebaut. Zuoberst der Vorsitzende der Gesch\u00e4ftsleitung und das wichtigste Entscheidung- und Orientierungsgremium war die Gesch\u00e4ftsleitung. Dieses rigides Top-Down-System wurde bei Pirmin Jung jedoch nie gelebt. Daher war immer mehr der Wunsch da, diese formellen Hierarchien aufzubrechen und Verantwortung zu verteilen. Mit diesen Ver\u00e4nderungen hin zu einer flachen Organisation sichert sich das Unternehmen die weitere Entwicklung und den langfristigen Erfolg. Durch die St\u00e4rkung der internen Zusammenarbeit tr\u00e4gt das Ingenieur- und Planungsb\u00fcro auch zu einem optimierten Ergebnis f\u00fcr die Gesch\u00e4ftspartnerinnen und -partnern bei und positioniert sich dabei auch auf dem Arbeitsmarkt als attraktive Arbeitgeberin.<\/p>\n<p><em>Quelle und weitere Informationen: <a href=\"https:\/\/www.pirminjung.ch\/\">Pirmin Jung Schweiz AG<\/a><\/em><\/p>\n","protected":false},"excerpt":{"rendered":"<p>Die Pirmin Jung Schweiz AG setzt einen neuen Meilenstein in der Unternehmensgeschichte. Seit dem 1. April 2024 wirken sie mit einer neuen Organisation: Weg von linearen Strukturen, hin zu mehr Flexibilit\u00e4t und Agilit\u00e4t \u2013 mit den Kundenprojekten im Zentrum. Pirmin Jung strebt ein selbst organisiertes Unternehmen an, in dem strategische Themen breiter abgest\u00fctzt werden und das Expertenwissen aller Mitarbeitenden optimal genutzt wird. <\/p>\n","protected":false},"author":4,"featured_media":26210,"comment_status":"closed","ping_status":"closed","sticky":false,"template":"","format":"standard","meta":{"_acf_changed":false,"_yoast_wpseo_focuskw":"Pirmin Jung","_yoast_wpseo_metadesc":"Die Pirmin Jung Schweiz AG setzt einen neuen Meilenstein. Seit dem 1. April 2024 wirken sie mit einer neuen, agilen Organisation.","articlekey":"","footnotes":""},"categories":[28],"tags":[32,71,335,492],"class_list":["post-26204","post","type-post","status-publish","format-standard","has-post-thumbnail","hentry","category-management","tag-agile-methoden","tag-baubranche","tag-management-und-unternehmensfuehrung","tag-unternehmen"],"acf":[],"yoast_head":"<!-- This site is optimized with the Yoast SEO plugin v27.4 - https:\/\/yoast.com\/product\/yoast-seo-wordpress\/ -->\n<title>Pirmin Jung Schweiz AG mit neuer, agiler Organisationsstruktur - Organisator<\/title>\n<meta name=\"description\" content=\"Die Pirmin Jung Schweiz AG setzt einen neuen Meilenstein. Seit dem 1. April 2024 wirken sie mit einer neuen, agilen Organisation.\" \/>\n<meta name=\"robots\" content=\"index, follow, max-snippet:-1, max-image-preview:large, max-video-preview:-1\" \/>\n<link rel=\"canonical\" href=\"https:\/\/www.organisator.ch\/de\/management\/2024-04-02\/pirmin-jung-schweiz-ag-mit-neuer-agiler-organisationsstruktur\/\" \/>\n<meta property=\"og:locale\" content=\"de_DE\" \/>\n<meta property=\"og:type\" content=\"article\" \/>\n<meta property=\"og:title\" content=\"Pirmin Jung Schweiz AG mit neuer, agiler Organisationsstruktur\" \/>\n<meta property=\"og:description\" content=\"Die Pirmin Jung Schweiz AG setzt einen neuen Meilenstein. Seit dem 1. April 2024 wirken sie mit einer neuen, agilen Organisation.\" \/>\n<meta property=\"og:url\" content=\"https:\/\/www.organisator.ch\/de\/management\/2024-04-02\/pirmin-jung-schweiz-ag-mit-neuer-agiler-organisationsstruktur\/\" \/>\n<meta property=\"og:site_name\" content=\"Organisator\" \/>\n<meta property=\"article:publisher\" content=\"https:\/\/www.facebook.com\/OrganisatorFachmagazin\" \/>\n<meta property=\"article:published_time\" content=\"2024-04-02T10:00:25+00:00\" \/>\n<meta property=\"og:image\" content=\"https:\/\/www.organisator.ch\/wp-content\/uploads\/2024\/04\/Pirmin-Jung-Schweiz-AG-mit-neuer-agiler-Organisationsstruktur_Organisator.jpg\" \/>\n\t<meta property=\"og:image:width\" content=\"680\" \/>\n\t<meta property=\"og:image:height\" content=\"493\" \/>\n\t<meta property=\"og:image:type\" content=\"image\/jpeg\" \/>\n<meta name=\"author\" content=\"thomas.berner\" \/>\n<meta name=\"twitter:card\" content=\"summary_large_image\" \/>\n<meta name=\"twitter:title\" content=\"#PirminJung Schweiz AG mit neuer, agiler #Organisationsstruktur\" \/>\n<meta name=\"twitter:description\" content=\"Die #PirminJung Schweiz AG setzt einen neuen Meilenstein. Seit dem 1. April 2024 wirken sie mit einer neuen, agilen #Organisation.\" \/>\n<meta name=\"twitter:image\" content=\"https:\/\/www.organisator.ch\/wp-content\/uploads\/2024\/04\/Pirmin-Jung-Schweiz-AG-mit-neuer-agiler-Organisationsstruktur_Organisator.jpg\" \/>\n<script type=\"application\/ld+json\" class=\"yoast-schema-graph\">{\"@context\":\"https:\\\/\\\/schema.org\",\"@graph\":[{\"@type\":\"Article\",\"@id\":\"https:\\\/\\\/www.organisator.ch\\\/management\\\/2024-04-02\\\/pirmin-jung-schweiz-ag-mit-neuer-agiler-organisationsstruktur\\\/#article\",\"isPartOf\":{\"@id\":\"https:\\\/\\\/www.organisator.ch\\\/management\\\/2024-04-02\\\/pirmin-jung-schweiz-ag-mit-neuer-agiler-organisationsstruktur\\\/\"},\"author\":{\"name\":\"thomas.berner\",\"@id\":\"https:\\\/\\\/www.organisator.ch\\\/#\\\/schema\\\/person\\\/6f650f90b2842cd4c0cc334b4e36f67e\"},\"headline\":\"Pirmin Jung Schweiz AG mit neuer, agiler Organisationsstruktur\",\"datePublished\":\"2024-04-02T10:00:25+00:00\",\"mainEntityOfPage\":{\"@id\":\"https:\\\/\\\/www.organisator.ch\\\/management\\\/2024-04-02\\\/pirmin-jung-schweiz-ag-mit-neuer-agiler-organisationsstruktur\\\/\"},\"wordCount\":489,\"publisher\":{\"@id\":\"https:\\\/\\\/www.organisator.ch\\\/#organization\"},\"image\":{\"@id\":\"https:\\\/\\\/www.organisator.ch\\\/management\\\/2024-04-02\\\/pirmin-jung-schweiz-ag-mit-neuer-agiler-organisationsstruktur\\\/#primaryimage\"},\"thumbnailUrl\":\"https:\\\/\\\/www.organisator.ch\\\/wp-content\\\/uploads\\\/2024\\\/04\\\/Pirmin-Jung-Schweiz-AG-mit-neuer-agiler-Organisationsstruktur_Organisator.jpg\",\"keywords\":[\"Agile Methoden\",\"Baubranche\",\"Management und Unternehmensf\u00fchrung\",\"Unternehmen\"],\"articleSection\":[\"MANAGEMENT\"],\"inLanguage\":\"de\"},{\"@type\":\"WebPage\",\"@id\":\"https:\\\/\\\/www.organisator.ch\\\/management\\\/2024-04-02\\\/pirmin-jung-schweiz-ag-mit-neuer-agiler-organisationsstruktur\\\/\",\"url\":\"https:\\\/\\\/www.organisator.ch\\\/management\\\/2024-04-02\\\/pirmin-jung-schweiz-ag-mit-neuer-agiler-organisationsstruktur\\\/\",\"name\":\"Pirmin Jung Schweiz AG mit neuer, agiler Organisationsstruktur - Organisator\",\"isPartOf\":{\"@id\":\"https:\\\/\\\/www.organisator.ch\\\/#website\"},\"primaryImageOfPage\":{\"@id\":\"https:\\\/\\\/www.organisator.ch\\\/management\\\/2024-04-02\\\/pirmin-jung-schweiz-ag-mit-neuer-agiler-organisationsstruktur\\\/#primaryimage\"},\"image\":{\"@id\":\"https:\\\/\\\/www.organisator.ch\\\/management\\\/2024-04-02\\\/pirmin-jung-schweiz-ag-mit-neuer-agiler-organisationsstruktur\\\/#primaryimage\"},\"thumbnailUrl\":\"https:\\\/\\\/www.organisator.ch\\\/wp-content\\\/uploads\\\/2024\\\/04\\\/Pirmin-Jung-Schweiz-AG-mit-neuer-agiler-Organisationsstruktur_Organisator.jpg\",\"datePublished\":\"2024-04-02T10:00:25+00:00\",\"description\":\"Die Pirmin Jung Schweiz AG setzt einen neuen Meilenstein. Seit dem 1. April 2024 wirken sie mit einer neuen, agilen Organisation.\",\"breadcrumb\":{\"@id\":\"https:\\\/\\\/www.organisator.ch\\\/management\\\/2024-04-02\\\/pirmin-jung-schweiz-ag-mit-neuer-agiler-organisationsstruktur\\\/#breadcrumb\"},\"inLanguage\":\"de\",\"potentialAction\":[{\"@type\":\"ReadAction\",\"target\":[\"https:\\\/\\\/www.organisator.ch\\\/management\\\/2024-04-02\\\/pirmin-jung-schweiz-ag-mit-neuer-agiler-organisationsstruktur\\\/\"]}]},{\"@type\":\"ImageObject\",\"inLanguage\":\"de\",\"@id\":\"https:\\\/\\\/www.organisator.ch\\\/management\\\/2024-04-02\\\/pirmin-jung-schweiz-ag-mit-neuer-agiler-organisationsstruktur\\\/#primaryimage\",\"url\":\"https:\\\/\\\/www.organisator.ch\\\/wp-content\\\/uploads\\\/2024\\\/04\\\/Pirmin-Jung-Schweiz-AG-mit-neuer-agiler-Organisationsstruktur_Organisator.jpg\",\"contentUrl\":\"https:\\\/\\\/www.organisator.ch\\\/wp-content\\\/uploads\\\/2024\\\/04\\\/Pirmin-Jung-Schweiz-AG-mit-neuer-agiler-Organisationsstruktur_Organisator.jpg\",\"width\":680,\"height\":493,\"caption\":\"Firmeninhaber Pirmin Jung hat zusammen mit seinem F\u00fchrungsteam laufend an der Optimierung der Organisation seines Unternehmens gearbeitet. (Bild: Linda Pollari)\"},{\"@type\":\"BreadcrumbList\",\"@id\":\"https:\\\/\\\/www.organisator.ch\\\/management\\\/2024-04-02\\\/pirmin-jung-schweiz-ag-mit-neuer-agiler-organisationsstruktur\\\/#breadcrumb\",\"itemListElement\":[{\"@type\":\"ListItem\",\"position\":1,\"name\":\"Home\",\"item\":\"https:\\\/\\\/www.organisator.ch\\\/\"},{\"@type\":\"ListItem\",\"position\":2,\"name\":\"Pirmin Jung Schweiz AG mit neuer, agiler Organisationsstruktur\"}]},{\"@type\":\"WebSite\",\"@id\":\"https:\\\/\\\/www.organisator.ch\\\/#website\",\"url\":\"https:\\\/\\\/www.organisator.ch\\\/\",\"name\":\"Organisator\",\"description\":\"Kompetent. Praxisnah. Der ORGANISATOR bereitet in 10 Ausgaben pro Jahr die wesentlichen Themen f\u00fcr F\u00fchrungskr\u00e4fte von KMU auf.\",\"publisher\":{\"@id\":\"https:\\\/\\\/www.organisator.ch\\\/#organization\"},\"potentialAction\":[{\"@type\":\"SearchAction\",\"target\":{\"@type\":\"EntryPoint\",\"urlTemplate\":\"https:\\\/\\\/www.organisator.ch\\\/?s={search_term_string}\"},\"query-input\":{\"@type\":\"PropertyValueSpecification\",\"valueRequired\":true,\"valueName\":\"search_term_string\"}}],\"inLanguage\":\"de\"},{\"@type\":\"Organization\",\"@id\":\"https:\\\/\\\/www.organisator.ch\\\/#organization\",\"name\":\"Organisator\",\"url\":\"https:\\\/\\\/www.organisator.ch\\\/\",\"logo\":{\"@type\":\"ImageObject\",\"inLanguage\":\"de\",\"@id\":\"https:\\\/\\\/www.organisator.ch\\\/#\\\/schema\\\/logo\\\/image\\\/\",\"url\":\"https:\\\/\\\/www.organisator.ch\\\/wp-content\\\/uploads\\\/2022\\\/01\\\/Logo_Organisator_Website.png\",\"contentUrl\":\"https:\\\/\\\/www.organisator.ch\\\/wp-content\\\/uploads\\\/2022\\\/01\\\/Logo_Organisator_Website.png\",\"width\":800,\"height\":77,\"caption\":\"Organisator\"},\"image\":{\"@id\":\"https:\\\/\\\/www.organisator.ch\\\/#\\\/schema\\\/logo\\\/image\\\/\"},\"sameAs\":[\"https:\\\/\\\/www.facebook.com\\\/OrganisatorFachmagazin\",\"https:\\\/\\\/www.linkedin.com\\\/showcase\\\/organisator-das-magazin-fr-kmu\",\"https:\\\/\\\/www.xing.com\\\/news\\\/pages\\\/organisator-ch-695\",\"https:\\\/\\\/www.youtube.com\\\/channel\\\/UCGP2Sq0iWaZwT3BdIAQFYpw\"]},{\"@type\":\"Person\",\"@id\":\"https:\\\/\\\/www.organisator.ch\\\/#\\\/schema\\\/person\\\/6f650f90b2842cd4c0cc334b4e36f67e\",\"name\":\"thomas.berner\",\"image\":{\"@type\":\"ImageObject\",\"inLanguage\":\"de\",\"@id\":\"https:\\\/\\\/secure.gravatar.com\\\/avatar\\\/ac5001d2a36cb6c6cd3e50789007ffca834b477b74a2144564522e944eabff61?s=96&d=mm&r=g\",\"url\":\"https:\\\/\\\/secure.gravatar.com\\\/avatar\\\/ac5001d2a36cb6c6cd3e50789007ffca834b477b74a2144564522e944eabff61?s=96&d=mm&r=g\",\"contentUrl\":\"https:\\\/\\\/secure.gravatar.com\\\/avatar\\\/ac5001d2a36cb6c6cd3e50789007ffca834b477b74a2144564522e944eabff61?s=96&d=mm&r=g\",\"caption\":\"thomas.berner\"},\"url\":\"https:\\\/\\\/www.organisator.ch\\\/de\\\/author\\\/thomas-berner\\\/\"}]}<\/script>\n<!-- \/ Yoast SEO plugin. -->","yoast_head_json":{"title":"Pirmin Jung Schweiz AG mit neuer, agiler Organisationsstruktur - Organisator","description":"Die Pirmin Jung Schweiz AG setzt einen neuen Meilenstein. Seit dem 1. April 2024 wirken sie mit einer neuen, agilen Organisation.","robots":{"index":"index","follow":"follow","max-snippet":"max-snippet:-1","max-image-preview":"max-image-preview:large","max-video-preview":"max-video-preview:-1"},"canonical":"https:\/\/www.organisator.ch\/de\/management\/2024-04-02\/pirmin-jung-schweiz-ag-mit-neuer-agiler-organisationsstruktur\/","og_locale":"de_DE","og_type":"article","og_title":"Pirmin Jung Schweiz AG mit neuer, agiler Organisationsstruktur","og_description":"Die Pirmin Jung Schweiz AG setzt einen neuen Meilenstein. Seit dem 1. April 2024 wirken sie mit einer neuen, agilen Organisation.","og_url":"https:\/\/www.organisator.ch\/de\/management\/2024-04-02\/pirmin-jung-schweiz-ag-mit-neuer-agiler-organisationsstruktur\/","og_site_name":"Organisator","article_publisher":"https:\/\/www.facebook.com\/OrganisatorFachmagazin","article_published_time":"2024-04-02T10:00:25+00:00","og_image":[{"width":680,"height":493,"url":"https:\/\/www.organisator.ch\/wp-content\/uploads\/2024\/04\/Pirmin-Jung-Schweiz-AG-mit-neuer-agiler-Organisationsstruktur_Organisator.jpg","type":"image\/jpeg"}],"author":"thomas.berner","twitter_card":"summary_large_image","twitter_title":"#PirminJung Schweiz AG mit neuer, agiler #Organisationsstruktur","twitter_description":"Die #PirminJung Schweiz AG setzt einen neuen Meilenstein. Seit dem 1. April 2024 wirken sie mit einer neuen, agilen #Organisation.","twitter_image":"https:\/\/www.organisator.ch\/wp-content\/uploads\/2024\/04\/Pirmin-Jung-Schweiz-AG-mit-neuer-agiler-Organisationsstruktur_Organisator.jpg","schema":{"@context":"https:\/\/schema.org","@graph":[{"@type":"Article","@id":"https:\/\/www.organisator.ch\/management\/2024-04-02\/pirmin-jung-schweiz-ag-mit-neuer-agiler-organisationsstruktur\/#article","isPartOf":{"@id":"https:\/\/www.organisator.ch\/management\/2024-04-02\/pirmin-jung-schweiz-ag-mit-neuer-agiler-organisationsstruktur\/"},"author":{"name":"thomas.berner","@id":"https:\/\/www.organisator.ch\/#\/schema\/person\/6f650f90b2842cd4c0cc334b4e36f67e"},"headline":"Pirmin Jung Schweiz AG mit neuer, agiler Organisationsstruktur","datePublished":"2024-04-02T10:00:25+00:00","mainEntityOfPage":{"@id":"https:\/\/www.organisator.ch\/management\/2024-04-02\/pirmin-jung-schweiz-ag-mit-neuer-agiler-organisationsstruktur\/"},"wordCount":489,"publisher":{"@id":"https:\/\/www.organisator.ch\/#organization"},"image":{"@id":"https:\/\/www.organisator.ch\/management\/2024-04-02\/pirmin-jung-schweiz-ag-mit-neuer-agiler-organisationsstruktur\/#primaryimage"},"thumbnailUrl":"https:\/\/www.organisator.ch\/wp-content\/uploads\/2024\/04\/Pirmin-Jung-Schweiz-AG-mit-neuer-agiler-Organisationsstruktur_Organisator.jpg","keywords":["Agile Methoden","Baubranche","Management und Unternehmensf\u00fchrung","Unternehmen"],"articleSection":["MANAGEMENT"],"inLanguage":"de"},{"@type":"WebPage","@id":"https:\/\/www.organisator.ch\/management\/2024-04-02\/pirmin-jung-schweiz-ag-mit-neuer-agiler-organisationsstruktur\/","url":"https:\/\/www.organisator.ch\/management\/2024-04-02\/pirmin-jung-schweiz-ag-mit-neuer-agiler-organisationsstruktur\/","name":"Pirmin Jung Schweiz AG mit neuer, agiler Organisationsstruktur - Organisator","isPartOf":{"@id":"https:\/\/www.organisator.ch\/#website"},"primaryImageOfPage":{"@id":"https:\/\/www.organisator.ch\/management\/2024-04-02\/pirmin-jung-schweiz-ag-mit-neuer-agiler-organisationsstruktur\/#primaryimage"},"image":{"@id":"https:\/\/www.organisator.ch\/management\/2024-04-02\/pirmin-jung-schweiz-ag-mit-neuer-agiler-organisationsstruktur\/#primaryimage"},"thumbnailUrl":"https:\/\/www.organisator.ch\/wp-content\/uploads\/2024\/04\/Pirmin-Jung-Schweiz-AG-mit-neuer-agiler-Organisationsstruktur_Organisator.jpg","datePublished":"2024-04-02T10:00:25+00:00","description":"Die Pirmin Jung Schweiz AG setzt einen neuen Meilenstein. Seit dem 1. April 2024 wirken sie mit einer neuen, agilen Organisation.","breadcrumb":{"@id":"https:\/\/www.organisator.ch\/management\/2024-04-02\/pirmin-jung-schweiz-ag-mit-neuer-agiler-organisationsstruktur\/#breadcrumb"},"inLanguage":"de","potentialAction":[{"@type":"ReadAction","target":["https:\/\/www.organisator.ch\/management\/2024-04-02\/pirmin-jung-schweiz-ag-mit-neuer-agiler-organisationsstruktur\/"]}]},{"@type":"ImageObject","inLanguage":"de","@id":"https:\/\/www.organisator.ch\/management\/2024-04-02\/pirmin-jung-schweiz-ag-mit-neuer-agiler-organisationsstruktur\/#primaryimage","url":"https:\/\/www.organisator.ch\/wp-content\/uploads\/2024\/04\/Pirmin-Jung-Schweiz-AG-mit-neuer-agiler-Organisationsstruktur_Organisator.jpg","contentUrl":"https:\/\/www.organisator.ch\/wp-content\/uploads\/2024\/04\/Pirmin-Jung-Schweiz-AG-mit-neuer-agiler-Organisationsstruktur_Organisator.jpg","width":680,"height":493,"caption":"Firmeninhaber Pirmin Jung hat zusammen mit seinem F\u00fchrungsteam laufend an der Optimierung der Organisation seines Unternehmens gearbeitet. (Bild: Linda Pollari)"},{"@type":"BreadcrumbList","@id":"https:\/\/www.organisator.ch\/management\/2024-04-02\/pirmin-jung-schweiz-ag-mit-neuer-agiler-organisationsstruktur\/#breadcrumb","itemListElement":[{"@type":"ListItem","position":1,"name":"Home","item":"https:\/\/www.organisator.ch\/"},{"@type":"ListItem","position":2,"name":"Pirmin Jung Schweiz AG mit neuer, agiler Organisationsstruktur"}]},{"@type":"WebSite","@id":"https:\/\/www.organisator.ch\/#website","url":"https:\/\/www.organisator.ch\/","name":"Organisator","description":"Kompetent. Praxisnah. Der ORGANISATOR bereitet in 10 Ausgaben pro Jahr die wesentlichen Themen f\u00fcr F\u00fchrungskr\u00e4fte von KMU auf.","publisher":{"@id":"https:\/\/www.organisator.ch\/#organization"},"potentialAction":[{"@type":"SearchAction","target":{"@type":"EntryPoint","urlTemplate":"https:\/\/www.organisator.ch\/?s={search_term_string}"},"query-input":{"@type":"PropertyValueSpecification","valueRequired":true,"valueName":"search_term_string"}}],"inLanguage":"de"},{"@type":"Organization","@id":"https:\/\/www.organisator.ch\/#organization","name":"Organisator","url":"https:\/\/www.organisator.ch\/","logo":{"@type":"ImageObject","inLanguage":"de","@id":"https:\/\/www.organisator.ch\/#\/schema\/logo\/image\/","url":"https:\/\/www.organisator.ch\/wp-content\/uploads\/2022\/01\/Logo_Organisator_Website.png","contentUrl":"https:\/\/www.organisator.ch\/wp-content\/uploads\/2022\/01\/Logo_Organisator_Website.png","width":800,"height":77,"caption":"Organisator"},"image":{"@id":"https:\/\/www.organisator.ch\/#\/schema\/logo\/image\/"},"sameAs":["https:\/\/www.facebook.com\/OrganisatorFachmagazin","https:\/\/www.linkedin.com\/showcase\/organisator-das-magazin-fr-kmu","https:\/\/www.xing.com\/news\/pages\/organisator-ch-695","https:\/\/www.youtube.com\/channel\/UCGP2Sq0iWaZwT3BdIAQFYpw"]},{"@type":"Person","@id":"https:\/\/www.organisator.ch\/#\/schema\/person\/6f650f90b2842cd4c0cc334b4e36f67e","name":"thomas.berner","image":{"@type":"ImageObject","inLanguage":"de","@id":"https:\/\/secure.gravatar.com\/avatar\/ac5001d2a36cb6c6cd3e50789007ffca834b477b74a2144564522e944eabff61?s=96&d=mm&r=g","url":"https:\/\/secure.gravatar.com\/avatar\/ac5001d2a36cb6c6cd3e50789007ffca834b477b74a2144564522e944eabff61?s=96&d=mm&r=g","contentUrl":"https:\/\/secure.gravatar.com\/avatar\/ac5001d2a36cb6c6cd3e50789007ffca834b477b74a2144564522e944eabff61?s=96&d=mm&r=g","caption":"thomas.berner"},"url":"https:\/\/www.organisator.ch\/de\/author\/thomas-berner\/"}]}},"_links":{"self":[{"href":"https:\/\/www.organisator.ch\/de\/wp-json\/wp\/v2\/posts\/26204","targetHints":{"allow":["GET"]}}],"collection":[{"href":"https:\/\/www.organisator.ch\/de\/wp-json\/wp\/v2\/posts"}],"about":[{"href":"https:\/\/www.organisator.ch\/de\/wp-json\/wp\/v2\/types\/post"}],"author":[{"embeddable":true,"href":"https:\/\/www.organisator.ch\/de\/wp-json\/wp\/v2\/users\/4"}],"replies":[{"embeddable":true,"href":"https:\/\/www.organisator.ch\/de\/wp-json\/wp\/v2\/comments?post=26204"}],"version-history":[{"count":4,"href":"https:\/\/www.organisator.ch\/de\/wp-json\/wp\/v2\/posts\/26204\/revisions"}],"predecessor-version":[{"id":26234,"href":"https:\/\/www.organisator.ch\/de\/wp-json\/wp\/v2\/posts\/26204\/revisions\/26234"}],"wp:featuredmedia":[{"embeddable":true,"href":"https:\/\/www.organisator.ch\/de\/wp-json\/wp\/v2\/media\/26210"}],"wp:attachment":[{"href":"https:\/\/www.organisator.ch\/de\/wp-json\/wp\/v2\/media?parent=26204"}],"wp:term":[{"taxonomy":"category","embeddable":true,"href":"https:\/\/www.organisator.ch\/de\/wp-json\/wp\/v2\/categories?post=26204"},{"taxonomy":"post_tag","embeddable":true,"href":"https:\/\/www.organisator.ch\/de\/wp-json\/wp\/v2\/tags?post=26204"}],"curies":[{"name":"wp","href":"https:\/\/api.w.org\/{rel}","templated":true}]}}