{"id":2626,"date":"2017-10-30T15:32:27","date_gmt":"2017-10-30T14:32:27","guid":{"rendered":"https:\/\/www.organisator.ch\/?p=2626"},"modified":"2017-10-30T15:32:27","modified_gmt":"2017-10-30T14:32:27","slug":"kmu-tag-2017-die-jugend-uebernimmt","status":"publish","type":"post","link":"https:\/\/www.organisator.ch\/de\/allgemein\/2017-10-30\/kmu-tag-2017-die-jugend-uebernimmt\/","title":{"rendered":"KMU-Tag 2017: Die Jugend \u00fcbernimmt\u2026"},"content":{"rendered":"<figure id=\"attachment_2627\" aria-describedby=\"caption-attachment-2627\" style=\"width: 640px\" class=\"wp-caption alignnone\"><img loading=\"lazy\" decoding=\"async\" class=\"size-full wp-image-2627\" src=\"https:\/\/www.organisator.ch\/wp-content\/uploads\/2017\/10\/KMU-Tag2017-1.jpg\" alt=\"\" width=\"640\" height=\"400\" srcset=\"https:\/\/www.organisator.ch\/wp-content\/uploads\/2017\/10\/KMU-Tag2017-1.jpg 640w, https:\/\/www.organisator.ch\/wp-content\/uploads\/2017\/10\/KMU-Tag2017-1-16x10.jpg 16w, https:\/\/www.organisator.ch\/wp-content\/uploads\/2017\/10\/KMU-Tag2017-1-280x175.jpg 280w, https:\/\/www.organisator.ch\/wp-content\/uploads\/2017\/10\/KMU-Tag2017-1-560x350.jpg 560w, https:\/\/www.organisator.ch\/wp-content\/uploads\/2017\/10\/KMU-Tag2017-1-300x188.jpg 300w\" sizes=\"auto, (max-width: 640px) 100vw, 640px\" \/><figcaption id=\"caption-attachment-2627\" class=\"wp-caption-text\">Prof. Dr. Urs Fueglistaller \u00fcbergibt am KMU-Tag 2017 sein Amt als Gastgeber an den jungen Tobias Wolf.<\/figcaption><\/figure>\n<p>\u201eIch kann die Floskeln rund um Wandel nicht mehr h\u00f6ren\u201c. So sprach Prof. Dr. Urs Fueglistaller, der Gastgeber und \u201eVater\u201c des KMU-Tags, in seiner Einleitung. Denn Wandel gab und gibt es bekanntlich schon immer: Bereits 2003, anl\u00e4sslich einer der ersten Durchf\u00fchrungen des KMU-Tags, lautete das Thema \u201eKMU im Wandel\u201c. Und der Wandel macht f\u00fcr dieses Mal auch vor dem Anlass selbst nicht halt. Denn der KMU-Tag 2017 startete mit einer \u201eAmts\u00fcbergabe\u201c. An die Stelle von Prof. Dr. Urs Fueglistaller vom KMU-HSG tritt nun Tobias Wolf, seines Zeichens selbst Absolvent an diesem Institut und Jungunternehmer. Er wird insk\u00fcnftig die Tagungsleitung \u00fcbernehmen \u2013 zu diesem Zweck hielt er von Prof. Fueglistaller schon mal den Schl\u00fcssel f\u00fcr das KMU-Tag-Auto ausgeh\u00e4ndigt, mit der Bemerkung, dass noch auf die Winterreifen gewechselt werden m\u00fcsse\u2026 Prof. Fueglistaller wurde vom Publikum mit stehenden Ovationen in seinen Ruhestand verabschiedet.<\/p>\n<h2>Auch ein Faktor des KMU-Tag 2017: Unternehmerinnen<\/h2>\n<p>Eine j\u00fcngere Generation \u00fcbernimmt nun also den Anlass. Sie soll den aktuellen Wandel verk\u00f6rpern. Und zu ver\u00e4ndern gibt es auch sonst genug. Prof. Dr. Wolfgang Jenewein sprach zum Thema \u201eF\u00fchrung im Wandel\u201c. Er gab einige Empfehlungen ab f\u00fcr \u201edisruptive Zeiten\u201c, in denen wir uns befinden: Wandel braucht nicht nur F\u00fchrung, sondern auch die F\u00fchrung muss sich ver\u00e4ndern. Gefragt seien Agilit\u00e4t und Anpassungsf\u00e4higkeit, dies wirke langfristig besser als nur auf h\u00f6here Effizienz zu setzen. Nicht nur zu managen gelte es, sondern auch zu f\u00fchren, zu beherrschen gelte es dabei das ideale \u201eSowohl als auch.\u201c \u201eManagement ist eine Kompetenz, Leadership eine Attit\u00fcde\u201c, so Jenewein.<\/p>\n<figure id=\"attachment_2628\" aria-describedby=\"caption-attachment-2628\" style=\"width: 640px\" class=\"wp-caption alignnone\"><img loading=\"lazy\" decoding=\"async\" class=\"size-full wp-image-2628\" src=\"https:\/\/www.organisator.ch\/wp-content\/uploads\/2017\/10\/KMU-Tag2017-3.jpg\" alt=\"\" width=\"640\" height=\"291\" srcset=\"https:\/\/www.organisator.ch\/wp-content\/uploads\/2017\/10\/KMU-Tag2017-3.jpg 640w, https:\/\/www.organisator.ch\/wp-content\/uploads\/2017\/10\/KMU-Tag2017-3-16x7.jpg 16w, https:\/\/www.organisator.ch\/wp-content\/uploads\/2017\/10\/KMU-Tag2017-3-375x171.jpg 375w, https:\/\/www.organisator.ch\/wp-content\/uploads\/2017\/10\/KMU-Tag2017-3-300x136.jpg 300w\" sizes=\"auto, (max-width: 640px) 100vw, 640px\" \/><figcaption id=\"caption-attachment-2628\" class=\"wp-caption-text\">Patrizia Laeri (Mitte) im Gespr\u00e4ch mit Gabriela Manser und Prof. Wolfgang Jenewein.<\/figcaption><\/figure>\n<p>Anschliessend unterhielt sich Moderatorin Patrizia Laeri mit der Unternehmerin Gabriela Manser, CEO der Goba AG. Im Zusammenhang mit Ver\u00e4nderung und Unternehmensf\u00fchrung sehe sie ihren Job darin, \u201eVerh\u00e4ltnisse zu schaffen, damit mein Kernteam seine Arbeit tun kann\u201c. Martina Gerster, Gesch\u00e4ftsleiterin der H\u00e4rterei Gerster AG in Egerkingen, erlebt ihr Gesch\u00e4ft im w\u00f6rtlichen Sinn als \u201estahlhart\u201c. Sie sieht allerdings die wirtschaftlichen Ver\u00e4nderungen auch als Chancen \u2013 indes: diese gelte es aber auch erst zu erkennen. Im Wege stehen auf der anderen Seite die immer h\u00f6heren Anforderungen ans Risiko- und Qualit\u00e4tsmanagement. Diese w\u00fcrden sich zunehmend negativ auf die Freude am Entwickeln auswirken.<\/p>\n<figure id=\"attachment_2630\" aria-describedby=\"caption-attachment-2630\" style=\"width: 637px\" class=\"wp-caption alignnone\"><img loading=\"lazy\" decoding=\"async\" class=\"size-full wp-image-2630\" src=\"https:\/\/www.organisator.ch\/wp-content\/uploads\/2017\/10\/KMU-Tag2017-4.jpg\" alt=\"\" width=\"637\" height=\"480\" srcset=\"https:\/\/www.organisator.ch\/wp-content\/uploads\/2017\/10\/KMU-Tag2017-4.jpg 637w, https:\/\/www.organisator.ch\/wp-content\/uploads\/2017\/10\/KMU-Tag2017-4-16x12.jpg 16w, https:\/\/www.organisator.ch\/wp-content\/uploads\/2017\/10\/KMU-Tag2017-4-232x175.jpg 232w, https:\/\/www.organisator.ch\/wp-content\/uploads\/2017\/10\/KMU-Tag2017-4-464x350.jpg 464w, https:\/\/www.organisator.ch\/wp-content\/uploads\/2017\/10\/KMU-Tag2017-4-300x226.jpg 300w\" sizes=\"auto, (max-width: 637px) 100vw, 637px\" \/><figcaption id=\"caption-attachment-2630\" class=\"wp-caption-text\">Ludwig Hasler am KMU-Tag 2017.<\/figcaption><\/figure>\n<h2>Viele analoge Probleme lassen sich nicht digital l\u00f6sen<\/h2>\n<p>Danach\u00a0hatte Ludwig Hasler seinen Auftritt. Er appellierte ans Publikum, keine Angst vor Holzwegen zu haben, man d\u00fcrfe sich durchaus auch mal verrennen. Zum Tagungsthema sagte er: Zuversicht im Wandel setze voraus, sich selbst verwandeln zu k\u00f6nnen. Die Kreativit\u00e4t des Menschen werde immer wichtiger, denn diese k\u00f6nnten die Maschinen auch in Zukunft nicht \u00fcbernehmen. Nach wie vor sei das menschliche Hirn jeder K\u00fcnstlichen Intelligenz \u00fcberlegen. Und: \u201eZuversicht beginnt mit einer Vista, einem Willen. Das alles kommt nicht aus der Digitalit\u00e4t.\u201c<\/p>\n<p>\u201eEntscheidungen sind Wechselkurse\u201c. So lautete die \u00dcberschrift des Referats von Wolfgang Frick. Aus seiner Marketing-Perspektive \u2013 er ist Gesch\u00e4ftsleiter Marketing und Sortimentsmanagement bei SPAR (Schweiz) \u2013 relativierte er einige Errungenschaften des digitalen Wandels. \u201eViele digital entstandene Probleme werden immer noch analog gel\u00f6st, aber nur wenige analoge Probleme lassen sich digital l\u00f6sen.\u201c Sein Appell ans Publikum: Sich weniger von Zahlen leiten zu lassen, sondern durch Vertrauen, verbunden mit Mut: M\u00f6glichkeiten \u2013 umsetzen \u2013 tun.<\/p>\n<figure id=\"attachment_2629\" aria-describedby=\"caption-attachment-2629\" style=\"width: 640px\" class=\"wp-caption alignnone\"><img loading=\"lazy\" decoding=\"async\" class=\"size-full wp-image-2629\" src=\"https:\/\/www.organisator.ch\/wp-content\/uploads\/2017\/10\/KMU-Tag2017-5.jpg\" alt=\"\" width=\"640\" height=\"365\" srcset=\"https:\/\/www.organisator.ch\/wp-content\/uploads\/2017\/10\/KMU-Tag2017-5.jpg 640w, https:\/\/www.organisator.ch\/wp-content\/uploads\/2017\/10\/KMU-Tag2017-5-16x9.jpg 16w, https:\/\/www.organisator.ch\/wp-content\/uploads\/2017\/10\/KMU-Tag2017-5-307x175.jpg 307w, https:\/\/www.organisator.ch\/wp-content\/uploads\/2017\/10\/KMU-Tag2017-5-614x350.jpg 614w, https:\/\/www.organisator.ch\/wp-content\/uploads\/2017\/10\/KMU-Tag2017-5-300x171.jpg 300w\" sizes=\"auto, (max-width: 640px) 100vw, 640px\" \/><figcaption id=\"caption-attachment-2629\" class=\"wp-caption-text\">Philipp Riederle (links) in der Diskussion mit Wolfgang Frick (rechts).<\/figcaption><\/figure>\n<h2>Es wird nur noch &#8222;digitale Generationen&#8220; geben<\/h2>\n<p>Philipp Riederle schliesslich war es, der den Anwesenden die Sicht der jungen Generation nahebrachte. Trotz seiner erst 23 Jahre d\u00fcrfte er vielen Anwesenden einiges voraus haben, etwa die \u00dcberzeugung, dass der Gedanke an ein \u201eEnde der Arbeit\u201c doch nicht so weit hergeholt sein k\u00f6nnte. Es werde derzeit immer noch zu viel \u00fcber \u201eInfrastruktur\u201c diskutiert, zu wenig aber \u00fcber die gesellschaftlichen Entwicklungen. Zudem seien viele Technologien schon lange vorhanden, nur w\u00fcrden deren M\u00f6glichkeiten zu wenig genutzt. Und wenn es mal jemand tut, wird viel lieber dar\u00fcber geklagt, anstatt selbst die Initiative zu ergreifen. So gesehen \u00e4usserte sich Philipp Riederle eher wenig zuversichtlich f\u00fcr die Zukunft. Denn wir seien dabei, viele unsere Chancen zu verspielen. So endete der KMU-Tag 2017 mit einer eher relativierenden Einsch\u00e4tzung \u2013 ausgerechnet von einem Vertreter der jungen Generation.<\/p>\n<figure id=\"attachment_2631\" aria-describedby=\"caption-attachment-2631\" style=\"width: 640px\" class=\"wp-caption alignnone\"><img loading=\"lazy\" decoding=\"async\" class=\"size-full wp-image-2631\" src=\"https:\/\/www.organisator.ch\/wp-content\/uploads\/2017\/10\/KMU-Tag2017-2.jpg\" alt=\"\" width=\"640\" height=\"474\" srcset=\"https:\/\/www.organisator.ch\/wp-content\/uploads\/2017\/10\/KMU-Tag2017-2.jpg 640w, https:\/\/www.organisator.ch\/wp-content\/uploads\/2017\/10\/KMU-Tag2017-2-16x12.jpg 16w, https:\/\/www.organisator.ch\/wp-content\/uploads\/2017\/10\/KMU-Tag2017-2-236x175.jpg 236w, https:\/\/www.organisator.ch\/wp-content\/uploads\/2017\/10\/KMU-Tag2017-2-473x350.jpg 473w, https:\/\/www.organisator.ch\/wp-content\/uploads\/2017\/10\/KMU-Tag2017-2-300x222.jpg 300w\" sizes=\"auto, (max-width: 640px) 100vw, 640px\" \/><figcaption id=\"caption-attachment-2631\" class=\"wp-caption-text\">Ebenfalls eine Vertreterin der jungen Generation: Slam-Poetin und Kabarettistin Hazel Brugger bei einer ihrer frech-frivolen Einlagen.<\/figcaption><\/figure>\n<p><em>Weitere Informationen: <a href=\"http:\/\/www.kmu-tag.ch\">www.kmu-tag.ch<\/a><\/em><\/p>\n","protected":false},"excerpt":{"rendered":"<p>\u201eIch kann die Floskeln rund um Wandel nicht mehr h\u00f6ren\u201c. So sprach Prof. Dr. Urs Fueglistaller, der Gastgeber und \u201eVater\u201c des KMU-Tags, in seiner Einleitung. Denn Wandel gab und gibt es bekanntlich schon immer: Bereits 2003, anl\u00e4sslich einer der ersten Durchf\u00fchrungen des KMU-Tags, lautete das Thema \u201eKMU im Wandel\u201c. Und der Wandel macht f\u00fcr dieses [&hellip;]<\/p>\n","protected":false},"author":4,"featured_media":2627,"comment_status":"open","ping_status":"open","sticky":false,"template":"","format":"standard","meta":{"_acf_changed":false,"_yoast_wpseo_focuskw":"KMU-Tag 2017","_yoast_wpseo_metadesc":"Am 27. Oktober 2017 ging in St.Gallen zum 15. Mal der Schweizer KMU-Tag \u00fcber die B\u00fchne. \"Zuversicht im Wandel\" lautete das Tagungsthema.","articlekey":"","footnotes":""},"categories":[1],"tags":[305,335,502,508,531],"class_list":["post-2626","post","type-post","status-publish","format-standard","has-post-thumbnail","hentry","category-allgemein","tag-kmu-tag","tag-management-und-unternehmensfuehrung","tag-veranstaltungen","tag-vermischtes","tag-wirtschaftspolitik"],"acf":[],"yoast_head":"<!-- This site is optimized with the Yoast SEO plugin v27.4 - https:\/\/yoast.com\/product\/yoast-seo-wordpress\/ -->\n<title>KMU-Tag 2017: Die Jugend \u00fcbernimmt\u2026 - Organisator<\/title>\n<meta name=\"description\" content=\"Am 27. Oktober 2017 ging in St.Gallen zum 15. Mal der Schweizer KMU-Tag \u00fcber die B\u00fchne. &quot;Zuversicht im Wandel&quot; lautete das Tagungsthema.\" \/>\n<meta name=\"robots\" content=\"index, follow, max-snippet:-1, max-image-preview:large, max-video-preview:-1\" \/>\n<link rel=\"canonical\" href=\"https:\/\/www.organisator.ch\/de\/allgemein\/2017-10-30\/kmu-tag-2017-die-jugend-uebernimmt\/\" \/>\n<meta property=\"og:locale\" content=\"de_DE\" \/>\n<meta property=\"og:type\" content=\"article\" \/>\n<meta property=\"og:title\" content=\"KMU-Tag 2017: Die Jugend \u00fcbernimmt\u2026\" \/>\n<meta property=\"og:description\" content=\"Am 27. Oktober 2017 ging in #St.Gallen zum 15. Mal der Schweizer #KMU-Tag \u00fcber die B\u00fchne. Einmal mehr gelang es den Veranstaltern, mit dem Thema \u201eKMU \u2013 Zuversicht im Wandel\u201c den Nerv des Publikums zu treffen.\" \/>\n<meta property=\"og:url\" content=\"https:\/\/www.organisator.ch\/de\/allgemein\/2017-10-30\/kmu-tag-2017-die-jugend-uebernimmt\/\" \/>\n<meta property=\"og:site_name\" content=\"Organisator\" \/>\n<meta property=\"article:publisher\" content=\"https:\/\/www.facebook.com\/OrganisatorFachmagazin\" \/>\n<meta property=\"article:published_time\" content=\"2017-10-30T14:32:27+00:00\" \/>\n<meta property=\"og:image\" content=\"https:\/\/www.organisator.ch\/wp-content\/uploads\/2017\/10\/KMU-Tag2017-1.jpg\" \/>\n\t<meta property=\"og:image:width\" content=\"640\" \/>\n\t<meta property=\"og:image:height\" content=\"400\" \/>\n\t<meta property=\"og:image:type\" content=\"image\/jpeg\" \/>\n<meta name=\"author\" content=\"thomas.berner\" \/>\n<meta name=\"twitter:card\" content=\"summary_large_image\" \/>\n<meta name=\"twitter:title\" content=\"#KMU-Tag 2017: Die #Jugend \u00fcbernimmt\u2026\" \/>\n<meta name=\"twitter:description\" content=\"Am 27. Oktober 2017 ging in #St.Gallen zum 15. Mal der Schweizer #KMU-Tag \u00fcber die B\u00fchne. Einmal mehr gelang es den Veranstaltern, mit dem Thema \u201eKMU \u2013 Zuversicht im Wandel\u201c den Nerv des Publikums zu treffen.\" \/>\n<meta name=\"twitter:image\" content=\"https:\/\/www.organisator.ch\/wp-content\/uploads\/2017\/10\/KMU-Tag2017-5.jpg\" \/>\n<script type=\"application\/ld+json\" class=\"yoast-schema-graph\">{\"@context\":\"https:\\\/\\\/schema.org\",\"@graph\":[{\"@type\":\"Article\",\"@id\":\"https:\\\/\\\/www.organisator.ch\\\/de\\\/allgemein\\\/2017-10-30\\\/kmu-tag-2017-die-jugend-uebernimmt\\\/#article\",\"isPartOf\":{\"@id\":\"https:\\\/\\\/www.organisator.ch\\\/de\\\/allgemein\\\/2017-10-30\\\/kmu-tag-2017-die-jugend-uebernimmt\\\/\"},\"author\":{\"name\":\"thomas.berner\",\"@id\":\"https:\\\/\\\/www.organisator.ch\\\/#\\\/schema\\\/person\\\/6f650f90b2842cd4c0cc334b4e36f67e\"},\"headline\":\"KMU-Tag 2017: Die Jugend \u00fcbernimmt\u2026\",\"datePublished\":\"2017-10-30T14:32:27+00:00\",\"mainEntityOfPage\":{\"@id\":\"https:\\\/\\\/www.organisator.ch\\\/de\\\/allgemein\\\/2017-10-30\\\/kmu-tag-2017-die-jugend-uebernimmt\\\/\"},\"wordCount\":789,\"commentCount\":0,\"publisher\":{\"@id\":\"https:\\\/\\\/www.organisator.ch\\\/#organization\"},\"image\":{\"@id\":\"https:\\\/\\\/www.organisator.ch\\\/de\\\/allgemein\\\/2017-10-30\\\/kmu-tag-2017-die-jugend-uebernimmt\\\/#primaryimage\"},\"thumbnailUrl\":\"https:\\\/\\\/www.organisator.ch\\\/wp-content\\\/uploads\\\/2017\\\/10\\\/KMU-Tag2017-1.jpg\",\"keywords\":[\"KMU-Tag\",\"Management und Unternehmensf\u00fchrung\",\"Veranstaltungen\",\"Vermischtes\",\"Wirtschaftspolitik\"],\"inLanguage\":\"de\"},{\"@type\":\"WebPage\",\"@id\":\"https:\\\/\\\/www.organisator.ch\\\/de\\\/allgemein\\\/2017-10-30\\\/kmu-tag-2017-die-jugend-uebernimmt\\\/\",\"url\":\"https:\\\/\\\/www.organisator.ch\\\/de\\\/allgemein\\\/2017-10-30\\\/kmu-tag-2017-die-jugend-uebernimmt\\\/\",\"name\":\"KMU-Tag 2017: Die Jugend \u00fcbernimmt\u2026 - Organisator\",\"isPartOf\":{\"@id\":\"https:\\\/\\\/www.organisator.ch\\\/#website\"},\"primaryImageOfPage\":{\"@id\":\"https:\\\/\\\/www.organisator.ch\\\/de\\\/allgemein\\\/2017-10-30\\\/kmu-tag-2017-die-jugend-uebernimmt\\\/#primaryimage\"},\"image\":{\"@id\":\"https:\\\/\\\/www.organisator.ch\\\/de\\\/allgemein\\\/2017-10-30\\\/kmu-tag-2017-die-jugend-uebernimmt\\\/#primaryimage\"},\"thumbnailUrl\":\"https:\\\/\\\/www.organisator.ch\\\/wp-content\\\/uploads\\\/2017\\\/10\\\/KMU-Tag2017-1.jpg\",\"datePublished\":\"2017-10-30T14:32:27+00:00\",\"description\":\"Am 27. Oktober 2017 ging in St.Gallen zum 15. Mal der Schweizer KMU-Tag \u00fcber die B\u00fchne. \\\"Zuversicht im Wandel\\\" lautete das Tagungsthema.\",\"breadcrumb\":{\"@id\":\"https:\\\/\\\/www.organisator.ch\\\/de\\\/allgemein\\\/2017-10-30\\\/kmu-tag-2017-die-jugend-uebernimmt\\\/#breadcrumb\"},\"inLanguage\":\"de\",\"potentialAction\":[{\"@type\":\"ReadAction\",\"target\":[\"https:\\\/\\\/www.organisator.ch\\\/de\\\/allgemein\\\/2017-10-30\\\/kmu-tag-2017-die-jugend-uebernimmt\\\/\"]}]},{\"@type\":\"ImageObject\",\"inLanguage\":\"de\",\"@id\":\"https:\\\/\\\/www.organisator.ch\\\/de\\\/allgemein\\\/2017-10-30\\\/kmu-tag-2017-die-jugend-uebernimmt\\\/#primaryimage\",\"url\":\"https:\\\/\\\/www.organisator.ch\\\/wp-content\\\/uploads\\\/2017\\\/10\\\/KMU-Tag2017-1.jpg\",\"contentUrl\":\"https:\\\/\\\/www.organisator.ch\\\/wp-content\\\/uploads\\\/2017\\\/10\\\/KMU-Tag2017-1.jpg\",\"width\":640,\"height\":400,\"caption\":\"Prof. Dr. Urs Fueglistaller \u00fcbergibt am KMU-Tag 2017 sein Amt als Gastgeber an den jungen Tobias Wolf.\"},{\"@type\":\"BreadcrumbList\",\"@id\":\"https:\\\/\\\/www.organisator.ch\\\/de\\\/allgemein\\\/2017-10-30\\\/kmu-tag-2017-die-jugend-uebernimmt\\\/#breadcrumb\",\"itemListElement\":[{\"@type\":\"ListItem\",\"position\":1,\"name\":\"Home\",\"item\":\"https:\\\/\\\/www.organisator.ch\\\/\"},{\"@type\":\"ListItem\",\"position\":2,\"name\":\"KMU-Tag 2017: Die Jugend \u00fcbernimmt\u2026\"}]},{\"@type\":\"WebSite\",\"@id\":\"https:\\\/\\\/www.organisator.ch\\\/#website\",\"url\":\"https:\\\/\\\/www.organisator.ch\\\/\",\"name\":\"Organisator\",\"description\":\"Kompetent. Praxisnah. Der ORGANISATOR bereitet in 10 Ausgaben pro Jahr die wesentlichen Themen f\u00fcr F\u00fchrungskr\u00e4fte von KMU auf.\",\"publisher\":{\"@id\":\"https:\\\/\\\/www.organisator.ch\\\/#organization\"},\"potentialAction\":[{\"@type\":\"SearchAction\",\"target\":{\"@type\":\"EntryPoint\",\"urlTemplate\":\"https:\\\/\\\/www.organisator.ch\\\/?s={search_term_string}\"},\"query-input\":{\"@type\":\"PropertyValueSpecification\",\"valueRequired\":true,\"valueName\":\"search_term_string\"}}],\"inLanguage\":\"de\"},{\"@type\":\"Organization\",\"@id\":\"https:\\\/\\\/www.organisator.ch\\\/#organization\",\"name\":\"Organisator\",\"url\":\"https:\\\/\\\/www.organisator.ch\\\/\",\"logo\":{\"@type\":\"ImageObject\",\"inLanguage\":\"de\",\"@id\":\"https:\\\/\\\/www.organisator.ch\\\/#\\\/schema\\\/logo\\\/image\\\/\",\"url\":\"https:\\\/\\\/www.organisator.ch\\\/wp-content\\\/uploads\\\/2022\\\/01\\\/Logo_Organisator_Website.png\",\"contentUrl\":\"https:\\\/\\\/www.organisator.ch\\\/wp-content\\\/uploads\\\/2022\\\/01\\\/Logo_Organisator_Website.png\",\"width\":800,\"height\":77,\"caption\":\"Organisator\"},\"image\":{\"@id\":\"https:\\\/\\\/www.organisator.ch\\\/#\\\/schema\\\/logo\\\/image\\\/\"},\"sameAs\":[\"https:\\\/\\\/www.facebook.com\\\/OrganisatorFachmagazin\",\"https:\\\/\\\/www.linkedin.com\\\/showcase\\\/organisator-das-magazin-fr-kmu\",\"https:\\\/\\\/www.xing.com\\\/news\\\/pages\\\/organisator-ch-695\",\"https:\\\/\\\/www.youtube.com\\\/channel\\\/UCGP2Sq0iWaZwT3BdIAQFYpw\"]},{\"@type\":\"Person\",\"@id\":\"https:\\\/\\\/www.organisator.ch\\\/#\\\/schema\\\/person\\\/6f650f90b2842cd4c0cc334b4e36f67e\",\"name\":\"thomas.berner\",\"image\":{\"@type\":\"ImageObject\",\"inLanguage\":\"de\",\"@id\":\"https:\\\/\\\/secure.gravatar.com\\\/avatar\\\/ac5001d2a36cb6c6cd3e50789007ffca834b477b74a2144564522e944eabff61?s=96&d=mm&r=g\",\"url\":\"https:\\\/\\\/secure.gravatar.com\\\/avatar\\\/ac5001d2a36cb6c6cd3e50789007ffca834b477b74a2144564522e944eabff61?s=96&d=mm&r=g\",\"contentUrl\":\"https:\\\/\\\/secure.gravatar.com\\\/avatar\\\/ac5001d2a36cb6c6cd3e50789007ffca834b477b74a2144564522e944eabff61?s=96&d=mm&r=g\",\"caption\":\"thomas.berner\"},\"url\":\"https:\\\/\\\/www.organisator.ch\\\/de\\\/author\\\/thomas-berner\\\/\"}]}<\/script>\n<!-- \/ Yoast SEO plugin. -->","yoast_head_json":{"title":"KMU-Tag 2017: Die Jugend \u00fcbernimmt\u2026 - Organisator","description":"Am 27. Oktober 2017 ging in St.Gallen zum 15. Mal der Schweizer KMU-Tag \u00fcber die B\u00fchne. \"Zuversicht im Wandel\" lautete das Tagungsthema.","robots":{"index":"index","follow":"follow","max-snippet":"max-snippet:-1","max-image-preview":"max-image-preview:large","max-video-preview":"max-video-preview:-1"},"canonical":"https:\/\/www.organisator.ch\/de\/allgemein\/2017-10-30\/kmu-tag-2017-die-jugend-uebernimmt\/","og_locale":"de_DE","og_type":"article","og_title":"KMU-Tag 2017: Die Jugend \u00fcbernimmt\u2026","og_description":"Am 27. Oktober 2017 ging in #St.Gallen zum 15. Mal der Schweizer #KMU-Tag \u00fcber die B\u00fchne. Einmal mehr gelang es den Veranstaltern, mit dem Thema \u201eKMU \u2013 Zuversicht im Wandel\u201c den Nerv des Publikums zu treffen.","og_url":"https:\/\/www.organisator.ch\/de\/allgemein\/2017-10-30\/kmu-tag-2017-die-jugend-uebernimmt\/","og_site_name":"Organisator","article_publisher":"https:\/\/www.facebook.com\/OrganisatorFachmagazin","article_published_time":"2017-10-30T14:32:27+00:00","og_image":[{"width":640,"height":400,"url":"https:\/\/www.organisator.ch\/wp-content\/uploads\/2017\/10\/KMU-Tag2017-1.jpg","type":"image\/jpeg"}],"author":"thomas.berner","twitter_card":"summary_large_image","twitter_title":"#KMU-Tag 2017: Die #Jugend \u00fcbernimmt\u2026","twitter_description":"Am 27. Oktober 2017 ging in #St.Gallen zum 15. Mal der Schweizer #KMU-Tag \u00fcber die B\u00fchne. Einmal mehr gelang es den Veranstaltern, mit dem Thema \u201eKMU \u2013 Zuversicht im Wandel\u201c den Nerv des Publikums zu treffen.","twitter_image":"https:\/\/www.organisator.ch\/wp-content\/uploads\/2017\/10\/KMU-Tag2017-5.jpg","schema":{"@context":"https:\/\/schema.org","@graph":[{"@type":"Article","@id":"https:\/\/www.organisator.ch\/de\/allgemein\/2017-10-30\/kmu-tag-2017-die-jugend-uebernimmt\/#article","isPartOf":{"@id":"https:\/\/www.organisator.ch\/de\/allgemein\/2017-10-30\/kmu-tag-2017-die-jugend-uebernimmt\/"},"author":{"name":"thomas.berner","@id":"https:\/\/www.organisator.ch\/#\/schema\/person\/6f650f90b2842cd4c0cc334b4e36f67e"},"headline":"KMU-Tag 2017: Die Jugend \u00fcbernimmt\u2026","datePublished":"2017-10-30T14:32:27+00:00","mainEntityOfPage":{"@id":"https:\/\/www.organisator.ch\/de\/allgemein\/2017-10-30\/kmu-tag-2017-die-jugend-uebernimmt\/"},"wordCount":789,"commentCount":0,"publisher":{"@id":"https:\/\/www.organisator.ch\/#organization"},"image":{"@id":"https:\/\/www.organisator.ch\/de\/allgemein\/2017-10-30\/kmu-tag-2017-die-jugend-uebernimmt\/#primaryimage"},"thumbnailUrl":"https:\/\/www.organisator.ch\/wp-content\/uploads\/2017\/10\/KMU-Tag2017-1.jpg","keywords":["KMU-Tag","Management und Unternehmensf\u00fchrung","Veranstaltungen","Vermischtes","Wirtschaftspolitik"],"inLanguage":"de"},{"@type":"WebPage","@id":"https:\/\/www.organisator.ch\/de\/allgemein\/2017-10-30\/kmu-tag-2017-die-jugend-uebernimmt\/","url":"https:\/\/www.organisator.ch\/de\/allgemein\/2017-10-30\/kmu-tag-2017-die-jugend-uebernimmt\/","name":"KMU-Tag 2017: Die Jugend \u00fcbernimmt\u2026 - Organisator","isPartOf":{"@id":"https:\/\/www.organisator.ch\/#website"},"primaryImageOfPage":{"@id":"https:\/\/www.organisator.ch\/de\/allgemein\/2017-10-30\/kmu-tag-2017-die-jugend-uebernimmt\/#primaryimage"},"image":{"@id":"https:\/\/www.organisator.ch\/de\/allgemein\/2017-10-30\/kmu-tag-2017-die-jugend-uebernimmt\/#primaryimage"},"thumbnailUrl":"https:\/\/www.organisator.ch\/wp-content\/uploads\/2017\/10\/KMU-Tag2017-1.jpg","datePublished":"2017-10-30T14:32:27+00:00","description":"Am 27. Oktober 2017 ging in St.Gallen zum 15. Mal der Schweizer KMU-Tag \u00fcber die B\u00fchne. \"Zuversicht im Wandel\" lautete das Tagungsthema.","breadcrumb":{"@id":"https:\/\/www.organisator.ch\/de\/allgemein\/2017-10-30\/kmu-tag-2017-die-jugend-uebernimmt\/#breadcrumb"},"inLanguage":"de","potentialAction":[{"@type":"ReadAction","target":["https:\/\/www.organisator.ch\/de\/allgemein\/2017-10-30\/kmu-tag-2017-die-jugend-uebernimmt\/"]}]},{"@type":"ImageObject","inLanguage":"de","@id":"https:\/\/www.organisator.ch\/de\/allgemein\/2017-10-30\/kmu-tag-2017-die-jugend-uebernimmt\/#primaryimage","url":"https:\/\/www.organisator.ch\/wp-content\/uploads\/2017\/10\/KMU-Tag2017-1.jpg","contentUrl":"https:\/\/www.organisator.ch\/wp-content\/uploads\/2017\/10\/KMU-Tag2017-1.jpg","width":640,"height":400,"caption":"Prof. Dr. Urs Fueglistaller \u00fcbergibt am KMU-Tag 2017 sein Amt als Gastgeber an den jungen Tobias Wolf."},{"@type":"BreadcrumbList","@id":"https:\/\/www.organisator.ch\/de\/allgemein\/2017-10-30\/kmu-tag-2017-die-jugend-uebernimmt\/#breadcrumb","itemListElement":[{"@type":"ListItem","position":1,"name":"Home","item":"https:\/\/www.organisator.ch\/"},{"@type":"ListItem","position":2,"name":"KMU-Tag 2017: Die Jugend \u00fcbernimmt\u2026"}]},{"@type":"WebSite","@id":"https:\/\/www.organisator.ch\/#website","url":"https:\/\/www.organisator.ch\/","name":"Organisator","description":"Kompetent. Praxisnah. Der ORGANISATOR bereitet in 10 Ausgaben pro Jahr die wesentlichen Themen f\u00fcr F\u00fchrungskr\u00e4fte von KMU auf.","publisher":{"@id":"https:\/\/www.organisator.ch\/#organization"},"potentialAction":[{"@type":"SearchAction","target":{"@type":"EntryPoint","urlTemplate":"https:\/\/www.organisator.ch\/?s={search_term_string}"},"query-input":{"@type":"PropertyValueSpecification","valueRequired":true,"valueName":"search_term_string"}}],"inLanguage":"de"},{"@type":"Organization","@id":"https:\/\/www.organisator.ch\/#organization","name":"Organisator","url":"https:\/\/www.organisator.ch\/","logo":{"@type":"ImageObject","inLanguage":"de","@id":"https:\/\/www.organisator.ch\/#\/schema\/logo\/image\/","url":"https:\/\/www.organisator.ch\/wp-content\/uploads\/2022\/01\/Logo_Organisator_Website.png","contentUrl":"https:\/\/www.organisator.ch\/wp-content\/uploads\/2022\/01\/Logo_Organisator_Website.png","width":800,"height":77,"caption":"Organisator"},"image":{"@id":"https:\/\/www.organisator.ch\/#\/schema\/logo\/image\/"},"sameAs":["https:\/\/www.facebook.com\/OrganisatorFachmagazin","https:\/\/www.linkedin.com\/showcase\/organisator-das-magazin-fr-kmu","https:\/\/www.xing.com\/news\/pages\/organisator-ch-695","https:\/\/www.youtube.com\/channel\/UCGP2Sq0iWaZwT3BdIAQFYpw"]},{"@type":"Person","@id":"https:\/\/www.organisator.ch\/#\/schema\/person\/6f650f90b2842cd4c0cc334b4e36f67e","name":"thomas.berner","image":{"@type":"ImageObject","inLanguage":"de","@id":"https:\/\/secure.gravatar.com\/avatar\/ac5001d2a36cb6c6cd3e50789007ffca834b477b74a2144564522e944eabff61?s=96&d=mm&r=g","url":"https:\/\/secure.gravatar.com\/avatar\/ac5001d2a36cb6c6cd3e50789007ffca834b477b74a2144564522e944eabff61?s=96&d=mm&r=g","contentUrl":"https:\/\/secure.gravatar.com\/avatar\/ac5001d2a36cb6c6cd3e50789007ffca834b477b74a2144564522e944eabff61?s=96&d=mm&r=g","caption":"thomas.berner"},"url":"https:\/\/www.organisator.ch\/de\/author\/thomas-berner\/"}]}},"_links":{"self":[{"href":"https:\/\/www.organisator.ch\/de\/wp-json\/wp\/v2\/posts\/2626","targetHints":{"allow":["GET"]}}],"collection":[{"href":"https:\/\/www.organisator.ch\/de\/wp-json\/wp\/v2\/posts"}],"about":[{"href":"https:\/\/www.organisator.ch\/de\/wp-json\/wp\/v2\/types\/post"}],"author":[{"embeddable":true,"href":"https:\/\/www.organisator.ch\/de\/wp-json\/wp\/v2\/users\/4"}],"replies":[{"embeddable":true,"href":"https:\/\/www.organisator.ch\/de\/wp-json\/wp\/v2\/comments?post=2626"}],"version-history":[{"count":0,"href":"https:\/\/www.organisator.ch\/de\/wp-json\/wp\/v2\/posts\/2626\/revisions"}],"wp:featuredmedia":[{"embeddable":true,"href":"https:\/\/www.organisator.ch\/de\/wp-json\/wp\/v2\/media\/2627"}],"wp:attachment":[{"href":"https:\/\/www.organisator.ch\/de\/wp-json\/wp\/v2\/media?parent=2626"}],"wp:term":[{"taxonomy":"category","embeddable":true,"href":"https:\/\/www.organisator.ch\/de\/wp-json\/wp\/v2\/categories?post=2626"},{"taxonomy":"post_tag","embeddable":true,"href":"https:\/\/www.organisator.ch\/de\/wp-json\/wp\/v2\/tags?post=2626"}],"curies":[{"name":"wp","href":"https:\/\/api.w.org\/{rel}","templated":true}]}}