{"id":2640,"date":"2017-11-01T17:10:49","date_gmt":"2017-11-01T16:10:49","guid":{"rendered":"https:\/\/www.organisator.ch\/?p=2640"},"modified":"2017-11-01T17:10:49","modified_gmt":"2017-11-01T16:10:49","slug":"export-award-2018-international-erfolgreiche-unternehmen-gesucht","status":"publish","type":"post","link":"https:\/\/www.organisator.ch\/de\/allgemein\/2017-11-01\/export-award-2018-international-erfolgreiche-unternehmen-gesucht\/","title":{"rendered":"Export Award 2018: International erfolgreiche Unternehmen gesucht"},"content":{"rendered":"<figure id=\"attachment_2642\" aria-describedby=\"caption-attachment-2642\" style=\"width: 640px\" class=\"wp-caption alignnone\"><img loading=\"lazy\" decoding=\"async\" class=\"size-full wp-image-2642\" src=\"https:\/\/www.organisator.ch\/wp-content\/uploads\/2017\/11\/Export-Award-2018-International-erfolgreiche-Unternehmen-gesucht_Organisator.jpg\" alt=\"\" width=\"640\" height=\"426\" srcset=\"https:\/\/www.organisator.ch\/wp-content\/uploads\/2017\/11\/Export-Award-2018-International-erfolgreiche-Unternehmen-gesucht_Organisator.jpg 640w, https:\/\/www.organisator.ch\/wp-content\/uploads\/2017\/11\/Export-Award-2018-International-erfolgreiche-Unternehmen-gesucht_Organisator-16x12.jpg 16w, https:\/\/www.organisator.ch\/wp-content\/uploads\/2017\/11\/Export-Award-2018-International-erfolgreiche-Unternehmen-gesucht_Organisator-263x175.jpg 263w, https:\/\/www.organisator.ch\/wp-content\/uploads\/2017\/11\/Export-Award-2018-International-erfolgreiche-Unternehmen-gesucht_Organisator-526x350.jpg 526w, https:\/\/www.organisator.ch\/wp-content\/uploads\/2017\/11\/Export-Award-2018-International-erfolgreiche-Unternehmen-gesucht_Organisator-300x200.jpg 300w\" sizes=\"auto, (max-width: 640px) 100vw, 640px\" \/><figcaption id=\"caption-attachment-2642\" class=\"wp-caption-text\">Wer gewinnt den Export Award 2018? International t\u00e4tige KMU aus der Schweiz und Liechtenstein k\u00f6nnen sich jetzt bewerben. (Bild: Switzerland Global Enterprise)<\/figcaption><\/figure>\n<p>Der\u00a0Export Award\u00a0soll zeigen, wie erfolgreich sich Schweizer und Liechtensteiner Unternehmen in der globalen Wirtschaft positioniert haben. \u00dcberreicht wird der Award im Rahmen des\u00a0<a href=\"https:\/\/www.s-ge.com\/de\/aussenwirtschaftsforum?cmb_route=\/en\/forum-swiss-foreign-trade&amp;cmb_cid\">Aussenwirtschaftsforums<\/a>\u00a0vor 600 G\u00e4sten aus der Schweizer Exportwirtschaft von Ruth Metzler-Arnold, VR-Pr\u00e4sidentin von S-GE. Der Preis richtet sich insbesondere an kleine und mittelgrosse Firmen. Die Geschichte der Gewinner dient anderen KMU als Inspiration f\u00fcr eigene Expansionsvorhaben.<\/p>\n<h2>Neuer Pr\u00e4sident mit langj\u00e4hriger internationaler Gesch\u00e4ftserfahrung<\/h2>\n<p>Die unabh\u00e4ngige Jury setzt sich aus Pers\u00f6nlichkeiten der Schweizer Wirtschaft, Wissenschaft und Medienwelt zusammen. 2018 kommt sie unter einem neuen Pr\u00e4sidenten zusammen:\u00a0Ralph Siegl, Managing Director Group Management &amp; Operations bei der L\u00e4derach-Gruppe, deren erfolgreiche Entwicklung und Internationalisierung er seit 2006 massgeblich mitgestaltet hat.<\/p>\n<p>Unter dem neuen Pr\u00e4sidenten erf\u00e4hrt die Interpretation von \u201eExport\u201c eine zeitgem\u00e4sse Sch\u00e4rfung: Die Jury beurteilt k\u00fcnftig nicht mehr nur die Realisierung der klassischen Ausfuhr, sondern auch die generelle Kompetenz von Schweizer Unternehmen sich in globale Wertsch\u00f6pfungsketten zu integrieren. Es geht um die Wahl der Auslandsm\u00e4rkte, welche H\u00fcrden beim Eintritt \u00fcberwunden wurden und wie das Unternehmen sich in den einzelnen L\u00e4ndern oder Regionen positioniert hat.<\/p>\n<h2>Export Award: Anerkennung f\u00fcr die Hidden Champions<\/h2>\n<p>Exporteuren bietet der Export Award die Chance, die \u00f6ffentliche Anerkennung zu bekommen, die ihnen und ihren Mitarbeitenden zusteht. Der Preis verschafft Ansehen bei Kunden und Partnern. Die drei Finalisten d\u00fcrfen mit einer erh\u00f6hten Medienaufmerksamkeit und Beitr\u00e4gen in Wirtschafts-, Fach- und Regionalpresse rechnen.\u00a0Nicht zuletzt erhalten Gewinner und Finalisten einen Gutschein f\u00fcr die\u00a0Export-Dienstleistungen\u00a0von Switzerland Global Enterprise &#8211; im Wert von CHF 5&#8217;000.- respektive CHF 1&#8217;000.-.<\/p>\n<p>Alle Schweizer und Liechtensteiner Unternehmen, die Produkte oder Dienstleistungen international vertreiben, k\u00f6nnen sich f\u00fcr den Export Award bewerben. Die Bewerbung ist einfach und erfolgt am schnellsten via Website von S-GE (<a href=\"https:\/\/www.s-ge.com\/de\/export-award\">https:\/\/www.s-ge.com\/de\/export-award<\/a>). <strong>Einsendeschluss f\u00fcr die Bewerbung ist der 31. Januar 2018.<\/strong><\/p>\n","protected":false},"excerpt":{"rendered":"<p>Der\u00a0Export Award\u00a0soll zeigen, wie erfolgreich sich Schweizer und Liechtensteiner Unternehmen in der globalen Wirtschaft positioniert haben. \u00dcberreicht wird der Award im Rahmen des\u00a0Aussenwirtschaftsforums\u00a0vor 600 G\u00e4sten aus der Schweizer Exportwirtschaft von Ruth Metzler-Arnold, VR-Pr\u00e4sidentin von S-GE. Der Preis richtet sich insbesondere an kleine und mittelgrosse Firmen. Die Geschichte der Gewinner dient anderen KMU als Inspiration f\u00fcr [&hellip;]<\/p>\n","protected":false},"author":4,"featured_media":2642,"comment_status":"open","ping_status":"open","sticky":false,"template":"","format":"standard","meta":{"_acf_changed":false,"_yoast_wpseo_focuskw":"Export Award","_yoast_wpseo_metadesc":"Schweizer oder Liechtensteiner Exporteure k\u00f6nnen sich ab sofort bewerben f\u00fcr den Export Award 2018. Der Preis wird am 26. April 2018 verliehen.","articlekey":"","footnotes":""},"categories":[1],"tags":[63,66,340,502],"class_list":["post-2640","post","type-post","status-publish","format-standard","has-post-thumbnail","hentry","category-allgemein","tag-aussenwirtschaft","tag-awards","tag-maerkte","tag-veranstaltungen"],"acf":[],"yoast_head":"<!-- This site is optimized with the Yoast SEO plugin v27.5 - https:\/\/yoast.com\/product\/yoast-seo-wordpress\/ -->\n<title>Export Award 2018: International erfolgreiche Unternehmen gesucht - Organisator<\/title>\n<meta name=\"description\" content=\"Schweizer oder Liechtensteiner Exporteure k\u00f6nnen sich ab sofort bewerben f\u00fcr den Export Award 2018. Der Preis wird am 26. April 2018 verliehen.\" \/>\n<meta name=\"robots\" content=\"index, follow, max-snippet:-1, max-image-preview:large, max-video-preview:-1\" \/>\n<link rel=\"canonical\" href=\"https:\/\/www.organisator.ch\/de\/allgemein\/2017-11-01\/export-award-2018-international-erfolgreiche-unternehmen-gesucht\/\" \/>\n<meta property=\"og:locale\" content=\"de_DE\" \/>\n<meta property=\"og:type\" content=\"article\" \/>\n<meta property=\"og:title\" content=\"Export Award 2018: International erfolgreiche Unternehmen gesucht\" \/>\n<meta property=\"og:description\" content=\"Schweizer oder Liechtensteiner #Exporteure k\u00f6nnen sich ab sofort bewerben f\u00fcr den Export Award 2018. Der Preis wird am 26. April 2018 anl\u00e4sslich des #Aussenwirtschaftsforums in Z\u00fcrich verliehen.\" \/>\n<meta property=\"og:url\" content=\"https:\/\/www.organisator.ch\/de\/allgemein\/2017-11-01\/export-award-2018-international-erfolgreiche-unternehmen-gesucht\/\" \/>\n<meta property=\"og:site_name\" content=\"Organisator\" \/>\n<meta property=\"article:publisher\" content=\"https:\/\/www.facebook.com\/OrganisatorFachmagazin\" \/>\n<meta property=\"article:published_time\" content=\"2017-11-01T16:10:49+00:00\" \/>\n<meta property=\"og:image\" content=\"https:\/\/www.organisator.ch\/wp-content\/uploads\/2017\/11\/Export-Award-2018-International-erfolgreiche-Unternehmen-gesucht_Organisator.jpg\" \/>\n\t<meta property=\"og:image:width\" content=\"640\" \/>\n\t<meta property=\"og:image:height\" content=\"426\" \/>\n\t<meta property=\"og:image:type\" content=\"image\/jpeg\" \/>\n<meta name=\"author\" content=\"thomas.berner\" \/>\n<meta name=\"twitter:card\" content=\"summary_large_image\" \/>\n<meta name=\"twitter:title\" content=\"Export Award 2018: International erfolgreiche Unternehmen gesucht #ExportAward2018\" \/>\n<meta name=\"twitter:description\" content=\"Schweizer oder Liechtensteiner #Exporteure k\u00f6nnen sich ab sofort bewerben f\u00fcr den Export Award 2018. Der Preis wird am 26. April 2018 anl\u00e4sslich des #Aussenwirtschaftsforums in Z\u00fcrich verliehen.\" \/>\n<meta name=\"twitter:image\" content=\"https:\/\/www.organisator.ch\/wp-content\/uploads\/2017\/11\/Export-Award-2018-International-erfolgreiche-Unternehmen-gesucht_Organisator.jpg\" \/>\n<script type=\"application\/ld+json\" class=\"yoast-schema-graph\">{\"@context\":\"https:\\\/\\\/schema.org\",\"@graph\":[{\"@type\":\"Article\",\"@id\":\"https:\\\/\\\/www.organisator.ch\\\/de\\\/allgemein\\\/2017-11-01\\\/export-award-2018-international-erfolgreiche-unternehmen-gesucht\\\/#article\",\"isPartOf\":{\"@id\":\"https:\\\/\\\/www.organisator.ch\\\/de\\\/allgemein\\\/2017-11-01\\\/export-award-2018-international-erfolgreiche-unternehmen-gesucht\\\/\"},\"author\":{\"name\":\"thomas.berner\",\"@id\":\"https:\\\/\\\/www.organisator.ch\\\/#\\\/schema\\\/person\\\/6f650f90b2842cd4c0cc334b4e36f67e\"},\"headline\":\"Export Award 2018: International erfolgreiche Unternehmen gesucht\",\"datePublished\":\"2017-11-01T16:10:49+00:00\",\"mainEntityOfPage\":{\"@id\":\"https:\\\/\\\/www.organisator.ch\\\/de\\\/allgemein\\\/2017-11-01\\\/export-award-2018-international-erfolgreiche-unternehmen-gesucht\\\/\"},\"wordCount\":351,\"commentCount\":0,\"publisher\":{\"@id\":\"https:\\\/\\\/www.organisator.ch\\\/#organization\"},\"image\":{\"@id\":\"https:\\\/\\\/www.organisator.ch\\\/de\\\/allgemein\\\/2017-11-01\\\/export-award-2018-international-erfolgreiche-unternehmen-gesucht\\\/#primaryimage\"},\"thumbnailUrl\":\"https:\\\/\\\/www.organisator.ch\\\/wp-content\\\/uploads\\\/2017\\\/11\\\/Export-Award-2018-International-erfolgreiche-Unternehmen-gesucht_Organisator.jpg\",\"keywords\":[\"Aussenwirtschaft\",\"Awards\",\"M\u00e4rkte\",\"Veranstaltungen\"],\"inLanguage\":\"de\"},{\"@type\":\"WebPage\",\"@id\":\"https:\\\/\\\/www.organisator.ch\\\/de\\\/allgemein\\\/2017-11-01\\\/export-award-2018-international-erfolgreiche-unternehmen-gesucht\\\/\",\"url\":\"https:\\\/\\\/www.organisator.ch\\\/de\\\/allgemein\\\/2017-11-01\\\/export-award-2018-international-erfolgreiche-unternehmen-gesucht\\\/\",\"name\":\"Export Award 2018: International erfolgreiche Unternehmen gesucht - Organisator\",\"isPartOf\":{\"@id\":\"https:\\\/\\\/www.organisator.ch\\\/#website\"},\"primaryImageOfPage\":{\"@id\":\"https:\\\/\\\/www.organisator.ch\\\/de\\\/allgemein\\\/2017-11-01\\\/export-award-2018-international-erfolgreiche-unternehmen-gesucht\\\/#primaryimage\"},\"image\":{\"@id\":\"https:\\\/\\\/www.organisator.ch\\\/de\\\/allgemein\\\/2017-11-01\\\/export-award-2018-international-erfolgreiche-unternehmen-gesucht\\\/#primaryimage\"},\"thumbnailUrl\":\"https:\\\/\\\/www.organisator.ch\\\/wp-content\\\/uploads\\\/2017\\\/11\\\/Export-Award-2018-International-erfolgreiche-Unternehmen-gesucht_Organisator.jpg\",\"datePublished\":\"2017-11-01T16:10:49+00:00\",\"description\":\"Schweizer oder Liechtensteiner Exporteure k\u00f6nnen sich ab sofort bewerben f\u00fcr den Export Award 2018. Der Preis wird am 26. April 2018 verliehen.\",\"breadcrumb\":{\"@id\":\"https:\\\/\\\/www.organisator.ch\\\/de\\\/allgemein\\\/2017-11-01\\\/export-award-2018-international-erfolgreiche-unternehmen-gesucht\\\/#breadcrumb\"},\"inLanguage\":\"de\",\"potentialAction\":[{\"@type\":\"ReadAction\",\"target\":[\"https:\\\/\\\/www.organisator.ch\\\/de\\\/allgemein\\\/2017-11-01\\\/export-award-2018-international-erfolgreiche-unternehmen-gesucht\\\/\"]}]},{\"@type\":\"ImageObject\",\"inLanguage\":\"de\",\"@id\":\"https:\\\/\\\/www.organisator.ch\\\/de\\\/allgemein\\\/2017-11-01\\\/export-award-2018-international-erfolgreiche-unternehmen-gesucht\\\/#primaryimage\",\"url\":\"https:\\\/\\\/www.organisator.ch\\\/wp-content\\\/uploads\\\/2017\\\/11\\\/Export-Award-2018-International-erfolgreiche-Unternehmen-gesucht_Organisator.jpg\",\"contentUrl\":\"https:\\\/\\\/www.organisator.ch\\\/wp-content\\\/uploads\\\/2017\\\/11\\\/Export-Award-2018-International-erfolgreiche-Unternehmen-gesucht_Organisator.jpg\",\"width\":640,\"height\":426,\"caption\":\"Wer gewinnt den Export Award 2018? International t\u00e4tige KMU aus der Schweiz und Liechtenstein k\u00f6nnen sich jetzt bewerben. (Bild: Switzerland Global Enterprise)\"},{\"@type\":\"BreadcrumbList\",\"@id\":\"https:\\\/\\\/www.organisator.ch\\\/de\\\/allgemein\\\/2017-11-01\\\/export-award-2018-international-erfolgreiche-unternehmen-gesucht\\\/#breadcrumb\",\"itemListElement\":[{\"@type\":\"ListItem\",\"position\":1,\"name\":\"Home\",\"item\":\"https:\\\/\\\/www.organisator.ch\\\/\"},{\"@type\":\"ListItem\",\"position\":2,\"name\":\"Export Award 2018: International erfolgreiche Unternehmen gesucht\"}]},{\"@type\":\"WebSite\",\"@id\":\"https:\\\/\\\/www.organisator.ch\\\/#website\",\"url\":\"https:\\\/\\\/www.organisator.ch\\\/\",\"name\":\"Organisator\",\"description\":\"Kompetent. Praxisnah. Der ORGANISATOR bereitet in 10 Ausgaben pro Jahr die wesentlichen Themen f\u00fcr F\u00fchrungskr\u00e4fte von KMU auf.\",\"publisher\":{\"@id\":\"https:\\\/\\\/www.organisator.ch\\\/#organization\"},\"potentialAction\":[{\"@type\":\"SearchAction\",\"target\":{\"@type\":\"EntryPoint\",\"urlTemplate\":\"https:\\\/\\\/www.organisator.ch\\\/?s={search_term_string}\"},\"query-input\":{\"@type\":\"PropertyValueSpecification\",\"valueRequired\":true,\"valueName\":\"search_term_string\"}}],\"inLanguage\":\"de\"},{\"@type\":\"Organization\",\"@id\":\"https:\\\/\\\/www.organisator.ch\\\/#organization\",\"name\":\"Organisator\",\"url\":\"https:\\\/\\\/www.organisator.ch\\\/\",\"logo\":{\"@type\":\"ImageObject\",\"inLanguage\":\"de\",\"@id\":\"https:\\\/\\\/www.organisator.ch\\\/#\\\/schema\\\/logo\\\/image\\\/\",\"url\":\"https:\\\/\\\/www.organisator.ch\\\/wp-content\\\/uploads\\\/2022\\\/01\\\/Logo_Organisator_Website.png\",\"contentUrl\":\"https:\\\/\\\/www.organisator.ch\\\/wp-content\\\/uploads\\\/2022\\\/01\\\/Logo_Organisator_Website.png\",\"width\":800,\"height\":77,\"caption\":\"Organisator\"},\"image\":{\"@id\":\"https:\\\/\\\/www.organisator.ch\\\/#\\\/schema\\\/logo\\\/image\\\/\"},\"sameAs\":[\"https:\\\/\\\/www.facebook.com\\\/OrganisatorFachmagazin\",\"https:\\\/\\\/www.linkedin.com\\\/showcase\\\/organisator-das-magazin-fr-kmu\",\"https:\\\/\\\/www.xing.com\\\/news\\\/pages\\\/organisator-ch-695\",\"https:\\\/\\\/www.youtube.com\\\/channel\\\/UCGP2Sq0iWaZwT3BdIAQFYpw\"]},{\"@type\":\"Person\",\"@id\":\"https:\\\/\\\/www.organisator.ch\\\/#\\\/schema\\\/person\\\/6f650f90b2842cd4c0cc334b4e36f67e\",\"name\":\"thomas.berner\",\"image\":{\"@type\":\"ImageObject\",\"inLanguage\":\"de\",\"@id\":\"https:\\\/\\\/secure.gravatar.com\\\/avatar\\\/ac5001d2a36cb6c6cd3e50789007ffca834b477b74a2144564522e944eabff61?s=96&d=mm&r=g\",\"url\":\"https:\\\/\\\/secure.gravatar.com\\\/avatar\\\/ac5001d2a36cb6c6cd3e50789007ffca834b477b74a2144564522e944eabff61?s=96&d=mm&r=g\",\"contentUrl\":\"https:\\\/\\\/secure.gravatar.com\\\/avatar\\\/ac5001d2a36cb6c6cd3e50789007ffca834b477b74a2144564522e944eabff61?s=96&d=mm&r=g\",\"caption\":\"thomas.berner\"},\"url\":\"https:\\\/\\\/www.organisator.ch\\\/de\\\/author\\\/thomas-berner\\\/\"}]}<\/script>\n<!-- \/ Yoast SEO plugin. -->","yoast_head_json":{"title":"Export Award 2018: International erfolgreiche Unternehmen gesucht - Organisator","description":"Schweizer oder Liechtensteiner Exporteure k\u00f6nnen sich ab sofort bewerben f\u00fcr den Export Award 2018. Der Preis wird am 26. April 2018 verliehen.","robots":{"index":"index","follow":"follow","max-snippet":"max-snippet:-1","max-image-preview":"max-image-preview:large","max-video-preview":"max-video-preview:-1"},"canonical":"https:\/\/www.organisator.ch\/de\/allgemein\/2017-11-01\/export-award-2018-international-erfolgreiche-unternehmen-gesucht\/","og_locale":"de_DE","og_type":"article","og_title":"Export Award 2018: International erfolgreiche Unternehmen gesucht","og_description":"Schweizer oder Liechtensteiner #Exporteure k\u00f6nnen sich ab sofort bewerben f\u00fcr den Export Award 2018. Der Preis wird am 26. April 2018 anl\u00e4sslich des #Aussenwirtschaftsforums in Z\u00fcrich verliehen.","og_url":"https:\/\/www.organisator.ch\/de\/allgemein\/2017-11-01\/export-award-2018-international-erfolgreiche-unternehmen-gesucht\/","og_site_name":"Organisator","article_publisher":"https:\/\/www.facebook.com\/OrganisatorFachmagazin","article_published_time":"2017-11-01T16:10:49+00:00","og_image":[{"width":640,"height":426,"url":"https:\/\/www.organisator.ch\/wp-content\/uploads\/2017\/11\/Export-Award-2018-International-erfolgreiche-Unternehmen-gesucht_Organisator.jpg","type":"image\/jpeg"}],"author":"thomas.berner","twitter_card":"summary_large_image","twitter_title":"Export Award 2018: International erfolgreiche Unternehmen gesucht #ExportAward2018","twitter_description":"Schweizer oder Liechtensteiner #Exporteure k\u00f6nnen sich ab sofort bewerben f\u00fcr den Export Award 2018. Der Preis wird am 26. April 2018 anl\u00e4sslich des #Aussenwirtschaftsforums in Z\u00fcrich verliehen.","twitter_image":"https:\/\/www.organisator.ch\/wp-content\/uploads\/2017\/11\/Export-Award-2018-International-erfolgreiche-Unternehmen-gesucht_Organisator.jpg","schema":{"@context":"https:\/\/schema.org","@graph":[{"@type":"Article","@id":"https:\/\/www.organisator.ch\/de\/allgemein\/2017-11-01\/export-award-2018-international-erfolgreiche-unternehmen-gesucht\/#article","isPartOf":{"@id":"https:\/\/www.organisator.ch\/de\/allgemein\/2017-11-01\/export-award-2018-international-erfolgreiche-unternehmen-gesucht\/"},"author":{"name":"thomas.berner","@id":"https:\/\/www.organisator.ch\/#\/schema\/person\/6f650f90b2842cd4c0cc334b4e36f67e"},"headline":"Export Award 2018: International erfolgreiche Unternehmen gesucht","datePublished":"2017-11-01T16:10:49+00:00","mainEntityOfPage":{"@id":"https:\/\/www.organisator.ch\/de\/allgemein\/2017-11-01\/export-award-2018-international-erfolgreiche-unternehmen-gesucht\/"},"wordCount":351,"commentCount":0,"publisher":{"@id":"https:\/\/www.organisator.ch\/#organization"},"image":{"@id":"https:\/\/www.organisator.ch\/de\/allgemein\/2017-11-01\/export-award-2018-international-erfolgreiche-unternehmen-gesucht\/#primaryimage"},"thumbnailUrl":"https:\/\/www.organisator.ch\/wp-content\/uploads\/2017\/11\/Export-Award-2018-International-erfolgreiche-Unternehmen-gesucht_Organisator.jpg","keywords":["Aussenwirtschaft","Awards","M\u00e4rkte","Veranstaltungen"],"inLanguage":"de"},{"@type":"WebPage","@id":"https:\/\/www.organisator.ch\/de\/allgemein\/2017-11-01\/export-award-2018-international-erfolgreiche-unternehmen-gesucht\/","url":"https:\/\/www.organisator.ch\/de\/allgemein\/2017-11-01\/export-award-2018-international-erfolgreiche-unternehmen-gesucht\/","name":"Export Award 2018: International erfolgreiche Unternehmen gesucht - Organisator","isPartOf":{"@id":"https:\/\/www.organisator.ch\/#website"},"primaryImageOfPage":{"@id":"https:\/\/www.organisator.ch\/de\/allgemein\/2017-11-01\/export-award-2018-international-erfolgreiche-unternehmen-gesucht\/#primaryimage"},"image":{"@id":"https:\/\/www.organisator.ch\/de\/allgemein\/2017-11-01\/export-award-2018-international-erfolgreiche-unternehmen-gesucht\/#primaryimage"},"thumbnailUrl":"https:\/\/www.organisator.ch\/wp-content\/uploads\/2017\/11\/Export-Award-2018-International-erfolgreiche-Unternehmen-gesucht_Organisator.jpg","datePublished":"2017-11-01T16:10:49+00:00","description":"Schweizer oder Liechtensteiner Exporteure k\u00f6nnen sich ab sofort bewerben f\u00fcr den Export Award 2018. Der Preis wird am 26. April 2018 verliehen.","breadcrumb":{"@id":"https:\/\/www.organisator.ch\/de\/allgemein\/2017-11-01\/export-award-2018-international-erfolgreiche-unternehmen-gesucht\/#breadcrumb"},"inLanguage":"de","potentialAction":[{"@type":"ReadAction","target":["https:\/\/www.organisator.ch\/de\/allgemein\/2017-11-01\/export-award-2018-international-erfolgreiche-unternehmen-gesucht\/"]}]},{"@type":"ImageObject","inLanguage":"de","@id":"https:\/\/www.organisator.ch\/de\/allgemein\/2017-11-01\/export-award-2018-international-erfolgreiche-unternehmen-gesucht\/#primaryimage","url":"https:\/\/www.organisator.ch\/wp-content\/uploads\/2017\/11\/Export-Award-2018-International-erfolgreiche-Unternehmen-gesucht_Organisator.jpg","contentUrl":"https:\/\/www.organisator.ch\/wp-content\/uploads\/2017\/11\/Export-Award-2018-International-erfolgreiche-Unternehmen-gesucht_Organisator.jpg","width":640,"height":426,"caption":"Wer gewinnt den Export Award 2018? International t\u00e4tige KMU aus der Schweiz und Liechtenstein k\u00f6nnen sich jetzt bewerben. (Bild: Switzerland Global Enterprise)"},{"@type":"BreadcrumbList","@id":"https:\/\/www.organisator.ch\/de\/allgemein\/2017-11-01\/export-award-2018-international-erfolgreiche-unternehmen-gesucht\/#breadcrumb","itemListElement":[{"@type":"ListItem","position":1,"name":"Home","item":"https:\/\/www.organisator.ch\/"},{"@type":"ListItem","position":2,"name":"Export Award 2018: International erfolgreiche Unternehmen gesucht"}]},{"@type":"WebSite","@id":"https:\/\/www.organisator.ch\/#website","url":"https:\/\/www.organisator.ch\/","name":"Organisator","description":"Kompetent. Praxisnah. Der ORGANISATOR bereitet in 10 Ausgaben pro Jahr die wesentlichen Themen f\u00fcr F\u00fchrungskr\u00e4fte von KMU auf.","publisher":{"@id":"https:\/\/www.organisator.ch\/#organization"},"potentialAction":[{"@type":"SearchAction","target":{"@type":"EntryPoint","urlTemplate":"https:\/\/www.organisator.ch\/?s={search_term_string}"},"query-input":{"@type":"PropertyValueSpecification","valueRequired":true,"valueName":"search_term_string"}}],"inLanguage":"de"},{"@type":"Organization","@id":"https:\/\/www.organisator.ch\/#organization","name":"Organisator","url":"https:\/\/www.organisator.ch\/","logo":{"@type":"ImageObject","inLanguage":"de","@id":"https:\/\/www.organisator.ch\/#\/schema\/logo\/image\/","url":"https:\/\/www.organisator.ch\/wp-content\/uploads\/2022\/01\/Logo_Organisator_Website.png","contentUrl":"https:\/\/www.organisator.ch\/wp-content\/uploads\/2022\/01\/Logo_Organisator_Website.png","width":800,"height":77,"caption":"Organisator"},"image":{"@id":"https:\/\/www.organisator.ch\/#\/schema\/logo\/image\/"},"sameAs":["https:\/\/www.facebook.com\/OrganisatorFachmagazin","https:\/\/www.linkedin.com\/showcase\/organisator-das-magazin-fr-kmu","https:\/\/www.xing.com\/news\/pages\/organisator-ch-695","https:\/\/www.youtube.com\/channel\/UCGP2Sq0iWaZwT3BdIAQFYpw"]},{"@type":"Person","@id":"https:\/\/www.organisator.ch\/#\/schema\/person\/6f650f90b2842cd4c0cc334b4e36f67e","name":"thomas.berner","image":{"@type":"ImageObject","inLanguage":"de","@id":"https:\/\/secure.gravatar.com\/avatar\/ac5001d2a36cb6c6cd3e50789007ffca834b477b74a2144564522e944eabff61?s=96&d=mm&r=g","url":"https:\/\/secure.gravatar.com\/avatar\/ac5001d2a36cb6c6cd3e50789007ffca834b477b74a2144564522e944eabff61?s=96&d=mm&r=g","contentUrl":"https:\/\/secure.gravatar.com\/avatar\/ac5001d2a36cb6c6cd3e50789007ffca834b477b74a2144564522e944eabff61?s=96&d=mm&r=g","caption":"thomas.berner"},"url":"https:\/\/www.organisator.ch\/de\/author\/thomas-berner\/"}]}},"_links":{"self":[{"href":"https:\/\/www.organisator.ch\/de\/wp-json\/wp\/v2\/posts\/2640","targetHints":{"allow":["GET"]}}],"collection":[{"href":"https:\/\/www.organisator.ch\/de\/wp-json\/wp\/v2\/posts"}],"about":[{"href":"https:\/\/www.organisator.ch\/de\/wp-json\/wp\/v2\/types\/post"}],"author":[{"embeddable":true,"href":"https:\/\/www.organisator.ch\/de\/wp-json\/wp\/v2\/users\/4"}],"replies":[{"embeddable":true,"href":"https:\/\/www.organisator.ch\/de\/wp-json\/wp\/v2\/comments?post=2640"}],"version-history":[{"count":0,"href":"https:\/\/www.organisator.ch\/de\/wp-json\/wp\/v2\/posts\/2640\/revisions"}],"wp:featuredmedia":[{"embeddable":true,"href":"https:\/\/www.organisator.ch\/de\/wp-json\/wp\/v2\/media\/2642"}],"wp:attachment":[{"href":"https:\/\/www.organisator.ch\/de\/wp-json\/wp\/v2\/media?parent=2640"}],"wp:term":[{"taxonomy":"category","embeddable":true,"href":"https:\/\/www.organisator.ch\/de\/wp-json\/wp\/v2\/categories?post=2640"},{"taxonomy":"post_tag","embeddable":true,"href":"https:\/\/www.organisator.ch\/de\/wp-json\/wp\/v2\/tags?post=2640"}],"curies":[{"name":"wp","href":"https:\/\/api.w.org\/{rel}","templated":true}]}}