{"id":26400,"date":"2024-04-10T10:03:22","date_gmt":"2024-04-10T08:03:22","guid":{"rendered":"https:\/\/www.organisator.ch\/?p=26400"},"modified":"2024-04-10T10:03:22","modified_gmt":"2024-04-10T08:03:22","slug":"neue-fuehrung-bei-expertsuisse","status":"publish","type":"post","link":"https:\/\/www.organisator.ch\/de\/management\/2024-04-10\/neue-fuehrung-bei-expertsuisse\/","title":{"rendered":"Neue F\u00fchrung bei EXPERTsuisse"},"content":{"rendered":"<figure id=\"attachment_26401\" aria-describedby=\"caption-attachment-26401\" style=\"width: 680px\" class=\"wp-caption alignnone\"><img loading=\"lazy\" decoding=\"async\" class=\"size-full wp-image-26401\" src=\"https:\/\/www.organisator.ch\/wp-content\/uploads\/2024\/04\/Neue-Fuehrung-bei-EXPERTsuisse_Organisator.jpg\" alt=\"\" width=\"680\" height=\"455\" srcset=\"https:\/\/www.organisator.ch\/wp-content\/uploads\/2024\/04\/Neue-Fuehrung-bei-EXPERTsuisse_Organisator.jpg 680w, https:\/\/www.organisator.ch\/wp-content\/uploads\/2024\/04\/Neue-Fuehrung-bei-EXPERTsuisse_Organisator-18x12.jpg 18w, https:\/\/www.organisator.ch\/wp-content\/uploads\/2024\/04\/Neue-Fuehrung-bei-EXPERTsuisse_Organisator-375x251.jpg 375w, https:\/\/www.organisator.ch\/wp-content\/uploads\/2024\/04\/Neue-Fuehrung-bei-EXPERTsuisse_Organisator-523x350.jpg 523w\" sizes=\"auto, (max-width: 680px) 100vw, 680px\" \/><figcaption id=\"caption-attachment-26401\" class=\"wp-caption-text\">Bilden die neue F\u00fchrung bei EXPERTsuisse: Stefanie Specker und Sergio Ceresola. (Bild: EXPERTsuisse)<\/figcaption><\/figure>\n<p>Der Verwaltungsrat von EXPERTsuisse beruft Stefanie Specker, <a href=\"https:\/\/www.organisator.ch\/de\/management\/2023-03-21\/stefanie-specker-wird-ceo-der-expertsuisse-ag\/\">seit 2023 neue CEO der Bildungsorganisation EXPERTsuisse AG<\/a>, per 1. April 2024 zur Gesamtleiterin der Organisation. In dieser Funktion verantwortet sie fortan die Gestaltung und Umsetzung der strategischen Ausrichtung sowie die F\u00fchrung des 45-k\u00f6pfigen Kernteams des Unternehmens, das sich aus Verein und Bildungsorganisation (AG) zusammensetzt. Die Interessensvertretung sowie die Betreuung der wichtigen politischen und regulatorischen Dossiers werden von Sergio Ceresola als Direktor wahrgenommen. Marius Klauser, der EXPERTsuisse \u00fcber zehn Jahre gef\u00fchrt hat, hat sich entschieden, sich beruflich neu zu orientieren. Der Verwaltungsrat dankt ihm f\u00fcr sein Engagement und w\u00fcnscht ihm f\u00fcr die Zukunft alles Gute.<\/p>\n<p>\u00abDie Gesch\u00e4ftsf\u00fchrung in die H\u00e4nde erfahrener F\u00fchrungskr\u00e4fte aus den eigenen Reihen legen zu k\u00f6nnen, ist Beweis f\u00fcr die St\u00e4rke unseres Verbandes und unserer Bildungsorganisation\u00bb, sagt Peter Ritter, Pr\u00e4sident von EXPERTsuisse. \u00abDie ausgezeichnete Zusammenarbeit in der Gesch\u00e4ftsleitung erlaubt sowohl eine den Kompetenzprofilen entsprechende Verteilung der Verantwortlichkeiten als auch die gegenseitige Unterst\u00fctzung, um die Transformation des Verbands weiterzutreiben und unseren Berufsstand sichtbar zu machen.\u00bb<\/p>\n<p>EXPERTsuisse vertritt die Branche in wichtigen politischen Themen und verf\u00fcgt \u00fcber attraktive Angebote f\u00fcr Mitglieder sowie Modernit\u00e4t und Marktrelevanz in der Kompetenzentwicklung und -zertifizierung. Der Verband feiert im n\u00e4chsten Jahr sein 100-Jahr-Jubil\u00e4um.<\/p>\n<p><em>Quelle: <a href=\"http:\/\/www.expertsuisse.ch\">EXPERTsuisse<\/a><\/em><\/p>\n","protected":false},"excerpt":{"rendered":"<p>Stefanie Specker \u00fcbernimmt die Gesamtleitung von EXPERTsuisse, dem Verband f\u00fcr Wirtschaftspr\u00fcfung, Steuern und Treuhand. Als Direktor den Verband nach aussen vertreten wird Sergio Ceresola, bisheriger Leiter Regulatorisches &#038; Fachliches. Diese Neuorganisation stellt ein nahtloses Weiterf\u00fchren der Anliegen des Verbands und der Bildungsorganisation sicher. <\/p>\n","protected":false},"author":4,"featured_media":26401,"comment_status":"closed","ping_status":"closed","sticky":false,"template":"","format":"standard","meta":{"_acf_changed":false,"_yoast_wpseo_focuskw":"Neue F\u00fchrung","_yoast_wpseo_metadesc":"Neue F\u00fchrung: Stefanie Specker \u00fcbernimmt die Gesamtleitung von EXPERTsuisse, dem Verband f\u00fcr Wirtschaftspr\u00fcfung, Steuern und Treuhand.","articlekey":"","footnotes":""},"categories":[28],"tags":[335,381,4125,503],"class_list":["post-26400","post","type-post","status-publish","format-standard","has-post-thumbnail","hentry","category-management","tag-management-und-unternehmensfuehrung","tag-personalia","tag-treuhandwesen","tag-verbaende"],"acf":[],"yoast_head":"<!-- This site is optimized with the Yoast SEO plugin v27.4 - https:\/\/yoast.com\/product\/yoast-seo-wordpress\/ -->\n<title>Neue F\u00fchrung bei EXPERTsuisse - Organisator<\/title>\n<meta name=\"description\" content=\"Neue F\u00fchrung: Stefanie Specker \u00fcbernimmt die Gesamtleitung von EXPERTsuisse, dem Verband f\u00fcr Wirtschaftspr\u00fcfung, Steuern und Treuhand.\" \/>\n<meta name=\"robots\" content=\"index, follow, max-snippet:-1, max-image-preview:large, max-video-preview:-1\" \/>\n<link rel=\"canonical\" href=\"https:\/\/www.organisator.ch\/de\/management\/2024-04-10\/neue-fuehrung-bei-expertsuisse\/\" \/>\n<meta property=\"og:locale\" content=\"de_DE\" \/>\n<meta property=\"og:type\" content=\"article\" \/>\n<meta property=\"og:title\" content=\"Neue F\u00fchrung bei EXPERTsuisse - Organisator\" \/>\n<meta property=\"og:description\" content=\"Neue F\u00fchrung: Stefanie Specker \u00fcbernimmt die Gesamtleitung von EXPERTsuisse, dem Verband f\u00fcr Wirtschaftspr\u00fcfung, Steuern und Treuhand.\" \/>\n<meta property=\"og:url\" content=\"https:\/\/www.organisator.ch\/de\/management\/2024-04-10\/neue-fuehrung-bei-expertsuisse\/\" \/>\n<meta property=\"og:site_name\" content=\"Organisator\" \/>\n<meta property=\"article:publisher\" content=\"https:\/\/www.facebook.com\/OrganisatorFachmagazin\" \/>\n<meta property=\"article:published_time\" content=\"2024-04-10T08:03:22+00:00\" \/>\n<meta property=\"og:image\" content=\"https:\/\/www.organisator.ch\/wp-content\/uploads\/2024\/04\/Neue-Fuehrung-bei-EXPERTsuisse_Organisator.jpg\" \/>\n\t<meta property=\"og:image:width\" content=\"680\" \/>\n\t<meta property=\"og:image:height\" content=\"455\" \/>\n\t<meta property=\"og:image:type\" content=\"image\/jpeg\" \/>\n<meta name=\"author\" content=\"thomas.berner\" \/>\n<meta name=\"twitter:card\" content=\"summary_large_image\" \/>\n<script type=\"application\/ld+json\" class=\"yoast-schema-graph\">{\"@context\":\"https:\\\/\\\/schema.org\",\"@graph\":[{\"@type\":\"Article\",\"@id\":\"https:\\\/\\\/www.organisator.ch\\\/management\\\/2024-04-10\\\/neue-fuehrung-bei-expertsuisse\\\/#article\",\"isPartOf\":{\"@id\":\"https:\\\/\\\/www.organisator.ch\\\/management\\\/2024-04-10\\\/neue-fuehrung-bei-expertsuisse\\\/\"},\"author\":{\"name\":\"thomas.berner\",\"@id\":\"https:\\\/\\\/www.organisator.ch\\\/#\\\/schema\\\/person\\\/6f650f90b2842cd4c0cc334b4e36f67e\"},\"headline\":\"Neue F\u00fchrung bei EXPERTsuisse\",\"datePublished\":\"2024-04-10T08:03:22+00:00\",\"mainEntityOfPage\":{\"@id\":\"https:\\\/\\\/www.organisator.ch\\\/management\\\/2024-04-10\\\/neue-fuehrung-bei-expertsuisse\\\/\"},\"wordCount\":243,\"publisher\":{\"@id\":\"https:\\\/\\\/www.organisator.ch\\\/#organization\"},\"image\":{\"@id\":\"https:\\\/\\\/www.organisator.ch\\\/management\\\/2024-04-10\\\/neue-fuehrung-bei-expertsuisse\\\/#primaryimage\"},\"thumbnailUrl\":\"https:\\\/\\\/www.organisator.ch\\\/wp-content\\\/uploads\\\/2024\\\/04\\\/Neue-Fuehrung-bei-EXPERTsuisse_Organisator.jpg\",\"keywords\":[\"Management und Unternehmensf\u00fchrung\",\"Personalia\",\"Treuhandwesen\",\"Verb\u00e4nde\"],\"articleSection\":[\"MANAGEMENT\"],\"inLanguage\":\"de\"},{\"@type\":\"WebPage\",\"@id\":\"https:\\\/\\\/www.organisator.ch\\\/management\\\/2024-04-10\\\/neue-fuehrung-bei-expertsuisse\\\/\",\"url\":\"https:\\\/\\\/www.organisator.ch\\\/management\\\/2024-04-10\\\/neue-fuehrung-bei-expertsuisse\\\/\",\"name\":\"Neue F\u00fchrung bei EXPERTsuisse - Organisator\",\"isPartOf\":{\"@id\":\"https:\\\/\\\/www.organisator.ch\\\/#website\"},\"primaryImageOfPage\":{\"@id\":\"https:\\\/\\\/www.organisator.ch\\\/management\\\/2024-04-10\\\/neue-fuehrung-bei-expertsuisse\\\/#primaryimage\"},\"image\":{\"@id\":\"https:\\\/\\\/www.organisator.ch\\\/management\\\/2024-04-10\\\/neue-fuehrung-bei-expertsuisse\\\/#primaryimage\"},\"thumbnailUrl\":\"https:\\\/\\\/www.organisator.ch\\\/wp-content\\\/uploads\\\/2024\\\/04\\\/Neue-Fuehrung-bei-EXPERTsuisse_Organisator.jpg\",\"datePublished\":\"2024-04-10T08:03:22+00:00\",\"description\":\"Neue F\u00fchrung: Stefanie Specker \u00fcbernimmt die Gesamtleitung von EXPERTsuisse, dem Verband f\u00fcr Wirtschaftspr\u00fcfung, Steuern und Treuhand.\",\"breadcrumb\":{\"@id\":\"https:\\\/\\\/www.organisator.ch\\\/management\\\/2024-04-10\\\/neue-fuehrung-bei-expertsuisse\\\/#breadcrumb\"},\"inLanguage\":\"de\",\"potentialAction\":[{\"@type\":\"ReadAction\",\"target\":[\"https:\\\/\\\/www.organisator.ch\\\/management\\\/2024-04-10\\\/neue-fuehrung-bei-expertsuisse\\\/\"]}]},{\"@type\":\"ImageObject\",\"inLanguage\":\"de\",\"@id\":\"https:\\\/\\\/www.organisator.ch\\\/management\\\/2024-04-10\\\/neue-fuehrung-bei-expertsuisse\\\/#primaryimage\",\"url\":\"https:\\\/\\\/www.organisator.ch\\\/wp-content\\\/uploads\\\/2024\\\/04\\\/Neue-Fuehrung-bei-EXPERTsuisse_Organisator.jpg\",\"contentUrl\":\"https:\\\/\\\/www.organisator.ch\\\/wp-content\\\/uploads\\\/2024\\\/04\\\/Neue-Fuehrung-bei-EXPERTsuisse_Organisator.jpg\",\"width\":680,\"height\":455,\"caption\":\"Bilden die neue F\u00fchrung bei EXPERTsuisse: Stefanie Specker und Sergio Ceresola. (Bild: EXPERTsuisse)\"},{\"@type\":\"BreadcrumbList\",\"@id\":\"https:\\\/\\\/www.organisator.ch\\\/management\\\/2024-04-10\\\/neue-fuehrung-bei-expertsuisse\\\/#breadcrumb\",\"itemListElement\":[{\"@type\":\"ListItem\",\"position\":1,\"name\":\"Home\",\"item\":\"https:\\\/\\\/www.organisator.ch\\\/\"},{\"@type\":\"ListItem\",\"position\":2,\"name\":\"Neue F\u00fchrung bei EXPERTsuisse\"}]},{\"@type\":\"WebSite\",\"@id\":\"https:\\\/\\\/www.organisator.ch\\\/#website\",\"url\":\"https:\\\/\\\/www.organisator.ch\\\/\",\"name\":\"Organisator\",\"description\":\"Kompetent. Praxisnah. Der ORGANISATOR bereitet in 10 Ausgaben pro Jahr die wesentlichen Themen f\u00fcr F\u00fchrungskr\u00e4fte von KMU auf.\",\"publisher\":{\"@id\":\"https:\\\/\\\/www.organisator.ch\\\/#organization\"},\"potentialAction\":[{\"@type\":\"SearchAction\",\"target\":{\"@type\":\"EntryPoint\",\"urlTemplate\":\"https:\\\/\\\/www.organisator.ch\\\/?s={search_term_string}\"},\"query-input\":{\"@type\":\"PropertyValueSpecification\",\"valueRequired\":true,\"valueName\":\"search_term_string\"}}],\"inLanguage\":\"de\"},{\"@type\":\"Organization\",\"@id\":\"https:\\\/\\\/www.organisator.ch\\\/#organization\",\"name\":\"Organisator\",\"url\":\"https:\\\/\\\/www.organisator.ch\\\/\",\"logo\":{\"@type\":\"ImageObject\",\"inLanguage\":\"de\",\"@id\":\"https:\\\/\\\/www.organisator.ch\\\/#\\\/schema\\\/logo\\\/image\\\/\",\"url\":\"https:\\\/\\\/www.organisator.ch\\\/wp-content\\\/uploads\\\/2022\\\/01\\\/Logo_Organisator_Website.png\",\"contentUrl\":\"https:\\\/\\\/www.organisator.ch\\\/wp-content\\\/uploads\\\/2022\\\/01\\\/Logo_Organisator_Website.png\",\"width\":800,\"height\":77,\"caption\":\"Organisator\"},\"image\":{\"@id\":\"https:\\\/\\\/www.organisator.ch\\\/#\\\/schema\\\/logo\\\/image\\\/\"},\"sameAs\":[\"https:\\\/\\\/www.facebook.com\\\/OrganisatorFachmagazin\",\"https:\\\/\\\/www.linkedin.com\\\/showcase\\\/organisator-das-magazin-fr-kmu\",\"https:\\\/\\\/www.xing.com\\\/news\\\/pages\\\/organisator-ch-695\",\"https:\\\/\\\/www.youtube.com\\\/channel\\\/UCGP2Sq0iWaZwT3BdIAQFYpw\"]},{\"@type\":\"Person\",\"@id\":\"https:\\\/\\\/www.organisator.ch\\\/#\\\/schema\\\/person\\\/6f650f90b2842cd4c0cc334b4e36f67e\",\"name\":\"thomas.berner\",\"image\":{\"@type\":\"ImageObject\",\"inLanguage\":\"de\",\"@id\":\"https:\\\/\\\/secure.gravatar.com\\\/avatar\\\/ac5001d2a36cb6c6cd3e50789007ffca834b477b74a2144564522e944eabff61?s=96&d=mm&r=g\",\"url\":\"https:\\\/\\\/secure.gravatar.com\\\/avatar\\\/ac5001d2a36cb6c6cd3e50789007ffca834b477b74a2144564522e944eabff61?s=96&d=mm&r=g\",\"contentUrl\":\"https:\\\/\\\/secure.gravatar.com\\\/avatar\\\/ac5001d2a36cb6c6cd3e50789007ffca834b477b74a2144564522e944eabff61?s=96&d=mm&r=g\",\"caption\":\"thomas.berner\"},\"url\":\"https:\\\/\\\/www.organisator.ch\\\/de\\\/author\\\/thomas-berner\\\/\"}]}<\/script>\n<!-- \/ Yoast SEO plugin. -->","yoast_head_json":{"title":"Neue F\u00fchrung bei EXPERTsuisse - Organisator","description":"Neue F\u00fchrung: Stefanie Specker \u00fcbernimmt die Gesamtleitung von EXPERTsuisse, dem Verband f\u00fcr Wirtschaftspr\u00fcfung, Steuern und Treuhand.","robots":{"index":"index","follow":"follow","max-snippet":"max-snippet:-1","max-image-preview":"max-image-preview:large","max-video-preview":"max-video-preview:-1"},"canonical":"https:\/\/www.organisator.ch\/de\/management\/2024-04-10\/neue-fuehrung-bei-expertsuisse\/","og_locale":"de_DE","og_type":"article","og_title":"Neue F\u00fchrung bei EXPERTsuisse - Organisator","og_description":"Neue F\u00fchrung: Stefanie Specker \u00fcbernimmt die Gesamtleitung von EXPERTsuisse, dem Verband f\u00fcr Wirtschaftspr\u00fcfung, Steuern und Treuhand.","og_url":"https:\/\/www.organisator.ch\/de\/management\/2024-04-10\/neue-fuehrung-bei-expertsuisse\/","og_site_name":"Organisator","article_publisher":"https:\/\/www.facebook.com\/OrganisatorFachmagazin","article_published_time":"2024-04-10T08:03:22+00:00","og_image":[{"width":680,"height":455,"url":"https:\/\/www.organisator.ch\/wp-content\/uploads\/2024\/04\/Neue-Fuehrung-bei-EXPERTsuisse_Organisator.jpg","type":"image\/jpeg"}],"author":"thomas.berner","twitter_card":"summary_large_image","schema":{"@context":"https:\/\/schema.org","@graph":[{"@type":"Article","@id":"https:\/\/www.organisator.ch\/management\/2024-04-10\/neue-fuehrung-bei-expertsuisse\/#article","isPartOf":{"@id":"https:\/\/www.organisator.ch\/management\/2024-04-10\/neue-fuehrung-bei-expertsuisse\/"},"author":{"name":"thomas.berner","@id":"https:\/\/www.organisator.ch\/#\/schema\/person\/6f650f90b2842cd4c0cc334b4e36f67e"},"headline":"Neue F\u00fchrung bei EXPERTsuisse","datePublished":"2024-04-10T08:03:22+00:00","mainEntityOfPage":{"@id":"https:\/\/www.organisator.ch\/management\/2024-04-10\/neue-fuehrung-bei-expertsuisse\/"},"wordCount":243,"publisher":{"@id":"https:\/\/www.organisator.ch\/#organization"},"image":{"@id":"https:\/\/www.organisator.ch\/management\/2024-04-10\/neue-fuehrung-bei-expertsuisse\/#primaryimage"},"thumbnailUrl":"https:\/\/www.organisator.ch\/wp-content\/uploads\/2024\/04\/Neue-Fuehrung-bei-EXPERTsuisse_Organisator.jpg","keywords":["Management und Unternehmensf\u00fchrung","Personalia","Treuhandwesen","Verb\u00e4nde"],"articleSection":["MANAGEMENT"],"inLanguage":"de"},{"@type":"WebPage","@id":"https:\/\/www.organisator.ch\/management\/2024-04-10\/neue-fuehrung-bei-expertsuisse\/","url":"https:\/\/www.organisator.ch\/management\/2024-04-10\/neue-fuehrung-bei-expertsuisse\/","name":"Neue F\u00fchrung bei EXPERTsuisse - Organisator","isPartOf":{"@id":"https:\/\/www.organisator.ch\/#website"},"primaryImageOfPage":{"@id":"https:\/\/www.organisator.ch\/management\/2024-04-10\/neue-fuehrung-bei-expertsuisse\/#primaryimage"},"image":{"@id":"https:\/\/www.organisator.ch\/management\/2024-04-10\/neue-fuehrung-bei-expertsuisse\/#primaryimage"},"thumbnailUrl":"https:\/\/www.organisator.ch\/wp-content\/uploads\/2024\/04\/Neue-Fuehrung-bei-EXPERTsuisse_Organisator.jpg","datePublished":"2024-04-10T08:03:22+00:00","description":"Neue F\u00fchrung: Stefanie Specker \u00fcbernimmt die Gesamtleitung von EXPERTsuisse, dem Verband f\u00fcr Wirtschaftspr\u00fcfung, Steuern und Treuhand.","breadcrumb":{"@id":"https:\/\/www.organisator.ch\/management\/2024-04-10\/neue-fuehrung-bei-expertsuisse\/#breadcrumb"},"inLanguage":"de","potentialAction":[{"@type":"ReadAction","target":["https:\/\/www.organisator.ch\/management\/2024-04-10\/neue-fuehrung-bei-expertsuisse\/"]}]},{"@type":"ImageObject","inLanguage":"de","@id":"https:\/\/www.organisator.ch\/management\/2024-04-10\/neue-fuehrung-bei-expertsuisse\/#primaryimage","url":"https:\/\/www.organisator.ch\/wp-content\/uploads\/2024\/04\/Neue-Fuehrung-bei-EXPERTsuisse_Organisator.jpg","contentUrl":"https:\/\/www.organisator.ch\/wp-content\/uploads\/2024\/04\/Neue-Fuehrung-bei-EXPERTsuisse_Organisator.jpg","width":680,"height":455,"caption":"Bilden die neue F\u00fchrung bei EXPERTsuisse: Stefanie Specker und Sergio Ceresola. (Bild: EXPERTsuisse)"},{"@type":"BreadcrumbList","@id":"https:\/\/www.organisator.ch\/management\/2024-04-10\/neue-fuehrung-bei-expertsuisse\/#breadcrumb","itemListElement":[{"@type":"ListItem","position":1,"name":"Home","item":"https:\/\/www.organisator.ch\/"},{"@type":"ListItem","position":2,"name":"Neue F\u00fchrung bei EXPERTsuisse"}]},{"@type":"WebSite","@id":"https:\/\/www.organisator.ch\/#website","url":"https:\/\/www.organisator.ch\/","name":"Organisator","description":"Kompetent. Praxisnah. Der ORGANISATOR bereitet in 10 Ausgaben pro Jahr die wesentlichen Themen f\u00fcr F\u00fchrungskr\u00e4fte von KMU auf.","publisher":{"@id":"https:\/\/www.organisator.ch\/#organization"},"potentialAction":[{"@type":"SearchAction","target":{"@type":"EntryPoint","urlTemplate":"https:\/\/www.organisator.ch\/?s={search_term_string}"},"query-input":{"@type":"PropertyValueSpecification","valueRequired":true,"valueName":"search_term_string"}}],"inLanguage":"de"},{"@type":"Organization","@id":"https:\/\/www.organisator.ch\/#organization","name":"Organisator","url":"https:\/\/www.organisator.ch\/","logo":{"@type":"ImageObject","inLanguage":"de","@id":"https:\/\/www.organisator.ch\/#\/schema\/logo\/image\/","url":"https:\/\/www.organisator.ch\/wp-content\/uploads\/2022\/01\/Logo_Organisator_Website.png","contentUrl":"https:\/\/www.organisator.ch\/wp-content\/uploads\/2022\/01\/Logo_Organisator_Website.png","width":800,"height":77,"caption":"Organisator"},"image":{"@id":"https:\/\/www.organisator.ch\/#\/schema\/logo\/image\/"},"sameAs":["https:\/\/www.facebook.com\/OrganisatorFachmagazin","https:\/\/www.linkedin.com\/showcase\/organisator-das-magazin-fr-kmu","https:\/\/www.xing.com\/news\/pages\/organisator-ch-695","https:\/\/www.youtube.com\/channel\/UCGP2Sq0iWaZwT3BdIAQFYpw"]},{"@type":"Person","@id":"https:\/\/www.organisator.ch\/#\/schema\/person\/6f650f90b2842cd4c0cc334b4e36f67e","name":"thomas.berner","image":{"@type":"ImageObject","inLanguage":"de","@id":"https:\/\/secure.gravatar.com\/avatar\/ac5001d2a36cb6c6cd3e50789007ffca834b477b74a2144564522e944eabff61?s=96&d=mm&r=g","url":"https:\/\/secure.gravatar.com\/avatar\/ac5001d2a36cb6c6cd3e50789007ffca834b477b74a2144564522e944eabff61?s=96&d=mm&r=g","contentUrl":"https:\/\/secure.gravatar.com\/avatar\/ac5001d2a36cb6c6cd3e50789007ffca834b477b74a2144564522e944eabff61?s=96&d=mm&r=g","caption":"thomas.berner"},"url":"https:\/\/www.organisator.ch\/de\/author\/thomas-berner\/"}]}},"_links":{"self":[{"href":"https:\/\/www.organisator.ch\/de\/wp-json\/wp\/v2\/posts\/26400","targetHints":{"allow":["GET"]}}],"collection":[{"href":"https:\/\/www.organisator.ch\/de\/wp-json\/wp\/v2\/posts"}],"about":[{"href":"https:\/\/www.organisator.ch\/de\/wp-json\/wp\/v2\/types\/post"}],"author":[{"embeddable":true,"href":"https:\/\/www.organisator.ch\/de\/wp-json\/wp\/v2\/users\/4"}],"replies":[{"embeddable":true,"href":"https:\/\/www.organisator.ch\/de\/wp-json\/wp\/v2\/comments?post=26400"}],"version-history":[{"count":5,"href":"https:\/\/www.organisator.ch\/de\/wp-json\/wp\/v2\/posts\/26400\/revisions"}],"predecessor-version":[{"id":26466,"href":"https:\/\/www.organisator.ch\/de\/wp-json\/wp\/v2\/posts\/26400\/revisions\/26466"}],"wp:featuredmedia":[{"embeddable":true,"href":"https:\/\/www.organisator.ch\/de\/wp-json\/wp\/v2\/media\/26401"}],"wp:attachment":[{"href":"https:\/\/www.organisator.ch\/de\/wp-json\/wp\/v2\/media?parent=26400"}],"wp:term":[{"taxonomy":"category","embeddable":true,"href":"https:\/\/www.organisator.ch\/de\/wp-json\/wp\/v2\/categories?post=26400"},{"taxonomy":"post_tag","embeddable":true,"href":"https:\/\/www.organisator.ch\/de\/wp-json\/wp\/v2\/tags?post=26400"}],"curies":[{"name":"wp","href":"https:\/\/api.w.org\/{rel}","templated":true}]}}