{"id":2641,"date":"2019-11-20T16:43:41","date_gmt":"2019-11-20T15:43:41","guid":{"rendered":"https:\/\/www.umweltperspektiven.ch\/?p=2641"},"modified":"2022-02-09T11:10:50","modified_gmt":"2022-02-09T10:10:50","slug":"umnutzung-von-gletscher-in-stauseen","status":"publish","type":"post","link":"https:\/\/www.organisator.ch\/de\/sustainability\/2019-11-20\/umnutzung-von-gletscher-in-stauseen\/","title":{"rendered":"Umnutzung von Gletscher in Stauseen"},"content":{"rendered":"<div class=\"news-teaser font-weight-bold\">\n<p>&nbsp;<\/p>\n<figure id=\"attachment_2642\" aria-describedby=\"caption-attachment-2642\" style=\"width: 450px\" class=\"wp-caption alignnone\"><img loading=\"lazy\" decoding=\"async\" class=\"size-full wp-image-2642\" src=\"\/\/www.umweltperspektiven.ch\/wp-content\/uploads\/2019\/11\/Griessee_und_B\u00e4ttelmatthorn_im_Kanton_Wallis_in_der_Schweiz.jpg\" alt=\"\" width=\"450\" height=\"338\" \/><figcaption id=\"caption-attachment-2642\" class=\"wp-caption-text\">Der Griessee ist einer der h\u00f6chstgelegenen Speicherseen der Schweiz und befindet sich im Kanton Wallis. (Bild: wikipedia)<\/figcaption><\/figure>\n<p class=\"bodytext\">Im Zuge des Klimawandels werde \u201edas Gros der Gletscher weltweit in den kommenden Jahrzehnten stark abschmelzen\u201c, informiert die Eidgen\u00f6ssische Technische Hochschule Z\u00fcrich (<a href=\"\/\/www.ethz.ch\/\" target=\"_blank\" rel=\"noopener\">ETH<\/a>)\u00a0 in einer\u00a0<a href=\"\/\/ethz.ch\/content\/main\/de\/news-und-veranstaltungen\/eth-news\/news\/2019\/11\/gletscherbecken-wasserspeicher.html\" target=\"_blank\" rel=\"noopener\">Mitteilung<\/a>.<\/p>\n<p class=\"bodytext\">Weil Fl\u00fcsse in den Sommermonaten dann deutlich weniger Wasser f\u00fchren werden, diskutieren Wissenschaftler \u00fcber M\u00f6glichkeiten, die Speicherfunktion des Gletschereises durch Stauseen zu ersetzen. In diesem Zusammenhang hat eine Gruppe von Glaziologen der ETH in Zusammenarbeit mit Wissenschaftlern an der Forschungsanstalt f\u00fcr Wald, Schnee und Landschaft (<a href=\"\/\/www.wsl.ch\/de.html\" target=\"_blank\" rel=\"noopener\">WSL<\/a>) weltweit das Potenzial abschmelzender Gletscher f\u00fcr Wasserspeicher und Wasserkraft untersucht.<\/p>\n<\/div>\n<div class=\"news-content\">\n<p><strong>Realistische Speicher?\u00a0<\/strong><\/p>\n<p class=\"bodytext\">Die betrachteten rund 185.000 Gletscher weisen den Forschern zufolge ein theoretisches Gesamtpotenzial von 875 Kubikkilometern Wasser und ein Wasserkraftpotenzial von theoretisch maximal 1350 Terawattstunden pro Jahr auf.<\/p>\n<p class=\"bodytext\">\u201eDieses theoretische Gesamtpotenzial entspricht etwa einem Drittel der heutigen, weltweiten Wasserkraftproduktion\u201c, wird Daniel Farinotti, Professor f\u00fcr Glaziologie an der Versuchsanstalt f\u00fcr Wasserbau, Hydrologie und Glaziologie (<a href=\"\/\/vaw.ethz.ch\/\" target=\"_blank\" rel=\"noopener\">VAW<\/a>) der ETH Z\u00fcrich, in der Mitteilung zitiert. \u201eDoch nur ein Teil davon w\u00e4re in der Realit\u00e4t tats\u00e4chlich realisierbar.\u201c<\/p>\n<p class=\"bodytext\">Konkret sch\u00e4tzen die Forscher rund 40 Prozent des Gesamtpotenzials als m\u00f6glicherweise geeignet ein. Aber schon diese potenziell geeigneten Speichervolumen reichten aus, \u201eum etwa die H\u00e4lfte des j\u00e4hrlichen Abflusses aus den untersuchten Gletschereinzugsgebieten zur\u00fcckzuhalten\u201c, erl\u00e4utert Farinotti.<\/p>\n<p class=\"bodytext\">Daf\u00fcr sollten die Becken der abschmelzenden Gletscher mit Hilfe von Staumauern in Stauseen verwandelt werden. Insbesondere im Hochgebirge Asiens k\u00f6nnten solche Stauseen wichtige Beitr\u00e4ge zur Energieversorgung und bei der Wasserspeicherung leisten.<\/p>\n<\/div>\n","protected":false},"excerpt":{"rendered":"<p>&nbsp; Im Zuge des Klimawandels werde \u201edas Gros der Gletscher weltweit in den kommenden Jahrzehnten stark abschmelzen\u201c, informiert die Eidgen\u00f6ssische Technische Hochschule Z\u00fcrich (ETH)\u00a0 in einer\u00a0Mitteilung. Weil Fl\u00fcsse in den Sommermonaten dann deutlich weniger Wasser f\u00fchren werden, diskutieren Wissenschaftler \u00fcber M\u00f6glichkeiten, die Speicherfunktion des Gletschereises durch Stauseen zu ersetzen. In diesem Zusammenhang hat eine Gruppe [&hellip;]<\/p>\n","protected":false},"author":5,"featured_media":9659,"comment_status":"open","ping_status":"open","sticky":false,"template":"","format":"standard","meta":{"_acf_changed":false,"_yoast_wpseo_focuskw":"Gletscher","_yoast_wpseo_metadesc":"Im Zuge des Klimawandels werden die meisten Gletscher weltweit stark abschmelzen. Die Gletscher-Becken k\u00f6nnte man als Stauseen nutzen.","articlekey":"","footnotes":""},"categories":[580],"tags":[584,1298,424,2198,460],"class_list":["post-2641","post","type-post","status-publish","format-standard","has-post-thumbnail","hentry","category-sustainability","tag-energie","tag-gletscherschmelze","tag-schweiz","tag-stauseen","tag-studien"],"acf":[],"yoast_head":"<!-- This site is optimized with the Yoast SEO plugin v27.5 - https:\/\/yoast.com\/product\/yoast-seo-wordpress\/ -->\n<title>Umnutzung von Gletscher in Stauseen - Organisator<\/title>\n<meta name=\"description\" content=\"Im Zuge des Klimawandels werden die meisten Gletscher weltweit stark abschmelzen. Die Gletscher-Becken k\u00f6nnte man als Stauseen nutzen.\" \/>\n<meta name=\"robots\" content=\"index, follow, max-snippet:-1, max-image-preview:large, max-video-preview:-1\" \/>\n<link rel=\"canonical\" href=\"https:\/\/www.organisator.ch\/de\/sustainability\/2019-11-20\/umnutzung-von-gletscher-in-stauseen\/\" \/>\n<meta property=\"og:locale\" content=\"de_DE\" \/>\n<meta property=\"og:type\" content=\"article\" \/>\n<meta property=\"og:title\" content=\"Umnutzung von Gletscher in Stauseen - Organisator\" \/>\n<meta property=\"og:description\" content=\"Im Zuge des Klimawandels werden die meisten Gletscher weltweit stark abschmelzen. Die Gletscher-Becken k\u00f6nnte man als Stauseen nutzen.\" \/>\n<meta property=\"og:url\" content=\"https:\/\/www.organisator.ch\/de\/sustainability\/2019-11-20\/umnutzung-von-gletscher-in-stauseen\/\" \/>\n<meta property=\"og:site_name\" content=\"Organisator\" \/>\n<meta property=\"article:publisher\" content=\"https:\/\/www.facebook.com\/OrganisatorFachmagazin\" \/>\n<meta property=\"article:published_time\" content=\"2019-11-20T15:43:41+00:00\" \/>\n<meta property=\"article:modified_time\" content=\"2022-02-09T10:10:50+00:00\" \/>\n<meta property=\"og:image\" content=\"https:\/\/www.organisator.ch\/wp-content\/uploads\/2019\/11\/Griessee_und_Baettelmatthorn_im_Kanton_Wallis_in_der_Schweiz.jpg\" \/>\n\t<meta property=\"og:image:width\" content=\"450\" \/>\n\t<meta property=\"og:image:height\" content=\"338\" \/>\n\t<meta property=\"og:image:type\" content=\"image\/jpeg\" \/>\n<meta name=\"author\" content=\"michael.merz\" \/>\n<meta name=\"twitter:card\" content=\"summary_large_image\" \/>\n<script type=\"application\/ld+json\" class=\"yoast-schema-graph\">{\"@context\":\"https:\\\/\\\/schema.org\",\"@graph\":[{\"@type\":\"Article\",\"@id\":\"https:\\\/\\\/www.organisator.ch\\\/sustainability\\\/2019-11-20\\\/umnutzung-von-gletscher-in-stauseen\\\/#article\",\"isPartOf\":{\"@id\":\"https:\\\/\\\/www.organisator.ch\\\/sustainability\\\/2019-11-20\\\/umnutzung-von-gletscher-in-stauseen\\\/\"},\"author\":{\"name\":\"michael.merz\",\"@id\":\"https:\\\/\\\/www.organisator.ch\\\/#\\\/schema\\\/person\\\/134708ca9321c57b0362cceb7948ffbd\"},\"headline\":\"Umnutzung von Gletscher in Stauseen\",\"datePublished\":\"2019-11-20T15:43:41+00:00\",\"dateModified\":\"2022-02-09T10:10:50+00:00\",\"mainEntityOfPage\":{\"@id\":\"https:\\\/\\\/www.organisator.ch\\\/sustainability\\\/2019-11-20\\\/umnutzung-von-gletscher-in-stauseen\\\/\"},\"wordCount\":270,\"commentCount\":0,\"publisher\":{\"@id\":\"https:\\\/\\\/www.organisator.ch\\\/#organization\"},\"image\":{\"@id\":\"https:\\\/\\\/www.organisator.ch\\\/sustainability\\\/2019-11-20\\\/umnutzung-von-gletscher-in-stauseen\\\/#primaryimage\"},\"thumbnailUrl\":\"https:\\\/\\\/www.organisator.ch\\\/wp-content\\\/uploads\\\/2019\\\/11\\\/Griessee_und_Baettelmatthorn_im_Kanton_Wallis_in_der_Schweiz.jpg\",\"keywords\":[\"ENERGIE\",\"Gletscherschmelze\",\"Schweiz\",\"Stauseen\",\"Studien\"],\"articleSection\":[\"SUSTAINABILITY\"],\"inLanguage\":\"de\"},{\"@type\":\"WebPage\",\"@id\":\"https:\\\/\\\/www.organisator.ch\\\/sustainability\\\/2019-11-20\\\/umnutzung-von-gletscher-in-stauseen\\\/\",\"url\":\"https:\\\/\\\/www.organisator.ch\\\/sustainability\\\/2019-11-20\\\/umnutzung-von-gletscher-in-stauseen\\\/\",\"name\":\"Umnutzung von Gletscher in Stauseen - Organisator\",\"isPartOf\":{\"@id\":\"https:\\\/\\\/www.organisator.ch\\\/#website\"},\"primaryImageOfPage\":{\"@id\":\"https:\\\/\\\/www.organisator.ch\\\/sustainability\\\/2019-11-20\\\/umnutzung-von-gletscher-in-stauseen\\\/#primaryimage\"},\"image\":{\"@id\":\"https:\\\/\\\/www.organisator.ch\\\/sustainability\\\/2019-11-20\\\/umnutzung-von-gletscher-in-stauseen\\\/#primaryimage\"},\"thumbnailUrl\":\"https:\\\/\\\/www.organisator.ch\\\/wp-content\\\/uploads\\\/2019\\\/11\\\/Griessee_und_Baettelmatthorn_im_Kanton_Wallis_in_der_Schweiz.jpg\",\"datePublished\":\"2019-11-20T15:43:41+00:00\",\"dateModified\":\"2022-02-09T10:10:50+00:00\",\"description\":\"Im Zuge des Klimawandels werden die meisten Gletscher weltweit stark abschmelzen. Die Gletscher-Becken k\u00f6nnte man als Stauseen nutzen.\",\"breadcrumb\":{\"@id\":\"https:\\\/\\\/www.organisator.ch\\\/sustainability\\\/2019-11-20\\\/umnutzung-von-gletscher-in-stauseen\\\/#breadcrumb\"},\"inLanguage\":\"de\",\"potentialAction\":[{\"@type\":\"ReadAction\",\"target\":[\"https:\\\/\\\/www.organisator.ch\\\/sustainability\\\/2019-11-20\\\/umnutzung-von-gletscher-in-stauseen\\\/\"]}]},{\"@type\":\"ImageObject\",\"inLanguage\":\"de\",\"@id\":\"https:\\\/\\\/www.organisator.ch\\\/sustainability\\\/2019-11-20\\\/umnutzung-von-gletscher-in-stauseen\\\/#primaryimage\",\"url\":\"https:\\\/\\\/www.organisator.ch\\\/wp-content\\\/uploads\\\/2019\\\/11\\\/Griessee_und_Baettelmatthorn_im_Kanton_Wallis_in_der_Schweiz.jpg\",\"contentUrl\":\"https:\\\/\\\/www.organisator.ch\\\/wp-content\\\/uploads\\\/2019\\\/11\\\/Griessee_und_Baettelmatthorn_im_Kanton_Wallis_in_der_Schweiz.jpg\",\"width\":450,\"height\":338,\"caption\":\"Der Griessee ist einer der h\u00f6chstgelegenen Speicherseen der Schweiz und befindet sich im Kanton Wallis. (Bild: wikipedia)\"},{\"@type\":\"BreadcrumbList\",\"@id\":\"https:\\\/\\\/www.organisator.ch\\\/sustainability\\\/2019-11-20\\\/umnutzung-von-gletscher-in-stauseen\\\/#breadcrumb\",\"itemListElement\":[{\"@type\":\"ListItem\",\"position\":1,\"name\":\"Home\",\"item\":\"https:\\\/\\\/www.organisator.ch\\\/\"},{\"@type\":\"ListItem\",\"position\":2,\"name\":\"Umnutzung von Gletscher in Stauseen\"}]},{\"@type\":\"WebSite\",\"@id\":\"https:\\\/\\\/www.organisator.ch\\\/#website\",\"url\":\"https:\\\/\\\/www.organisator.ch\\\/\",\"name\":\"Organisator\",\"description\":\"Kompetent. Praxisnah. Der ORGANISATOR bereitet in 10 Ausgaben pro Jahr die wesentlichen Themen f\u00fcr F\u00fchrungskr\u00e4fte von KMU auf.\",\"publisher\":{\"@id\":\"https:\\\/\\\/www.organisator.ch\\\/#organization\"},\"potentialAction\":[{\"@type\":\"SearchAction\",\"target\":{\"@type\":\"EntryPoint\",\"urlTemplate\":\"https:\\\/\\\/www.organisator.ch\\\/?s={search_term_string}\"},\"query-input\":{\"@type\":\"PropertyValueSpecification\",\"valueRequired\":true,\"valueName\":\"search_term_string\"}}],\"inLanguage\":\"de\"},{\"@type\":\"Organization\",\"@id\":\"https:\\\/\\\/www.organisator.ch\\\/#organization\",\"name\":\"Organisator\",\"url\":\"https:\\\/\\\/www.organisator.ch\\\/\",\"logo\":{\"@type\":\"ImageObject\",\"inLanguage\":\"de\",\"@id\":\"https:\\\/\\\/www.organisator.ch\\\/#\\\/schema\\\/logo\\\/image\\\/\",\"url\":\"https:\\\/\\\/www.organisator.ch\\\/wp-content\\\/uploads\\\/2022\\\/01\\\/Logo_Organisator_Website.png\",\"contentUrl\":\"https:\\\/\\\/www.organisator.ch\\\/wp-content\\\/uploads\\\/2022\\\/01\\\/Logo_Organisator_Website.png\",\"width\":800,\"height\":77,\"caption\":\"Organisator\"},\"image\":{\"@id\":\"https:\\\/\\\/www.organisator.ch\\\/#\\\/schema\\\/logo\\\/image\\\/\"},\"sameAs\":[\"https:\\\/\\\/www.facebook.com\\\/OrganisatorFachmagazin\",\"https:\\\/\\\/www.linkedin.com\\\/showcase\\\/organisator-das-magazin-fr-kmu\",\"https:\\\/\\\/www.xing.com\\\/news\\\/pages\\\/organisator-ch-695\",\"https:\\\/\\\/www.youtube.com\\\/channel\\\/UCGP2Sq0iWaZwT3BdIAQFYpw\"]},{\"@type\":\"Person\",\"@id\":\"https:\\\/\\\/www.organisator.ch\\\/#\\\/schema\\\/person\\\/134708ca9321c57b0362cceb7948ffbd\",\"name\":\"michael.merz\",\"image\":{\"@type\":\"ImageObject\",\"inLanguage\":\"de\",\"@id\":\"https:\\\/\\\/secure.gravatar.com\\\/avatar\\\/?s=96&d=mm&r=g\",\"url\":\"https:\\\/\\\/secure.gravatar.com\\\/avatar\\\/?s=96&d=mm&r=g\",\"contentUrl\":\"https:\\\/\\\/secure.gravatar.com\\\/avatar\\\/?s=96&d=mm&r=g\",\"caption\":\"michael.merz\"},\"url\":\"https:\\\/\\\/www.organisator.ch\\\/de\\\/author\\\/michael-merz\\\/\"}]}<\/script>\n<!-- \/ Yoast SEO plugin. -->","yoast_head_json":{"title":"Umnutzung von Gletscher in Stauseen - Organisator","description":"Im Zuge des Klimawandels werden die meisten Gletscher weltweit stark abschmelzen. Die Gletscher-Becken k\u00f6nnte man als Stauseen nutzen.","robots":{"index":"index","follow":"follow","max-snippet":"max-snippet:-1","max-image-preview":"max-image-preview:large","max-video-preview":"max-video-preview:-1"},"canonical":"https:\/\/www.organisator.ch\/de\/sustainability\/2019-11-20\/umnutzung-von-gletscher-in-stauseen\/","og_locale":"de_DE","og_type":"article","og_title":"Umnutzung von Gletscher in Stauseen - Organisator","og_description":"Im Zuge des Klimawandels werden die meisten Gletscher weltweit stark abschmelzen. Die Gletscher-Becken k\u00f6nnte man als Stauseen nutzen.","og_url":"https:\/\/www.organisator.ch\/de\/sustainability\/2019-11-20\/umnutzung-von-gletscher-in-stauseen\/","og_site_name":"Organisator","article_publisher":"https:\/\/www.facebook.com\/OrganisatorFachmagazin","article_published_time":"2019-11-20T15:43:41+00:00","article_modified_time":"2022-02-09T10:10:50+00:00","og_image":[{"width":450,"height":338,"url":"https:\/\/www.organisator.ch\/wp-content\/uploads\/2019\/11\/Griessee_und_Baettelmatthorn_im_Kanton_Wallis_in_der_Schweiz.jpg","type":"image\/jpeg"}],"author":"michael.merz","twitter_card":"summary_large_image","schema":{"@context":"https:\/\/schema.org","@graph":[{"@type":"Article","@id":"https:\/\/www.organisator.ch\/sustainability\/2019-11-20\/umnutzung-von-gletscher-in-stauseen\/#article","isPartOf":{"@id":"https:\/\/www.organisator.ch\/sustainability\/2019-11-20\/umnutzung-von-gletscher-in-stauseen\/"},"author":{"name":"michael.merz","@id":"https:\/\/www.organisator.ch\/#\/schema\/person\/134708ca9321c57b0362cceb7948ffbd"},"headline":"Umnutzung von Gletscher in Stauseen","datePublished":"2019-11-20T15:43:41+00:00","dateModified":"2022-02-09T10:10:50+00:00","mainEntityOfPage":{"@id":"https:\/\/www.organisator.ch\/sustainability\/2019-11-20\/umnutzung-von-gletscher-in-stauseen\/"},"wordCount":270,"commentCount":0,"publisher":{"@id":"https:\/\/www.organisator.ch\/#organization"},"image":{"@id":"https:\/\/www.organisator.ch\/sustainability\/2019-11-20\/umnutzung-von-gletscher-in-stauseen\/#primaryimage"},"thumbnailUrl":"https:\/\/www.organisator.ch\/wp-content\/uploads\/2019\/11\/Griessee_und_Baettelmatthorn_im_Kanton_Wallis_in_der_Schweiz.jpg","keywords":["ENERGIE","Gletscherschmelze","Schweiz","Stauseen","Studien"],"articleSection":["SUSTAINABILITY"],"inLanguage":"de"},{"@type":"WebPage","@id":"https:\/\/www.organisator.ch\/sustainability\/2019-11-20\/umnutzung-von-gletscher-in-stauseen\/","url":"https:\/\/www.organisator.ch\/sustainability\/2019-11-20\/umnutzung-von-gletscher-in-stauseen\/","name":"Umnutzung von Gletscher in Stauseen - Organisator","isPartOf":{"@id":"https:\/\/www.organisator.ch\/#website"},"primaryImageOfPage":{"@id":"https:\/\/www.organisator.ch\/sustainability\/2019-11-20\/umnutzung-von-gletscher-in-stauseen\/#primaryimage"},"image":{"@id":"https:\/\/www.organisator.ch\/sustainability\/2019-11-20\/umnutzung-von-gletscher-in-stauseen\/#primaryimage"},"thumbnailUrl":"https:\/\/www.organisator.ch\/wp-content\/uploads\/2019\/11\/Griessee_und_Baettelmatthorn_im_Kanton_Wallis_in_der_Schweiz.jpg","datePublished":"2019-11-20T15:43:41+00:00","dateModified":"2022-02-09T10:10:50+00:00","description":"Im Zuge des Klimawandels werden die meisten Gletscher weltweit stark abschmelzen. Die Gletscher-Becken k\u00f6nnte man als Stauseen nutzen.","breadcrumb":{"@id":"https:\/\/www.organisator.ch\/sustainability\/2019-11-20\/umnutzung-von-gletscher-in-stauseen\/#breadcrumb"},"inLanguage":"de","potentialAction":[{"@type":"ReadAction","target":["https:\/\/www.organisator.ch\/sustainability\/2019-11-20\/umnutzung-von-gletscher-in-stauseen\/"]}]},{"@type":"ImageObject","inLanguage":"de","@id":"https:\/\/www.organisator.ch\/sustainability\/2019-11-20\/umnutzung-von-gletscher-in-stauseen\/#primaryimage","url":"https:\/\/www.organisator.ch\/wp-content\/uploads\/2019\/11\/Griessee_und_Baettelmatthorn_im_Kanton_Wallis_in_der_Schweiz.jpg","contentUrl":"https:\/\/www.organisator.ch\/wp-content\/uploads\/2019\/11\/Griessee_und_Baettelmatthorn_im_Kanton_Wallis_in_der_Schweiz.jpg","width":450,"height":338,"caption":"Der Griessee ist einer der h\u00f6chstgelegenen Speicherseen der Schweiz und befindet sich im Kanton Wallis. (Bild: wikipedia)"},{"@type":"BreadcrumbList","@id":"https:\/\/www.organisator.ch\/sustainability\/2019-11-20\/umnutzung-von-gletscher-in-stauseen\/#breadcrumb","itemListElement":[{"@type":"ListItem","position":1,"name":"Home","item":"https:\/\/www.organisator.ch\/"},{"@type":"ListItem","position":2,"name":"Umnutzung von Gletscher in Stauseen"}]},{"@type":"WebSite","@id":"https:\/\/www.organisator.ch\/#website","url":"https:\/\/www.organisator.ch\/","name":"Organisator","description":"Kompetent. Praxisnah. Der ORGANISATOR bereitet in 10 Ausgaben pro Jahr die wesentlichen Themen f\u00fcr F\u00fchrungskr\u00e4fte von KMU auf.","publisher":{"@id":"https:\/\/www.organisator.ch\/#organization"},"potentialAction":[{"@type":"SearchAction","target":{"@type":"EntryPoint","urlTemplate":"https:\/\/www.organisator.ch\/?s={search_term_string}"},"query-input":{"@type":"PropertyValueSpecification","valueRequired":true,"valueName":"search_term_string"}}],"inLanguage":"de"},{"@type":"Organization","@id":"https:\/\/www.organisator.ch\/#organization","name":"Organisator","url":"https:\/\/www.organisator.ch\/","logo":{"@type":"ImageObject","inLanguage":"de","@id":"https:\/\/www.organisator.ch\/#\/schema\/logo\/image\/","url":"https:\/\/www.organisator.ch\/wp-content\/uploads\/2022\/01\/Logo_Organisator_Website.png","contentUrl":"https:\/\/www.organisator.ch\/wp-content\/uploads\/2022\/01\/Logo_Organisator_Website.png","width":800,"height":77,"caption":"Organisator"},"image":{"@id":"https:\/\/www.organisator.ch\/#\/schema\/logo\/image\/"},"sameAs":["https:\/\/www.facebook.com\/OrganisatorFachmagazin","https:\/\/www.linkedin.com\/showcase\/organisator-das-magazin-fr-kmu","https:\/\/www.xing.com\/news\/pages\/organisator-ch-695","https:\/\/www.youtube.com\/channel\/UCGP2Sq0iWaZwT3BdIAQFYpw"]},{"@type":"Person","@id":"https:\/\/www.organisator.ch\/#\/schema\/person\/134708ca9321c57b0362cceb7948ffbd","name":"michael.merz","image":{"@type":"ImageObject","inLanguage":"de","@id":"https:\/\/secure.gravatar.com\/avatar\/?s=96&d=mm&r=g","url":"https:\/\/secure.gravatar.com\/avatar\/?s=96&d=mm&r=g","contentUrl":"https:\/\/secure.gravatar.com\/avatar\/?s=96&d=mm&r=g","caption":"michael.merz"},"url":"https:\/\/www.organisator.ch\/de\/author\/michael-merz\/"}]}},"_links":{"self":[{"href":"https:\/\/www.organisator.ch\/de\/wp-json\/wp\/v2\/posts\/2641","targetHints":{"allow":["GET"]}}],"collection":[{"href":"https:\/\/www.organisator.ch\/de\/wp-json\/wp\/v2\/posts"}],"about":[{"href":"https:\/\/www.organisator.ch\/de\/wp-json\/wp\/v2\/types\/post"}],"author":[{"embeddable":true,"href":"https:\/\/www.organisator.ch\/de\/wp-json\/wp\/v2\/users\/5"}],"replies":[{"embeddable":true,"href":"https:\/\/www.organisator.ch\/de\/wp-json\/wp\/v2\/comments?post=2641"}],"version-history":[{"count":1,"href":"https:\/\/www.organisator.ch\/de\/wp-json\/wp\/v2\/posts\/2641\/revisions"}],"predecessor-version":[{"id":11006,"href":"https:\/\/www.organisator.ch\/de\/wp-json\/wp\/v2\/posts\/2641\/revisions\/11006"}],"wp:featuredmedia":[{"embeddable":true,"href":"https:\/\/www.organisator.ch\/de\/wp-json\/wp\/v2\/media\/9659"}],"wp:attachment":[{"href":"https:\/\/www.organisator.ch\/de\/wp-json\/wp\/v2\/media?parent=2641"}],"wp:term":[{"taxonomy":"category","embeddable":true,"href":"https:\/\/www.organisator.ch\/de\/wp-json\/wp\/v2\/categories?post=2641"},{"taxonomy":"post_tag","embeddable":true,"href":"https:\/\/www.organisator.ch\/de\/wp-json\/wp\/v2\/tags?post=2641"}],"curies":[{"name":"wp","href":"https:\/\/api.w.org\/{rel}","templated":true}]}}